{"id":60541,"date":"2020-12-11T04:41:50","date_gmt":"2020-12-11T09:41:50","guid":{"rendered":"https:\/\/akunq.net\/tr\/?p=60541"},"modified":"2020-12-11T04:41:50","modified_gmt":"2020-12-11T09:41:50","slug":"irkcilik-demisken","status":"publish","type":"post","link":"https:\/\/akunq.net\/tr\/?p=60541","title":{"rendered":"Irk\u00e7\u0131l\u0131k demi\u015fken\u2026"},"content":{"rendered":"<p><img loading=\"lazy\" decoding=\"async\" class=\"aligncenter size-medium wp-image-60542\" src=\"https:\/\/akunq.net\/tr\/wp-content\/uploads\/2020\/12\/Yetvart-Danzikyan-360x197.jpg\" alt=\"\" width=\"360\" height=\"197\" srcset=\"https:\/\/akunq.net\/tr\/wp-content\/uploads\/sites\/6\/2020\/12\/Yetvart-Danzikyan-360x197.jpg 360w, https:\/\/akunq.net\/tr\/wp-content\/uploads\/sites\/6\/2020\/12\/Yetvart-Danzikyan-560x307.jpg 560w, https:\/\/akunq.net\/tr\/wp-content\/uploads\/sites\/6\/2020\/12\/Yetvart-Danzikyan-260x143.jpg 260w, https:\/\/akunq.net\/tr\/wp-content\/uploads\/sites\/6\/2020\/12\/Yetvart-Danzikyan-160x88.jpg 160w, https:\/\/akunq.net\/tr\/wp-content\/uploads\/sites\/6\/2020\/12\/Yetvart-Danzikyan.jpg 700w\" sizes=\"auto, (max-width: 360px) 100vw, 360px\" \/><\/p>\n<p><strong>Yetvart Danzikyan<\/strong><\/p>\n<p><strong>Daha birka\u00e7 y\u0131l \u00f6nce Amedspor y\u00f6neticileri ve futbolcular\u0131 s\u00f6ylemin de \u00f6tesinde fiziki \u015fiddete de u\u011fram\u0131\u015flard\u0131. Statlarda \u201cAya\u011fa kalkmayan Ermeni olsun\u201d tezah\u00fcratlar\u0131 duymak gayet ola\u011fanla\u015ft\u0131. \u0130\u015f ciddiye binince Afrikal\u0131-siyah futbolcular pek\u00e2l\u00e2 bu \u0131rk\u00e7\u0131 s\u00f6ylemlerden pay\u0131n\u0131 al\u0131yor.<\/strong><\/p>\n<p>\u00c7ar\u015famba gecesi sosyal medya \u0131rk\u00e7\u0131l\u0131k kar\u015f\u0131t\u0131 mesajlarla doldu ta\u015ft\u0131. \u00d6yle olmas\u0131 \u00e7ok do\u011fal, \u00e7\u00fcnk\u00fc UEFA\u2019n\u0131n en \u00f6nemli organizasyonlar\u0131ndan \u015eampiyonlar Ligi\u2019nde T\u00fcrkiye\u2019yi temsil eden Ba\u015fak\u015fehir, Fransa\u2019da Paris Saint Germain (PSG) ile kar\u015f\u0131la\u015fmaktayd\u0131 ve ma\u00e7\u0131n hen\u00fcz ba\u015flar\u0131nda saha kenar\u0131nda g\u00f6rev yapan 4. hakem, Ba\u015fak\u015fehir Yard\u0131mc\u0131 Antren\u00f6r\u00fc Pierre Webo\u2019ya \u0131rk\u00e7\u0131 bir ifadede bulundu\u011fu i\u00e7in Ba\u015fak\u015fehir sahadan \u00e7ekilmi\u015fti.<\/p>\n<p>Ba\u015fak\u015fehir\u2019inki \u00e7ok do\u011fru bir hareket. Futbol sahalar\u0131nda \u00f6zellikle Afrikal\u0131 ya da siyah futbolculara y\u00f6nelik \u0131rk\u00e7\u0131 s\u00f6ylemler, tezah\u00fcratlar, futbol d\u00fcnyas\u0131n\u0131n \u00e7ok \u00f6nemli bir sorunu. UEFA da zaten s\u0131k s\u0131k kampanyalar d\u00fczenliyor \u2018No to Racism\u2019 ba\u015fl\u0131kl\u0131 tan\u0131t\u0131m videolar\u0131 ve mesajlar yay\u0131nl\u0131yor, statlarda b\u00f6ylesi mesajlar veren sloganlar\u0131n kameralar\u0131n g\u00f6rebilece\u011fi a\u00e7\u0131larda yer almas\u0131na \u00f6zellikle dikkat ediliyor.<\/p>\n<p>Ancak buna ra\u011fmen bir\u00e7ok siyahi futbolcu eski y\u0131llardaki kadar olmasa da h\u00e2l\u00e2 \u0131rk\u00e7\u0131 s\u00f6ylemlere maruz kal\u0131yor. Bu s\u00f6ylemlerin ma\u011fduru olan futbolcular ise art\u0131k daha sert tepkiler g\u00f6steriyor ve i\u015f boykota kadar gidiyor. \u0130yi de oluyor.<\/p>\n<p>Bu son vaka \u015f\u00f6yle geli\u015fmi\u015f: 4. Hakem, Ba\u015fak\u015fehir kul\u00fcbesinde yer alan Pierre Webo\u2019nun itirazlar\u0131ndan \u00f6t\u00fcr\u00fc k\u0131rm\u0131z\u0131 kart g\u00f6rmesi gerekti\u011fine h\u00fckmedip, orta hakemi kenara \u00e7a\u011f\u0131r\u0131yor. Orta hakem kime kart g\u00f6sterece\u011fini sorunca da \u201cNigger\u2019a\u201d (Zenci olana) diyor. \u2018Nigger\u2019 kelimesi, \u00e7ok uzun s\u00fcredir, siyahlar i\u00e7in hakaret niteli\u011fi ta\u015f\u0131yan bir tan\u0131mlama. Bizdeki \u2018g\u00e2vur\u2019 gibi d\u00fc\u015f\u00fcn\u00fcn. Webo ve Ba\u015fak\u015fehir kul\u00fcbesi bu kelimeyi, \u00fcstelik bir hakemin a\u011fz\u0131ndan duyunca, sahadan \u00e7ekilmeye karar veriyor. PSG de bu karara e\u015flik ediyor. Zira Frans\u0131z ekibindeki Afrika k\u00f6kenli ya da siyah futbolcular da bu muameleden y\u0131llard\u0131r \u00e7ekmi\u015f.<\/p>\n<p>Sal\u0131 gecesi itibar\u0131yla bu haber son dakika geli\u015fmesi olarak televizyonlardan duyulunca \u00fclkede hakl\u0131 bir tepki olu\u015ftu. Olu\u015ftu olu\u015fmas\u0131na ama y\u0131llard\u0131r \u201cBizde \u0131rk\u00e7\u0131l\u0131k yoktur\u201d deyip duran siyasiler de bu kervana kat\u0131l\u0131nca biraz tuhaf bir durum olu\u015ftu. Zira MHP\u2019sinden, daha iki hafta \u00f6nce \u0131rk\u00e7\u0131 s\u00f6ylemlerde bulunan spor yorumcular\u0131na kadar, hayli geni\u015f bir tepki zinciri vard\u0131.<\/p>\n<p>Tamam, tepki g\u00f6stermek do\u011fal da, bizim memleketin sicili bu konuda hi\u00e7 de parlak de\u011fil. Daha birka\u00e7 y\u0131l \u00f6nce Amedspor y\u00f6neticileri ve futbolcular\u0131 s\u00f6ylemin de \u00f6tesinde fiziki \u015fiddete de u\u011fram\u0131\u015flard\u0131. Statlarda \u201cAya\u011fa kalkmayan Ermeni olsun\u201d tezah\u00fcratlar\u0131 duymak gayet ola\u011fanla\u015ft\u0131. \u0130\u015f ciddiye binince Afrikal\u0131-siyah futbolcular pek\u00e2l\u00e2 bu \u0131rk\u00e7\u0131 s\u00f6ylemlerden pay\u0131n\u0131 al\u0131yor. Futbolcu Emre Bel\u00f6zo\u011flu\u2019nun b\u00f6yle bir icraat\u0131 h\u00e2l\u00e2 ak\u0131llarda. Y\u00f6neticilerin de yak\u0131n zamana kadar a\u011f\u0131zlar\u0131n\u0131 tutamad\u0131klar\u0131n\u0131 biliyoruz. Diyarbak\u0131r\u2019dan Bat\u0131\u2019ya deplasmana giden tak\u0131mlar s\u0131k s\u0131k \u201cPKK d\u0131\u015far\u0131\u201d tezah\u00fcratlar\u0131yla kar\u015f\u0131lanm\u0131yor mu?<\/p>\n<p>Bunlar futbol sahas\u0131nda olanlar. \u0130\u015fin bir de siyasi boyutu var. Avrupa\u2019da olup bitenlere tepki g\u00f6steren siyaset\u00e7ilerimiz, bunu genel olarak \u201cBizde \u0131rk\u00e7\u0131l\u0131k olmaz\u201d arg\u00fcman\u0131na dayand\u0131r\u0131p daha da bir \u00fcst perdeden tepki g\u00f6stermeyi severler. \u201cAvrupa bize laf edece\u011fine kendine baks\u0131n\u201d demeyi de pek severler.<\/p>\n<p>Gelin g\u00f6r\u00fcn ki, Sal\u0131 gecesi Cumhurba\u015fkan\u0131 Erdo\u011fan\u2019\u0131n Ba\u015fak\u015fehir olay\u0131na verdi\u011fi tepkiyi g\u00f6rd\u00fc\u011f\u00fcmde, akl\u0131ma ister istemez, daha birka\u00e7 ay \u00f6nce s\u00f6yledi\u011fi \u201ck\u0131l\u0131\u00e7 art\u0131klar\u0131\u201d laf\u0131 geldi. Dahas\u0131, birka\u00e7 g\u00fcn \u00f6nce s\u00f6yledi\u011fi \u201cKaraba\u011f semalar\u0131nda art\u0131k pa\u00e7avralar de\u011fil, hilal ve y\u0131ld\u0131z dalgalanacak\u201d s\u00f6z\u00fc geldi. Gezi direni\u015fini karalamaya \u00e7al\u0131\u015f\u0131rken durup durup laf\u0131 Soros\u2019un Yahudi olmas\u0131na getirmesi geldi. MHP\u2019nin tepkisini g\u00f6r\u00fcrken akl\u0131ma ister istemez Devlet Bah\u00e7eli\u2019nin B\u00fclent Ar\u0131n\u00e7\u2019a laf atarken i\u015fin i\u00e7ine Ar\u0131n\u00e7 ailesinin soyunu katmas\u0131 geldi. Bu \u00f6rnekler \u00f6ylesine bol ki.<\/p>\n<p>T\u00fcrkiye\u2019de siyahlara, diyelim ki ABD\u2019de oldu\u011fu d\u00fczeyde bir \u0131rk\u00e7\u0131l\u0131k yap\u0131lmamas\u0131 bu \u00fclkede \u0131rk\u00e7\u0131l\u0131k olmad\u0131\u011f\u0131 anlam\u0131na gelmiyor. Var, epey var. Suriyeliler konusunda bol bol var. Araplara y\u00f6nelik \u0131rk\u00e7\u0131l\u0131k bol bol var.<\/p>\n<p>Milliyet\u00e7ilik, ayr\u0131mc\u0131l\u0131k, \u00f6tekile\u015ftirme bu \u00fclkede o kadar yayg\u0131n ki, art\u0131k ne yaz\u0131k ki normalle\u015fmi\u015f. Evet, siyahlara y\u00f6nelik \u0131rk\u00e7\u0131l\u0131k ABD ve Bat\u0131\u2019daki kadar yayg\u0131n de\u011fil demi\u015ftik. Ama onu da ancak siyahlar g\u00fcnl\u00fck ve kamusal hayatta, b\u00fcrokraside, Bat\u0131\u2019daki kadar etkin ve kalabal\u0131k olduklar\u0131nda anlayaca\u011f\u0131z asl\u0131nda. Bu i\u015fler biraz da b\u00f6yle \u00f6l\u00e7\u00fcl\u00fcyor.<\/p>\n<hr \/>\n<p><em><strong><a href=\"http:\/\/www.agos.com.tr\/tr\/yazi\/25019\/irkcilik-demisken\" target=\"_blank\" rel=\"noopener noreferrer\">Agos<\/a><\/strong><\/em><\/p>\n","protected":false},"excerpt":{"rendered":"<p>Yetvart Danzikyan Daha birka\u00e7 y\u0131l \u00f6nce Amedspor y\u00f6neticileri ve futbolcular\u0131 s\u00f6ylemin de \u00f6tesinde fiziki \u015fiddete de u\u011fram\u0131\u015flard\u0131. Statlarda \u201cAya\u011fa kalkmayan Ermeni olsun\u201d tezah\u00fcratlar\u0131 duymak gayet ola\u011fanla\u015ft\u0131. \u0130\u015f ciddiye binince Afrikal\u0131-siyah futbolcular pek\u00e2l\u00e2 bu \u0131rk\u00e7\u0131 s\u00f6ylemlerden pay\u0131n\u0131 al\u0131yor. \u00c7ar\u015famba gecesi sosyal medya \u0131rk\u00e7\u0131l\u0131k kar\u015f\u0131t\u0131 mesajlarla doldu ta\u015ft\u0131. \u00d6yle olmas\u0131 \u00e7ok do\u011fal, \u00e7\u00fcnk\u00fc UEFA\u2019n\u0131n en \u00f6nemli organizasyonlar\u0131ndan [&hellip;]<\/p>\n","protected":false},"author":7,"featured_media":60542,"comment_status":"open","ping_status":"open","sticky":false,"template":"","format":"standard","meta":{"footnotes":""},"categories":[1,70],"tags":[],"class_list":["post-60541","post","type-post","status-publish","format-standard","has-post-thumbnail","hentry","category-haberler","category-makaleler"],"yoast_head":"<!-- This site is optimized with the Yoast SEO plugin v27.4 - https:\/\/yoast.com\/product\/yoast-seo-wordpress\/ -->\n<title>Irk\u00e7\u0131l\u0131k demi\u015fken\u2026 - Bati Ermenistan Ve Bati Ermenileri Sorunlari Ara\u015ftirmalar Merkezi<\/title>\n<meta name=\"robots\" content=\"index, follow, max-snippet:-1, max-image-preview:large, max-video-preview:-1\" \/>\n<link rel=\"canonical\" href=\"https:\/\/akunq.net\/tr\/?p=60541\" \/>\n<meta property=\"og:locale\" content=\"en_US\" \/>\n<meta property=\"og:type\" content=\"article\" \/>\n<meta property=\"og:title\" content=\"Irk\u00e7\u0131l\u0131k demi\u015fken\u2026 - Bati Ermenistan Ve Bati Ermenileri Sorunlari Ara\u015ftirmalar Merkezi\" \/>\n<meta property=\"og:description\" content=\"Yetvart Danzikyan Daha birka\u00e7 y\u0131l \u00f6nce Amedspor y\u00f6neticileri ve futbolcular\u0131 s\u00f6ylemin de \u00f6tesinde fiziki \u015fiddete de u\u011fram\u0131\u015flard\u0131. Statlarda \u201cAya\u011fa kalkmayan Ermeni olsun\u201d tezah\u00fcratlar\u0131 duymak gayet ola\u011fanla\u015ft\u0131. \u0130\u015f ciddiye binince Afrikal\u0131-siyah futbolcular pek\u00e2l\u00e2 bu \u0131rk\u00e7\u0131 s\u00f6ylemlerden pay\u0131n\u0131 al\u0131yor. \u00c7ar\u015famba gecesi sosyal medya \u0131rk\u00e7\u0131l\u0131k kar\u015f\u0131t\u0131 mesajlarla doldu ta\u015ft\u0131. \u00d6yle olmas\u0131 \u00e7ok do\u011fal, \u00e7\u00fcnk\u00fc UEFA\u2019n\u0131n en \u00f6nemli organizasyonlar\u0131ndan [&hellip;]\" \/>\n<meta property=\"og:url\" content=\"https:\/\/akunq.net\/tr\/?p=60541\" \/>\n<meta property=\"og:site_name\" content=\"Bati Ermenistan Ve Bati Ermenileri Sorunlari Ara\u015ftirmalar Merkezi\" \/>\n<meta property=\"article:published_time\" content=\"2020-12-11T09:41:50+00:00\" \/>\n<meta property=\"og:image\" content=\"https:\/\/akunq.net\/tr\/wp-content\/uploads\/sites\/6\/2020\/12\/Yetvart-Danzikyan.jpg\" \/>\n\t<meta property=\"og:image:width\" content=\"700\" \/>\n\t<meta property=\"og:image:height\" content=\"384\" \/>\n\t<meta property=\"og:image:type\" content=\"image\/jpeg\" \/>\n<meta name=\"author\" content=\"admin\" \/>\n<meta name=\"twitter:card\" content=\"summary_large_image\" \/>\n<meta name=\"twitter:label1\" content=\"Written by\" \/>\n\t<meta name=\"twitter:data1\" content=\"admin\" \/>\n\t<meta name=\"twitter:label2\" content=\"Est. reading time\" \/>\n\t<meta name=\"twitter:data2\" content=\"4 minutes\" \/>\n<script type=\"application\/ld+json\" class=\"yoast-schema-graph\">{\"@context\":\"https:\\\/\\\/schema.org\",\"@graph\":[{\"@type\":\"Article\",\"@id\":\"https:\\\/\\\/akunq.net\\\/tr\\\/?p=60541#article\",\"isPartOf\":{\"@id\":\"https:\\\/\\\/akunq.net\\\/tr\\\/?p=60541\"},\"author\":{\"name\":\"admin\",\"@id\":\"https:\\\/\\\/akunq.net\\\/tr\\\/#\\\/schema\\\/person\\\/096f1d38a12cce57fb855b485ed24c9e\"},\"headline\":\"Irk\u00e7\u0131l\u0131k demi\u015fken\u2026\",\"datePublished\":\"2020-12-11T09:41:50+00:00\",\"mainEntityOfPage\":{\"@id\":\"https:\\\/\\\/akunq.net\\\/tr\\\/?p=60541\"},\"wordCount\":865,\"commentCount\":0,\"image\":{\"@id\":\"https:\\\/\\\/akunq.net\\\/tr\\\/?p=60541#primaryimage\"},\"thumbnailUrl\":\"https:\\\/\\\/akunq.net\\\/tr\\\/wp-content\\\/uploads\\\/sites\\\/6\\\/2020\\\/12\\\/Yetvart-Danzikyan.jpg\",\"articleSection\":[\"Haberler\",\"Makaleler\"],\"inLanguage\":\"en-US\",\"potentialAction\":[{\"@type\":\"CommentAction\",\"name\":\"Comment\",\"target\":[\"https:\\\/\\\/akunq.net\\\/tr\\\/?p=60541#respond\"]}]},{\"@type\":\"WebPage\",\"@id\":\"https:\\\/\\\/akunq.net\\\/tr\\\/?p=60541\",\"url\":\"https:\\\/\\\/akunq.net\\\/tr\\\/?p=60541\",\"name\":\"Irk\u00e7\u0131l\u0131k demi\u015fken\u2026 - Bati Ermenistan Ve Bati Ermenileri Sorunlari Ara\u015ftirmalar Merkezi\",\"isPartOf\":{\"@id\":\"https:\\\/\\\/akunq.net\\\/tr\\\/#website\"},\"primaryImageOfPage\":{\"@id\":\"https:\\\/\\\/akunq.net\\\/tr\\\/?p=60541#primaryimage\"},\"image\":{\"@id\":\"https:\\\/\\\/akunq.net\\\/tr\\\/?p=60541#primaryimage\"},\"thumbnailUrl\":\"https:\\\/\\\/akunq.net\\\/tr\\\/wp-content\\\/uploads\\\/sites\\\/6\\\/2020\\\/12\\\/Yetvart-Danzikyan.jpg\",\"datePublished\":\"2020-12-11T09:41:50+00:00\",\"author\":{\"@id\":\"https:\\\/\\\/akunq.net\\\/tr\\\/#\\\/schema\\\/person\\\/096f1d38a12cce57fb855b485ed24c9e\"},\"breadcrumb\":{\"@id\":\"https:\\\/\\\/akunq.net\\\/tr\\\/?p=60541#breadcrumb\"},\"inLanguage\":\"en-US\",\"potentialAction\":[{\"@type\":\"ReadAction\",\"target\":[\"https:\\\/\\\/akunq.net\\\/tr\\\/?p=60541\"]}]},{\"@type\":\"ImageObject\",\"inLanguage\":\"en-US\",\"@id\":\"https:\\\/\\\/akunq.net\\\/tr\\\/?p=60541#primaryimage\",\"url\":\"https:\\\/\\\/akunq.net\\\/tr\\\/wp-content\\\/uploads\\\/sites\\\/6\\\/2020\\\/12\\\/Yetvart-Danzikyan.jpg\",\"contentUrl\":\"https:\\\/\\\/akunq.net\\\/tr\\\/wp-content\\\/uploads\\\/sites\\\/6\\\/2020\\\/12\\\/Yetvart-Danzikyan.jpg\",\"width\":700,\"height\":384},{\"@type\":\"BreadcrumbList\",\"@id\":\"https:\\\/\\\/akunq.net\\\/tr\\\/?p=60541#breadcrumb\",\"itemListElement\":[{\"@type\":\"ListItem\",\"position\":1,\"name\":\"Home\",\"item\":\"https:\\\/\\\/akunq.net\\\/tr\"},{\"@type\":\"ListItem\",\"position\":2,\"name\":\"Irk\u00e7\u0131l\u0131k demi\u015fken\u2026\"}]},{\"@type\":\"WebSite\",\"@id\":\"https:\\\/\\\/akunq.net\\\/tr\\\/#website\",\"url\":\"https:\\\/\\\/akunq.net\\\/tr\\\/\",\"name\":\"Bati Ermenistan Ve Bati Ermenileri Sorunlari Ara\u015ftirmalar Merkezi\",\"description\":\"\",\"potentialAction\":[{\"@type\":\"SearchAction\",\"target\":{\"@type\":\"EntryPoint\",\"urlTemplate\":\"https:\\\/\\\/akunq.net\\\/tr\\\/?s={search_term_string}\"},\"query-input\":{\"@type\":\"PropertyValueSpecification\",\"valueRequired\":true,\"valueName\":\"search_term_string\"}}],\"inLanguage\":\"en-US\"},{\"@type\":\"Person\",\"@id\":\"https:\\\/\\\/akunq.net\\\/tr\\\/#\\\/schema\\\/person\\\/096f1d38a12cce57fb855b485ed24c9e\",\"name\":\"admin\",\"url\":\"https:\\\/\\\/akunq.net\\\/tr\\\/?author=7\"}]}<\/script>\n<!-- \/ Yoast SEO plugin. -->","yoast_head_json":{"title":"Irk\u00e7\u0131l\u0131k demi\u015fken\u2026 - Bati Ermenistan Ve Bati Ermenileri Sorunlari Ara\u015ftirmalar Merkezi","robots":{"index":"index","follow":"follow","max-snippet":"max-snippet:-1","max-image-preview":"max-image-preview:large","max-video-preview":"max-video-preview:-1"},"canonical":"https:\/\/akunq.net\/tr\/?p=60541","og_locale":"en_US","og_type":"article","og_title":"Irk\u00e7\u0131l\u0131k demi\u015fken\u2026 - Bati Ermenistan Ve Bati Ermenileri Sorunlari Ara\u015ftirmalar Merkezi","og_description":"Yetvart Danzikyan Daha birka\u00e7 y\u0131l \u00f6nce Amedspor y\u00f6neticileri ve futbolcular\u0131 s\u00f6ylemin de \u00f6tesinde fiziki \u015fiddete de u\u011fram\u0131\u015flard\u0131. Statlarda \u201cAya\u011fa kalkmayan Ermeni olsun\u201d tezah\u00fcratlar\u0131 duymak gayet ola\u011fanla\u015ft\u0131. \u0130\u015f ciddiye binince Afrikal\u0131-siyah futbolcular pek\u00e2l\u00e2 bu \u0131rk\u00e7\u0131 s\u00f6ylemlerden pay\u0131n\u0131 al\u0131yor. \u00c7ar\u015famba gecesi sosyal medya \u0131rk\u00e7\u0131l\u0131k kar\u015f\u0131t\u0131 mesajlarla doldu ta\u015ft\u0131. \u00d6yle olmas\u0131 \u00e7ok do\u011fal, \u00e7\u00fcnk\u00fc UEFA\u2019n\u0131n en \u00f6nemli organizasyonlar\u0131ndan [&hellip;]","og_url":"https:\/\/akunq.net\/tr\/?p=60541","og_site_name":"Bati Ermenistan Ve Bati Ermenileri Sorunlari Ara\u015ftirmalar Merkezi","article_published_time":"2020-12-11T09:41:50+00:00","og_image":[{"width":700,"height":384,"url":"https:\/\/akunq.net\/tr\/wp-content\/uploads\/sites\/6\/2020\/12\/Yetvart-Danzikyan.jpg","type":"image\/jpeg"}],"author":"admin","twitter_card":"summary_large_image","twitter_misc":{"Written by":"admin","Est. reading time":"4 minutes"},"schema":{"@context":"https:\/\/schema.org","@graph":[{"@type":"Article","@id":"https:\/\/akunq.net\/tr\/?p=60541#article","isPartOf":{"@id":"https:\/\/akunq.net\/tr\/?p=60541"},"author":{"name":"admin","@id":"https:\/\/akunq.net\/tr\/#\/schema\/person\/096f1d38a12cce57fb855b485ed24c9e"},"headline":"Irk\u00e7\u0131l\u0131k demi\u015fken\u2026","datePublished":"2020-12-11T09:41:50+00:00","mainEntityOfPage":{"@id":"https:\/\/akunq.net\/tr\/?p=60541"},"wordCount":865,"commentCount":0,"image":{"@id":"https:\/\/akunq.net\/tr\/?p=60541#primaryimage"},"thumbnailUrl":"https:\/\/akunq.net\/tr\/wp-content\/uploads\/sites\/6\/2020\/12\/Yetvart-Danzikyan.jpg","articleSection":["Haberler","Makaleler"],"inLanguage":"en-US","potentialAction":[{"@type":"CommentAction","name":"Comment","target":["https:\/\/akunq.net\/tr\/?p=60541#respond"]}]},{"@type":"WebPage","@id":"https:\/\/akunq.net\/tr\/?p=60541","url":"https:\/\/akunq.net\/tr\/?p=60541","name":"Irk\u00e7\u0131l\u0131k demi\u015fken\u2026 - Bati Ermenistan Ve Bati Ermenileri Sorunlari Ara\u015ftirmalar Merkezi","isPartOf":{"@id":"https:\/\/akunq.net\/tr\/#website"},"primaryImageOfPage":{"@id":"https:\/\/akunq.net\/tr\/?p=60541#primaryimage"},"image":{"@id":"https:\/\/akunq.net\/tr\/?p=60541#primaryimage"},"thumbnailUrl":"https:\/\/akunq.net\/tr\/wp-content\/uploads\/sites\/6\/2020\/12\/Yetvart-Danzikyan.jpg","datePublished":"2020-12-11T09:41:50+00:00","author":{"@id":"https:\/\/akunq.net\/tr\/#\/schema\/person\/096f1d38a12cce57fb855b485ed24c9e"},"breadcrumb":{"@id":"https:\/\/akunq.net\/tr\/?p=60541#breadcrumb"},"inLanguage":"en-US","potentialAction":[{"@type":"ReadAction","target":["https:\/\/akunq.net\/tr\/?p=60541"]}]},{"@type":"ImageObject","inLanguage":"en-US","@id":"https:\/\/akunq.net\/tr\/?p=60541#primaryimage","url":"https:\/\/akunq.net\/tr\/wp-content\/uploads\/sites\/6\/2020\/12\/Yetvart-Danzikyan.jpg","contentUrl":"https:\/\/akunq.net\/tr\/wp-content\/uploads\/sites\/6\/2020\/12\/Yetvart-Danzikyan.jpg","width":700,"height":384},{"@type":"BreadcrumbList","@id":"https:\/\/akunq.net\/tr\/?p=60541#breadcrumb","itemListElement":[{"@type":"ListItem","position":1,"name":"Home","item":"https:\/\/akunq.net\/tr"},{"@type":"ListItem","position":2,"name":"Irk\u00e7\u0131l\u0131k demi\u015fken\u2026"}]},{"@type":"WebSite","@id":"https:\/\/akunq.net\/tr\/#website","url":"https:\/\/akunq.net\/tr\/","name":"Bati Ermenistan Ve Bati Ermenileri Sorunlari Ara\u015ftirmalar Merkezi","description":"","potentialAction":[{"@type":"SearchAction","target":{"@type":"EntryPoint","urlTemplate":"https:\/\/akunq.net\/tr\/?s={search_term_string}"},"query-input":{"@type":"PropertyValueSpecification","valueRequired":true,"valueName":"search_term_string"}}],"inLanguage":"en-US"},{"@type":"Person","@id":"https:\/\/akunq.net\/tr\/#\/schema\/person\/096f1d38a12cce57fb855b485ed24c9e","name":"admin","url":"https:\/\/akunq.net\/tr\/?author=7"}]}},"_links":{"self":[{"href":"https:\/\/akunq.net\/tr\/index.php?rest_route=\/wp\/v2\/posts\/60541","targetHints":{"allow":["GET"]}}],"collection":[{"href":"https:\/\/akunq.net\/tr\/index.php?rest_route=\/wp\/v2\/posts"}],"about":[{"href":"https:\/\/akunq.net\/tr\/index.php?rest_route=\/wp\/v2\/types\/post"}],"author":[{"embeddable":true,"href":"https:\/\/akunq.net\/tr\/index.php?rest_route=\/wp\/v2\/users\/7"}],"replies":[{"embeddable":true,"href":"https:\/\/akunq.net\/tr\/index.php?rest_route=%2Fwp%2Fv2%2Fcomments&post=60541"}],"version-history":[{"count":1,"href":"https:\/\/akunq.net\/tr\/index.php?rest_route=\/wp\/v2\/posts\/60541\/revisions"}],"predecessor-version":[{"id":60543,"href":"https:\/\/akunq.net\/tr\/index.php?rest_route=\/wp\/v2\/posts\/60541\/revisions\/60543"}],"wp:featuredmedia":[{"embeddable":true,"href":"https:\/\/akunq.net\/tr\/index.php?rest_route=\/wp\/v2\/media\/60542"}],"wp:attachment":[{"href":"https:\/\/akunq.net\/tr\/index.php?rest_route=%2Fwp%2Fv2%2Fmedia&parent=60541"}],"wp:term":[{"taxonomy":"category","embeddable":true,"href":"https:\/\/akunq.net\/tr\/index.php?rest_route=%2Fwp%2Fv2%2Fcategories&post=60541"},{"taxonomy":"post_tag","embeddable":true,"href":"https:\/\/akunq.net\/tr\/index.php?rest_route=%2Fwp%2Fv2%2Ftags&post=60541"}],"curies":[{"name":"wp","href":"https:\/\/api.w.org\/{rel}","templated":true}]}}