{"id":60535,"date":"2020-12-11T04:18:05","date_gmt":"2020-12-11T09:18:05","guid":{"rendered":"https:\/\/akunq.net\/tr\/?p=60535"},"modified":"2020-12-11T04:18:05","modified_gmt":"2020-12-11T09:18:05","slug":"cok-deyince-oluyor-mu","status":"publish","type":"post","link":"https:\/\/akunq.net\/tr\/?p=60535","title":{"rendered":"\u00c7ok deyince oluyor mu?"},"content":{"rendered":"<p><img loading=\"lazy\" decoding=\"async\" class=\"aligncenter size-medium wp-image-60536\" src=\"https:\/\/akunq.net\/tr\/wp-content\/uploads\/2020\/12\/Aris-Nalc\u0131-360x208.jpg\" alt=\"\" width=\"360\" height=\"208\" srcset=\"https:\/\/akunq.net\/tr\/wp-content\/uploads\/sites\/6\/2020\/12\/Aris-Nalc\u0131-360x208.jpg 360w, https:\/\/akunq.net\/tr\/wp-content\/uploads\/sites\/6\/2020\/12\/Aris-Nalc\u0131-768x444.jpg 768w, https:\/\/akunq.net\/tr\/wp-content\/uploads\/sites\/6\/2020\/12\/Aris-Nalc\u0131-560x324.jpg 560w, https:\/\/akunq.net\/tr\/wp-content\/uploads\/sites\/6\/2020\/12\/Aris-Nalc\u0131-260x150.jpg 260w, https:\/\/akunq.net\/tr\/wp-content\/uploads\/sites\/6\/2020\/12\/Aris-Nalc\u0131-160x93.jpg 160w, https:\/\/akunq.net\/tr\/wp-content\/uploads\/sites\/6\/2020\/12\/Aris-Nalc\u0131.jpg 800w\" sizes=\"auto, (max-width: 360px) 100vw, 360px\" \/><\/p>\n<p class=\"post-title\"><strong>Aris Nalc\u0131<\/strong><\/p>\n<p><em><strong>Bir y\u0131l \u00f6nce gen\u00e7lere \u2018Noel haramd\u0131r\u2019 diyen ard\u0131ndan da gen\u00e7lik \u00f6rg\u00fctlerinin sokaklarda Noel Baba\u2019ya s\u00fcnnet d\u00fc\u011f\u00fcnleri d\u00fczenledikleri \u00dclk\u00fc Ocaklar\u0131\u2019n\u0131n #NoToRacism demesi ne kadar anlaml\u0131.<\/strong><\/em><\/p>\n<p>T\u00fcrkiye\u2019de \u0131rk\u00e7\u0131l\u0131k yoktur!<\/p>\n<p>T\u00fcrkiye\u2019de ayr\u0131mc\u0131l\u0131\u011fa u\u011frayan Ermeni yoktur!<\/p>\n<p>T\u00fcrk-K\u00fcrt karde\u015ftir!<\/p>\n<p>\u0130nsan haklar\u0131 en \u00f6nemli ilkemizdir!<\/p>\n<p>Adaletimiz ba\u011f\u0131ms\u0131zd\u0131r!<\/p>\n<p>Akhtamar S\u00fcmerlerindir<\/p>\n<p>Ani Meml\u00fcklerindir!<\/p>\n<p>Aya Sofya camidir!<\/p>\n<p>Karaba\u011f Azerbaycan\u2019d\u0131r!<\/p>\n<p>Ve nihayetinde NoToRacism\u2026<\/p>\n<p>Eskilerin bir s\u00f6z\u00fc vard\u0131r: \u201c\u00c7ok deyince olur!\u201d<\/p>\n<p>Bir de di\u011fer versiyonu var: \u201cAptal aptal deme \u00e7ocu\u011fa aptal olur sonra!\u201d<\/p>\n<p>Bir s\u00fcredir al\u0131\u015f\u0131lagelmi\u015fin d\u0131\u015f\u0131nda a\u00e7\u0131klamalar duyuyoruz iktidardaki siyaset\u00e7ilerden. S\u00f6zlerinin bitti\u011fini bilen iktidarlar g\u00fcndem olmay\u0131 ba\u015faramad\u0131klar\u0131nda kendilerinden beklenmeyenleri s\u00f6yleyip yeniden g\u00fcndeme oturma \u00e7abas\u0131na girerler.<\/p>\n<p>Olan bu galiba.<\/p>\n<p>Perin\u00e7ek\u2019in Deniz Gezmi\u015f ve Mahir \u00c7ayan a\u00e7\u0131klamas\u0131 gibi.<\/p>\n<p>Ya da bir y\u0131l \u00f6nce gen\u00e7lere \u201cNoel haramd\u0131r\u201d diyen ard\u0131ndan da gen\u00e7lik \u00f6rg\u00fctlerinin sokaklarda Noel Baba\u2019ya s\u00fcnnet d\u00fc\u011f\u00fcnleri d\u00fczenledikleri \u00dclk\u00fc Ocaklar\u0131\u2019n\u0131n #NoToRacism demesi ne kadar anlaml\u0131.<\/p>\n<p>Hat\u0131rlatay\u0131m AB\u2019de \u00dclk\u00fc Ocaklar\u0131 art\u0131k su\u00e7 \u00f6rg\u00fct\u00fc olarak g\u00f6r\u00fclmeye ba\u015flanm\u0131\u015f, Fransa\u2019da yasaklanma karar\u0131 g\u00fcndemdeyken b\u00f6yle insan haklar\u0131 kurulu\u015flar\u0131n\u0131 cezbedici a\u00e7\u0131klamalarla \u2018yar\u0131m elma g\u00f6n\u00fcl alma\u2019 hareketleri bunlar.<\/p>\n<p>Yersen\u2026<\/p>\n<p>Marsilya\u2019y\u0131 versen<\/p>\n<p>Fransa demi\u015fken Marsilya\u2019dan da bahsetmeden ge\u00e7meyeyim. Cumhurba\u015fkan\u0131 ve \u0130lham Aliyev s\u0131k s\u0131k, \u201cFransa \u00e7ok istiyorsa keni topraklar\u0131ndan Marsilya\u2019y\u0131 Ermenilere versin\u201d diyor.<\/p>\n<p>Hakl\u0131lar asl\u0131nda. Ama ortada \u00e7ok istenecek bir durum yok.<\/p>\n<p>Marsilya 1915\u2019te Soyk\u0131r\u0131m\u2019dan kurtulan ailelerin deniz yoluyla Yunanistan\u2019dan sonra ilk yerle\u015ftikleri duraklardan biri.<\/p>\n<p>\u00d6nemli bir liman kenti olan Marsilya\u2019dan bu kadar korkulmas\u0131 ise \u015fehrin Avrupa\u2019n\u0131n Los Angeles\u2019\u0131 olmas\u0131. (Biz aram\u0131zda Los Armenos deriz)<\/p>\n<p>\u015eu anda Marsilya\u2019n\u0131n n\u00fcfusunun %10\u2019undan fazlas\u0131 Frans\u0131z Ermenilerden olu\u015fuyor.<\/p>\n<p>\u0130lk geldiklerinde tekstil ve ihracatla u\u011fra\u015fan Ermeniler Marsilya\u2019y\u0131 bug\u00fcnk\u00fc Marsilya yapanlar.<\/p>\n<p>\u015eehirdeki bir\u00e7ok belediyede ve y\u00f6netici kademelerinde varlar.<\/p>\n<p>Hatta bir belediyenin ba\u015fkan\u0131 da Ermeni.<\/p>\n<p>Bak\u0131n\u0131z Vakko dahil bir\u00e7oklar\u0131n\u0131n zaman\u0131nda yurtd\u0131\u015f\u0131ndan getirtti\u011fi \u00fcnl\u00fc Frans\u0131z e\u015farplar\u0131 da Parakian markal\u0131d\u0131r. O da Marsilyal\u0131 bir Ermenidir\u2026<\/p>\n<p>Frans\u0131z Ermeni y\u00f6netmen Henri Verneuil (1920, Rodosto do\u011fumlu, A\u015fot Malakyan)<\/p>\n<p>Me\u015fhur soyk\u0131r\u0131m filmi \u2018Mayrig\u2019i (Anne) ve \u2018Cennet Soka\u011f\u0131 588\u2019i yine Marsilya\u2019da Parakianlar\u0131n evinde \u00e7ekmi\u015ftir.<\/p>\n<p>Hrant Dink ad\u0131n\u0131n daha T\u00fcrkiye\u2019de sokaklara verilemedi\u011fi y\u0131llarda Hrant Dink Caddesi a\u00e7\u0131lm\u0131\u015ft\u0131r Marsilya\u2019da.<\/p>\n<p>Halen Ermeni okullar\u0131n\u0131n \u00f6n\u00fcnde Eyl\u00fcl ay\u0131nda kay\u0131t i\u00e7in kuyruklar olu\u015ftu\u011fu, k\u00fclt\u00fcrel ve siyasal etkinli\u011fin y\u00fcksek oldu\u011fu bir \u015fehirdir Marsilya.<\/p>\n<p>Kap\u0131lar\u0131n\u0131 kilitlemeden ya\u015fayabilirler Ermeniler.<\/p>\n<p>Ayn\u0131 k\u00f6ylerinde ya\u015fad\u0131klar\u0131 gibi.<\/p>\n<p>\u0130\u015fte bu y\u00fczden Fransa\u2019n\u0131n Marsilya\u2019y\u0131 Ermenilere vermesine gerek yok.<\/p>\n<p>Zira Marsilya zaten Ermenileri, T\u00fcrkleri, Fasl\u0131lar\u0131, S\u00fcryanileri, Tunuslular\u0131 ile Fransa olmakan mutludur.<\/p>\n<p>Ayr\u0131s\u0131 gayr\u0131s\u0131 yok yani.<\/p>\n<p>Ama siz e\u011fer her \u015feye al\u0131p-vermek ve al\u0131\u015fveri\u015f \u00fczerinden bakarsan\u0131z anlayamazs\u0131n\u0131z diaspora-n\u0131z\u0131.<\/p>\n<p>Kendinizden feragat edemedi\u011finiz \u015feyleri ba\u015fkalar\u0131n\u0131n da feragat edemeyece\u011fini zannedersiniz.<\/p>\n<p>Bir g\u00fcn umar\u0131m Marsilya\u2019ya gider \u00fcnl\u00fc Ermeni kahvelerinde T\u00fcrk kahvesi i\u00e7er, Ermeni kuruvasan\u0131 (!) yersiniz. O zaman anlars\u0131n\u0131z kaybettiklerinizin de\u011ferini belki\u2026<\/p>\n<p>\u2018Sen bir Ermeni\u2019den daha fazlas\u0131s\u0131n\u2019<\/p>\n<p>Azerbaycan-Ermenistan sava\u015f\u0131n\u0131n ard\u0131ndan 10 Aral\u0131k\u2019ta yap\u0131lan Azerbaycan\u2019daki Zafer Bayram\u0131\u2019na de\u011finmeden tamamlamayay\u0131m haftay\u0131.<\/p>\n<p>Ermeni askerlere Azeri askerler taraf\u0131ndan i\u015fkence edildi\u011fi y\u00fczlerce video payla\u015f\u0131ld\u0131 sosyal medyada. Bunlardan birinde Azeri asker mallar\u0131n\u0131n yar\u0131s\u0131 s\u0131n\u0131r\u0131n \u00f6te taraf\u0131nda kalan Ermeni amcaya diyor ki: \u201cSen bir Ermeni\u2019den \u00e7ok daha fazlas\u0131n bize. Sen bir d\u00fc\u015fmandan daha k\u00f6t\u00fcs\u00fcn. Sen Ermenisen!\u201d<\/p>\n<p>\u015eeytanla\u015ft\u0131rm\u0131\u015f yani.<\/p>\n<p>Hatta Tanr\u0131la\u015ft\u0131rm\u0131\u015f.<\/p>\n<p>Ha\u015fa\u2026<\/p>\n<p>Amca da boynu b\u00fck\u00fck bak\u0131yor askere\u2026<\/p>\n<p>Ne etsin. Ne eylesin de e\u015f\u015fe\u011fini als\u0131n.<\/p>\n<p>Ekilen d\u00fc\u015fmanl\u0131k tohumlar\u0131n\u0131n sonu yok\u2026<\/p>\n<p>Uluslararas\u0131 kurulu\u015flar ne yaz\u0131k ki bu konuda \u00f6nemli ad\u0131mlar atmakta yetersiz kal\u0131yor.<\/p>\n<p>Tam da bu d\u00f6nemde Uluslaras\u0131 Organize Su\u00e7lar ve Yolsuzluklar Raporlama Projesi (OCCRP) UNESCO eski genel direkt\u00f6r\u00fc Bulgar siyaset\u00e7i \u0130rina Bokova\u2019n\u0131n e\u015finin 2012-2014 y\u0131llar\u0131 aras\u0131nda Azerbaycan\u2019daki \u015firketlere 468 bin dolar de\u011ferinde dan\u0131\u015fmanl\u0131k hizmeti verdi\u011finin ortaya \u00e7\u0131kmas\u0131 ilgin\u00e7.<\/p>\n<p>O d\u00f6nem Azerbaycan kontrol\u00fcndeki Nah\u00e7\u0131van\u2019daki Ermeni mezarl\u0131klar\u0131n\u0131n kamyonlarla tahrip edilip foto\u011frafland\u0131\u011f\u0131 y\u0131llar.<\/p>\n<p>Hemen ard\u0131ndan UNESCO\u2019nun Paris merkezinde a\u00e7t\u0131\u011f\u0131 \u2018Azerbaycan, ho\u015fg\u00f6r\u00fcn\u00fcn topraklar\u0131\u2019 sergisinin de 5 milyon dolar ba\u011f\u0131\u015f kar\u015f\u0131l\u0131\u011f\u0131nda yap\u0131ld\u0131\u011f\u0131 anla\u015f\u0131l\u0131yor. UNESCO kendi internet sitesinde payla\u015f\u0131yor bilgiyi. (https:\/\/shar.es\/ao2tTC)<\/p>\n<p>Ara bilgi: Bokova bu raporun Radio Free Europe\u2019da (RFE\/RL) yay\u0131nland\u0131\u011f\u0131 g\u00fcn sosyal medya hesaplar\u0131n\u0131 kapatt\u0131. Bunu da not edelim.<\/p>\n<p>Enver ve Nuri Pa\u015fa\u2019y\u0131 anarken<\/p>\n<p>\u0130ki c\u00fcmle de 10 Aral\u0131k\u2019ta Bak\u00fc\u2019deki Zafer Bayram\u0131\u2019na dair.<\/p>\n<p>\u00c7ok \u015f\u00fck\u00fcr Azerbaycan muhalefetinin \u00f6nerdi\u011fi gibi Ermeni esirleri \u2018zafer\u2019 ge\u00e7idinde halk\u0131n kar\u015f\u0131s\u0131na sirk g\u00f6sterisi gibi \u00e7\u0131kar\u0131lmad\u0131. So\u011fuk ve donuk bir zafer ge\u00e7idi seyrettik asl\u0131nda.<\/p>\n<p>Aliyev bug\u00fcne kadar dediklerini \u00e7ok daha sakin bir \u015fekilde eli kolu hareketsiz tekrarlad\u0131. Bu ge\u00e7it t\u00f6reninde 1920\u2019de Bak\u00fc\u2019den \u00e7\u0131kan Osmanl\u0131 Kafkas \u0130slam Ordusu Askerleri sanki tekrar Bak\u00fc\u2019ye girmi\u015f gibi oldu.<\/p>\n<p>Aliyev\u2019in yaln\u0131zl\u0131\u011f\u0131 her karede yans\u0131d\u0131. \u00c7ocuksu bir galibiyet hissiyle Cumhurba\u015fkan\u0131 Erdo\u011fan\u2019a \u201cHaydi askere beraber selam verelim mi, ben bir iki \u00fc\u00e7 diyeyim sonra \u2018sa\u011fol\u2019 diyelim\u201d s\u00f6zleri kameralara yans\u0131d\u0131.<\/p>\n<p>Cumhurba\u015fkan\u0131 Erdo\u011fan\u2019\u0131n \u201c100 y\u0131l \u00f6nceki zaferimiz\u201d diye ba\u015flayan s\u00f6zleri, 1915 Ermeni soyk\u0131r\u0131m\u0131n\u0131 tan\u0131rcas\u0131na, zafer sarho\u015flu\u011fu ile kabullenircesine Enver ve Nuri Pa\u015fa\u2019y\u0131 anmas\u0131\u2026 Kafkas \u0130slam Ordusu\u2019nu Bak\u00fc\u2019ye geri soktu\u011funu nitelercesine konu\u015fmas\u0131 Azerbaycan\u2019\u0131n bu sava\u015ftan galip ama gelece\u011fe bor\u00e7lu \u00e7\u0131kt\u0131\u011f\u0131n\u0131 anlat\u0131yor asl\u0131nda.<\/p>\n<p>Azerbaycan\u2019\u0131n ba\u011f\u0131ms\u0131zl\u0131\u011f\u0131n\u0131n iki d\u00f6n\u00fcm noktas\u0131.<\/p>\n<p>Kafkas \u0130slam Ordusu\u2019nun \u00e7\u0131k\u0131\u015f\u0131 ve son Rus askerinin Azerbaycan\u2019dan ayr\u0131l\u0131\u015f\u0131.<\/p>\n<p>\u015eimdi ikisi de geri d\u00f6nd\u00fc.<\/p>\n<p>Bundan sonra i\u015fimiz Enverlere, Nurilere kald\u0131.<\/p>\n<hr \/>\n<p><em><strong><a href=\"https:\/\/artigercek.com\/yazarlar\/aris-nalci\/cok-deyince-oluyor-mu\" target=\"_blank\" rel=\"noopener noreferrer\">Art\u0131 Ger\u00e7ek<\/a><\/strong><\/em><\/p>\n","protected":false},"excerpt":{"rendered":"<p>Aris Nalc\u0131 Bir y\u0131l \u00f6nce gen\u00e7lere \u2018Noel haramd\u0131r\u2019 diyen ard\u0131ndan da gen\u00e7lik \u00f6rg\u00fctlerinin sokaklarda Noel Baba\u2019ya s\u00fcnnet d\u00fc\u011f\u00fcnleri d\u00fczenledikleri \u00dclk\u00fc Ocaklar\u0131\u2019n\u0131n #NoToRacism demesi ne kadar anlaml\u0131. T\u00fcrkiye\u2019de \u0131rk\u00e7\u0131l\u0131k yoktur! T\u00fcrkiye\u2019de ayr\u0131mc\u0131l\u0131\u011fa u\u011frayan Ermeni yoktur! T\u00fcrk-K\u00fcrt karde\u015ftir! \u0130nsan haklar\u0131 en \u00f6nemli ilkemizdir! Adaletimiz ba\u011f\u0131ms\u0131zd\u0131r! Akhtamar S\u00fcmerlerindir Ani Meml\u00fcklerindir! Aya Sofya camidir! Karaba\u011f Azerbaycan\u2019d\u0131r! Ve nihayetinde NoToRacism\u2026 [&hellip;]<\/p>\n","protected":false},"author":7,"featured_media":60536,"comment_status":"open","ping_status":"open","sticky":false,"template":"","format":"standard","meta":{"footnotes":""},"categories":[1,70],"tags":[],"class_list":["post-60535","post","type-post","status-publish","format-standard","has-post-thumbnail","hentry","category-haberler","category-makaleler"],"yoast_head":"<!-- This site is optimized with the Yoast SEO plugin v27.4 - https:\/\/yoast.com\/product\/yoast-seo-wordpress\/ -->\n<title>\u00c7ok deyince oluyor mu? - Bati Ermenistan Ve Bati Ermenileri Sorunlari Ara\u015ftirmalar Merkezi<\/title>\n<meta name=\"robots\" content=\"index, follow, max-snippet:-1, max-image-preview:large, max-video-preview:-1\" \/>\n<link rel=\"canonical\" href=\"https:\/\/akunq.net\/tr\/?p=60535\" \/>\n<meta property=\"og:locale\" content=\"en_US\" \/>\n<meta property=\"og:type\" content=\"article\" \/>\n<meta property=\"og:title\" content=\"\u00c7ok deyince oluyor mu? - Bati Ermenistan Ve Bati Ermenileri Sorunlari Ara\u015ftirmalar Merkezi\" \/>\n<meta property=\"og:description\" content=\"Aris Nalc\u0131 Bir y\u0131l \u00f6nce gen\u00e7lere \u2018Noel haramd\u0131r\u2019 diyen ard\u0131ndan da gen\u00e7lik \u00f6rg\u00fctlerinin sokaklarda Noel Baba\u2019ya s\u00fcnnet d\u00fc\u011f\u00fcnleri d\u00fczenledikleri \u00dclk\u00fc Ocaklar\u0131\u2019n\u0131n #NoToRacism demesi ne kadar anlaml\u0131. T\u00fcrkiye\u2019de \u0131rk\u00e7\u0131l\u0131k yoktur! T\u00fcrkiye\u2019de ayr\u0131mc\u0131l\u0131\u011fa u\u011frayan Ermeni yoktur! T\u00fcrk-K\u00fcrt karde\u015ftir! \u0130nsan haklar\u0131 en \u00f6nemli ilkemizdir! Adaletimiz ba\u011f\u0131ms\u0131zd\u0131r! Akhtamar S\u00fcmerlerindir Ani Meml\u00fcklerindir! Aya Sofya camidir! Karaba\u011f Azerbaycan\u2019d\u0131r! Ve nihayetinde NoToRacism\u2026 [&hellip;]\" \/>\n<meta property=\"og:url\" content=\"https:\/\/akunq.net\/tr\/?p=60535\" \/>\n<meta property=\"og:site_name\" content=\"Bati Ermenistan Ve Bati Ermenileri Sorunlari Ara\u015ftirmalar Merkezi\" \/>\n<meta property=\"article:published_time\" content=\"2020-12-11T09:18:05+00:00\" \/>\n<meta property=\"og:image\" content=\"https:\/\/akunq.net\/tr\/wp-content\/uploads\/sites\/6\/2020\/12\/Aris-Nalc\u0131.jpg\" \/>\n\t<meta property=\"og:image:width\" content=\"800\" \/>\n\t<meta property=\"og:image:height\" content=\"463\" \/>\n\t<meta property=\"og:image:type\" content=\"image\/jpeg\" \/>\n<meta name=\"author\" content=\"admin\" \/>\n<meta name=\"twitter:card\" content=\"summary_large_image\" \/>\n<meta name=\"twitter:label1\" content=\"Written by\" \/>\n\t<meta name=\"twitter:data1\" content=\"admin\" \/>\n\t<meta name=\"twitter:label2\" content=\"Est. reading time\" \/>\n\t<meta name=\"twitter:data2\" content=\"6 minutes\" \/>\n<script type=\"application\/ld+json\" class=\"yoast-schema-graph\">{\"@context\":\"https:\\\/\\\/schema.org\",\"@graph\":[{\"@type\":\"Article\",\"@id\":\"https:\\\/\\\/akunq.net\\\/tr\\\/?p=60535#article\",\"isPartOf\":{\"@id\":\"https:\\\/\\\/akunq.net\\\/tr\\\/?p=60535\"},\"author\":{\"name\":\"admin\",\"@id\":\"https:\\\/\\\/akunq.net\\\/tr\\\/#\\\/schema\\\/person\\\/096f1d38a12cce57fb855b485ed24c9e\"},\"headline\":\"\u00c7ok deyince oluyor mu?\",\"datePublished\":\"2020-12-11T09:18:05+00:00\",\"mainEntityOfPage\":{\"@id\":\"https:\\\/\\\/akunq.net\\\/tr\\\/?p=60535\"},\"wordCount\":1115,\"commentCount\":0,\"image\":{\"@id\":\"https:\\\/\\\/akunq.net\\\/tr\\\/?p=60535#primaryimage\"},\"thumbnailUrl\":\"https:\\\/\\\/akunq.net\\\/tr\\\/wp-content\\\/uploads\\\/sites\\\/6\\\/2020\\\/12\\\/Aris-Nalc\u0131.jpg\",\"articleSection\":[\"Haberler\",\"Makaleler\"],\"inLanguage\":\"en-US\",\"potentialAction\":[{\"@type\":\"CommentAction\",\"name\":\"Comment\",\"target\":[\"https:\\\/\\\/akunq.net\\\/tr\\\/?p=60535#respond\"]}]},{\"@type\":\"WebPage\",\"@id\":\"https:\\\/\\\/akunq.net\\\/tr\\\/?p=60535\",\"url\":\"https:\\\/\\\/akunq.net\\\/tr\\\/?p=60535\",\"name\":\"\u00c7ok deyince oluyor mu? - Bati Ermenistan Ve Bati Ermenileri Sorunlari Ara\u015ftirmalar Merkezi\",\"isPartOf\":{\"@id\":\"https:\\\/\\\/akunq.net\\\/tr\\\/#website\"},\"primaryImageOfPage\":{\"@id\":\"https:\\\/\\\/akunq.net\\\/tr\\\/?p=60535#primaryimage\"},\"image\":{\"@id\":\"https:\\\/\\\/akunq.net\\\/tr\\\/?p=60535#primaryimage\"},\"thumbnailUrl\":\"https:\\\/\\\/akunq.net\\\/tr\\\/wp-content\\\/uploads\\\/sites\\\/6\\\/2020\\\/12\\\/Aris-Nalc\u0131.jpg\",\"datePublished\":\"2020-12-11T09:18:05+00:00\",\"author\":{\"@id\":\"https:\\\/\\\/akunq.net\\\/tr\\\/#\\\/schema\\\/person\\\/096f1d38a12cce57fb855b485ed24c9e\"},\"breadcrumb\":{\"@id\":\"https:\\\/\\\/akunq.net\\\/tr\\\/?p=60535#breadcrumb\"},\"inLanguage\":\"en-US\",\"potentialAction\":[{\"@type\":\"ReadAction\",\"target\":[\"https:\\\/\\\/akunq.net\\\/tr\\\/?p=60535\"]}]},{\"@type\":\"ImageObject\",\"inLanguage\":\"en-US\",\"@id\":\"https:\\\/\\\/akunq.net\\\/tr\\\/?p=60535#primaryimage\",\"url\":\"https:\\\/\\\/akunq.net\\\/tr\\\/wp-content\\\/uploads\\\/sites\\\/6\\\/2020\\\/12\\\/Aris-Nalc\u0131.jpg\",\"contentUrl\":\"https:\\\/\\\/akunq.net\\\/tr\\\/wp-content\\\/uploads\\\/sites\\\/6\\\/2020\\\/12\\\/Aris-Nalc\u0131.jpg\",\"width\":800,\"height\":463},{\"@type\":\"BreadcrumbList\",\"@id\":\"https:\\\/\\\/akunq.net\\\/tr\\\/?p=60535#breadcrumb\",\"itemListElement\":[{\"@type\":\"ListItem\",\"position\":1,\"name\":\"Home\",\"item\":\"https:\\\/\\\/akunq.net\\\/tr\"},{\"@type\":\"ListItem\",\"position\":2,\"name\":\"\u00c7ok deyince oluyor mu?\"}]},{\"@type\":\"WebSite\",\"@id\":\"https:\\\/\\\/akunq.net\\\/tr\\\/#website\",\"url\":\"https:\\\/\\\/akunq.net\\\/tr\\\/\",\"name\":\"Bati Ermenistan Ve Bati Ermenileri Sorunlari Ara\u015ftirmalar Merkezi\",\"description\":\"\",\"potentialAction\":[{\"@type\":\"SearchAction\",\"target\":{\"@type\":\"EntryPoint\",\"urlTemplate\":\"https:\\\/\\\/akunq.net\\\/tr\\\/?s={search_term_string}\"},\"query-input\":{\"@type\":\"PropertyValueSpecification\",\"valueRequired\":true,\"valueName\":\"search_term_string\"}}],\"inLanguage\":\"en-US\"},{\"@type\":\"Person\",\"@id\":\"https:\\\/\\\/akunq.net\\\/tr\\\/#\\\/schema\\\/person\\\/096f1d38a12cce57fb855b485ed24c9e\",\"name\":\"admin\",\"url\":\"https:\\\/\\\/akunq.net\\\/tr\\\/?author=7\"}]}<\/script>\n<!-- \/ Yoast SEO plugin. -->","yoast_head_json":{"title":"\u00c7ok deyince oluyor mu? - Bati Ermenistan Ve Bati Ermenileri Sorunlari Ara\u015ftirmalar Merkezi","robots":{"index":"index","follow":"follow","max-snippet":"max-snippet:-1","max-image-preview":"max-image-preview:large","max-video-preview":"max-video-preview:-1"},"canonical":"https:\/\/akunq.net\/tr\/?p=60535","og_locale":"en_US","og_type":"article","og_title":"\u00c7ok deyince oluyor mu? - Bati Ermenistan Ve Bati Ermenileri Sorunlari Ara\u015ftirmalar Merkezi","og_description":"Aris Nalc\u0131 Bir y\u0131l \u00f6nce gen\u00e7lere \u2018Noel haramd\u0131r\u2019 diyen ard\u0131ndan da gen\u00e7lik \u00f6rg\u00fctlerinin sokaklarda Noel Baba\u2019ya s\u00fcnnet d\u00fc\u011f\u00fcnleri d\u00fczenledikleri \u00dclk\u00fc Ocaklar\u0131\u2019n\u0131n #NoToRacism demesi ne kadar anlaml\u0131. T\u00fcrkiye\u2019de \u0131rk\u00e7\u0131l\u0131k yoktur! T\u00fcrkiye\u2019de ayr\u0131mc\u0131l\u0131\u011fa u\u011frayan Ermeni yoktur! T\u00fcrk-K\u00fcrt karde\u015ftir! \u0130nsan haklar\u0131 en \u00f6nemli ilkemizdir! Adaletimiz ba\u011f\u0131ms\u0131zd\u0131r! Akhtamar S\u00fcmerlerindir Ani Meml\u00fcklerindir! Aya Sofya camidir! Karaba\u011f Azerbaycan\u2019d\u0131r! Ve nihayetinde NoToRacism\u2026 [&hellip;]","og_url":"https:\/\/akunq.net\/tr\/?p=60535","og_site_name":"Bati Ermenistan Ve Bati Ermenileri Sorunlari Ara\u015ftirmalar Merkezi","article_published_time":"2020-12-11T09:18:05+00:00","og_image":[{"width":800,"height":463,"url":"https:\/\/akunq.net\/tr\/wp-content\/uploads\/sites\/6\/2020\/12\/Aris-Nalc\u0131.jpg","type":"image\/jpeg"}],"author":"admin","twitter_card":"summary_large_image","twitter_misc":{"Written by":"admin","Est. reading time":"6 minutes"},"schema":{"@context":"https:\/\/schema.org","@graph":[{"@type":"Article","@id":"https:\/\/akunq.net\/tr\/?p=60535#article","isPartOf":{"@id":"https:\/\/akunq.net\/tr\/?p=60535"},"author":{"name":"admin","@id":"https:\/\/akunq.net\/tr\/#\/schema\/person\/096f1d38a12cce57fb855b485ed24c9e"},"headline":"\u00c7ok deyince oluyor mu?","datePublished":"2020-12-11T09:18:05+00:00","mainEntityOfPage":{"@id":"https:\/\/akunq.net\/tr\/?p=60535"},"wordCount":1115,"commentCount":0,"image":{"@id":"https:\/\/akunq.net\/tr\/?p=60535#primaryimage"},"thumbnailUrl":"https:\/\/akunq.net\/tr\/wp-content\/uploads\/sites\/6\/2020\/12\/Aris-Nalc\u0131.jpg","articleSection":["Haberler","Makaleler"],"inLanguage":"en-US","potentialAction":[{"@type":"CommentAction","name":"Comment","target":["https:\/\/akunq.net\/tr\/?p=60535#respond"]}]},{"@type":"WebPage","@id":"https:\/\/akunq.net\/tr\/?p=60535","url":"https:\/\/akunq.net\/tr\/?p=60535","name":"\u00c7ok deyince oluyor mu? - Bati Ermenistan Ve Bati Ermenileri Sorunlari Ara\u015ftirmalar Merkezi","isPartOf":{"@id":"https:\/\/akunq.net\/tr\/#website"},"primaryImageOfPage":{"@id":"https:\/\/akunq.net\/tr\/?p=60535#primaryimage"},"image":{"@id":"https:\/\/akunq.net\/tr\/?p=60535#primaryimage"},"thumbnailUrl":"https:\/\/akunq.net\/tr\/wp-content\/uploads\/sites\/6\/2020\/12\/Aris-Nalc\u0131.jpg","datePublished":"2020-12-11T09:18:05+00:00","author":{"@id":"https:\/\/akunq.net\/tr\/#\/schema\/person\/096f1d38a12cce57fb855b485ed24c9e"},"breadcrumb":{"@id":"https:\/\/akunq.net\/tr\/?p=60535#breadcrumb"},"inLanguage":"en-US","potentialAction":[{"@type":"ReadAction","target":["https:\/\/akunq.net\/tr\/?p=60535"]}]},{"@type":"ImageObject","inLanguage":"en-US","@id":"https:\/\/akunq.net\/tr\/?p=60535#primaryimage","url":"https:\/\/akunq.net\/tr\/wp-content\/uploads\/sites\/6\/2020\/12\/Aris-Nalc\u0131.jpg","contentUrl":"https:\/\/akunq.net\/tr\/wp-content\/uploads\/sites\/6\/2020\/12\/Aris-Nalc\u0131.jpg","width":800,"height":463},{"@type":"BreadcrumbList","@id":"https:\/\/akunq.net\/tr\/?p=60535#breadcrumb","itemListElement":[{"@type":"ListItem","position":1,"name":"Home","item":"https:\/\/akunq.net\/tr"},{"@type":"ListItem","position":2,"name":"\u00c7ok deyince oluyor mu?"}]},{"@type":"WebSite","@id":"https:\/\/akunq.net\/tr\/#website","url":"https:\/\/akunq.net\/tr\/","name":"Bati Ermenistan Ve Bati Ermenileri Sorunlari Ara\u015ftirmalar Merkezi","description":"","potentialAction":[{"@type":"SearchAction","target":{"@type":"EntryPoint","urlTemplate":"https:\/\/akunq.net\/tr\/?s={search_term_string}"},"query-input":{"@type":"PropertyValueSpecification","valueRequired":true,"valueName":"search_term_string"}}],"inLanguage":"en-US"},{"@type":"Person","@id":"https:\/\/akunq.net\/tr\/#\/schema\/person\/096f1d38a12cce57fb855b485ed24c9e","name":"admin","url":"https:\/\/akunq.net\/tr\/?author=7"}]}},"_links":{"self":[{"href":"https:\/\/akunq.net\/tr\/index.php?rest_route=\/wp\/v2\/posts\/60535","targetHints":{"allow":["GET"]}}],"collection":[{"href":"https:\/\/akunq.net\/tr\/index.php?rest_route=\/wp\/v2\/posts"}],"about":[{"href":"https:\/\/akunq.net\/tr\/index.php?rest_route=\/wp\/v2\/types\/post"}],"author":[{"embeddable":true,"href":"https:\/\/akunq.net\/tr\/index.php?rest_route=\/wp\/v2\/users\/7"}],"replies":[{"embeddable":true,"href":"https:\/\/akunq.net\/tr\/index.php?rest_route=%2Fwp%2Fv2%2Fcomments&post=60535"}],"version-history":[{"count":1,"href":"https:\/\/akunq.net\/tr\/index.php?rest_route=\/wp\/v2\/posts\/60535\/revisions"}],"predecessor-version":[{"id":60537,"href":"https:\/\/akunq.net\/tr\/index.php?rest_route=\/wp\/v2\/posts\/60535\/revisions\/60537"}],"wp:featuredmedia":[{"embeddable":true,"href":"https:\/\/akunq.net\/tr\/index.php?rest_route=\/wp\/v2\/media\/60536"}],"wp:attachment":[{"href":"https:\/\/akunq.net\/tr\/index.php?rest_route=%2Fwp%2Fv2%2Fmedia&parent=60535"}],"wp:term":[{"taxonomy":"category","embeddable":true,"href":"https:\/\/akunq.net\/tr\/index.php?rest_route=%2Fwp%2Fv2%2Fcategories&post=60535"},{"taxonomy":"post_tag","embeddable":true,"href":"https:\/\/akunq.net\/tr\/index.php?rest_route=%2Fwp%2Fv2%2Ftags&post=60535"}],"curies":[{"name":"wp","href":"https:\/\/api.w.org\/{rel}","templated":true}]}}