{"id":60532,"date":"2020-12-11T04:07:58","date_gmt":"2020-12-11T09:07:58","guid":{"rendered":"https:\/\/akunq.net\/tr\/?p=60532"},"modified":"2020-12-11T04:07:58","modified_gmt":"2020-12-11T09:07:58","slug":"dunyanin-farkli-yerlerinden-150-bilim-insani-karabagdaki-anitlarin-korunmasi-icin-vatikan-devlet-sekreterligine-basvurdu","status":"publish","type":"post","link":"https:\/\/akunq.net\/tr\/?p=60532","title":{"rendered":"D\u00fcnyan\u0131n farkl\u0131 yerlerinden 150 bilim insan\u0131 Karaba\u011f\u2019daki an\u0131tlar\u0131n korunmas\u0131 i\u00e7in Vatikan Devlet Sekreterli\u011fi\u2019ne ba\u015fvurdu"},"content":{"rendered":"<p><img loading=\"lazy\" decoding=\"async\" class=\"aligncenter size-medium wp-image-60533\" src=\"https:\/\/akunq.net\/tr\/wp-content\/uploads\/2020\/12\/Karaba\u011f\u2019daki-an\u0131tlar-360x202.jpg\" alt=\"\" width=\"360\" height=\"202\" srcset=\"https:\/\/akunq.net\/tr\/wp-content\/uploads\/sites\/6\/2020\/12\/Karaba\u011f\u2019daki-an\u0131tlar-360x202.jpg 360w, https:\/\/akunq.net\/tr\/wp-content\/uploads\/sites\/6\/2020\/12\/Karaba\u011f\u2019daki-an\u0131tlar-768x431.jpg 768w, https:\/\/akunq.net\/tr\/wp-content\/uploads\/sites\/6\/2020\/12\/Karaba\u011f\u2019daki-an\u0131tlar-560x314.jpg 560w, https:\/\/akunq.net\/tr\/wp-content\/uploads\/sites\/6\/2020\/12\/Karaba\u011f\u2019daki-an\u0131tlar-260x146.jpg 260w, https:\/\/akunq.net\/tr\/wp-content\/uploads\/sites\/6\/2020\/12\/Karaba\u011f\u2019daki-an\u0131tlar-160x90.jpg 160w, https:\/\/akunq.net\/tr\/wp-content\/uploads\/sites\/6\/2020\/12\/Karaba\u011f\u2019daki-an\u0131tlar.jpg 790w\" sizes=\"auto, (max-width: 360px) 100vw, 360px\" \/><\/p>\n<p><em><strong>D\u00fcnyan\u0131n farkl\u0131 \u00fclkelerini temsil eden bilim kurulu\u015flar\u0131nda g\u00f6revli olan yakla\u015f\u0131k 150 bilim insan\u0131 Artsakh Cumhuriyeti\u2019nin (Karaba\u011f) Ermeni k\u00fclt\u00fcrel miras\u0131n\u0131n korunmas\u0131 ad\u0131na Vatikan Devlet Sekreterli\u011fi\u2019ne kendi imzalar\u0131yla bir dilek\u00e7e sundular.<\/strong><\/em><\/p>\n<p>Bununla ilgili Ermenistan\u2019daki el yazmalar\u0131 m\u00fczesi Matenadaran kendi Facebook sayfas\u0131ndan payla\u015f\u0131mda bulundu.<\/p>\n<p>Bilim insanlar\u0131 yazd\u0131klar\u0131 dilek\u00e7ede Karaba\u011f\u2019da ya\u015fanan h\u00fcmaniter krizin yan\u0131nda b\u00f6lgedeki Ermeni-Hristiyan zengin k\u00fclt\u00fcrel miras\u0131n\u0131n da tehlikede oldu\u011funu ifade edildi.<\/p>\n<p>Son d\u00f6nemlerde Azerbaycan H\u00fck\u00fcmeti taraf\u0131ndan sistematik bir \u015fekilde Ermeni an\u0131tlar\u0131n\u0131n yok edilmesini de kan\u0131tlayan bir\u00e7ok delil ileri s\u00fcr\u00fcldu.<\/p>\n<p>Bilim insanlar\u0131 Roma Papas\u0131\u2019n\u0131n otoritesi sayesinde ve uluslararas\u0131 \u00f6rg\u00fctlerin devreye girmesiyle tarihi Ermenistan topraklar\u0131nda bulunan ve d\u00fcnya miras\u0131n\u0131n bir par\u00e7as\u0131 olan Ermeni k\u00fclt\u00fcrel miras\u0131n\u0131n kurtar\u0131lmas\u0131 konusunda \u00fcmitli olduklar\u0131n\u0131 belirttiler.<\/p>\n<p><em><strong>https:\/\/www.ermenihaber.am\/tr\/news\/2020\/12\/11\/Karaba%C4%9F-Ermeni-k%C3%BClt%C3%BCr%C3%BC-Vatikan-Devlet-Sekreterli%C4%9Fi\/199304<\/strong><\/em><\/p>\n","protected":false},"excerpt":{"rendered":"<p>D\u00fcnyan\u0131n farkl\u0131 \u00fclkelerini temsil eden bilim kurulu\u015flar\u0131nda g\u00f6revli olan yakla\u015f\u0131k 150 bilim insan\u0131 Artsakh Cumhuriyeti\u2019nin (Karaba\u011f) Ermeni k\u00fclt\u00fcrel miras\u0131n\u0131n korunmas\u0131 ad\u0131na Vatikan Devlet Sekreterli\u011fi\u2019ne kendi imzalar\u0131yla bir dilek\u00e7e sundular. Bununla ilgili Ermenistan\u2019daki el yazmalar\u0131 m\u00fczesi Matenadaran kendi Facebook sayfas\u0131ndan payla\u015f\u0131mda bulundu. Bilim insanlar\u0131 yazd\u0131klar\u0131 dilek\u00e7ede Karaba\u011f\u2019da ya\u015fanan h\u00fcmaniter krizin yan\u0131nda b\u00f6lgedeki Ermeni-Hristiyan zengin k\u00fclt\u00fcrel miras\u0131n\u0131n [&hellip;]<\/p>\n","protected":false},"author":7,"featured_media":60533,"comment_status":"open","ping_status":"open","sticky":false,"template":"","format":"standard","meta":{"footnotes":""},"categories":[1],"tags":[],"class_list":["post-60532","post","type-post","status-publish","format-standard","has-post-thumbnail","hentry","category-haberler"],"yoast_head":"<!-- This site is optimized with the Yoast SEO plugin v27.4 - https:\/\/yoast.com\/product\/yoast-seo-wordpress\/ -->\n<title>D\u00fcnyan\u0131n farkl\u0131 yerlerinden 150 bilim insan\u0131 Karaba\u011f\u2019daki an\u0131tlar\u0131n korunmas\u0131 i\u00e7in Vatikan Devlet Sekreterli\u011fi\u2019ne ba\u015fvurdu - Bati Ermenistan Ve Bati Ermenileri Sorunlari Ara\u015ftirmalar Merkezi<\/title>\n<meta name=\"robots\" content=\"index, follow, max-snippet:-1, max-image-preview:large, max-video-preview:-1\" \/>\n<link rel=\"canonical\" href=\"https:\/\/akunq.net\/tr\/?p=60532\" \/>\n<meta property=\"og:locale\" content=\"en_US\" \/>\n<meta property=\"og:type\" content=\"article\" \/>\n<meta property=\"og:title\" content=\"D\u00fcnyan\u0131n farkl\u0131 yerlerinden 150 bilim insan\u0131 Karaba\u011f\u2019daki an\u0131tlar\u0131n korunmas\u0131 i\u00e7in Vatikan Devlet Sekreterli\u011fi\u2019ne ba\u015fvurdu - Bati Ermenistan Ve Bati Ermenileri Sorunlari Ara\u015ftirmalar Merkezi\" \/>\n<meta property=\"og:description\" content=\"D\u00fcnyan\u0131n farkl\u0131 \u00fclkelerini temsil eden bilim kurulu\u015flar\u0131nda g\u00f6revli olan yakla\u015f\u0131k 150 bilim insan\u0131 Artsakh Cumhuriyeti\u2019nin (Karaba\u011f) Ermeni k\u00fclt\u00fcrel miras\u0131n\u0131n korunmas\u0131 ad\u0131na Vatikan Devlet Sekreterli\u011fi\u2019ne kendi imzalar\u0131yla bir dilek\u00e7e sundular. Bununla ilgili Ermenistan\u2019daki el yazmalar\u0131 m\u00fczesi Matenadaran kendi Facebook sayfas\u0131ndan payla\u015f\u0131mda bulundu. Bilim insanlar\u0131 yazd\u0131klar\u0131 dilek\u00e7ede Karaba\u011f\u2019da ya\u015fanan h\u00fcmaniter krizin yan\u0131nda b\u00f6lgedeki Ermeni-Hristiyan zengin k\u00fclt\u00fcrel miras\u0131n\u0131n [&hellip;]\" \/>\n<meta property=\"og:url\" content=\"https:\/\/akunq.net\/tr\/?p=60532\" \/>\n<meta property=\"og:site_name\" content=\"Bati Ermenistan Ve Bati Ermenileri Sorunlari Ara\u015ftirmalar Merkezi\" \/>\n<meta property=\"article:published_time\" content=\"2020-12-11T09:07:58+00:00\" \/>\n<meta property=\"og:image\" content=\"https:\/\/akunq.net\/tr\/wp-content\/uploads\/sites\/6\/2020\/12\/Karaba\u011f\u2019daki-an\u0131tlar.jpg\" \/>\n\t<meta property=\"og:image:width\" content=\"790\" \/>\n\t<meta property=\"og:image:height\" content=\"443\" \/>\n\t<meta property=\"og:image:type\" content=\"image\/jpeg\" \/>\n<meta name=\"author\" content=\"admin\" \/>\n<meta name=\"twitter:card\" content=\"summary_large_image\" \/>\n<meta name=\"twitter:label1\" content=\"Written by\" \/>\n\t<meta name=\"twitter:data1\" content=\"admin\" \/>\n\t<meta name=\"twitter:label2\" content=\"Est. reading time\" \/>\n\t<meta name=\"twitter:data2\" content=\"1 minute\" \/>\n<script type=\"application\/ld+json\" class=\"yoast-schema-graph\">{\"@context\":\"https:\\\/\\\/schema.org\",\"@graph\":[{\"@type\":\"Article\",\"@id\":\"https:\\\/\\\/akunq.net\\\/tr\\\/?p=60532#article\",\"isPartOf\":{\"@id\":\"https:\\\/\\\/akunq.net\\\/tr\\\/?p=60532\"},\"author\":{\"name\":\"admin\",\"@id\":\"https:\\\/\\\/akunq.net\\\/tr\\\/#\\\/schema\\\/person\\\/096f1d38a12cce57fb855b485ed24c9e\"},\"headline\":\"D\u00fcnyan\u0131n farkl\u0131 yerlerinden 150 bilim insan\u0131 Karaba\u011f\u2019daki an\u0131tlar\u0131n korunmas\u0131 i\u00e7in Vatikan Devlet Sekreterli\u011fi\u2019ne ba\u015fvurdu\",\"datePublished\":\"2020-12-11T09:07:58+00:00\",\"mainEntityOfPage\":{\"@id\":\"https:\\\/\\\/akunq.net\\\/tr\\\/?p=60532\"},\"wordCount\":202,\"commentCount\":0,\"image\":{\"@id\":\"https:\\\/\\\/akunq.net\\\/tr\\\/?p=60532#primaryimage\"},\"thumbnailUrl\":\"https:\\\/\\\/akunq.net\\\/tr\\\/wp-content\\\/uploads\\\/sites\\\/6\\\/2020\\\/12\\\/Karaba\u011f\u2019daki-an\u0131tlar.jpg\",\"articleSection\":[\"Haberler\"],\"inLanguage\":\"en-US\",\"potentialAction\":[{\"@type\":\"CommentAction\",\"name\":\"Comment\",\"target\":[\"https:\\\/\\\/akunq.net\\\/tr\\\/?p=60532#respond\"]}]},{\"@type\":\"WebPage\",\"@id\":\"https:\\\/\\\/akunq.net\\\/tr\\\/?p=60532\",\"url\":\"https:\\\/\\\/akunq.net\\\/tr\\\/?p=60532\",\"name\":\"D\u00fcnyan\u0131n farkl\u0131 yerlerinden 150 bilim insan\u0131 Karaba\u011f\u2019daki an\u0131tlar\u0131n korunmas\u0131 i\u00e7in Vatikan Devlet Sekreterli\u011fi\u2019ne ba\u015fvurdu - Bati Ermenistan Ve Bati Ermenileri Sorunlari Ara\u015ftirmalar Merkezi\",\"isPartOf\":{\"@id\":\"https:\\\/\\\/akunq.net\\\/tr\\\/#website\"},\"primaryImageOfPage\":{\"@id\":\"https:\\\/\\\/akunq.net\\\/tr\\\/?p=60532#primaryimage\"},\"image\":{\"@id\":\"https:\\\/\\\/akunq.net\\\/tr\\\/?p=60532#primaryimage\"},\"thumbnailUrl\":\"https:\\\/\\\/akunq.net\\\/tr\\\/wp-content\\\/uploads\\\/sites\\\/6\\\/2020\\\/12\\\/Karaba\u011f\u2019daki-an\u0131tlar.jpg\",\"datePublished\":\"2020-12-11T09:07:58+00:00\",\"author\":{\"@id\":\"https:\\\/\\\/akunq.net\\\/tr\\\/#\\\/schema\\\/person\\\/096f1d38a12cce57fb855b485ed24c9e\"},\"breadcrumb\":{\"@id\":\"https:\\\/\\\/akunq.net\\\/tr\\\/?p=60532#breadcrumb\"},\"inLanguage\":\"en-US\",\"potentialAction\":[{\"@type\":\"ReadAction\",\"target\":[\"https:\\\/\\\/akunq.net\\\/tr\\\/?p=60532\"]}]},{\"@type\":\"ImageObject\",\"inLanguage\":\"en-US\",\"@id\":\"https:\\\/\\\/akunq.net\\\/tr\\\/?p=60532#primaryimage\",\"url\":\"https:\\\/\\\/akunq.net\\\/tr\\\/wp-content\\\/uploads\\\/sites\\\/6\\\/2020\\\/12\\\/Karaba\u011f\u2019daki-an\u0131tlar.jpg\",\"contentUrl\":\"https:\\\/\\\/akunq.net\\\/tr\\\/wp-content\\\/uploads\\\/sites\\\/6\\\/2020\\\/12\\\/Karaba\u011f\u2019daki-an\u0131tlar.jpg\",\"width\":790,\"height\":443},{\"@type\":\"BreadcrumbList\",\"@id\":\"https:\\\/\\\/akunq.net\\\/tr\\\/?p=60532#breadcrumb\",\"itemListElement\":[{\"@type\":\"ListItem\",\"position\":1,\"name\":\"Home\",\"item\":\"https:\\\/\\\/akunq.net\\\/tr\"},{\"@type\":\"ListItem\",\"position\":2,\"name\":\"D\u00fcnyan\u0131n farkl\u0131 yerlerinden 150 bilim insan\u0131 Karaba\u011f\u2019daki an\u0131tlar\u0131n korunmas\u0131 i\u00e7in Vatikan Devlet Sekreterli\u011fi\u2019ne ba\u015fvurdu\"}]},{\"@type\":\"WebSite\",\"@id\":\"https:\\\/\\\/akunq.net\\\/tr\\\/#website\",\"url\":\"https:\\\/\\\/akunq.net\\\/tr\\\/\",\"name\":\"Bati Ermenistan Ve Bati Ermenileri Sorunlari Ara\u015ftirmalar Merkezi\",\"description\":\"\",\"potentialAction\":[{\"@type\":\"SearchAction\",\"target\":{\"@type\":\"EntryPoint\",\"urlTemplate\":\"https:\\\/\\\/akunq.net\\\/tr\\\/?s={search_term_string}\"},\"query-input\":{\"@type\":\"PropertyValueSpecification\",\"valueRequired\":true,\"valueName\":\"search_term_string\"}}],\"inLanguage\":\"en-US\"},{\"@type\":\"Person\",\"@id\":\"https:\\\/\\\/akunq.net\\\/tr\\\/#\\\/schema\\\/person\\\/096f1d38a12cce57fb855b485ed24c9e\",\"name\":\"admin\",\"url\":\"https:\\\/\\\/akunq.net\\\/tr\\\/?author=7\"}]}<\/script>\n<!-- \/ Yoast SEO plugin. -->","yoast_head_json":{"title":"D\u00fcnyan\u0131n farkl\u0131 yerlerinden 150 bilim insan\u0131 Karaba\u011f\u2019daki an\u0131tlar\u0131n korunmas\u0131 i\u00e7in Vatikan Devlet Sekreterli\u011fi\u2019ne ba\u015fvurdu - Bati Ermenistan Ve Bati Ermenileri Sorunlari Ara\u015ftirmalar Merkezi","robots":{"index":"index","follow":"follow","max-snippet":"max-snippet:-1","max-image-preview":"max-image-preview:large","max-video-preview":"max-video-preview:-1"},"canonical":"https:\/\/akunq.net\/tr\/?p=60532","og_locale":"en_US","og_type":"article","og_title":"D\u00fcnyan\u0131n farkl\u0131 yerlerinden 150 bilim insan\u0131 Karaba\u011f\u2019daki an\u0131tlar\u0131n korunmas\u0131 i\u00e7in Vatikan Devlet Sekreterli\u011fi\u2019ne ba\u015fvurdu - Bati Ermenistan Ve Bati Ermenileri Sorunlari Ara\u015ftirmalar Merkezi","og_description":"D\u00fcnyan\u0131n farkl\u0131 \u00fclkelerini temsil eden bilim kurulu\u015flar\u0131nda g\u00f6revli olan yakla\u015f\u0131k 150 bilim insan\u0131 Artsakh Cumhuriyeti\u2019nin (Karaba\u011f) Ermeni k\u00fclt\u00fcrel miras\u0131n\u0131n korunmas\u0131 ad\u0131na Vatikan Devlet Sekreterli\u011fi\u2019ne kendi imzalar\u0131yla bir dilek\u00e7e sundular. Bununla ilgili Ermenistan\u2019daki el yazmalar\u0131 m\u00fczesi Matenadaran kendi Facebook sayfas\u0131ndan payla\u015f\u0131mda bulundu. Bilim insanlar\u0131 yazd\u0131klar\u0131 dilek\u00e7ede Karaba\u011f\u2019da ya\u015fanan h\u00fcmaniter krizin yan\u0131nda b\u00f6lgedeki Ermeni-Hristiyan zengin k\u00fclt\u00fcrel miras\u0131n\u0131n [&hellip;]","og_url":"https:\/\/akunq.net\/tr\/?p=60532","og_site_name":"Bati Ermenistan Ve Bati Ermenileri Sorunlari Ara\u015ftirmalar Merkezi","article_published_time":"2020-12-11T09:07:58+00:00","og_image":[{"width":790,"height":443,"url":"https:\/\/akunq.net\/tr\/wp-content\/uploads\/sites\/6\/2020\/12\/Karaba\u011f\u2019daki-an\u0131tlar.jpg","type":"image\/jpeg"}],"author":"admin","twitter_card":"summary_large_image","twitter_misc":{"Written by":"admin","Est. reading time":"1 minute"},"schema":{"@context":"https:\/\/schema.org","@graph":[{"@type":"Article","@id":"https:\/\/akunq.net\/tr\/?p=60532#article","isPartOf":{"@id":"https:\/\/akunq.net\/tr\/?p=60532"},"author":{"name":"admin","@id":"https:\/\/akunq.net\/tr\/#\/schema\/person\/096f1d38a12cce57fb855b485ed24c9e"},"headline":"D\u00fcnyan\u0131n farkl\u0131 yerlerinden 150 bilim insan\u0131 Karaba\u011f\u2019daki an\u0131tlar\u0131n korunmas\u0131 i\u00e7in Vatikan Devlet Sekreterli\u011fi\u2019ne ba\u015fvurdu","datePublished":"2020-12-11T09:07:58+00:00","mainEntityOfPage":{"@id":"https:\/\/akunq.net\/tr\/?p=60532"},"wordCount":202,"commentCount":0,"image":{"@id":"https:\/\/akunq.net\/tr\/?p=60532#primaryimage"},"thumbnailUrl":"https:\/\/akunq.net\/tr\/wp-content\/uploads\/sites\/6\/2020\/12\/Karaba\u011f\u2019daki-an\u0131tlar.jpg","articleSection":["Haberler"],"inLanguage":"en-US","potentialAction":[{"@type":"CommentAction","name":"Comment","target":["https:\/\/akunq.net\/tr\/?p=60532#respond"]}]},{"@type":"WebPage","@id":"https:\/\/akunq.net\/tr\/?p=60532","url":"https:\/\/akunq.net\/tr\/?p=60532","name":"D\u00fcnyan\u0131n farkl\u0131 yerlerinden 150 bilim insan\u0131 Karaba\u011f\u2019daki an\u0131tlar\u0131n korunmas\u0131 i\u00e7in Vatikan Devlet Sekreterli\u011fi\u2019ne ba\u015fvurdu - Bati Ermenistan Ve Bati Ermenileri Sorunlari Ara\u015ftirmalar Merkezi","isPartOf":{"@id":"https:\/\/akunq.net\/tr\/#website"},"primaryImageOfPage":{"@id":"https:\/\/akunq.net\/tr\/?p=60532#primaryimage"},"image":{"@id":"https:\/\/akunq.net\/tr\/?p=60532#primaryimage"},"thumbnailUrl":"https:\/\/akunq.net\/tr\/wp-content\/uploads\/sites\/6\/2020\/12\/Karaba\u011f\u2019daki-an\u0131tlar.jpg","datePublished":"2020-12-11T09:07:58+00:00","author":{"@id":"https:\/\/akunq.net\/tr\/#\/schema\/person\/096f1d38a12cce57fb855b485ed24c9e"},"breadcrumb":{"@id":"https:\/\/akunq.net\/tr\/?p=60532#breadcrumb"},"inLanguage":"en-US","potentialAction":[{"@type":"ReadAction","target":["https:\/\/akunq.net\/tr\/?p=60532"]}]},{"@type":"ImageObject","inLanguage":"en-US","@id":"https:\/\/akunq.net\/tr\/?p=60532#primaryimage","url":"https:\/\/akunq.net\/tr\/wp-content\/uploads\/sites\/6\/2020\/12\/Karaba\u011f\u2019daki-an\u0131tlar.jpg","contentUrl":"https:\/\/akunq.net\/tr\/wp-content\/uploads\/sites\/6\/2020\/12\/Karaba\u011f\u2019daki-an\u0131tlar.jpg","width":790,"height":443},{"@type":"BreadcrumbList","@id":"https:\/\/akunq.net\/tr\/?p=60532#breadcrumb","itemListElement":[{"@type":"ListItem","position":1,"name":"Home","item":"https:\/\/akunq.net\/tr"},{"@type":"ListItem","position":2,"name":"D\u00fcnyan\u0131n farkl\u0131 yerlerinden 150 bilim insan\u0131 Karaba\u011f\u2019daki an\u0131tlar\u0131n korunmas\u0131 i\u00e7in Vatikan Devlet Sekreterli\u011fi\u2019ne ba\u015fvurdu"}]},{"@type":"WebSite","@id":"https:\/\/akunq.net\/tr\/#website","url":"https:\/\/akunq.net\/tr\/","name":"Bati Ermenistan Ve Bati Ermenileri Sorunlari Ara\u015ftirmalar Merkezi","description":"","potentialAction":[{"@type":"SearchAction","target":{"@type":"EntryPoint","urlTemplate":"https:\/\/akunq.net\/tr\/?s={search_term_string}"},"query-input":{"@type":"PropertyValueSpecification","valueRequired":true,"valueName":"search_term_string"}}],"inLanguage":"en-US"},{"@type":"Person","@id":"https:\/\/akunq.net\/tr\/#\/schema\/person\/096f1d38a12cce57fb855b485ed24c9e","name":"admin","url":"https:\/\/akunq.net\/tr\/?author=7"}]}},"_links":{"self":[{"href":"https:\/\/akunq.net\/tr\/index.php?rest_route=\/wp\/v2\/posts\/60532","targetHints":{"allow":["GET"]}}],"collection":[{"href":"https:\/\/akunq.net\/tr\/index.php?rest_route=\/wp\/v2\/posts"}],"about":[{"href":"https:\/\/akunq.net\/tr\/index.php?rest_route=\/wp\/v2\/types\/post"}],"author":[{"embeddable":true,"href":"https:\/\/akunq.net\/tr\/index.php?rest_route=\/wp\/v2\/users\/7"}],"replies":[{"embeddable":true,"href":"https:\/\/akunq.net\/tr\/index.php?rest_route=%2Fwp%2Fv2%2Fcomments&post=60532"}],"version-history":[{"count":1,"href":"https:\/\/akunq.net\/tr\/index.php?rest_route=\/wp\/v2\/posts\/60532\/revisions"}],"predecessor-version":[{"id":60534,"href":"https:\/\/akunq.net\/tr\/index.php?rest_route=\/wp\/v2\/posts\/60532\/revisions\/60534"}],"wp:featuredmedia":[{"embeddable":true,"href":"https:\/\/akunq.net\/tr\/index.php?rest_route=\/wp\/v2\/media\/60533"}],"wp:attachment":[{"href":"https:\/\/akunq.net\/tr\/index.php?rest_route=%2Fwp%2Fv2%2Fmedia&parent=60532"}],"wp:term":[{"taxonomy":"category","embeddable":true,"href":"https:\/\/akunq.net\/tr\/index.php?rest_route=%2Fwp%2Fv2%2Fcategories&post=60532"},{"taxonomy":"post_tag","embeddable":true,"href":"https:\/\/akunq.net\/tr\/index.php?rest_route=%2Fwp%2Fv2%2Ftags&post=60532"}],"curies":[{"name":"wp","href":"https:\/\/api.w.org\/{rel}","templated":true}]}}