{"id":60521,"date":"2020-12-10T04:12:34","date_gmt":"2020-12-10T09:12:34","guid":{"rendered":"https:\/\/akunq.net\/tr\/?p=60521"},"modified":"2020-12-10T04:12:46","modified_gmt":"2020-12-10T09:12:46","slug":"bir-ilk-alevilik-almanyada-kamu-kurumu-statusu-kazaniyor","status":"publish","type":"post","link":"https:\/\/akunq.net\/tr\/?p=60521","title":{"rendered":"Bir ilk: Alevilik Almanya\u2019da kamu kurumu stat\u00fcs\u00fc kazan\u0131yor"},"content":{"rendered":"<p><img loading=\"lazy\" decoding=\"async\" class=\"aligncenter size-medium wp-image-60522\" src=\"https:\/\/akunq.net\/tr\/wp-content\/uploads\/2020\/12\/Aleviler-360x203.jpg\" alt=\"\" width=\"360\" height=\"203\" srcset=\"https:\/\/akunq.net\/tr\/wp-content\/uploads\/sites\/6\/2020\/12\/Aleviler-360x203.jpg 360w, https:\/\/akunq.net\/tr\/wp-content\/uploads\/sites\/6\/2020\/12\/Aleviler-768x432.jpg 768w, https:\/\/akunq.net\/tr\/wp-content\/uploads\/sites\/6\/2020\/12\/Aleviler-560x315.jpg 560w, https:\/\/akunq.net\/tr\/wp-content\/uploads\/sites\/6\/2020\/12\/Aleviler-260x146.jpg 260w, https:\/\/akunq.net\/tr\/wp-content\/uploads\/sites\/6\/2020\/12\/Aleviler-160x90.jpg 160w, https:\/\/akunq.net\/tr\/wp-content\/uploads\/sites\/6\/2020\/12\/Aleviler.jpg 1280w\" sizes=\"auto, (max-width: 360px) 100vw, 360px\" \/><\/p>\n<p><em><strong>K\u00d6LN \u2013 Almanya\u2019da din ve devlet i\u015fleri birbirinden ayr\u0131d\u0131r. Anayasa gere\u011fi devlet dinlere ve d\u00fcnya g\u00f6r\u00fc\u015flerine kar\u015f\u0131 tarafs\u0131z konumda olmay\u0131 taahh\u00fct etmi\u015ftir. Ancak \u2018tarafs\u0131z\u2019 olsa da, devlet dinlere kar\u015f\u0131 tamamen ilgisiz bir tutum i\u00e7inde de de\u011fildir. Dinin toplumsal b\u00fct\u00fcnle\u015fmeye katk\u0131 yapt\u0131\u011f\u0131 fikri siyasi bir uzla\u015fma konumunda duruyor. Bu nedenle Anayasa Mahkemesi devlete dinleri ve d\u00fcnya g\u00f6r\u00fc\u015flerini \u2018te\u015fvik edici bir tarafs\u0131zl\u0131k\u2019 g\u00f6revinin uygun d\u00fc\u015ft\u00fc\u011f\u00fcne h\u00fckmetmi\u015ftir.<\/strong><\/em><\/p>\n<p>Yar\u0131ndan itibaren (10 aral\u0131k) art\u0131k Kuzey Ren-Vestfalya Eyaleti h\u00fck\u00fcmeti Alevilik inanc\u0131n\u0131 bir inan\u00e7 toplumu olarak en \u00fcst seviyede tan\u0131yacak. Alevilik anayasal g\u00fcvence alt\u0131na al\u0131nacak.<\/p>\n<p>Avrupa Alevi Birlikleri Federasyonu (AABF) taraf\u0131ndan sosyal medya hesab\u0131ndan yap\u0131lan a\u00e7\u0131klamada \u201c10 Aral\u0131k 2020 tarihinde saat 10.30\u2019da d\u00fcnya Alevi tarihinde bir ilk olacak bu kazan\u0131m\u0131 bas\u0131n a\u00e7\u0131klamas\u0131yla kamuoyuna duyuraca\u011f\u0131z\u201d denildi.<\/p>\n<p>Konuyu Almanya Alevi Birlikleri Federasyonu Genel Ba\u015fkan\u0131 ve Avrupa Aleviler Konfederasyonu E\u015f Ba\u015fkan\u0131 H\u00fcseyin Mat ile Gazete Duvar i\u00e7in konu\u015ftuk.<\/p>\n<p>Kuzey Ren-Vestfalya eyaleti Alevilik\u2019i devlet stat\u00fcs\u00fcnde tan\u0131yaca\u011f\u0131n\u0131 duyurdunuz. Nas\u0131l bir stat\u00fcde olacak Alevilik?<\/p>\n<p>Yar\u0131n detaylar\u0131n\u0131 bas\u0131n toplant\u0131s\u0131nda a\u00e7\u0131klayaca\u011f\u0131z. Parlamento onaylamadan yasal olarak bu hakk\u0131 ald\u0131k diyemiyoruz. Yasal prosed\u00fcre uymam\u0131z gerekiyor. Eyalet Bakanlar Kurulu taraf\u0131ndan onayland\u0131, Ba\u015fbakan imzalad\u0131, bir tek parlamentoda okunup kabul edilmesi gerekiyor. Yar\u0131n sabah Meclis onaylad\u0131ktan sonra t\u00fcm detaylar\u0131yla a\u00e7\u0131klayaca\u011f\u0131z. \u015eunu s\u00f6yleyebilirim Aleviler Almanya devletinden alabilecekleri ne haklar\u0131 varsa alacaklar. Bu stat\u00fcye gelmek art\u0131k son a\u015famayd\u0131. Yar\u0131n Resmi Gazete\u2019de yay\u0131nlan\u0131p resmile\u015fecek.<\/p>\n<p>Yar\u0131n resmile\u015fecek olan karar\u0131n nas\u0131l bir i\u00e7eri\u011fi olacak?<\/p>\n<p>Kamu kurumu oluyoruz. Almanya\u2019da Alevilik di\u011fer din ve inan\u00e7 gruplar\u0131 gibi e\u015fit haklara sahip olacak. Yani Almanya\u2019daki Katolik, Ortodoks, Protestan kiliselerinin anayasal olarak hangi haklar\u0131 ve yetkileri varsa Aleviler de ayn\u0131 haklara sahip olacak. \u00d6zet olarak bu demek.<\/p>\n<p>Almanya\u2019da kiliselerin kendi vak\u0131f, hastane, okul, kre\u015f vb. kurumlar\u0131\u0131n a\u00e7ma haklar\u0131 var. Art\u0131k Aleviler de t\u00fcm bu haklara sahip olacak.<\/p>\n<p>Evet, kiliselerin konumu neyse bizim de konumumuz bu olacak. Cemevlerimiz, kiliseler ile e\u015fit stat\u00fcde temsil edilecek. Alevilerin haklar\u0131, bundan b\u00f6yle Alman devletinin g\u00fcvencesinde olacak.<\/p>\n<p>Kuzey Ren-Vestfalya eyaleti Alevlik inanc\u0131n\u0131 devlet stat\u00fcs\u00fcne alan, ilk tan\u0131yan eyalet oldu. Bunu di\u011fer eyaletler de takip edecek mi?<\/p>\n<p>Elbette, bu karar a\u00e7\u0131kland\u0131ktan sonra \u00f6rnek te\u015fkil edecek ve di\u011fer eyaletler de ayn\u0131 stat\u00fcye alacaklar. B\u00f6ylece t\u00fcm Almanya\u2019da Alevilik bu e\u015fitli\u011fi elde etmi\u015f olacak. Kilise vergisi diye bir vergi var bildi\u011finiz gibi Almanya\u2019da, art\u0131k biz de Cemevi vergisi alabilece\u011fiz. Ekonomik anlamda kiliselerin faydaland\u0131\u011f\u0131 fonlar, ayr\u0131cal\u0131klar ne varsa biz de faydalanabilece\u011fiz.<\/p>\n<p>Bu durumda Alevilik inanc\u0131 ve Cemevleri, camilerin konumunun \u00f6n\u00fcne ge\u00e7mi\u015f mi oluyor?<\/p>\n<p>Almanya\u2019da yedi ki\u015fi bir araya gelerek bir dernek kuruyor. \u015eimdi buradaki t\u00fcm camiler ve bizim federasyonumuza ba\u011fl\u0131 cemevleri hepsi dernek stat\u00fcs\u00fcne sahip. Di\u011fer \u0130slami kurumlara nazaran bizim dernek ve Alevilik kendine \u00f6zg\u00fc bir inan\u00e7 olarak kabul edildi. Biz ayn\u0131 zamanda bir inan\u00e7 toplumuyuz. Bu stat\u00fcy\u00fc hi\u00e7bir cami alm\u0131\u015f de\u011fil. Sadece Hindistan\u2019dan gelen, kendilerini Bahayiler diye adland\u0131ran ve \u0130slam inanc\u0131n\u0131n i\u00e7inde olduklar\u0131n\u0131 s\u00f6yleyen bir k\u00fc\u00e7\u00fck grup var. Bir tek onlar Hessen eyaletinde kurumsalla\u015fm\u0131\u015f durumdalar. Ama onlar\u0131 da T\u00fcrkiye\u2019deki ve Orta Do\u011fu\u2019daki hi\u00e7bir \u0130slami kurum M\u00fcsl\u00fcman olarak kabul etmiyor. Orta Do\u011fu\u2019dan ve T\u00fcrkiye\u2019den gelmi\u015f hi\u00e7bir topluluk bizim gibi inan\u00e7 kurumu olarak kabul edilmedi. Dernek kurduk \u00f6nce o onayland\u0131. Ard\u0131ndan bir inan\u00e7 toplumu olarak kabul g\u00f6rd\u00fck. \u015eimdi de en \u00fcst stat\u00fc olan devlet kurumu olduk. Camiler hala dernek stat\u00fcs\u00fcnde inan\u00e7 toplumu olarak dahi kabul edilmi\u015f de\u011filler.<\/p>\n<p>Siz bu konuma nas\u0131l geldiniz?<\/p>\n<p>Bunun arkas\u0131nda otuz y\u0131ll\u0131k bir m\u00fccadele var. B\u00fct\u00fcn dernekleriyle, birimleriyle bir hak m\u00fccadelesi verdik. Bu ayn\u0131 zamanda T\u00fcrk-\u0130slam senteziyle, ink\u00e2r politikalar\u0131yla hem bir y\u00fczle\u015fme hem de bir hesapla\u015fmad\u0131r. T\u00fcrkiye\u2019de ink\u00e2r ediliyorsunuz, asimilasyona maruz kal\u0131yorsunuz, katliamlar, soyk\u0131r\u0131mlar ya\u015f\u0131yor, g\u00f6\u00e7e zorlan\u0131yorsunuz. O insanlar hangi nedenlerden dolay\u0131 bu kadar bedel \u00f6deyip haks\u0131zl\u0131\u011fa u\u011frad\u0131lar? O haks\u0131zl\u0131\u011fa u\u011frad\u0131klar\u0131 nedenler, konular, kimlikleri ne varsa \u015fimdi onlar\u0131n ya\u015fat\u0131lmas\u0131 ve bu konular\u0131n Almanya\u2019da hak etti\u011fi yere gelmesi bizim i\u00e7in ayn\u0131 zamanda tarihle hesapla\u015fmakt\u0131r. Bizi ink\u00e2r edenlerle hesapla\u015fmak olarak g\u00f6r\u00fcyoruz. Ayr\u0131ca T\u00fcrkiye devletinin de bu ay\u0131pla y\u00fczle\u015fmesi gerekti\u011fini s\u00f6yl\u00fcyoruz. Bu \u00e7ok \u00f6nemli bir kazan\u0131m. Bizim art\u0131k Alman devletinin kap\u0131s\u0131n\u0131 \u00e7al\u0131p da \u015fu hakk\u0131m\u0131z\u0131 verin diyece\u011fimiz hi\u00e7bir konu kalmam\u0131\u015ft\u0131r.<\/p>\n<p>Bu karar\u0131n T\u00fcrkiye\u2019de ya\u015fayan Alevilere nas\u0131l bir getirisi olacakt\u0131r?<\/p>\n<p>Onlara moral, motivasyon olacak. T\u00fcrk-\u0130slam sentezine yaslanan devlet i\u00e7in de b\u00fcy\u00fck bir s\u0131k\u0131nt\u0131 ve sorun olacak. Alevilik dersleri okullarda ayr\u0131 verilsin dedi\u011fimizde ve bu hakk\u0131 ald\u0131\u011f\u0131m\u0131zda buna ilk itiraz eden T\u00fcrkiye\u2019nin Berlin B\u00fcy\u00fckel\u00e7isi oldu. \u201cAlevilik ayr\u0131 bir inan\u00e7 de\u011fil. \u0130slam dersi alt\u0131nda verilsin\u201d demi\u015fti. Almanya\u2019da bu ba\u015far\u0131y\u0131 elde etmek i\u00e7in emek veren kurucu \u00fcyelerimizden en ba\u015fta olma \u00fczere y\u00fczbinlerce g\u00f6n\u00fcll\u00fc can\u0131m\u0131z var. Biz Alevilik\u2019i kendine \u00f6zg\u00fc bir inan\u00e7 olarak kabul ettirdik. Bunu yapmam\u0131\u015f olsayd\u0131k ne okullarda Alevilik dersi verdirebilirdik ne de kamu kurumu olma hakk\u0131n\u0131 elde edebilirdik. \u2018\u0130slam var gidin \u0130slam\u2019\u0131n \u00e7at\u0131s\u0131 alt\u0131nda durun\u2019 derlerdi. Kendine \u00f6zg\u00fc bir inan\u00e7 dememiz bu haklar\u0131 elde etmemizde etkili olmu\u015ftur.<\/p>\n<p>Yar\u0131ndan itibaren kurumsalla\u015fma s\u00fcreci tamamland\u0131ktan sonra Aleviler i\u00e7in nas\u0131l bir d\u00f6nem ba\u015flayacak?<\/p>\n<p>Yar\u0131ndan itibaren elde etti\u011fimiz bu haklar\u0131n i\u00e7ini doldurmaya ba\u015flayaca\u011f\u0131z. Ne gibi haklar ve yetkiler do\u011fuyorsa bunlar\u0131n hepsini kullanaca\u011f\u0131z. Bizim a\u00e7\u0131m\u0131zdan da yeni bir d\u00f6nem. Devletten bu hakk\u0131 ald\u0131k s\u0131ra Alevilerin bu haklar\u0131 kullanmas\u0131na geldi. Art\u0131k dernek de\u011filiz, resmi ismimizde kamu t\u00fczel ki\u015fili\u011fi ge\u00e7ecek.<\/p>\n<hr \/>\n<p><em><strong><a href=\"https:\/\/www.gazeteduvar.com.tr\/dunyada-bir-ilk-alevilik-almanyada-kurumsal-statu-kazandi-haber-1506866\" target=\"_blank\" rel=\"noopener noreferrer\">Gazete Duvar<\/a><\/strong><\/em><\/p>\n","protected":false},"excerpt":{"rendered":"<p>K\u00d6LN \u2013 Almanya\u2019da din ve devlet i\u015fleri birbirinden ayr\u0131d\u0131r. Anayasa gere\u011fi devlet dinlere ve d\u00fcnya g\u00f6r\u00fc\u015flerine kar\u015f\u0131 tarafs\u0131z konumda olmay\u0131 taahh\u00fct etmi\u015ftir. Ancak \u2018tarafs\u0131z\u2019 olsa da, devlet dinlere kar\u015f\u0131 tamamen ilgisiz bir tutum i\u00e7inde de de\u011fildir. Dinin toplumsal b\u00fct\u00fcnle\u015fmeye katk\u0131 yapt\u0131\u011f\u0131 fikri siyasi bir uzla\u015fma konumunda duruyor. Bu nedenle Anayasa Mahkemesi devlete dinleri ve d\u00fcnya [&hellip;]<\/p>\n","protected":false},"author":7,"featured_media":60522,"comment_status":"open","ping_status":"open","sticky":false,"template":"","format":"standard","meta":{"footnotes":""},"categories":[1],"tags":[],"class_list":["post-60521","post","type-post","status-publish","format-standard","has-post-thumbnail","hentry","category-haberler"],"yoast_head":"<!-- This site is optimized with the Yoast SEO plugin v27.4 - https:\/\/yoast.com\/product\/yoast-seo-wordpress\/ -->\n<title>Bir ilk: Alevilik Almanya\u2019da kamu kurumu stat\u00fcs\u00fc kazan\u0131yor - Bati Ermenistan Ve Bati Ermenileri Sorunlari Ara\u015ftirmalar Merkezi<\/title>\n<meta name=\"robots\" content=\"index, follow, max-snippet:-1, max-image-preview:large, max-video-preview:-1\" \/>\n<link rel=\"canonical\" href=\"https:\/\/akunq.net\/tr\/?p=60521\" \/>\n<meta property=\"og:locale\" content=\"en_US\" \/>\n<meta property=\"og:type\" content=\"article\" \/>\n<meta property=\"og:title\" content=\"Bir ilk: Alevilik Almanya\u2019da kamu kurumu stat\u00fcs\u00fc kazan\u0131yor - Bati Ermenistan Ve Bati Ermenileri Sorunlari Ara\u015ftirmalar Merkezi\" \/>\n<meta property=\"og:description\" content=\"K\u00d6LN \u2013 Almanya\u2019da din ve devlet i\u015fleri birbirinden ayr\u0131d\u0131r. Anayasa gere\u011fi devlet dinlere ve d\u00fcnya g\u00f6r\u00fc\u015flerine kar\u015f\u0131 tarafs\u0131z konumda olmay\u0131 taahh\u00fct etmi\u015ftir. Ancak \u2018tarafs\u0131z\u2019 olsa da, devlet dinlere kar\u015f\u0131 tamamen ilgisiz bir tutum i\u00e7inde de de\u011fildir. Dinin toplumsal b\u00fct\u00fcnle\u015fmeye katk\u0131 yapt\u0131\u011f\u0131 fikri siyasi bir uzla\u015fma konumunda duruyor. Bu nedenle Anayasa Mahkemesi devlete dinleri ve d\u00fcnya [&hellip;]\" \/>\n<meta property=\"og:url\" content=\"https:\/\/akunq.net\/tr\/?p=60521\" \/>\n<meta property=\"og:site_name\" content=\"Bati Ermenistan Ve Bati Ermenileri Sorunlari Ara\u015ftirmalar Merkezi\" \/>\n<meta property=\"article:published_time\" content=\"2020-12-10T09:12:34+00:00\" \/>\n<meta property=\"article:modified_time\" content=\"2020-12-10T09:12:46+00:00\" \/>\n<meta property=\"og:image\" content=\"https:\/\/akunq.net\/tr\/wp-content\/uploads\/sites\/6\/2020\/12\/Aleviler.jpg\" \/>\n\t<meta property=\"og:image:width\" content=\"1280\" \/>\n\t<meta property=\"og:image:height\" content=\"720\" \/>\n\t<meta property=\"og:image:type\" content=\"image\/jpeg\" \/>\n<meta name=\"author\" content=\"admin\" \/>\n<meta name=\"twitter:card\" content=\"summary_large_image\" \/>\n<meta name=\"twitter:label1\" content=\"Written by\" \/>\n\t<meta name=\"twitter:data1\" content=\"admin\" \/>\n\t<meta name=\"twitter:label2\" content=\"Est. reading time\" \/>\n\t<meta name=\"twitter:data2\" content=\"6 minutes\" \/>\n<script type=\"application\/ld+json\" class=\"yoast-schema-graph\">{\"@context\":\"https:\\\/\\\/schema.org\",\"@graph\":[{\"@type\":\"Article\",\"@id\":\"https:\\\/\\\/akunq.net\\\/tr\\\/?p=60521#article\",\"isPartOf\":{\"@id\":\"https:\\\/\\\/akunq.net\\\/tr\\\/?p=60521\"},\"author\":{\"name\":\"admin\",\"@id\":\"https:\\\/\\\/akunq.net\\\/tr\\\/#\\\/schema\\\/person\\\/096f1d38a12cce57fb855b485ed24c9e\"},\"headline\":\"Bir ilk: Alevilik Almanya\u2019da kamu kurumu stat\u00fcs\u00fc kazan\u0131yor\",\"datePublished\":\"2020-12-10T09:12:34+00:00\",\"dateModified\":\"2020-12-10T09:12:46+00:00\",\"mainEntityOfPage\":{\"@id\":\"https:\\\/\\\/akunq.net\\\/tr\\\/?p=60521\"},\"wordCount\":1114,\"commentCount\":0,\"image\":{\"@id\":\"https:\\\/\\\/akunq.net\\\/tr\\\/?p=60521#primaryimage\"},\"thumbnailUrl\":\"https:\\\/\\\/akunq.net\\\/tr\\\/wp-content\\\/uploads\\\/sites\\\/6\\\/2020\\\/12\\\/Aleviler.jpg\",\"articleSection\":[\"Haberler\"],\"inLanguage\":\"en-US\",\"potentialAction\":[{\"@type\":\"CommentAction\",\"name\":\"Comment\",\"target\":[\"https:\\\/\\\/akunq.net\\\/tr\\\/?p=60521#respond\"]}]},{\"@type\":\"WebPage\",\"@id\":\"https:\\\/\\\/akunq.net\\\/tr\\\/?p=60521\",\"url\":\"https:\\\/\\\/akunq.net\\\/tr\\\/?p=60521\",\"name\":\"Bir ilk: Alevilik Almanya\u2019da kamu kurumu stat\u00fcs\u00fc kazan\u0131yor - Bati Ermenistan Ve Bati Ermenileri Sorunlari Ara\u015ftirmalar Merkezi\",\"isPartOf\":{\"@id\":\"https:\\\/\\\/akunq.net\\\/tr\\\/#website\"},\"primaryImageOfPage\":{\"@id\":\"https:\\\/\\\/akunq.net\\\/tr\\\/?p=60521#primaryimage\"},\"image\":{\"@id\":\"https:\\\/\\\/akunq.net\\\/tr\\\/?p=60521#primaryimage\"},\"thumbnailUrl\":\"https:\\\/\\\/akunq.net\\\/tr\\\/wp-content\\\/uploads\\\/sites\\\/6\\\/2020\\\/12\\\/Aleviler.jpg\",\"datePublished\":\"2020-12-10T09:12:34+00:00\",\"dateModified\":\"2020-12-10T09:12:46+00:00\",\"author\":{\"@id\":\"https:\\\/\\\/akunq.net\\\/tr\\\/#\\\/schema\\\/person\\\/096f1d38a12cce57fb855b485ed24c9e\"},\"breadcrumb\":{\"@id\":\"https:\\\/\\\/akunq.net\\\/tr\\\/?p=60521#breadcrumb\"},\"inLanguage\":\"en-US\",\"potentialAction\":[{\"@type\":\"ReadAction\",\"target\":[\"https:\\\/\\\/akunq.net\\\/tr\\\/?p=60521\"]}]},{\"@type\":\"ImageObject\",\"inLanguage\":\"en-US\",\"@id\":\"https:\\\/\\\/akunq.net\\\/tr\\\/?p=60521#primaryimage\",\"url\":\"https:\\\/\\\/akunq.net\\\/tr\\\/wp-content\\\/uploads\\\/sites\\\/6\\\/2020\\\/12\\\/Aleviler.jpg\",\"contentUrl\":\"https:\\\/\\\/akunq.net\\\/tr\\\/wp-content\\\/uploads\\\/sites\\\/6\\\/2020\\\/12\\\/Aleviler.jpg\",\"width\":1280,\"height\":720},{\"@type\":\"BreadcrumbList\",\"@id\":\"https:\\\/\\\/akunq.net\\\/tr\\\/?p=60521#breadcrumb\",\"itemListElement\":[{\"@type\":\"ListItem\",\"position\":1,\"name\":\"Home\",\"item\":\"https:\\\/\\\/akunq.net\\\/tr\"},{\"@type\":\"ListItem\",\"position\":2,\"name\":\"Bir ilk: Alevilik Almanya\u2019da kamu kurumu stat\u00fcs\u00fc kazan\u0131yor\"}]},{\"@type\":\"WebSite\",\"@id\":\"https:\\\/\\\/akunq.net\\\/tr\\\/#website\",\"url\":\"https:\\\/\\\/akunq.net\\\/tr\\\/\",\"name\":\"Bati Ermenistan Ve Bati Ermenileri Sorunlari Ara\u015ftirmalar Merkezi\",\"description\":\"\",\"potentialAction\":[{\"@type\":\"SearchAction\",\"target\":{\"@type\":\"EntryPoint\",\"urlTemplate\":\"https:\\\/\\\/akunq.net\\\/tr\\\/?s={search_term_string}\"},\"query-input\":{\"@type\":\"PropertyValueSpecification\",\"valueRequired\":true,\"valueName\":\"search_term_string\"}}],\"inLanguage\":\"en-US\"},{\"@type\":\"Person\",\"@id\":\"https:\\\/\\\/akunq.net\\\/tr\\\/#\\\/schema\\\/person\\\/096f1d38a12cce57fb855b485ed24c9e\",\"name\":\"admin\",\"url\":\"https:\\\/\\\/akunq.net\\\/tr\\\/?author=7\"}]}<\/script>\n<!-- \/ Yoast SEO plugin. -->","yoast_head_json":{"title":"Bir ilk: Alevilik Almanya\u2019da kamu kurumu stat\u00fcs\u00fc kazan\u0131yor - Bati Ermenistan Ve Bati Ermenileri Sorunlari Ara\u015ftirmalar Merkezi","robots":{"index":"index","follow":"follow","max-snippet":"max-snippet:-1","max-image-preview":"max-image-preview:large","max-video-preview":"max-video-preview:-1"},"canonical":"https:\/\/akunq.net\/tr\/?p=60521","og_locale":"en_US","og_type":"article","og_title":"Bir ilk: Alevilik Almanya\u2019da kamu kurumu stat\u00fcs\u00fc kazan\u0131yor - Bati Ermenistan Ve Bati Ermenileri Sorunlari Ara\u015ftirmalar Merkezi","og_description":"K\u00d6LN \u2013 Almanya\u2019da din ve devlet i\u015fleri birbirinden ayr\u0131d\u0131r. Anayasa gere\u011fi devlet dinlere ve d\u00fcnya g\u00f6r\u00fc\u015flerine kar\u015f\u0131 tarafs\u0131z konumda olmay\u0131 taahh\u00fct etmi\u015ftir. Ancak \u2018tarafs\u0131z\u2019 olsa da, devlet dinlere kar\u015f\u0131 tamamen ilgisiz bir tutum i\u00e7inde de de\u011fildir. Dinin toplumsal b\u00fct\u00fcnle\u015fmeye katk\u0131 yapt\u0131\u011f\u0131 fikri siyasi bir uzla\u015fma konumunda duruyor. Bu nedenle Anayasa Mahkemesi devlete dinleri ve d\u00fcnya [&hellip;]","og_url":"https:\/\/akunq.net\/tr\/?p=60521","og_site_name":"Bati Ermenistan Ve Bati Ermenileri Sorunlari Ara\u015ftirmalar Merkezi","article_published_time":"2020-12-10T09:12:34+00:00","article_modified_time":"2020-12-10T09:12:46+00:00","og_image":[{"width":1280,"height":720,"url":"https:\/\/akunq.net\/tr\/wp-content\/uploads\/sites\/6\/2020\/12\/Aleviler.jpg","type":"image\/jpeg"}],"author":"admin","twitter_card":"summary_large_image","twitter_misc":{"Written by":"admin","Est. reading time":"6 minutes"},"schema":{"@context":"https:\/\/schema.org","@graph":[{"@type":"Article","@id":"https:\/\/akunq.net\/tr\/?p=60521#article","isPartOf":{"@id":"https:\/\/akunq.net\/tr\/?p=60521"},"author":{"name":"admin","@id":"https:\/\/akunq.net\/tr\/#\/schema\/person\/096f1d38a12cce57fb855b485ed24c9e"},"headline":"Bir ilk: Alevilik Almanya\u2019da kamu kurumu stat\u00fcs\u00fc kazan\u0131yor","datePublished":"2020-12-10T09:12:34+00:00","dateModified":"2020-12-10T09:12:46+00:00","mainEntityOfPage":{"@id":"https:\/\/akunq.net\/tr\/?p=60521"},"wordCount":1114,"commentCount":0,"image":{"@id":"https:\/\/akunq.net\/tr\/?p=60521#primaryimage"},"thumbnailUrl":"https:\/\/akunq.net\/tr\/wp-content\/uploads\/sites\/6\/2020\/12\/Aleviler.jpg","articleSection":["Haberler"],"inLanguage":"en-US","potentialAction":[{"@type":"CommentAction","name":"Comment","target":["https:\/\/akunq.net\/tr\/?p=60521#respond"]}]},{"@type":"WebPage","@id":"https:\/\/akunq.net\/tr\/?p=60521","url":"https:\/\/akunq.net\/tr\/?p=60521","name":"Bir ilk: Alevilik Almanya\u2019da kamu kurumu stat\u00fcs\u00fc kazan\u0131yor - Bati Ermenistan Ve Bati Ermenileri Sorunlari Ara\u015ftirmalar Merkezi","isPartOf":{"@id":"https:\/\/akunq.net\/tr\/#website"},"primaryImageOfPage":{"@id":"https:\/\/akunq.net\/tr\/?p=60521#primaryimage"},"image":{"@id":"https:\/\/akunq.net\/tr\/?p=60521#primaryimage"},"thumbnailUrl":"https:\/\/akunq.net\/tr\/wp-content\/uploads\/sites\/6\/2020\/12\/Aleviler.jpg","datePublished":"2020-12-10T09:12:34+00:00","dateModified":"2020-12-10T09:12:46+00:00","author":{"@id":"https:\/\/akunq.net\/tr\/#\/schema\/person\/096f1d38a12cce57fb855b485ed24c9e"},"breadcrumb":{"@id":"https:\/\/akunq.net\/tr\/?p=60521#breadcrumb"},"inLanguage":"en-US","potentialAction":[{"@type":"ReadAction","target":["https:\/\/akunq.net\/tr\/?p=60521"]}]},{"@type":"ImageObject","inLanguage":"en-US","@id":"https:\/\/akunq.net\/tr\/?p=60521#primaryimage","url":"https:\/\/akunq.net\/tr\/wp-content\/uploads\/sites\/6\/2020\/12\/Aleviler.jpg","contentUrl":"https:\/\/akunq.net\/tr\/wp-content\/uploads\/sites\/6\/2020\/12\/Aleviler.jpg","width":1280,"height":720},{"@type":"BreadcrumbList","@id":"https:\/\/akunq.net\/tr\/?p=60521#breadcrumb","itemListElement":[{"@type":"ListItem","position":1,"name":"Home","item":"https:\/\/akunq.net\/tr"},{"@type":"ListItem","position":2,"name":"Bir ilk: Alevilik Almanya\u2019da kamu kurumu stat\u00fcs\u00fc kazan\u0131yor"}]},{"@type":"WebSite","@id":"https:\/\/akunq.net\/tr\/#website","url":"https:\/\/akunq.net\/tr\/","name":"Bati Ermenistan Ve Bati Ermenileri Sorunlari Ara\u015ftirmalar Merkezi","description":"","potentialAction":[{"@type":"SearchAction","target":{"@type":"EntryPoint","urlTemplate":"https:\/\/akunq.net\/tr\/?s={search_term_string}"},"query-input":{"@type":"PropertyValueSpecification","valueRequired":true,"valueName":"search_term_string"}}],"inLanguage":"en-US"},{"@type":"Person","@id":"https:\/\/akunq.net\/tr\/#\/schema\/person\/096f1d38a12cce57fb855b485ed24c9e","name":"admin","url":"https:\/\/akunq.net\/tr\/?author=7"}]}},"_links":{"self":[{"href":"https:\/\/akunq.net\/tr\/index.php?rest_route=\/wp\/v2\/posts\/60521","targetHints":{"allow":["GET"]}}],"collection":[{"href":"https:\/\/akunq.net\/tr\/index.php?rest_route=\/wp\/v2\/posts"}],"about":[{"href":"https:\/\/akunq.net\/tr\/index.php?rest_route=\/wp\/v2\/types\/post"}],"author":[{"embeddable":true,"href":"https:\/\/akunq.net\/tr\/index.php?rest_route=\/wp\/v2\/users\/7"}],"replies":[{"embeddable":true,"href":"https:\/\/akunq.net\/tr\/index.php?rest_route=%2Fwp%2Fv2%2Fcomments&post=60521"}],"version-history":[{"count":2,"href":"https:\/\/akunq.net\/tr\/index.php?rest_route=\/wp\/v2\/posts\/60521\/revisions"}],"predecessor-version":[{"id":60524,"href":"https:\/\/akunq.net\/tr\/index.php?rest_route=\/wp\/v2\/posts\/60521\/revisions\/60524"}],"wp:featuredmedia":[{"embeddable":true,"href":"https:\/\/akunq.net\/tr\/index.php?rest_route=\/wp\/v2\/media\/60522"}],"wp:attachment":[{"href":"https:\/\/akunq.net\/tr\/index.php?rest_route=%2Fwp%2Fv2%2Fmedia&parent=60521"}],"wp:term":[{"taxonomy":"category","embeddable":true,"href":"https:\/\/akunq.net\/tr\/index.php?rest_route=%2Fwp%2Fv2%2Fcategories&post=60521"},{"taxonomy":"post_tag","embeddable":true,"href":"https:\/\/akunq.net\/tr\/index.php?rest_route=%2Fwp%2Fv2%2Ftags&post=60521"}],"curies":[{"name":"wp","href":"https:\/\/api.w.org\/{rel}","templated":true}]}}