{"id":60518,"date":"2020-12-10T04:00:31","date_gmt":"2020-12-10T09:00:31","guid":{"rendered":"https:\/\/akunq.net\/tr\/?p=60518"},"modified":"2020-12-10T04:00:31","modified_gmt":"2020-12-10T09:00:31","slug":"reuters-ab-taslagi-turkiyeye-yaptirim-ongoruyor","status":"publish","type":"post","link":"https:\/\/akunq.net\/tr\/?p=60518","title":{"rendered":"Reuters: AB tasla\u011f\u0131 T\u00fcrkiye\u2019ye yapt\u0131r\u0131m \u00f6ng\u00f6r\u00fcyor"},"content":{"rendered":"<p><img loading=\"lazy\" decoding=\"async\" class=\"aligncenter size-medium wp-image-60519\" src=\"https:\/\/akunq.net\/tr\/wp-content\/uploads\/2020\/12\/Avrupa-Birligi-360x203.jpg\" alt=\"\" width=\"360\" height=\"203\" srcset=\"https:\/\/akunq.net\/tr\/wp-content\/uploads\/sites\/6\/2020\/12\/Avrupa-Birligi-360x203.jpg 360w, https:\/\/akunq.net\/tr\/wp-content\/uploads\/sites\/6\/2020\/12\/Avrupa-Birligi-768x432.jpg 768w, https:\/\/akunq.net\/tr\/wp-content\/uploads\/sites\/6\/2020\/12\/Avrupa-Birligi-560x315.jpg 560w, https:\/\/akunq.net\/tr\/wp-content\/uploads\/sites\/6\/2020\/12\/Avrupa-Birligi-260x146.jpg 260w, https:\/\/akunq.net\/tr\/wp-content\/uploads\/sites\/6\/2020\/12\/Avrupa-Birligi-160x90.jpg 160w, https:\/\/akunq.net\/tr\/wp-content\/uploads\/sites\/6\/2020\/12\/Avrupa-Birligi.jpg 1000w\" sizes=\"auto, (max-width: 360px) 100vw, 360px\" \/><\/p>\n<p><em><strong>AB liderler zirvesinin taslak metnine g\u00f6re Akdeniz&#8217;deki ihtilafl\u0131 sularda Ankara&#8217;n\u0131n yapt\u0131\u011f\u0131 do\u011fal gaz ve petrol sondaj\u0131n\u0131 y\u00fcr\u00fctmekle sorumlu T\u00fcrk ki\u015fi ve kurulu\u015flar\u0131na yapt\u0131r\u0131m getirilecek.<\/strong><\/em><\/p>\n<p>Avrupa Birli\u011fi (AB) liderlerinin 10-11 Aral\u0131k tarihlerindeki zirvede karara ba\u011flayaca\u011f\u0131 T\u00fcrkiye&#8217;ye yapt\u0131r\u0131mlar ile ilgili olarak Reuters haber ajans\u0131n\u0131n ula\u015ft\u0131\u011f\u0131 taslak metin \u00fczerinde liderlerin anla\u015fmas\u0131 halinde AB,\u00a0 2019 y\u0131l\u0131nda ba\u015flat\u0131lan yapt\u0131r\u0131mlara &#8220;ek listeler&#8221; haz\u0131rlayacak ve yapt\u0131r\u0131mlar\u0131n kapsam\u0131n\u0131n &#8220;ihtiya\u00e7 olmas\u0131 halinde geni\u015fletilmesi&#8221; \u00fczerinde \u00e7al\u0131\u015facak.<\/p>\n<p>K\u0131br\u0131s ve Yunanistan a\u00e7\u0131klar\u0131nda petrol ve do\u011falgaz sondaj\u0131 yapmas\u0131 nedeniyle ekim ay\u0131nda T\u00fcrkiye&#8217;nin sondaj faaliyetlerini durdurmak i\u00e7in yapt\u0131r\u0131m ba\u015flatma tehdidinde bulunan AB liderleri, Per\u015fembe g\u00fcn\u00fc\u00a0ba\u015flayacak zirvede yapt\u0131r\u0131mlar\u0131 ele alacak.<\/p>\n<p>Ekim ay\u0131ndaki AB liderler zirvesinde T\u00fcrkiye&#8217;nin Do\u011fu Akdeniz&#8217;deki do\u011fal gaz arama faaliyetleri g\u00f6r\u00fc\u015f\u00fclm\u00fc\u015f, ancak Fransa, Yunanistan ve K\u0131br\u0131s Cumhuriyeti&#8217;nin T\u00fcrkiye&#8217;ye yapt\u0131r\u0131m uygulanmas\u0131 talebi kabul edilmemi\u015fti.<\/p>\n<p>Ankara&#8217;ya &#8220;iyi niyetli g\u00f6r\u00fc\u015fmelere devam etmesi ve tek tarafl\u0131 eylemlerden ka\u00e7\u0131nmas\u0131&#8221; halinde AB ile daha yak\u0131n ba\u011flar ve daha iyi ticari ili\u015fkiler kurulabilece\u011fi mesaj\u0131 verilmi\u015f, T\u00fcrkiye&#8217;nin faaliyetlerini s\u00fcrd\u00fcrmesi durumunda ise aral\u0131k ay\u0131ndaki zirvede yapt\u0131r\u0131mlar\u0131n g\u00fcndeme al\u0131naca\u011f\u0131 tehdidinde bulunulmu\u015ftu.<\/p>\n<h2>Yunanistan daha g\u00fc\u00e7l\u00fc yapt\u0131r\u0131m istiyor<\/h2>\n<p>AB diplomatlar\u0131 Yunanistan&#8217;\u0131n yapt\u0131r\u0131mlar\u0131 yeterince g\u00fc\u00e7l\u00fc bulmad\u0131\u011f\u0131n\u0131 ve taslak metin \u00fczerinde m\u00fczakerelerin devam etti\u011fini belirtti.\u00a0K\u0131br\u0131sl\u0131 bir diplomat &#8220;ek listeler&#8221; haz\u0131rlanmas\u0131na olumlu bakt\u0131klar\u0131n\u0131 belirterek, &#8220;\u015eubat veya marta kadar T\u00fcrkiye\u2019nin tavr\u0131nda bir de\u011fi\u015fiklik olmad\u0131\u011f\u0131 takdirde daha sonraki safhalarda sekt\u00f6rel \u00f6nlemler de g\u00f6rmek istiyoruz&#8221; dedi.<\/p>\n<p>Fransa T\u00fcrkiye ekonomisine y\u00f6nelik olarak &#8220;sekt\u00f6rel&#8221; baz\u0131 yapt\u0131r\u0131mlar uygulanmas\u0131na destek veriyor.<\/p>\n<p>Taslak metinde, Avrupa Komisyonu D\u0131\u015f \u0130li\u015fkiler ve G\u00fcvenlik Politikas\u0131 Y\u00fcksek Temsilcisi Josep Borrell&#8217;in Mart 2021&#8217;deki bir sonraki zirveye kadar nas\u0131l ilerlenece\u011fi konusunda haz\u0131rl\u0131k yapmas\u0131 gerekti\u011fi belirtiliyor.<\/p>\n<p>Taslak metinde ayr\u0131ca AB&#8217;nin olas\u0131 yapt\u0131r\u0131m konular\u0131nda Amerika Birle\u015fik Devletleri (ABD) ile koordineli hareket edece\u011fi belirtiliyor. T\u00fcrkiye&#8217;ye S-400 yapt\u0131r\u0131mlar\u0131n\u0131 da i\u00e7eren Ulusal Savunma Yetkilendirme Yasa Tasar\u0131s\u0131 (NDAA) ABD Temsilciler Meclisi&#8217;nde kabul edildi. Kongre&#8217;nin di\u011fer kanad\u0131 olan Senato&#8217;daki oylaman\u0131n bu hafta i\u00e7inde yap\u0131lmas\u0131 \u00f6ng\u00f6r\u00fcl\u00fcyor.<\/p>\n<h2>Do\u011fu Akdeniz yapt\u0131r\u0131mlar\u0131<\/h2>\n<p>AB, 2019&#8217;da Do\u011fu Akdeniz&#8217;de &#8220;izinsiz aramalar\u0131&#8221; cezaland\u0131rmak i\u00e7in bir yapt\u0131r\u0131m program\u0131 olu\u015fturarak K\u0131br\u0131s Cumhuriyeti&#8217;nin m\u00fcnhas\u0131r ekonomik b\u00f6lgesinde veya k\u0131ta sahanl\u0131\u011f\u0131ndaki faaliyetleri planlamak veya faaliyetlere kat\u0131lmakla su\u00e7lanan ki\u015fi ve \u015firketlerin varl\u0131klar\u0131n\u0131 dondurmu\u015ftu.<\/p>\n<p>\u015eu ana dek T\u00fcrkiye Petrolleri Anonim Ortakl\u0131\u011f\u0131&#8217;n\u0131n (TPAO) iki \u00fcst d\u00fczey yetkilisi yapt\u0131r\u0131m listesine al\u0131nd\u0131, ancak K\u0131br\u0131s Cumhuriyeti bu y\u0131l\u0131n ba\u015flar\u0131nda, yapt\u0131r\u0131m kapsam\u0131na al\u0131nmas\u0131n\u0131 istedi\u011fi isimlerden olu\u015fan bir listeyi AB&#8217;ye sunmu\u015ftu.<\/p>\n<p>2011 y\u0131l\u0131nda Ada a\u00e7\u0131klar\u0131nda do\u011fal gaz bulan K\u0131br\u0131s Cumhuriyeti, \u00e7ok uluslu \u015firketlere petrol ve do\u011fal gaz ara\u015ft\u0131rma lisans\u0131 verdi\u011fi ada \u00e7evresindeki deniz b\u00f6lgelerinde T\u00fcrkiye ile anla\u015fmazl\u0131k ya\u015f\u0131yor.<\/p>\n<p>K\u0131br\u0131s Cumhuriyeti h\u00fck\u00fcmeti ile diplomatik ili\u015fkileri bulunmayan T\u00fcrkiye, kendi k\u0131ta sahanl\u0131\u011f\u0131nda veya K\u0131br\u0131s T\u00fcrklerinin haklar\u0131n\u0131n oldu\u011fu sularda faaliyet g\u00f6sterdi\u011fini s\u00f6yl\u00fcyor.<\/p>\n<p>Anadolu Ajans\u0131&#8217;n\u0131n haberine g\u00f6re Cumhurba\u015fkanl\u0131\u011f\u0131 S\u00f6zc\u00fcs\u00fc \u0130brahim Kal\u0131n, AB Konseyinin T\u00fcrkiye&#8217;ye yapt\u0131r\u0131m d\u00fc\u015f\u00fcncesinin &#8220;hayal k\u0131r\u0131kl\u0131\u011f\u0131&#8221; yaratt\u0131\u011f\u0131n\u0131 belirterek Avrupal\u0131 liderlere bundan ka\u00e7\u0131nma \u00e7a\u011fr\u0131s\u0131nda bulundu.<\/p>\n<p><em><strong>Reuters \/ SSB,ET<\/strong><\/em><\/p>\n<p><em><strong>\u00a9 Deutsche Welle T\u00fcrk\u00e7e<\/strong><\/em><\/p>\n<p><em><strong>https:\/\/www.dw.com\/tr\/reuters-ab-tasla%C4%9F%C4%B1-t%C3%BCrkiyeye-yapt%C4%B1r%C4%B1m-%C3%B6ng%C3%B6r%C3%BCyor\/a-55886778<\/strong><\/em><\/p>\n","protected":false},"excerpt":{"rendered":"<p>AB liderler zirvesinin taslak metnine g\u00f6re Akdeniz&#8217;deki ihtilafl\u0131 sularda Ankara&#8217;n\u0131n yapt\u0131\u011f\u0131 do\u011fal gaz ve petrol sondaj\u0131n\u0131 y\u00fcr\u00fctmekle sorumlu T\u00fcrk ki\u015fi ve kurulu\u015flar\u0131na yapt\u0131r\u0131m getirilecek. Avrupa Birli\u011fi (AB) liderlerinin 10-11 Aral\u0131k tarihlerindeki zirvede karara ba\u011flayaca\u011f\u0131 T\u00fcrkiye&#8217;ye yapt\u0131r\u0131mlar ile ilgili olarak Reuters haber ajans\u0131n\u0131n ula\u015ft\u0131\u011f\u0131 taslak metin \u00fczerinde liderlerin anla\u015fmas\u0131 halinde AB,\u00a0 2019 y\u0131l\u0131nda ba\u015flat\u0131lan yapt\u0131r\u0131mlara &#8220;ek [&hellip;]<\/p>\n","protected":false},"author":7,"featured_media":60519,"comment_status":"open","ping_status":"open","sticky":false,"template":"","format":"standard","meta":{"footnotes":""},"categories":[1],"tags":[],"class_list":["post-60518","post","type-post","status-publish","format-standard","has-post-thumbnail","hentry","category-haberler"],"yoast_head":"<!-- This site is optimized with the Yoast SEO plugin v27.4 - https:\/\/yoast.com\/product\/yoast-seo-wordpress\/ -->\n<title>Reuters: AB tasla\u011f\u0131 T\u00fcrkiye\u2019ye yapt\u0131r\u0131m \u00f6ng\u00f6r\u00fcyor - Bati Ermenistan Ve Bati Ermenileri Sorunlari Ara\u015ftirmalar Merkezi<\/title>\n<meta name=\"robots\" content=\"index, follow, max-snippet:-1, max-image-preview:large, max-video-preview:-1\" \/>\n<link rel=\"canonical\" href=\"https:\/\/akunq.net\/tr\/?p=60518\" \/>\n<meta property=\"og:locale\" content=\"en_US\" \/>\n<meta property=\"og:type\" content=\"article\" \/>\n<meta property=\"og:title\" content=\"Reuters: AB tasla\u011f\u0131 T\u00fcrkiye\u2019ye yapt\u0131r\u0131m \u00f6ng\u00f6r\u00fcyor - Bati Ermenistan Ve Bati Ermenileri Sorunlari Ara\u015ftirmalar Merkezi\" \/>\n<meta property=\"og:description\" content=\"AB liderler zirvesinin taslak metnine g\u00f6re Akdeniz&#8217;deki ihtilafl\u0131 sularda Ankara&#8217;n\u0131n yapt\u0131\u011f\u0131 do\u011fal gaz ve petrol sondaj\u0131n\u0131 y\u00fcr\u00fctmekle sorumlu T\u00fcrk ki\u015fi ve kurulu\u015flar\u0131na yapt\u0131r\u0131m getirilecek. Avrupa Birli\u011fi (AB) liderlerinin 10-11 Aral\u0131k tarihlerindeki zirvede karara ba\u011flayaca\u011f\u0131 T\u00fcrkiye&#8217;ye yapt\u0131r\u0131mlar ile ilgili olarak Reuters haber ajans\u0131n\u0131n ula\u015ft\u0131\u011f\u0131 taslak metin \u00fczerinde liderlerin anla\u015fmas\u0131 halinde AB,\u00a0 2019 y\u0131l\u0131nda ba\u015flat\u0131lan yapt\u0131r\u0131mlara &#8220;ek [&hellip;]\" \/>\n<meta property=\"og:url\" content=\"https:\/\/akunq.net\/tr\/?p=60518\" \/>\n<meta property=\"og:site_name\" content=\"Bati Ermenistan Ve Bati Ermenileri Sorunlari Ara\u015ftirmalar Merkezi\" \/>\n<meta property=\"article:published_time\" content=\"2020-12-10T09:00:31+00:00\" \/>\n<meta property=\"og:image\" content=\"https:\/\/akunq.net\/tr\/wp-content\/uploads\/sites\/6\/2020\/12\/Avrupa-Birligi.jpg\" \/>\n\t<meta property=\"og:image:width\" content=\"1000\" \/>\n\t<meta property=\"og:image:height\" content=\"563\" \/>\n\t<meta property=\"og:image:type\" content=\"image\/jpeg\" \/>\n<meta name=\"author\" content=\"admin\" \/>\n<meta name=\"twitter:card\" content=\"summary_large_image\" \/>\n<meta name=\"twitter:label1\" content=\"Written by\" \/>\n\t<meta name=\"twitter:data1\" content=\"admin\" \/>\n\t<meta name=\"twitter:label2\" content=\"Est. reading time\" \/>\n\t<meta name=\"twitter:data2\" content=\"3 minutes\" \/>\n<script type=\"application\/ld+json\" class=\"yoast-schema-graph\">{\"@context\":\"https:\\\/\\\/schema.org\",\"@graph\":[{\"@type\":\"Article\",\"@id\":\"https:\\\/\\\/akunq.net\\\/tr\\\/?p=60518#article\",\"isPartOf\":{\"@id\":\"https:\\\/\\\/akunq.net\\\/tr\\\/?p=60518\"},\"author\":{\"name\":\"admin\",\"@id\":\"https:\\\/\\\/akunq.net\\\/tr\\\/#\\\/schema\\\/person\\\/096f1d38a12cce57fb855b485ed24c9e\"},\"headline\":\"Reuters: AB tasla\u011f\u0131 T\u00fcrkiye\u2019ye yapt\u0131r\u0131m \u00f6ng\u00f6r\u00fcyor\",\"datePublished\":\"2020-12-10T09:00:31+00:00\",\"mainEntityOfPage\":{\"@id\":\"https:\\\/\\\/akunq.net\\\/tr\\\/?p=60518\"},\"wordCount\":701,\"commentCount\":0,\"image\":{\"@id\":\"https:\\\/\\\/akunq.net\\\/tr\\\/?p=60518#primaryimage\"},\"thumbnailUrl\":\"https:\\\/\\\/akunq.net\\\/tr\\\/wp-content\\\/uploads\\\/sites\\\/6\\\/2020\\\/12\\\/Avrupa-Birligi.jpg\",\"articleSection\":[\"Haberler\"],\"inLanguage\":\"en-US\",\"potentialAction\":[{\"@type\":\"CommentAction\",\"name\":\"Comment\",\"target\":[\"https:\\\/\\\/akunq.net\\\/tr\\\/?p=60518#respond\"]}]},{\"@type\":\"WebPage\",\"@id\":\"https:\\\/\\\/akunq.net\\\/tr\\\/?p=60518\",\"url\":\"https:\\\/\\\/akunq.net\\\/tr\\\/?p=60518\",\"name\":\"Reuters: AB tasla\u011f\u0131 T\u00fcrkiye\u2019ye yapt\u0131r\u0131m \u00f6ng\u00f6r\u00fcyor - Bati Ermenistan Ve Bati Ermenileri Sorunlari Ara\u015ftirmalar Merkezi\",\"isPartOf\":{\"@id\":\"https:\\\/\\\/akunq.net\\\/tr\\\/#website\"},\"primaryImageOfPage\":{\"@id\":\"https:\\\/\\\/akunq.net\\\/tr\\\/?p=60518#primaryimage\"},\"image\":{\"@id\":\"https:\\\/\\\/akunq.net\\\/tr\\\/?p=60518#primaryimage\"},\"thumbnailUrl\":\"https:\\\/\\\/akunq.net\\\/tr\\\/wp-content\\\/uploads\\\/sites\\\/6\\\/2020\\\/12\\\/Avrupa-Birligi.jpg\",\"datePublished\":\"2020-12-10T09:00:31+00:00\",\"author\":{\"@id\":\"https:\\\/\\\/akunq.net\\\/tr\\\/#\\\/schema\\\/person\\\/096f1d38a12cce57fb855b485ed24c9e\"},\"breadcrumb\":{\"@id\":\"https:\\\/\\\/akunq.net\\\/tr\\\/?p=60518#breadcrumb\"},\"inLanguage\":\"en-US\",\"potentialAction\":[{\"@type\":\"ReadAction\",\"target\":[\"https:\\\/\\\/akunq.net\\\/tr\\\/?p=60518\"]}]},{\"@type\":\"ImageObject\",\"inLanguage\":\"en-US\",\"@id\":\"https:\\\/\\\/akunq.net\\\/tr\\\/?p=60518#primaryimage\",\"url\":\"https:\\\/\\\/akunq.net\\\/tr\\\/wp-content\\\/uploads\\\/sites\\\/6\\\/2020\\\/12\\\/Avrupa-Birligi.jpg\",\"contentUrl\":\"https:\\\/\\\/akunq.net\\\/tr\\\/wp-content\\\/uploads\\\/sites\\\/6\\\/2020\\\/12\\\/Avrupa-Birligi.jpg\",\"width\":1000,\"height\":563},{\"@type\":\"BreadcrumbList\",\"@id\":\"https:\\\/\\\/akunq.net\\\/tr\\\/?p=60518#breadcrumb\",\"itemListElement\":[{\"@type\":\"ListItem\",\"position\":1,\"name\":\"Home\",\"item\":\"https:\\\/\\\/akunq.net\\\/tr\"},{\"@type\":\"ListItem\",\"position\":2,\"name\":\"Reuters: AB tasla\u011f\u0131 T\u00fcrkiye\u2019ye yapt\u0131r\u0131m \u00f6ng\u00f6r\u00fcyor\"}]},{\"@type\":\"WebSite\",\"@id\":\"https:\\\/\\\/akunq.net\\\/tr\\\/#website\",\"url\":\"https:\\\/\\\/akunq.net\\\/tr\\\/\",\"name\":\"Bati Ermenistan Ve Bati Ermenileri Sorunlari Ara\u015ftirmalar Merkezi\",\"description\":\"\",\"potentialAction\":[{\"@type\":\"SearchAction\",\"target\":{\"@type\":\"EntryPoint\",\"urlTemplate\":\"https:\\\/\\\/akunq.net\\\/tr\\\/?s={search_term_string}\"},\"query-input\":{\"@type\":\"PropertyValueSpecification\",\"valueRequired\":true,\"valueName\":\"search_term_string\"}}],\"inLanguage\":\"en-US\"},{\"@type\":\"Person\",\"@id\":\"https:\\\/\\\/akunq.net\\\/tr\\\/#\\\/schema\\\/person\\\/096f1d38a12cce57fb855b485ed24c9e\",\"name\":\"admin\",\"url\":\"https:\\\/\\\/akunq.net\\\/tr\\\/?author=7\"}]}<\/script>\n<!-- \/ Yoast SEO plugin. -->","yoast_head_json":{"title":"Reuters: AB tasla\u011f\u0131 T\u00fcrkiye\u2019ye yapt\u0131r\u0131m \u00f6ng\u00f6r\u00fcyor - Bati Ermenistan Ve Bati Ermenileri Sorunlari Ara\u015ftirmalar Merkezi","robots":{"index":"index","follow":"follow","max-snippet":"max-snippet:-1","max-image-preview":"max-image-preview:large","max-video-preview":"max-video-preview:-1"},"canonical":"https:\/\/akunq.net\/tr\/?p=60518","og_locale":"en_US","og_type":"article","og_title":"Reuters: AB tasla\u011f\u0131 T\u00fcrkiye\u2019ye yapt\u0131r\u0131m \u00f6ng\u00f6r\u00fcyor - Bati Ermenistan Ve Bati Ermenileri Sorunlari Ara\u015ftirmalar Merkezi","og_description":"AB liderler zirvesinin taslak metnine g\u00f6re Akdeniz&#8217;deki ihtilafl\u0131 sularda Ankara&#8217;n\u0131n yapt\u0131\u011f\u0131 do\u011fal gaz ve petrol sondaj\u0131n\u0131 y\u00fcr\u00fctmekle sorumlu T\u00fcrk ki\u015fi ve kurulu\u015flar\u0131na yapt\u0131r\u0131m getirilecek. Avrupa Birli\u011fi (AB) liderlerinin 10-11 Aral\u0131k tarihlerindeki zirvede karara ba\u011flayaca\u011f\u0131 T\u00fcrkiye&#8217;ye yapt\u0131r\u0131mlar ile ilgili olarak Reuters haber ajans\u0131n\u0131n ula\u015ft\u0131\u011f\u0131 taslak metin \u00fczerinde liderlerin anla\u015fmas\u0131 halinde AB,\u00a0 2019 y\u0131l\u0131nda ba\u015flat\u0131lan yapt\u0131r\u0131mlara &#8220;ek [&hellip;]","og_url":"https:\/\/akunq.net\/tr\/?p=60518","og_site_name":"Bati Ermenistan Ve Bati Ermenileri Sorunlari Ara\u015ftirmalar Merkezi","article_published_time":"2020-12-10T09:00:31+00:00","og_image":[{"width":1000,"height":563,"url":"https:\/\/akunq.net\/tr\/wp-content\/uploads\/sites\/6\/2020\/12\/Avrupa-Birligi.jpg","type":"image\/jpeg"}],"author":"admin","twitter_card":"summary_large_image","twitter_misc":{"Written by":"admin","Est. reading time":"3 minutes"},"schema":{"@context":"https:\/\/schema.org","@graph":[{"@type":"Article","@id":"https:\/\/akunq.net\/tr\/?p=60518#article","isPartOf":{"@id":"https:\/\/akunq.net\/tr\/?p=60518"},"author":{"name":"admin","@id":"https:\/\/akunq.net\/tr\/#\/schema\/person\/096f1d38a12cce57fb855b485ed24c9e"},"headline":"Reuters: AB tasla\u011f\u0131 T\u00fcrkiye\u2019ye yapt\u0131r\u0131m \u00f6ng\u00f6r\u00fcyor","datePublished":"2020-12-10T09:00:31+00:00","mainEntityOfPage":{"@id":"https:\/\/akunq.net\/tr\/?p=60518"},"wordCount":701,"commentCount":0,"image":{"@id":"https:\/\/akunq.net\/tr\/?p=60518#primaryimage"},"thumbnailUrl":"https:\/\/akunq.net\/tr\/wp-content\/uploads\/sites\/6\/2020\/12\/Avrupa-Birligi.jpg","articleSection":["Haberler"],"inLanguage":"en-US","potentialAction":[{"@type":"CommentAction","name":"Comment","target":["https:\/\/akunq.net\/tr\/?p=60518#respond"]}]},{"@type":"WebPage","@id":"https:\/\/akunq.net\/tr\/?p=60518","url":"https:\/\/akunq.net\/tr\/?p=60518","name":"Reuters: AB tasla\u011f\u0131 T\u00fcrkiye\u2019ye yapt\u0131r\u0131m \u00f6ng\u00f6r\u00fcyor - Bati Ermenistan Ve Bati Ermenileri Sorunlari Ara\u015ftirmalar Merkezi","isPartOf":{"@id":"https:\/\/akunq.net\/tr\/#website"},"primaryImageOfPage":{"@id":"https:\/\/akunq.net\/tr\/?p=60518#primaryimage"},"image":{"@id":"https:\/\/akunq.net\/tr\/?p=60518#primaryimage"},"thumbnailUrl":"https:\/\/akunq.net\/tr\/wp-content\/uploads\/sites\/6\/2020\/12\/Avrupa-Birligi.jpg","datePublished":"2020-12-10T09:00:31+00:00","author":{"@id":"https:\/\/akunq.net\/tr\/#\/schema\/person\/096f1d38a12cce57fb855b485ed24c9e"},"breadcrumb":{"@id":"https:\/\/akunq.net\/tr\/?p=60518#breadcrumb"},"inLanguage":"en-US","potentialAction":[{"@type":"ReadAction","target":["https:\/\/akunq.net\/tr\/?p=60518"]}]},{"@type":"ImageObject","inLanguage":"en-US","@id":"https:\/\/akunq.net\/tr\/?p=60518#primaryimage","url":"https:\/\/akunq.net\/tr\/wp-content\/uploads\/sites\/6\/2020\/12\/Avrupa-Birligi.jpg","contentUrl":"https:\/\/akunq.net\/tr\/wp-content\/uploads\/sites\/6\/2020\/12\/Avrupa-Birligi.jpg","width":1000,"height":563},{"@type":"BreadcrumbList","@id":"https:\/\/akunq.net\/tr\/?p=60518#breadcrumb","itemListElement":[{"@type":"ListItem","position":1,"name":"Home","item":"https:\/\/akunq.net\/tr"},{"@type":"ListItem","position":2,"name":"Reuters: AB tasla\u011f\u0131 T\u00fcrkiye\u2019ye yapt\u0131r\u0131m \u00f6ng\u00f6r\u00fcyor"}]},{"@type":"WebSite","@id":"https:\/\/akunq.net\/tr\/#website","url":"https:\/\/akunq.net\/tr\/","name":"Bati Ermenistan Ve Bati Ermenileri Sorunlari Ara\u015ftirmalar Merkezi","description":"","potentialAction":[{"@type":"SearchAction","target":{"@type":"EntryPoint","urlTemplate":"https:\/\/akunq.net\/tr\/?s={search_term_string}"},"query-input":{"@type":"PropertyValueSpecification","valueRequired":true,"valueName":"search_term_string"}}],"inLanguage":"en-US"},{"@type":"Person","@id":"https:\/\/akunq.net\/tr\/#\/schema\/person\/096f1d38a12cce57fb855b485ed24c9e","name":"admin","url":"https:\/\/akunq.net\/tr\/?author=7"}]}},"_links":{"self":[{"href":"https:\/\/akunq.net\/tr\/index.php?rest_route=\/wp\/v2\/posts\/60518","targetHints":{"allow":["GET"]}}],"collection":[{"href":"https:\/\/akunq.net\/tr\/index.php?rest_route=\/wp\/v2\/posts"}],"about":[{"href":"https:\/\/akunq.net\/tr\/index.php?rest_route=\/wp\/v2\/types\/post"}],"author":[{"embeddable":true,"href":"https:\/\/akunq.net\/tr\/index.php?rest_route=\/wp\/v2\/users\/7"}],"replies":[{"embeddable":true,"href":"https:\/\/akunq.net\/tr\/index.php?rest_route=%2Fwp%2Fv2%2Fcomments&post=60518"}],"version-history":[{"count":1,"href":"https:\/\/akunq.net\/tr\/index.php?rest_route=\/wp\/v2\/posts\/60518\/revisions"}],"predecessor-version":[{"id":60520,"href":"https:\/\/akunq.net\/tr\/index.php?rest_route=\/wp\/v2\/posts\/60518\/revisions\/60520"}],"wp:featuredmedia":[{"embeddable":true,"href":"https:\/\/akunq.net\/tr\/index.php?rest_route=\/wp\/v2\/media\/60519"}],"wp:attachment":[{"href":"https:\/\/akunq.net\/tr\/index.php?rest_route=%2Fwp%2Fv2%2Fmedia&parent=60518"}],"wp:term":[{"taxonomy":"category","embeddable":true,"href":"https:\/\/akunq.net\/tr\/index.php?rest_route=%2Fwp%2Fv2%2Fcategories&post=60518"},{"taxonomy":"post_tag","embeddable":true,"href":"https:\/\/akunq.net\/tr\/index.php?rest_route=%2Fwp%2Fv2%2Ftags&post=60518"}],"curies":[{"name":"wp","href":"https:\/\/api.w.org\/{rel}","templated":true}]}}