{"id":60515,"date":"2020-12-10T03:53:42","date_gmt":"2020-12-10T08:53:42","guid":{"rendered":"https:\/\/akunq.net\/tr\/?p=60515"},"modified":"2020-12-10T03:53:42","modified_gmt":"2020-12-10T08:53:42","slug":"2020-uluslararasi-nefret-soylemi-ve-ayrimcilik-konferansi","status":"publish","type":"post","link":"https:\/\/akunq.net\/tr\/?p=60515","title":{"rendered":"2020 Uluslararas\u0131 Nefret S\u00f6ylemi ve Ayr\u0131mc\u0131l\u0131k Konferans\u0131"},"content":{"rendered":"<p><img loading=\"lazy\" decoding=\"async\" class=\"aligncenter size-medium wp-image-60516\" src=\"https:\/\/akunq.net\/tr\/wp-content\/uploads\/2020\/12\/Dink-Vakfi-360x193.jpeg\" alt=\"\" width=\"360\" height=\"193\" srcset=\"https:\/\/akunq.net\/tr\/wp-content\/uploads\/sites\/6\/2020\/12\/Dink-Vakfi-360x193.jpeg 360w, https:\/\/akunq.net\/tr\/wp-content\/uploads\/sites\/6\/2020\/12\/Dink-Vakfi-260x139.jpeg 260w, https:\/\/akunq.net\/tr\/wp-content\/uploads\/sites\/6\/2020\/12\/Dink-Vakfi-160x86.jpeg 160w, https:\/\/akunq.net\/tr\/wp-content\/uploads\/sites\/6\/2020\/12\/Dink-Vakfi.jpeg 439w\" sizes=\"auto, (max-width: 360px) 100vw, 360px\" \/><\/p>\n<p><em><strong>Hrant Dink Vakf\u0131\u2019n\u0131n, Friedrich Naumann Vakf\u0131 ve \u0130sve\u00e7 D\u0131\u015fi\u015fleri Bakanl\u0131\u011f\u0131 deste\u011fiyle d\u00fczenleyece\u011fi, &#8216;Uluslararas\u0131 Nefret S\u00f6ylemi ve Ayr\u0131mc\u0131l\u0131k Konferans\u0131&#8217;na davetlisiniz!<\/strong><\/em><\/p>\n<p>Konferans, 11-12 Aral\u0131k 2020\u2019de \u00e7evrimi\u00e7i olarak yap\u0131lacak. Sivil toplum temsilcilerinin, akademisyenlerin, hukuk\u00e7ular\u0131n, meslek \u00f6rg\u00fctlerinin, medya \u00e7al\u0131\u015fanlar\u0131n\u0131n ve gazetecilerin bir araya gelece\u011fi konferansta, yeni akademik \u00e7al\u0131\u015fmalara ve sahada m\u00fccadele y\u00f6ntemlerine ortak bir tart\u0131\u015fma zemini a\u00e7\u0131lmas\u0131 hedefleniyor.<\/p>\n<p>\u0130ki g\u00fcn s\u00fcrecek olan konferansta birbirinden de\u011ferli akademisyen ve uzmanlarla konu\u015fmak, birlikte d\u00fc\u015f\u00fcnmek ve sorular\u0131n\u0131z\u0131 sormak; tan\u0131\u015fma etkinli\u011fi ve HDV mutfak at\u00f6lyesi gibi \u00e7evrimi\u00e7i yan etkinliklerimize kat\u0131lmak i\u00e7in kay\u0131t yapt\u0131rabilirsiniz!<\/p>\n<div class=\"typeform-widget\" data-url=\"https:\/\/form.typeform.com\/to\/hiuJeP61\">\n<div class=\"widget__WidgetWrapper-sc-1rxjz1n-0 NwqzB\">\n<div class=\"widget__IframeWrapper-sc-1rxjz1n-2 cKLpKc\"><iframe loading=\"lazy\" title=\"typeform-embed\" src=\"https:\/\/form.typeform.com\/to\/hiuJeP61?typeform-embed=embed-widget&amp;typeform-source=hrantdink.org&amp;typeform-medium=embed-sdk&amp;typeform-embed-id=katxh\" width=\"100%\" height=\"100%\" frameborder=\"0\" data-qa=\"iframe\" data-mce-fragment=\"1\"><\/iframe><\/div>\n<\/div>\n<\/div>\n<p>Kay\u0131t yapt\u0131ran kat\u0131l\u0131mc\u0131lara etkinli\u011fin Zoom linki ve yan etkinlikler i\u00e7in detayl\u0131 bilgiler e-posta yoluyla payla\u015f\u0131lacakt\u0131r.<\/p>\n<p>Konferans boyunca T\u00fcrk\u00e7e ve \u0130ngilizce dillerinde e\u015f zamanl\u0131 \u00e7eviri olacakt\u0131r.<\/p>\n<p>#YeniBirDil\u0130\u00e7in #NefretS\u00f6ylemineHay\u0131r<\/p>\n<p><em><strong>https:\/\/hrantdink.org\/tr\/asulis\/faaliyetler\/konferans<\/strong><\/em><\/p>\n","protected":false},"excerpt":{"rendered":"<p>Hrant Dink Vakf\u0131\u2019n\u0131n, Friedrich Naumann Vakf\u0131 ve \u0130sve\u00e7 D\u0131\u015fi\u015fleri Bakanl\u0131\u011f\u0131 deste\u011fiyle d\u00fczenleyece\u011fi, &#8216;Uluslararas\u0131 Nefret S\u00f6ylemi ve Ayr\u0131mc\u0131l\u0131k Konferans\u0131&#8217;na davetlisiniz! Konferans, 11-12 Aral\u0131k 2020\u2019de \u00e7evrimi\u00e7i olarak yap\u0131lacak. Sivil toplum temsilcilerinin, akademisyenlerin, hukuk\u00e7ular\u0131n, meslek \u00f6rg\u00fctlerinin, medya \u00e7al\u0131\u015fanlar\u0131n\u0131n ve gazetecilerin bir araya gelece\u011fi konferansta, yeni akademik \u00e7al\u0131\u015fmalara ve sahada m\u00fccadele y\u00f6ntemlerine ortak bir tart\u0131\u015fma zemini a\u00e7\u0131lmas\u0131 hedefleniyor. \u0130ki [&hellip;]<\/p>\n","protected":false},"author":7,"featured_media":60516,"comment_status":"open","ping_status":"open","sticky":false,"template":"","format":"standard","meta":{"footnotes":""},"categories":[1],"tags":[],"class_list":["post-60515","post","type-post","status-publish","format-standard","has-post-thumbnail","hentry","category-haberler"],"yoast_head":"<!-- This site is optimized with the Yoast SEO plugin v27.4 - https:\/\/yoast.com\/product\/yoast-seo-wordpress\/ -->\n<title>2020 Uluslararas\u0131 Nefret S\u00f6ylemi ve Ayr\u0131mc\u0131l\u0131k Konferans\u0131 - Bati Ermenistan Ve Bati Ermenileri Sorunlari Ara\u015ftirmalar Merkezi<\/title>\n<meta name=\"robots\" content=\"index, follow, max-snippet:-1, max-image-preview:large, max-video-preview:-1\" \/>\n<link rel=\"canonical\" href=\"https:\/\/akunq.net\/tr\/?p=60515\" \/>\n<meta property=\"og:locale\" content=\"en_US\" \/>\n<meta property=\"og:type\" content=\"article\" \/>\n<meta property=\"og:title\" content=\"2020 Uluslararas\u0131 Nefret S\u00f6ylemi ve Ayr\u0131mc\u0131l\u0131k Konferans\u0131 - Bati Ermenistan Ve Bati Ermenileri Sorunlari Ara\u015ftirmalar Merkezi\" \/>\n<meta property=\"og:description\" content=\"Hrant Dink Vakf\u0131\u2019n\u0131n, Friedrich Naumann Vakf\u0131 ve \u0130sve\u00e7 D\u0131\u015fi\u015fleri Bakanl\u0131\u011f\u0131 deste\u011fiyle d\u00fczenleyece\u011fi, &#8216;Uluslararas\u0131 Nefret S\u00f6ylemi ve Ayr\u0131mc\u0131l\u0131k Konferans\u0131&#8217;na davetlisiniz! Konferans, 11-12 Aral\u0131k 2020\u2019de \u00e7evrimi\u00e7i olarak yap\u0131lacak. Sivil toplum temsilcilerinin, akademisyenlerin, hukuk\u00e7ular\u0131n, meslek \u00f6rg\u00fctlerinin, medya \u00e7al\u0131\u015fanlar\u0131n\u0131n ve gazetecilerin bir araya gelece\u011fi konferansta, yeni akademik \u00e7al\u0131\u015fmalara ve sahada m\u00fccadele y\u00f6ntemlerine ortak bir tart\u0131\u015fma zemini a\u00e7\u0131lmas\u0131 hedefleniyor. \u0130ki [&hellip;]\" \/>\n<meta property=\"og:url\" content=\"https:\/\/akunq.net\/tr\/?p=60515\" \/>\n<meta property=\"og:site_name\" content=\"Bati Ermenistan Ve Bati Ermenileri Sorunlari Ara\u015ftirmalar Merkezi\" \/>\n<meta property=\"article:published_time\" content=\"2020-12-10T08:53:42+00:00\" \/>\n<meta property=\"og:image\" content=\"https:\/\/akunq.net\/tr\/wp-content\/uploads\/sites\/6\/2020\/12\/Dink-Vakfi.jpeg\" \/>\n\t<meta property=\"og:image:width\" content=\"439\" \/>\n\t<meta property=\"og:image:height\" content=\"235\" \/>\n\t<meta property=\"og:image:type\" content=\"image\/jpeg\" \/>\n<meta name=\"author\" content=\"admin\" \/>\n<meta name=\"twitter:card\" content=\"summary_large_image\" \/>\n<meta name=\"twitter:label1\" content=\"Written by\" \/>\n\t<meta name=\"twitter:data1\" content=\"admin\" \/>\n\t<meta name=\"twitter:label2\" content=\"Est. reading time\" \/>\n\t<meta name=\"twitter:data2\" content=\"1 minute\" \/>\n<script type=\"application\/ld+json\" class=\"yoast-schema-graph\">{\"@context\":\"https:\\\/\\\/schema.org\",\"@graph\":[{\"@type\":\"Article\",\"@id\":\"https:\\\/\\\/akunq.net\\\/tr\\\/?p=60515#article\",\"isPartOf\":{\"@id\":\"https:\\\/\\\/akunq.net\\\/tr\\\/?p=60515\"},\"author\":{\"name\":\"admin\",\"@id\":\"https:\\\/\\\/akunq.net\\\/tr\\\/#\\\/schema\\\/person\\\/096f1d38a12cce57fb855b485ed24c9e\"},\"headline\":\"2020 Uluslararas\u0131 Nefret S\u00f6ylemi ve Ayr\u0131mc\u0131l\u0131k Konferans\u0131\",\"datePublished\":\"2020-12-10T08:53:42+00:00\",\"mainEntityOfPage\":{\"@id\":\"https:\\\/\\\/akunq.net\\\/tr\\\/?p=60515\"},\"wordCount\":185,\"commentCount\":0,\"image\":{\"@id\":\"https:\\\/\\\/akunq.net\\\/tr\\\/?p=60515#primaryimage\"},\"thumbnailUrl\":\"https:\\\/\\\/akunq.net\\\/tr\\\/wp-content\\\/uploads\\\/sites\\\/6\\\/2020\\\/12\\\/Dink-Vakfi.jpeg\",\"articleSection\":[\"Haberler\"],\"inLanguage\":\"en-US\",\"potentialAction\":[{\"@type\":\"CommentAction\",\"name\":\"Comment\",\"target\":[\"https:\\\/\\\/akunq.net\\\/tr\\\/?p=60515#respond\"]}]},{\"@type\":\"WebPage\",\"@id\":\"https:\\\/\\\/akunq.net\\\/tr\\\/?p=60515\",\"url\":\"https:\\\/\\\/akunq.net\\\/tr\\\/?p=60515\",\"name\":\"2020 Uluslararas\u0131 Nefret S\u00f6ylemi ve Ayr\u0131mc\u0131l\u0131k Konferans\u0131 - Bati Ermenistan Ve Bati Ermenileri Sorunlari Ara\u015ftirmalar Merkezi\",\"isPartOf\":{\"@id\":\"https:\\\/\\\/akunq.net\\\/tr\\\/#website\"},\"primaryImageOfPage\":{\"@id\":\"https:\\\/\\\/akunq.net\\\/tr\\\/?p=60515#primaryimage\"},\"image\":{\"@id\":\"https:\\\/\\\/akunq.net\\\/tr\\\/?p=60515#primaryimage\"},\"thumbnailUrl\":\"https:\\\/\\\/akunq.net\\\/tr\\\/wp-content\\\/uploads\\\/sites\\\/6\\\/2020\\\/12\\\/Dink-Vakfi.jpeg\",\"datePublished\":\"2020-12-10T08:53:42+00:00\",\"author\":{\"@id\":\"https:\\\/\\\/akunq.net\\\/tr\\\/#\\\/schema\\\/person\\\/096f1d38a12cce57fb855b485ed24c9e\"},\"breadcrumb\":{\"@id\":\"https:\\\/\\\/akunq.net\\\/tr\\\/?p=60515#breadcrumb\"},\"inLanguage\":\"en-US\",\"potentialAction\":[{\"@type\":\"ReadAction\",\"target\":[\"https:\\\/\\\/akunq.net\\\/tr\\\/?p=60515\"]}]},{\"@type\":\"ImageObject\",\"inLanguage\":\"en-US\",\"@id\":\"https:\\\/\\\/akunq.net\\\/tr\\\/?p=60515#primaryimage\",\"url\":\"https:\\\/\\\/akunq.net\\\/tr\\\/wp-content\\\/uploads\\\/sites\\\/6\\\/2020\\\/12\\\/Dink-Vakfi.jpeg\",\"contentUrl\":\"https:\\\/\\\/akunq.net\\\/tr\\\/wp-content\\\/uploads\\\/sites\\\/6\\\/2020\\\/12\\\/Dink-Vakfi.jpeg\",\"width\":439,\"height\":235},{\"@type\":\"BreadcrumbList\",\"@id\":\"https:\\\/\\\/akunq.net\\\/tr\\\/?p=60515#breadcrumb\",\"itemListElement\":[{\"@type\":\"ListItem\",\"position\":1,\"name\":\"Home\",\"item\":\"https:\\\/\\\/akunq.net\\\/tr\"},{\"@type\":\"ListItem\",\"position\":2,\"name\":\"2020 Uluslararas\u0131 Nefret S\u00f6ylemi ve Ayr\u0131mc\u0131l\u0131k Konferans\u0131\"}]},{\"@type\":\"WebSite\",\"@id\":\"https:\\\/\\\/akunq.net\\\/tr\\\/#website\",\"url\":\"https:\\\/\\\/akunq.net\\\/tr\\\/\",\"name\":\"Bati Ermenistan Ve Bati Ermenileri Sorunlari Ara\u015ftirmalar Merkezi\",\"description\":\"\",\"potentialAction\":[{\"@type\":\"SearchAction\",\"target\":{\"@type\":\"EntryPoint\",\"urlTemplate\":\"https:\\\/\\\/akunq.net\\\/tr\\\/?s={search_term_string}\"},\"query-input\":{\"@type\":\"PropertyValueSpecification\",\"valueRequired\":true,\"valueName\":\"search_term_string\"}}],\"inLanguage\":\"en-US\"},{\"@type\":\"Person\",\"@id\":\"https:\\\/\\\/akunq.net\\\/tr\\\/#\\\/schema\\\/person\\\/096f1d38a12cce57fb855b485ed24c9e\",\"name\":\"admin\",\"url\":\"https:\\\/\\\/akunq.net\\\/tr\\\/?author=7\"}]}<\/script>\n<!-- \/ Yoast SEO plugin. -->","yoast_head_json":{"title":"2020 Uluslararas\u0131 Nefret S\u00f6ylemi ve Ayr\u0131mc\u0131l\u0131k Konferans\u0131 - Bati Ermenistan Ve Bati Ermenileri Sorunlari Ara\u015ftirmalar Merkezi","robots":{"index":"index","follow":"follow","max-snippet":"max-snippet:-1","max-image-preview":"max-image-preview:large","max-video-preview":"max-video-preview:-1"},"canonical":"https:\/\/akunq.net\/tr\/?p=60515","og_locale":"en_US","og_type":"article","og_title":"2020 Uluslararas\u0131 Nefret S\u00f6ylemi ve Ayr\u0131mc\u0131l\u0131k Konferans\u0131 - Bati Ermenistan Ve Bati Ermenileri Sorunlari Ara\u015ftirmalar Merkezi","og_description":"Hrant Dink Vakf\u0131\u2019n\u0131n, Friedrich Naumann Vakf\u0131 ve \u0130sve\u00e7 D\u0131\u015fi\u015fleri Bakanl\u0131\u011f\u0131 deste\u011fiyle d\u00fczenleyece\u011fi, &#8216;Uluslararas\u0131 Nefret S\u00f6ylemi ve Ayr\u0131mc\u0131l\u0131k Konferans\u0131&#8217;na davetlisiniz! Konferans, 11-12 Aral\u0131k 2020\u2019de \u00e7evrimi\u00e7i olarak yap\u0131lacak. Sivil toplum temsilcilerinin, akademisyenlerin, hukuk\u00e7ular\u0131n, meslek \u00f6rg\u00fctlerinin, medya \u00e7al\u0131\u015fanlar\u0131n\u0131n ve gazetecilerin bir araya gelece\u011fi konferansta, yeni akademik \u00e7al\u0131\u015fmalara ve sahada m\u00fccadele y\u00f6ntemlerine ortak bir tart\u0131\u015fma zemini a\u00e7\u0131lmas\u0131 hedefleniyor. \u0130ki [&hellip;]","og_url":"https:\/\/akunq.net\/tr\/?p=60515","og_site_name":"Bati Ermenistan Ve Bati Ermenileri Sorunlari Ara\u015ftirmalar Merkezi","article_published_time":"2020-12-10T08:53:42+00:00","og_image":[{"width":439,"height":235,"url":"https:\/\/akunq.net\/tr\/wp-content\/uploads\/sites\/6\/2020\/12\/Dink-Vakfi.jpeg","type":"image\/jpeg"}],"author":"admin","twitter_card":"summary_large_image","twitter_misc":{"Written by":"admin","Est. reading time":"1 minute"},"schema":{"@context":"https:\/\/schema.org","@graph":[{"@type":"Article","@id":"https:\/\/akunq.net\/tr\/?p=60515#article","isPartOf":{"@id":"https:\/\/akunq.net\/tr\/?p=60515"},"author":{"name":"admin","@id":"https:\/\/akunq.net\/tr\/#\/schema\/person\/096f1d38a12cce57fb855b485ed24c9e"},"headline":"2020 Uluslararas\u0131 Nefret S\u00f6ylemi ve Ayr\u0131mc\u0131l\u0131k Konferans\u0131","datePublished":"2020-12-10T08:53:42+00:00","mainEntityOfPage":{"@id":"https:\/\/akunq.net\/tr\/?p=60515"},"wordCount":185,"commentCount":0,"image":{"@id":"https:\/\/akunq.net\/tr\/?p=60515#primaryimage"},"thumbnailUrl":"https:\/\/akunq.net\/tr\/wp-content\/uploads\/sites\/6\/2020\/12\/Dink-Vakfi.jpeg","articleSection":["Haberler"],"inLanguage":"en-US","potentialAction":[{"@type":"CommentAction","name":"Comment","target":["https:\/\/akunq.net\/tr\/?p=60515#respond"]}]},{"@type":"WebPage","@id":"https:\/\/akunq.net\/tr\/?p=60515","url":"https:\/\/akunq.net\/tr\/?p=60515","name":"2020 Uluslararas\u0131 Nefret S\u00f6ylemi ve Ayr\u0131mc\u0131l\u0131k Konferans\u0131 - Bati Ermenistan Ve Bati Ermenileri Sorunlari Ara\u015ftirmalar Merkezi","isPartOf":{"@id":"https:\/\/akunq.net\/tr\/#website"},"primaryImageOfPage":{"@id":"https:\/\/akunq.net\/tr\/?p=60515#primaryimage"},"image":{"@id":"https:\/\/akunq.net\/tr\/?p=60515#primaryimage"},"thumbnailUrl":"https:\/\/akunq.net\/tr\/wp-content\/uploads\/sites\/6\/2020\/12\/Dink-Vakfi.jpeg","datePublished":"2020-12-10T08:53:42+00:00","author":{"@id":"https:\/\/akunq.net\/tr\/#\/schema\/person\/096f1d38a12cce57fb855b485ed24c9e"},"breadcrumb":{"@id":"https:\/\/akunq.net\/tr\/?p=60515#breadcrumb"},"inLanguage":"en-US","potentialAction":[{"@type":"ReadAction","target":["https:\/\/akunq.net\/tr\/?p=60515"]}]},{"@type":"ImageObject","inLanguage":"en-US","@id":"https:\/\/akunq.net\/tr\/?p=60515#primaryimage","url":"https:\/\/akunq.net\/tr\/wp-content\/uploads\/sites\/6\/2020\/12\/Dink-Vakfi.jpeg","contentUrl":"https:\/\/akunq.net\/tr\/wp-content\/uploads\/sites\/6\/2020\/12\/Dink-Vakfi.jpeg","width":439,"height":235},{"@type":"BreadcrumbList","@id":"https:\/\/akunq.net\/tr\/?p=60515#breadcrumb","itemListElement":[{"@type":"ListItem","position":1,"name":"Home","item":"https:\/\/akunq.net\/tr"},{"@type":"ListItem","position":2,"name":"2020 Uluslararas\u0131 Nefret S\u00f6ylemi ve Ayr\u0131mc\u0131l\u0131k Konferans\u0131"}]},{"@type":"WebSite","@id":"https:\/\/akunq.net\/tr\/#website","url":"https:\/\/akunq.net\/tr\/","name":"Bati Ermenistan Ve Bati Ermenileri Sorunlari Ara\u015ftirmalar Merkezi","description":"","potentialAction":[{"@type":"SearchAction","target":{"@type":"EntryPoint","urlTemplate":"https:\/\/akunq.net\/tr\/?s={search_term_string}"},"query-input":{"@type":"PropertyValueSpecification","valueRequired":true,"valueName":"search_term_string"}}],"inLanguage":"en-US"},{"@type":"Person","@id":"https:\/\/akunq.net\/tr\/#\/schema\/person\/096f1d38a12cce57fb855b485ed24c9e","name":"admin","url":"https:\/\/akunq.net\/tr\/?author=7"}]}},"_links":{"self":[{"href":"https:\/\/akunq.net\/tr\/index.php?rest_route=\/wp\/v2\/posts\/60515","targetHints":{"allow":["GET"]}}],"collection":[{"href":"https:\/\/akunq.net\/tr\/index.php?rest_route=\/wp\/v2\/posts"}],"about":[{"href":"https:\/\/akunq.net\/tr\/index.php?rest_route=\/wp\/v2\/types\/post"}],"author":[{"embeddable":true,"href":"https:\/\/akunq.net\/tr\/index.php?rest_route=\/wp\/v2\/users\/7"}],"replies":[{"embeddable":true,"href":"https:\/\/akunq.net\/tr\/index.php?rest_route=%2Fwp%2Fv2%2Fcomments&post=60515"}],"version-history":[{"count":1,"href":"https:\/\/akunq.net\/tr\/index.php?rest_route=\/wp\/v2\/posts\/60515\/revisions"}],"predecessor-version":[{"id":60517,"href":"https:\/\/akunq.net\/tr\/index.php?rest_route=\/wp\/v2\/posts\/60515\/revisions\/60517"}],"wp:featuredmedia":[{"embeddable":true,"href":"https:\/\/akunq.net\/tr\/index.php?rest_route=\/wp\/v2\/media\/60516"}],"wp:attachment":[{"href":"https:\/\/akunq.net\/tr\/index.php?rest_route=%2Fwp%2Fv2%2Fmedia&parent=60515"}],"wp:term":[{"taxonomy":"category","embeddable":true,"href":"https:\/\/akunq.net\/tr\/index.php?rest_route=%2Fwp%2Fv2%2Fcategories&post=60515"},{"taxonomy":"post_tag","embeddable":true,"href":"https:\/\/akunq.net\/tr\/index.php?rest_route=%2Fwp%2Fv2%2Ftags&post=60515"}],"curies":[{"name":"wp","href":"https:\/\/api.w.org\/{rel}","templated":true}]}}