{"id":60495,"date":"2020-12-09T03:40:52","date_gmt":"2020-12-09T08:40:52","guid":{"rendered":"https:\/\/akunq.net\/tr\/?p=60495"},"modified":"2020-12-09T03:41:26","modified_gmt":"2020-12-09T08:41:26","slug":"rusya-lavrov-ve-cavusoglu-karabagi-ukraynayi-ve-rus-gazetecilerle-ilgili-durumu-gorustu","status":"publish","type":"post","link":"https:\/\/akunq.net\/tr\/?p=60495","title":{"rendered":"Rusya: Lavrov ve \u00c7avu\u015fo\u011flu Karaba\u011f\u2019\u0131, Ukrayna\u2019y\u0131 ve Rus gazetecilerle ilgili durumu g\u00f6r\u00fc\u015ft\u00fc"},"content":{"rendered":"<div class=\"b-article__lead\">\n<p><img loading=\"lazy\" decoding=\"async\" class=\"aligncenter size-medium wp-image-60496\" src=\"https:\/\/akunq.net\/tr\/wp-content\/uploads\/2020\/12\/Lavrov-360x204.jpg\" alt=\"\" width=\"360\" height=\"204\" srcset=\"https:\/\/akunq.net\/tr\/wp-content\/uploads\/sites\/6\/2020\/12\/Lavrov-360x204.jpg 360w, https:\/\/akunq.net\/tr\/wp-content\/uploads\/sites\/6\/2020\/12\/Lavrov-768x435.jpg 768w, https:\/\/akunq.net\/tr\/wp-content\/uploads\/sites\/6\/2020\/12\/Lavrov-560x317.jpg 560w, https:\/\/akunq.net\/tr\/wp-content\/uploads\/sites\/6\/2020\/12\/Lavrov-260x147.jpg 260w, https:\/\/akunq.net\/tr\/wp-content\/uploads\/sites\/6\/2020\/12\/Lavrov-160x91.jpg 160w, https:\/\/akunq.net\/tr\/wp-content\/uploads\/sites\/6\/2020\/12\/Lavrov.jpg 1017w\" sizes=\"auto, (max-width: 360px) 100vw, 360px\" \/><\/p>\n<p><em><strong>Rusya D\u0131\u015fi\u015fleri Bakanl\u0131\u011f\u0131, Bakan Sergey Lavrov\u2019un T\u00fcrk mevkida\u015f\u0131 Mevl\u00fct \u00c7avu\u015fo\u011flu ile yapt\u0131\u011f\u0131 telefon g\u00f6r\u00fc\u015fmesinde Da\u011fl\u0131k Karaba\u011f \u00e7\u00f6z\u00fcm\u00fc, Ukrayna\u2019daki durum ve \u0130stanbul\u2019da g\u00f6zalt\u0131na al\u0131nan ve ard\u0131ndan serbest b\u0131rak\u0131lan Rus gazeteciler gibi konular\u0131n ele al\u0131nd\u0131\u011f\u0131n\u0131 duyurdu.<\/strong><\/em><\/p>\n<\/div>\n<div class=\"b-article__text\">\n<p>Bakanl\u0131ktan yap\u0131lan a\u00e7\u0131klamada,\u00a0<a href=\"https:\/\/tr.sputniknews.com\/turkiye\/202012081043364092-bakan-cavusoglu-rusya-disisleri-bakani-lavrov-ile-gorustu\/\" target=\"_blank\" rel=\"noopener noreferrer\">Rusya D\u0131\u015fi\u015fleri Bakan\u0131 Sergey Lavrov ve T\u00fcrkiye D\u0131\u015fi\u015fleri Bakan\u0131 Mevl\u00fct \u00c7avu\u015fo\u011flu\u2019nun aras\u0131nda ger\u00e7ekle\u015fen telefon g\u00f6r\u00fc\u015fmesinde\u00a0<\/a>Da\u011fl\u0131k Karaba\u011f \u00e7\u00f6z\u00fcm\u00fc, Ukrayna\u2019daki durum ve \u0130stanbul\u2019da g\u00f6zalt\u0131na al\u0131nan ve ard\u0131ndan serbest b\u0131rak\u0131lan Rus gazeteciler gibi konular\u0131n ele al\u0131nd\u0131\u011f\u0131 belirtildi.<\/p>\n<p>A\u00e7\u0131klamada, \u201cOrtak g\u00f6zlem merkezi \u00e7er\u00e7evesinde iki \u00fclkenin\u00a0<strong>Da\u011fl\u0131k Karaba\u011f&#8217;daki <em>(Artsakh Cumhuriyeti-&#8216;Akunq; web sitesi)<\/em> ate\u015fkesin<\/strong>\u00a0g\u00fc\u00e7lendirilmesi ve G\u00fcney Kafkasya\u2019daki durumun istikrar kazanmaya devam etmesi i\u00e7in \u00e7abalar\u0131n\u0131 koordine etmeye devam etme ihtiyac\u0131 vurguland\u0131\u201d ifadelerine yer verildi.<\/p>\n<p>G\u00f6r\u00fc\u015fme s\u0131ras\u0131nda \u2018bakanlar\u0131n Ukrayna\u2019daki i\u00e7 krizin \u00e7\u00f6z\u00fcm\u00fcne ili\u015fkin mevcut durum hakk\u0131nda g\u00f6r\u00fc\u015f al\u0131\u015fveri\u015finde bulunduklar\u0131\u2019 kaydedilen a\u00e7\u0131klamada, \u015f\u00f6yle denildi:<\/p>\n<p>\u201cTaraflar, \u00e7at\u0131\u015fman\u0131n taraflar\u0131 ars\u0131nda var\u0131lan anla\u015fmalara uyman\u0131n \u00f6nemini teyit ederek, b\u00f6lgedeki durumun k\u00f6t\u00fcle\u015fmesine yol a\u00e7abilecek provokatif eylemlerin kabul edilemez oldu\u011funu yineledi.\u201d<\/p>\n<p><strong>\u2018Moskova T\u00fcrk mahkemesinin Rus gazetecileri serbest b\u0131rakma karar\u0131ndan memnun\u2019<\/strong><\/p>\n<p><strong>Lavrov\u2019un<\/strong>, T\u00fcrk mahkemesinin<a href=\"https:\/\/tr.sputniknews.com\/turkiye\/202012071043356786-iletisim-baskanligi-askeri-tesisi-izinsiz-goruntulemek-isterken-gozaltina-alinan-iki-rus-vatandasi\/\" target=\"_blank\" rel=\"noopener noreferrer\">\u00a0\u0130stanbul\u2019da g\u00f6zalt\u0131na al\u0131nan Rus NTV televizyonu \u00e7al\u0131\u015fanlar\u0131n\u0131n serbest b\u0131rak\u0131lmas\u0131\u00a0<\/a>ile ilgili karar\u0131ndan duydu\u011fu memnuniyeti dile getirdi\u011fi ifade edilen a\u00e7\u0131klamada, \u201c\u0130kili ve uluslararas\u0131 g\u00fcndemdeki baz\u0131 konulara de\u011finildi. Rus taraf\u0131, T\u00fcrk mahkemesinin 3 Aral\u0131k&#8217;ta T\u00fcrkiye\u2019de g\u00f6zalt\u0131na al\u0131nan NTV televizyonunun Rus gazetecilerinin serbest b\u0131rak\u0131lmas\u0131 karar\u0131ndan duydu\u011fu memnuniyeti dile getirdi\u201d denildi.<\/p>\n<p>A\u00e7\u0131klamada ayr\u0131ca, \u201cKoronavir\u00fcs enfeksiyonunun yay\u0131lmas\u0131 yava\u015flad\u0131k\u00e7a Rusya-T\u00fcrkiye \u00fcst d\u00fczey temaslar\u0131n\u0131n yeniden ba\u015flat\u0131lmas\u0131n\u0131n \u00f6nemine de\u011finildi\u201d ifadeleri kullan\u0131ld\u0131.<\/p>\n<p><em><strong>https:\/\/tr.sputniknews.com\/rusya\/202012081043364329-rusya-lavrov-ve-cavusoglu-karabagi-ukraynayi-ve-rus-gazetecilerle-ilgili-durumu-gorustu\/<\/strong><\/em><\/p>\n<\/div>\n","protected":false},"excerpt":{"rendered":"<p>Rusya D\u0131\u015fi\u015fleri Bakanl\u0131\u011f\u0131, Bakan Sergey Lavrov\u2019un T\u00fcrk mevkida\u015f\u0131 Mevl\u00fct \u00c7avu\u015fo\u011flu ile yapt\u0131\u011f\u0131 telefon g\u00f6r\u00fc\u015fmesinde Da\u011fl\u0131k Karaba\u011f \u00e7\u00f6z\u00fcm\u00fc, Ukrayna\u2019daki durum ve \u0130stanbul\u2019da g\u00f6zalt\u0131na al\u0131nan ve ard\u0131ndan serbest b\u0131rak\u0131lan Rus gazeteciler gibi konular\u0131n ele al\u0131nd\u0131\u011f\u0131n\u0131 duyurdu. Bakanl\u0131ktan yap\u0131lan a\u00e7\u0131klamada,\u00a0Rusya D\u0131\u015fi\u015fleri Bakan\u0131 Sergey Lavrov ve T\u00fcrkiye D\u0131\u015fi\u015fleri Bakan\u0131 Mevl\u00fct \u00c7avu\u015fo\u011flu\u2019nun aras\u0131nda ger\u00e7ekle\u015fen telefon g\u00f6r\u00fc\u015fmesinde\u00a0Da\u011fl\u0131k Karaba\u011f \u00e7\u00f6z\u00fcm\u00fc, Ukrayna\u2019daki durum [&hellip;]<\/p>\n","protected":false},"author":7,"featured_media":60496,"comment_status":"open","ping_status":"open","sticky":false,"template":"","format":"standard","meta":{"footnotes":""},"categories":[1],"tags":[],"class_list":["post-60495","post","type-post","status-publish","format-standard","has-post-thumbnail","hentry","category-haberler"],"yoast_head":"<!-- This site is optimized with the Yoast SEO plugin v27.4 - https:\/\/yoast.com\/product\/yoast-seo-wordpress\/ -->\n<title>Rusya: Lavrov ve \u00c7avu\u015fo\u011flu Karaba\u011f\u2019\u0131, Ukrayna\u2019y\u0131 ve Rus gazetecilerle ilgili durumu g\u00f6r\u00fc\u015ft\u00fc - Bati Ermenistan Ve Bati Ermenileri Sorunlari Ara\u015ftirmalar Merkezi<\/title>\n<meta name=\"robots\" content=\"index, follow, max-snippet:-1, max-image-preview:large, max-video-preview:-1\" \/>\n<link rel=\"canonical\" href=\"https:\/\/akunq.net\/tr\/?p=60495\" \/>\n<meta property=\"og:locale\" content=\"en_US\" \/>\n<meta property=\"og:type\" content=\"article\" \/>\n<meta property=\"og:title\" content=\"Rusya: Lavrov ve \u00c7avu\u015fo\u011flu Karaba\u011f\u2019\u0131, Ukrayna\u2019y\u0131 ve Rus gazetecilerle ilgili durumu g\u00f6r\u00fc\u015ft\u00fc - Bati Ermenistan Ve Bati Ermenileri Sorunlari Ara\u015ftirmalar Merkezi\" \/>\n<meta property=\"og:description\" content=\"Rusya D\u0131\u015fi\u015fleri Bakanl\u0131\u011f\u0131, Bakan Sergey Lavrov\u2019un T\u00fcrk mevkida\u015f\u0131 Mevl\u00fct \u00c7avu\u015fo\u011flu ile yapt\u0131\u011f\u0131 telefon g\u00f6r\u00fc\u015fmesinde Da\u011fl\u0131k Karaba\u011f \u00e7\u00f6z\u00fcm\u00fc, Ukrayna\u2019daki durum ve \u0130stanbul\u2019da g\u00f6zalt\u0131na al\u0131nan ve ard\u0131ndan serbest b\u0131rak\u0131lan Rus gazeteciler gibi konular\u0131n ele al\u0131nd\u0131\u011f\u0131n\u0131 duyurdu. Bakanl\u0131ktan yap\u0131lan a\u00e7\u0131klamada,\u00a0Rusya D\u0131\u015fi\u015fleri Bakan\u0131 Sergey Lavrov ve T\u00fcrkiye D\u0131\u015fi\u015fleri Bakan\u0131 Mevl\u00fct \u00c7avu\u015fo\u011flu\u2019nun aras\u0131nda ger\u00e7ekle\u015fen telefon g\u00f6r\u00fc\u015fmesinde\u00a0Da\u011fl\u0131k Karaba\u011f \u00e7\u00f6z\u00fcm\u00fc, Ukrayna\u2019daki durum [&hellip;]\" \/>\n<meta property=\"og:url\" content=\"https:\/\/akunq.net\/tr\/?p=60495\" \/>\n<meta property=\"og:site_name\" content=\"Bati Ermenistan Ve Bati Ermenileri Sorunlari Ara\u015ftirmalar Merkezi\" \/>\n<meta property=\"article:published_time\" content=\"2020-12-09T08:40:52+00:00\" \/>\n<meta property=\"article:modified_time\" content=\"2020-12-09T08:41:26+00:00\" \/>\n<meta property=\"og:image\" content=\"https:\/\/akunq.net\/tr\/wp-content\/uploads\/sites\/6\/2020\/12\/Lavrov.jpg\" \/>\n\t<meta property=\"og:image:width\" content=\"1017\" \/>\n\t<meta property=\"og:image:height\" content=\"576\" \/>\n\t<meta property=\"og:image:type\" content=\"image\/jpeg\" \/>\n<meta name=\"author\" content=\"admin\" \/>\n<meta name=\"twitter:card\" content=\"summary_large_image\" \/>\n<meta name=\"twitter:label1\" content=\"Written by\" \/>\n\t<meta name=\"twitter:data1\" content=\"admin\" \/>\n\t<meta name=\"twitter:label2\" content=\"Est. reading time\" \/>\n\t<meta name=\"twitter:data2\" content=\"2 minutes\" \/>\n<script type=\"application\/ld+json\" class=\"yoast-schema-graph\">{\"@context\":\"https:\\\/\\\/schema.org\",\"@graph\":[{\"@type\":\"Article\",\"@id\":\"https:\\\/\\\/akunq.net\\\/tr\\\/?p=60495#article\",\"isPartOf\":{\"@id\":\"https:\\\/\\\/akunq.net\\\/tr\\\/?p=60495\"},\"author\":{\"name\":\"admin\",\"@id\":\"https:\\\/\\\/akunq.net\\\/tr\\\/#\\\/schema\\\/person\\\/096f1d38a12cce57fb855b485ed24c9e\"},\"headline\":\"Rusya: Lavrov ve \u00c7avu\u015fo\u011flu Karaba\u011f\u2019\u0131, Ukrayna\u2019y\u0131 ve Rus gazetecilerle ilgili durumu g\u00f6r\u00fc\u015ft\u00fc\",\"datePublished\":\"2020-12-09T08:40:52+00:00\",\"dateModified\":\"2020-12-09T08:41:26+00:00\",\"mainEntityOfPage\":{\"@id\":\"https:\\\/\\\/akunq.net\\\/tr\\\/?p=60495\"},\"wordCount\":381,\"commentCount\":0,\"image\":{\"@id\":\"https:\\\/\\\/akunq.net\\\/tr\\\/?p=60495#primaryimage\"},\"thumbnailUrl\":\"https:\\\/\\\/akunq.net\\\/tr\\\/wp-content\\\/uploads\\\/sites\\\/6\\\/2020\\\/12\\\/Lavrov.jpg\",\"articleSection\":[\"Haberler\"],\"inLanguage\":\"en-US\",\"potentialAction\":[{\"@type\":\"CommentAction\",\"name\":\"Comment\",\"target\":[\"https:\\\/\\\/akunq.net\\\/tr\\\/?p=60495#respond\"]}]},{\"@type\":\"WebPage\",\"@id\":\"https:\\\/\\\/akunq.net\\\/tr\\\/?p=60495\",\"url\":\"https:\\\/\\\/akunq.net\\\/tr\\\/?p=60495\",\"name\":\"Rusya: Lavrov ve \u00c7avu\u015fo\u011flu Karaba\u011f\u2019\u0131, Ukrayna\u2019y\u0131 ve Rus gazetecilerle ilgili durumu g\u00f6r\u00fc\u015ft\u00fc - Bati Ermenistan Ve Bati Ermenileri Sorunlari Ara\u015ftirmalar Merkezi\",\"isPartOf\":{\"@id\":\"https:\\\/\\\/akunq.net\\\/tr\\\/#website\"},\"primaryImageOfPage\":{\"@id\":\"https:\\\/\\\/akunq.net\\\/tr\\\/?p=60495#primaryimage\"},\"image\":{\"@id\":\"https:\\\/\\\/akunq.net\\\/tr\\\/?p=60495#primaryimage\"},\"thumbnailUrl\":\"https:\\\/\\\/akunq.net\\\/tr\\\/wp-content\\\/uploads\\\/sites\\\/6\\\/2020\\\/12\\\/Lavrov.jpg\",\"datePublished\":\"2020-12-09T08:40:52+00:00\",\"dateModified\":\"2020-12-09T08:41:26+00:00\",\"author\":{\"@id\":\"https:\\\/\\\/akunq.net\\\/tr\\\/#\\\/schema\\\/person\\\/096f1d38a12cce57fb855b485ed24c9e\"},\"breadcrumb\":{\"@id\":\"https:\\\/\\\/akunq.net\\\/tr\\\/?p=60495#breadcrumb\"},\"inLanguage\":\"en-US\",\"potentialAction\":[{\"@type\":\"ReadAction\",\"target\":[\"https:\\\/\\\/akunq.net\\\/tr\\\/?p=60495\"]}]},{\"@type\":\"ImageObject\",\"inLanguage\":\"en-US\",\"@id\":\"https:\\\/\\\/akunq.net\\\/tr\\\/?p=60495#primaryimage\",\"url\":\"https:\\\/\\\/akunq.net\\\/tr\\\/wp-content\\\/uploads\\\/sites\\\/6\\\/2020\\\/12\\\/Lavrov.jpg\",\"contentUrl\":\"https:\\\/\\\/akunq.net\\\/tr\\\/wp-content\\\/uploads\\\/sites\\\/6\\\/2020\\\/12\\\/Lavrov.jpg\",\"width\":1017,\"height\":576},{\"@type\":\"BreadcrumbList\",\"@id\":\"https:\\\/\\\/akunq.net\\\/tr\\\/?p=60495#breadcrumb\",\"itemListElement\":[{\"@type\":\"ListItem\",\"position\":1,\"name\":\"Home\",\"item\":\"https:\\\/\\\/akunq.net\\\/tr\"},{\"@type\":\"ListItem\",\"position\":2,\"name\":\"Rusya: Lavrov ve \u00c7avu\u015fo\u011flu Karaba\u011f\u2019\u0131, Ukrayna\u2019y\u0131 ve Rus gazetecilerle ilgili durumu g\u00f6r\u00fc\u015ft\u00fc\"}]},{\"@type\":\"WebSite\",\"@id\":\"https:\\\/\\\/akunq.net\\\/tr\\\/#website\",\"url\":\"https:\\\/\\\/akunq.net\\\/tr\\\/\",\"name\":\"Bati Ermenistan Ve Bati Ermenileri Sorunlari Ara\u015ftirmalar Merkezi\",\"description\":\"\",\"potentialAction\":[{\"@type\":\"SearchAction\",\"target\":{\"@type\":\"EntryPoint\",\"urlTemplate\":\"https:\\\/\\\/akunq.net\\\/tr\\\/?s={search_term_string}\"},\"query-input\":{\"@type\":\"PropertyValueSpecification\",\"valueRequired\":true,\"valueName\":\"search_term_string\"}}],\"inLanguage\":\"en-US\"},{\"@type\":\"Person\",\"@id\":\"https:\\\/\\\/akunq.net\\\/tr\\\/#\\\/schema\\\/person\\\/096f1d38a12cce57fb855b485ed24c9e\",\"name\":\"admin\",\"url\":\"https:\\\/\\\/akunq.net\\\/tr\\\/?author=7\"}]}<\/script>\n<!-- \/ Yoast SEO plugin. -->","yoast_head_json":{"title":"Rusya: Lavrov ve \u00c7avu\u015fo\u011flu Karaba\u011f\u2019\u0131, Ukrayna\u2019y\u0131 ve Rus gazetecilerle ilgili durumu g\u00f6r\u00fc\u015ft\u00fc - Bati Ermenistan Ve Bati Ermenileri Sorunlari Ara\u015ftirmalar Merkezi","robots":{"index":"index","follow":"follow","max-snippet":"max-snippet:-1","max-image-preview":"max-image-preview:large","max-video-preview":"max-video-preview:-1"},"canonical":"https:\/\/akunq.net\/tr\/?p=60495","og_locale":"en_US","og_type":"article","og_title":"Rusya: Lavrov ve \u00c7avu\u015fo\u011flu Karaba\u011f\u2019\u0131, Ukrayna\u2019y\u0131 ve Rus gazetecilerle ilgili durumu g\u00f6r\u00fc\u015ft\u00fc - Bati Ermenistan Ve Bati Ermenileri Sorunlari Ara\u015ftirmalar Merkezi","og_description":"Rusya D\u0131\u015fi\u015fleri Bakanl\u0131\u011f\u0131, Bakan Sergey Lavrov\u2019un T\u00fcrk mevkida\u015f\u0131 Mevl\u00fct \u00c7avu\u015fo\u011flu ile yapt\u0131\u011f\u0131 telefon g\u00f6r\u00fc\u015fmesinde Da\u011fl\u0131k Karaba\u011f \u00e7\u00f6z\u00fcm\u00fc, Ukrayna\u2019daki durum ve \u0130stanbul\u2019da g\u00f6zalt\u0131na al\u0131nan ve ard\u0131ndan serbest b\u0131rak\u0131lan Rus gazeteciler gibi konular\u0131n ele al\u0131nd\u0131\u011f\u0131n\u0131 duyurdu. Bakanl\u0131ktan yap\u0131lan a\u00e7\u0131klamada,\u00a0Rusya D\u0131\u015fi\u015fleri Bakan\u0131 Sergey Lavrov ve T\u00fcrkiye D\u0131\u015fi\u015fleri Bakan\u0131 Mevl\u00fct \u00c7avu\u015fo\u011flu\u2019nun aras\u0131nda ger\u00e7ekle\u015fen telefon g\u00f6r\u00fc\u015fmesinde\u00a0Da\u011fl\u0131k Karaba\u011f \u00e7\u00f6z\u00fcm\u00fc, Ukrayna\u2019daki durum [&hellip;]","og_url":"https:\/\/akunq.net\/tr\/?p=60495","og_site_name":"Bati Ermenistan Ve Bati Ermenileri Sorunlari Ara\u015ftirmalar Merkezi","article_published_time":"2020-12-09T08:40:52+00:00","article_modified_time":"2020-12-09T08:41:26+00:00","og_image":[{"width":1017,"height":576,"url":"https:\/\/akunq.net\/tr\/wp-content\/uploads\/sites\/6\/2020\/12\/Lavrov.jpg","type":"image\/jpeg"}],"author":"admin","twitter_card":"summary_large_image","twitter_misc":{"Written by":"admin","Est. reading time":"2 minutes"},"schema":{"@context":"https:\/\/schema.org","@graph":[{"@type":"Article","@id":"https:\/\/akunq.net\/tr\/?p=60495#article","isPartOf":{"@id":"https:\/\/akunq.net\/tr\/?p=60495"},"author":{"name":"admin","@id":"https:\/\/akunq.net\/tr\/#\/schema\/person\/096f1d38a12cce57fb855b485ed24c9e"},"headline":"Rusya: Lavrov ve \u00c7avu\u015fo\u011flu Karaba\u011f\u2019\u0131, Ukrayna\u2019y\u0131 ve Rus gazetecilerle ilgili durumu g\u00f6r\u00fc\u015ft\u00fc","datePublished":"2020-12-09T08:40:52+00:00","dateModified":"2020-12-09T08:41:26+00:00","mainEntityOfPage":{"@id":"https:\/\/akunq.net\/tr\/?p=60495"},"wordCount":381,"commentCount":0,"image":{"@id":"https:\/\/akunq.net\/tr\/?p=60495#primaryimage"},"thumbnailUrl":"https:\/\/akunq.net\/tr\/wp-content\/uploads\/sites\/6\/2020\/12\/Lavrov.jpg","articleSection":["Haberler"],"inLanguage":"en-US","potentialAction":[{"@type":"CommentAction","name":"Comment","target":["https:\/\/akunq.net\/tr\/?p=60495#respond"]}]},{"@type":"WebPage","@id":"https:\/\/akunq.net\/tr\/?p=60495","url":"https:\/\/akunq.net\/tr\/?p=60495","name":"Rusya: Lavrov ve \u00c7avu\u015fo\u011flu Karaba\u011f\u2019\u0131, Ukrayna\u2019y\u0131 ve Rus gazetecilerle ilgili durumu g\u00f6r\u00fc\u015ft\u00fc - Bati Ermenistan Ve Bati Ermenileri Sorunlari Ara\u015ftirmalar Merkezi","isPartOf":{"@id":"https:\/\/akunq.net\/tr\/#website"},"primaryImageOfPage":{"@id":"https:\/\/akunq.net\/tr\/?p=60495#primaryimage"},"image":{"@id":"https:\/\/akunq.net\/tr\/?p=60495#primaryimage"},"thumbnailUrl":"https:\/\/akunq.net\/tr\/wp-content\/uploads\/sites\/6\/2020\/12\/Lavrov.jpg","datePublished":"2020-12-09T08:40:52+00:00","dateModified":"2020-12-09T08:41:26+00:00","author":{"@id":"https:\/\/akunq.net\/tr\/#\/schema\/person\/096f1d38a12cce57fb855b485ed24c9e"},"breadcrumb":{"@id":"https:\/\/akunq.net\/tr\/?p=60495#breadcrumb"},"inLanguage":"en-US","potentialAction":[{"@type":"ReadAction","target":["https:\/\/akunq.net\/tr\/?p=60495"]}]},{"@type":"ImageObject","inLanguage":"en-US","@id":"https:\/\/akunq.net\/tr\/?p=60495#primaryimage","url":"https:\/\/akunq.net\/tr\/wp-content\/uploads\/sites\/6\/2020\/12\/Lavrov.jpg","contentUrl":"https:\/\/akunq.net\/tr\/wp-content\/uploads\/sites\/6\/2020\/12\/Lavrov.jpg","width":1017,"height":576},{"@type":"BreadcrumbList","@id":"https:\/\/akunq.net\/tr\/?p=60495#breadcrumb","itemListElement":[{"@type":"ListItem","position":1,"name":"Home","item":"https:\/\/akunq.net\/tr"},{"@type":"ListItem","position":2,"name":"Rusya: Lavrov ve \u00c7avu\u015fo\u011flu Karaba\u011f\u2019\u0131, Ukrayna\u2019y\u0131 ve Rus gazetecilerle ilgili durumu g\u00f6r\u00fc\u015ft\u00fc"}]},{"@type":"WebSite","@id":"https:\/\/akunq.net\/tr\/#website","url":"https:\/\/akunq.net\/tr\/","name":"Bati Ermenistan Ve Bati Ermenileri Sorunlari Ara\u015ftirmalar Merkezi","description":"","potentialAction":[{"@type":"SearchAction","target":{"@type":"EntryPoint","urlTemplate":"https:\/\/akunq.net\/tr\/?s={search_term_string}"},"query-input":{"@type":"PropertyValueSpecification","valueRequired":true,"valueName":"search_term_string"}}],"inLanguage":"en-US"},{"@type":"Person","@id":"https:\/\/akunq.net\/tr\/#\/schema\/person\/096f1d38a12cce57fb855b485ed24c9e","name":"admin","url":"https:\/\/akunq.net\/tr\/?author=7"}]}},"_links":{"self":[{"href":"https:\/\/akunq.net\/tr\/index.php?rest_route=\/wp\/v2\/posts\/60495","targetHints":{"allow":["GET"]}}],"collection":[{"href":"https:\/\/akunq.net\/tr\/index.php?rest_route=\/wp\/v2\/posts"}],"about":[{"href":"https:\/\/akunq.net\/tr\/index.php?rest_route=\/wp\/v2\/types\/post"}],"author":[{"embeddable":true,"href":"https:\/\/akunq.net\/tr\/index.php?rest_route=\/wp\/v2\/users\/7"}],"replies":[{"embeddable":true,"href":"https:\/\/akunq.net\/tr\/index.php?rest_route=%2Fwp%2Fv2%2Fcomments&post=60495"}],"version-history":[{"count":2,"href":"https:\/\/akunq.net\/tr\/index.php?rest_route=\/wp\/v2\/posts\/60495\/revisions"}],"predecessor-version":[{"id":60498,"href":"https:\/\/akunq.net\/tr\/index.php?rest_route=\/wp\/v2\/posts\/60495\/revisions\/60498"}],"wp:featuredmedia":[{"embeddable":true,"href":"https:\/\/akunq.net\/tr\/index.php?rest_route=\/wp\/v2\/media\/60496"}],"wp:attachment":[{"href":"https:\/\/akunq.net\/tr\/index.php?rest_route=%2Fwp%2Fv2%2Fmedia&parent=60495"}],"wp:term":[{"taxonomy":"category","embeddable":true,"href":"https:\/\/akunq.net\/tr\/index.php?rest_route=%2Fwp%2Fv2%2Fcategories&post=60495"},{"taxonomy":"post_tag","embeddable":true,"href":"https:\/\/akunq.net\/tr\/index.php?rest_route=%2Fwp%2Fv2%2Ftags&post=60495"}],"curies":[{"name":"wp","href":"https:\/\/api.w.org\/{rel}","templated":true}]}}