{"id":60483,"date":"2020-12-08T04:56:56","date_gmt":"2020-12-08T09:56:56","guid":{"rendered":"https:\/\/akunq.net\/tr\/?p=60483"},"modified":"2020-12-08T04:56:56","modified_gmt":"2020-12-08T09:56:56","slug":"yunan-bakan-turkiyenin-yeni-osmanli-hayalleri-bizim-icin-kabul-edilemez","status":"publish","type":"post","link":"https:\/\/akunq.net\/tr\/?p=60483","title":{"rendered":"Yunan Bakan: T\u00fcrkiye&#8217;nin yeni Osmanl\u0131 hayalleri bizim i\u00e7in kabul edilemez"},"content":{"rendered":"<p><img loading=\"lazy\" decoding=\"async\" class=\"aligncenter size-medium wp-image-60484\" src=\"https:\/\/akunq.net\/tr\/wp-content\/uploads\/2020\/12\/\u054f\u0565\u0576\u057f\u056b\u0561\u057d-360x239.jpg\" alt=\"\" width=\"360\" height=\"239\" srcset=\"https:\/\/akunq.net\/tr\/wp-content\/uploads\/sites\/6\/2020\/12\/\u054f\u0565\u0576\u057f\u056b\u0561\u057d-360x239.jpg 360w, https:\/\/akunq.net\/tr\/wp-content\/uploads\/sites\/6\/2020\/12\/\u054f\u0565\u0576\u057f\u056b\u0561\u057d-560x371.jpg 560w, https:\/\/akunq.net\/tr\/wp-content\/uploads\/sites\/6\/2020\/12\/\u054f\u0565\u0576\u057f\u056b\u0561\u057d-260x172.jpg 260w, https:\/\/akunq.net\/tr\/wp-content\/uploads\/sites\/6\/2020\/12\/\u054f\u0565\u0576\u057f\u056b\u0561\u057d-160x106.jpg 160w, https:\/\/akunq.net\/tr\/wp-content\/uploads\/sites\/6\/2020\/12\/\u054f\u0565\u0576\u057f\u056b\u0561\u057d.jpg 769w\" sizes=\"auto, (max-width: 360px) 100vw, 360px\" \/><\/p>\n<p><em><strong>Haber Merkezi &#8211;\u00a0Yunanistan D\u0131\u015fi\u015fleri Bakan\u0131 Nikos Dendias, T\u00fcrkiye&#8217;nin yeni Osmanl\u0131 hayallerinin oldu\u011funu, bunun kendileri i\u00e7in kabul edilemez oldu\u011funu s\u00f6yledi.<\/strong><\/em><\/p>\n<p>\u0130talya D\u0131\u015fi\u015fleri Bakanl\u0131\u011f\u0131&#8217;n\u0131n deste\u011fiyle Milano merkezli Uluslararas\u0131 Siyasi Ara\u015ft\u0131rmalar Enstit\u00fcs\u00fc&#8217;n\u00fcn d\u00fczenledi\u011fi \u2018Akdeniz Diyaloglar\u0131&#8217; konferans\u0131nda konu\u015fan Yunanistan D\u0131\u015fi\u015fleri Bakan\u0131 Dendias, Akdeniz&#8217;de ke\u015ffedilen do\u011falgaz stoklar\u0131n\u0131n b\u00f6lgede yol a\u00e7t\u0131\u011f\u0131 gerilimi de\u011ferlendirdi.<\/p>\n<p>\u00dclkesinin, Avrupa ve Asya aras\u0131ndaki yollar\u0131n kesi\u015fti\u011fi bir noktada e\u015fsiz co\u011frafi konuma sahip oldu\u011funu ve son y\u0131llarda enerji d\u00fc\u011f\u00fcm\u00fcne d\u00f6n\u00fc\u015ft\u00fc\u011f\u00fcn\u00fc dile getiren Yunan bakan, ancak \u00f6zellikle denizdeki do\u011falgaz yataklar\u0131n\u0131 i\u015fletmenin Yunan h\u00fck\u00fcmeti i\u00e7in temel \u00f6ncelik olmad\u0131\u011f\u0131n\u0131 belirterek, &#8220;Biz ye\u015fil ekonomiden yanay\u0131z&#8221; ifadesini kulland\u0131.<\/p>\n<p>Dendias, &#8220;\u0130\u00e7inde ya\u015fad\u0131\u011f\u0131m\u0131z cennet i\u00e7in olas\u0131 sonu\u00e7lar konusunda \u00e7ok dikkatli olmal\u0131y\u0131z. Ege, Akdeniz ve \u0130yonya denizlerine d\u00fczg\u00fcn bir \u015fekilde muamele etmeliyiz. Bu cennetin Meksika K\u00f6rfezi gibi olmas\u0131n\u0131 istemeyiz&#8221; diye konu\u015ftu.<\/p>\n<p><strong>\u201cT\u00fcrkiye uluslararas\u0131 hukuku kabul etmiyor\u201d<\/strong><\/p>\n<p>T\u00fcrkiye&#8217;nin tutumuyla ilgili soruya &#8220;\u00e7ok endi\u015feli olduklar\u0131n\u0131&#8221; s\u00f6yleyen Dendias, s\u00f6zlerini \u015f\u00f6yle s\u00fcrd\u00fcrd\u00fc:<\/p>\n<p>&#8220;T\u00fcrkiye uluslararas\u0131 hukuku ve uluslararas\u0131 deniz hukuku s\u00f6zle\u015fmesini kabul etmiyor. Her bir \u00fclke 12 mil karasular\u0131 b\u00f6lgesi hakk\u0131na sahip. Yunanistan da bu hakka sahip. T\u00fcrkiye ise Yunanistan&#8217;\u0131n bu hakk\u0131 hayata ge\u00e7irmesi durumunda bunun casus belli, yani sava\u015f ilan olaca\u011f\u0131n\u0131 s\u00f6yl\u00fcyor. 21. y\u00fczy\u0131lda Avrupa \u00fclkesi, me\u015fru hakk\u0131n\u0131 hayata ge\u00e7irme niyeti y\u00fcz\u00fcnden sava\u015f ile tehdit ediliyor.&#8221;<\/p>\n<p>Yunan bakan, &#8220;T\u00fcrkiye ile ilgili durum \u00e7ok karma\u015f\u0131k. Bu \u00fclke Avrupa Birli\u011fi&#8217;ne dahil olmak istiyor. Ama T\u00fcrkiye&#8217;nin yeni Osmanl\u0131 hayalleri var. Bu bizim i\u00e7in kabul edilemez&#8221; diye ekledi.<\/p>\n<p><strong><em>https:\/\/www.rudaw.net\/turkish\/middleeast\/turkey\/041220202<\/em><\/strong><\/p>\n","protected":false},"excerpt":{"rendered":"<p>Haber Merkezi &#8211;\u00a0Yunanistan D\u0131\u015fi\u015fleri Bakan\u0131 Nikos Dendias, T\u00fcrkiye&#8217;nin yeni Osmanl\u0131 hayallerinin oldu\u011funu, bunun kendileri i\u00e7in kabul edilemez oldu\u011funu s\u00f6yledi. \u0130talya D\u0131\u015fi\u015fleri Bakanl\u0131\u011f\u0131&#8217;n\u0131n deste\u011fiyle Milano merkezli Uluslararas\u0131 Siyasi Ara\u015ft\u0131rmalar Enstit\u00fcs\u00fc&#8217;n\u00fcn d\u00fczenledi\u011fi \u2018Akdeniz Diyaloglar\u0131&#8217; konferans\u0131nda konu\u015fan Yunanistan D\u0131\u015fi\u015fleri Bakan\u0131 Dendias, Akdeniz&#8217;de ke\u015ffedilen do\u011falgaz stoklar\u0131n\u0131n b\u00f6lgede yol a\u00e7t\u0131\u011f\u0131 gerilimi de\u011ferlendirdi. \u00dclkesinin, Avrupa ve Asya aras\u0131ndaki yollar\u0131n kesi\u015fti\u011fi bir [&hellip;]<\/p>\n","protected":false},"author":7,"featured_media":60484,"comment_status":"open","ping_status":"open","sticky":false,"template":"","format":"standard","meta":{"footnotes":""},"categories":[1],"tags":[],"class_list":["post-60483","post","type-post","status-publish","format-standard","has-post-thumbnail","hentry","category-haberler"],"yoast_head":"<!-- This site is optimized with the Yoast SEO plugin v27.4 - https:\/\/yoast.com\/product\/yoast-seo-wordpress\/ -->\n<title>Yunan Bakan: T\u00fcrkiye&#039;nin yeni Osmanl\u0131 hayalleri bizim i\u00e7in kabul edilemez - Bati Ermenistan Ve Bati Ermenileri Sorunlari Ara\u015ftirmalar Merkezi<\/title>\n<meta name=\"robots\" content=\"index, follow, max-snippet:-1, max-image-preview:large, max-video-preview:-1\" \/>\n<link rel=\"canonical\" href=\"https:\/\/akunq.net\/tr\/?p=60483\" \/>\n<meta property=\"og:locale\" content=\"en_US\" \/>\n<meta property=\"og:type\" content=\"article\" \/>\n<meta property=\"og:title\" content=\"Yunan Bakan: T\u00fcrkiye&#039;nin yeni Osmanl\u0131 hayalleri bizim i\u00e7in kabul edilemez - Bati Ermenistan Ve Bati Ermenileri Sorunlari Ara\u015ftirmalar Merkezi\" \/>\n<meta property=\"og:description\" content=\"Haber Merkezi &#8211;\u00a0Yunanistan D\u0131\u015fi\u015fleri Bakan\u0131 Nikos Dendias, T\u00fcrkiye&#8217;nin yeni Osmanl\u0131 hayallerinin oldu\u011funu, bunun kendileri i\u00e7in kabul edilemez oldu\u011funu s\u00f6yledi. \u0130talya D\u0131\u015fi\u015fleri Bakanl\u0131\u011f\u0131&#8217;n\u0131n deste\u011fiyle Milano merkezli Uluslararas\u0131 Siyasi Ara\u015ft\u0131rmalar Enstit\u00fcs\u00fc&#8217;n\u00fcn d\u00fczenledi\u011fi \u2018Akdeniz Diyaloglar\u0131&#8217; konferans\u0131nda konu\u015fan Yunanistan D\u0131\u015fi\u015fleri Bakan\u0131 Dendias, Akdeniz&#8217;de ke\u015ffedilen do\u011falgaz stoklar\u0131n\u0131n b\u00f6lgede yol a\u00e7t\u0131\u011f\u0131 gerilimi de\u011ferlendirdi. \u00dclkesinin, Avrupa ve Asya aras\u0131ndaki yollar\u0131n kesi\u015fti\u011fi bir [&hellip;]\" \/>\n<meta property=\"og:url\" content=\"https:\/\/akunq.net\/tr\/?p=60483\" \/>\n<meta property=\"og:site_name\" content=\"Bati Ermenistan Ve Bati Ermenileri Sorunlari Ara\u015ftirmalar Merkezi\" \/>\n<meta property=\"article:published_time\" content=\"2020-12-08T09:56:56+00:00\" \/>\n<meta property=\"og:image\" content=\"https:\/\/akunq.net\/tr\/wp-content\/uploads\/sites\/6\/2020\/12\/\u054f\u0565\u0576\u057f\u056b\u0561\u057d.jpg\" \/>\n\t<meta property=\"og:image:width\" content=\"769\" \/>\n\t<meta property=\"og:image:height\" content=\"510\" \/>\n\t<meta property=\"og:image:type\" content=\"image\/jpeg\" \/>\n<meta name=\"author\" content=\"admin\" \/>\n<meta name=\"twitter:card\" content=\"summary_large_image\" \/>\n<meta name=\"twitter:label1\" content=\"Written by\" \/>\n\t<meta name=\"twitter:data1\" content=\"admin\" \/>\n\t<meta name=\"twitter:label2\" content=\"Est. reading time\" \/>\n\t<meta name=\"twitter:data2\" content=\"2 minutes\" \/>\n<script type=\"application\/ld+json\" class=\"yoast-schema-graph\">{\"@context\":\"https:\\\/\\\/schema.org\",\"@graph\":[{\"@type\":\"Article\",\"@id\":\"https:\\\/\\\/akunq.net\\\/tr\\\/?p=60483#article\",\"isPartOf\":{\"@id\":\"https:\\\/\\\/akunq.net\\\/tr\\\/?p=60483\"},\"author\":{\"name\":\"admin\",\"@id\":\"https:\\\/\\\/akunq.net\\\/tr\\\/#\\\/schema\\\/person\\\/096f1d38a12cce57fb855b485ed24c9e\"},\"headline\":\"Yunan Bakan: T\u00fcrkiye&#8217;nin yeni Osmanl\u0131 hayalleri bizim i\u00e7in kabul edilemez\",\"datePublished\":\"2020-12-08T09:56:56+00:00\",\"mainEntityOfPage\":{\"@id\":\"https:\\\/\\\/akunq.net\\\/tr\\\/?p=60483\"},\"wordCount\":333,\"commentCount\":0,\"image\":{\"@id\":\"https:\\\/\\\/akunq.net\\\/tr\\\/?p=60483#primaryimage\"},\"thumbnailUrl\":\"https:\\\/\\\/akunq.net\\\/tr\\\/wp-content\\\/uploads\\\/sites\\\/6\\\/2020\\\/12\\\/\u054f\u0565\u0576\u057f\u056b\u0561\u057d.jpg\",\"articleSection\":[\"Haberler\"],\"inLanguage\":\"en-US\",\"potentialAction\":[{\"@type\":\"CommentAction\",\"name\":\"Comment\",\"target\":[\"https:\\\/\\\/akunq.net\\\/tr\\\/?p=60483#respond\"]}]},{\"@type\":\"WebPage\",\"@id\":\"https:\\\/\\\/akunq.net\\\/tr\\\/?p=60483\",\"url\":\"https:\\\/\\\/akunq.net\\\/tr\\\/?p=60483\",\"name\":\"Yunan Bakan: T\u00fcrkiye'nin yeni Osmanl\u0131 hayalleri bizim i\u00e7in kabul edilemez - Bati Ermenistan Ve Bati Ermenileri Sorunlari Ara\u015ftirmalar Merkezi\",\"isPartOf\":{\"@id\":\"https:\\\/\\\/akunq.net\\\/tr\\\/#website\"},\"primaryImageOfPage\":{\"@id\":\"https:\\\/\\\/akunq.net\\\/tr\\\/?p=60483#primaryimage\"},\"image\":{\"@id\":\"https:\\\/\\\/akunq.net\\\/tr\\\/?p=60483#primaryimage\"},\"thumbnailUrl\":\"https:\\\/\\\/akunq.net\\\/tr\\\/wp-content\\\/uploads\\\/sites\\\/6\\\/2020\\\/12\\\/\u054f\u0565\u0576\u057f\u056b\u0561\u057d.jpg\",\"datePublished\":\"2020-12-08T09:56:56+00:00\",\"author\":{\"@id\":\"https:\\\/\\\/akunq.net\\\/tr\\\/#\\\/schema\\\/person\\\/096f1d38a12cce57fb855b485ed24c9e\"},\"breadcrumb\":{\"@id\":\"https:\\\/\\\/akunq.net\\\/tr\\\/?p=60483#breadcrumb\"},\"inLanguage\":\"en-US\",\"potentialAction\":[{\"@type\":\"ReadAction\",\"target\":[\"https:\\\/\\\/akunq.net\\\/tr\\\/?p=60483\"]}]},{\"@type\":\"ImageObject\",\"inLanguage\":\"en-US\",\"@id\":\"https:\\\/\\\/akunq.net\\\/tr\\\/?p=60483#primaryimage\",\"url\":\"https:\\\/\\\/akunq.net\\\/tr\\\/wp-content\\\/uploads\\\/sites\\\/6\\\/2020\\\/12\\\/\u054f\u0565\u0576\u057f\u056b\u0561\u057d.jpg\",\"contentUrl\":\"https:\\\/\\\/akunq.net\\\/tr\\\/wp-content\\\/uploads\\\/sites\\\/6\\\/2020\\\/12\\\/\u054f\u0565\u0576\u057f\u056b\u0561\u057d.jpg\",\"width\":769,\"height\":510},{\"@type\":\"BreadcrumbList\",\"@id\":\"https:\\\/\\\/akunq.net\\\/tr\\\/?p=60483#breadcrumb\",\"itemListElement\":[{\"@type\":\"ListItem\",\"position\":1,\"name\":\"Home\",\"item\":\"https:\\\/\\\/akunq.net\\\/tr\"},{\"@type\":\"ListItem\",\"position\":2,\"name\":\"Yunan Bakan: T\u00fcrkiye&#8217;nin yeni Osmanl\u0131 hayalleri bizim i\u00e7in kabul edilemez\"}]},{\"@type\":\"WebSite\",\"@id\":\"https:\\\/\\\/akunq.net\\\/tr\\\/#website\",\"url\":\"https:\\\/\\\/akunq.net\\\/tr\\\/\",\"name\":\"Bati Ermenistan Ve Bati Ermenileri Sorunlari Ara\u015ftirmalar Merkezi\",\"description\":\"\",\"potentialAction\":[{\"@type\":\"SearchAction\",\"target\":{\"@type\":\"EntryPoint\",\"urlTemplate\":\"https:\\\/\\\/akunq.net\\\/tr\\\/?s={search_term_string}\"},\"query-input\":{\"@type\":\"PropertyValueSpecification\",\"valueRequired\":true,\"valueName\":\"search_term_string\"}}],\"inLanguage\":\"en-US\"},{\"@type\":\"Person\",\"@id\":\"https:\\\/\\\/akunq.net\\\/tr\\\/#\\\/schema\\\/person\\\/096f1d38a12cce57fb855b485ed24c9e\",\"name\":\"admin\",\"url\":\"https:\\\/\\\/akunq.net\\\/tr\\\/?author=7\"}]}<\/script>\n<!-- \/ Yoast SEO plugin. -->","yoast_head_json":{"title":"Yunan Bakan: T\u00fcrkiye'nin yeni Osmanl\u0131 hayalleri bizim i\u00e7in kabul edilemez - Bati Ermenistan Ve Bati Ermenileri Sorunlari Ara\u015ftirmalar Merkezi","robots":{"index":"index","follow":"follow","max-snippet":"max-snippet:-1","max-image-preview":"max-image-preview:large","max-video-preview":"max-video-preview:-1"},"canonical":"https:\/\/akunq.net\/tr\/?p=60483","og_locale":"en_US","og_type":"article","og_title":"Yunan Bakan: T\u00fcrkiye'nin yeni Osmanl\u0131 hayalleri bizim i\u00e7in kabul edilemez - Bati Ermenistan Ve Bati Ermenileri Sorunlari Ara\u015ftirmalar Merkezi","og_description":"Haber Merkezi &#8211;\u00a0Yunanistan D\u0131\u015fi\u015fleri Bakan\u0131 Nikos Dendias, T\u00fcrkiye&#8217;nin yeni Osmanl\u0131 hayallerinin oldu\u011funu, bunun kendileri i\u00e7in kabul edilemez oldu\u011funu s\u00f6yledi. \u0130talya D\u0131\u015fi\u015fleri Bakanl\u0131\u011f\u0131&#8217;n\u0131n deste\u011fiyle Milano merkezli Uluslararas\u0131 Siyasi Ara\u015ft\u0131rmalar Enstit\u00fcs\u00fc&#8217;n\u00fcn d\u00fczenledi\u011fi \u2018Akdeniz Diyaloglar\u0131&#8217; konferans\u0131nda konu\u015fan Yunanistan D\u0131\u015fi\u015fleri Bakan\u0131 Dendias, Akdeniz&#8217;de ke\u015ffedilen do\u011falgaz stoklar\u0131n\u0131n b\u00f6lgede yol a\u00e7t\u0131\u011f\u0131 gerilimi de\u011ferlendirdi. \u00dclkesinin, Avrupa ve Asya aras\u0131ndaki yollar\u0131n kesi\u015fti\u011fi bir [&hellip;]","og_url":"https:\/\/akunq.net\/tr\/?p=60483","og_site_name":"Bati Ermenistan Ve Bati Ermenileri Sorunlari Ara\u015ftirmalar Merkezi","article_published_time":"2020-12-08T09:56:56+00:00","og_image":[{"width":769,"height":510,"url":"https:\/\/akunq.net\/tr\/wp-content\/uploads\/sites\/6\/2020\/12\/\u054f\u0565\u0576\u057f\u056b\u0561\u057d.jpg","type":"image\/jpeg"}],"author":"admin","twitter_card":"summary_large_image","twitter_misc":{"Written by":"admin","Est. reading time":"2 minutes"},"schema":{"@context":"https:\/\/schema.org","@graph":[{"@type":"Article","@id":"https:\/\/akunq.net\/tr\/?p=60483#article","isPartOf":{"@id":"https:\/\/akunq.net\/tr\/?p=60483"},"author":{"name":"admin","@id":"https:\/\/akunq.net\/tr\/#\/schema\/person\/096f1d38a12cce57fb855b485ed24c9e"},"headline":"Yunan Bakan: T\u00fcrkiye&#8217;nin yeni Osmanl\u0131 hayalleri bizim i\u00e7in kabul edilemez","datePublished":"2020-12-08T09:56:56+00:00","mainEntityOfPage":{"@id":"https:\/\/akunq.net\/tr\/?p=60483"},"wordCount":333,"commentCount":0,"image":{"@id":"https:\/\/akunq.net\/tr\/?p=60483#primaryimage"},"thumbnailUrl":"https:\/\/akunq.net\/tr\/wp-content\/uploads\/sites\/6\/2020\/12\/\u054f\u0565\u0576\u057f\u056b\u0561\u057d.jpg","articleSection":["Haberler"],"inLanguage":"en-US","potentialAction":[{"@type":"CommentAction","name":"Comment","target":["https:\/\/akunq.net\/tr\/?p=60483#respond"]}]},{"@type":"WebPage","@id":"https:\/\/akunq.net\/tr\/?p=60483","url":"https:\/\/akunq.net\/tr\/?p=60483","name":"Yunan Bakan: T\u00fcrkiye'nin yeni Osmanl\u0131 hayalleri bizim i\u00e7in kabul edilemez - Bati Ermenistan Ve Bati Ermenileri Sorunlari Ara\u015ftirmalar Merkezi","isPartOf":{"@id":"https:\/\/akunq.net\/tr\/#website"},"primaryImageOfPage":{"@id":"https:\/\/akunq.net\/tr\/?p=60483#primaryimage"},"image":{"@id":"https:\/\/akunq.net\/tr\/?p=60483#primaryimage"},"thumbnailUrl":"https:\/\/akunq.net\/tr\/wp-content\/uploads\/sites\/6\/2020\/12\/\u054f\u0565\u0576\u057f\u056b\u0561\u057d.jpg","datePublished":"2020-12-08T09:56:56+00:00","author":{"@id":"https:\/\/akunq.net\/tr\/#\/schema\/person\/096f1d38a12cce57fb855b485ed24c9e"},"breadcrumb":{"@id":"https:\/\/akunq.net\/tr\/?p=60483#breadcrumb"},"inLanguage":"en-US","potentialAction":[{"@type":"ReadAction","target":["https:\/\/akunq.net\/tr\/?p=60483"]}]},{"@type":"ImageObject","inLanguage":"en-US","@id":"https:\/\/akunq.net\/tr\/?p=60483#primaryimage","url":"https:\/\/akunq.net\/tr\/wp-content\/uploads\/sites\/6\/2020\/12\/\u054f\u0565\u0576\u057f\u056b\u0561\u057d.jpg","contentUrl":"https:\/\/akunq.net\/tr\/wp-content\/uploads\/sites\/6\/2020\/12\/\u054f\u0565\u0576\u057f\u056b\u0561\u057d.jpg","width":769,"height":510},{"@type":"BreadcrumbList","@id":"https:\/\/akunq.net\/tr\/?p=60483#breadcrumb","itemListElement":[{"@type":"ListItem","position":1,"name":"Home","item":"https:\/\/akunq.net\/tr"},{"@type":"ListItem","position":2,"name":"Yunan Bakan: T\u00fcrkiye&#8217;nin yeni Osmanl\u0131 hayalleri bizim i\u00e7in kabul edilemez"}]},{"@type":"WebSite","@id":"https:\/\/akunq.net\/tr\/#website","url":"https:\/\/akunq.net\/tr\/","name":"Bati Ermenistan Ve Bati Ermenileri Sorunlari Ara\u015ftirmalar Merkezi","description":"","potentialAction":[{"@type":"SearchAction","target":{"@type":"EntryPoint","urlTemplate":"https:\/\/akunq.net\/tr\/?s={search_term_string}"},"query-input":{"@type":"PropertyValueSpecification","valueRequired":true,"valueName":"search_term_string"}}],"inLanguage":"en-US"},{"@type":"Person","@id":"https:\/\/akunq.net\/tr\/#\/schema\/person\/096f1d38a12cce57fb855b485ed24c9e","name":"admin","url":"https:\/\/akunq.net\/tr\/?author=7"}]}},"_links":{"self":[{"href":"https:\/\/akunq.net\/tr\/index.php?rest_route=\/wp\/v2\/posts\/60483","targetHints":{"allow":["GET"]}}],"collection":[{"href":"https:\/\/akunq.net\/tr\/index.php?rest_route=\/wp\/v2\/posts"}],"about":[{"href":"https:\/\/akunq.net\/tr\/index.php?rest_route=\/wp\/v2\/types\/post"}],"author":[{"embeddable":true,"href":"https:\/\/akunq.net\/tr\/index.php?rest_route=\/wp\/v2\/users\/7"}],"replies":[{"embeddable":true,"href":"https:\/\/akunq.net\/tr\/index.php?rest_route=%2Fwp%2Fv2%2Fcomments&post=60483"}],"version-history":[{"count":1,"href":"https:\/\/akunq.net\/tr\/index.php?rest_route=\/wp\/v2\/posts\/60483\/revisions"}],"predecessor-version":[{"id":60485,"href":"https:\/\/akunq.net\/tr\/index.php?rest_route=\/wp\/v2\/posts\/60483\/revisions\/60485"}],"wp:featuredmedia":[{"embeddable":true,"href":"https:\/\/akunq.net\/tr\/index.php?rest_route=\/wp\/v2\/media\/60484"}],"wp:attachment":[{"href":"https:\/\/akunq.net\/tr\/index.php?rest_route=%2Fwp%2Fv2%2Fmedia&parent=60483"}],"wp:term":[{"taxonomy":"category","embeddable":true,"href":"https:\/\/akunq.net\/tr\/index.php?rest_route=%2Fwp%2Fv2%2Fcategories&post=60483"},{"taxonomy":"post_tag","embeddable":true,"href":"https:\/\/akunq.net\/tr\/index.php?rest_route=%2Fwp%2Fv2%2Ftags&post=60483"}],"curies":[{"name":"wp","href":"https:\/\/api.w.org\/{rel}","templated":true}]}}