{"id":60470,"date":"2020-12-08T04:20:35","date_gmt":"2020-12-08T09:20:35","guid":{"rendered":"https:\/\/akunq.net\/tr\/?p=60470"},"modified":"2020-12-08T04:20:35","modified_gmt":"2020-12-08T09:20:35","slug":"kilise-ve-tashan-restore-edilecek","status":"publish","type":"post","link":"https:\/\/akunq.net\/tr\/?p=60470","title":{"rendered":"Kilise ve Ta\u015fhan restore edilecek"},"content":{"rendered":"<p><img loading=\"lazy\" decoding=\"async\" class=\"aligncenter size-medium wp-image-60471\" src=\"https:\/\/akunq.net\/tr\/wp-content\/uploads\/2020\/12\/Kilise-ve-Ta\u015fhan-360x188.jpeg\" alt=\"\" width=\"360\" height=\"188\" srcset=\"https:\/\/akunq.net\/tr\/wp-content\/uploads\/sites\/6\/2020\/12\/Kilise-ve-Ta\u015fhan-360x188.jpeg 360w, https:\/\/akunq.net\/tr\/wp-content\/uploads\/sites\/6\/2020\/12\/Kilise-ve-Ta\u015fhan-560x292.jpeg 560w, https:\/\/akunq.net\/tr\/wp-content\/uploads\/sites\/6\/2020\/12\/Kilise-ve-Ta\u015fhan-260x136.jpeg 260w, https:\/\/akunq.net\/tr\/wp-content\/uploads\/sites\/6\/2020\/12\/Kilise-ve-Ta\u015fhan-160x83.jpeg 160w, https:\/\/akunq.net\/tr\/wp-content\/uploads\/sites\/6\/2020\/12\/Kilise-ve-Ta\u015fhan.jpeg 637w\" sizes=\"auto, (max-width: 360px) 100vw, 360px\" \/><\/p>\n<p><em><strong>Belediye Ba\u015fkan\u0131 Dr. Halil \u0130brahim A\u015fg\u0131n, Ayakkab\u0131c\u0131lar Arastas\u0131 i\u00e7erisinde yer alan tarihi kilise ve Ta\u015fhan\u2019\u0131n restore edilece\u011fini s\u00f6yledi.<\/strong><\/em><\/p>\n<p>Belediye Meclisi\u2019nin Aral\u0131k ay\u0131 oturumunda \u201cgayrimenkul sat\u0131n al\u0131nmas\u0131 i\u00e7in Belediye Ba\u015fkan\u0131\u2019na yetki verilmesine\u201d ili\u015fkin g\u00fcndem maddesi g\u00f6r\u00fc\u015f\u00fcld\u00fc.<\/p>\n<p>S\u00f6z konusu maddeyle ilgili Meclis \u00fcyelerine bilgi veren A\u015fg\u0131n, Ayakkab\u0131c\u0131lar Arastas\u0131\u2019nda bulunan kilise ve Ta\u015fhan\u2019\u0131n sat\u0131n al\u0131nd\u0131ktan sonra restore edilece\u011fini ve bu tarihi yap\u0131lar\u0131n k\u00fclt\u00fcr ve turizme kazand\u0131r\u0131lm\u0131\u015f olaca\u011f\u0131n\u0131 dile getirdi.<\/p>\n<hr \/>\n<p><em><strong><a href=\"http:\/\/www.corumhaber.net\/guncel\/kilise-ve-tashan-restore-edilecek-h114098.html\">http:\/\/www.corumhaber.net\/guncel\/kilise-ve-tashan-restore-edilecek-h114098.html<\/a><\/strong><\/em><\/p>\n","protected":false},"excerpt":{"rendered":"<p>Belediye Ba\u015fkan\u0131 Dr. Halil \u0130brahim A\u015fg\u0131n, Ayakkab\u0131c\u0131lar Arastas\u0131 i\u00e7erisinde yer alan tarihi kilise ve Ta\u015fhan\u2019\u0131n restore edilece\u011fini s\u00f6yledi. Belediye Meclisi\u2019nin Aral\u0131k ay\u0131 oturumunda \u201cgayrimenkul sat\u0131n al\u0131nmas\u0131 i\u00e7in Belediye Ba\u015fkan\u0131\u2019na yetki verilmesine\u201d ili\u015fkin g\u00fcndem maddesi g\u00f6r\u00fc\u015f\u00fcld\u00fc. S\u00f6z konusu maddeyle ilgili Meclis \u00fcyelerine bilgi veren A\u015fg\u0131n, Ayakkab\u0131c\u0131lar Arastas\u0131\u2019nda bulunan kilise ve Ta\u015fhan\u2019\u0131n sat\u0131n al\u0131nd\u0131ktan sonra restore edilece\u011fini [&hellip;]<\/p>\n","protected":false},"author":7,"featured_media":60471,"comment_status":"open","ping_status":"open","sticky":false,"template":"","format":"standard","meta":{"footnotes":""},"categories":[1],"tags":[],"class_list":["post-60470","post","type-post","status-publish","format-standard","has-post-thumbnail","hentry","category-haberler"],"yoast_head":"<!-- This site is optimized with the Yoast SEO plugin v27.4 - https:\/\/yoast.com\/product\/yoast-seo-wordpress\/ -->\n<title>Kilise ve Ta\u015fhan restore edilecek - Bati Ermenistan Ve Bati Ermenileri Sorunlari Ara\u015ftirmalar Merkezi<\/title>\n<meta name=\"robots\" content=\"index, follow, max-snippet:-1, max-image-preview:large, max-video-preview:-1\" \/>\n<link rel=\"canonical\" href=\"https:\/\/akunq.net\/tr\/?p=60470\" \/>\n<meta property=\"og:locale\" content=\"en_US\" \/>\n<meta property=\"og:type\" content=\"article\" \/>\n<meta property=\"og:title\" content=\"Kilise ve Ta\u015fhan restore edilecek - Bati Ermenistan Ve Bati Ermenileri Sorunlari Ara\u015ftirmalar Merkezi\" \/>\n<meta property=\"og:description\" content=\"Belediye Ba\u015fkan\u0131 Dr. Halil \u0130brahim A\u015fg\u0131n, Ayakkab\u0131c\u0131lar Arastas\u0131 i\u00e7erisinde yer alan tarihi kilise ve Ta\u015fhan\u2019\u0131n restore edilece\u011fini s\u00f6yledi. Belediye Meclisi\u2019nin Aral\u0131k ay\u0131 oturumunda \u201cgayrimenkul sat\u0131n al\u0131nmas\u0131 i\u00e7in Belediye Ba\u015fkan\u0131\u2019na yetki verilmesine\u201d ili\u015fkin g\u00fcndem maddesi g\u00f6r\u00fc\u015f\u00fcld\u00fc. S\u00f6z konusu maddeyle ilgili Meclis \u00fcyelerine bilgi veren A\u015fg\u0131n, Ayakkab\u0131c\u0131lar Arastas\u0131\u2019nda bulunan kilise ve Ta\u015fhan\u2019\u0131n sat\u0131n al\u0131nd\u0131ktan sonra restore edilece\u011fini [&hellip;]\" \/>\n<meta property=\"og:url\" content=\"https:\/\/akunq.net\/tr\/?p=60470\" \/>\n<meta property=\"og:site_name\" content=\"Bati Ermenistan Ve Bati Ermenileri Sorunlari Ara\u015ftirmalar Merkezi\" \/>\n<meta property=\"article:published_time\" content=\"2020-12-08T09:20:35+00:00\" \/>\n<meta property=\"og:image\" content=\"https:\/\/akunq.net\/tr\/wp-content\/uploads\/sites\/6\/2020\/12\/Kilise-ve-Ta\u015fhan.jpeg\" \/>\n\t<meta property=\"og:image:width\" content=\"637\" \/>\n\t<meta property=\"og:image:height\" content=\"332\" \/>\n\t<meta property=\"og:image:type\" content=\"image\/jpeg\" \/>\n<meta name=\"author\" content=\"admin\" \/>\n<meta name=\"twitter:card\" content=\"summary_large_image\" \/>\n<meta name=\"twitter:label1\" content=\"Written by\" \/>\n\t<meta name=\"twitter:data1\" content=\"admin\" \/>\n\t<meta name=\"twitter:label2\" content=\"Est. reading time\" \/>\n\t<meta name=\"twitter:data2\" content=\"1 minute\" \/>\n<script type=\"application\/ld+json\" class=\"yoast-schema-graph\">{\"@context\":\"https:\\\/\\\/schema.org\",\"@graph\":[{\"@type\":\"Article\",\"@id\":\"https:\\\/\\\/akunq.net\\\/tr\\\/?p=60470#article\",\"isPartOf\":{\"@id\":\"https:\\\/\\\/akunq.net\\\/tr\\\/?p=60470\"},\"author\":{\"name\":\"admin\",\"@id\":\"https:\\\/\\\/akunq.net\\\/tr\\\/#\\\/schema\\\/person\\\/096f1d38a12cce57fb855b485ed24c9e\"},\"headline\":\"Kilise ve Ta\u015fhan restore edilecek\",\"datePublished\":\"2020-12-08T09:20:35+00:00\",\"mainEntityOfPage\":{\"@id\":\"https:\\\/\\\/akunq.net\\\/tr\\\/?p=60470\"},\"wordCount\":119,\"commentCount\":0,\"image\":{\"@id\":\"https:\\\/\\\/akunq.net\\\/tr\\\/?p=60470#primaryimage\"},\"thumbnailUrl\":\"https:\\\/\\\/akunq.net\\\/tr\\\/wp-content\\\/uploads\\\/sites\\\/6\\\/2020\\\/12\\\/Kilise-ve-Ta\u015fhan.jpeg\",\"articleSection\":[\"Haberler\"],\"inLanguage\":\"en-US\",\"potentialAction\":[{\"@type\":\"CommentAction\",\"name\":\"Comment\",\"target\":[\"https:\\\/\\\/akunq.net\\\/tr\\\/?p=60470#respond\"]}]},{\"@type\":\"WebPage\",\"@id\":\"https:\\\/\\\/akunq.net\\\/tr\\\/?p=60470\",\"url\":\"https:\\\/\\\/akunq.net\\\/tr\\\/?p=60470\",\"name\":\"Kilise ve Ta\u015fhan restore edilecek - Bati Ermenistan Ve Bati Ermenileri Sorunlari Ara\u015ftirmalar Merkezi\",\"isPartOf\":{\"@id\":\"https:\\\/\\\/akunq.net\\\/tr\\\/#website\"},\"primaryImageOfPage\":{\"@id\":\"https:\\\/\\\/akunq.net\\\/tr\\\/?p=60470#primaryimage\"},\"image\":{\"@id\":\"https:\\\/\\\/akunq.net\\\/tr\\\/?p=60470#primaryimage\"},\"thumbnailUrl\":\"https:\\\/\\\/akunq.net\\\/tr\\\/wp-content\\\/uploads\\\/sites\\\/6\\\/2020\\\/12\\\/Kilise-ve-Ta\u015fhan.jpeg\",\"datePublished\":\"2020-12-08T09:20:35+00:00\",\"author\":{\"@id\":\"https:\\\/\\\/akunq.net\\\/tr\\\/#\\\/schema\\\/person\\\/096f1d38a12cce57fb855b485ed24c9e\"},\"breadcrumb\":{\"@id\":\"https:\\\/\\\/akunq.net\\\/tr\\\/?p=60470#breadcrumb\"},\"inLanguage\":\"en-US\",\"potentialAction\":[{\"@type\":\"ReadAction\",\"target\":[\"https:\\\/\\\/akunq.net\\\/tr\\\/?p=60470\"]}]},{\"@type\":\"ImageObject\",\"inLanguage\":\"en-US\",\"@id\":\"https:\\\/\\\/akunq.net\\\/tr\\\/?p=60470#primaryimage\",\"url\":\"https:\\\/\\\/akunq.net\\\/tr\\\/wp-content\\\/uploads\\\/sites\\\/6\\\/2020\\\/12\\\/Kilise-ve-Ta\u015fhan.jpeg\",\"contentUrl\":\"https:\\\/\\\/akunq.net\\\/tr\\\/wp-content\\\/uploads\\\/sites\\\/6\\\/2020\\\/12\\\/Kilise-ve-Ta\u015fhan.jpeg\",\"width\":637,\"height\":332},{\"@type\":\"BreadcrumbList\",\"@id\":\"https:\\\/\\\/akunq.net\\\/tr\\\/?p=60470#breadcrumb\",\"itemListElement\":[{\"@type\":\"ListItem\",\"position\":1,\"name\":\"Home\",\"item\":\"https:\\\/\\\/akunq.net\\\/tr\"},{\"@type\":\"ListItem\",\"position\":2,\"name\":\"Kilise ve Ta\u015fhan restore edilecek\"}]},{\"@type\":\"WebSite\",\"@id\":\"https:\\\/\\\/akunq.net\\\/tr\\\/#website\",\"url\":\"https:\\\/\\\/akunq.net\\\/tr\\\/\",\"name\":\"Bati Ermenistan Ve Bati Ermenileri Sorunlari Ara\u015ftirmalar Merkezi\",\"description\":\"\",\"potentialAction\":[{\"@type\":\"SearchAction\",\"target\":{\"@type\":\"EntryPoint\",\"urlTemplate\":\"https:\\\/\\\/akunq.net\\\/tr\\\/?s={search_term_string}\"},\"query-input\":{\"@type\":\"PropertyValueSpecification\",\"valueRequired\":true,\"valueName\":\"search_term_string\"}}],\"inLanguage\":\"en-US\"},{\"@type\":\"Person\",\"@id\":\"https:\\\/\\\/akunq.net\\\/tr\\\/#\\\/schema\\\/person\\\/096f1d38a12cce57fb855b485ed24c9e\",\"name\":\"admin\",\"url\":\"https:\\\/\\\/akunq.net\\\/tr\\\/?author=7\"}]}<\/script>\n<!-- \/ Yoast SEO plugin. -->","yoast_head_json":{"title":"Kilise ve Ta\u015fhan restore edilecek - Bati Ermenistan Ve Bati Ermenileri Sorunlari Ara\u015ftirmalar Merkezi","robots":{"index":"index","follow":"follow","max-snippet":"max-snippet:-1","max-image-preview":"max-image-preview:large","max-video-preview":"max-video-preview:-1"},"canonical":"https:\/\/akunq.net\/tr\/?p=60470","og_locale":"en_US","og_type":"article","og_title":"Kilise ve Ta\u015fhan restore edilecek - Bati Ermenistan Ve Bati Ermenileri Sorunlari Ara\u015ftirmalar Merkezi","og_description":"Belediye Ba\u015fkan\u0131 Dr. Halil \u0130brahim A\u015fg\u0131n, Ayakkab\u0131c\u0131lar Arastas\u0131 i\u00e7erisinde yer alan tarihi kilise ve Ta\u015fhan\u2019\u0131n restore edilece\u011fini s\u00f6yledi. Belediye Meclisi\u2019nin Aral\u0131k ay\u0131 oturumunda \u201cgayrimenkul sat\u0131n al\u0131nmas\u0131 i\u00e7in Belediye Ba\u015fkan\u0131\u2019na yetki verilmesine\u201d ili\u015fkin g\u00fcndem maddesi g\u00f6r\u00fc\u015f\u00fcld\u00fc. S\u00f6z konusu maddeyle ilgili Meclis \u00fcyelerine bilgi veren A\u015fg\u0131n, Ayakkab\u0131c\u0131lar Arastas\u0131\u2019nda bulunan kilise ve Ta\u015fhan\u2019\u0131n sat\u0131n al\u0131nd\u0131ktan sonra restore edilece\u011fini [&hellip;]","og_url":"https:\/\/akunq.net\/tr\/?p=60470","og_site_name":"Bati Ermenistan Ve Bati Ermenileri Sorunlari Ara\u015ftirmalar Merkezi","article_published_time":"2020-12-08T09:20:35+00:00","og_image":[{"width":637,"height":332,"url":"https:\/\/akunq.net\/tr\/wp-content\/uploads\/sites\/6\/2020\/12\/Kilise-ve-Ta\u015fhan.jpeg","type":"image\/jpeg"}],"author":"admin","twitter_card":"summary_large_image","twitter_misc":{"Written by":"admin","Est. reading time":"1 minute"},"schema":{"@context":"https:\/\/schema.org","@graph":[{"@type":"Article","@id":"https:\/\/akunq.net\/tr\/?p=60470#article","isPartOf":{"@id":"https:\/\/akunq.net\/tr\/?p=60470"},"author":{"name":"admin","@id":"https:\/\/akunq.net\/tr\/#\/schema\/person\/096f1d38a12cce57fb855b485ed24c9e"},"headline":"Kilise ve Ta\u015fhan restore edilecek","datePublished":"2020-12-08T09:20:35+00:00","mainEntityOfPage":{"@id":"https:\/\/akunq.net\/tr\/?p=60470"},"wordCount":119,"commentCount":0,"image":{"@id":"https:\/\/akunq.net\/tr\/?p=60470#primaryimage"},"thumbnailUrl":"https:\/\/akunq.net\/tr\/wp-content\/uploads\/sites\/6\/2020\/12\/Kilise-ve-Ta\u015fhan.jpeg","articleSection":["Haberler"],"inLanguage":"en-US","potentialAction":[{"@type":"CommentAction","name":"Comment","target":["https:\/\/akunq.net\/tr\/?p=60470#respond"]}]},{"@type":"WebPage","@id":"https:\/\/akunq.net\/tr\/?p=60470","url":"https:\/\/akunq.net\/tr\/?p=60470","name":"Kilise ve Ta\u015fhan restore edilecek - Bati Ermenistan Ve Bati Ermenileri Sorunlari Ara\u015ftirmalar Merkezi","isPartOf":{"@id":"https:\/\/akunq.net\/tr\/#website"},"primaryImageOfPage":{"@id":"https:\/\/akunq.net\/tr\/?p=60470#primaryimage"},"image":{"@id":"https:\/\/akunq.net\/tr\/?p=60470#primaryimage"},"thumbnailUrl":"https:\/\/akunq.net\/tr\/wp-content\/uploads\/sites\/6\/2020\/12\/Kilise-ve-Ta\u015fhan.jpeg","datePublished":"2020-12-08T09:20:35+00:00","author":{"@id":"https:\/\/akunq.net\/tr\/#\/schema\/person\/096f1d38a12cce57fb855b485ed24c9e"},"breadcrumb":{"@id":"https:\/\/akunq.net\/tr\/?p=60470#breadcrumb"},"inLanguage":"en-US","potentialAction":[{"@type":"ReadAction","target":["https:\/\/akunq.net\/tr\/?p=60470"]}]},{"@type":"ImageObject","inLanguage":"en-US","@id":"https:\/\/akunq.net\/tr\/?p=60470#primaryimage","url":"https:\/\/akunq.net\/tr\/wp-content\/uploads\/sites\/6\/2020\/12\/Kilise-ve-Ta\u015fhan.jpeg","contentUrl":"https:\/\/akunq.net\/tr\/wp-content\/uploads\/sites\/6\/2020\/12\/Kilise-ve-Ta\u015fhan.jpeg","width":637,"height":332},{"@type":"BreadcrumbList","@id":"https:\/\/akunq.net\/tr\/?p=60470#breadcrumb","itemListElement":[{"@type":"ListItem","position":1,"name":"Home","item":"https:\/\/akunq.net\/tr"},{"@type":"ListItem","position":2,"name":"Kilise ve Ta\u015fhan restore edilecek"}]},{"@type":"WebSite","@id":"https:\/\/akunq.net\/tr\/#website","url":"https:\/\/akunq.net\/tr\/","name":"Bati Ermenistan Ve Bati Ermenileri Sorunlari Ara\u015ftirmalar Merkezi","description":"","potentialAction":[{"@type":"SearchAction","target":{"@type":"EntryPoint","urlTemplate":"https:\/\/akunq.net\/tr\/?s={search_term_string}"},"query-input":{"@type":"PropertyValueSpecification","valueRequired":true,"valueName":"search_term_string"}}],"inLanguage":"en-US"},{"@type":"Person","@id":"https:\/\/akunq.net\/tr\/#\/schema\/person\/096f1d38a12cce57fb855b485ed24c9e","name":"admin","url":"https:\/\/akunq.net\/tr\/?author=7"}]}},"_links":{"self":[{"href":"https:\/\/akunq.net\/tr\/index.php?rest_route=\/wp\/v2\/posts\/60470","targetHints":{"allow":["GET"]}}],"collection":[{"href":"https:\/\/akunq.net\/tr\/index.php?rest_route=\/wp\/v2\/posts"}],"about":[{"href":"https:\/\/akunq.net\/tr\/index.php?rest_route=\/wp\/v2\/types\/post"}],"author":[{"embeddable":true,"href":"https:\/\/akunq.net\/tr\/index.php?rest_route=\/wp\/v2\/users\/7"}],"replies":[{"embeddable":true,"href":"https:\/\/akunq.net\/tr\/index.php?rest_route=%2Fwp%2Fv2%2Fcomments&post=60470"}],"version-history":[{"count":1,"href":"https:\/\/akunq.net\/tr\/index.php?rest_route=\/wp\/v2\/posts\/60470\/revisions"}],"predecessor-version":[{"id":60472,"href":"https:\/\/akunq.net\/tr\/index.php?rest_route=\/wp\/v2\/posts\/60470\/revisions\/60472"}],"wp:featuredmedia":[{"embeddable":true,"href":"https:\/\/akunq.net\/tr\/index.php?rest_route=\/wp\/v2\/media\/60471"}],"wp:attachment":[{"href":"https:\/\/akunq.net\/tr\/index.php?rest_route=%2Fwp%2Fv2%2Fmedia&parent=60470"}],"wp:term":[{"taxonomy":"category","embeddable":true,"href":"https:\/\/akunq.net\/tr\/index.php?rest_route=%2Fwp%2Fv2%2Fcategories&post=60470"},{"taxonomy":"post_tag","embeddable":true,"href":"https:\/\/akunq.net\/tr\/index.php?rest_route=%2Fwp%2Fv2%2Ftags&post=60470"}],"curies":[{"name":"wp","href":"https:\/\/api.w.org\/{rel}","templated":true}]}}