{"id":60454,"date":"2020-12-04T10:48:39","date_gmt":"2020-12-04T15:48:39","guid":{"rendered":"https:\/\/akunq.net\/tr\/?p=60454"},"modified":"2020-12-04T10:48:39","modified_gmt":"2020-12-04T15:48:39","slug":"chp-ankara-milletvekili-levent-gok-van-golu-kiyisindaki-tarihi-kalintilari-sordu","status":"publish","type":"post","link":"https:\/\/akunq.net\/tr\/?p=60454","title":{"rendered":"CHP Ankara Milletvekili Levent G\u00f6k, Van G\u00f6l\u00fc k\u0131y\u0131s\u0131ndaki tarihi kal\u0131nt\u0131lar\u0131 sordu"},"content":{"rendered":"<p><img loading=\"lazy\" decoding=\"async\" class=\"aligncenter size-medium wp-image-60456\" src=\"https:\/\/akunq.net\/tr\/wp-content\/uploads\/2020\/12\/Van-360x242.jpg\" alt=\"\" width=\"360\" height=\"242\" srcset=\"https:\/\/akunq.net\/tr\/wp-content\/uploads\/sites\/6\/2020\/12\/Van-360x242.jpg 360w, https:\/\/akunq.net\/tr\/wp-content\/uploads\/sites\/6\/2020\/12\/Van-560x376.jpg 560w, https:\/\/akunq.net\/tr\/wp-content\/uploads\/sites\/6\/2020\/12\/Van-260x175.jpg 260w, https:\/\/akunq.net\/tr\/wp-content\/uploads\/sites\/6\/2020\/12\/Van-160x107.jpg 160w, https:\/\/akunq.net\/tr\/wp-content\/uploads\/sites\/6\/2020\/12\/Van.jpg 670w\" sizes=\"auto, (max-width: 360px) 100vw, 360px\" \/><\/p>\n<p><em><strong>CHP Ankara milletvekili Levent G\u00f6k, Van G\u00f6l\u00fc k\u0131y\u0131s\u0131nda ortaya \u00e7\u0131kan tarihi liman ve koruma alt\u0131na al\u0131nmay\u0131 bekleyen di\u011fer tarihi kal\u0131nt\u0131lar hakk\u0131nda Meclis\u2019e soru \u00f6nergesi verdi. G\u00f6k, K\u00fclt\u00fcr ve Turizm Bakan\u0131 Mehmet Nuri Ersoy\u2019un yan\u0131tlamas\u0131 istemiyle verilen soru \u00f6nergesinde, \u201cU\u00e7suz bucaks\u0131z bir tarih ve k\u00fclt\u00fcr hazinesine ev sahipli\u011fi eden \u00fclkemizde ayd\u0131nl\u0131\u011fa \u00e7\u0131kart\u0131lmay\u0131 bekleyen \u00e7ok say\u0131da eser bulunmakta, T\u00fcrkiye\u2019nin turizm cazibesinin art\u0131r\u0131lmas\u0131 i\u00e7in tarihi de\u011ferlerimizin korunakl\u0131 ko\u015fullarda ziyarete a\u00e7\u0131lmas\u0131na a\u011f\u0131rl\u0131k verilmelidir\u201d ifadelerini kulland\u0131.<\/strong><\/em><\/p>\n<p>Soru \u00f6nergesinde, \u201cSon d\u00f6nemde \u00fclke genelinde ya\u011f\u0131\u015flar\u0131n azalmas\u0131yla Van G\u00f6l\u00fc\u2019n\u00fcn de su seviyesinde azalma meydana gelmi\u015f, sular\u0131n \u00e7ekilmesiyle g\u00f6l\u00fcn Erci\u015f \u0130l\u00e7esi k\u0131y\u0131s\u0131nda Urartular\u2019dan kald\u0131\u011f\u0131 tahmin edilen tarihi liman\u0131n kal\u0131nt\u0131lar\u0131 g\u00fcn y\u00fcz\u00fcne \u00e7\u0131km\u0131\u015ft\u0131r\u201d diyen G\u00f6k, \u015funlar\u0131 kaydetti: \u201cTarihi liman\u0131n ortaya \u00e7\u0131kan duvarlar\u0131n\u0131n yak\u0131n \u00e7evredeki di\u011fer Urartu kal\u0131nt\u0131lar\u0131yla uyumlu oldu\u011fu g\u00f6zlemlenmekte bu k\u0131ymetli tarih hazinesinin ara\u015ft\u0131r\u0131lmas\u0131 ve korumaya al\u0131narak turizme kazand\u0131r\u0131lmas\u0131 beklenmektedir. U\u00e7suz bucaks\u0131z bir tarih ve k\u00fclt\u00fcr hazinesine ev sahipli\u011fi eden \u00fclkemizde ayd\u0131nl\u0131\u011fa \u00e7\u0131kart\u0131lmay\u0131 bekleyen \u00e7ok say\u0131da eser bulunmakta, T\u00fcrkiye\u2019nin turizm cazibesinin art\u0131r\u0131lmas\u0131 i\u00e7in tarihi de\u011ferlerimizin korunakl\u0131 ko\u015fullarda ziyarete a\u00e7\u0131lmas\u0131na a\u011f\u0131rl\u0131k verilmelidir. \u00dclkemizin i\u00e7erisinde bulundu\u011fu ekonomik darbo\u011faz\u0131n a\u015f\u0131lmas\u0131 i\u00e7in Covid-19 salg\u0131n\u0131n\u0131n kontrol alt\u0131na al\u0131nmas\u0131ndan sonra hareketlenecek olan turizm sekt\u00f6r\u00fc b\u00fcy\u00fck \u00f6nem ta\u015f\u0131maktad\u0131r.\u201d<\/p>\n<p><em><strong>Kaynak:\u00a0<a href=\"https:\/\/www.gazeteduvar.com.tr\/chp-ankara-milletvekili-levent-gok-van-golu-kiyisindaki-tarihi-kalintilari-sordu-haber-1506386\" target=\"_blank\" rel=\"nofollow noopener noreferrer\">Gazete Duvar<\/a><\/strong><\/em><\/p>\n","protected":false},"excerpt":{"rendered":"<p>CHP Ankara milletvekili Levent G\u00f6k, Van G\u00f6l\u00fc k\u0131y\u0131s\u0131nda ortaya \u00e7\u0131kan tarihi liman ve koruma alt\u0131na al\u0131nmay\u0131 bekleyen di\u011fer tarihi kal\u0131nt\u0131lar hakk\u0131nda Meclis\u2019e soru \u00f6nergesi verdi. G\u00f6k, K\u00fclt\u00fcr ve Turizm Bakan\u0131 Mehmet Nuri Ersoy\u2019un yan\u0131tlamas\u0131 istemiyle verilen soru \u00f6nergesinde, \u201cU\u00e7suz bucaks\u0131z bir tarih ve k\u00fclt\u00fcr hazinesine ev sahipli\u011fi eden \u00fclkemizde ayd\u0131nl\u0131\u011fa \u00e7\u0131kart\u0131lmay\u0131 bekleyen \u00e7ok say\u0131da eser [&hellip;]<\/p>\n","protected":false},"author":7,"featured_media":60456,"comment_status":"open","ping_status":"open","sticky":false,"template":"","format":"standard","meta":{"footnotes":""},"categories":[22,1],"tags":[],"class_list":["post-60454","post","type-post","status-publish","format-standard","has-post-thumbnail","hentry","category-gunumuzde-bati-ermenistan","category-haberler"],"yoast_head":"<!-- This site is optimized with the Yoast SEO plugin v27.4 - https:\/\/yoast.com\/product\/yoast-seo-wordpress\/ -->\n<title>CHP Ankara Milletvekili Levent G\u00f6k, Van G\u00f6l\u00fc k\u0131y\u0131s\u0131ndaki tarihi kal\u0131nt\u0131lar\u0131 sordu - Bati Ermenistan Ve Bati Ermenileri Sorunlari Ara\u015ftirmalar Merkezi<\/title>\n<meta name=\"robots\" content=\"index, follow, max-snippet:-1, max-image-preview:large, max-video-preview:-1\" \/>\n<link rel=\"canonical\" href=\"https:\/\/akunq.net\/tr\/?p=60454\" \/>\n<meta property=\"og:locale\" content=\"en_US\" \/>\n<meta property=\"og:type\" content=\"article\" \/>\n<meta property=\"og:title\" content=\"CHP Ankara Milletvekili Levent G\u00f6k, Van G\u00f6l\u00fc k\u0131y\u0131s\u0131ndaki tarihi kal\u0131nt\u0131lar\u0131 sordu - Bati Ermenistan Ve Bati Ermenileri Sorunlari Ara\u015ftirmalar Merkezi\" \/>\n<meta property=\"og:description\" content=\"CHP Ankara milletvekili Levent G\u00f6k, Van G\u00f6l\u00fc k\u0131y\u0131s\u0131nda ortaya \u00e7\u0131kan tarihi liman ve koruma alt\u0131na al\u0131nmay\u0131 bekleyen di\u011fer tarihi kal\u0131nt\u0131lar hakk\u0131nda Meclis\u2019e soru \u00f6nergesi verdi. G\u00f6k, K\u00fclt\u00fcr ve Turizm Bakan\u0131 Mehmet Nuri Ersoy\u2019un yan\u0131tlamas\u0131 istemiyle verilen soru \u00f6nergesinde, \u201cU\u00e7suz bucaks\u0131z bir tarih ve k\u00fclt\u00fcr hazinesine ev sahipli\u011fi eden \u00fclkemizde ayd\u0131nl\u0131\u011fa \u00e7\u0131kart\u0131lmay\u0131 bekleyen \u00e7ok say\u0131da eser [&hellip;]\" \/>\n<meta property=\"og:url\" content=\"https:\/\/akunq.net\/tr\/?p=60454\" \/>\n<meta property=\"og:site_name\" content=\"Bati Ermenistan Ve Bati Ermenileri Sorunlari Ara\u015ftirmalar Merkezi\" \/>\n<meta property=\"article:published_time\" content=\"2020-12-04T15:48:39+00:00\" \/>\n<meta property=\"og:image\" content=\"https:\/\/akunq.net\/tr\/wp-content\/uploads\/sites\/6\/2020\/12\/Van.jpg\" \/>\n\t<meta property=\"og:image:width\" content=\"670\" \/>\n\t<meta property=\"og:image:height\" content=\"450\" \/>\n\t<meta property=\"og:image:type\" content=\"image\/jpeg\" \/>\n<meta name=\"author\" content=\"admin\" \/>\n<meta name=\"twitter:card\" content=\"summary_large_image\" \/>\n<meta name=\"twitter:label1\" content=\"Written by\" \/>\n\t<meta name=\"twitter:data1\" content=\"admin\" \/>\n\t<meta name=\"twitter:label2\" content=\"Est. reading time\" \/>\n\t<meta name=\"twitter:data2\" content=\"2 minutes\" \/>\n<script type=\"application\/ld+json\" class=\"yoast-schema-graph\">{\"@context\":\"https:\\\/\\\/schema.org\",\"@graph\":[{\"@type\":\"Article\",\"@id\":\"https:\\\/\\\/akunq.net\\\/tr\\\/?p=60454#article\",\"isPartOf\":{\"@id\":\"https:\\\/\\\/akunq.net\\\/tr\\\/?p=60454\"},\"author\":{\"name\":\"admin\",\"@id\":\"https:\\\/\\\/akunq.net\\\/tr\\\/#\\\/schema\\\/person\\\/096f1d38a12cce57fb855b485ed24c9e\"},\"headline\":\"CHP Ankara Milletvekili Levent G\u00f6k, Van G\u00f6l\u00fc k\u0131y\u0131s\u0131ndaki tarihi kal\u0131nt\u0131lar\u0131 sordu\",\"datePublished\":\"2020-12-04T15:48:39+00:00\",\"mainEntityOfPage\":{\"@id\":\"https:\\\/\\\/akunq.net\\\/tr\\\/?p=60454\"},\"wordCount\":318,\"commentCount\":0,\"image\":{\"@id\":\"https:\\\/\\\/akunq.net\\\/tr\\\/?p=60454#primaryimage\"},\"thumbnailUrl\":\"https:\\\/\\\/akunq.net\\\/tr\\\/wp-content\\\/uploads\\\/sites\\\/6\\\/2020\\\/12\\\/Van.jpg\",\"articleSection\":[\"G\u00fcn\u00fcm\u00fczde Bat\u0131 Ermenistan\",\"Haberler\"],\"inLanguage\":\"en-US\",\"potentialAction\":[{\"@type\":\"CommentAction\",\"name\":\"Comment\",\"target\":[\"https:\\\/\\\/akunq.net\\\/tr\\\/?p=60454#respond\"]}]},{\"@type\":\"WebPage\",\"@id\":\"https:\\\/\\\/akunq.net\\\/tr\\\/?p=60454\",\"url\":\"https:\\\/\\\/akunq.net\\\/tr\\\/?p=60454\",\"name\":\"CHP Ankara Milletvekili Levent G\u00f6k, Van G\u00f6l\u00fc k\u0131y\u0131s\u0131ndaki tarihi kal\u0131nt\u0131lar\u0131 sordu - Bati Ermenistan Ve Bati Ermenileri Sorunlari Ara\u015ftirmalar Merkezi\",\"isPartOf\":{\"@id\":\"https:\\\/\\\/akunq.net\\\/tr\\\/#website\"},\"primaryImageOfPage\":{\"@id\":\"https:\\\/\\\/akunq.net\\\/tr\\\/?p=60454#primaryimage\"},\"image\":{\"@id\":\"https:\\\/\\\/akunq.net\\\/tr\\\/?p=60454#primaryimage\"},\"thumbnailUrl\":\"https:\\\/\\\/akunq.net\\\/tr\\\/wp-content\\\/uploads\\\/sites\\\/6\\\/2020\\\/12\\\/Van.jpg\",\"datePublished\":\"2020-12-04T15:48:39+00:00\",\"author\":{\"@id\":\"https:\\\/\\\/akunq.net\\\/tr\\\/#\\\/schema\\\/person\\\/096f1d38a12cce57fb855b485ed24c9e\"},\"breadcrumb\":{\"@id\":\"https:\\\/\\\/akunq.net\\\/tr\\\/?p=60454#breadcrumb\"},\"inLanguage\":\"en-US\",\"potentialAction\":[{\"@type\":\"ReadAction\",\"target\":[\"https:\\\/\\\/akunq.net\\\/tr\\\/?p=60454\"]}]},{\"@type\":\"ImageObject\",\"inLanguage\":\"en-US\",\"@id\":\"https:\\\/\\\/akunq.net\\\/tr\\\/?p=60454#primaryimage\",\"url\":\"https:\\\/\\\/akunq.net\\\/tr\\\/wp-content\\\/uploads\\\/sites\\\/6\\\/2020\\\/12\\\/Van.jpg\",\"contentUrl\":\"https:\\\/\\\/akunq.net\\\/tr\\\/wp-content\\\/uploads\\\/sites\\\/6\\\/2020\\\/12\\\/Van.jpg\",\"width\":670,\"height\":450},{\"@type\":\"BreadcrumbList\",\"@id\":\"https:\\\/\\\/akunq.net\\\/tr\\\/?p=60454#breadcrumb\",\"itemListElement\":[{\"@type\":\"ListItem\",\"position\":1,\"name\":\"Home\",\"item\":\"https:\\\/\\\/akunq.net\\\/tr\"},{\"@type\":\"ListItem\",\"position\":2,\"name\":\"CHP Ankara Milletvekili Levent G\u00f6k, Van G\u00f6l\u00fc k\u0131y\u0131s\u0131ndaki tarihi kal\u0131nt\u0131lar\u0131 sordu\"}]},{\"@type\":\"WebSite\",\"@id\":\"https:\\\/\\\/akunq.net\\\/tr\\\/#website\",\"url\":\"https:\\\/\\\/akunq.net\\\/tr\\\/\",\"name\":\"Bati Ermenistan Ve Bati Ermenileri Sorunlari Ara\u015ftirmalar Merkezi\",\"description\":\"\",\"potentialAction\":[{\"@type\":\"SearchAction\",\"target\":{\"@type\":\"EntryPoint\",\"urlTemplate\":\"https:\\\/\\\/akunq.net\\\/tr\\\/?s={search_term_string}\"},\"query-input\":{\"@type\":\"PropertyValueSpecification\",\"valueRequired\":true,\"valueName\":\"search_term_string\"}}],\"inLanguage\":\"en-US\"},{\"@type\":\"Person\",\"@id\":\"https:\\\/\\\/akunq.net\\\/tr\\\/#\\\/schema\\\/person\\\/096f1d38a12cce57fb855b485ed24c9e\",\"name\":\"admin\",\"url\":\"https:\\\/\\\/akunq.net\\\/tr\\\/?author=7\"}]}<\/script>\n<!-- \/ Yoast SEO plugin. -->","yoast_head_json":{"title":"CHP Ankara Milletvekili Levent G\u00f6k, Van G\u00f6l\u00fc k\u0131y\u0131s\u0131ndaki tarihi kal\u0131nt\u0131lar\u0131 sordu - Bati Ermenistan Ve Bati Ermenileri Sorunlari Ara\u015ftirmalar Merkezi","robots":{"index":"index","follow":"follow","max-snippet":"max-snippet:-1","max-image-preview":"max-image-preview:large","max-video-preview":"max-video-preview:-1"},"canonical":"https:\/\/akunq.net\/tr\/?p=60454","og_locale":"en_US","og_type":"article","og_title":"CHP Ankara Milletvekili Levent G\u00f6k, Van G\u00f6l\u00fc k\u0131y\u0131s\u0131ndaki tarihi kal\u0131nt\u0131lar\u0131 sordu - Bati Ermenistan Ve Bati Ermenileri Sorunlari Ara\u015ftirmalar Merkezi","og_description":"CHP Ankara milletvekili Levent G\u00f6k, Van G\u00f6l\u00fc k\u0131y\u0131s\u0131nda ortaya \u00e7\u0131kan tarihi liman ve koruma alt\u0131na al\u0131nmay\u0131 bekleyen di\u011fer tarihi kal\u0131nt\u0131lar hakk\u0131nda Meclis\u2019e soru \u00f6nergesi verdi. G\u00f6k, K\u00fclt\u00fcr ve Turizm Bakan\u0131 Mehmet Nuri Ersoy\u2019un yan\u0131tlamas\u0131 istemiyle verilen soru \u00f6nergesinde, \u201cU\u00e7suz bucaks\u0131z bir tarih ve k\u00fclt\u00fcr hazinesine ev sahipli\u011fi eden \u00fclkemizde ayd\u0131nl\u0131\u011fa \u00e7\u0131kart\u0131lmay\u0131 bekleyen \u00e7ok say\u0131da eser [&hellip;]","og_url":"https:\/\/akunq.net\/tr\/?p=60454","og_site_name":"Bati Ermenistan Ve Bati Ermenileri Sorunlari Ara\u015ftirmalar Merkezi","article_published_time":"2020-12-04T15:48:39+00:00","og_image":[{"width":670,"height":450,"url":"https:\/\/akunq.net\/tr\/wp-content\/uploads\/sites\/6\/2020\/12\/Van.jpg","type":"image\/jpeg"}],"author":"admin","twitter_card":"summary_large_image","twitter_misc":{"Written by":"admin","Est. reading time":"2 minutes"},"schema":{"@context":"https:\/\/schema.org","@graph":[{"@type":"Article","@id":"https:\/\/akunq.net\/tr\/?p=60454#article","isPartOf":{"@id":"https:\/\/akunq.net\/tr\/?p=60454"},"author":{"name":"admin","@id":"https:\/\/akunq.net\/tr\/#\/schema\/person\/096f1d38a12cce57fb855b485ed24c9e"},"headline":"CHP Ankara Milletvekili Levent G\u00f6k, Van G\u00f6l\u00fc k\u0131y\u0131s\u0131ndaki tarihi kal\u0131nt\u0131lar\u0131 sordu","datePublished":"2020-12-04T15:48:39+00:00","mainEntityOfPage":{"@id":"https:\/\/akunq.net\/tr\/?p=60454"},"wordCount":318,"commentCount":0,"image":{"@id":"https:\/\/akunq.net\/tr\/?p=60454#primaryimage"},"thumbnailUrl":"https:\/\/akunq.net\/tr\/wp-content\/uploads\/sites\/6\/2020\/12\/Van.jpg","articleSection":["G\u00fcn\u00fcm\u00fczde Bat\u0131 Ermenistan","Haberler"],"inLanguage":"en-US","potentialAction":[{"@type":"CommentAction","name":"Comment","target":["https:\/\/akunq.net\/tr\/?p=60454#respond"]}]},{"@type":"WebPage","@id":"https:\/\/akunq.net\/tr\/?p=60454","url":"https:\/\/akunq.net\/tr\/?p=60454","name":"CHP Ankara Milletvekili Levent G\u00f6k, Van G\u00f6l\u00fc k\u0131y\u0131s\u0131ndaki tarihi kal\u0131nt\u0131lar\u0131 sordu - Bati Ermenistan Ve Bati Ermenileri Sorunlari Ara\u015ftirmalar Merkezi","isPartOf":{"@id":"https:\/\/akunq.net\/tr\/#website"},"primaryImageOfPage":{"@id":"https:\/\/akunq.net\/tr\/?p=60454#primaryimage"},"image":{"@id":"https:\/\/akunq.net\/tr\/?p=60454#primaryimage"},"thumbnailUrl":"https:\/\/akunq.net\/tr\/wp-content\/uploads\/sites\/6\/2020\/12\/Van.jpg","datePublished":"2020-12-04T15:48:39+00:00","author":{"@id":"https:\/\/akunq.net\/tr\/#\/schema\/person\/096f1d38a12cce57fb855b485ed24c9e"},"breadcrumb":{"@id":"https:\/\/akunq.net\/tr\/?p=60454#breadcrumb"},"inLanguage":"en-US","potentialAction":[{"@type":"ReadAction","target":["https:\/\/akunq.net\/tr\/?p=60454"]}]},{"@type":"ImageObject","inLanguage":"en-US","@id":"https:\/\/akunq.net\/tr\/?p=60454#primaryimage","url":"https:\/\/akunq.net\/tr\/wp-content\/uploads\/sites\/6\/2020\/12\/Van.jpg","contentUrl":"https:\/\/akunq.net\/tr\/wp-content\/uploads\/sites\/6\/2020\/12\/Van.jpg","width":670,"height":450},{"@type":"BreadcrumbList","@id":"https:\/\/akunq.net\/tr\/?p=60454#breadcrumb","itemListElement":[{"@type":"ListItem","position":1,"name":"Home","item":"https:\/\/akunq.net\/tr"},{"@type":"ListItem","position":2,"name":"CHP Ankara Milletvekili Levent G\u00f6k, Van G\u00f6l\u00fc k\u0131y\u0131s\u0131ndaki tarihi kal\u0131nt\u0131lar\u0131 sordu"}]},{"@type":"WebSite","@id":"https:\/\/akunq.net\/tr\/#website","url":"https:\/\/akunq.net\/tr\/","name":"Bati Ermenistan Ve Bati Ermenileri Sorunlari Ara\u015ftirmalar Merkezi","description":"","potentialAction":[{"@type":"SearchAction","target":{"@type":"EntryPoint","urlTemplate":"https:\/\/akunq.net\/tr\/?s={search_term_string}"},"query-input":{"@type":"PropertyValueSpecification","valueRequired":true,"valueName":"search_term_string"}}],"inLanguage":"en-US"},{"@type":"Person","@id":"https:\/\/akunq.net\/tr\/#\/schema\/person\/096f1d38a12cce57fb855b485ed24c9e","name":"admin","url":"https:\/\/akunq.net\/tr\/?author=7"}]}},"_links":{"self":[{"href":"https:\/\/akunq.net\/tr\/index.php?rest_route=\/wp\/v2\/posts\/60454","targetHints":{"allow":["GET"]}}],"collection":[{"href":"https:\/\/akunq.net\/tr\/index.php?rest_route=\/wp\/v2\/posts"}],"about":[{"href":"https:\/\/akunq.net\/tr\/index.php?rest_route=\/wp\/v2\/types\/post"}],"author":[{"embeddable":true,"href":"https:\/\/akunq.net\/tr\/index.php?rest_route=\/wp\/v2\/users\/7"}],"replies":[{"embeddable":true,"href":"https:\/\/akunq.net\/tr\/index.php?rest_route=%2Fwp%2Fv2%2Fcomments&post=60454"}],"version-history":[{"count":2,"href":"https:\/\/akunq.net\/tr\/index.php?rest_route=\/wp\/v2\/posts\/60454\/revisions"}],"predecessor-version":[{"id":60457,"href":"https:\/\/akunq.net\/tr\/index.php?rest_route=\/wp\/v2\/posts\/60454\/revisions\/60457"}],"wp:featuredmedia":[{"embeddable":true,"href":"https:\/\/akunq.net\/tr\/index.php?rest_route=\/wp\/v2\/media\/60456"}],"wp:attachment":[{"href":"https:\/\/akunq.net\/tr\/index.php?rest_route=%2Fwp%2Fv2%2Fmedia&parent=60454"}],"wp:term":[{"taxonomy":"category","embeddable":true,"href":"https:\/\/akunq.net\/tr\/index.php?rest_route=%2Fwp%2Fv2%2Fcategories&post=60454"},{"taxonomy":"post_tag","embeddable":true,"href":"https:\/\/akunq.net\/tr\/index.php?rest_route=%2Fwp%2Fv2%2Ftags&post=60454"}],"curies":[{"name":"wp","href":"https:\/\/api.w.org\/{rel}","templated":true}]}}