{"id":60450,"date":"2020-12-04T02:46:34","date_gmt":"2020-12-04T07:46:34","guid":{"rendered":"https:\/\/akunq.net\/tr\/?p=60450"},"modified":"2020-12-04T02:46:34","modified_gmt":"2020-12-04T07:46:34","slug":"ulkuculer-almanyada-yasayan-ermenileri-olumle-tehdit-ediyor","status":"publish","type":"post","link":"https:\/\/akunq.net\/tr\/?p=60450","title":{"rendered":"\u00dclk\u00fcc\u00fcler Almanya\u2019da ya\u015fayan Ermenileri \u00f6l\u00fcmle tehdit ediyor"},"content":{"rendered":"<p><img loading=\"lazy\" decoding=\"async\" class=\"aligncenter size-medium wp-image-60451\" src=\"https:\/\/akunq.net\/tr\/wp-content\/uploads\/2020\/12\/Almanya-360x202.jpg\" alt=\"\" width=\"360\" height=\"202\" srcset=\"https:\/\/akunq.net\/tr\/wp-content\/uploads\/sites\/6\/2020\/12\/Almanya-360x202.jpg 360w, https:\/\/akunq.net\/tr\/wp-content\/uploads\/sites\/6\/2020\/12\/Almanya-768x431.jpg 768w, https:\/\/akunq.net\/tr\/wp-content\/uploads\/sites\/6\/2020\/12\/Almanya-560x315.jpg 560w, https:\/\/akunq.net\/tr\/wp-content\/uploads\/sites\/6\/2020\/12\/Almanya-260x146.jpg 260w, https:\/\/akunq.net\/tr\/wp-content\/uploads\/sites\/6\/2020\/12\/Almanya-160x90.jpg 160w, https:\/\/akunq.net\/tr\/wp-content\/uploads\/sites\/6\/2020\/12\/Almanya.jpg 990w\" sizes=\"auto, (max-width: 360px) 100vw, 360px\" \/><\/p>\n<p><em><strong>Ge\u00e7ti\u011fimiz g\u00fcnlerde Almanya\u2019da yasaklanmas\u0131 i\u00e7in Federal Meclis\u2019te karar al\u0131nan T\u00fcrk devletinin paramiliter \u0131rk\u00e7\u0131 g\u00fcc\u00fc \u00dclk\u00fcc\u00fclerin Almanya\u2019da ya\u015fayan \u00e7ok say\u0131da Ermeni\u2019yi \u00f6l\u00fcmle tehdit etti\u011fi ortaya \u00e7\u0131kt\u0131.<\/strong><\/em><\/p>\n<p>Son d\u00f6nemlerde \u00dclk\u00fcc\u00fcler veya Bozkurtlar isimleriyle \u00f6rg\u00fctlenen T\u00fcrk fa\u015fistleri Avrupa \u00fclkelerinin g\u00fcvenli\u011fini tehdit etmeye ba\u015flad\u0131lar.<\/p>\n<p>AKP-MHP iktidar\u0131n\u0131n paramiliter g\u00fcc\u00fc olan ve bir\u00e7ok \u015fiddet olay\u0131na kar\u0131\u015fan \u00dclk\u00fcc\u00fcler, 29 Ekim 2020 g\u00fcn\u00fc Fransa\u2019n\u0131n Dijon kentinde Ermenilere y\u00f6nelik ger\u00e7ekle\u015ftirdikleri lin\u00e7 sald\u0131r\u0131lar\u0131n\u0131n ard\u0131ndan Paris y\u00f6netimi 4 Kas\u0131m&#8217;da bu gruplar\u0131 yasaklama karar\u0131 alm\u0131\u015ft\u0131.<\/p>\n<p>Ayn\u0131 \u015fekilde 18 Kas\u0131m g\u00fcn\u00fc de Almanya\u2019da h\u00fck\u00fcmeti olu\u015fturan Hristiyan Birlik partileri (CDU\/CSU) ve Sosyal Demokratlar Partisi (SPD)\u2019nin yan\u0131 s\u0131ra Ye\u015filler Partisi ile H\u00fcr Demokratlar Partisi (FDP) \u00dclk\u00fcc\u00fc Hareketi\u2019nin yasaklanmas\u0131n\u0131 \u00f6n\u00fcn\u00fc a\u00e7an yasa tasar\u0131s\u0131 Federal Meclis\u2019te kabul edilmi\u015fti.<\/p>\n<p>Avrupa \u00fclkelerinin ald\u0131\u011f\u0131 bu tedbirlere ra\u011fmen T\u00fcrk fa\u015fistlerinin son g\u00fcnlerde \u00f6zellikle Almanya\u2019da ya\u015fayan Ermenilere y\u00f6nelik \u00e7ok say\u0131da tehdit mektuplar\u0131 g\u00f6nderdikleri ortaya \u00e7\u0131kt\u0131.<\/p>\n<p>Almanya\u2019da g\u00fcnl\u00fck yay\u0131nlanan Die Welt gazetesinin haberine g\u00f6re Ermenilerin \u00f6l\u00fcm mektuplar\u0131n\u0131 en \u00e7ok Hanau, Osnabr\u00fcck ve Hamburg kentlerinde ald\u0131.<\/p>\n<p>\u00d6zellikle Karaba\u011f b\u00f6lgesinde Azerbaycan&#8217;\u0131n Artsakh&#8217;a (Da\u011fl\u0131k Karaba\u011f) kar\u015f\u0131 ger\u00e7ekle\u015ftirdi\u011fi sava\u015f\u0131n ard\u0131ndan s\u00f6z konusu mektuplar\u0131n say\u0131s\u0131nda ciddi bir art\u0131\u015f\u0131n oldu\u011fu belirtildi.<\/p>\n<p>Gazeteye konu\u015fan Ermeni avukat \u0130lias Uyar, K\u00f6ln ve Berlin\u2019de ya\u015fayan Ermenilerin de ayn\u0131 telefon numaralar\u0131ndan yap\u0131lan aramalarda \u00f6l\u00fcmle tehdit edildi\u011fini aktard\u0131.<\/p>\n<p>Ermenilerin can g\u00fcvenli\u011finin tehlikeye girmesi \u00fczerine Kuzey Ren Vestfalya Eyaleti \u0130\u00e7i\u015fleri Bakan\u0131 Herbert Reul\u2019ya hitaben bir mektup kaleme alan Almanya Ermeni Kilisesi Piskoposu Serovbe Isakhanyan, \u00fclkede ya\u015fayan Ermenilerin kayg\u0131lar\u0131n\u0131 aktard\u0131.<\/p>\n<p>Isakhanyan, Artsakh\u2019taki \u00e7at\u0131\u015fmalar\u0131 gerek\u00e7e yapan a\u015f\u0131r\u0131 T\u00fcrk \u0131rk\u00e7\u0131lar\u0131n\u0131n ba\u015flatt\u0131\u011f\u0131 kampanyalara dikkat \u00e7ekti.<\/p>\n<p>Y\u0131llard\u0131r AKP-MHP yanl\u0131s\u0131 a\u015f\u0131r\u0131 T\u00fcrk milliyet\u00e7ileri ve \u0131rk\u00e7\u0131lar\u0131na sessiz kalan Avrupa \u00fclkeleri nihayet son bir ayd\u0131r bu gruplar\u0131n yasaklanmas\u0131 i\u00e7in harekete ge\u00e7tiler.<\/p>\n<p>T\u00fcrk milliyet\u00e7ilerinin en \u00e7ok \u00f6rg\u00fctlendi\u011fi \u00fclkelerin ba\u015f\u0131nda gelen Almanya\u2019da \u00dclk\u00fcc\u00fc Hareket ile ba\u011flant\u0131l\u0131 dernek ile faaliyetlerin yasaklanmas\u0131 i\u00e7in Federal Meclis\u2019te kabul edilen tasar\u0131n\u0131n ard\u0131ndan g\u00f6zler \u0130\u00e7i\u015fleri Bakanl\u0131\u011f\u0131\u2019na ve Merkel h\u00fck\u00fcmetine \u00e7evrildi.<\/p>\n<p><em><strong>https:\/\/www.ermenihaber.am\/tr\/news\/2020\/12\/04\/Almanya-bozkurt-Ermeni\/199022<\/strong><\/em><\/p>\n","protected":false},"excerpt":{"rendered":"<p>Ge\u00e7ti\u011fimiz g\u00fcnlerde Almanya\u2019da yasaklanmas\u0131 i\u00e7in Federal Meclis\u2019te karar al\u0131nan T\u00fcrk devletinin paramiliter \u0131rk\u00e7\u0131 g\u00fcc\u00fc \u00dclk\u00fcc\u00fclerin Almanya\u2019da ya\u015fayan \u00e7ok say\u0131da Ermeni\u2019yi \u00f6l\u00fcmle tehdit etti\u011fi ortaya \u00e7\u0131kt\u0131. Son d\u00f6nemlerde \u00dclk\u00fcc\u00fcler veya Bozkurtlar isimleriyle \u00f6rg\u00fctlenen T\u00fcrk fa\u015fistleri Avrupa \u00fclkelerinin g\u00fcvenli\u011fini tehdit etmeye ba\u015flad\u0131lar. AKP-MHP iktidar\u0131n\u0131n paramiliter g\u00fcc\u00fc olan ve bir\u00e7ok \u015fiddet olay\u0131na kar\u0131\u015fan \u00dclk\u00fcc\u00fcler, 29 Ekim 2020 g\u00fcn\u00fc [&hellip;]<\/p>\n","protected":false},"author":7,"featured_media":60451,"comment_status":"open","ping_status":"open","sticky":false,"template":"","format":"standard","meta":{"footnotes":""},"categories":[1],"tags":[],"class_list":["post-60450","post","type-post","status-publish","format-standard","has-post-thumbnail","hentry","category-haberler"],"yoast_head":"<!-- This site is optimized with the Yoast SEO plugin v27.4 - https:\/\/yoast.com\/product\/yoast-seo-wordpress\/ -->\n<title>\u00dclk\u00fcc\u00fcler Almanya\u2019da ya\u015fayan Ermenileri \u00f6l\u00fcmle tehdit ediyor - Bati Ermenistan Ve Bati Ermenileri Sorunlari Ara\u015ftirmalar Merkezi<\/title>\n<meta name=\"robots\" content=\"index, follow, max-snippet:-1, max-image-preview:large, max-video-preview:-1\" \/>\n<link rel=\"canonical\" href=\"https:\/\/akunq.net\/tr\/?p=60450\" \/>\n<meta property=\"og:locale\" content=\"en_US\" \/>\n<meta property=\"og:type\" content=\"article\" \/>\n<meta property=\"og:title\" content=\"\u00dclk\u00fcc\u00fcler Almanya\u2019da ya\u015fayan Ermenileri \u00f6l\u00fcmle tehdit ediyor - Bati Ermenistan Ve Bati Ermenileri Sorunlari Ara\u015ftirmalar Merkezi\" \/>\n<meta property=\"og:description\" content=\"Ge\u00e7ti\u011fimiz g\u00fcnlerde Almanya\u2019da yasaklanmas\u0131 i\u00e7in Federal Meclis\u2019te karar al\u0131nan T\u00fcrk devletinin paramiliter \u0131rk\u00e7\u0131 g\u00fcc\u00fc \u00dclk\u00fcc\u00fclerin Almanya\u2019da ya\u015fayan \u00e7ok say\u0131da Ermeni\u2019yi \u00f6l\u00fcmle tehdit etti\u011fi ortaya \u00e7\u0131kt\u0131. Son d\u00f6nemlerde \u00dclk\u00fcc\u00fcler veya Bozkurtlar isimleriyle \u00f6rg\u00fctlenen T\u00fcrk fa\u015fistleri Avrupa \u00fclkelerinin g\u00fcvenli\u011fini tehdit etmeye ba\u015flad\u0131lar. AKP-MHP iktidar\u0131n\u0131n paramiliter g\u00fcc\u00fc olan ve bir\u00e7ok \u015fiddet olay\u0131na kar\u0131\u015fan \u00dclk\u00fcc\u00fcler, 29 Ekim 2020 g\u00fcn\u00fc [&hellip;]\" \/>\n<meta property=\"og:url\" content=\"https:\/\/akunq.net\/tr\/?p=60450\" \/>\n<meta property=\"og:site_name\" content=\"Bati Ermenistan Ve Bati Ermenileri Sorunlari Ara\u015ftirmalar Merkezi\" \/>\n<meta property=\"article:published_time\" content=\"2020-12-04T07:46:34+00:00\" \/>\n<meta property=\"og:image\" content=\"https:\/\/akunq.net\/tr\/wp-content\/uploads\/sites\/6\/2020\/12\/Almanya.jpg\" \/>\n\t<meta property=\"og:image:width\" content=\"990\" \/>\n\t<meta property=\"og:image:height\" content=\"556\" \/>\n\t<meta property=\"og:image:type\" content=\"image\/jpeg\" \/>\n<meta name=\"author\" content=\"admin\" \/>\n<meta name=\"twitter:card\" content=\"summary_large_image\" \/>\n<meta name=\"twitter:label1\" content=\"Written by\" \/>\n\t<meta name=\"twitter:data1\" content=\"admin\" \/>\n\t<meta name=\"twitter:label2\" content=\"Est. reading time\" \/>\n\t<meta name=\"twitter:data2\" content=\"2 minutes\" \/>\n<script type=\"application\/ld+json\" class=\"yoast-schema-graph\">{\"@context\":\"https:\\\/\\\/schema.org\",\"@graph\":[{\"@type\":\"Article\",\"@id\":\"https:\\\/\\\/akunq.net\\\/tr\\\/?p=60450#article\",\"isPartOf\":{\"@id\":\"https:\\\/\\\/akunq.net\\\/tr\\\/?p=60450\"},\"author\":{\"name\":\"admin\",\"@id\":\"https:\\\/\\\/akunq.net\\\/tr\\\/#\\\/schema\\\/person\\\/096f1d38a12cce57fb855b485ed24c9e\"},\"headline\":\"\u00dclk\u00fcc\u00fcler Almanya\u2019da ya\u015fayan Ermenileri \u00f6l\u00fcmle tehdit ediyor\",\"datePublished\":\"2020-12-04T07:46:34+00:00\",\"mainEntityOfPage\":{\"@id\":\"https:\\\/\\\/akunq.net\\\/tr\\\/?p=60450\"},\"wordCount\":458,\"commentCount\":0,\"image\":{\"@id\":\"https:\\\/\\\/akunq.net\\\/tr\\\/?p=60450#primaryimage\"},\"thumbnailUrl\":\"https:\\\/\\\/akunq.net\\\/tr\\\/wp-content\\\/uploads\\\/sites\\\/6\\\/2020\\\/12\\\/Almanya.jpg\",\"articleSection\":[\"Haberler\"],\"inLanguage\":\"en-US\",\"potentialAction\":[{\"@type\":\"CommentAction\",\"name\":\"Comment\",\"target\":[\"https:\\\/\\\/akunq.net\\\/tr\\\/?p=60450#respond\"]}]},{\"@type\":\"WebPage\",\"@id\":\"https:\\\/\\\/akunq.net\\\/tr\\\/?p=60450\",\"url\":\"https:\\\/\\\/akunq.net\\\/tr\\\/?p=60450\",\"name\":\"\u00dclk\u00fcc\u00fcler Almanya\u2019da ya\u015fayan Ermenileri \u00f6l\u00fcmle tehdit ediyor - Bati Ermenistan Ve Bati Ermenileri Sorunlari Ara\u015ftirmalar Merkezi\",\"isPartOf\":{\"@id\":\"https:\\\/\\\/akunq.net\\\/tr\\\/#website\"},\"primaryImageOfPage\":{\"@id\":\"https:\\\/\\\/akunq.net\\\/tr\\\/?p=60450#primaryimage\"},\"image\":{\"@id\":\"https:\\\/\\\/akunq.net\\\/tr\\\/?p=60450#primaryimage\"},\"thumbnailUrl\":\"https:\\\/\\\/akunq.net\\\/tr\\\/wp-content\\\/uploads\\\/sites\\\/6\\\/2020\\\/12\\\/Almanya.jpg\",\"datePublished\":\"2020-12-04T07:46:34+00:00\",\"author\":{\"@id\":\"https:\\\/\\\/akunq.net\\\/tr\\\/#\\\/schema\\\/person\\\/096f1d38a12cce57fb855b485ed24c9e\"},\"breadcrumb\":{\"@id\":\"https:\\\/\\\/akunq.net\\\/tr\\\/?p=60450#breadcrumb\"},\"inLanguage\":\"en-US\",\"potentialAction\":[{\"@type\":\"ReadAction\",\"target\":[\"https:\\\/\\\/akunq.net\\\/tr\\\/?p=60450\"]}]},{\"@type\":\"ImageObject\",\"inLanguage\":\"en-US\",\"@id\":\"https:\\\/\\\/akunq.net\\\/tr\\\/?p=60450#primaryimage\",\"url\":\"https:\\\/\\\/akunq.net\\\/tr\\\/wp-content\\\/uploads\\\/sites\\\/6\\\/2020\\\/12\\\/Almanya.jpg\",\"contentUrl\":\"https:\\\/\\\/akunq.net\\\/tr\\\/wp-content\\\/uploads\\\/sites\\\/6\\\/2020\\\/12\\\/Almanya.jpg\",\"width\":990,\"height\":556},{\"@type\":\"BreadcrumbList\",\"@id\":\"https:\\\/\\\/akunq.net\\\/tr\\\/?p=60450#breadcrumb\",\"itemListElement\":[{\"@type\":\"ListItem\",\"position\":1,\"name\":\"Home\",\"item\":\"https:\\\/\\\/akunq.net\\\/tr\"},{\"@type\":\"ListItem\",\"position\":2,\"name\":\"\u00dclk\u00fcc\u00fcler Almanya\u2019da ya\u015fayan Ermenileri \u00f6l\u00fcmle tehdit ediyor\"}]},{\"@type\":\"WebSite\",\"@id\":\"https:\\\/\\\/akunq.net\\\/tr\\\/#website\",\"url\":\"https:\\\/\\\/akunq.net\\\/tr\\\/\",\"name\":\"Bati Ermenistan Ve Bati Ermenileri Sorunlari Ara\u015ftirmalar Merkezi\",\"description\":\"\",\"potentialAction\":[{\"@type\":\"SearchAction\",\"target\":{\"@type\":\"EntryPoint\",\"urlTemplate\":\"https:\\\/\\\/akunq.net\\\/tr\\\/?s={search_term_string}\"},\"query-input\":{\"@type\":\"PropertyValueSpecification\",\"valueRequired\":true,\"valueName\":\"search_term_string\"}}],\"inLanguage\":\"en-US\"},{\"@type\":\"Person\",\"@id\":\"https:\\\/\\\/akunq.net\\\/tr\\\/#\\\/schema\\\/person\\\/096f1d38a12cce57fb855b485ed24c9e\",\"name\":\"admin\",\"url\":\"https:\\\/\\\/akunq.net\\\/tr\\\/?author=7\"}]}<\/script>\n<!-- \/ Yoast SEO plugin. -->","yoast_head_json":{"title":"\u00dclk\u00fcc\u00fcler Almanya\u2019da ya\u015fayan Ermenileri \u00f6l\u00fcmle tehdit ediyor - Bati Ermenistan Ve Bati Ermenileri Sorunlari Ara\u015ftirmalar Merkezi","robots":{"index":"index","follow":"follow","max-snippet":"max-snippet:-1","max-image-preview":"max-image-preview:large","max-video-preview":"max-video-preview:-1"},"canonical":"https:\/\/akunq.net\/tr\/?p=60450","og_locale":"en_US","og_type":"article","og_title":"\u00dclk\u00fcc\u00fcler Almanya\u2019da ya\u015fayan Ermenileri \u00f6l\u00fcmle tehdit ediyor - Bati Ermenistan Ve Bati Ermenileri Sorunlari Ara\u015ftirmalar Merkezi","og_description":"Ge\u00e7ti\u011fimiz g\u00fcnlerde Almanya\u2019da yasaklanmas\u0131 i\u00e7in Federal Meclis\u2019te karar al\u0131nan T\u00fcrk devletinin paramiliter \u0131rk\u00e7\u0131 g\u00fcc\u00fc \u00dclk\u00fcc\u00fclerin Almanya\u2019da ya\u015fayan \u00e7ok say\u0131da Ermeni\u2019yi \u00f6l\u00fcmle tehdit etti\u011fi ortaya \u00e7\u0131kt\u0131. Son d\u00f6nemlerde \u00dclk\u00fcc\u00fcler veya Bozkurtlar isimleriyle \u00f6rg\u00fctlenen T\u00fcrk fa\u015fistleri Avrupa \u00fclkelerinin g\u00fcvenli\u011fini tehdit etmeye ba\u015flad\u0131lar. AKP-MHP iktidar\u0131n\u0131n paramiliter g\u00fcc\u00fc olan ve bir\u00e7ok \u015fiddet olay\u0131na kar\u0131\u015fan \u00dclk\u00fcc\u00fcler, 29 Ekim 2020 g\u00fcn\u00fc [&hellip;]","og_url":"https:\/\/akunq.net\/tr\/?p=60450","og_site_name":"Bati Ermenistan Ve Bati Ermenileri Sorunlari Ara\u015ftirmalar Merkezi","article_published_time":"2020-12-04T07:46:34+00:00","og_image":[{"width":990,"height":556,"url":"https:\/\/akunq.net\/tr\/wp-content\/uploads\/sites\/6\/2020\/12\/Almanya.jpg","type":"image\/jpeg"}],"author":"admin","twitter_card":"summary_large_image","twitter_misc":{"Written by":"admin","Est. reading time":"2 minutes"},"schema":{"@context":"https:\/\/schema.org","@graph":[{"@type":"Article","@id":"https:\/\/akunq.net\/tr\/?p=60450#article","isPartOf":{"@id":"https:\/\/akunq.net\/tr\/?p=60450"},"author":{"name":"admin","@id":"https:\/\/akunq.net\/tr\/#\/schema\/person\/096f1d38a12cce57fb855b485ed24c9e"},"headline":"\u00dclk\u00fcc\u00fcler Almanya\u2019da ya\u015fayan Ermenileri \u00f6l\u00fcmle tehdit ediyor","datePublished":"2020-12-04T07:46:34+00:00","mainEntityOfPage":{"@id":"https:\/\/akunq.net\/tr\/?p=60450"},"wordCount":458,"commentCount":0,"image":{"@id":"https:\/\/akunq.net\/tr\/?p=60450#primaryimage"},"thumbnailUrl":"https:\/\/akunq.net\/tr\/wp-content\/uploads\/sites\/6\/2020\/12\/Almanya.jpg","articleSection":["Haberler"],"inLanguage":"en-US","potentialAction":[{"@type":"CommentAction","name":"Comment","target":["https:\/\/akunq.net\/tr\/?p=60450#respond"]}]},{"@type":"WebPage","@id":"https:\/\/akunq.net\/tr\/?p=60450","url":"https:\/\/akunq.net\/tr\/?p=60450","name":"\u00dclk\u00fcc\u00fcler Almanya\u2019da ya\u015fayan Ermenileri \u00f6l\u00fcmle tehdit ediyor - Bati Ermenistan Ve Bati Ermenileri Sorunlari Ara\u015ftirmalar Merkezi","isPartOf":{"@id":"https:\/\/akunq.net\/tr\/#website"},"primaryImageOfPage":{"@id":"https:\/\/akunq.net\/tr\/?p=60450#primaryimage"},"image":{"@id":"https:\/\/akunq.net\/tr\/?p=60450#primaryimage"},"thumbnailUrl":"https:\/\/akunq.net\/tr\/wp-content\/uploads\/sites\/6\/2020\/12\/Almanya.jpg","datePublished":"2020-12-04T07:46:34+00:00","author":{"@id":"https:\/\/akunq.net\/tr\/#\/schema\/person\/096f1d38a12cce57fb855b485ed24c9e"},"breadcrumb":{"@id":"https:\/\/akunq.net\/tr\/?p=60450#breadcrumb"},"inLanguage":"en-US","potentialAction":[{"@type":"ReadAction","target":["https:\/\/akunq.net\/tr\/?p=60450"]}]},{"@type":"ImageObject","inLanguage":"en-US","@id":"https:\/\/akunq.net\/tr\/?p=60450#primaryimage","url":"https:\/\/akunq.net\/tr\/wp-content\/uploads\/sites\/6\/2020\/12\/Almanya.jpg","contentUrl":"https:\/\/akunq.net\/tr\/wp-content\/uploads\/sites\/6\/2020\/12\/Almanya.jpg","width":990,"height":556},{"@type":"BreadcrumbList","@id":"https:\/\/akunq.net\/tr\/?p=60450#breadcrumb","itemListElement":[{"@type":"ListItem","position":1,"name":"Home","item":"https:\/\/akunq.net\/tr"},{"@type":"ListItem","position":2,"name":"\u00dclk\u00fcc\u00fcler Almanya\u2019da ya\u015fayan Ermenileri \u00f6l\u00fcmle tehdit ediyor"}]},{"@type":"WebSite","@id":"https:\/\/akunq.net\/tr\/#website","url":"https:\/\/akunq.net\/tr\/","name":"Bati Ermenistan Ve Bati Ermenileri Sorunlari Ara\u015ftirmalar Merkezi","description":"","potentialAction":[{"@type":"SearchAction","target":{"@type":"EntryPoint","urlTemplate":"https:\/\/akunq.net\/tr\/?s={search_term_string}"},"query-input":{"@type":"PropertyValueSpecification","valueRequired":true,"valueName":"search_term_string"}}],"inLanguage":"en-US"},{"@type":"Person","@id":"https:\/\/akunq.net\/tr\/#\/schema\/person\/096f1d38a12cce57fb855b485ed24c9e","name":"admin","url":"https:\/\/akunq.net\/tr\/?author=7"}]}},"_links":{"self":[{"href":"https:\/\/akunq.net\/tr\/index.php?rest_route=\/wp\/v2\/posts\/60450","targetHints":{"allow":["GET"]}}],"collection":[{"href":"https:\/\/akunq.net\/tr\/index.php?rest_route=\/wp\/v2\/posts"}],"about":[{"href":"https:\/\/akunq.net\/tr\/index.php?rest_route=\/wp\/v2\/types\/post"}],"author":[{"embeddable":true,"href":"https:\/\/akunq.net\/tr\/index.php?rest_route=\/wp\/v2\/users\/7"}],"replies":[{"embeddable":true,"href":"https:\/\/akunq.net\/tr\/index.php?rest_route=%2Fwp%2Fv2%2Fcomments&post=60450"}],"version-history":[{"count":1,"href":"https:\/\/akunq.net\/tr\/index.php?rest_route=\/wp\/v2\/posts\/60450\/revisions"}],"predecessor-version":[{"id":60452,"href":"https:\/\/akunq.net\/tr\/index.php?rest_route=\/wp\/v2\/posts\/60450\/revisions\/60452"}],"wp:featuredmedia":[{"embeddable":true,"href":"https:\/\/akunq.net\/tr\/index.php?rest_route=\/wp\/v2\/media\/60451"}],"wp:attachment":[{"href":"https:\/\/akunq.net\/tr\/index.php?rest_route=%2Fwp%2Fv2%2Fmedia&parent=60450"}],"wp:term":[{"taxonomy":"category","embeddable":true,"href":"https:\/\/akunq.net\/tr\/index.php?rest_route=%2Fwp%2Fv2%2Fcategories&post=60450"},{"taxonomy":"post_tag","embeddable":true,"href":"https:\/\/akunq.net\/tr\/index.php?rest_route=%2Fwp%2Fv2%2Ftags&post=60450"}],"curies":[{"name":"wp","href":"https:\/\/api.w.org\/{rel}","templated":true}]}}