{"id":60427,"date":"2020-12-03T04:51:35","date_gmt":"2020-12-03T09:51:35","guid":{"rendered":"https:\/\/akunq.net\/tr\/?p=60427"},"modified":"2020-12-03T04:51:35","modified_gmt":"2020-12-03T09:51:35","slug":"kiliseler-pazar-gunleri-ibadete-kapatildi","status":"publish","type":"post","link":"https:\/\/akunq.net\/tr\/?p=60427","title":{"rendered":"Kiliseler pazar g\u00fcnleri ibadete kapat\u0131ld\u0131"},"content":{"rendered":"<p><img loading=\"lazy\" decoding=\"async\" class=\"aligncenter size-medium wp-image-60428\" src=\"https:\/\/akunq.net\/tr\/wp-content\/uploads\/2020\/12\/Kilise-360x203.jpg\" alt=\"\" width=\"360\" height=\"203\" srcset=\"https:\/\/akunq.net\/tr\/wp-content\/uploads\/sites\/6\/2020\/12\/Kilise-360x203.jpg 360w, https:\/\/akunq.net\/tr\/wp-content\/uploads\/sites\/6\/2020\/12\/Kilise-560x315.jpg 560w, https:\/\/akunq.net\/tr\/wp-content\/uploads\/sites\/6\/2020\/12\/Kilise-260x146.jpg 260w, https:\/\/akunq.net\/tr\/wp-content\/uploads\/sites\/6\/2020\/12\/Kilise-160x90.jpg 160w, https:\/\/akunq.net\/tr\/wp-content\/uploads\/sites\/6\/2020\/12\/Kilise.jpg 597w\" sizes=\"auto, (max-width: 360px) 100vw, 360px\" \/><\/p>\n<p><em><strong>T\u00fcrkiye Ermenileri Patrikli\u011fi Covid-19 \u00f6nlemleri \u00e7er\u00e7evesinde yeni bir duyuru yay\u0131nlad\u0131. Kiliseler Pazar g\u00fcnleri toplu ibadete kapat\u0131ld\u0131. Dini nikah, vaftiz ve cenaze t\u00f6renleri s\u0131n\u0131rl\u0131 kat\u0131l\u0131mla hafta i\u00e7i yap\u0131lacak.<\/strong><\/em><\/p>\n<p><strong>T\u00fcrkiye Ermenileri Patrikli\u011fi<\/strong>\u00a0art\u0131\u015f g\u00f6steren yeni tip koronavir\u00fcs vakalar\u0131 nedeniyle bir dizi yeni \u00f6nlem a\u00e7\u0131klad\u0131. Buna g\u00f6re kiliseler pazar g\u00fcnleri toplu ibadete, dini nikah ve vaftiz t\u00f6renlerine kapat\u0131ld\u0131.<\/p>\n<p>Agos\u2019un\u00a0<a href=\"http:\/\/www.agos.com.tr\/tr\/yazi\/24977\/kiliseler-pazar-gunleri-ibadete-kapatildi\" target=\"_blank\" rel=\"noreferrer noopener\">aktard\u0131\u011f\u0131na<\/a>\u00a0g\u00f6re dini nikah t\u00f6renleri kiliselerde sadece birinci dereceden akrabalar\u0131n ve aile \u00fcyelerinin kat\u0131l\u0131m\u0131yla, 30 ki\u015fiyi ge\u00e7meyecek \u015fekilde, maske, dezenfektan ve sosyal mesafe \u015fartlar\u0131na uymak \u015fart\u0131yla pazartesi, \u00e7ar\u015famba ve cuma g\u00fcnleri saat 15.00 ile 17.00 aras\u0131nda yap\u0131labilecek.<\/p>\n<h4>T\u00f6renler s\u0131n\u0131rl\u0131 kat\u0131l\u0131mla yap\u0131lacak<\/h4>\n<p>Vaftiz t\u00f6renleri yine birinci dereceden akrabalar\u0131n ve aile \u00fcyelerinin kat\u0131l\u0131m\u0131yla, 30 ki\u015fiyi ge\u00e7meyecek \u015fekilde maske, dezenfektan ve sosyal mesafe kurallar\u0131na uymak \u015fart\u0131yla hafta i\u00e7i g\u00fcnlerde yap\u0131lacak.<\/p>\n<p>Cenaze t\u00f6renleri birinci derece akraba ve aile \u00fcyelerinin kat\u0131l\u0131m\u0131yla, 30 ki\u015fiyi ge\u00e7meyecek \u015fekilde maske, dezenfektan ve sosyal mesafe kurallar\u0131na uymak \u015fart\u0131yla hafta i\u00e7i g\u00fcnlerde yap\u0131lacak.<\/p>\n<h4>Defin sonras\u0131 dua ask\u0131ya al\u0131nd\u0131<\/h4>\n<p>Covid-19 nedeniyle vefat edenlerin cenaze t\u00f6renleri ivedilikle ve sadece mezarl\u0131klarda gerekli \u00f6nlemler al\u0131nacak yap\u0131lacak. Defin sonras\u0131 yap\u0131lan \u201cGiragamudk\u201d dualar\u0131 ise ask\u0131ya al\u0131nd\u0131. Kilise salonlar\u0131 da kabul ve taziye toplant\u0131lar\u0131na kapat\u0131ld\u0131.<\/p>\n<p>Pazar g\u00fcnlerine rastlayan\u00a0<strong>\u201cK\u0131rk\u201d, \u201cSene,<\/strong>\u00a0\u201c<strong>Hokehankisd<\/strong>\u201d (Ayin-i Ruhani) dualar\u0131 maske, dezenfektan ve sosyal mesafe kurallar\u0131na uymak \u015fart\u0131yla sadece akraba ve aile \u00fcyelerinin kat\u0131l\u0131m\u0131yla 30 ki\u015fiyi ge\u00e7meyecek \u015fekilde hafta i\u00e7in g\u00fcnlerde yap\u0131lacak.<\/p>\n<p>Patrikhane\u2019de yap\u0131lan a\u00e7\u0131klamaya g\u00f6re Ermeni toplumundan Covid-19 nedeniyle Ekim ay\u0131nda toplam 23, Kas\u0131m ay\u0131nda ise toplam 43 ki\u015fi hayat\u0131n\u0131 kaybetti.<\/p>\n<p><em><strong><a href=\"https:\/\/yesilgazete.org\/kiliseler-pazar-gunleri-ibadete-kapatildi\/\">https:\/\/yesilgazete.org\/kiliseler-pazar-gunleri-ibadete-kapatildi\/<\/a><\/strong><\/em><\/p>\n","protected":false},"excerpt":{"rendered":"<p>T\u00fcrkiye Ermenileri Patrikli\u011fi Covid-19 \u00f6nlemleri \u00e7er\u00e7evesinde yeni bir duyuru yay\u0131nlad\u0131. Kiliseler Pazar g\u00fcnleri toplu ibadete kapat\u0131ld\u0131. Dini nikah, vaftiz ve cenaze t\u00f6renleri s\u0131n\u0131rl\u0131 kat\u0131l\u0131mla hafta i\u00e7i yap\u0131lacak. T\u00fcrkiye Ermenileri Patrikli\u011fi\u00a0art\u0131\u015f g\u00f6steren yeni tip koronavir\u00fcs vakalar\u0131 nedeniyle bir dizi yeni \u00f6nlem a\u00e7\u0131klad\u0131. Buna g\u00f6re kiliseler pazar g\u00fcnleri toplu ibadete, dini nikah ve vaftiz t\u00f6renlerine kapat\u0131ld\u0131. Agos\u2019un\u00a0aktard\u0131\u011f\u0131na\u00a0g\u00f6re [&hellip;]<\/p>\n","protected":false},"author":7,"featured_media":60428,"comment_status":"open","ping_status":"open","sticky":false,"template":"","format":"standard","meta":{"footnotes":""},"categories":[1],"tags":[],"class_list":["post-60427","post","type-post","status-publish","format-standard","has-post-thumbnail","hentry","category-haberler"],"yoast_head":"<!-- This site is optimized with the Yoast SEO plugin v27.4 - https:\/\/yoast.com\/product\/yoast-seo-wordpress\/ -->\n<title>Kiliseler pazar g\u00fcnleri ibadete kapat\u0131ld\u0131 - Bati Ermenistan Ve Bati Ermenileri Sorunlari Ara\u015ftirmalar Merkezi<\/title>\n<meta name=\"robots\" content=\"index, follow, max-snippet:-1, max-image-preview:large, max-video-preview:-1\" \/>\n<link rel=\"canonical\" href=\"https:\/\/akunq.net\/tr\/?p=60427\" \/>\n<meta property=\"og:locale\" content=\"en_US\" \/>\n<meta property=\"og:type\" content=\"article\" \/>\n<meta property=\"og:title\" content=\"Kiliseler pazar g\u00fcnleri ibadete kapat\u0131ld\u0131 - Bati Ermenistan Ve Bati Ermenileri Sorunlari Ara\u015ftirmalar Merkezi\" \/>\n<meta property=\"og:description\" content=\"T\u00fcrkiye Ermenileri Patrikli\u011fi Covid-19 \u00f6nlemleri \u00e7er\u00e7evesinde yeni bir duyuru yay\u0131nlad\u0131. Kiliseler Pazar g\u00fcnleri toplu ibadete kapat\u0131ld\u0131. Dini nikah, vaftiz ve cenaze t\u00f6renleri s\u0131n\u0131rl\u0131 kat\u0131l\u0131mla hafta i\u00e7i yap\u0131lacak. T\u00fcrkiye Ermenileri Patrikli\u011fi\u00a0art\u0131\u015f g\u00f6steren yeni tip koronavir\u00fcs vakalar\u0131 nedeniyle bir dizi yeni \u00f6nlem a\u00e7\u0131klad\u0131. Buna g\u00f6re kiliseler pazar g\u00fcnleri toplu ibadete, dini nikah ve vaftiz t\u00f6renlerine kapat\u0131ld\u0131. Agos\u2019un\u00a0aktard\u0131\u011f\u0131na\u00a0g\u00f6re [&hellip;]\" \/>\n<meta property=\"og:url\" content=\"https:\/\/akunq.net\/tr\/?p=60427\" \/>\n<meta property=\"og:site_name\" content=\"Bati Ermenistan Ve Bati Ermenileri Sorunlari Ara\u015ftirmalar Merkezi\" \/>\n<meta property=\"article:published_time\" content=\"2020-12-03T09:51:35+00:00\" \/>\n<meta property=\"og:image\" content=\"https:\/\/akunq.net\/tr\/wp-content\/uploads\/sites\/6\/2020\/12\/Kilise.jpg\" \/>\n\t<meta property=\"og:image:width\" content=\"597\" \/>\n\t<meta property=\"og:image:height\" content=\"336\" \/>\n\t<meta property=\"og:image:type\" content=\"image\/jpeg\" \/>\n<meta name=\"author\" content=\"admin\" \/>\n<meta name=\"twitter:card\" content=\"summary_large_image\" \/>\n<meta name=\"twitter:label1\" content=\"Written by\" \/>\n\t<meta name=\"twitter:data1\" content=\"admin\" \/>\n\t<meta name=\"twitter:label2\" content=\"Est. reading time\" \/>\n\t<meta name=\"twitter:data2\" content=\"2 minutes\" \/>\n<script type=\"application\/ld+json\" class=\"yoast-schema-graph\">{\"@context\":\"https:\\\/\\\/schema.org\",\"@graph\":[{\"@type\":\"Article\",\"@id\":\"https:\\\/\\\/akunq.net\\\/tr\\\/?p=60427#article\",\"isPartOf\":{\"@id\":\"https:\\\/\\\/akunq.net\\\/tr\\\/?p=60427\"},\"author\":{\"name\":\"admin\",\"@id\":\"https:\\\/\\\/akunq.net\\\/tr\\\/#\\\/schema\\\/person\\\/096f1d38a12cce57fb855b485ed24c9e\"},\"headline\":\"Kiliseler pazar g\u00fcnleri ibadete kapat\u0131ld\u0131\",\"datePublished\":\"2020-12-03T09:51:35+00:00\",\"mainEntityOfPage\":{\"@id\":\"https:\\\/\\\/akunq.net\\\/tr\\\/?p=60427\"},\"wordCount\":337,\"commentCount\":0,\"image\":{\"@id\":\"https:\\\/\\\/akunq.net\\\/tr\\\/?p=60427#primaryimage\"},\"thumbnailUrl\":\"https:\\\/\\\/akunq.net\\\/tr\\\/wp-content\\\/uploads\\\/sites\\\/6\\\/2020\\\/12\\\/Kilise.jpg\",\"articleSection\":[\"Haberler\"],\"inLanguage\":\"en-US\",\"potentialAction\":[{\"@type\":\"CommentAction\",\"name\":\"Comment\",\"target\":[\"https:\\\/\\\/akunq.net\\\/tr\\\/?p=60427#respond\"]}]},{\"@type\":\"WebPage\",\"@id\":\"https:\\\/\\\/akunq.net\\\/tr\\\/?p=60427\",\"url\":\"https:\\\/\\\/akunq.net\\\/tr\\\/?p=60427\",\"name\":\"Kiliseler pazar g\u00fcnleri ibadete kapat\u0131ld\u0131 - Bati Ermenistan Ve Bati Ermenileri Sorunlari Ara\u015ftirmalar Merkezi\",\"isPartOf\":{\"@id\":\"https:\\\/\\\/akunq.net\\\/tr\\\/#website\"},\"primaryImageOfPage\":{\"@id\":\"https:\\\/\\\/akunq.net\\\/tr\\\/?p=60427#primaryimage\"},\"image\":{\"@id\":\"https:\\\/\\\/akunq.net\\\/tr\\\/?p=60427#primaryimage\"},\"thumbnailUrl\":\"https:\\\/\\\/akunq.net\\\/tr\\\/wp-content\\\/uploads\\\/sites\\\/6\\\/2020\\\/12\\\/Kilise.jpg\",\"datePublished\":\"2020-12-03T09:51:35+00:00\",\"author\":{\"@id\":\"https:\\\/\\\/akunq.net\\\/tr\\\/#\\\/schema\\\/person\\\/096f1d38a12cce57fb855b485ed24c9e\"},\"breadcrumb\":{\"@id\":\"https:\\\/\\\/akunq.net\\\/tr\\\/?p=60427#breadcrumb\"},\"inLanguage\":\"en-US\",\"potentialAction\":[{\"@type\":\"ReadAction\",\"target\":[\"https:\\\/\\\/akunq.net\\\/tr\\\/?p=60427\"]}]},{\"@type\":\"ImageObject\",\"inLanguage\":\"en-US\",\"@id\":\"https:\\\/\\\/akunq.net\\\/tr\\\/?p=60427#primaryimage\",\"url\":\"https:\\\/\\\/akunq.net\\\/tr\\\/wp-content\\\/uploads\\\/sites\\\/6\\\/2020\\\/12\\\/Kilise.jpg\",\"contentUrl\":\"https:\\\/\\\/akunq.net\\\/tr\\\/wp-content\\\/uploads\\\/sites\\\/6\\\/2020\\\/12\\\/Kilise.jpg\",\"width\":597,\"height\":336},{\"@type\":\"BreadcrumbList\",\"@id\":\"https:\\\/\\\/akunq.net\\\/tr\\\/?p=60427#breadcrumb\",\"itemListElement\":[{\"@type\":\"ListItem\",\"position\":1,\"name\":\"Home\",\"item\":\"https:\\\/\\\/akunq.net\\\/tr\"},{\"@type\":\"ListItem\",\"position\":2,\"name\":\"Kiliseler pazar g\u00fcnleri ibadete kapat\u0131ld\u0131\"}]},{\"@type\":\"WebSite\",\"@id\":\"https:\\\/\\\/akunq.net\\\/tr\\\/#website\",\"url\":\"https:\\\/\\\/akunq.net\\\/tr\\\/\",\"name\":\"Bati Ermenistan Ve Bati Ermenileri Sorunlari Ara\u015ftirmalar Merkezi\",\"description\":\"\",\"potentialAction\":[{\"@type\":\"SearchAction\",\"target\":{\"@type\":\"EntryPoint\",\"urlTemplate\":\"https:\\\/\\\/akunq.net\\\/tr\\\/?s={search_term_string}\"},\"query-input\":{\"@type\":\"PropertyValueSpecification\",\"valueRequired\":true,\"valueName\":\"search_term_string\"}}],\"inLanguage\":\"en-US\"},{\"@type\":\"Person\",\"@id\":\"https:\\\/\\\/akunq.net\\\/tr\\\/#\\\/schema\\\/person\\\/096f1d38a12cce57fb855b485ed24c9e\",\"name\":\"admin\",\"url\":\"https:\\\/\\\/akunq.net\\\/tr\\\/?author=7\"}]}<\/script>\n<!-- \/ Yoast SEO plugin. -->","yoast_head_json":{"title":"Kiliseler pazar g\u00fcnleri ibadete kapat\u0131ld\u0131 - Bati Ermenistan Ve Bati Ermenileri Sorunlari Ara\u015ftirmalar Merkezi","robots":{"index":"index","follow":"follow","max-snippet":"max-snippet:-1","max-image-preview":"max-image-preview:large","max-video-preview":"max-video-preview:-1"},"canonical":"https:\/\/akunq.net\/tr\/?p=60427","og_locale":"en_US","og_type":"article","og_title":"Kiliseler pazar g\u00fcnleri ibadete kapat\u0131ld\u0131 - Bati Ermenistan Ve Bati Ermenileri Sorunlari Ara\u015ftirmalar Merkezi","og_description":"T\u00fcrkiye Ermenileri Patrikli\u011fi Covid-19 \u00f6nlemleri \u00e7er\u00e7evesinde yeni bir duyuru yay\u0131nlad\u0131. Kiliseler Pazar g\u00fcnleri toplu ibadete kapat\u0131ld\u0131. Dini nikah, vaftiz ve cenaze t\u00f6renleri s\u0131n\u0131rl\u0131 kat\u0131l\u0131mla hafta i\u00e7i yap\u0131lacak. T\u00fcrkiye Ermenileri Patrikli\u011fi\u00a0art\u0131\u015f g\u00f6steren yeni tip koronavir\u00fcs vakalar\u0131 nedeniyle bir dizi yeni \u00f6nlem a\u00e7\u0131klad\u0131. Buna g\u00f6re kiliseler pazar g\u00fcnleri toplu ibadete, dini nikah ve vaftiz t\u00f6renlerine kapat\u0131ld\u0131. Agos\u2019un\u00a0aktard\u0131\u011f\u0131na\u00a0g\u00f6re [&hellip;]","og_url":"https:\/\/akunq.net\/tr\/?p=60427","og_site_name":"Bati Ermenistan Ve Bati Ermenileri Sorunlari Ara\u015ftirmalar Merkezi","article_published_time":"2020-12-03T09:51:35+00:00","og_image":[{"width":597,"height":336,"url":"https:\/\/akunq.net\/tr\/wp-content\/uploads\/sites\/6\/2020\/12\/Kilise.jpg","type":"image\/jpeg"}],"author":"admin","twitter_card":"summary_large_image","twitter_misc":{"Written by":"admin","Est. reading time":"2 minutes"},"schema":{"@context":"https:\/\/schema.org","@graph":[{"@type":"Article","@id":"https:\/\/akunq.net\/tr\/?p=60427#article","isPartOf":{"@id":"https:\/\/akunq.net\/tr\/?p=60427"},"author":{"name":"admin","@id":"https:\/\/akunq.net\/tr\/#\/schema\/person\/096f1d38a12cce57fb855b485ed24c9e"},"headline":"Kiliseler pazar g\u00fcnleri ibadete kapat\u0131ld\u0131","datePublished":"2020-12-03T09:51:35+00:00","mainEntityOfPage":{"@id":"https:\/\/akunq.net\/tr\/?p=60427"},"wordCount":337,"commentCount":0,"image":{"@id":"https:\/\/akunq.net\/tr\/?p=60427#primaryimage"},"thumbnailUrl":"https:\/\/akunq.net\/tr\/wp-content\/uploads\/sites\/6\/2020\/12\/Kilise.jpg","articleSection":["Haberler"],"inLanguage":"en-US","potentialAction":[{"@type":"CommentAction","name":"Comment","target":["https:\/\/akunq.net\/tr\/?p=60427#respond"]}]},{"@type":"WebPage","@id":"https:\/\/akunq.net\/tr\/?p=60427","url":"https:\/\/akunq.net\/tr\/?p=60427","name":"Kiliseler pazar g\u00fcnleri ibadete kapat\u0131ld\u0131 - Bati Ermenistan Ve Bati Ermenileri Sorunlari Ara\u015ftirmalar Merkezi","isPartOf":{"@id":"https:\/\/akunq.net\/tr\/#website"},"primaryImageOfPage":{"@id":"https:\/\/akunq.net\/tr\/?p=60427#primaryimage"},"image":{"@id":"https:\/\/akunq.net\/tr\/?p=60427#primaryimage"},"thumbnailUrl":"https:\/\/akunq.net\/tr\/wp-content\/uploads\/sites\/6\/2020\/12\/Kilise.jpg","datePublished":"2020-12-03T09:51:35+00:00","author":{"@id":"https:\/\/akunq.net\/tr\/#\/schema\/person\/096f1d38a12cce57fb855b485ed24c9e"},"breadcrumb":{"@id":"https:\/\/akunq.net\/tr\/?p=60427#breadcrumb"},"inLanguage":"en-US","potentialAction":[{"@type":"ReadAction","target":["https:\/\/akunq.net\/tr\/?p=60427"]}]},{"@type":"ImageObject","inLanguage":"en-US","@id":"https:\/\/akunq.net\/tr\/?p=60427#primaryimage","url":"https:\/\/akunq.net\/tr\/wp-content\/uploads\/sites\/6\/2020\/12\/Kilise.jpg","contentUrl":"https:\/\/akunq.net\/tr\/wp-content\/uploads\/sites\/6\/2020\/12\/Kilise.jpg","width":597,"height":336},{"@type":"BreadcrumbList","@id":"https:\/\/akunq.net\/tr\/?p=60427#breadcrumb","itemListElement":[{"@type":"ListItem","position":1,"name":"Home","item":"https:\/\/akunq.net\/tr"},{"@type":"ListItem","position":2,"name":"Kiliseler pazar g\u00fcnleri ibadete kapat\u0131ld\u0131"}]},{"@type":"WebSite","@id":"https:\/\/akunq.net\/tr\/#website","url":"https:\/\/akunq.net\/tr\/","name":"Bati Ermenistan Ve Bati Ermenileri Sorunlari Ara\u015ftirmalar Merkezi","description":"","potentialAction":[{"@type":"SearchAction","target":{"@type":"EntryPoint","urlTemplate":"https:\/\/akunq.net\/tr\/?s={search_term_string}"},"query-input":{"@type":"PropertyValueSpecification","valueRequired":true,"valueName":"search_term_string"}}],"inLanguage":"en-US"},{"@type":"Person","@id":"https:\/\/akunq.net\/tr\/#\/schema\/person\/096f1d38a12cce57fb855b485ed24c9e","name":"admin","url":"https:\/\/akunq.net\/tr\/?author=7"}]}},"_links":{"self":[{"href":"https:\/\/akunq.net\/tr\/index.php?rest_route=\/wp\/v2\/posts\/60427","targetHints":{"allow":["GET"]}}],"collection":[{"href":"https:\/\/akunq.net\/tr\/index.php?rest_route=\/wp\/v2\/posts"}],"about":[{"href":"https:\/\/akunq.net\/tr\/index.php?rest_route=\/wp\/v2\/types\/post"}],"author":[{"embeddable":true,"href":"https:\/\/akunq.net\/tr\/index.php?rest_route=\/wp\/v2\/users\/7"}],"replies":[{"embeddable":true,"href":"https:\/\/akunq.net\/tr\/index.php?rest_route=%2Fwp%2Fv2%2Fcomments&post=60427"}],"version-history":[{"count":1,"href":"https:\/\/akunq.net\/tr\/index.php?rest_route=\/wp\/v2\/posts\/60427\/revisions"}],"predecessor-version":[{"id":60429,"href":"https:\/\/akunq.net\/tr\/index.php?rest_route=\/wp\/v2\/posts\/60427\/revisions\/60429"}],"wp:featuredmedia":[{"embeddable":true,"href":"https:\/\/akunq.net\/tr\/index.php?rest_route=\/wp\/v2\/media\/60428"}],"wp:attachment":[{"href":"https:\/\/akunq.net\/tr\/index.php?rest_route=%2Fwp%2Fv2%2Fmedia&parent=60427"}],"wp:term":[{"taxonomy":"category","embeddable":true,"href":"https:\/\/akunq.net\/tr\/index.php?rest_route=%2Fwp%2Fv2%2Fcategories&post=60427"},{"taxonomy":"post_tag","embeddable":true,"href":"https:\/\/akunq.net\/tr\/index.php?rest_route=%2Fwp%2Fv2%2Ftags&post=60427"}],"curies":[{"name":"wp","href":"https:\/\/api.w.org\/{rel}","templated":true}]}}