{"id":60424,"date":"2020-12-03T04:46:39","date_gmt":"2020-12-03T09:46:39","guid":{"rendered":"https:\/\/akunq.net\/tr\/?p=60424"},"modified":"2020-12-03T04:46:39","modified_gmt":"2020-12-03T09:46:39","slug":"aihm-ermenistanin-talebi-uzerine-turkiye-aleyhine-verdigi-ihtiyati-tedbir-kararini-kaldirdi","status":"publish","type":"post","link":"https:\/\/akunq.net\/tr\/?p=60424","title":{"rendered":"A\u0130HM, Ermenistan\u2019\u0131n talebi \u00fczerine T\u00fcrkiye aleyhine verdi\u011fi ihtiyati tedbir karar\u0131n\u0131 kald\u0131rd\u0131"},"content":{"rendered":"<p><img loading=\"lazy\" decoding=\"async\" class=\"aligncenter size-medium wp-image-60425\" src=\"https:\/\/akunq.net\/tr\/wp-content\/uploads\/2020\/12\/\u0544\u053b\u0535\u0534-360x210.jpeg\" alt=\"\" width=\"360\" height=\"210\" srcset=\"https:\/\/akunq.net\/tr\/wp-content\/uploads\/sites\/6\/2020\/12\/\u0544\u053b\u0535\u0534-360x210.jpeg 360w, https:\/\/akunq.net\/tr\/wp-content\/uploads\/sites\/6\/2020\/12\/\u0544\u053b\u0535\u0534-260x152.jpeg 260w, https:\/\/akunq.net\/tr\/wp-content\/uploads\/sites\/6\/2020\/12\/\u0544\u053b\u0535\u0534-160x93.jpeg 160w, https:\/\/akunq.net\/tr\/wp-content\/uploads\/sites\/6\/2020\/12\/\u0544\u053b\u0535\u0534.jpeg 410w\" sizes=\"auto, (max-width: 360px) 100vw, 360px\" \/><\/p>\n<p><em><strong>Avrupa \u0130nsan Haklar\u0131 Mahkemesi (A\u0130HM), Ermenistan\u2019\u0131n talebi \u00fczerine T\u00fcrkiye aleyhine verdi\u011fi ihtiyati tedbir karar\u0131n\u0131 kald\u0131rd\u0131.\u00a0<\/strong><\/em><\/p>\n<p><strong>A\u0130HM<\/strong>\u2018den yap\u0131lan yaz\u0131l\u0131 a\u00e7\u0131klamaya g\u00f6re,\u00a0<a href=\"https:\/\/tr.sputniknews.com\/avrupa\/202010071042981233-aihmden-daglik-karabag-konusunda-turkiye-icin-gecici-tedbir-karari\/\" target=\"_blank\" rel=\"noreferrer noopener\">Ermenistan 4 Ekim\u2019de Da\u011fl\u0131k Karaba\u011f konusunda<\/a>\u00a0T\u00fcrkiye\u2019ye kar\u015f\u0131 ihtiyati\u00a0tedbir uygulanmas\u0131 konusunda\u00a0A\u0130HM\u2019e ba\u015fvurdu.<\/p>\n<p>Mahkeme, 6 Ekim\u2019de<strong>\u00a0Da\u011fl\u0131k Karaba\u011f<\/strong>\u2018daki \u00e7at\u0131\u015fmaya do\u011frudan veya dolayl\u0131 m\u00fcdahil olan taraflara, sivillerin haklar\u0131n\u0131n ihlal edilmemesi y\u00f6n\u00fcnde \u00e7a\u011fr\u0131da bulunarak\u00a0<strong>T\u00fcrkiye\u2019ye kar\u015f\u0131\u00a0ihtiyati tedbir karar\u0131 ald\u0131.<\/strong><\/p>\n<p>Bunun \u00fczerine T\u00fcrkiye,\u00a09 Kas\u0131m\u2019da Azerbaycan,\u00a0<a href=\"https:\/\/tr.sputniknews.com\/asya\/202009271042923936-ermenistan-karabagdaki-olaylar-ile-ilgili-olarak-aihme-basvurdu\/\" target=\"_blank\" rel=\"noreferrer noopener\">Ermenistan ve Rusya taraf\u0131ndan imzalanan ate\u015fkes anla\u015fmas\u0131na at\u0131fta bulunarak<\/a>\u00a0aleyhine verilen ihtiyati tedbir karar\u0131n\u0131n kald\u0131r\u0131lmas\u0131 i\u00e7in mahkemeye ba\u015fvurdu.<\/p>\n<p>A\u0130HM, 1 Aral\u0131k\u2019ta T\u00fcrkiye\u2019nin verdi\u011fi bilgiyi g\u00f6z \u00f6n\u00fcnde bulundurarak\u00a0<a href=\"https:\/\/tr.sputniknews.com\/turkiye\/202012011043320836-msb-turk-rus-ortak-merkezinin-kurulusuna-iliskin-mutabakat-imzalandi\/\" target=\"_blank\" rel=\"noreferrer noopener\">karar\u0131 tekrar de\u011ferlendirdi ve<\/a>\u00a0ihtiyati tedbir karar\u0131n\u0131 kald\u0131rd\u0131.<\/p>\n<p><em><strong><a href=\"https:\/\/tr.sputniknews.com\/turkiye\/202012021043331195-aihm--ermenistanin-talebi-uzerine-turkiye-aleyhine-verdigi-ihtiyati-tedbir-kararini-kaldirdi\/\">https:\/\/tr.sputniknews.com\/turkiye\/202012021043331195-aihm\u2013ermenistanin-talebi-uzerine-turkiye-aleyhine-verdigi-ihtiyati-tedbir-kararini-kaldirdi\/<\/a><\/strong><\/em><\/p>\n","protected":false},"excerpt":{"rendered":"<p>Avrupa \u0130nsan Haklar\u0131 Mahkemesi (A\u0130HM), Ermenistan\u2019\u0131n talebi \u00fczerine T\u00fcrkiye aleyhine verdi\u011fi ihtiyati tedbir karar\u0131n\u0131 kald\u0131rd\u0131.\u00a0 A\u0130HM\u2018den yap\u0131lan yaz\u0131l\u0131 a\u00e7\u0131klamaya g\u00f6re,\u00a0Ermenistan 4 Ekim\u2019de Da\u011fl\u0131k Karaba\u011f konusunda\u00a0T\u00fcrkiye\u2019ye kar\u015f\u0131 ihtiyati\u00a0tedbir uygulanmas\u0131 konusunda\u00a0A\u0130HM\u2019e ba\u015fvurdu. Mahkeme, 6 Ekim\u2019de\u00a0Da\u011fl\u0131k Karaba\u011f\u2018daki \u00e7at\u0131\u015fmaya do\u011frudan veya dolayl\u0131 m\u00fcdahil olan taraflara, sivillerin haklar\u0131n\u0131n ihlal edilmemesi y\u00f6n\u00fcnde \u00e7a\u011fr\u0131da bulunarak\u00a0T\u00fcrkiye\u2019ye kar\u015f\u0131\u00a0ihtiyati tedbir karar\u0131 ald\u0131. Bunun \u00fczerine T\u00fcrkiye,\u00a09 [&hellip;]<\/p>\n","protected":false},"author":7,"featured_media":60425,"comment_status":"open","ping_status":"open","sticky":false,"template":"","format":"standard","meta":{"footnotes":""},"categories":[1],"tags":[],"class_list":["post-60424","post","type-post","status-publish","format-standard","has-post-thumbnail","hentry","category-haberler"],"yoast_head":"<!-- This site is optimized with the Yoast SEO plugin v27.4 - https:\/\/yoast.com\/product\/yoast-seo-wordpress\/ -->\n<title>A\u0130HM, Ermenistan\u2019\u0131n talebi \u00fczerine T\u00fcrkiye aleyhine verdi\u011fi ihtiyati tedbir karar\u0131n\u0131 kald\u0131rd\u0131 - Bati Ermenistan Ve Bati Ermenileri Sorunlari Ara\u015ftirmalar Merkezi<\/title>\n<meta name=\"robots\" content=\"index, follow, max-snippet:-1, max-image-preview:large, max-video-preview:-1\" \/>\n<link rel=\"canonical\" href=\"https:\/\/akunq.net\/tr\/?p=60424\" \/>\n<meta property=\"og:locale\" content=\"en_US\" \/>\n<meta property=\"og:type\" content=\"article\" \/>\n<meta property=\"og:title\" content=\"A\u0130HM, Ermenistan\u2019\u0131n talebi \u00fczerine T\u00fcrkiye aleyhine verdi\u011fi ihtiyati tedbir karar\u0131n\u0131 kald\u0131rd\u0131 - Bati Ermenistan Ve Bati Ermenileri Sorunlari Ara\u015ftirmalar Merkezi\" \/>\n<meta property=\"og:description\" content=\"Avrupa \u0130nsan Haklar\u0131 Mahkemesi (A\u0130HM), Ermenistan\u2019\u0131n talebi \u00fczerine T\u00fcrkiye aleyhine verdi\u011fi ihtiyati tedbir karar\u0131n\u0131 kald\u0131rd\u0131.\u00a0 A\u0130HM\u2018den yap\u0131lan yaz\u0131l\u0131 a\u00e7\u0131klamaya g\u00f6re,\u00a0Ermenistan 4 Ekim\u2019de Da\u011fl\u0131k Karaba\u011f konusunda\u00a0T\u00fcrkiye\u2019ye kar\u015f\u0131 ihtiyati\u00a0tedbir uygulanmas\u0131 konusunda\u00a0A\u0130HM\u2019e ba\u015fvurdu. Mahkeme, 6 Ekim\u2019de\u00a0Da\u011fl\u0131k Karaba\u011f\u2018daki \u00e7at\u0131\u015fmaya do\u011frudan veya dolayl\u0131 m\u00fcdahil olan taraflara, sivillerin haklar\u0131n\u0131n ihlal edilmemesi y\u00f6n\u00fcnde \u00e7a\u011fr\u0131da bulunarak\u00a0T\u00fcrkiye\u2019ye kar\u015f\u0131\u00a0ihtiyati tedbir karar\u0131 ald\u0131. Bunun \u00fczerine T\u00fcrkiye,\u00a09 [&hellip;]\" \/>\n<meta property=\"og:url\" content=\"https:\/\/akunq.net\/tr\/?p=60424\" \/>\n<meta property=\"og:site_name\" content=\"Bati Ermenistan Ve Bati Ermenileri Sorunlari Ara\u015ftirmalar Merkezi\" \/>\n<meta property=\"article:published_time\" content=\"2020-12-03T09:46:39+00:00\" \/>\n<meta property=\"og:image\" content=\"https:\/\/akunq.net\/tr\/wp-content\/uploads\/sites\/6\/2020\/12\/\u0544\u053b\u0535\u0534.jpeg\" \/>\n\t<meta property=\"og:image:width\" content=\"410\" \/>\n\t<meta property=\"og:image:height\" content=\"239\" \/>\n\t<meta property=\"og:image:type\" content=\"image\/jpeg\" \/>\n<meta name=\"author\" content=\"admin\" \/>\n<meta name=\"twitter:card\" content=\"summary_large_image\" \/>\n<meta name=\"twitter:label1\" content=\"Written by\" \/>\n\t<meta name=\"twitter:data1\" content=\"admin\" \/>\n\t<meta name=\"twitter:label2\" content=\"Est. reading time\" \/>\n\t<meta name=\"twitter:data2\" content=\"1 minute\" \/>\n<script type=\"application\/ld+json\" class=\"yoast-schema-graph\">{\"@context\":\"https:\\\/\\\/schema.org\",\"@graph\":[{\"@type\":\"Article\",\"@id\":\"https:\\\/\\\/akunq.net\\\/tr\\\/?p=60424#article\",\"isPartOf\":{\"@id\":\"https:\\\/\\\/akunq.net\\\/tr\\\/?p=60424\"},\"author\":{\"name\":\"admin\",\"@id\":\"https:\\\/\\\/akunq.net\\\/tr\\\/#\\\/schema\\\/person\\\/096f1d38a12cce57fb855b485ed24c9e\"},\"headline\":\"A\u0130HM, Ermenistan\u2019\u0131n talebi \u00fczerine T\u00fcrkiye aleyhine verdi\u011fi ihtiyati tedbir karar\u0131n\u0131 kald\u0131rd\u0131\",\"datePublished\":\"2020-12-03T09:46:39+00:00\",\"mainEntityOfPage\":{\"@id\":\"https:\\\/\\\/akunq.net\\\/tr\\\/?p=60424\"},\"wordCount\":180,\"commentCount\":0,\"image\":{\"@id\":\"https:\\\/\\\/akunq.net\\\/tr\\\/?p=60424#primaryimage\"},\"thumbnailUrl\":\"https:\\\/\\\/akunq.net\\\/tr\\\/wp-content\\\/uploads\\\/sites\\\/6\\\/2020\\\/12\\\/\u0544\u053b\u0535\u0534.jpeg\",\"articleSection\":[\"Haberler\"],\"inLanguage\":\"en-US\",\"potentialAction\":[{\"@type\":\"CommentAction\",\"name\":\"Comment\",\"target\":[\"https:\\\/\\\/akunq.net\\\/tr\\\/?p=60424#respond\"]}]},{\"@type\":\"WebPage\",\"@id\":\"https:\\\/\\\/akunq.net\\\/tr\\\/?p=60424\",\"url\":\"https:\\\/\\\/akunq.net\\\/tr\\\/?p=60424\",\"name\":\"A\u0130HM, Ermenistan\u2019\u0131n talebi \u00fczerine T\u00fcrkiye aleyhine verdi\u011fi ihtiyati tedbir karar\u0131n\u0131 kald\u0131rd\u0131 - Bati Ermenistan Ve Bati Ermenileri Sorunlari Ara\u015ftirmalar Merkezi\",\"isPartOf\":{\"@id\":\"https:\\\/\\\/akunq.net\\\/tr\\\/#website\"},\"primaryImageOfPage\":{\"@id\":\"https:\\\/\\\/akunq.net\\\/tr\\\/?p=60424#primaryimage\"},\"image\":{\"@id\":\"https:\\\/\\\/akunq.net\\\/tr\\\/?p=60424#primaryimage\"},\"thumbnailUrl\":\"https:\\\/\\\/akunq.net\\\/tr\\\/wp-content\\\/uploads\\\/sites\\\/6\\\/2020\\\/12\\\/\u0544\u053b\u0535\u0534.jpeg\",\"datePublished\":\"2020-12-03T09:46:39+00:00\",\"author\":{\"@id\":\"https:\\\/\\\/akunq.net\\\/tr\\\/#\\\/schema\\\/person\\\/096f1d38a12cce57fb855b485ed24c9e\"},\"breadcrumb\":{\"@id\":\"https:\\\/\\\/akunq.net\\\/tr\\\/?p=60424#breadcrumb\"},\"inLanguage\":\"en-US\",\"potentialAction\":[{\"@type\":\"ReadAction\",\"target\":[\"https:\\\/\\\/akunq.net\\\/tr\\\/?p=60424\"]}]},{\"@type\":\"ImageObject\",\"inLanguage\":\"en-US\",\"@id\":\"https:\\\/\\\/akunq.net\\\/tr\\\/?p=60424#primaryimage\",\"url\":\"https:\\\/\\\/akunq.net\\\/tr\\\/wp-content\\\/uploads\\\/sites\\\/6\\\/2020\\\/12\\\/\u0544\u053b\u0535\u0534.jpeg\",\"contentUrl\":\"https:\\\/\\\/akunq.net\\\/tr\\\/wp-content\\\/uploads\\\/sites\\\/6\\\/2020\\\/12\\\/\u0544\u053b\u0535\u0534.jpeg\",\"width\":410,\"height\":239},{\"@type\":\"BreadcrumbList\",\"@id\":\"https:\\\/\\\/akunq.net\\\/tr\\\/?p=60424#breadcrumb\",\"itemListElement\":[{\"@type\":\"ListItem\",\"position\":1,\"name\":\"Home\",\"item\":\"https:\\\/\\\/akunq.net\\\/tr\"},{\"@type\":\"ListItem\",\"position\":2,\"name\":\"A\u0130HM, Ermenistan\u2019\u0131n talebi \u00fczerine T\u00fcrkiye aleyhine verdi\u011fi ihtiyati tedbir karar\u0131n\u0131 kald\u0131rd\u0131\"}]},{\"@type\":\"WebSite\",\"@id\":\"https:\\\/\\\/akunq.net\\\/tr\\\/#website\",\"url\":\"https:\\\/\\\/akunq.net\\\/tr\\\/\",\"name\":\"Bati Ermenistan Ve Bati Ermenileri Sorunlari Ara\u015ftirmalar Merkezi\",\"description\":\"\",\"potentialAction\":[{\"@type\":\"SearchAction\",\"target\":{\"@type\":\"EntryPoint\",\"urlTemplate\":\"https:\\\/\\\/akunq.net\\\/tr\\\/?s={search_term_string}\"},\"query-input\":{\"@type\":\"PropertyValueSpecification\",\"valueRequired\":true,\"valueName\":\"search_term_string\"}}],\"inLanguage\":\"en-US\"},{\"@type\":\"Person\",\"@id\":\"https:\\\/\\\/akunq.net\\\/tr\\\/#\\\/schema\\\/person\\\/096f1d38a12cce57fb855b485ed24c9e\",\"name\":\"admin\",\"url\":\"https:\\\/\\\/akunq.net\\\/tr\\\/?author=7\"}]}<\/script>\n<!-- \/ Yoast SEO plugin. -->","yoast_head_json":{"title":"A\u0130HM, Ermenistan\u2019\u0131n talebi \u00fczerine T\u00fcrkiye aleyhine verdi\u011fi ihtiyati tedbir karar\u0131n\u0131 kald\u0131rd\u0131 - Bati Ermenistan Ve Bati Ermenileri Sorunlari Ara\u015ftirmalar Merkezi","robots":{"index":"index","follow":"follow","max-snippet":"max-snippet:-1","max-image-preview":"max-image-preview:large","max-video-preview":"max-video-preview:-1"},"canonical":"https:\/\/akunq.net\/tr\/?p=60424","og_locale":"en_US","og_type":"article","og_title":"A\u0130HM, Ermenistan\u2019\u0131n talebi \u00fczerine T\u00fcrkiye aleyhine verdi\u011fi ihtiyati tedbir karar\u0131n\u0131 kald\u0131rd\u0131 - Bati Ermenistan Ve Bati Ermenileri Sorunlari Ara\u015ftirmalar Merkezi","og_description":"Avrupa \u0130nsan Haklar\u0131 Mahkemesi (A\u0130HM), Ermenistan\u2019\u0131n talebi \u00fczerine T\u00fcrkiye aleyhine verdi\u011fi ihtiyati tedbir karar\u0131n\u0131 kald\u0131rd\u0131.\u00a0 A\u0130HM\u2018den yap\u0131lan yaz\u0131l\u0131 a\u00e7\u0131klamaya g\u00f6re,\u00a0Ermenistan 4 Ekim\u2019de Da\u011fl\u0131k Karaba\u011f konusunda\u00a0T\u00fcrkiye\u2019ye kar\u015f\u0131 ihtiyati\u00a0tedbir uygulanmas\u0131 konusunda\u00a0A\u0130HM\u2019e ba\u015fvurdu. Mahkeme, 6 Ekim\u2019de\u00a0Da\u011fl\u0131k Karaba\u011f\u2018daki \u00e7at\u0131\u015fmaya do\u011frudan veya dolayl\u0131 m\u00fcdahil olan taraflara, sivillerin haklar\u0131n\u0131n ihlal edilmemesi y\u00f6n\u00fcnde \u00e7a\u011fr\u0131da bulunarak\u00a0T\u00fcrkiye\u2019ye kar\u015f\u0131\u00a0ihtiyati tedbir karar\u0131 ald\u0131. Bunun \u00fczerine T\u00fcrkiye,\u00a09 [&hellip;]","og_url":"https:\/\/akunq.net\/tr\/?p=60424","og_site_name":"Bati Ermenistan Ve Bati Ermenileri Sorunlari Ara\u015ftirmalar Merkezi","article_published_time":"2020-12-03T09:46:39+00:00","og_image":[{"width":410,"height":239,"url":"https:\/\/akunq.net\/tr\/wp-content\/uploads\/sites\/6\/2020\/12\/\u0544\u053b\u0535\u0534.jpeg","type":"image\/jpeg"}],"author":"admin","twitter_card":"summary_large_image","twitter_misc":{"Written by":"admin","Est. reading time":"1 minute"},"schema":{"@context":"https:\/\/schema.org","@graph":[{"@type":"Article","@id":"https:\/\/akunq.net\/tr\/?p=60424#article","isPartOf":{"@id":"https:\/\/akunq.net\/tr\/?p=60424"},"author":{"name":"admin","@id":"https:\/\/akunq.net\/tr\/#\/schema\/person\/096f1d38a12cce57fb855b485ed24c9e"},"headline":"A\u0130HM, Ermenistan\u2019\u0131n talebi \u00fczerine T\u00fcrkiye aleyhine verdi\u011fi ihtiyati tedbir karar\u0131n\u0131 kald\u0131rd\u0131","datePublished":"2020-12-03T09:46:39+00:00","mainEntityOfPage":{"@id":"https:\/\/akunq.net\/tr\/?p=60424"},"wordCount":180,"commentCount":0,"image":{"@id":"https:\/\/akunq.net\/tr\/?p=60424#primaryimage"},"thumbnailUrl":"https:\/\/akunq.net\/tr\/wp-content\/uploads\/sites\/6\/2020\/12\/\u0544\u053b\u0535\u0534.jpeg","articleSection":["Haberler"],"inLanguage":"en-US","potentialAction":[{"@type":"CommentAction","name":"Comment","target":["https:\/\/akunq.net\/tr\/?p=60424#respond"]}]},{"@type":"WebPage","@id":"https:\/\/akunq.net\/tr\/?p=60424","url":"https:\/\/akunq.net\/tr\/?p=60424","name":"A\u0130HM, Ermenistan\u2019\u0131n talebi \u00fczerine T\u00fcrkiye aleyhine verdi\u011fi ihtiyati tedbir karar\u0131n\u0131 kald\u0131rd\u0131 - Bati Ermenistan Ve Bati Ermenileri Sorunlari Ara\u015ftirmalar Merkezi","isPartOf":{"@id":"https:\/\/akunq.net\/tr\/#website"},"primaryImageOfPage":{"@id":"https:\/\/akunq.net\/tr\/?p=60424#primaryimage"},"image":{"@id":"https:\/\/akunq.net\/tr\/?p=60424#primaryimage"},"thumbnailUrl":"https:\/\/akunq.net\/tr\/wp-content\/uploads\/sites\/6\/2020\/12\/\u0544\u053b\u0535\u0534.jpeg","datePublished":"2020-12-03T09:46:39+00:00","author":{"@id":"https:\/\/akunq.net\/tr\/#\/schema\/person\/096f1d38a12cce57fb855b485ed24c9e"},"breadcrumb":{"@id":"https:\/\/akunq.net\/tr\/?p=60424#breadcrumb"},"inLanguage":"en-US","potentialAction":[{"@type":"ReadAction","target":["https:\/\/akunq.net\/tr\/?p=60424"]}]},{"@type":"ImageObject","inLanguage":"en-US","@id":"https:\/\/akunq.net\/tr\/?p=60424#primaryimage","url":"https:\/\/akunq.net\/tr\/wp-content\/uploads\/sites\/6\/2020\/12\/\u0544\u053b\u0535\u0534.jpeg","contentUrl":"https:\/\/akunq.net\/tr\/wp-content\/uploads\/sites\/6\/2020\/12\/\u0544\u053b\u0535\u0534.jpeg","width":410,"height":239},{"@type":"BreadcrumbList","@id":"https:\/\/akunq.net\/tr\/?p=60424#breadcrumb","itemListElement":[{"@type":"ListItem","position":1,"name":"Home","item":"https:\/\/akunq.net\/tr"},{"@type":"ListItem","position":2,"name":"A\u0130HM, Ermenistan\u2019\u0131n talebi \u00fczerine T\u00fcrkiye aleyhine verdi\u011fi ihtiyati tedbir karar\u0131n\u0131 kald\u0131rd\u0131"}]},{"@type":"WebSite","@id":"https:\/\/akunq.net\/tr\/#website","url":"https:\/\/akunq.net\/tr\/","name":"Bati Ermenistan Ve Bati Ermenileri Sorunlari Ara\u015ftirmalar Merkezi","description":"","potentialAction":[{"@type":"SearchAction","target":{"@type":"EntryPoint","urlTemplate":"https:\/\/akunq.net\/tr\/?s={search_term_string}"},"query-input":{"@type":"PropertyValueSpecification","valueRequired":true,"valueName":"search_term_string"}}],"inLanguage":"en-US"},{"@type":"Person","@id":"https:\/\/akunq.net\/tr\/#\/schema\/person\/096f1d38a12cce57fb855b485ed24c9e","name":"admin","url":"https:\/\/akunq.net\/tr\/?author=7"}]}},"_links":{"self":[{"href":"https:\/\/akunq.net\/tr\/index.php?rest_route=\/wp\/v2\/posts\/60424","targetHints":{"allow":["GET"]}}],"collection":[{"href":"https:\/\/akunq.net\/tr\/index.php?rest_route=\/wp\/v2\/posts"}],"about":[{"href":"https:\/\/akunq.net\/tr\/index.php?rest_route=\/wp\/v2\/types\/post"}],"author":[{"embeddable":true,"href":"https:\/\/akunq.net\/tr\/index.php?rest_route=\/wp\/v2\/users\/7"}],"replies":[{"embeddable":true,"href":"https:\/\/akunq.net\/tr\/index.php?rest_route=%2Fwp%2Fv2%2Fcomments&post=60424"}],"version-history":[{"count":1,"href":"https:\/\/akunq.net\/tr\/index.php?rest_route=\/wp\/v2\/posts\/60424\/revisions"}],"predecessor-version":[{"id":60426,"href":"https:\/\/akunq.net\/tr\/index.php?rest_route=\/wp\/v2\/posts\/60424\/revisions\/60426"}],"wp:featuredmedia":[{"embeddable":true,"href":"https:\/\/akunq.net\/tr\/index.php?rest_route=\/wp\/v2\/media\/60425"}],"wp:attachment":[{"href":"https:\/\/akunq.net\/tr\/index.php?rest_route=%2Fwp%2Fv2%2Fmedia&parent=60424"}],"wp:term":[{"taxonomy":"category","embeddable":true,"href":"https:\/\/akunq.net\/tr\/index.php?rest_route=%2Fwp%2Fv2%2Fcategories&post=60424"},{"taxonomy":"post_tag","embeddable":true,"href":"https:\/\/akunq.net\/tr\/index.php?rest_route=%2Fwp%2Fv2%2Ftags&post=60424"}],"curies":[{"name":"wp","href":"https:\/\/api.w.org\/{rel}","templated":true}]}}