{"id":60408,"date":"2020-12-02T05:02:17","date_gmt":"2020-12-02T10:02:17","guid":{"rendered":"https:\/\/akunq.net\/tr\/?p=60408"},"modified":"2020-12-02T05:02:17","modified_gmt":"2020-12-02T10:02:17","slug":"trabzonun-yeni-sumelasi-icin-adim-atildi","status":"publish","type":"post","link":"https:\/\/akunq.net\/tr\/?p=60408","title":{"rendered":"Trabzon\u2019un yeni \u2018S\u00fcmela\u2019s\u0131 i\u00e7in ad\u0131m at\u0131ld\u0131"},"content":{"rendered":"<p><img loading=\"lazy\" decoding=\"async\" class=\"aligncenter size-medium wp-image-60409\" src=\"https:\/\/akunq.net\/tr\/wp-content\/uploads\/2020\/12\/Trabzon-360x236.jpeg\" alt=\"\" width=\"360\" height=\"236\" srcset=\"https:\/\/akunq.net\/tr\/wp-content\/uploads\/sites\/6\/2020\/12\/Trabzon-360x236.jpeg 360w, https:\/\/akunq.net\/tr\/wp-content\/uploads\/sites\/6\/2020\/12\/Trabzon-768x504.jpeg 768w, https:\/\/akunq.net\/tr\/wp-content\/uploads\/sites\/6\/2020\/12\/Trabzon-560x367.jpeg 560w, https:\/\/akunq.net\/tr\/wp-content\/uploads\/sites\/6\/2020\/12\/Trabzon-260x170.jpeg 260w, https:\/\/akunq.net\/tr\/wp-content\/uploads\/sites\/6\/2020\/12\/Trabzon-160x105.jpeg 160w, https:\/\/akunq.net\/tr\/wp-content\/uploads\/sites\/6\/2020\/12\/Trabzon.jpeg 1536w\" sizes=\"auto, (max-width: 360px) 100vw, 360px\" \/><\/p>\n<p><em><strong>Trabzon\u2019un Ma\u00e7ka il\u00e7esinde, vadiye hakim sarp kayal\u0131k \u00fczerine 8\u2019inci y\u00fczy\u0131lda yap\u0131ld\u0131\u011f\u0131 tahmin edilen Ku\u015ftul Manast\u0131r\u0131, 1200\u2019l\u00fc y\u0131llarda ya\u011fmalanmas\u0131na ra\u011fmen\u00a0geri kalan tarihi kal\u0131nt\u0131lar\u0131 ve ihti\u015fam\u0131 ile\u00a0g\u00f6renleri etkiliyor. \u2018Trabzon\u2019un yeni S\u00fcmela\u2019s\u0131\u2019 olarak adland\u0131r\u0131l\u0131p, zorlu patika yollardan ula\u015f\u0131lan manast\u0131r,\u00a0ba\u015flat\u0131lan \u00e7evre d\u00fczenlemesi ve yol iyile\u015ftirme \u00e7al\u0131\u015fmas\u0131yla turizme kazand\u0131r\u0131lacak. Ma\u00e7ka Belediye Ba\u015fkan\u0131 Koray Ko\u00e7han, \u201cKu\u015ftul Manast\u0131r\u0131\u2019n\u0131n b\u00f6lgede ad\u0131ndan s\u0131k\u00e7a bahsedilecek\u201d\u00a0dedi.<\/strong><\/em><\/p>\n<p>Ma\u00e7ka il\u00e7esine yakla\u015f\u0131k 32 kilometre mesafedeki \u015eim\u015firli Mahallesi s\u0131n\u0131rlar\u0131 i\u00e7inde sarp kayal\u0131k \u00fczerine 8\u2019inci y\u00fczy\u0131lda yap\u0131ld\u0131\u011f\u0131 tahmin edilen ve Ma\u00e7ka\u00a0<a href=\"https:\/\/www.cnnturk.com\/haberleri\/belediye\" target=\"_blank\" rel=\"noreferrer noopener\">Belediye<\/a>\u00a0Ba\u015fkanl\u0131\u011f\u0131\u2019n\u0131n\u00a0<a href=\"https:\/\/www.cnnturk.com\/haberleri\/trabzon\" target=\"_blank\" rel=\"noreferrer noopener\">Trabzon<\/a>\u00a0K\u00fclt\u00fcr Varl\u0131klar\u0131n\u0131 Koruma B\u00f6lge Kurulu M\u00fcd\u00fcrl\u00fc\u011f\u00fc\u2019ne m\u00fcracaat\u0131 \u00fczerine an\u0131t eser olarak tescillenen Ku\u015ftul Manast\u0131r\u0131, yerli ve yabanc\u0131 turistlerin ilgi oda\u011f\u0131 oluyor.<\/p>\n<figure class=\"wp-block-image\"><img decoding=\"async\" src=\"https:\/\/i2.wp.com\/i2.cnnturk.com\/i\/cnnturk\/75\/630x0\/5fc5e4f4d265a205841969b0.jpg?ssl=1\" alt=\"Trabzon'un yeni 'S\u00fcmela's\u0131 i\u00e7in ad\u0131m at\u0131ld\u0131\" data-recalc-dims=\"1\" \/><\/figure>\n<p>Bulundu\u011fu \u2018Ku\u015ftul\u2019 mevkisi ile ayn\u0131 ad\u0131 ta\u015f\u0131yan, ula\u015f\u0131lmas\u0131 g\u00fc\u00e7 dev kaya blo\u011fu \u00fczerinde vadinin tamam\u0131na h\u00e2kim b\u00f6lgede yer alan manast\u0131r; 1200\u2019l\u00fc y\u0131llarda ya\u011fmalanmas\u0131 ve baz\u0131 kal\u0131nt\u0131lar\u0131n\u0131n y\u0131k\u0131lmas\u0131na ra\u011fmen, halen ayakta kal\u0131p, ihti\u015fam\u0131yla g\u00f6renleri etkiliyor.<\/p>\n<figure class=\"wp-block-image\"><img decoding=\"async\" src=\"https:\/\/i0.wp.com\/i2.cnnturk.com\/i\/cnnturk\/75\/630x0\/5fc5e4f8d265a205841969c4.jpg?ssl=1\" alt=\"Trabzon'un yeni 'S\u00fcmela's\u0131 i\u00e7in ad\u0131m at\u0131ld\u0131\" data-recalc-dims=\"1\" \/><\/figure>\n<p>Vadiden y\u00fczlerce metre y\u00fcksekte in\u015fa edildikten sonra eklenti ve restorasyonlarla geli\u015ftirildi\u011fi bilinen manast\u0131ra, k\u0131smen \u00e7\u00f6kme ya\u015fanan 72 basamakl\u0131 merdiven \u00e7\u0131k\u0131larak ula\u015f\u0131labiliyor.<\/p>\n<figure class=\"wp-block-image\"><img decoding=\"async\" src=\"https:\/\/i0.wp.com\/i2.cnnturk.com\/i\/cnnturk\/75\/630x0\/5fc5e4f8d265a205841969c1.jpg?ssl=1\" alt=\"Trabzon'un yeni 'S\u00fcmela's\u0131 i\u00e7in ad\u0131m at\u0131ld\u0131\" data-recalc-dims=\"1\" \/><\/figure>\n<p>B\u00f6lgede 1904 y\u0131l\u0131nda \u00e7\u0131kan yang\u0131nda tamamen yan\u0131nca yeninden onar\u0131lan, n\u00fcfus m\u00fcbadelesinin ya\u015fand\u0131\u011f\u0131 1923\u2019te ise bo\u015falt\u0131l\u0131p kaderine teslim edilen manast\u0131rdan vadiye \u00e7ok say\u0131da dehliz de uzan\u0131yor.<\/p>\n<figure class=\"wp-block-image\"><img decoding=\"async\" src=\"https:\/\/i0.wp.com\/i2.cnnturk.com\/i\/cnnturk\/75\/630x0\/5fc5e4f4d265a205841969b3.jpg?ssl=1\" alt=\"Trabzon'un yeni 'S\u00fcmela's\u0131 i\u00e7in ad\u0131m at\u0131ld\u0131\" data-recalc-dims=\"1\" \/><\/figure>\n<p>Tek giri\u015f kap\u0131s\u0131 bulunan 72 odal\u0131 manast\u0131ra; b\u00f6lge halk\u0131 taraf\u0131ndan uzun y\u0131llard\u0131r kullan\u0131lan alternatif 3 patika yoldan da ula\u015f\u0131m sa\u011flanabiliyor.<\/p>\n<figure class=\"wp-block-image\"><img decoding=\"async\" src=\"https:\/\/i0.wp.com\/i2.cnnturk.com\/i\/cnnturk\/75\/630x0\/5fc5e4fad265a205841969cf.jpg?ssl=1\" alt=\"Trabzon'un yeni 'S\u00fcmela's\u0131 i\u00e7in ad\u0131m at\u0131ld\u0131\" data-recalc-dims=\"1\" \/><\/figure>\n<p>Otla\u00a0kapl\u0131 olsa da manast\u0131ra gelenler, i\u00e7inde bar\u0131nd\u0131rd\u0131\u011f\u0131 kaya mezarlar\u0131 ve kilise kal\u0131nt\u0131lar\u0131n\u0131 g\u00f6r\u00fcp, tarihe tan\u0131kl\u0131k ediyor.MA\u00c7KA BELED\u0130YES\u0130 HAREKETE GE\u00c7T\u0130<\/p>\n<figure class=\"wp-block-image\"><img decoding=\"async\" src=\"https:\/\/i2.wp.com\/i2.cnnturk.com\/i\/cnnturk\/75\/630x0\/5fc5e4f7d265a205841969be.jpg?ssl=1\" alt=\"Trabzon'un yeni 'S\u00fcmela's\u0131 i\u00e7in ad\u0131m at\u0131ld\u0131\" data-recalc-dims=\"1\" \/><\/figure>\n<p>Nadir ziyaret\u00e7ilerini a\u011f\u0131rlayan manast\u0131ra gelenler, da\u011f\u0131n yamac\u0131ndaki patika yolun ormandan ge\u00e7mesi dolay\u0131s\u0131yla zor anlar ya\u015famas\u0131 \u00fczerine harekete ge\u00e7en Ma\u00e7ka Belediyesi\u2019nce, b\u00f6lgedeki g\u00fczerg\u00e2hta yol iyile\u015ftirme \u00e7al\u0131\u015fmas\u0131 ba\u015flat\u0131ld\u0131.<\/p>\n<figure class=\"wp-block-image\"><img decoding=\"async\" src=\"https:\/\/i2.wp.com\/i2.cnnturk.com\/i\/cnnturk\/75\/630x0\/5fc5e4f9d265a205841969cc.jpg?ssl=1\" alt=\"Trabzon'un yeni 'S\u00fcmela's\u0131 i\u00e7in ad\u0131m at\u0131ld\u0131\" data-recalc-dims=\"1\" \/><\/figure>\n<p>B\u00f6lgede planlanan \u00e7evre d\u00fczenlemesi ile \u2018<a href=\"https:\/\/www.cnnturk.com\/haberleri\/trabzon\" target=\"_blank\" rel=\"noreferrer noopener\">Trabzon<\/a>\u2018un\u00a0yeni S\u00fcmela\u2019s\u0131\u2019 olarak da adland\u0131r\u0131lan\u00a0tarihi manast\u0131r\u0131n, turizme kazand\u0131r\u0131lmas\u0131 hedefleniyor.<\/p>\n<figure class=\"wp-block-image\"><img decoding=\"async\" src=\"https:\/\/i1.wp.com\/i2.cnnturk.com\/i\/cnnturk\/75\/630x0\/5fc5e4f9d265a205841969c9.jpg?ssl=1\" alt=\"Trabzon'un yeni 'S\u00fcmela's\u0131 i\u00e7in ad\u0131m at\u0131ld\u0131\" data-recalc-dims=\"1\" \/><\/figure>\n<p>\u0130yile\u015ftirme \u00e7al\u0131\u015fmas\u0131 yap\u0131lacak g\u00fczerg\u00e2h boyunca konu\u015fland\u0131r\u0131lacak tabelalarla kolay ula\u015f\u0131m\u0131n sa\u011flanmas\u0131 ama\u00e7lanan manast\u0131r \u00e7evresine, ziyaret\u00e7ilerin dinlenece\u011fi k\u00fc\u00e7\u00fck bir i\u015fletme de kurulacak.\u00a0\u2018DO\u011eA HAR\u0130KASI ALANDA B\u0130R ROTA PLANLIYORUZ\u2019<\/p>\n<figure class=\"wp-block-image\"><img decoding=\"async\" src=\"https:\/\/i0.wp.com\/i2.cnnturk.com\/i\/cnnturk\/75\/630x0\/5fc5e4f6d265a205841969b8.jpg?ssl=1\" alt=\"Trabzon'un yeni 'S\u00fcmela's\u0131 i\u00e7in ad\u0131m at\u0131ld\u0131\" data-recalc-dims=\"1\" \/><\/figure>\n<p>Ma\u00e7ka\u00a0<a href=\"https:\/\/www.cnnturk.com\/haberleri\/belediye\" target=\"_blank\" rel=\"noreferrer noopener\">Belediye<\/a>\u00a0Ba\u015fkan\u0131 Koray Ko\u00e7han, at\u0131l haldeki Ku\u015ftul Manast\u0131r\u0131\u2019n\u0131n varl\u0131\u011f\u0131ndan herkesin s\u00f6z etmesini sa\u011flamak i\u00e7in ellerinden gelen \u00e7al\u0131\u015fmay\u0131 yapt\u0131klar\u0131n\u0131 belirterek, \u201cKu\u015ftul Manast\u0131r\u0131, malum y\u0131llard\u0131r at\u0131l bir halde duran, kimsenin varl\u0131\u011f\u0131ndan haberi olmayan, olanlar\u0131n da gidip yerini bulamad\u0131\u011f\u0131 bir aland\u0131. Ma\u00e7ka Belediyesi olarak Ku\u015ftul Manast\u0131r\u0131\u2019n\u0131n ge\u00e7ici tahsisini Hazine ve Maliye Bakanl\u0131\u011f\u0131 ile K\u00fclt\u00fcr ve Turizm Bakanl\u0131\u011f\u0131n\u0131n uygun g\u00f6r\u00fc\u015f\u00fc ile sa\u011flad\u0131k. \u015eu anda belediye olarak yol \u00e7al\u0131\u015fmalar\u0131na da ba\u015flad\u0131k. Yollar\u0131 iyile\u015ftiriliyoruz; 2 rotadan. Turistlerimiz Galyan Vadisini de g\u00f6rs\u00fcn, oran\u0131n turizm potansiyelini de de\u011ferlendirelim istiyoruz. \u00c7\u00fcnk\u00fc Galyan Baraj\u0131, Uzung\u00f6l\u2019den daha b\u00fcy\u00fck bir g\u00f6l havzas\u0131 olmu\u015f durumda. Etraf\u0131nda hi\u00e7 yap\u0131la\u015fman\u0131n olmad\u0131\u011f\u0131 tamamen ormanlar\u0131n oldu\u011fu alan oldu. Bu b\u00f6lgeden ge\u00e7erek, \u00f6zellikle \u015fim\u015fir a\u011fa\u00e7lar\u0131n\u0131n bulundu\u011fu do\u011fa harikas\u0131 alanda bir rota planl\u0131yoruz.\u00a0 Bu rotan\u0131n da merkezinde Ku\u015ftul Manast\u0131r\u0131 olacak\u201d\u00a0dedi.\u2019ADINDAN SIK\u00c7A BAHSED\u0130LECEK ALAN OLACAK\u2019<\/p>\n<figure class=\"wp-block-image\"><img decoding=\"async\" src=\"https:\/\/i1.wp.com\/i2.cnnturk.com\/i\/cnnturk\/75\/630x0\/5fc5e4f7d265a205841969ba.jpg?ssl=1\" alt=\"Trabzon'un yeni 'S\u00fcmela's\u0131 i\u00e7in ad\u0131m at\u0131ld\u0131\" data-recalc-dims=\"1\" \/><\/figure>\n<p>Y\u00fcr\u00fct\u00fclen \u00e7al\u0131\u015fmalar\u0131n tamamlanmas\u0131yla Ku\u015ftul Manast\u0131r\u0131\u2019n\u0131n ad\u0131ndan s\u0131k\u00e7a b\u00f6lgede bahsedilecek bir alan olaca\u011f\u0131n\u0131 kaydeden Ko\u00e7han, \u201cSanta Harabeleri\u2019 diye bildi\u011fimiz turizm b\u00f6lgesinin\u00a0<a href=\"https:\/\/www.cnnturk.com\/haberleri\/trabzon\" target=\"_blank\" rel=\"noreferrer noopener\">Trabzon<\/a>\u2019dan Santa\u2019ya uzanan en \u00f6nemli patika yolunun Ku\u015ftul Manast\u0131r\u0131\u2019ndan ge\u00e7ti\u011fini g\u00f6r\u00fcyorsunuz. O yolla ilgili de g\u00fczerg\u00e2hlar belirleyece\u011fiz. \u0130nan\u00e7 turizmin yan\u0131nda trekking turizmine bu b\u00f6lge hizmet edecek. En az\u0131ndan S\u00fcmela Manast\u0131r\u0131 gibi bir restorasyon yapamasak da ziyaret\u00e7ilerimizin ihtiya\u00e7lar\u0131n\u0131\u00a0<a href=\"https:\/\/www.cnnturk.com\/haberleri\/kar\" target=\"_blank\" rel=\"noreferrer noopener\">kar<\/a>\u015f\u0131layacak en az\u0131ndan orada da k\u00fc\u00e7\u00fck bir i\u015fletme kuraca\u011f\u0131z. Hem yaya hem de ara\u00e7 trafi\u011fi ile o b\u00f6lgede turizmin canlanmas\u0131n\u0131 sa\u011flayaca\u011f\u0131z. At\u0131l bir manast\u0131r; i\u00e7inin ot ve \u00e7evre temizli\u011fini yapaca\u011f\u0131z. G\u00f6receksiniz \u00f6n\u00fcm\u00fczdeki y\u0131l Ku\u015ftul Manas\u0131t\u0131r\u0131 da ad\u0131ndan s\u0131k\u00e7a b\u00f6lgede bahsedilecek bir alan olacak\u201d\u00a0diye konu\u015ftu.BARTHOLOMEOS\u2019UN MACERALI MANASTIR Z\u0130YARET\u0130<\/p>\n<figure class=\"wp-block-image\"><img decoding=\"async\" src=\"https:\/\/i1.wp.com\/i2.cnnturk.com\/i\/cnnturk\/75\/630x0\/5fc5e4fcd265a205841969db.jpg?ssl=1\" alt=\"Trabzon'un yeni 'S\u00fcmela's\u0131 i\u00e7in ad\u0131m at\u0131ld\u0131\" data-recalc-dims=\"1\" \/><\/figure>\n<p>\u00d6te yandan\u00a0Fener Rum Patri\u011fi Bartholomeos, beraberindeki rehberlerin sis nedeniyle yanl\u0131\u015f yola girdi\u011fi i\u00e7in gidemedi\u011fi Ku\u015ftul Manast\u0131r\u0131\u2019n\u0131 2012 y\u0131l\u0131nda ziyaret edebilmi\u015fti.<\/p>\n<figure class=\"wp-block-image\"><img decoding=\"async\" src=\"https:\/\/i2.wp.com\/i2.cnnturk.com\/i\/cnnturk\/75\/630x0\/5fc5e504d265a205841969e4.jpg?ssl=1\" alt=\"Trabzon'un yeni 'S\u00fcmela's\u0131 i\u00e7in ad\u0131m at\u0131ld\u0131\" data-recalc-dims=\"1\" \/><\/figure>\n<p>A\u011fa\u00e7l\u0131k alandaki patika yolda yakla\u015f\u0131k 45 dakikal\u0131k zorlu y\u00fcr\u00fcy\u00fc\u015f\u00fcn ard\u0131ndan manast\u0131ra ula\u015fan ve zaman zaman korumalar yard\u0131m etti\u011fi Bartholomeos, \u201cHayretler i\u00e7inde kald\u0131k. G\u00fc\u00e7l\u00fckle \u00e7\u0131kabildik. Bu da iman meselesi. \u0130stek ve iman meselesi. 8\u2019inci y\u00fczy\u0131lda o d\u00f6nemin ke\u015fi\u015fleri nas\u0131l in\u015fa etti bu manast\u0131r\u0131 \u015fa\u015f\u0131lacak \u015fey. Kendisini tamamen y\u00fcce Allaha adam\u0131\u015f insanlar yapabilir b\u00f6yle \u015feyler\u201d a\u00e7\u0131klamas\u0131nda bulunmu\u015ftu.<\/p>\n<figure class=\"wp-block-image\"><img decoding=\"async\" src=\"https:\/\/i2.wp.com\/i2.cnnturk.com\/i\/cnnturk\/75\/630x0\/5fc5e4fbd265a205841969d2.jpg?ssl=1\" alt=\"Trabzon'un yeni 'S\u00fcmela's\u0131 i\u00e7in ad\u0131m at\u0131ld\u0131\" data-recalc-dims=\"1\" \/><\/figure>\n<p>Ma\u00e7ka il\u00e7esi \u015eim\u015firli Mahallesi s\u0131n\u0131rlar\u0131 i\u00e7erisinde bulunan, turizm a\u00e7\u0131s\u0131ndan \u00f6nem ta\u015f\u0131yan Ku\u015ftul Manast\u0131r\u0131\u2019n\u0131n 752 tarihinde in\u015fa edildi\u011fi tahmin ediliyor.<\/p>\n<figure class=\"wp-block-image\"><img decoding=\"async\" src=\"https:\/\/i1.wp.com\/i2.cnnturk.com\/i\/cnnturk\/75\/630x0\/5fc5e4f7d265a205841969bc.jpg?ssl=1\" alt=\"Trabzon'un yeni 'S\u00fcmela's\u0131 i\u00e7in ad\u0131m at\u0131ld\u0131\" data-recalc-dims=\"1\" \/><\/figure>\n<p>1203\u2019te ya\u011fmalan\u0131p bir s\u00fcre terk edildikten sonra 1393\u2019te tekrar faaliyete ba\u015flayan manast\u0131r, 1904\u2019teki yang\u0131nda tamamen yan\u0131nca 3\u2019\u00fcnc\u00fc kez yap\u0131ld\u0131.<\/p>\n<figure class=\"wp-block-image\"><img decoding=\"async\" src=\"https:\/\/i2.wp.com\/i2.cnnturk.com\/i\/cnnturk\/75\/630x0\/5fc5e4f9d265a205841969c7.jpg?ssl=1\" alt=\"Trabzon'un yeni 'S\u00fcmela's\u0131 i\u00e7in ad\u0131m at\u0131ld\u0131\" data-recalc-dims=\"1\" \/><\/figure>\n<p>G\u00fcn\u00fcm\u00fcze pek az kal\u0131nt\u0131s\u0131 gelen manast\u0131r\u0131n i\u00e7indeki ma\u011faran\u0131n kuzeyine yaslanm\u0131\u015f k\u00fc\u00e7\u00fck kiliseci\u011fin \u00e7ok eski olmad\u0131\u011f\u0131 biliniyor.<\/p>\n<figure class=\"wp-block-image\"><img decoding=\"async\" src=\"https:\/\/i2.wp.com\/i2.cnnturk.com\/i\/cnnturk\/75\/630x0\/5fc5e4fcd265a205841969d8.jpg?ssl=1\" alt=\"Trabzon'un yeni 'S\u00fcmela's\u0131 i\u00e7in ad\u0131m at\u0131ld\u0131\" data-recalc-dims=\"1\" \/><\/figure>\n<p>Manast\u0131r\u0131n i\u00e7ine girilince, i\u00e7 avlunun sa\u011f\u0131nda ve solunda 2- 3 katl\u0131 manast\u0131r odalar\u0131 yerle\u015ftirildi\u011fi g\u00f6r\u00fcl\u00fcyor.<\/p>\n<figure class=\"wp-block-image\"><img decoding=\"async\" src=\"https:\/\/i1.wp.com\/i2.cnnturk.com\/i\/cnnturk\/75\/630x0\/5fc5e4fcd265a205841969e0.jpg?ssl=1\" alt=\"Trabzon'un yeni 'S\u00fcmela's\u0131 i\u00e7in ad\u0131m at\u0131ld\u0131\" data-recalc-dims=\"1\" \/><\/figure>\n<p>Bat\u0131 cephesinden bir merdivenle i\u00e7ine girilen manast\u0131r; geni\u015f holleri ve salonlar\u0131yla dikkat \u00e7ekiyor.<\/p>\n<figure class=\"wp-block-image\"><img decoding=\"async\" src=\"https:\/\/i0.wp.com\/i2.cnnturk.com\/i\/cnnturk\/75\/630x0\/5fc5e504d265a205841969e2.jpg?ssl=1\" alt=\"Trabzon'un yeni 'S\u00fcmela's\u0131 i\u00e7in ad\u0131m at\u0131ld\u0131\" data-recalc-dims=\"1\" \/><\/figure>\n<p>Ha\u00e7 planl\u0131 kilisenin zamanla y\u0131k\u0131lm\u0131\u015f ve hi\u00e7bir iz b\u0131rakmadan yok olu\u015fu, y\u0131llar \u00f6nce define avc\u0131lar\u0131nca tahrip edilmesinden kaynakland\u0131\u011f\u0131 iddia ediliyor.<\/p>\n<figure class=\"wp-block-image\"><img decoding=\"async\" src=\"https:\/\/i2.wp.com\/i2.cnnturk.com\/i\/cnnturk\/75\/630x0\/5fc5e504d265a205841969e8.jpg?ssl=1\" alt=\"Trabzon'un yeni 'S\u00fcmela's\u0131 i\u00e7in ad\u0131m at\u0131ld\u0131\" data-recalc-dims=\"1\" \/><\/figure>\n<p>Manast\u0131r\u0131n bat\u0131ya uzanan dehlizleri oldu\u011fu belirlense de kullan\u0131lmaz durumda oldu\u011fu dikkat \u00e7ekiyor.<\/p>\n<figure class=\"wp-block-image\"><img decoding=\"async\" src=\"https:\/\/i0.wp.com\/i2.cnnturk.com\/i\/cnnturk\/75\/630x0\/5fc5e4fcd265a205841969d5.jpg?ssl=1\" alt=\"Trabzon'un yeni 'S\u00fcmela's\u0131 i\u00e7in ad\u0131m at\u0131ld\u0131\" data-recalc-dims=\"1\" \/><\/figure>\n<figure class=\"wp-block-image\"><img decoding=\"async\" src=\"https:\/\/i1.wp.com\/i2.cnnturk.com\/i\/cnnturk\/75\/630x0\/5fc5e4fcd265a205841969dd.jpg?ssl=1\" alt=\"Trabzon'un yeni 'S\u00fcmela's\u0131 i\u00e7in ad\u0131m at\u0131ld\u0131\" data-recalc-dims=\"1\" \/><\/figure>\n<figure class=\"wp-block-image\"><img decoding=\"async\" src=\"https:\/\/i2.wp.com\/i2.cnnturk.com\/i\/cnnturk\/75\/630x0\/5fc5e504d265a205841969e6.jpg?ssl=1\" alt=\"Trabzon'un yeni 'S\u00fcmela's\u0131 i\u00e7in ad\u0131m at\u0131ld\u0131\" data-recalc-dims=\"1\" \/><\/figure>\n<p><em><strong><a href=\"https:\/\/www.cnnturk.com\/turkiye\/trabzonun-yeni-sumelasi-icin-adim-atildi?page=13\">https:\/\/www.cnnturk.com\/turkiye\/trabzonun-yeni-sumelasi-icin-adim-atildi?page=13<\/a><\/strong><\/em><\/p>\n","protected":false},"excerpt":{"rendered":"<p>Trabzon\u2019un Ma\u00e7ka il\u00e7esinde, vadiye hakim sarp kayal\u0131k \u00fczerine 8\u2019inci y\u00fczy\u0131lda yap\u0131ld\u0131\u011f\u0131 tahmin edilen Ku\u015ftul Manast\u0131r\u0131, 1200\u2019l\u00fc y\u0131llarda ya\u011fmalanmas\u0131na ra\u011fmen\u00a0geri kalan tarihi kal\u0131nt\u0131lar\u0131 ve ihti\u015fam\u0131 ile\u00a0g\u00f6renleri etkiliyor. \u2018Trabzon\u2019un yeni S\u00fcmela\u2019s\u0131\u2019 olarak adland\u0131r\u0131l\u0131p, zorlu patika yollardan ula\u015f\u0131lan manast\u0131r,\u00a0ba\u015flat\u0131lan \u00e7evre d\u00fczenlemesi ve yol iyile\u015ftirme \u00e7al\u0131\u015fmas\u0131yla turizme kazand\u0131r\u0131lacak. Ma\u00e7ka Belediye Ba\u015fkan\u0131 Koray Ko\u00e7han, \u201cKu\u015ftul Manast\u0131r\u0131\u2019n\u0131n b\u00f6lgede ad\u0131ndan s\u0131k\u00e7a bahsedilecek\u201d\u00a0dedi. [&hellip;]<\/p>\n","protected":false},"author":7,"featured_media":60409,"comment_status":"open","ping_status":"open","sticky":false,"template":"","format":"standard","meta":{"footnotes":""},"categories":[1],"tags":[],"class_list":["post-60408","post","type-post","status-publish","format-standard","has-post-thumbnail","hentry","category-haberler"],"yoast_head":"<!-- This site is optimized with the Yoast SEO plugin v27.4 - https:\/\/yoast.com\/product\/yoast-seo-wordpress\/ -->\n<title>Trabzon\u2019un yeni \u2018S\u00fcmela\u2019s\u0131 i\u00e7in ad\u0131m at\u0131ld\u0131 - Bati Ermenistan Ve Bati Ermenileri Sorunlari Ara\u015ftirmalar Merkezi<\/title>\n<meta name=\"robots\" content=\"index, follow, max-snippet:-1, max-image-preview:large, max-video-preview:-1\" \/>\n<link rel=\"canonical\" href=\"https:\/\/akunq.net\/tr\/?p=60408\" \/>\n<meta property=\"og:locale\" content=\"en_US\" \/>\n<meta property=\"og:type\" content=\"article\" \/>\n<meta property=\"og:title\" content=\"Trabzon\u2019un yeni \u2018S\u00fcmela\u2019s\u0131 i\u00e7in ad\u0131m at\u0131ld\u0131 - Bati Ermenistan Ve Bati Ermenileri Sorunlari Ara\u015ftirmalar Merkezi\" \/>\n<meta property=\"og:description\" content=\"Trabzon\u2019un Ma\u00e7ka il\u00e7esinde, vadiye hakim sarp kayal\u0131k \u00fczerine 8\u2019inci y\u00fczy\u0131lda yap\u0131ld\u0131\u011f\u0131 tahmin edilen Ku\u015ftul Manast\u0131r\u0131, 1200\u2019l\u00fc y\u0131llarda ya\u011fmalanmas\u0131na ra\u011fmen\u00a0geri kalan tarihi kal\u0131nt\u0131lar\u0131 ve ihti\u015fam\u0131 ile\u00a0g\u00f6renleri etkiliyor. \u2018Trabzon\u2019un yeni S\u00fcmela\u2019s\u0131\u2019 olarak adland\u0131r\u0131l\u0131p, zorlu patika yollardan ula\u015f\u0131lan manast\u0131r,\u00a0ba\u015flat\u0131lan \u00e7evre d\u00fczenlemesi ve yol iyile\u015ftirme \u00e7al\u0131\u015fmas\u0131yla turizme kazand\u0131r\u0131lacak. Ma\u00e7ka Belediye Ba\u015fkan\u0131 Koray Ko\u00e7han, \u201cKu\u015ftul Manast\u0131r\u0131\u2019n\u0131n b\u00f6lgede ad\u0131ndan s\u0131k\u00e7a bahsedilecek\u201d\u00a0dedi. [&hellip;]\" \/>\n<meta property=\"og:url\" content=\"https:\/\/akunq.net\/tr\/?p=60408\" \/>\n<meta property=\"og:site_name\" content=\"Bati Ermenistan Ve Bati Ermenileri Sorunlari Ara\u015ftirmalar Merkezi\" \/>\n<meta property=\"article:published_time\" content=\"2020-12-02T10:02:17+00:00\" \/>\n<meta property=\"og:image\" content=\"https:\/\/akunq.net\/tr\/wp-content\/uploads\/sites\/6\/2020\/12\/Trabzon.jpeg\" \/>\n\t<meta property=\"og:image:width\" content=\"1536\" \/>\n\t<meta property=\"og:image:height\" content=\"1007\" \/>\n\t<meta property=\"og:image:type\" content=\"image\/jpeg\" \/>\n<meta name=\"author\" content=\"admin\" \/>\n<meta name=\"twitter:card\" content=\"summary_large_image\" \/>\n<meta name=\"twitter:label1\" content=\"Written by\" \/>\n\t<meta name=\"twitter:data1\" content=\"admin\" \/>\n\t<meta name=\"twitter:label2\" content=\"Est. reading time\" \/>\n\t<meta name=\"twitter:data2\" content=\"6 minutes\" \/>\n<script type=\"application\/ld+json\" class=\"yoast-schema-graph\">{\"@context\":\"https:\\\/\\\/schema.org\",\"@graph\":[{\"@type\":\"Article\",\"@id\":\"https:\\\/\\\/akunq.net\\\/tr\\\/?p=60408#article\",\"isPartOf\":{\"@id\":\"https:\\\/\\\/akunq.net\\\/tr\\\/?p=60408\"},\"author\":{\"name\":\"admin\",\"@id\":\"https:\\\/\\\/akunq.net\\\/tr\\\/#\\\/schema\\\/person\\\/096f1d38a12cce57fb855b485ed24c9e\"},\"headline\":\"Trabzon\u2019un yeni \u2018S\u00fcmela\u2019s\u0131 i\u00e7in ad\u0131m at\u0131ld\u0131\",\"datePublished\":\"2020-12-02T10:02:17+00:00\",\"mainEntityOfPage\":{\"@id\":\"https:\\\/\\\/akunq.net\\\/tr\\\/?p=60408\"},\"wordCount\":1157,\"commentCount\":0,\"image\":{\"@id\":\"https:\\\/\\\/akunq.net\\\/tr\\\/?p=60408#primaryimage\"},\"thumbnailUrl\":\"https:\\\/\\\/akunq.net\\\/tr\\\/wp-content\\\/uploads\\\/sites\\\/6\\\/2020\\\/12\\\/Trabzon.jpeg\",\"articleSection\":[\"Haberler\"],\"inLanguage\":\"en-US\",\"potentialAction\":[{\"@type\":\"CommentAction\",\"name\":\"Comment\",\"target\":[\"https:\\\/\\\/akunq.net\\\/tr\\\/?p=60408#respond\"]}]},{\"@type\":\"WebPage\",\"@id\":\"https:\\\/\\\/akunq.net\\\/tr\\\/?p=60408\",\"url\":\"https:\\\/\\\/akunq.net\\\/tr\\\/?p=60408\",\"name\":\"Trabzon\u2019un yeni \u2018S\u00fcmela\u2019s\u0131 i\u00e7in ad\u0131m at\u0131ld\u0131 - Bati Ermenistan Ve Bati Ermenileri Sorunlari Ara\u015ftirmalar Merkezi\",\"isPartOf\":{\"@id\":\"https:\\\/\\\/akunq.net\\\/tr\\\/#website\"},\"primaryImageOfPage\":{\"@id\":\"https:\\\/\\\/akunq.net\\\/tr\\\/?p=60408#primaryimage\"},\"image\":{\"@id\":\"https:\\\/\\\/akunq.net\\\/tr\\\/?p=60408#primaryimage\"},\"thumbnailUrl\":\"https:\\\/\\\/akunq.net\\\/tr\\\/wp-content\\\/uploads\\\/sites\\\/6\\\/2020\\\/12\\\/Trabzon.jpeg\",\"datePublished\":\"2020-12-02T10:02:17+00:00\",\"author\":{\"@id\":\"https:\\\/\\\/akunq.net\\\/tr\\\/#\\\/schema\\\/person\\\/096f1d38a12cce57fb855b485ed24c9e\"},\"breadcrumb\":{\"@id\":\"https:\\\/\\\/akunq.net\\\/tr\\\/?p=60408#breadcrumb\"},\"inLanguage\":\"en-US\",\"potentialAction\":[{\"@type\":\"ReadAction\",\"target\":[\"https:\\\/\\\/akunq.net\\\/tr\\\/?p=60408\"]}]},{\"@type\":\"ImageObject\",\"inLanguage\":\"en-US\",\"@id\":\"https:\\\/\\\/akunq.net\\\/tr\\\/?p=60408#primaryimage\",\"url\":\"https:\\\/\\\/akunq.net\\\/tr\\\/wp-content\\\/uploads\\\/sites\\\/6\\\/2020\\\/12\\\/Trabzon.jpeg\",\"contentUrl\":\"https:\\\/\\\/akunq.net\\\/tr\\\/wp-content\\\/uploads\\\/sites\\\/6\\\/2020\\\/12\\\/Trabzon.jpeg\",\"width\":1536,\"height\":1007},{\"@type\":\"BreadcrumbList\",\"@id\":\"https:\\\/\\\/akunq.net\\\/tr\\\/?p=60408#breadcrumb\",\"itemListElement\":[{\"@type\":\"ListItem\",\"position\":1,\"name\":\"Home\",\"item\":\"https:\\\/\\\/akunq.net\\\/tr\"},{\"@type\":\"ListItem\",\"position\":2,\"name\":\"Trabzon\u2019un yeni \u2018S\u00fcmela\u2019s\u0131 i\u00e7in ad\u0131m at\u0131ld\u0131\"}]},{\"@type\":\"WebSite\",\"@id\":\"https:\\\/\\\/akunq.net\\\/tr\\\/#website\",\"url\":\"https:\\\/\\\/akunq.net\\\/tr\\\/\",\"name\":\"Bati Ermenistan Ve Bati Ermenileri Sorunlari Ara\u015ftirmalar Merkezi\",\"description\":\"\",\"potentialAction\":[{\"@type\":\"SearchAction\",\"target\":{\"@type\":\"EntryPoint\",\"urlTemplate\":\"https:\\\/\\\/akunq.net\\\/tr\\\/?s={search_term_string}\"},\"query-input\":{\"@type\":\"PropertyValueSpecification\",\"valueRequired\":true,\"valueName\":\"search_term_string\"}}],\"inLanguage\":\"en-US\"},{\"@type\":\"Person\",\"@id\":\"https:\\\/\\\/akunq.net\\\/tr\\\/#\\\/schema\\\/person\\\/096f1d38a12cce57fb855b485ed24c9e\",\"name\":\"admin\",\"url\":\"https:\\\/\\\/akunq.net\\\/tr\\\/?author=7\"}]}<\/script>\n<!-- \/ Yoast SEO plugin. -->","yoast_head_json":{"title":"Trabzon\u2019un yeni \u2018S\u00fcmela\u2019s\u0131 i\u00e7in ad\u0131m at\u0131ld\u0131 - Bati Ermenistan Ve Bati Ermenileri Sorunlari Ara\u015ftirmalar Merkezi","robots":{"index":"index","follow":"follow","max-snippet":"max-snippet:-1","max-image-preview":"max-image-preview:large","max-video-preview":"max-video-preview:-1"},"canonical":"https:\/\/akunq.net\/tr\/?p=60408","og_locale":"en_US","og_type":"article","og_title":"Trabzon\u2019un yeni \u2018S\u00fcmela\u2019s\u0131 i\u00e7in ad\u0131m at\u0131ld\u0131 - Bati Ermenistan Ve Bati Ermenileri Sorunlari Ara\u015ftirmalar Merkezi","og_description":"Trabzon\u2019un Ma\u00e7ka il\u00e7esinde, vadiye hakim sarp kayal\u0131k \u00fczerine 8\u2019inci y\u00fczy\u0131lda yap\u0131ld\u0131\u011f\u0131 tahmin edilen Ku\u015ftul Manast\u0131r\u0131, 1200\u2019l\u00fc y\u0131llarda ya\u011fmalanmas\u0131na ra\u011fmen\u00a0geri kalan tarihi kal\u0131nt\u0131lar\u0131 ve ihti\u015fam\u0131 ile\u00a0g\u00f6renleri etkiliyor. \u2018Trabzon\u2019un yeni S\u00fcmela\u2019s\u0131\u2019 olarak adland\u0131r\u0131l\u0131p, zorlu patika yollardan ula\u015f\u0131lan manast\u0131r,\u00a0ba\u015flat\u0131lan \u00e7evre d\u00fczenlemesi ve yol iyile\u015ftirme \u00e7al\u0131\u015fmas\u0131yla turizme kazand\u0131r\u0131lacak. Ma\u00e7ka Belediye Ba\u015fkan\u0131 Koray Ko\u00e7han, \u201cKu\u015ftul Manast\u0131r\u0131\u2019n\u0131n b\u00f6lgede ad\u0131ndan s\u0131k\u00e7a bahsedilecek\u201d\u00a0dedi. [&hellip;]","og_url":"https:\/\/akunq.net\/tr\/?p=60408","og_site_name":"Bati Ermenistan Ve Bati Ermenileri Sorunlari Ara\u015ftirmalar Merkezi","article_published_time":"2020-12-02T10:02:17+00:00","og_image":[{"width":1536,"height":1007,"url":"https:\/\/akunq.net\/tr\/wp-content\/uploads\/sites\/6\/2020\/12\/Trabzon.jpeg","type":"image\/jpeg"}],"author":"admin","twitter_card":"summary_large_image","twitter_misc":{"Written by":"admin","Est. reading time":"6 minutes"},"schema":{"@context":"https:\/\/schema.org","@graph":[{"@type":"Article","@id":"https:\/\/akunq.net\/tr\/?p=60408#article","isPartOf":{"@id":"https:\/\/akunq.net\/tr\/?p=60408"},"author":{"name":"admin","@id":"https:\/\/akunq.net\/tr\/#\/schema\/person\/096f1d38a12cce57fb855b485ed24c9e"},"headline":"Trabzon\u2019un yeni \u2018S\u00fcmela\u2019s\u0131 i\u00e7in ad\u0131m at\u0131ld\u0131","datePublished":"2020-12-02T10:02:17+00:00","mainEntityOfPage":{"@id":"https:\/\/akunq.net\/tr\/?p=60408"},"wordCount":1157,"commentCount":0,"image":{"@id":"https:\/\/akunq.net\/tr\/?p=60408#primaryimage"},"thumbnailUrl":"https:\/\/akunq.net\/tr\/wp-content\/uploads\/sites\/6\/2020\/12\/Trabzon.jpeg","articleSection":["Haberler"],"inLanguage":"en-US","potentialAction":[{"@type":"CommentAction","name":"Comment","target":["https:\/\/akunq.net\/tr\/?p=60408#respond"]}]},{"@type":"WebPage","@id":"https:\/\/akunq.net\/tr\/?p=60408","url":"https:\/\/akunq.net\/tr\/?p=60408","name":"Trabzon\u2019un yeni \u2018S\u00fcmela\u2019s\u0131 i\u00e7in ad\u0131m at\u0131ld\u0131 - Bati Ermenistan Ve Bati Ermenileri Sorunlari Ara\u015ftirmalar Merkezi","isPartOf":{"@id":"https:\/\/akunq.net\/tr\/#website"},"primaryImageOfPage":{"@id":"https:\/\/akunq.net\/tr\/?p=60408#primaryimage"},"image":{"@id":"https:\/\/akunq.net\/tr\/?p=60408#primaryimage"},"thumbnailUrl":"https:\/\/akunq.net\/tr\/wp-content\/uploads\/sites\/6\/2020\/12\/Trabzon.jpeg","datePublished":"2020-12-02T10:02:17+00:00","author":{"@id":"https:\/\/akunq.net\/tr\/#\/schema\/person\/096f1d38a12cce57fb855b485ed24c9e"},"breadcrumb":{"@id":"https:\/\/akunq.net\/tr\/?p=60408#breadcrumb"},"inLanguage":"en-US","potentialAction":[{"@type":"ReadAction","target":["https:\/\/akunq.net\/tr\/?p=60408"]}]},{"@type":"ImageObject","inLanguage":"en-US","@id":"https:\/\/akunq.net\/tr\/?p=60408#primaryimage","url":"https:\/\/akunq.net\/tr\/wp-content\/uploads\/sites\/6\/2020\/12\/Trabzon.jpeg","contentUrl":"https:\/\/akunq.net\/tr\/wp-content\/uploads\/sites\/6\/2020\/12\/Trabzon.jpeg","width":1536,"height":1007},{"@type":"BreadcrumbList","@id":"https:\/\/akunq.net\/tr\/?p=60408#breadcrumb","itemListElement":[{"@type":"ListItem","position":1,"name":"Home","item":"https:\/\/akunq.net\/tr"},{"@type":"ListItem","position":2,"name":"Trabzon\u2019un yeni \u2018S\u00fcmela\u2019s\u0131 i\u00e7in ad\u0131m at\u0131ld\u0131"}]},{"@type":"WebSite","@id":"https:\/\/akunq.net\/tr\/#website","url":"https:\/\/akunq.net\/tr\/","name":"Bati Ermenistan Ve Bati Ermenileri Sorunlari Ara\u015ftirmalar Merkezi","description":"","potentialAction":[{"@type":"SearchAction","target":{"@type":"EntryPoint","urlTemplate":"https:\/\/akunq.net\/tr\/?s={search_term_string}"},"query-input":{"@type":"PropertyValueSpecification","valueRequired":true,"valueName":"search_term_string"}}],"inLanguage":"en-US"},{"@type":"Person","@id":"https:\/\/akunq.net\/tr\/#\/schema\/person\/096f1d38a12cce57fb855b485ed24c9e","name":"admin","url":"https:\/\/akunq.net\/tr\/?author=7"}]}},"_links":{"self":[{"href":"https:\/\/akunq.net\/tr\/index.php?rest_route=\/wp\/v2\/posts\/60408","targetHints":{"allow":["GET"]}}],"collection":[{"href":"https:\/\/akunq.net\/tr\/index.php?rest_route=\/wp\/v2\/posts"}],"about":[{"href":"https:\/\/akunq.net\/tr\/index.php?rest_route=\/wp\/v2\/types\/post"}],"author":[{"embeddable":true,"href":"https:\/\/akunq.net\/tr\/index.php?rest_route=\/wp\/v2\/users\/7"}],"replies":[{"embeddable":true,"href":"https:\/\/akunq.net\/tr\/index.php?rest_route=%2Fwp%2Fv2%2Fcomments&post=60408"}],"version-history":[{"count":1,"href":"https:\/\/akunq.net\/tr\/index.php?rest_route=\/wp\/v2\/posts\/60408\/revisions"}],"predecessor-version":[{"id":60410,"href":"https:\/\/akunq.net\/tr\/index.php?rest_route=\/wp\/v2\/posts\/60408\/revisions\/60410"}],"wp:featuredmedia":[{"embeddable":true,"href":"https:\/\/akunq.net\/tr\/index.php?rest_route=\/wp\/v2\/media\/60409"}],"wp:attachment":[{"href":"https:\/\/akunq.net\/tr\/index.php?rest_route=%2Fwp%2Fv2%2Fmedia&parent=60408"}],"wp:term":[{"taxonomy":"category","embeddable":true,"href":"https:\/\/akunq.net\/tr\/index.php?rest_route=%2Fwp%2Fv2%2Fcategories&post=60408"},{"taxonomy":"post_tag","embeddable":true,"href":"https:\/\/akunq.net\/tr\/index.php?rest_route=%2Fwp%2Fv2%2Ftags&post=60408"}],"curies":[{"name":"wp","href":"https:\/\/api.w.org\/{rel}","templated":true}]}}