{"id":60393,"date":"2020-12-01T04:32:55","date_gmt":"2020-12-01T09:32:55","guid":{"rendered":"https:\/\/akunq.net\/tr\/?p=60393"},"modified":"2020-12-01T04:32:55","modified_gmt":"2020-12-01T09:32:55","slug":"azinlik-temsilcileri-dolmabahcedeydi","status":"publish","type":"post","link":"https:\/\/akunq.net\/tr\/?p=60393","title":{"rendered":"Az\u0131nl\u0131k temsilcileri Dolmabah\u00e7e\u00b4deydi"},"content":{"rendered":"<p><img loading=\"lazy\" decoding=\"async\" class=\"aligncenter size-medium wp-image-60394\" src=\"https:\/\/akunq.net\/tr\/wp-content\/uploads\/2020\/12\/Az\u0131nl\u0131k-temsilcileri-360x203.jpg\" alt=\"\" width=\"360\" height=\"203\" srcset=\"https:\/\/akunq.net\/tr\/wp-content\/uploads\/sites\/6\/2020\/12\/Az\u0131nl\u0131k-temsilcileri-360x203.jpg 360w, https:\/\/akunq.net\/tr\/wp-content\/uploads\/sites\/6\/2020\/12\/Az\u0131nl\u0131k-temsilcileri-768x432.jpg 768w, https:\/\/akunq.net\/tr\/wp-content\/uploads\/sites\/6\/2020\/12\/Az\u0131nl\u0131k-temsilcileri-560x315.jpg 560w, https:\/\/akunq.net\/tr\/wp-content\/uploads\/sites\/6\/2020\/12\/Az\u0131nl\u0131k-temsilcileri-260x146.jpg 260w, https:\/\/akunq.net\/tr\/wp-content\/uploads\/sites\/6\/2020\/12\/Az\u0131nl\u0131k-temsilcileri-160x90.jpg 160w, https:\/\/akunq.net\/tr\/wp-content\/uploads\/sites\/6\/2020\/12\/Az\u0131nl\u0131k-temsilcileri.jpg 864w\" sizes=\"auto, (max-width: 360px) 100vw, 360px\" \/><\/p>\n<p><em><strong>Adalet Bakan\u0131 Abdulhamit G\u00fcl ve Cumhurba\u015fkanl\u0131\u011f\u0131 S\u00f6zc\u00fcs\u00fc \u0130brahim Kal\u0131n, az\u0131nl\u0131k cemaatlerinin ruhani liderleri ve vak\u0131f temsilcileriyle bir araya geldi.<\/strong><\/em><\/p>\n<p>Cumhurba\u015fkanl\u0131\u011f\u0131 Dolmabah\u00e7e Ofisi\u2019ndeki toplant\u0131ya, Fener Rum Patri\u011fi Bartholomeos, T\u00fcrkiye Yahudileri Hahamba\u015f\u0131s\u0131 Rav \u0130sak Haleva, T\u00fcrkiye Ermenileri 85. Patri\u011fi Sahak Ma\u015falyan, \u0130stanbul-Ankara S\u00fcryani Kadim Kilisesi Metropoliti \u2018Mor Fil\u00fcksinos\u2019 Yusuf \u00c7etin\u2019in de aralar\u0131nda bulundu\u011fu az\u0131nl\u0131k cemaatleri ruhani liderleri ve vak\u0131f temsilcileri kat\u0131ld\u0131.<\/p>\n<p>G\u00fcl ve Kal\u0131n, yakla\u015f\u0131k 3 saat s\u00fcren toplant\u0131n\u0131n ard\u0131ndan gazetecilere a\u00e7\u0131klama yapt\u0131. Adalet Bakan\u0131 G\u00fcl, az\u0131nl\u0131k cemaati temsilcileriyle \u00f6nemli, verimli ve ba\u015far\u0131l\u0131 bir isti\u015fare toplant\u0131s\u0131 yap\u0131ld\u0131\u011f\u0131n\u0131 dile getirerek, 18 y\u0131ld\u0131r AK Parti h\u00fck\u00fcmetleri d\u00f6neminde Cumhurba\u015fkan\u0131 Recep Tayyip Erdo\u011fan liderli\u011finde \u00f6nemli ad\u0131mlar at\u0131ld\u0131\u011f\u0131n\u0131n ifade edildi\u011fini aktard\u0131. \u201cBug\u00fcn yine m\u00fclkiyet hakk\u0131na y\u00f6nelik, e\u011fitim hakk\u0131na y\u00f6nelik, \u00f6rg\u00fctlenme hakk\u0131na y\u00f6nelik ne gibi ilave uygulama ya da mevzuatta \u00f6neriler var, beklentiler var, bunlar\u0131 da hep beraber de\u011ferlendirdi\u011fimiz g\u00fczel, verimli bir toplant\u0131 oldu\u201d diye konu\u015ftu. G\u00fcl, \u015fu s\u00f6zleri kaydetti:<\/p>\n<p>\u201cD\u00fcn oldu\u011fu gibi bug\u00fcn ve yar\u0131n da bunlar\u0131 art\u0131r\u0131c\u0131 t\u00fcm ad\u0131mlar\u0131 ataca\u011f\u0131z. 83 milyon T\u00fcrkiye\u2019de e\u015fit vatanda\u015ft\u0131r, birinci s\u0131n\u0131f vatanda\u015ft\u0131r. \u0130nanc\u0131ndan, d\u00fc\u015f\u00fcncesinden, kimli\u011finden, etnik aidiyetinden dolay\u0131 bir ferdin bile kendisini \u00f6teki d\u00fc\u015f\u00fcnmeyece\u011fi, hissetmeyece\u011fi bir ortam i\u00e7in bu konuda daha at\u0131lacak ne ad\u0131m varsa bunu da d\u00fcn oldu\u011fu gibi bug\u00fcn de yar\u0131n da atmaya, bu reform \u00e7izgisiyle kararl\u0131l\u0131kla devam edece\u011fiz. Her meseleyi konu\u015furuz, t\u00fcm sorunlar\u0131 \u00e7\u00f6zeriz, \u00fclkemizin meselelerini \u00e7\u00f6zerek yolumuza devam ederiz, aslolan 83 milyonun hukukunu korumakt\u0131r. Bu \u00e7er\u00e7evede yine nefret su\u00e7lar\u0131na y\u00f6nelik daha at\u0131lacak hangi ad\u0131mlar var bunlar\u0131 da somut \u015fekilde Cumhurba\u015fkanl\u0131\u011f\u0131 S\u00f6zc\u00fcm\u00fcz \u0130brahim Kal\u0131n\u2019la birlikte \u00e7ok yap\u0131c\u0131 ve \u00e7ok samimi bir ortamda de\u011ferlendirdik. \u00d6n\u00fcm\u00fczdeki d\u00f6nemde ilgili kurumlarla at\u0131lacak ad\u0131mlar\u0131 ataca\u011f\u0131z. T\u00fcrkiye Cumhuriyeti Devleti b\u00fcy\u00fck bir devlettir, az\u0131nl\u0131\u011f\u0131yla ve hangi inanca mensup olursa olsun t\u00fcm vatanda\u015flar\u0131yla, huzuruyla birlik beraberli\u011fiyle g\u00fc\u00e7l\u00fc olmaya devam edecektir. Bu \u00f6zg\u00fcvenle, bu kararl\u0131l\u0131kla t\u00fcm ad\u0131mlar\u0131m\u0131z\u0131 atmaya devam edece\u011fiz.\u201d<\/p>\n<p>Cumhurba\u015fkanl\u0131\u011f\u0131 S\u00f6zc\u00fcs\u00fc \u0130brahim Kal\u0131n ise toplant\u0131yla ilgili a\u00e7\u0131klamas\u0131nda, \u2018\u2018Bu toplant\u0131lar daha \u00f6nce de pek \u00e7ok defa yap\u0131ld\u0131. Daha \u00f6nce devlette hi\u00e7bir \u015fekilde muhatap bulamayan az\u0131nl\u0131k cemaati mensuplar\u0131m\u0131z art\u0131k devletin en \u00fcst makamlar\u0131nda kabul ediliyorlar, muhatap al\u0131n\u0131yorlar. 2008 y\u0131l\u0131nda \u00e7\u0131kan Vak\u0131flar Yasas\u0131 ile de biliyorsunuz tarihi, devrim niteli\u011finde bir de\u011fi\u015fiklik ger\u00e7ekle\u015fmi\u015f ve vak\u0131flar\u0131m\u0131za ait m\u00fclkler kendilerine iade edilmi\u015fti, bu s\u00fcrecin \u00f6n\u00fc a\u00e7\u0131lm\u0131\u015ft\u0131. Bu konular\u0131 ve ge\u00e7ti\u011fimiz 18 y\u0131l i\u00e7inde at\u0131lan ad\u0131mlar\u0131 de\u011ferlendirdik. Bug\u00fcn ve bundan sonra yap\u0131lacaklarla ilgili de \u00f6n\u00fcm\u00fcze \u00e7\u0131kan yeni sorunlar, s\u0131namalar, meydan okumalar nelerdir, bunlar\u0131 birlikte de\u011ferlendirme imk\u00e2n\u0131m\u0131z oldu\u201d ifadelerini kulland\u0131.<\/p>\n<p><em><strong><a href=\"https:\/\/www.salom.com.tr\/haber-116684-azinlik_temsilcileri_dolmabahceacutedeydi.html\">https:\/\/www.salom.com.tr\/haber-116684-azinlik_temsilcileri_dolmabahceacutedeydi.html<\/a><\/strong><\/em><\/p>\n","protected":false},"excerpt":{"rendered":"<p>Adalet Bakan\u0131 Abdulhamit G\u00fcl ve Cumhurba\u015fkanl\u0131\u011f\u0131 S\u00f6zc\u00fcs\u00fc \u0130brahim Kal\u0131n, az\u0131nl\u0131k cemaatlerinin ruhani liderleri ve vak\u0131f temsilcileriyle bir araya geldi. Cumhurba\u015fkanl\u0131\u011f\u0131 Dolmabah\u00e7e Ofisi\u2019ndeki toplant\u0131ya, Fener Rum Patri\u011fi Bartholomeos, T\u00fcrkiye Yahudileri Hahamba\u015f\u0131s\u0131 Rav \u0130sak Haleva, T\u00fcrkiye Ermenileri 85. Patri\u011fi Sahak Ma\u015falyan, \u0130stanbul-Ankara S\u00fcryani Kadim Kilisesi Metropoliti \u2018Mor Fil\u00fcksinos\u2019 Yusuf \u00c7etin\u2019in de aralar\u0131nda bulundu\u011fu az\u0131nl\u0131k cemaatleri ruhani liderleri [&hellip;]<\/p>\n","protected":false},"author":7,"featured_media":60394,"comment_status":"open","ping_status":"open","sticky":false,"template":"","format":"standard","meta":{"footnotes":""},"categories":[1,53],"tags":[],"class_list":["post-60393","post","type-post","status-publish","format-standard","has-post-thumbnail","hentry","category-haberler","category-turkiyede-azinliklar"],"yoast_head":"<!-- This site is optimized with the Yoast SEO plugin v27.4 - https:\/\/yoast.com\/product\/yoast-seo-wordpress\/ -->\n<title>Az\u0131nl\u0131k temsilcileri Dolmabah\u00e7e\u00b4deydi - Bati Ermenistan Ve Bati Ermenileri Sorunlari Ara\u015ftirmalar Merkezi<\/title>\n<meta name=\"robots\" content=\"index, follow, max-snippet:-1, max-image-preview:large, max-video-preview:-1\" \/>\n<link rel=\"canonical\" href=\"https:\/\/akunq.net\/tr\/?p=60393\" \/>\n<meta property=\"og:locale\" content=\"en_US\" \/>\n<meta property=\"og:type\" content=\"article\" \/>\n<meta property=\"og:title\" content=\"Az\u0131nl\u0131k temsilcileri Dolmabah\u00e7e\u00b4deydi - Bati Ermenistan Ve Bati Ermenileri Sorunlari Ara\u015ftirmalar Merkezi\" \/>\n<meta property=\"og:description\" content=\"Adalet Bakan\u0131 Abdulhamit G\u00fcl ve Cumhurba\u015fkanl\u0131\u011f\u0131 S\u00f6zc\u00fcs\u00fc \u0130brahim Kal\u0131n, az\u0131nl\u0131k cemaatlerinin ruhani liderleri ve vak\u0131f temsilcileriyle bir araya geldi. Cumhurba\u015fkanl\u0131\u011f\u0131 Dolmabah\u00e7e Ofisi\u2019ndeki toplant\u0131ya, Fener Rum Patri\u011fi Bartholomeos, T\u00fcrkiye Yahudileri Hahamba\u015f\u0131s\u0131 Rav \u0130sak Haleva, T\u00fcrkiye Ermenileri 85. Patri\u011fi Sahak Ma\u015falyan, \u0130stanbul-Ankara S\u00fcryani Kadim Kilisesi Metropoliti \u2018Mor Fil\u00fcksinos\u2019 Yusuf \u00c7etin\u2019in de aralar\u0131nda bulundu\u011fu az\u0131nl\u0131k cemaatleri ruhani liderleri [&hellip;]\" \/>\n<meta property=\"og:url\" content=\"https:\/\/akunq.net\/tr\/?p=60393\" \/>\n<meta property=\"og:site_name\" content=\"Bati Ermenistan Ve Bati Ermenileri Sorunlari Ara\u015ftirmalar Merkezi\" \/>\n<meta property=\"article:published_time\" content=\"2020-12-01T09:32:55+00:00\" \/>\n<meta property=\"og:image\" content=\"https:\/\/akunq.net\/tr\/wp-content\/uploads\/sites\/6\/2020\/12\/Az\u0131nl\u0131k-temsilcileri.jpg\" \/>\n\t<meta property=\"og:image:width\" content=\"864\" \/>\n\t<meta property=\"og:image:height\" content=\"486\" \/>\n\t<meta property=\"og:image:type\" content=\"image\/jpeg\" \/>\n<meta name=\"author\" content=\"admin\" \/>\n<meta name=\"twitter:card\" content=\"summary_large_image\" \/>\n<meta name=\"twitter:label1\" content=\"Written by\" \/>\n\t<meta name=\"twitter:data1\" content=\"admin\" \/>\n\t<meta name=\"twitter:label2\" content=\"Est. reading time\" \/>\n\t<meta name=\"twitter:data2\" content=\"3 minutes\" \/>\n<script type=\"application\/ld+json\" class=\"yoast-schema-graph\">{\"@context\":\"https:\\\/\\\/schema.org\",\"@graph\":[{\"@type\":\"Article\",\"@id\":\"https:\\\/\\\/akunq.net\\\/tr\\\/?p=60393#article\",\"isPartOf\":{\"@id\":\"https:\\\/\\\/akunq.net\\\/tr\\\/?p=60393\"},\"author\":{\"name\":\"admin\",\"@id\":\"https:\\\/\\\/akunq.net\\\/tr\\\/#\\\/schema\\\/person\\\/096f1d38a12cce57fb855b485ed24c9e\"},\"headline\":\"Az\u0131nl\u0131k temsilcileri Dolmabah\u00e7e\u00b4deydi\",\"datePublished\":\"2020-12-01T09:32:55+00:00\",\"mainEntityOfPage\":{\"@id\":\"https:\\\/\\\/akunq.net\\\/tr\\\/?p=60393\"},\"wordCount\":585,\"commentCount\":0,\"image\":{\"@id\":\"https:\\\/\\\/akunq.net\\\/tr\\\/?p=60393#primaryimage\"},\"thumbnailUrl\":\"https:\\\/\\\/akunq.net\\\/tr\\\/wp-content\\\/uploads\\\/sites\\\/6\\\/2020\\\/12\\\/Az\u0131nl\u0131k-temsilcileri.jpg\",\"articleSection\":[\"Haberler\",\"T\u00fcrkiye\u2019de Az\u0131nl\u0131klar\"],\"inLanguage\":\"en-US\",\"potentialAction\":[{\"@type\":\"CommentAction\",\"name\":\"Comment\",\"target\":[\"https:\\\/\\\/akunq.net\\\/tr\\\/?p=60393#respond\"]}]},{\"@type\":\"WebPage\",\"@id\":\"https:\\\/\\\/akunq.net\\\/tr\\\/?p=60393\",\"url\":\"https:\\\/\\\/akunq.net\\\/tr\\\/?p=60393\",\"name\":\"Az\u0131nl\u0131k temsilcileri Dolmabah\u00e7e\u00b4deydi - Bati Ermenistan Ve Bati Ermenileri Sorunlari Ara\u015ftirmalar Merkezi\",\"isPartOf\":{\"@id\":\"https:\\\/\\\/akunq.net\\\/tr\\\/#website\"},\"primaryImageOfPage\":{\"@id\":\"https:\\\/\\\/akunq.net\\\/tr\\\/?p=60393#primaryimage\"},\"image\":{\"@id\":\"https:\\\/\\\/akunq.net\\\/tr\\\/?p=60393#primaryimage\"},\"thumbnailUrl\":\"https:\\\/\\\/akunq.net\\\/tr\\\/wp-content\\\/uploads\\\/sites\\\/6\\\/2020\\\/12\\\/Az\u0131nl\u0131k-temsilcileri.jpg\",\"datePublished\":\"2020-12-01T09:32:55+00:00\",\"author\":{\"@id\":\"https:\\\/\\\/akunq.net\\\/tr\\\/#\\\/schema\\\/person\\\/096f1d38a12cce57fb855b485ed24c9e\"},\"breadcrumb\":{\"@id\":\"https:\\\/\\\/akunq.net\\\/tr\\\/?p=60393#breadcrumb\"},\"inLanguage\":\"en-US\",\"potentialAction\":[{\"@type\":\"ReadAction\",\"target\":[\"https:\\\/\\\/akunq.net\\\/tr\\\/?p=60393\"]}]},{\"@type\":\"ImageObject\",\"inLanguage\":\"en-US\",\"@id\":\"https:\\\/\\\/akunq.net\\\/tr\\\/?p=60393#primaryimage\",\"url\":\"https:\\\/\\\/akunq.net\\\/tr\\\/wp-content\\\/uploads\\\/sites\\\/6\\\/2020\\\/12\\\/Az\u0131nl\u0131k-temsilcileri.jpg\",\"contentUrl\":\"https:\\\/\\\/akunq.net\\\/tr\\\/wp-content\\\/uploads\\\/sites\\\/6\\\/2020\\\/12\\\/Az\u0131nl\u0131k-temsilcileri.jpg\",\"width\":864,\"height\":486},{\"@type\":\"BreadcrumbList\",\"@id\":\"https:\\\/\\\/akunq.net\\\/tr\\\/?p=60393#breadcrumb\",\"itemListElement\":[{\"@type\":\"ListItem\",\"position\":1,\"name\":\"Home\",\"item\":\"https:\\\/\\\/akunq.net\\\/tr\"},{\"@type\":\"ListItem\",\"position\":2,\"name\":\"Az\u0131nl\u0131k temsilcileri Dolmabah\u00e7e\u00b4deydi\"}]},{\"@type\":\"WebSite\",\"@id\":\"https:\\\/\\\/akunq.net\\\/tr\\\/#website\",\"url\":\"https:\\\/\\\/akunq.net\\\/tr\\\/\",\"name\":\"Bati Ermenistan Ve Bati Ermenileri Sorunlari Ara\u015ftirmalar Merkezi\",\"description\":\"\",\"potentialAction\":[{\"@type\":\"SearchAction\",\"target\":{\"@type\":\"EntryPoint\",\"urlTemplate\":\"https:\\\/\\\/akunq.net\\\/tr\\\/?s={search_term_string}\"},\"query-input\":{\"@type\":\"PropertyValueSpecification\",\"valueRequired\":true,\"valueName\":\"search_term_string\"}}],\"inLanguage\":\"en-US\"},{\"@type\":\"Person\",\"@id\":\"https:\\\/\\\/akunq.net\\\/tr\\\/#\\\/schema\\\/person\\\/096f1d38a12cce57fb855b485ed24c9e\",\"name\":\"admin\",\"url\":\"https:\\\/\\\/akunq.net\\\/tr\\\/?author=7\"}]}<\/script>\n<!-- \/ Yoast SEO plugin. -->","yoast_head_json":{"title":"Az\u0131nl\u0131k temsilcileri Dolmabah\u00e7e\u00b4deydi - Bati Ermenistan Ve Bati Ermenileri Sorunlari Ara\u015ftirmalar Merkezi","robots":{"index":"index","follow":"follow","max-snippet":"max-snippet:-1","max-image-preview":"max-image-preview:large","max-video-preview":"max-video-preview:-1"},"canonical":"https:\/\/akunq.net\/tr\/?p=60393","og_locale":"en_US","og_type":"article","og_title":"Az\u0131nl\u0131k temsilcileri Dolmabah\u00e7e\u00b4deydi - Bati Ermenistan Ve Bati Ermenileri Sorunlari Ara\u015ftirmalar Merkezi","og_description":"Adalet Bakan\u0131 Abdulhamit G\u00fcl ve Cumhurba\u015fkanl\u0131\u011f\u0131 S\u00f6zc\u00fcs\u00fc \u0130brahim Kal\u0131n, az\u0131nl\u0131k cemaatlerinin ruhani liderleri ve vak\u0131f temsilcileriyle bir araya geldi. Cumhurba\u015fkanl\u0131\u011f\u0131 Dolmabah\u00e7e Ofisi\u2019ndeki toplant\u0131ya, Fener Rum Patri\u011fi Bartholomeos, T\u00fcrkiye Yahudileri Hahamba\u015f\u0131s\u0131 Rav \u0130sak Haleva, T\u00fcrkiye Ermenileri 85. Patri\u011fi Sahak Ma\u015falyan, \u0130stanbul-Ankara S\u00fcryani Kadim Kilisesi Metropoliti \u2018Mor Fil\u00fcksinos\u2019 Yusuf \u00c7etin\u2019in de aralar\u0131nda bulundu\u011fu az\u0131nl\u0131k cemaatleri ruhani liderleri [&hellip;]","og_url":"https:\/\/akunq.net\/tr\/?p=60393","og_site_name":"Bati Ermenistan Ve Bati Ermenileri Sorunlari Ara\u015ftirmalar Merkezi","article_published_time":"2020-12-01T09:32:55+00:00","og_image":[{"width":864,"height":486,"url":"https:\/\/akunq.net\/tr\/wp-content\/uploads\/sites\/6\/2020\/12\/Az\u0131nl\u0131k-temsilcileri.jpg","type":"image\/jpeg"}],"author":"admin","twitter_card":"summary_large_image","twitter_misc":{"Written by":"admin","Est. reading time":"3 minutes"},"schema":{"@context":"https:\/\/schema.org","@graph":[{"@type":"Article","@id":"https:\/\/akunq.net\/tr\/?p=60393#article","isPartOf":{"@id":"https:\/\/akunq.net\/tr\/?p=60393"},"author":{"name":"admin","@id":"https:\/\/akunq.net\/tr\/#\/schema\/person\/096f1d38a12cce57fb855b485ed24c9e"},"headline":"Az\u0131nl\u0131k temsilcileri Dolmabah\u00e7e\u00b4deydi","datePublished":"2020-12-01T09:32:55+00:00","mainEntityOfPage":{"@id":"https:\/\/akunq.net\/tr\/?p=60393"},"wordCount":585,"commentCount":0,"image":{"@id":"https:\/\/akunq.net\/tr\/?p=60393#primaryimage"},"thumbnailUrl":"https:\/\/akunq.net\/tr\/wp-content\/uploads\/sites\/6\/2020\/12\/Az\u0131nl\u0131k-temsilcileri.jpg","articleSection":["Haberler","T\u00fcrkiye\u2019de Az\u0131nl\u0131klar"],"inLanguage":"en-US","potentialAction":[{"@type":"CommentAction","name":"Comment","target":["https:\/\/akunq.net\/tr\/?p=60393#respond"]}]},{"@type":"WebPage","@id":"https:\/\/akunq.net\/tr\/?p=60393","url":"https:\/\/akunq.net\/tr\/?p=60393","name":"Az\u0131nl\u0131k temsilcileri Dolmabah\u00e7e\u00b4deydi - Bati Ermenistan Ve Bati Ermenileri Sorunlari Ara\u015ftirmalar Merkezi","isPartOf":{"@id":"https:\/\/akunq.net\/tr\/#website"},"primaryImageOfPage":{"@id":"https:\/\/akunq.net\/tr\/?p=60393#primaryimage"},"image":{"@id":"https:\/\/akunq.net\/tr\/?p=60393#primaryimage"},"thumbnailUrl":"https:\/\/akunq.net\/tr\/wp-content\/uploads\/sites\/6\/2020\/12\/Az\u0131nl\u0131k-temsilcileri.jpg","datePublished":"2020-12-01T09:32:55+00:00","author":{"@id":"https:\/\/akunq.net\/tr\/#\/schema\/person\/096f1d38a12cce57fb855b485ed24c9e"},"breadcrumb":{"@id":"https:\/\/akunq.net\/tr\/?p=60393#breadcrumb"},"inLanguage":"en-US","potentialAction":[{"@type":"ReadAction","target":["https:\/\/akunq.net\/tr\/?p=60393"]}]},{"@type":"ImageObject","inLanguage":"en-US","@id":"https:\/\/akunq.net\/tr\/?p=60393#primaryimage","url":"https:\/\/akunq.net\/tr\/wp-content\/uploads\/sites\/6\/2020\/12\/Az\u0131nl\u0131k-temsilcileri.jpg","contentUrl":"https:\/\/akunq.net\/tr\/wp-content\/uploads\/sites\/6\/2020\/12\/Az\u0131nl\u0131k-temsilcileri.jpg","width":864,"height":486},{"@type":"BreadcrumbList","@id":"https:\/\/akunq.net\/tr\/?p=60393#breadcrumb","itemListElement":[{"@type":"ListItem","position":1,"name":"Home","item":"https:\/\/akunq.net\/tr"},{"@type":"ListItem","position":2,"name":"Az\u0131nl\u0131k temsilcileri Dolmabah\u00e7e\u00b4deydi"}]},{"@type":"WebSite","@id":"https:\/\/akunq.net\/tr\/#website","url":"https:\/\/akunq.net\/tr\/","name":"Bati Ermenistan Ve Bati Ermenileri Sorunlari Ara\u015ftirmalar Merkezi","description":"","potentialAction":[{"@type":"SearchAction","target":{"@type":"EntryPoint","urlTemplate":"https:\/\/akunq.net\/tr\/?s={search_term_string}"},"query-input":{"@type":"PropertyValueSpecification","valueRequired":true,"valueName":"search_term_string"}}],"inLanguage":"en-US"},{"@type":"Person","@id":"https:\/\/akunq.net\/tr\/#\/schema\/person\/096f1d38a12cce57fb855b485ed24c9e","name":"admin","url":"https:\/\/akunq.net\/tr\/?author=7"}]}},"_links":{"self":[{"href":"https:\/\/akunq.net\/tr\/index.php?rest_route=\/wp\/v2\/posts\/60393","targetHints":{"allow":["GET"]}}],"collection":[{"href":"https:\/\/akunq.net\/tr\/index.php?rest_route=\/wp\/v2\/posts"}],"about":[{"href":"https:\/\/akunq.net\/tr\/index.php?rest_route=\/wp\/v2\/types\/post"}],"author":[{"embeddable":true,"href":"https:\/\/akunq.net\/tr\/index.php?rest_route=\/wp\/v2\/users\/7"}],"replies":[{"embeddable":true,"href":"https:\/\/akunq.net\/tr\/index.php?rest_route=%2Fwp%2Fv2%2Fcomments&post=60393"}],"version-history":[{"count":1,"href":"https:\/\/akunq.net\/tr\/index.php?rest_route=\/wp\/v2\/posts\/60393\/revisions"}],"predecessor-version":[{"id":60395,"href":"https:\/\/akunq.net\/tr\/index.php?rest_route=\/wp\/v2\/posts\/60393\/revisions\/60395"}],"wp:featuredmedia":[{"embeddable":true,"href":"https:\/\/akunq.net\/tr\/index.php?rest_route=\/wp\/v2\/media\/60394"}],"wp:attachment":[{"href":"https:\/\/akunq.net\/tr\/index.php?rest_route=%2Fwp%2Fv2%2Fmedia&parent=60393"}],"wp:term":[{"taxonomy":"category","embeddable":true,"href":"https:\/\/akunq.net\/tr\/index.php?rest_route=%2Fwp%2Fv2%2Fcategories&post=60393"},{"taxonomy":"post_tag","embeddable":true,"href":"https:\/\/akunq.net\/tr\/index.php?rest_route=%2Fwp%2Fv2%2Ftags&post=60393"}],"curies":[{"name":"wp","href":"https:\/\/api.w.org\/{rel}","templated":true}]}}