{"id":60387,"date":"2020-12-01T04:18:13","date_gmt":"2020-12-01T09:18:13","guid":{"rendered":"https:\/\/akunq.net\/tr\/?p=60387"},"modified":"2020-12-01T04:18:13","modified_gmt":"2020-12-01T09:18:13","slug":"yunanistan-bae-savunma-anlasmasi-turkiyeye-karsi-caydirici-olabilir-mi","status":"publish","type":"post","link":"https:\/\/akunq.net\/tr\/?p=60387","title":{"rendered":"Yunanistan-BAE savunma anla\u015fmas\u0131, T\u00fcrkiye\u2019ye kar\u015f\u0131 cayd\u0131r\u0131c\u0131 olabilir mi?"},"content":{"rendered":"<div class=\"field field--name-field-lp-paragraphs field--type-entity-reference-revisions field--label-hidden field--items\">\n<div class=\"field--item\">\n<div class=\"paragraph paragraph--type--bp-simple paragraph--view-mode--default\">\n<div class=\"field field--name-bp-text field--type-text-long field--label-hidden field--item\">\n<p><img loading=\"lazy\" decoding=\"async\" class=\"aligncenter size-medium wp-image-60388\" src=\"https:\/\/akunq.net\/tr\/wp-content\/uploads\/2020\/12\/\u0545\u0578\u0582\u0576\u0561\u057d\u057f\u0561\u0576-\u0535\u0582-\u0531\u0580\u0561\u0562\u0561\u056f\u0561\u0576-\u0544\u056b\u0561\u0581\u0565\u0561\u056c-\u0537\u0574\u056b\u0580\u0578\u0582\u0569\u056b\u0582\u0576\u0576\u0565\u0580-360x239.jpg\" alt=\"\" width=\"360\" height=\"239\" srcset=\"https:\/\/akunq.net\/tr\/wp-content\/uploads\/sites\/6\/2020\/12\/\u0545\u0578\u0582\u0576\u0561\u057d\u057f\u0561\u0576-\u0535\u0582-\u0531\u0580\u0561\u0562\u0561\u056f\u0561\u0576-\u0544\u056b\u0561\u0581\u0565\u0561\u056c-\u0537\u0574\u056b\u0580\u0578\u0582\u0569\u056b\u0582\u0576\u0576\u0565\u0580-360x239.jpg 360w, https:\/\/akunq.net\/tr\/wp-content\/uploads\/sites\/6\/2020\/12\/\u0545\u0578\u0582\u0576\u0561\u057d\u057f\u0561\u0576-\u0535\u0582-\u0531\u0580\u0561\u0562\u0561\u056f\u0561\u0576-\u0544\u056b\u0561\u0581\u0565\u0561\u056c-\u0537\u0574\u056b\u0580\u0578\u0582\u0569\u056b\u0582\u0576\u0576\u0565\u0580-768x510.jpg 768w, https:\/\/akunq.net\/tr\/wp-content\/uploads\/sites\/6\/2020\/12\/\u0545\u0578\u0582\u0576\u0561\u057d\u057f\u0561\u0576-\u0535\u0582-\u0531\u0580\u0561\u0562\u0561\u056f\u0561\u0576-\u0544\u056b\u0561\u0581\u0565\u0561\u056c-\u0537\u0574\u056b\u0580\u0578\u0582\u0569\u056b\u0582\u0576\u0576\u0565\u0580-560x372.jpg 560w, https:\/\/akunq.net\/tr\/wp-content\/uploads\/sites\/6\/2020\/12\/\u0545\u0578\u0582\u0576\u0561\u057d\u057f\u0561\u0576-\u0535\u0582-\u0531\u0580\u0561\u0562\u0561\u056f\u0561\u0576-\u0544\u056b\u0561\u0581\u0565\u0561\u056c-\u0537\u0574\u056b\u0580\u0578\u0582\u0569\u056b\u0582\u0576\u0576\u0565\u0580-260x173.jpg 260w, https:\/\/akunq.net\/tr\/wp-content\/uploads\/sites\/6\/2020\/12\/\u0545\u0578\u0582\u0576\u0561\u057d\u057f\u0561\u0576-\u0535\u0582-\u0531\u0580\u0561\u0562\u0561\u056f\u0561\u0576-\u0544\u056b\u0561\u0581\u0565\u0561\u056c-\u0537\u0574\u056b\u0580\u0578\u0582\u0569\u056b\u0582\u0576\u0576\u0565\u0580-160x106.jpg 160w, https:\/\/akunq.net\/tr\/wp-content\/uploads\/sites\/6\/2020\/12\/\u0545\u0578\u0582\u0576\u0561\u057d\u057f\u0561\u0576-\u0535\u0582-\u0531\u0580\u0561\u0562\u0561\u056f\u0561\u0576-\u0544\u056b\u0561\u0581\u0565\u0561\u056c-\u0537\u0574\u056b\u0580\u0578\u0582\u0569\u056b\u0582\u0576\u0576\u0565\u0580.jpg 800w\" sizes=\"auto, (max-width: 360px) 100vw, 360px\" \/><\/p>\n<p><strong>Paul Iddon<\/strong><\/p>\n<p><em><strong>Yunanistan ve Birle\u015fik Arap Emirlikleri, T\u00fcrkiye\u2019ye muhalefetleri g\u00f6z \u00f6n\u00fcne al\u0131nd\u0131\u011f\u0131nda Ankara\u00a0 i\u00e7in stratejik sonu\u00e7lar do\u011furabilecek bir savunma anla\u015fmas\u0131 imzalad\u0131lar. BAE Veliaht Prensi Muhammed bin Zayed\u2019e (MbZ)\u00a0 g\u00f6re bu stratejik ortakl\u0131k, iki \u00fclke aras\u0131ndaki &#8220;siyasi, ekonomik ve k\u00fclt\u00fcrel i\u015fbirli\u011fini geli\u015ftirmeyi&#8221; hedefliyor. Askeri olarak da, bir \u00fclkenin toprak b\u00fct\u00fcnl\u00fc\u011f\u00fc tehdit alt\u0131na girdi\u011finde di\u011ferinin yard\u0131m\u0131na ko\u015fmas\u0131 dikkat \u00e7ekiyor.<\/strong><\/em><\/p>\n<p>Yunanistan, T\u00fcrkiye\u2019nin K\u0131br\u0131s\u2019\u0131n m\u00fcnhas\u0131r ekonomik b\u00f6lgesi (MEB) i\u00e7inde do\u011fal gaz sondaj\u0131 yapmas\u0131na, Libya ile geni\u015f \u00e7apl\u0131 bir MEB anla\u015fmas\u0131 yapmas\u0131na ve Ege Denizi\u2019ndeki tart\u0131\u015fmal\u0131 sularda sondaj giri\u015fiminde bulunmas\u0131na \u015fiddetle kar\u015f\u0131 \u00e7\u0131k\u0131yor. Ayn\u0131 \u015fekilde BAE de, T\u00fcrkiye ile b\u00f6lge \u00e7ap\u0131nda bir so\u011fuk sava\u015fa kilitlenmi\u015f durumda ve toprak anla\u015fmazl\u0131klar\u0131nda Yunanistan&#8217;\u0131 destekliyor.<\/p>\n<p>Ortaya \u00e7\u0131kan anla\u015fman\u0131n ne kadar somut hale gelece\u011fi \u015fimdilik belli de\u011fil.<\/p>\n<p>Stratfor&#8217;un Ortado\u011fu ve Kuzey Afrika analisti Ryan Bohl Ahval\u2019e yapt\u0131\u011f\u0131 a\u00e7\u0131klamada, &#8220;\u015eu anda Yunanistan- Emirlikler ba\u011flar\u0131 \u00e7o\u011funlukla sembolik. Her iki taraf i\u00e7in de en somut kazan\u00e7, her ikisinin de ABD&#8217;nin Biden y\u00f6netimiyle yeniden benimsemeye haz\u0131rland\u0131\u011f\u0131 \u00e7ok tarafl\u0131l\u0131\u011f\u0131 kabulleniyor gibi g\u00f6r\u00fcnmesidir&#8221; diyor.<\/p>\n<p>Yine Bohl&#8217;a g\u00f6re, \u201csembolik\u201d de olsa, \u00e7ok tarafl\u0131 bir T\u00fcrkiye kar\u015f\u0131t\u0131 blo\u011fun olu\u015fturulmas\u0131, hem yeni Biden y\u00f6netimine, hem de Avrupa Birli\u011fi&#8217;ne \u201cistikrars\u0131zla\u015ft\u0131r\u0131c\u0131 olarak g\u00f6r\u00fclen T\u00fcrk davran\u0131\u015f\u0131na kar\u015f\u0131 koymaya \u00e7al\u0131\u015fmak i\u00e7in alternatif \u00e7er\u00e7eveler sa\u011flayacakt\u0131r.\u201d<\/p>\n<p>Bohl, &#8220;Ancak, T\u00fcrkiye&#8217;nin bir NATO \u00fcyesi olmas\u0131, bu t\u00fcr anla\u015fmalar\u0131n askeri de\u011ferinin asgari d\u00fczeyde oldu\u011fu anlam\u0131na geliyor&#8221; diyor.<\/p>\n<p>Uluslararas\u0131 Avrupa E\u011fitim Merkezi&#8217;nden k\u0131demli uzman ve Begin Sadat Stratejik Ara\u015ft\u0131rmalar Merkezi&#8217;nde (BESA) uzman\u0131 George Tzogopoulos, Yunanistan d\u0131\u015f politikas\u0131n\u0131n \u201cb\u00f6lgesel akt\u00f6rlerle iyi ili\u015fkiler ve b\u00f6lgesel i\u015fbirli\u011fi d\u00fczenlerine\u201d dayand\u0131\u011f\u0131n\u0131 belirtti.<\/p>\n<p>Ahval\u2019e verdi\u011fi deme\u00e7te Yunanistan, K\u0131br\u0131s, M\u0131s\u0131r, BAE ve Fransa taraf\u0131ndan yay\u0131nlanan ortak bildiriye at\u0131fta bulunan Tzogopoulos, &#8220;Yunan\u00a0 BAE i\u015fbirli\u011fi, \u00f6zellikle BAE&#8217;nin deniz b\u00f6lgelerine ili\u015fkin T\u00fcrk-Libya Mutabakat Muht\u0131ras\u0131n\u0131 (mutabakat zapt\u0131) ele\u015ftirmesi nedeniyle ge\u00e7en y\u0131l geli\u015fti. Ayr\u0131ca, her iki taraf da Libya i\u00e7 sava\u015f\u0131nda General Halife Hafter\u2019i destekledi&#8221; diyor. \u201cGe\u00e7en A\u011fustos ay\u0131nda, Girit hava \u00fcss\u00fcnde Yunan ve Emirlikliklerin F-16 sava\u015f u\u00e7aklar\u0131n\u0131n ortak e\u011fitimi bu dayan\u0131\u015fman\u0131n bir g\u00f6stergesi&#8221; diyen Tzogopoulos, Yunanistan d\u0131\u015f politikas\u0131n\u0131n \u00e7ok boyutlu olmas\u0131n\u0131n olumlu oldu\u011funa inan\u0131rken, bu durumun Yunanistan\u2019\u0131n T\u00fcrkiye ile s\u00fcren denizcilik anla\u015fmazl\u0131klar\u0131n\u0131 \u00e7\u00f6zemeyece\u011fini vurguluyor ve Yunanistan&#8217;\u0131n k\u0131ta sahanl\u0131\u011f\u0131 s\u0131n\u0131rlar\u0131n\u0131 \u00e7izebilmesi i\u00e7in diplomatik giri\u015fimde bulunmas\u0131 gerekti\u011fine inan\u0131yor.<\/p>\n<p>Tzogopoulos, &#8220;Bu soruna bir \u00e7\u00f6z\u00fcm bulunmazsa, Do\u011fu Akdeniz&#8217;de gerginlikler s\u00fcrekli artacakt\u0131r&#8221; diyor ve Ekim ay\u0131ndaki AB Konseyi toplant\u0131s\u0131n\u0131n Yunan-T\u00fcrk diyalo\u011fu ve ke\u015fif m\u00fczakerelerinin yaln\u0131zca deniz b\u00f6lgelerini kapsayaca\u011f\u0131n\u0131 a\u00e7\u0131klad\u0131\u011f\u0131n\u0131 da s\u00f6zlerine ekliyor.<\/p>\n<p>&#8220;Bu y\u00fczden, Atina&#8217;n\u0131n diplomatik geli\u015fmelerden faydalanmas\u0131 ve bu \u015fekilde kendini tan\u0131mlamas\u0131 gerekiyor&#8221; ifadelerini kullanan Tzogopoulos. &#8220;T\u00fcrkiye \u00e7o\u011funluk taraf\u0131ndan belirlenen kurallara uyarsa, Do\u011fu Akdeniz Gaz Forumu bile &#8211; Yunanistan&#8217;\u0131n inisiyatifiyle &#8211; daha kapsay\u0131c\u0131 hale gelebilir&#8221; diyor.<\/p>\n<p>Turkish Defence News b\u00fcnyesinde ba\u011f\u0131ms\u0131z bir ara\u015ft\u0131rma grubu olan Ankara merkezli BlueMelange&#8217;deki uzmanlar, bu son anla\u015fman\u0131n Eyl\u00fcl ay\u0131nda var\u0131lan \u0130srail-Yunanistan-K\u0131br\u0131s \u00fc\u00e7l\u00fc savunma ve g\u00fcvenlik anla\u015fmas\u0131ndan &#8220;\u00e7ok daha karma\u015f\u0131k&#8221; oldu\u011funa inan\u0131yor.<\/p>\n<p>Ahval&#8217;e a\u00e7\u0131klamalar\u0131nda, &#8220;Analizimize g\u00f6re, bu anla\u015fma \u00f6n\u00fcm\u00fczdeki y\u0131l baz\u0131 \u00f6nemli silah sat\u0131\u015f ve al\u0131m s\u00f6zle\u015fmelerinin yolunu a\u00e7abilir&#8221; diyorlar.<\/p>\n<p>Yunanistan \u015fu anda askeri varl\u0131\u011f\u0131n\u0131, \u00f6zellikle de sava\u015f gemilerini ve eski sava\u015f u\u00e7aklar\u0131n\u0131 geli\u015ftirmeye \u00e7al\u0131\u015f\u0131yor. BlueMelange, BAE&#8217;nin bu teknolojik d\u00fczeylerini y\u00fckseltmelerden baz\u0131lar\u0131na sponsor olmas\u0131n\u0131 bekliyor.<\/p>\n<p>Lockheed Martin, Yunan Hava Kuvvetleri b\u00fcnyesindeki F-16 filosunun \u00e7o\u011funu \u015fimdiden modernize ediyor. Lockheed&#8217;e g\u00f6re, bu modernizasyonlar tamamland\u0131\u011f\u0131nda Yunanistan, Avrupa&#8217;n\u0131n en geli\u015fmi\u015f F-16&#8217;lar\u0131na sahip olacak. ABD Kongresi, 2018 ortas\u0131ndan bu yana T\u00fcrkiye\u2019nin F-16 filosunu yenilemesini engelliyor.<\/p>\n<p>Yunanistan ayr\u0131ca ilave geli\u015fmi\u015f u\u00e7aklar sat\u0131n al\u0131yor. Fransa, 12&#8217;si Frans\u0131z Hava Kuvvetlerinin kulland\u0131\u011f\u0131 eski u\u00e7aklar, di\u011fer alt\u0131s\u0131 yeni 18 adet 4,5. nesil Dassault Rafale \u00e7ok ama\u00e7l\u0131 sava\u015f u\u00e7a\u011f\u0131n\u0131 satmay\u0131 kabul etti. Yunanistan ayr\u0131ca ABD&#8217;den be\u015finci nesil radara yakalanmayan F-35 Lightning II sava\u015f u\u00e7a\u011f\u0131 talep ediyor. Atina, ikinci el versiyonlar\u0131ndan alma iste\u011fini ifade ederek, bu \u015fekilde u\u00e7aklar\u0131n acil bir \u015fekilde teslim edilmesini istiyor.<\/p>\n<p>T\u00fcrkiye ise ge\u00e7en y\u0131l Rus S-400 hava savunma f\u00fczeleri sat\u0131n ald\u0131\u011f\u0131 i\u00e7in F-35 program\u0131ndan uzakla\u015ft\u0131r\u0131lm\u0131\u015ft\u0131.<\/p>\n<p>Halihaz\u0131rda F-16&#8217;lar\u0131n d\u00fcnyadaki en geli\u015fmi\u015f versiyonuna sahip olan BAE, ABD\u2019den 50 F-35 ve 18 silahl\u0131 Reaper dronu sat\u0131n almaya \u00e7al\u0131\u015f\u0131yor.<\/p>\n<p>BlueMelange analistleri, BAE&#8217;nin ayr\u0131ca, Yunan Hava Kuvvetleri&#8217;nin Mirage 2000-5 filosuna \u00e7ok benzeyen, Frans\u0131z yap\u0131m\u0131 Dassault Mirage 2000-9 \u00e7ok ama\u00e7l\u0131 sava\u015f u\u00e7aklar\u0131ndan olu\u015fan olduk\u00e7a b\u00fcy\u00fck bir filoya sahip oldu\u011funa da dikkat \u00e7ekiyor. Emirliklere ait Mirage&#8217;lar, Kas\u0131m 2019&#8217;da imzalanan 929 milyon dolarl\u0131k bir anla\u015fma kapsam\u0131nda \u015fu anda modernize ediliyor ve onlara daha sofistike Frans\u0131z silahlar\u0131 ve elektronik cihazlar monte edilecek. BlueMelange, BAE&#8217;nin ABD&#8217;den sipari\u015f etti\u011fi 50 adet F-35&#8217;i almas\u0131 durumunda Mirage 2000-9\u2019lar\u0131 Yunanistan&#8217;a transfer edece\u011fini de tahmin ediyor.<\/p>\n<p>&#8220;Gelecekte eski BAE Mirage 2000-9&#8217;lar i\u00e7in en bariz aday elbette Yunanistan&#8217;d\u0131r&#8221; diyen uzmanlar ayr\u0131ca, bu yeni anla\u015fma kapsam\u0131nda, Yunanistan&#8217;\u0131n F-35 ve Rafaleleri teslim almadan \u00f6nce F-16 ve Mirage 2000 filolar\u0131n\u0131 BAE taraf\u0131ndan sa\u011flanan silahlarla donatmak i\u00e7in yeni s\u00f6zle\u015fmeler imzalayabilece\u011fini de tahmin ediyor.<\/p>\n<p>&#8220;BlueMelange olarak, Birle\u015fik Arap Emirlikleri sava\u015f u\u00e7aklar\u0131n\u0131n Girit&#8217;e konu\u015fland\u0131r\u0131lmas\u0131 ve silahlar\u0131n\u0131n Yunan Hava Kuvvetlerine tedarik edilmesine y\u00f6nelik savunma s\u00f6zle\u015fmelerinden olu\u015fan Yunanistan ile T\u00fcrkiye aras\u0131nda g\u00fc\u00e7l\u00fc bir savunma i\u015fbirli\u011fi \u00f6ng\u00f6r\u00fcyoruz. \u00d6te yandan, BAE&#8217;nin modernize edilmi\u015f \u00fcst d\u00fczey etkili Mirage 2000-9 filosunun tamam\u0131n\u0131 Yunanistan&#8217;a aktaraca\u011f\u0131n\u0131 tahmin ediyoruz&#8221; diyorlar.<\/p>\n<p>Genel olarak uzmanlar, Yunanistan ve BAE aras\u0131ndaki yeni anla\u015fman\u0131n &#8220;\u00f6z\u00fcn\u00fcn&#8221; Frans\u0131z jeopoliti\u011fine, ABD onay\u0131na ve T\u00fcrkiye&#8217;nin geni\u015flemesine muhalefete dayand\u0131\u011f\u0131na inan\u0131yorlar ve ekliyorlar:<\/p>\n<blockquote><p>&#8220;Bu kazan-kazan ittifak\u0131 maalesef b\u00fcy\u00fck bir T\u00fcrkiye kar\u015f\u0131t\u0131 pakt\u0131n yaln\u0131zca bir par\u00e7as\u0131.&#8221;<\/p><\/blockquote>\n<hr \/>\n<p><strong>\u00a9 Ahval T\u00fcrk\u00e7e<\/strong><\/p>\n<p><em>Bu makale yazar\u0131n g\u00f6r\u00fc\u015flerini yans\u0131t\u0131r. Ahval\u2019in yay\u0131n politikas\u0131 ve editoryal bak\u0131\u015f a\u00e7\u0131s\u0131 ile her zaman uyumlu olmak zorunda de\u011fildir.<\/em><\/p>\n<\/div>\n<\/div>\n<\/div>\n<\/div>\n<div class=\"field field--name-dynamic-block-fieldnode-opinion-note field--type-ds field--label-hidden field--item\">\n<div class=\"views-element-container form-group\">\n<div class=\"opinion-note view view-static-view view-id-static_view view-display-id-opinion_note js-view-dom-id-f386c0778f35e8ffefa71b9189cc366e1b0ac23a0d05ccf7e79d48105f1e141c\">\n<div class=\"view-content\">\n<div class=\"views-row\">\n<div class=\"views-field views-field-nothing\"><em><span class=\"field-content\">Bu makale yazar\u0131n g\u00f6r\u00fc\u015flerini yans\u0131t\u0131r. Ahval\u2019in yay\u0131n politikas\u0131 ve editoryal bak\u0131\u015f a\u00e7\u0131s\u0131 ile her zaman uyumlu olmak zorunda de\u011fildir.<\/span><\/em><\/div>\n<div><strong><em>https:\/\/ahvalnews.com\/tr\/bae-yunanistan\/yunanistan-bae-savunma-anlasmasi-turkiyeye-karsi-caydirici-olabilir-mi#<\/em><\/strong><\/div>\n<\/div>\n<\/div>\n<\/div>\n<\/div>\n<\/div>\n","protected":false},"excerpt":{"rendered":"<p>Paul Iddon Yunanistan ve Birle\u015fik Arap Emirlikleri, T\u00fcrkiye\u2019ye muhalefetleri g\u00f6z \u00f6n\u00fcne al\u0131nd\u0131\u011f\u0131nda Ankara\u00a0 i\u00e7in stratejik sonu\u00e7lar do\u011furabilecek bir savunma anla\u015fmas\u0131 imzalad\u0131lar. BAE Veliaht Prensi Muhammed bin Zayed\u2019e (MbZ)\u00a0 g\u00f6re bu stratejik ortakl\u0131k, iki \u00fclke aras\u0131ndaki &#8220;siyasi, ekonomik ve k\u00fclt\u00fcrel i\u015fbirli\u011fini geli\u015ftirmeyi&#8221; hedefliyor. Askeri olarak da, bir \u00fclkenin toprak b\u00fct\u00fcnl\u00fc\u011f\u00fc tehdit alt\u0131na girdi\u011finde di\u011ferinin yard\u0131m\u0131na ko\u015fmas\u0131 [&hellip;]<\/p>\n","protected":false},"author":7,"featured_media":60388,"comment_status":"open","ping_status":"open","sticky":false,"template":"","format":"standard","meta":{"footnotes":""},"categories":[1],"tags":[],"class_list":["post-60387","post","type-post","status-publish","format-standard","has-post-thumbnail","hentry","category-haberler"],"yoast_head":"<!-- This site is optimized with the Yoast SEO plugin v27.4 - https:\/\/yoast.com\/product\/yoast-seo-wordpress\/ -->\n<title>Yunanistan-BAE savunma anla\u015fmas\u0131, T\u00fcrkiye\u2019ye kar\u015f\u0131 cayd\u0131r\u0131c\u0131 olabilir mi? - Bati Ermenistan Ve Bati Ermenileri Sorunlari Ara\u015ftirmalar Merkezi<\/title>\n<meta name=\"robots\" content=\"index, follow, max-snippet:-1, max-image-preview:large, max-video-preview:-1\" \/>\n<link rel=\"canonical\" href=\"https:\/\/akunq.net\/tr\/?p=60387\" \/>\n<meta property=\"og:locale\" content=\"en_US\" \/>\n<meta property=\"og:type\" content=\"article\" \/>\n<meta property=\"og:title\" content=\"Yunanistan-BAE savunma anla\u015fmas\u0131, T\u00fcrkiye\u2019ye kar\u015f\u0131 cayd\u0131r\u0131c\u0131 olabilir mi? - Bati Ermenistan Ve Bati Ermenileri Sorunlari Ara\u015ftirmalar Merkezi\" \/>\n<meta property=\"og:description\" content=\"Paul Iddon Yunanistan ve Birle\u015fik Arap Emirlikleri, T\u00fcrkiye\u2019ye muhalefetleri g\u00f6z \u00f6n\u00fcne al\u0131nd\u0131\u011f\u0131nda Ankara\u00a0 i\u00e7in stratejik sonu\u00e7lar do\u011furabilecek bir savunma anla\u015fmas\u0131 imzalad\u0131lar. BAE Veliaht Prensi Muhammed bin Zayed\u2019e (MbZ)\u00a0 g\u00f6re bu stratejik ortakl\u0131k, iki \u00fclke aras\u0131ndaki &#8220;siyasi, ekonomik ve k\u00fclt\u00fcrel i\u015fbirli\u011fini geli\u015ftirmeyi&#8221; hedefliyor. Askeri olarak da, bir \u00fclkenin toprak b\u00fct\u00fcnl\u00fc\u011f\u00fc tehdit alt\u0131na girdi\u011finde di\u011ferinin yard\u0131m\u0131na ko\u015fmas\u0131 [&hellip;]\" \/>\n<meta property=\"og:url\" content=\"https:\/\/akunq.net\/tr\/?p=60387\" \/>\n<meta property=\"og:site_name\" content=\"Bati Ermenistan Ve Bati Ermenileri Sorunlari Ara\u015ftirmalar Merkezi\" \/>\n<meta property=\"article:published_time\" content=\"2020-12-01T09:18:13+00:00\" \/>\n<meta property=\"og:image\" content=\"https:\/\/akunq.net\/tr\/wp-content\/uploads\/sites\/6\/2020\/12\/\u0545\u0578\u0582\u0576\u0561\u057d\u057f\u0561\u0576-\u0535\u0582-\u0531\u0580\u0561\u0562\u0561\u056f\u0561\u0576-\u0544\u056b\u0561\u0581\u0565\u0561\u056c-\u0537\u0574\u056b\u0580\u0578\u0582\u0569\u056b\u0582\u0576\u0576\u0565\u0580.jpg\" \/>\n\t<meta property=\"og:image:width\" content=\"800\" \/>\n\t<meta property=\"og:image:height\" content=\"531\" \/>\n\t<meta property=\"og:image:type\" content=\"image\/jpeg\" \/>\n<meta name=\"author\" content=\"admin\" \/>\n<meta name=\"twitter:card\" content=\"summary_large_image\" \/>\n<meta name=\"twitter:label1\" content=\"Written by\" \/>\n\t<meta name=\"twitter:data1\" content=\"admin\" \/>\n\t<meta name=\"twitter:label2\" content=\"Est. reading time\" \/>\n\t<meta name=\"twitter:data2\" content=\"6 minutes\" \/>\n<script type=\"application\/ld+json\" class=\"yoast-schema-graph\">{\"@context\":\"https:\\\/\\\/schema.org\",\"@graph\":[{\"@type\":\"Article\",\"@id\":\"https:\\\/\\\/akunq.net\\\/tr\\\/?p=60387#article\",\"isPartOf\":{\"@id\":\"https:\\\/\\\/akunq.net\\\/tr\\\/?p=60387\"},\"author\":{\"name\":\"admin\",\"@id\":\"https:\\\/\\\/akunq.net\\\/tr\\\/#\\\/schema\\\/person\\\/096f1d38a12cce57fb855b485ed24c9e\"},\"headline\":\"Yunanistan-BAE savunma anla\u015fmas\u0131, T\u00fcrkiye\u2019ye kar\u015f\u0131 cayd\u0131r\u0131c\u0131 olabilir mi?\",\"datePublished\":\"2020-12-01T09:18:13+00:00\",\"mainEntityOfPage\":{\"@id\":\"https:\\\/\\\/akunq.net\\\/tr\\\/?p=60387\"},\"wordCount\":1237,\"commentCount\":0,\"image\":{\"@id\":\"https:\\\/\\\/akunq.net\\\/tr\\\/?p=60387#primaryimage\"},\"thumbnailUrl\":\"https:\\\/\\\/akunq.net\\\/tr\\\/wp-content\\\/uploads\\\/sites\\\/6\\\/2020\\\/12\\\/\u0545\u0578\u0582\u0576\u0561\u057d\u057f\u0561\u0576-\u0535\u0582-\u0531\u0580\u0561\u0562\u0561\u056f\u0561\u0576-\u0544\u056b\u0561\u0581\u0565\u0561\u056c-\u0537\u0574\u056b\u0580\u0578\u0582\u0569\u056b\u0582\u0576\u0576\u0565\u0580.jpg\",\"articleSection\":[\"Haberler\"],\"inLanguage\":\"en-US\",\"potentialAction\":[{\"@type\":\"CommentAction\",\"name\":\"Comment\",\"target\":[\"https:\\\/\\\/akunq.net\\\/tr\\\/?p=60387#respond\"]}]},{\"@type\":\"WebPage\",\"@id\":\"https:\\\/\\\/akunq.net\\\/tr\\\/?p=60387\",\"url\":\"https:\\\/\\\/akunq.net\\\/tr\\\/?p=60387\",\"name\":\"Yunanistan-BAE savunma anla\u015fmas\u0131, T\u00fcrkiye\u2019ye kar\u015f\u0131 cayd\u0131r\u0131c\u0131 olabilir mi? - Bati Ermenistan Ve Bati Ermenileri Sorunlari Ara\u015ftirmalar Merkezi\",\"isPartOf\":{\"@id\":\"https:\\\/\\\/akunq.net\\\/tr\\\/#website\"},\"primaryImageOfPage\":{\"@id\":\"https:\\\/\\\/akunq.net\\\/tr\\\/?p=60387#primaryimage\"},\"image\":{\"@id\":\"https:\\\/\\\/akunq.net\\\/tr\\\/?p=60387#primaryimage\"},\"thumbnailUrl\":\"https:\\\/\\\/akunq.net\\\/tr\\\/wp-content\\\/uploads\\\/sites\\\/6\\\/2020\\\/12\\\/\u0545\u0578\u0582\u0576\u0561\u057d\u057f\u0561\u0576-\u0535\u0582-\u0531\u0580\u0561\u0562\u0561\u056f\u0561\u0576-\u0544\u056b\u0561\u0581\u0565\u0561\u056c-\u0537\u0574\u056b\u0580\u0578\u0582\u0569\u056b\u0582\u0576\u0576\u0565\u0580.jpg\",\"datePublished\":\"2020-12-01T09:18:13+00:00\",\"author\":{\"@id\":\"https:\\\/\\\/akunq.net\\\/tr\\\/#\\\/schema\\\/person\\\/096f1d38a12cce57fb855b485ed24c9e\"},\"breadcrumb\":{\"@id\":\"https:\\\/\\\/akunq.net\\\/tr\\\/?p=60387#breadcrumb\"},\"inLanguage\":\"en-US\",\"potentialAction\":[{\"@type\":\"ReadAction\",\"target\":[\"https:\\\/\\\/akunq.net\\\/tr\\\/?p=60387\"]}]},{\"@type\":\"ImageObject\",\"inLanguage\":\"en-US\",\"@id\":\"https:\\\/\\\/akunq.net\\\/tr\\\/?p=60387#primaryimage\",\"url\":\"https:\\\/\\\/akunq.net\\\/tr\\\/wp-content\\\/uploads\\\/sites\\\/6\\\/2020\\\/12\\\/\u0545\u0578\u0582\u0576\u0561\u057d\u057f\u0561\u0576-\u0535\u0582-\u0531\u0580\u0561\u0562\u0561\u056f\u0561\u0576-\u0544\u056b\u0561\u0581\u0565\u0561\u056c-\u0537\u0574\u056b\u0580\u0578\u0582\u0569\u056b\u0582\u0576\u0576\u0565\u0580.jpg\",\"contentUrl\":\"https:\\\/\\\/akunq.net\\\/tr\\\/wp-content\\\/uploads\\\/sites\\\/6\\\/2020\\\/12\\\/\u0545\u0578\u0582\u0576\u0561\u057d\u057f\u0561\u0576-\u0535\u0582-\u0531\u0580\u0561\u0562\u0561\u056f\u0561\u0576-\u0544\u056b\u0561\u0581\u0565\u0561\u056c-\u0537\u0574\u056b\u0580\u0578\u0582\u0569\u056b\u0582\u0576\u0576\u0565\u0580.jpg\",\"width\":800,\"height\":531},{\"@type\":\"BreadcrumbList\",\"@id\":\"https:\\\/\\\/akunq.net\\\/tr\\\/?p=60387#breadcrumb\",\"itemListElement\":[{\"@type\":\"ListItem\",\"position\":1,\"name\":\"Home\",\"item\":\"https:\\\/\\\/akunq.net\\\/tr\"},{\"@type\":\"ListItem\",\"position\":2,\"name\":\"Yunanistan-BAE savunma anla\u015fmas\u0131, T\u00fcrkiye\u2019ye kar\u015f\u0131 cayd\u0131r\u0131c\u0131 olabilir mi?\"}]},{\"@type\":\"WebSite\",\"@id\":\"https:\\\/\\\/akunq.net\\\/tr\\\/#website\",\"url\":\"https:\\\/\\\/akunq.net\\\/tr\\\/\",\"name\":\"Bati Ermenistan Ve Bati Ermenileri Sorunlari Ara\u015ftirmalar Merkezi\",\"description\":\"\",\"potentialAction\":[{\"@type\":\"SearchAction\",\"target\":{\"@type\":\"EntryPoint\",\"urlTemplate\":\"https:\\\/\\\/akunq.net\\\/tr\\\/?s={search_term_string}\"},\"query-input\":{\"@type\":\"PropertyValueSpecification\",\"valueRequired\":true,\"valueName\":\"search_term_string\"}}],\"inLanguage\":\"en-US\"},{\"@type\":\"Person\",\"@id\":\"https:\\\/\\\/akunq.net\\\/tr\\\/#\\\/schema\\\/person\\\/096f1d38a12cce57fb855b485ed24c9e\",\"name\":\"admin\",\"url\":\"https:\\\/\\\/akunq.net\\\/tr\\\/?author=7\"}]}<\/script>\n<!-- \/ Yoast SEO plugin. -->","yoast_head_json":{"title":"Yunanistan-BAE savunma anla\u015fmas\u0131, T\u00fcrkiye\u2019ye kar\u015f\u0131 cayd\u0131r\u0131c\u0131 olabilir mi? - Bati Ermenistan Ve Bati Ermenileri Sorunlari Ara\u015ftirmalar Merkezi","robots":{"index":"index","follow":"follow","max-snippet":"max-snippet:-1","max-image-preview":"max-image-preview:large","max-video-preview":"max-video-preview:-1"},"canonical":"https:\/\/akunq.net\/tr\/?p=60387","og_locale":"en_US","og_type":"article","og_title":"Yunanistan-BAE savunma anla\u015fmas\u0131, T\u00fcrkiye\u2019ye kar\u015f\u0131 cayd\u0131r\u0131c\u0131 olabilir mi? - Bati Ermenistan Ve Bati Ermenileri Sorunlari Ara\u015ftirmalar Merkezi","og_description":"Paul Iddon Yunanistan ve Birle\u015fik Arap Emirlikleri, T\u00fcrkiye\u2019ye muhalefetleri g\u00f6z \u00f6n\u00fcne al\u0131nd\u0131\u011f\u0131nda Ankara\u00a0 i\u00e7in stratejik sonu\u00e7lar do\u011furabilecek bir savunma anla\u015fmas\u0131 imzalad\u0131lar. BAE Veliaht Prensi Muhammed bin Zayed\u2019e (MbZ)\u00a0 g\u00f6re bu stratejik ortakl\u0131k, iki \u00fclke aras\u0131ndaki &#8220;siyasi, ekonomik ve k\u00fclt\u00fcrel i\u015fbirli\u011fini geli\u015ftirmeyi&#8221; hedefliyor. Askeri olarak da, bir \u00fclkenin toprak b\u00fct\u00fcnl\u00fc\u011f\u00fc tehdit alt\u0131na girdi\u011finde di\u011ferinin yard\u0131m\u0131na ko\u015fmas\u0131 [&hellip;]","og_url":"https:\/\/akunq.net\/tr\/?p=60387","og_site_name":"Bati Ermenistan Ve Bati Ermenileri Sorunlari Ara\u015ftirmalar Merkezi","article_published_time":"2020-12-01T09:18:13+00:00","og_image":[{"width":800,"height":531,"url":"https:\/\/akunq.net\/tr\/wp-content\/uploads\/sites\/6\/2020\/12\/\u0545\u0578\u0582\u0576\u0561\u057d\u057f\u0561\u0576-\u0535\u0582-\u0531\u0580\u0561\u0562\u0561\u056f\u0561\u0576-\u0544\u056b\u0561\u0581\u0565\u0561\u056c-\u0537\u0574\u056b\u0580\u0578\u0582\u0569\u056b\u0582\u0576\u0576\u0565\u0580.jpg","type":"image\/jpeg"}],"author":"admin","twitter_card":"summary_large_image","twitter_misc":{"Written by":"admin","Est. reading time":"6 minutes"},"schema":{"@context":"https:\/\/schema.org","@graph":[{"@type":"Article","@id":"https:\/\/akunq.net\/tr\/?p=60387#article","isPartOf":{"@id":"https:\/\/akunq.net\/tr\/?p=60387"},"author":{"name":"admin","@id":"https:\/\/akunq.net\/tr\/#\/schema\/person\/096f1d38a12cce57fb855b485ed24c9e"},"headline":"Yunanistan-BAE savunma anla\u015fmas\u0131, T\u00fcrkiye\u2019ye kar\u015f\u0131 cayd\u0131r\u0131c\u0131 olabilir mi?","datePublished":"2020-12-01T09:18:13+00:00","mainEntityOfPage":{"@id":"https:\/\/akunq.net\/tr\/?p=60387"},"wordCount":1237,"commentCount":0,"image":{"@id":"https:\/\/akunq.net\/tr\/?p=60387#primaryimage"},"thumbnailUrl":"https:\/\/akunq.net\/tr\/wp-content\/uploads\/sites\/6\/2020\/12\/\u0545\u0578\u0582\u0576\u0561\u057d\u057f\u0561\u0576-\u0535\u0582-\u0531\u0580\u0561\u0562\u0561\u056f\u0561\u0576-\u0544\u056b\u0561\u0581\u0565\u0561\u056c-\u0537\u0574\u056b\u0580\u0578\u0582\u0569\u056b\u0582\u0576\u0576\u0565\u0580.jpg","articleSection":["Haberler"],"inLanguage":"en-US","potentialAction":[{"@type":"CommentAction","name":"Comment","target":["https:\/\/akunq.net\/tr\/?p=60387#respond"]}]},{"@type":"WebPage","@id":"https:\/\/akunq.net\/tr\/?p=60387","url":"https:\/\/akunq.net\/tr\/?p=60387","name":"Yunanistan-BAE savunma anla\u015fmas\u0131, T\u00fcrkiye\u2019ye kar\u015f\u0131 cayd\u0131r\u0131c\u0131 olabilir mi? - Bati Ermenistan Ve Bati Ermenileri Sorunlari Ara\u015ftirmalar Merkezi","isPartOf":{"@id":"https:\/\/akunq.net\/tr\/#website"},"primaryImageOfPage":{"@id":"https:\/\/akunq.net\/tr\/?p=60387#primaryimage"},"image":{"@id":"https:\/\/akunq.net\/tr\/?p=60387#primaryimage"},"thumbnailUrl":"https:\/\/akunq.net\/tr\/wp-content\/uploads\/sites\/6\/2020\/12\/\u0545\u0578\u0582\u0576\u0561\u057d\u057f\u0561\u0576-\u0535\u0582-\u0531\u0580\u0561\u0562\u0561\u056f\u0561\u0576-\u0544\u056b\u0561\u0581\u0565\u0561\u056c-\u0537\u0574\u056b\u0580\u0578\u0582\u0569\u056b\u0582\u0576\u0576\u0565\u0580.jpg","datePublished":"2020-12-01T09:18:13+00:00","author":{"@id":"https:\/\/akunq.net\/tr\/#\/schema\/person\/096f1d38a12cce57fb855b485ed24c9e"},"breadcrumb":{"@id":"https:\/\/akunq.net\/tr\/?p=60387#breadcrumb"},"inLanguage":"en-US","potentialAction":[{"@type":"ReadAction","target":["https:\/\/akunq.net\/tr\/?p=60387"]}]},{"@type":"ImageObject","inLanguage":"en-US","@id":"https:\/\/akunq.net\/tr\/?p=60387#primaryimage","url":"https:\/\/akunq.net\/tr\/wp-content\/uploads\/sites\/6\/2020\/12\/\u0545\u0578\u0582\u0576\u0561\u057d\u057f\u0561\u0576-\u0535\u0582-\u0531\u0580\u0561\u0562\u0561\u056f\u0561\u0576-\u0544\u056b\u0561\u0581\u0565\u0561\u056c-\u0537\u0574\u056b\u0580\u0578\u0582\u0569\u056b\u0582\u0576\u0576\u0565\u0580.jpg","contentUrl":"https:\/\/akunq.net\/tr\/wp-content\/uploads\/sites\/6\/2020\/12\/\u0545\u0578\u0582\u0576\u0561\u057d\u057f\u0561\u0576-\u0535\u0582-\u0531\u0580\u0561\u0562\u0561\u056f\u0561\u0576-\u0544\u056b\u0561\u0581\u0565\u0561\u056c-\u0537\u0574\u056b\u0580\u0578\u0582\u0569\u056b\u0582\u0576\u0576\u0565\u0580.jpg","width":800,"height":531},{"@type":"BreadcrumbList","@id":"https:\/\/akunq.net\/tr\/?p=60387#breadcrumb","itemListElement":[{"@type":"ListItem","position":1,"name":"Home","item":"https:\/\/akunq.net\/tr"},{"@type":"ListItem","position":2,"name":"Yunanistan-BAE savunma anla\u015fmas\u0131, T\u00fcrkiye\u2019ye kar\u015f\u0131 cayd\u0131r\u0131c\u0131 olabilir mi?"}]},{"@type":"WebSite","@id":"https:\/\/akunq.net\/tr\/#website","url":"https:\/\/akunq.net\/tr\/","name":"Bati Ermenistan Ve Bati Ermenileri Sorunlari Ara\u015ftirmalar Merkezi","description":"","potentialAction":[{"@type":"SearchAction","target":{"@type":"EntryPoint","urlTemplate":"https:\/\/akunq.net\/tr\/?s={search_term_string}"},"query-input":{"@type":"PropertyValueSpecification","valueRequired":true,"valueName":"search_term_string"}}],"inLanguage":"en-US"},{"@type":"Person","@id":"https:\/\/akunq.net\/tr\/#\/schema\/person\/096f1d38a12cce57fb855b485ed24c9e","name":"admin","url":"https:\/\/akunq.net\/tr\/?author=7"}]}},"_links":{"self":[{"href":"https:\/\/akunq.net\/tr\/index.php?rest_route=\/wp\/v2\/posts\/60387","targetHints":{"allow":["GET"]}}],"collection":[{"href":"https:\/\/akunq.net\/tr\/index.php?rest_route=\/wp\/v2\/posts"}],"about":[{"href":"https:\/\/akunq.net\/tr\/index.php?rest_route=\/wp\/v2\/types\/post"}],"author":[{"embeddable":true,"href":"https:\/\/akunq.net\/tr\/index.php?rest_route=\/wp\/v2\/users\/7"}],"replies":[{"embeddable":true,"href":"https:\/\/akunq.net\/tr\/index.php?rest_route=%2Fwp%2Fv2%2Fcomments&post=60387"}],"version-history":[{"count":1,"href":"https:\/\/akunq.net\/tr\/index.php?rest_route=\/wp\/v2\/posts\/60387\/revisions"}],"predecessor-version":[{"id":60389,"href":"https:\/\/akunq.net\/tr\/index.php?rest_route=\/wp\/v2\/posts\/60387\/revisions\/60389"}],"wp:featuredmedia":[{"embeddable":true,"href":"https:\/\/akunq.net\/tr\/index.php?rest_route=\/wp\/v2\/media\/60388"}],"wp:attachment":[{"href":"https:\/\/akunq.net\/tr\/index.php?rest_route=%2Fwp%2Fv2%2Fmedia&parent=60387"}],"wp:term":[{"taxonomy":"category","embeddable":true,"href":"https:\/\/akunq.net\/tr\/index.php?rest_route=%2Fwp%2Fv2%2Fcategories&post=60387"},{"taxonomy":"post_tag","embeddable":true,"href":"https:\/\/akunq.net\/tr\/index.php?rest_route=%2Fwp%2Fv2%2Ftags&post=60387"}],"curies":[{"name":"wp","href":"https:\/\/api.w.org\/{rel}","templated":true}]}}