{"id":60384,"date":"2020-12-01T04:12:11","date_gmt":"2020-12-01T09:12:11","guid":{"rendered":"https:\/\/akunq.net\/tr\/?p=60384"},"modified":"2020-12-01T04:12:11","modified_gmt":"2020-12-01T09:12:11","slug":"ermeni-ve-rum-toplumu-adalet-bakani-ve-cumhurbaskanligi-sozcusune-sorunlarini-anlatti-goc-veriyoruz-10-yil-sonra-toplam-nufusumuz-100-binden-50-bine-dusmus-olacak","status":"publish","type":"post","link":"https:\/\/akunq.net\/tr\/?p=60384","title":{"rendered":"Ermeni ve Rum toplumu, Adalet Bakan\u0131 ve Cumhurba\u015fkanl\u0131\u011f\u0131 S\u00f6zc\u00fcs\u00fc\u2019ne sorunlar\u0131n\u0131 anlatt\u0131: G\u00f6\u00e7 veriyoruz, 10 y\u0131l sonra toplam n\u00fcfusumuz 100 binden 50 bine d\u00fc\u015fm\u00fc\u015f olacak"},"content":{"rendered":"<p><img loading=\"lazy\" decoding=\"async\" class=\"aligncenter size-medium wp-image-60385\" src=\"https:\/\/akunq.net\/tr\/wp-content\/uploads\/2020\/12\/T24-270x270.jpg\" alt=\"\" width=\"270\" height=\"270\" srcset=\"https:\/\/akunq.net\/tr\/wp-content\/uploads\/sites\/6\/2020\/12\/T24-270x270.jpg 270w, https:\/\/akunq.net\/tr\/wp-content\/uploads\/sites\/6\/2020\/12\/T24-150x150.jpg 150w, https:\/\/akunq.net\/tr\/wp-content\/uploads\/sites\/6\/2020\/12\/T24-260x260.jpg 260w, https:\/\/akunq.net\/tr\/wp-content\/uploads\/sites\/6\/2020\/12\/T24-160x160.jpg 160w, https:\/\/akunq.net\/tr\/wp-content\/uploads\/sites\/6\/2020\/12\/T24.jpg 400w\" sizes=\"auto, (max-width: 270px) 100vw, 270px\" \/><\/p>\n<p><em><strong>Adalet Bakan\u0131\u00a0Abd\u00fclhamit G\u00fcl\u00a0ve Cumhurba\u015fkanl\u0131\u011f\u0131 S\u00f6zc\u00fcs\u00fc\u00a0\u0130brahim Kal\u0131n, az\u0131nl\u0131k toplumlar\u0131n\u0131n ruhani liderleri ve vak\u0131f y\u00f6neticileri ile d\u00fcn bir araya geldi. Toplant\u0131da az\u0131nl\u0131k vak\u0131flar\u0131n\u0131n yedi y\u0131ld\u0131r se\u00e7im yapamamas\u0131na ili\u015fkin soruya Kal\u0131n, \u201cyedi y\u0131l uzun bir s\u00fcre\u201d diye yan\u0131t vererek \u00e7\u00f6z\u00fcm vaadinde bulundu\u011fu belirtildi.<\/strong><\/em><\/p>\n<p>Adalet Bakan\u0131 Abd\u00fclhamit G\u00fcl ve Cumhurba\u015fkanl\u0131\u011f\u0131 S\u00f6zc\u00fcs\u00fc \u0130brahim Kal\u0131n 29 Kas\u0131m Pazar g\u00fcn\u00fc \u0130stanbul\u2019da az\u0131nl\u0131k toplumlar\u0131n\u0131n ruhani liderleri ve vak\u0131f y\u00f6neticileri ile bir araya geldi.\u00a0Edinilen bilgilere g\u00f6re toplant\u0131n\u0131n bas\u0131na kapal\u0131 b\u00f6l\u00fcm\u00fcnde az\u0131nl\u0131k toplumlar\u0131n\u0131n y\u00f6neticileri ya\u015fad\u0131klar\u0131 sorunlar\u0131 dile getirdiler.<\/p>\n<p>S\u00f6z alan Ek\u00fcmenik Patrik Bartholomeos Heybeliada Ruhban Okulu\u2019nun hala kapal\u0131 oldu\u011funu hat\u0131rlatt\u0131 ayr\u0131ca Patrikliklerin t\u00fczel ki\u015fili\u011fe sahip olamad\u0131klar\u0131n\u0131 s\u00f6yledi.<\/p>\n<p>Patrik Bartholomeos az\u0131nl\u0131k toplumlar\u0131n\u0131n vak\u0131f y\u00f6neticilerini se\u00e7ilmesini d\u00fczenleyen y\u00f6netmeli\u011fin yedi y\u0131l \u00f6nce devlet taraf\u0131ndan daha iyisi yap\u0131laca\u011f\u0131 gerek\u00e7esiyle iptal edildi\u011fini, ancak yeni y\u00f6netmelik yay\u0131nlanmad\u0131\u011f\u0131 i\u00e7in hala se\u00e7im yap\u0131lamad\u0131\u011f\u0131n\u0131 ve bunun b\u00fcy\u00fck bir sorun oldu\u011funu s\u00f6yledi.<\/p>\n<p>Edinilen bilgilere g\u00f6re T\u00fcrkiye Ermenileri Patri\u011fi Ma\u015falyan da yap\u0131lamayan vak\u0131f se\u00e7imlerine dikkat \u00e7ekti ve \u201cYap\u0131lamayan se\u00e7imler bizi g\u00fc\u00e7 durumda b\u0131rak\u0131yor\u201d dedi.<\/p>\n<h3><strong>Y\u00f6neticiler yurt d\u0131\u015f\u0131na verilen g\u00f6\u00e7e dikkat \u00e7ekti\u00a0<\/strong><\/h3>\n<p>Toplant\u0131da s\u00f6z alan sivil y\u00f6neticiler de yap\u0131lamayan vak\u0131f se\u00e7imlerini bir kez daha hat\u0131rlatt\u0131lar ve ayr\u0131ca g\u00f6\u00e7 sorununa dikkat \u00e7ektiler. Az\u0131nl\u0131k toplumlar\u0131n yurt d\u0131\u015f\u0131na b\u00fcy\u00fck g\u00f6\u00e7 verdi\u011fine ve n\u00fcfusun ya\u015fland\u0131\u011f\u0131na dikkat \u00e7eken y\u00f6neticiler \u201c10 y\u0131l sonra bu toplant\u0131y\u0131 yapt\u0131\u011f\u0131n\u0131zda belki de toplam n\u00fcfusumuz 100 binden 50 bine d\u00fc\u015fm\u00fc\u015f olacak\u201d dediler.<\/p>\n<p>\u0130lk kilisenin, ilk manast\u0131r\u0131n, ilk sinagogun bu topraklarda in\u015fa edildi\u011fini hat\u0131rlatan y\u00f6neticiler bu miras\u0131 ya\u015fatmak i\u00e7in yat\u0131r\u0131m gerekti\u011fini kaydederek \u201cBunu yapacak g\u00fcc\u00fcm\u00fcz yok\u201d dediler.<\/p>\n<p>Ayr\u0131ca az\u0131nl\u0131k okullar\u0131n\u0131n ya\u015fad\u0131\u011f\u0131 maddi s\u0131k\u0131nt\u0131lar da g\u00fcndeme geldi ve bu okullara destek verilmesi gerekti\u011fi vurguland\u0131.<\/p>\n<p>Agos\u2019ta yer alan habere g\u00f6re, sosyal faaliyetlerde bulunan vak\u0131flar\u0131n da g\u00fc\u00e7lendirilmesi gerekti\u011fi kaydedildi ve buralara ba\u011f\u0131\u015f yapanlar\u0131n vergi indiriminden faydalanmas\u0131 gerekti\u011fi g\u00fcndeme getirildi. Toplant\u0131da ayr\u0131ca ruhban s\u0131n\u0131f\u0131n\u0131n \u00f6zl\u00fck haklar\u0131 ile ilgili sorunlar da dile getirildi.<\/p>\n<p>Toplant\u0131da Rum toplumunun gayrimenkullerini hukuki yollarla kazand\u0131\u011f\u0131, ancak devletin ba\u015fka kurumlar\u0131n\u0131n bu kararlara kar\u015f\u0131 dava a\u00e7t\u0131\u011f\u0131, bunun da s\u0131k\u0131nt\u0131l\u0131 bir durum yaratt\u0131\u011f\u0131 hat\u0131rlat\u0131ld\u0131.<\/p>\n<h3><strong>\u0130brahim Kal\u0131n: Bu \u00fclkenin her ta\u015f\u0131nda iziniz var\u00a0<\/strong><\/h3>\n<p>T\u00fcm bu sorunlar\u0131 dinleyen Cumhurba\u015fkanl\u0131\u011f\u0131 S\u00f6zc\u00fcs\u00fc \u0130brahim Kal\u0131n\u2019\u0131n \u201cSiz belki azs\u0131n\u0131z ama bu \u00fclkenin her ta\u015f\u0131nda iziniz var\u201d dedi\u011fi, yap\u0131lamayan vak\u0131f se\u00e7imleri i\u00e7in \u201cyedi y\u0131l uzun bir s\u00fcre\u201d diyerek bu konuda \u00e7\u00f6z\u00fcm vaadinde bulundu\u011fu, ayr\u0131ca \u201cT\u00fcm k\u0131\u015fk\u0131rtmalara ra\u011fmen devleti \u015fikayet eder bir tutum tak\u0131nmad\u0131n\u0131z bunu takdirle kar\u015f\u0131l\u0131yoruz\u201d dedi\u011fi \u00f6\u011frenildi.<\/p>\n<p><em><strong><a href=\"https:\/\/t24.com.tr\/haber\/ermeni-ve-rum-toplumu-adalet-bakani-ve-cumhurbaskanligi-sozcusu-ne-sorunlarini-anlatti-goc-veriyoruz-10-yil-sonra-toplam-nufusumuz-100-binden-50-bine-dusmus-olacak,917879\">https:\/\/t24.com.tr\/haber\/ermeni-ve-rum-toplumu-adalet-bakani-ve-cumhurbaskanligi-sozcusu-ne-sorunlarini-anlatti-goc-veriyoruz-10-yil-sonra-toplam-nufusumuz-100-binden-50-bine-dusmus-olacak,917879<\/a><\/strong><\/em><\/p>\n","protected":false},"excerpt":{"rendered":"<p>Adalet Bakan\u0131\u00a0Abd\u00fclhamit G\u00fcl\u00a0ve Cumhurba\u015fkanl\u0131\u011f\u0131 S\u00f6zc\u00fcs\u00fc\u00a0\u0130brahim Kal\u0131n, az\u0131nl\u0131k toplumlar\u0131n\u0131n ruhani liderleri ve vak\u0131f y\u00f6neticileri ile d\u00fcn bir araya geldi. Toplant\u0131da az\u0131nl\u0131k vak\u0131flar\u0131n\u0131n yedi y\u0131ld\u0131r se\u00e7im yapamamas\u0131na ili\u015fkin soruya Kal\u0131n, \u201cyedi y\u0131l uzun bir s\u00fcre\u201d diye yan\u0131t vererek \u00e7\u00f6z\u00fcm vaadinde bulundu\u011fu belirtildi. Adalet Bakan\u0131 Abd\u00fclhamit G\u00fcl ve Cumhurba\u015fkanl\u0131\u011f\u0131 S\u00f6zc\u00fcs\u00fc \u0130brahim Kal\u0131n 29 Kas\u0131m Pazar g\u00fcn\u00fc \u0130stanbul\u2019da az\u0131nl\u0131k [&hellip;]<\/p>\n","protected":false},"author":7,"featured_media":60385,"comment_status":"open","ping_status":"open","sticky":false,"template":"","format":"standard","meta":{"footnotes":""},"categories":[1,53],"tags":[],"class_list":["post-60384","post","type-post","status-publish","format-standard","has-post-thumbnail","hentry","category-haberler","category-turkiyede-azinliklar"],"yoast_head":"<!-- This site is optimized with the Yoast SEO plugin v27.4 - https:\/\/yoast.com\/product\/yoast-seo-wordpress\/ -->\n<title>Ermeni ve Rum toplumu, Adalet Bakan\u0131 ve Cumhurba\u015fkanl\u0131\u011f\u0131 S\u00f6zc\u00fcs\u00fc\u2019ne sorunlar\u0131n\u0131 anlatt\u0131: G\u00f6\u00e7 veriyoruz, 10 y\u0131l sonra toplam n\u00fcfusumuz 100 binden 50 bine d\u00fc\u015fm\u00fc\u015f olacak - Bati Ermenistan Ve Bati Ermenileri Sorunlari Ara\u015ftirmalar Merkezi<\/title>\n<meta name=\"robots\" content=\"index, follow, max-snippet:-1, max-image-preview:large, max-video-preview:-1\" \/>\n<link rel=\"canonical\" href=\"https:\/\/akunq.net\/tr\/?p=60384\" \/>\n<meta property=\"og:locale\" content=\"en_US\" \/>\n<meta property=\"og:type\" content=\"article\" \/>\n<meta property=\"og:title\" content=\"Ermeni ve Rum toplumu, Adalet Bakan\u0131 ve Cumhurba\u015fkanl\u0131\u011f\u0131 S\u00f6zc\u00fcs\u00fc\u2019ne sorunlar\u0131n\u0131 anlatt\u0131: G\u00f6\u00e7 veriyoruz, 10 y\u0131l sonra toplam n\u00fcfusumuz 100 binden 50 bine d\u00fc\u015fm\u00fc\u015f olacak - Bati Ermenistan Ve Bati Ermenileri Sorunlari Ara\u015ftirmalar Merkezi\" \/>\n<meta property=\"og:description\" content=\"Adalet Bakan\u0131\u00a0Abd\u00fclhamit G\u00fcl\u00a0ve Cumhurba\u015fkanl\u0131\u011f\u0131 S\u00f6zc\u00fcs\u00fc\u00a0\u0130brahim Kal\u0131n, az\u0131nl\u0131k toplumlar\u0131n\u0131n ruhani liderleri ve vak\u0131f y\u00f6neticileri ile d\u00fcn bir araya geldi. Toplant\u0131da az\u0131nl\u0131k vak\u0131flar\u0131n\u0131n yedi y\u0131ld\u0131r se\u00e7im yapamamas\u0131na ili\u015fkin soruya Kal\u0131n, \u201cyedi y\u0131l uzun bir s\u00fcre\u201d diye yan\u0131t vererek \u00e7\u00f6z\u00fcm vaadinde bulundu\u011fu belirtildi. Adalet Bakan\u0131 Abd\u00fclhamit G\u00fcl ve Cumhurba\u015fkanl\u0131\u011f\u0131 S\u00f6zc\u00fcs\u00fc \u0130brahim Kal\u0131n 29 Kas\u0131m Pazar g\u00fcn\u00fc \u0130stanbul\u2019da az\u0131nl\u0131k [&hellip;]\" \/>\n<meta property=\"og:url\" content=\"https:\/\/akunq.net\/tr\/?p=60384\" \/>\n<meta property=\"og:site_name\" content=\"Bati Ermenistan Ve Bati Ermenileri Sorunlari Ara\u015ftirmalar Merkezi\" \/>\n<meta property=\"article:published_time\" content=\"2020-12-01T09:12:11+00:00\" \/>\n<meta property=\"og:image\" content=\"https:\/\/akunq.net\/tr\/wp-content\/uploads\/sites\/6\/2020\/12\/T24.jpg\" \/>\n\t<meta property=\"og:image:width\" content=\"400\" \/>\n\t<meta property=\"og:image:height\" content=\"400\" \/>\n\t<meta property=\"og:image:type\" content=\"image\/jpeg\" \/>\n<meta name=\"author\" content=\"admin\" \/>\n<meta name=\"twitter:card\" content=\"summary_large_image\" \/>\n<meta name=\"twitter:label1\" content=\"Written by\" \/>\n\t<meta name=\"twitter:data1\" content=\"admin\" \/>\n\t<meta name=\"twitter:label2\" content=\"Est. reading time\" \/>\n\t<meta name=\"twitter:data2\" content=\"3 minutes\" \/>\n<script type=\"application\/ld+json\" class=\"yoast-schema-graph\">{\"@context\":\"https:\\\/\\\/schema.org\",\"@graph\":[{\"@type\":\"Article\",\"@id\":\"https:\\\/\\\/akunq.net\\\/tr\\\/?p=60384#article\",\"isPartOf\":{\"@id\":\"https:\\\/\\\/akunq.net\\\/tr\\\/?p=60384\"},\"author\":{\"name\":\"admin\",\"@id\":\"https:\\\/\\\/akunq.net\\\/tr\\\/#\\\/schema\\\/person\\\/096f1d38a12cce57fb855b485ed24c9e\"},\"headline\":\"Ermeni ve Rum toplumu, Adalet Bakan\u0131 ve Cumhurba\u015fkanl\u0131\u011f\u0131 S\u00f6zc\u00fcs\u00fc\u2019ne sorunlar\u0131n\u0131 anlatt\u0131: G\u00f6\u00e7 veriyoruz, 10 y\u0131l sonra toplam n\u00fcfusumuz 100 binden 50 bine d\u00fc\u015fm\u00fc\u015f olacak\",\"datePublished\":\"2020-12-01T09:12:11+00:00\",\"mainEntityOfPage\":{\"@id\":\"https:\\\/\\\/akunq.net\\\/tr\\\/?p=60384\"},\"wordCount\":620,\"commentCount\":0,\"image\":{\"@id\":\"https:\\\/\\\/akunq.net\\\/tr\\\/?p=60384#primaryimage\"},\"thumbnailUrl\":\"https:\\\/\\\/akunq.net\\\/tr\\\/wp-content\\\/uploads\\\/sites\\\/6\\\/2020\\\/12\\\/T24.jpg\",\"articleSection\":[\"Haberler\",\"T\u00fcrkiye\u2019de Az\u0131nl\u0131klar\"],\"inLanguage\":\"en-US\",\"potentialAction\":[{\"@type\":\"CommentAction\",\"name\":\"Comment\",\"target\":[\"https:\\\/\\\/akunq.net\\\/tr\\\/?p=60384#respond\"]}]},{\"@type\":\"WebPage\",\"@id\":\"https:\\\/\\\/akunq.net\\\/tr\\\/?p=60384\",\"url\":\"https:\\\/\\\/akunq.net\\\/tr\\\/?p=60384\",\"name\":\"Ermeni ve Rum toplumu, Adalet Bakan\u0131 ve Cumhurba\u015fkanl\u0131\u011f\u0131 S\u00f6zc\u00fcs\u00fc\u2019ne sorunlar\u0131n\u0131 anlatt\u0131: G\u00f6\u00e7 veriyoruz, 10 y\u0131l sonra toplam n\u00fcfusumuz 100 binden 50 bine d\u00fc\u015fm\u00fc\u015f olacak - Bati Ermenistan Ve Bati Ermenileri Sorunlari Ara\u015ftirmalar Merkezi\",\"isPartOf\":{\"@id\":\"https:\\\/\\\/akunq.net\\\/tr\\\/#website\"},\"primaryImageOfPage\":{\"@id\":\"https:\\\/\\\/akunq.net\\\/tr\\\/?p=60384#primaryimage\"},\"image\":{\"@id\":\"https:\\\/\\\/akunq.net\\\/tr\\\/?p=60384#primaryimage\"},\"thumbnailUrl\":\"https:\\\/\\\/akunq.net\\\/tr\\\/wp-content\\\/uploads\\\/sites\\\/6\\\/2020\\\/12\\\/T24.jpg\",\"datePublished\":\"2020-12-01T09:12:11+00:00\",\"author\":{\"@id\":\"https:\\\/\\\/akunq.net\\\/tr\\\/#\\\/schema\\\/person\\\/096f1d38a12cce57fb855b485ed24c9e\"},\"breadcrumb\":{\"@id\":\"https:\\\/\\\/akunq.net\\\/tr\\\/?p=60384#breadcrumb\"},\"inLanguage\":\"en-US\",\"potentialAction\":[{\"@type\":\"ReadAction\",\"target\":[\"https:\\\/\\\/akunq.net\\\/tr\\\/?p=60384\"]}]},{\"@type\":\"ImageObject\",\"inLanguage\":\"en-US\",\"@id\":\"https:\\\/\\\/akunq.net\\\/tr\\\/?p=60384#primaryimage\",\"url\":\"https:\\\/\\\/akunq.net\\\/tr\\\/wp-content\\\/uploads\\\/sites\\\/6\\\/2020\\\/12\\\/T24.jpg\",\"contentUrl\":\"https:\\\/\\\/akunq.net\\\/tr\\\/wp-content\\\/uploads\\\/sites\\\/6\\\/2020\\\/12\\\/T24.jpg\",\"width\":400,\"height\":400},{\"@type\":\"BreadcrumbList\",\"@id\":\"https:\\\/\\\/akunq.net\\\/tr\\\/?p=60384#breadcrumb\",\"itemListElement\":[{\"@type\":\"ListItem\",\"position\":1,\"name\":\"Home\",\"item\":\"https:\\\/\\\/akunq.net\\\/tr\"},{\"@type\":\"ListItem\",\"position\":2,\"name\":\"Ermeni ve Rum toplumu, Adalet Bakan\u0131 ve Cumhurba\u015fkanl\u0131\u011f\u0131 S\u00f6zc\u00fcs\u00fc\u2019ne sorunlar\u0131n\u0131 anlatt\u0131: G\u00f6\u00e7 veriyoruz, 10 y\u0131l sonra toplam n\u00fcfusumuz 100 binden 50 bine d\u00fc\u015fm\u00fc\u015f olacak\"}]},{\"@type\":\"WebSite\",\"@id\":\"https:\\\/\\\/akunq.net\\\/tr\\\/#website\",\"url\":\"https:\\\/\\\/akunq.net\\\/tr\\\/\",\"name\":\"Bati Ermenistan Ve Bati Ermenileri Sorunlari Ara\u015ftirmalar Merkezi\",\"description\":\"\",\"potentialAction\":[{\"@type\":\"SearchAction\",\"target\":{\"@type\":\"EntryPoint\",\"urlTemplate\":\"https:\\\/\\\/akunq.net\\\/tr\\\/?s={search_term_string}\"},\"query-input\":{\"@type\":\"PropertyValueSpecification\",\"valueRequired\":true,\"valueName\":\"search_term_string\"}}],\"inLanguage\":\"en-US\"},{\"@type\":\"Person\",\"@id\":\"https:\\\/\\\/akunq.net\\\/tr\\\/#\\\/schema\\\/person\\\/096f1d38a12cce57fb855b485ed24c9e\",\"name\":\"admin\",\"url\":\"https:\\\/\\\/akunq.net\\\/tr\\\/?author=7\"}]}<\/script>\n<!-- \/ Yoast SEO plugin. -->","yoast_head_json":{"title":"Ermeni ve Rum toplumu, Adalet Bakan\u0131 ve Cumhurba\u015fkanl\u0131\u011f\u0131 S\u00f6zc\u00fcs\u00fc\u2019ne sorunlar\u0131n\u0131 anlatt\u0131: G\u00f6\u00e7 veriyoruz, 10 y\u0131l sonra toplam n\u00fcfusumuz 100 binden 50 bine d\u00fc\u015fm\u00fc\u015f olacak - Bati Ermenistan Ve Bati Ermenileri Sorunlari Ara\u015ftirmalar Merkezi","robots":{"index":"index","follow":"follow","max-snippet":"max-snippet:-1","max-image-preview":"max-image-preview:large","max-video-preview":"max-video-preview:-1"},"canonical":"https:\/\/akunq.net\/tr\/?p=60384","og_locale":"en_US","og_type":"article","og_title":"Ermeni ve Rum toplumu, Adalet Bakan\u0131 ve Cumhurba\u015fkanl\u0131\u011f\u0131 S\u00f6zc\u00fcs\u00fc\u2019ne sorunlar\u0131n\u0131 anlatt\u0131: G\u00f6\u00e7 veriyoruz, 10 y\u0131l sonra toplam n\u00fcfusumuz 100 binden 50 bine d\u00fc\u015fm\u00fc\u015f olacak - Bati Ermenistan Ve Bati Ermenileri Sorunlari Ara\u015ftirmalar Merkezi","og_description":"Adalet Bakan\u0131\u00a0Abd\u00fclhamit G\u00fcl\u00a0ve Cumhurba\u015fkanl\u0131\u011f\u0131 S\u00f6zc\u00fcs\u00fc\u00a0\u0130brahim Kal\u0131n, az\u0131nl\u0131k toplumlar\u0131n\u0131n ruhani liderleri ve vak\u0131f y\u00f6neticileri ile d\u00fcn bir araya geldi. Toplant\u0131da az\u0131nl\u0131k vak\u0131flar\u0131n\u0131n yedi y\u0131ld\u0131r se\u00e7im yapamamas\u0131na ili\u015fkin soruya Kal\u0131n, \u201cyedi y\u0131l uzun bir s\u00fcre\u201d diye yan\u0131t vererek \u00e7\u00f6z\u00fcm vaadinde bulundu\u011fu belirtildi. Adalet Bakan\u0131 Abd\u00fclhamit G\u00fcl ve Cumhurba\u015fkanl\u0131\u011f\u0131 S\u00f6zc\u00fcs\u00fc \u0130brahim Kal\u0131n 29 Kas\u0131m Pazar g\u00fcn\u00fc \u0130stanbul\u2019da az\u0131nl\u0131k [&hellip;]","og_url":"https:\/\/akunq.net\/tr\/?p=60384","og_site_name":"Bati Ermenistan Ve Bati Ermenileri Sorunlari Ara\u015ftirmalar Merkezi","article_published_time":"2020-12-01T09:12:11+00:00","og_image":[{"width":400,"height":400,"url":"https:\/\/akunq.net\/tr\/wp-content\/uploads\/sites\/6\/2020\/12\/T24.jpg","type":"image\/jpeg"}],"author":"admin","twitter_card":"summary_large_image","twitter_misc":{"Written by":"admin","Est. reading time":"3 minutes"},"schema":{"@context":"https:\/\/schema.org","@graph":[{"@type":"Article","@id":"https:\/\/akunq.net\/tr\/?p=60384#article","isPartOf":{"@id":"https:\/\/akunq.net\/tr\/?p=60384"},"author":{"name":"admin","@id":"https:\/\/akunq.net\/tr\/#\/schema\/person\/096f1d38a12cce57fb855b485ed24c9e"},"headline":"Ermeni ve Rum toplumu, Adalet Bakan\u0131 ve Cumhurba\u015fkanl\u0131\u011f\u0131 S\u00f6zc\u00fcs\u00fc\u2019ne sorunlar\u0131n\u0131 anlatt\u0131: G\u00f6\u00e7 veriyoruz, 10 y\u0131l sonra toplam n\u00fcfusumuz 100 binden 50 bine d\u00fc\u015fm\u00fc\u015f olacak","datePublished":"2020-12-01T09:12:11+00:00","mainEntityOfPage":{"@id":"https:\/\/akunq.net\/tr\/?p=60384"},"wordCount":620,"commentCount":0,"image":{"@id":"https:\/\/akunq.net\/tr\/?p=60384#primaryimage"},"thumbnailUrl":"https:\/\/akunq.net\/tr\/wp-content\/uploads\/sites\/6\/2020\/12\/T24.jpg","articleSection":["Haberler","T\u00fcrkiye\u2019de Az\u0131nl\u0131klar"],"inLanguage":"en-US","potentialAction":[{"@type":"CommentAction","name":"Comment","target":["https:\/\/akunq.net\/tr\/?p=60384#respond"]}]},{"@type":"WebPage","@id":"https:\/\/akunq.net\/tr\/?p=60384","url":"https:\/\/akunq.net\/tr\/?p=60384","name":"Ermeni ve Rum toplumu, Adalet Bakan\u0131 ve Cumhurba\u015fkanl\u0131\u011f\u0131 S\u00f6zc\u00fcs\u00fc\u2019ne sorunlar\u0131n\u0131 anlatt\u0131: G\u00f6\u00e7 veriyoruz, 10 y\u0131l sonra toplam n\u00fcfusumuz 100 binden 50 bine d\u00fc\u015fm\u00fc\u015f olacak - Bati Ermenistan Ve Bati Ermenileri Sorunlari Ara\u015ftirmalar Merkezi","isPartOf":{"@id":"https:\/\/akunq.net\/tr\/#website"},"primaryImageOfPage":{"@id":"https:\/\/akunq.net\/tr\/?p=60384#primaryimage"},"image":{"@id":"https:\/\/akunq.net\/tr\/?p=60384#primaryimage"},"thumbnailUrl":"https:\/\/akunq.net\/tr\/wp-content\/uploads\/sites\/6\/2020\/12\/T24.jpg","datePublished":"2020-12-01T09:12:11+00:00","author":{"@id":"https:\/\/akunq.net\/tr\/#\/schema\/person\/096f1d38a12cce57fb855b485ed24c9e"},"breadcrumb":{"@id":"https:\/\/akunq.net\/tr\/?p=60384#breadcrumb"},"inLanguage":"en-US","potentialAction":[{"@type":"ReadAction","target":["https:\/\/akunq.net\/tr\/?p=60384"]}]},{"@type":"ImageObject","inLanguage":"en-US","@id":"https:\/\/akunq.net\/tr\/?p=60384#primaryimage","url":"https:\/\/akunq.net\/tr\/wp-content\/uploads\/sites\/6\/2020\/12\/T24.jpg","contentUrl":"https:\/\/akunq.net\/tr\/wp-content\/uploads\/sites\/6\/2020\/12\/T24.jpg","width":400,"height":400},{"@type":"BreadcrumbList","@id":"https:\/\/akunq.net\/tr\/?p=60384#breadcrumb","itemListElement":[{"@type":"ListItem","position":1,"name":"Home","item":"https:\/\/akunq.net\/tr"},{"@type":"ListItem","position":2,"name":"Ermeni ve Rum toplumu, Adalet Bakan\u0131 ve Cumhurba\u015fkanl\u0131\u011f\u0131 S\u00f6zc\u00fcs\u00fc\u2019ne sorunlar\u0131n\u0131 anlatt\u0131: G\u00f6\u00e7 veriyoruz, 10 y\u0131l sonra toplam n\u00fcfusumuz 100 binden 50 bine d\u00fc\u015fm\u00fc\u015f olacak"}]},{"@type":"WebSite","@id":"https:\/\/akunq.net\/tr\/#website","url":"https:\/\/akunq.net\/tr\/","name":"Bati Ermenistan Ve Bati Ermenileri Sorunlari Ara\u015ftirmalar Merkezi","description":"","potentialAction":[{"@type":"SearchAction","target":{"@type":"EntryPoint","urlTemplate":"https:\/\/akunq.net\/tr\/?s={search_term_string}"},"query-input":{"@type":"PropertyValueSpecification","valueRequired":true,"valueName":"search_term_string"}}],"inLanguage":"en-US"},{"@type":"Person","@id":"https:\/\/akunq.net\/tr\/#\/schema\/person\/096f1d38a12cce57fb855b485ed24c9e","name":"admin","url":"https:\/\/akunq.net\/tr\/?author=7"}]}},"_links":{"self":[{"href":"https:\/\/akunq.net\/tr\/index.php?rest_route=\/wp\/v2\/posts\/60384","targetHints":{"allow":["GET"]}}],"collection":[{"href":"https:\/\/akunq.net\/tr\/index.php?rest_route=\/wp\/v2\/posts"}],"about":[{"href":"https:\/\/akunq.net\/tr\/index.php?rest_route=\/wp\/v2\/types\/post"}],"author":[{"embeddable":true,"href":"https:\/\/akunq.net\/tr\/index.php?rest_route=\/wp\/v2\/users\/7"}],"replies":[{"embeddable":true,"href":"https:\/\/akunq.net\/tr\/index.php?rest_route=%2Fwp%2Fv2%2Fcomments&post=60384"}],"version-history":[{"count":1,"href":"https:\/\/akunq.net\/tr\/index.php?rest_route=\/wp\/v2\/posts\/60384\/revisions"}],"predecessor-version":[{"id":60386,"href":"https:\/\/akunq.net\/tr\/index.php?rest_route=\/wp\/v2\/posts\/60384\/revisions\/60386"}],"wp:featuredmedia":[{"embeddable":true,"href":"https:\/\/akunq.net\/tr\/index.php?rest_route=\/wp\/v2\/media\/60385"}],"wp:attachment":[{"href":"https:\/\/akunq.net\/tr\/index.php?rest_route=%2Fwp%2Fv2%2Fmedia&parent=60384"}],"wp:term":[{"taxonomy":"category","embeddable":true,"href":"https:\/\/akunq.net\/tr\/index.php?rest_route=%2Fwp%2Fv2%2Fcategories&post=60384"},{"taxonomy":"post_tag","embeddable":true,"href":"https:\/\/akunq.net\/tr\/index.php?rest_route=%2Fwp%2Fv2%2Ftags&post=60384"}],"curies":[{"name":"wp","href":"https:\/\/api.w.org\/{rel}","templated":true}]}}