{"id":60372,"date":"2020-11-30T04:38:40","date_gmt":"2020-11-30T09:38:40","guid":{"rendered":"https:\/\/akunq.net\/tr\/?p=60372"},"modified":"2020-11-30T04:38:41","modified_gmt":"2020-11-30T09:38:41","slug":"ap-turkiyeye-sert-yaptirimlar-istedi","status":"publish","type":"post","link":"https:\/\/akunq.net\/tr\/?p=60372","title":{"rendered":"AP T\u00fcrkiye&#8217;ye sert yapt\u0131r\u0131mlar istedi"},"content":{"rendered":"<p><img loading=\"lazy\" decoding=\"async\" class=\"aligncenter size-medium wp-image-60373\" src=\"https:\/\/akunq.net\/tr\/wp-content\/uploads\/2020\/11\/\u0535\u0544-360x203.jpeg\" alt=\"\" width=\"360\" height=\"203\" srcset=\"https:\/\/akunq.net\/tr\/wp-content\/uploads\/sites\/6\/2020\/11\/\u0535\u0544-360x203.jpeg 360w, https:\/\/akunq.net\/tr\/wp-content\/uploads\/sites\/6\/2020\/11\/\u0535\u0544-260x146.jpeg 260w, https:\/\/akunq.net\/tr\/wp-content\/uploads\/sites\/6\/2020\/11\/\u0535\u0544-160x90.jpeg 160w, https:\/\/akunq.net\/tr\/wp-content\/uploads\/sites\/6\/2020\/11\/\u0535\u0544.jpeg 410w\" sizes=\"auto, (max-width: 360px) 100vw, 360px\" \/><\/p>\n<p class=\"intro\"><em><strong>AB liderler zirvesi \u00f6necesi AP, AB \u00fclkelerinden Kapal\u0131 Mara\u015f&#8217;\u0131n a\u00e7\u0131lmas\u0131 ve Ankara&#8217;n\u0131n Do\u011fu Akdeniz&#8217;deki faaliyetleri nedeniyle T\u00fcrkiye&#8217;ye kar\u015f\u0131 yapt\u0131r\u0131m uygulanmas\u0131 talebinde bulundu.<\/strong><\/em><\/p>\n<div id=\"sharing-bar\" class=\"min\"><span dir=\"ltr\">\u00a0<\/span> <span style=\"letter-spacing: 0.05em;\">Avrupa Parlamentosu&#8217;nda (AP) oy \u00e7oklu\u011fuyla kabul edilen bir karar tasar\u0131s\u0131nda,<\/span><a style=\"letter-spacing: 0.05em;\" href=\"https:\/\/www.dw.com\/tr\/t%C3%BCrkiye-ab-hatt%C4%B1nda-gemi-bask%C4%B1n%C4%B1-krizi-ipler-kopabilir-endi%C5%9Fesi-artt%C4%B1\/a-55727033\">Avrupa Birli\u011fi (AB) \u00fclkelerinden<\/a><span style=\"letter-spacing: 0.05em;\">T\u00fcrkiye&#8217;ye kar\u015f\u0131 sert bir tutum izlenmesi istendi. K\u0131br\u0131s&#8217;taki T\u00fcrk askerlerinin \u00e7ekilmesinin istendi\u011fi, Mara\u015f&#8217;\u0131n sivil kullan\u0131ma a\u00e7\u0131lmas\u0131n\u0131n ele\u015ftirildi\u011fi ve T\u00fcrkiye&#8217;nin Do\u011fu Akdeniz&#8217;deki do\u011fal gaz faaliyetlerinin de &#8220;provokatif&#8221; ve &#8220;yasad\u0131\u015f\u0131&#8221; olarak nitelendirildi\u011fi karar metninde, AB&#8217;nin &#8220;sert yapt\u0131r\u0131mlarla yan\u0131t vermesi&#8221; gerekti\u011fi talep edildi ve T\u00fcrkiye&#8217;nin faaliyetleri k\u0131nand\u0131.<\/span><\/div>\n<div class=\"group\">\n<div class=\"longText\">\n<p>Kapal\u0131 Mara\u015f&#8217;ta eski duruma d\u00f6n\u00fclmesi istenilen kararda, Mara\u015f&#8217;\u0131n sivil kullan\u0131ma a\u00e7\u0131lmas\u0131n\u0131n eski mal sahiplerinin Mara\u015f&#8217;a geri d\u00f6nme ihtimalini ortadan kald\u0131rabilece\u011fine i\u015faret edildi. AP&#8217;deki oturumda s\u00f6z alan AP D\u0131\u015f \u0130li\u015fkiler Komisyonu Ba\u015fkan\u0131 David McAlister, T\u00fcrkiye&#8217;nin Kapal\u0131 Mara\u015f&#8217;la ilgili tutumunun &#8220;kabul edilemez&#8221; oldu\u011funu s\u00f6yledi. Kararda tek federasyon, iki toplum, iki b\u00f6lge ve ortak vatanda\u015fl\u0131k \u00e7\u00f6z\u00fcm\u00fcn\u00fcn desteklendi\u011fi de vurguland\u0131.<\/p>\n<p><strong>&#8220;T\u00fcrkiye b\u00fcy\u00fck jeopolitik ihtiraslar pe\u015finde&#8221;<\/strong><\/p>\n<p>Kabul edilen metinde T\u00fcrkiye&#8217;nin d\u0131\u015f politikas\u0131na da de\u011finildi. T\u00fcrkiye&#8217;nin Da\u011fl\u0131k Karaba\u011f&#8217;a a\u00e7\u0131k deste\u011fi, ayr\u0131ca Ankara&#8217;n\u0131n Suriye ve Libya&#8217;da oynad\u0131\u011f\u0131 rol\u00fcn de T\u00fcrkiye&#8217;nin &#8220;jeoekonomik \u00e7\u0131karlar&#8221; ve &#8220;b\u00fcy\u00fck jeopolitik ihtiraslar&#8221; \u00fczerinden hareket etti\u011fini g\u00f6sterdi\u011fi belirtildi. Kararda t\u00fcm bunlarla birlikte giderek artan ve s\u00fcrekli \u015fekilde T\u00fcrkiye&#8217;nin\u00a0<a href=\"https:\/\/www.dw.com\/tr\/ap-ankara-ile-yeni-ili%C5%9Fki-modeli-istiyor\/a-55733354\">Avrupa de\u011ferlerinden ve kurallar\u0131ndan<\/a>\u00a0uzakla\u015ft\u0131\u011f\u0131, T\u00fcrkiye-Avrupa ili\u015fkilerinin de tarihi d\u00fc\u015f\u00fck seviyeye geriledi\u011fi de\u011ferlendirmesi yap\u0131ld\u0131.<\/p>\n<p>Karar metininde sadece &#8220;diyalog, diplomasi ve m\u00fczakerelerin&#8221; yapt\u0131r\u0131mlar\u0131 \u00f6nleyebilece\u011fi ve ili\u015fkilerin ancak bu \u015fekilde tekrar iyile\u015febilece\u011fi vurguland\u0131.<\/p>\n<p>AP&#8217;de kabul edilen karar metininin hukuki bir ba\u011flay\u0131c\u0131l\u0131\u011f\u0131 bulunmuyor. Ancak 10-11 Aral\u0131k tarihlerinde d\u00fczenlenecek AB liderler zirvesi i\u00e7in bir tavsiye niteli\u011fi ta\u015f\u0131yor. AB liderler zirvesinde T\u00fcrkiye&#8217;nin Do\u011fu Akdeniz&#8217;deki politikas\u0131 nedeniyle Ankara&#8217;ya yapt\u0131r\u0131m uygulan\u0131p uygulanmayaca\u011f\u0131 konusunda karar verilecek.<\/p>\n<p><em><strong>AFP,AP\/HS,TY<\/strong><\/em><\/p>\n<p><em><strong>\u00a9 Deutsche Welle T\u00fcrk\u00e7e<\/strong><\/em><\/p>\n<p><em><strong>https:\/\/www.dw.com\/tr\/ap-t%C3%BCrkiyeye-sert-yapt%C4%B1r%C4%B1mlar-istedi\/a-55742223<\/strong><\/em><\/p>\n<\/div>\n<\/div>\n","protected":false},"excerpt":{"rendered":"<p>AB liderler zirvesi \u00f6necesi AP, AB \u00fclkelerinden Kapal\u0131 Mara\u015f&#8217;\u0131n a\u00e7\u0131lmas\u0131 ve Ankara&#8217;n\u0131n Do\u011fu Akdeniz&#8217;deki faaliyetleri nedeniyle T\u00fcrkiye&#8217;ye kar\u015f\u0131 yapt\u0131r\u0131m uygulanmas\u0131 talebinde bulundu. \u00a0 Avrupa Parlamentosu&#8217;nda (AP) oy \u00e7oklu\u011fuyla kabul edilen bir karar tasar\u0131s\u0131nda,Avrupa Birli\u011fi (AB) \u00fclkelerindenT\u00fcrkiye&#8217;ye kar\u015f\u0131 sert bir tutum izlenmesi istendi. K\u0131br\u0131s&#8217;taki T\u00fcrk askerlerinin \u00e7ekilmesinin istendi\u011fi, Mara\u015f&#8217;\u0131n sivil kullan\u0131ma a\u00e7\u0131lmas\u0131n\u0131n ele\u015ftirildi\u011fi ve T\u00fcrkiye&#8217;nin Do\u011fu [&hellip;]<\/p>\n","protected":false},"author":7,"featured_media":60373,"comment_status":"open","ping_status":"open","sticky":false,"template":"","format":"standard","meta":{"footnotes":""},"categories":[1],"tags":[],"class_list":["post-60372","post","type-post","status-publish","format-standard","has-post-thumbnail","hentry","category-haberler"],"yoast_head":"<!-- This site is optimized with the Yoast SEO plugin v27.4 - https:\/\/yoast.com\/product\/yoast-seo-wordpress\/ -->\n<title>AP T\u00fcrkiye&#039;ye sert yapt\u0131r\u0131mlar istedi - Bati Ermenistan Ve Bati Ermenileri Sorunlari Ara\u015ftirmalar Merkezi<\/title>\n<meta name=\"robots\" content=\"index, follow, max-snippet:-1, max-image-preview:large, max-video-preview:-1\" \/>\n<link rel=\"canonical\" href=\"https:\/\/akunq.net\/tr\/?p=60372\" \/>\n<meta property=\"og:locale\" content=\"en_US\" \/>\n<meta property=\"og:type\" content=\"article\" \/>\n<meta property=\"og:title\" content=\"AP T\u00fcrkiye&#039;ye sert yapt\u0131r\u0131mlar istedi - Bati Ermenistan Ve Bati Ermenileri Sorunlari Ara\u015ftirmalar Merkezi\" \/>\n<meta property=\"og:description\" content=\"AB liderler zirvesi \u00f6necesi AP, AB \u00fclkelerinden Kapal\u0131 Mara\u015f&#8217;\u0131n a\u00e7\u0131lmas\u0131 ve Ankara&#8217;n\u0131n Do\u011fu Akdeniz&#8217;deki faaliyetleri nedeniyle T\u00fcrkiye&#8217;ye kar\u015f\u0131 yapt\u0131r\u0131m uygulanmas\u0131 talebinde bulundu. \u00a0 Avrupa Parlamentosu&#8217;nda (AP) oy \u00e7oklu\u011fuyla kabul edilen bir karar tasar\u0131s\u0131nda,Avrupa Birli\u011fi (AB) \u00fclkelerindenT\u00fcrkiye&#8217;ye kar\u015f\u0131 sert bir tutum izlenmesi istendi. K\u0131br\u0131s&#8217;taki T\u00fcrk askerlerinin \u00e7ekilmesinin istendi\u011fi, Mara\u015f&#8217;\u0131n sivil kullan\u0131ma a\u00e7\u0131lmas\u0131n\u0131n ele\u015ftirildi\u011fi ve T\u00fcrkiye&#8217;nin Do\u011fu [&hellip;]\" \/>\n<meta property=\"og:url\" content=\"https:\/\/akunq.net\/tr\/?p=60372\" \/>\n<meta property=\"og:site_name\" content=\"Bati Ermenistan Ve Bati Ermenileri Sorunlari Ara\u015ftirmalar Merkezi\" \/>\n<meta property=\"article:published_time\" content=\"2020-11-30T09:38:40+00:00\" \/>\n<meta property=\"article:modified_time\" content=\"2020-11-30T09:38:41+00:00\" \/>\n<meta property=\"og:image\" content=\"https:\/\/akunq.net\/tr\/wp-content\/uploads\/sites\/6\/2020\/11\/\u0535\u0544.jpeg\" \/>\n\t<meta property=\"og:image:width\" content=\"410\" \/>\n\t<meta property=\"og:image:height\" content=\"231\" \/>\n\t<meta property=\"og:image:type\" content=\"image\/jpeg\" \/>\n<meta name=\"author\" content=\"admin\" \/>\n<meta name=\"twitter:card\" content=\"summary_large_image\" \/>\n<meta name=\"twitter:label1\" content=\"Written by\" \/>\n\t<meta name=\"twitter:data1\" content=\"admin\" \/>\n\t<meta name=\"twitter:label2\" content=\"Est. reading time\" \/>\n\t<meta name=\"twitter:data2\" content=\"2 minutes\" \/>\n<script type=\"application\/ld+json\" class=\"yoast-schema-graph\">{\"@context\":\"https:\\\/\\\/schema.org\",\"@graph\":[{\"@type\":\"Article\",\"@id\":\"https:\\\/\\\/akunq.net\\\/tr\\\/?p=60372#article\",\"isPartOf\":{\"@id\":\"https:\\\/\\\/akunq.net\\\/tr\\\/?p=60372\"},\"author\":{\"name\":\"admin\",\"@id\":\"https:\\\/\\\/akunq.net\\\/tr\\\/#\\\/schema\\\/person\\\/096f1d38a12cce57fb855b485ed24c9e\"},\"headline\":\"AP T\u00fcrkiye&#8217;ye sert yapt\u0131r\u0131mlar istedi\",\"datePublished\":\"2020-11-30T09:38:40+00:00\",\"dateModified\":\"2020-11-30T09:38:41+00:00\",\"mainEntityOfPage\":{\"@id\":\"https:\\\/\\\/akunq.net\\\/tr\\\/?p=60372\"},\"wordCount\":401,\"commentCount\":0,\"image\":{\"@id\":\"https:\\\/\\\/akunq.net\\\/tr\\\/?p=60372#primaryimage\"},\"thumbnailUrl\":\"https:\\\/\\\/akunq.net\\\/tr\\\/wp-content\\\/uploads\\\/sites\\\/6\\\/2020\\\/11\\\/\u0535\u0544.jpeg\",\"articleSection\":[\"Haberler\"],\"inLanguage\":\"en-US\",\"potentialAction\":[{\"@type\":\"CommentAction\",\"name\":\"Comment\",\"target\":[\"https:\\\/\\\/akunq.net\\\/tr\\\/?p=60372#respond\"]}]},{\"@type\":\"WebPage\",\"@id\":\"https:\\\/\\\/akunq.net\\\/tr\\\/?p=60372\",\"url\":\"https:\\\/\\\/akunq.net\\\/tr\\\/?p=60372\",\"name\":\"AP T\u00fcrkiye'ye sert yapt\u0131r\u0131mlar istedi - Bati Ermenistan Ve Bati Ermenileri Sorunlari Ara\u015ftirmalar Merkezi\",\"isPartOf\":{\"@id\":\"https:\\\/\\\/akunq.net\\\/tr\\\/#website\"},\"primaryImageOfPage\":{\"@id\":\"https:\\\/\\\/akunq.net\\\/tr\\\/?p=60372#primaryimage\"},\"image\":{\"@id\":\"https:\\\/\\\/akunq.net\\\/tr\\\/?p=60372#primaryimage\"},\"thumbnailUrl\":\"https:\\\/\\\/akunq.net\\\/tr\\\/wp-content\\\/uploads\\\/sites\\\/6\\\/2020\\\/11\\\/\u0535\u0544.jpeg\",\"datePublished\":\"2020-11-30T09:38:40+00:00\",\"dateModified\":\"2020-11-30T09:38:41+00:00\",\"author\":{\"@id\":\"https:\\\/\\\/akunq.net\\\/tr\\\/#\\\/schema\\\/person\\\/096f1d38a12cce57fb855b485ed24c9e\"},\"breadcrumb\":{\"@id\":\"https:\\\/\\\/akunq.net\\\/tr\\\/?p=60372#breadcrumb\"},\"inLanguage\":\"en-US\",\"potentialAction\":[{\"@type\":\"ReadAction\",\"target\":[\"https:\\\/\\\/akunq.net\\\/tr\\\/?p=60372\"]}]},{\"@type\":\"ImageObject\",\"inLanguage\":\"en-US\",\"@id\":\"https:\\\/\\\/akunq.net\\\/tr\\\/?p=60372#primaryimage\",\"url\":\"https:\\\/\\\/akunq.net\\\/tr\\\/wp-content\\\/uploads\\\/sites\\\/6\\\/2020\\\/11\\\/\u0535\u0544.jpeg\",\"contentUrl\":\"https:\\\/\\\/akunq.net\\\/tr\\\/wp-content\\\/uploads\\\/sites\\\/6\\\/2020\\\/11\\\/\u0535\u0544.jpeg\",\"width\":410,\"height\":231},{\"@type\":\"BreadcrumbList\",\"@id\":\"https:\\\/\\\/akunq.net\\\/tr\\\/?p=60372#breadcrumb\",\"itemListElement\":[{\"@type\":\"ListItem\",\"position\":1,\"name\":\"Home\",\"item\":\"https:\\\/\\\/akunq.net\\\/tr\"},{\"@type\":\"ListItem\",\"position\":2,\"name\":\"AP T\u00fcrkiye&#8217;ye sert yapt\u0131r\u0131mlar istedi\"}]},{\"@type\":\"WebSite\",\"@id\":\"https:\\\/\\\/akunq.net\\\/tr\\\/#website\",\"url\":\"https:\\\/\\\/akunq.net\\\/tr\\\/\",\"name\":\"Bati Ermenistan Ve Bati Ermenileri Sorunlari Ara\u015ftirmalar Merkezi\",\"description\":\"\",\"potentialAction\":[{\"@type\":\"SearchAction\",\"target\":{\"@type\":\"EntryPoint\",\"urlTemplate\":\"https:\\\/\\\/akunq.net\\\/tr\\\/?s={search_term_string}\"},\"query-input\":{\"@type\":\"PropertyValueSpecification\",\"valueRequired\":true,\"valueName\":\"search_term_string\"}}],\"inLanguage\":\"en-US\"},{\"@type\":\"Person\",\"@id\":\"https:\\\/\\\/akunq.net\\\/tr\\\/#\\\/schema\\\/person\\\/096f1d38a12cce57fb855b485ed24c9e\",\"name\":\"admin\",\"url\":\"https:\\\/\\\/akunq.net\\\/tr\\\/?author=7\"}]}<\/script>\n<!-- \/ Yoast SEO plugin. -->","yoast_head_json":{"title":"AP T\u00fcrkiye'ye sert yapt\u0131r\u0131mlar istedi - Bati Ermenistan Ve Bati Ermenileri Sorunlari Ara\u015ftirmalar Merkezi","robots":{"index":"index","follow":"follow","max-snippet":"max-snippet:-1","max-image-preview":"max-image-preview:large","max-video-preview":"max-video-preview:-1"},"canonical":"https:\/\/akunq.net\/tr\/?p=60372","og_locale":"en_US","og_type":"article","og_title":"AP T\u00fcrkiye'ye sert yapt\u0131r\u0131mlar istedi - Bati Ermenistan Ve Bati Ermenileri Sorunlari Ara\u015ftirmalar Merkezi","og_description":"AB liderler zirvesi \u00f6necesi AP, AB \u00fclkelerinden Kapal\u0131 Mara\u015f&#8217;\u0131n a\u00e7\u0131lmas\u0131 ve Ankara&#8217;n\u0131n Do\u011fu Akdeniz&#8217;deki faaliyetleri nedeniyle T\u00fcrkiye&#8217;ye kar\u015f\u0131 yapt\u0131r\u0131m uygulanmas\u0131 talebinde bulundu. \u00a0 Avrupa Parlamentosu&#8217;nda (AP) oy \u00e7oklu\u011fuyla kabul edilen bir karar tasar\u0131s\u0131nda,Avrupa Birli\u011fi (AB) \u00fclkelerindenT\u00fcrkiye&#8217;ye kar\u015f\u0131 sert bir tutum izlenmesi istendi. K\u0131br\u0131s&#8217;taki T\u00fcrk askerlerinin \u00e7ekilmesinin istendi\u011fi, Mara\u015f&#8217;\u0131n sivil kullan\u0131ma a\u00e7\u0131lmas\u0131n\u0131n ele\u015ftirildi\u011fi ve T\u00fcrkiye&#8217;nin Do\u011fu [&hellip;]","og_url":"https:\/\/akunq.net\/tr\/?p=60372","og_site_name":"Bati Ermenistan Ve Bati Ermenileri Sorunlari Ara\u015ftirmalar Merkezi","article_published_time":"2020-11-30T09:38:40+00:00","article_modified_time":"2020-11-30T09:38:41+00:00","og_image":[{"width":410,"height":231,"url":"https:\/\/akunq.net\/tr\/wp-content\/uploads\/sites\/6\/2020\/11\/\u0535\u0544.jpeg","type":"image\/jpeg"}],"author":"admin","twitter_card":"summary_large_image","twitter_misc":{"Written by":"admin","Est. reading time":"2 minutes"},"schema":{"@context":"https:\/\/schema.org","@graph":[{"@type":"Article","@id":"https:\/\/akunq.net\/tr\/?p=60372#article","isPartOf":{"@id":"https:\/\/akunq.net\/tr\/?p=60372"},"author":{"name":"admin","@id":"https:\/\/akunq.net\/tr\/#\/schema\/person\/096f1d38a12cce57fb855b485ed24c9e"},"headline":"AP T\u00fcrkiye&#8217;ye sert yapt\u0131r\u0131mlar istedi","datePublished":"2020-11-30T09:38:40+00:00","dateModified":"2020-11-30T09:38:41+00:00","mainEntityOfPage":{"@id":"https:\/\/akunq.net\/tr\/?p=60372"},"wordCount":401,"commentCount":0,"image":{"@id":"https:\/\/akunq.net\/tr\/?p=60372#primaryimage"},"thumbnailUrl":"https:\/\/akunq.net\/tr\/wp-content\/uploads\/sites\/6\/2020\/11\/\u0535\u0544.jpeg","articleSection":["Haberler"],"inLanguage":"en-US","potentialAction":[{"@type":"CommentAction","name":"Comment","target":["https:\/\/akunq.net\/tr\/?p=60372#respond"]}]},{"@type":"WebPage","@id":"https:\/\/akunq.net\/tr\/?p=60372","url":"https:\/\/akunq.net\/tr\/?p=60372","name":"AP T\u00fcrkiye'ye sert yapt\u0131r\u0131mlar istedi - Bati Ermenistan Ve Bati Ermenileri Sorunlari Ara\u015ftirmalar Merkezi","isPartOf":{"@id":"https:\/\/akunq.net\/tr\/#website"},"primaryImageOfPage":{"@id":"https:\/\/akunq.net\/tr\/?p=60372#primaryimage"},"image":{"@id":"https:\/\/akunq.net\/tr\/?p=60372#primaryimage"},"thumbnailUrl":"https:\/\/akunq.net\/tr\/wp-content\/uploads\/sites\/6\/2020\/11\/\u0535\u0544.jpeg","datePublished":"2020-11-30T09:38:40+00:00","dateModified":"2020-11-30T09:38:41+00:00","author":{"@id":"https:\/\/akunq.net\/tr\/#\/schema\/person\/096f1d38a12cce57fb855b485ed24c9e"},"breadcrumb":{"@id":"https:\/\/akunq.net\/tr\/?p=60372#breadcrumb"},"inLanguage":"en-US","potentialAction":[{"@type":"ReadAction","target":["https:\/\/akunq.net\/tr\/?p=60372"]}]},{"@type":"ImageObject","inLanguage":"en-US","@id":"https:\/\/akunq.net\/tr\/?p=60372#primaryimage","url":"https:\/\/akunq.net\/tr\/wp-content\/uploads\/sites\/6\/2020\/11\/\u0535\u0544.jpeg","contentUrl":"https:\/\/akunq.net\/tr\/wp-content\/uploads\/sites\/6\/2020\/11\/\u0535\u0544.jpeg","width":410,"height":231},{"@type":"BreadcrumbList","@id":"https:\/\/akunq.net\/tr\/?p=60372#breadcrumb","itemListElement":[{"@type":"ListItem","position":1,"name":"Home","item":"https:\/\/akunq.net\/tr"},{"@type":"ListItem","position":2,"name":"AP T\u00fcrkiye&#8217;ye sert yapt\u0131r\u0131mlar istedi"}]},{"@type":"WebSite","@id":"https:\/\/akunq.net\/tr\/#website","url":"https:\/\/akunq.net\/tr\/","name":"Bati Ermenistan Ve Bati Ermenileri Sorunlari Ara\u015ftirmalar Merkezi","description":"","potentialAction":[{"@type":"SearchAction","target":{"@type":"EntryPoint","urlTemplate":"https:\/\/akunq.net\/tr\/?s={search_term_string}"},"query-input":{"@type":"PropertyValueSpecification","valueRequired":true,"valueName":"search_term_string"}}],"inLanguage":"en-US"},{"@type":"Person","@id":"https:\/\/akunq.net\/tr\/#\/schema\/person\/096f1d38a12cce57fb855b485ed24c9e","name":"admin","url":"https:\/\/akunq.net\/tr\/?author=7"}]}},"_links":{"self":[{"href":"https:\/\/akunq.net\/tr\/index.php?rest_route=\/wp\/v2\/posts\/60372","targetHints":{"allow":["GET"]}}],"collection":[{"href":"https:\/\/akunq.net\/tr\/index.php?rest_route=\/wp\/v2\/posts"}],"about":[{"href":"https:\/\/akunq.net\/tr\/index.php?rest_route=\/wp\/v2\/types\/post"}],"author":[{"embeddable":true,"href":"https:\/\/akunq.net\/tr\/index.php?rest_route=\/wp\/v2\/users\/7"}],"replies":[{"embeddable":true,"href":"https:\/\/akunq.net\/tr\/index.php?rest_route=%2Fwp%2Fv2%2Fcomments&post=60372"}],"version-history":[{"count":1,"href":"https:\/\/akunq.net\/tr\/index.php?rest_route=\/wp\/v2\/posts\/60372\/revisions"}],"predecessor-version":[{"id":60374,"href":"https:\/\/akunq.net\/tr\/index.php?rest_route=\/wp\/v2\/posts\/60372\/revisions\/60374"}],"wp:featuredmedia":[{"embeddable":true,"href":"https:\/\/akunq.net\/tr\/index.php?rest_route=\/wp\/v2\/media\/60373"}],"wp:attachment":[{"href":"https:\/\/akunq.net\/tr\/index.php?rest_route=%2Fwp%2Fv2%2Fmedia&parent=60372"}],"wp:term":[{"taxonomy":"category","embeddable":true,"href":"https:\/\/akunq.net\/tr\/index.php?rest_route=%2Fwp%2Fv2%2Fcategories&post=60372"},{"taxonomy":"post_tag","embeddable":true,"href":"https:\/\/akunq.net\/tr\/index.php?rest_route=%2Fwp%2Fv2%2Ftags&post=60372"}],"curies":[{"name":"wp","href":"https:\/\/api.w.org\/{rel}","templated":true}]}}