{"id":60365,"date":"2020-11-26T04:49:11","date_gmt":"2020-11-26T09:49:11","guid":{"rendered":"https:\/\/akunq.net\/tr\/?p=60365"},"modified":"2020-11-26T04:49:11","modified_gmt":"2020-11-26T09:49:11","slug":"netanyahunun-gizli-riyad-ziyaretinin-sebebi-belli-oldu-prens-selman-o-bolgede-turkiyeye-karsi-yardim-istedi","status":"publish","type":"post","link":"https:\/\/akunq.net\/tr\/?p=60365","title":{"rendered":"Netanyahu&#8217;nun gizli Riyad ziyaretinin sebebi belli oldu! Prens Selman o b\u00f6lgede T\u00fcrkiye&#8217;ye kar\u015f\u0131 yard\u0131m istedi"},"content":{"rendered":"<p><img loading=\"lazy\" decoding=\"async\" class=\"aligncenter size-medium wp-image-60366\" src=\"https:\/\/akunq.net\/tr\/wp-content\/uploads\/2020\/11\/\u0546\u0565\u0569\u0561\u0576\u0575\u0561\u0570\u0578\u0582-\u0587-\u054d\u0561\u056c\u0574\u0561\u0576-360x220.jpg\" alt=\"\" width=\"360\" height=\"220\" srcset=\"https:\/\/akunq.net\/tr\/wp-content\/uploads\/sites\/6\/2020\/11\/\u0546\u0565\u0569\u0561\u0576\u0575\u0561\u0570\u0578\u0582-\u0587-\u054d\u0561\u056c\u0574\u0561\u0576-360x220.jpg 360w, https:\/\/akunq.net\/tr\/wp-content\/uploads\/sites\/6\/2020\/11\/\u0546\u0565\u0569\u0561\u0576\u0575\u0561\u0570\u0578\u0582-\u0587-\u054d\u0561\u056c\u0574\u0561\u0576-560x342.jpg 560w, https:\/\/akunq.net\/tr\/wp-content\/uploads\/sites\/6\/2020\/11\/\u0546\u0565\u0569\u0561\u0576\u0575\u0561\u0570\u0578\u0582-\u0587-\u054d\u0561\u056c\u0574\u0561\u0576-260x159.jpg 260w, https:\/\/akunq.net\/tr\/wp-content\/uploads\/sites\/6\/2020\/11\/\u0546\u0565\u0569\u0561\u0576\u0575\u0561\u0570\u0578\u0582-\u0587-\u054d\u0561\u056c\u0574\u0561\u0576-160x98.jpg 160w, https:\/\/akunq.net\/tr\/wp-content\/uploads\/sites\/6\/2020\/11\/\u0546\u0565\u0569\u0561\u0576\u0575\u0561\u0570\u0578\u0582-\u0587-\u054d\u0561\u056c\u0574\u0561\u0576.jpg 706w\" sizes=\"auto, (max-width: 360px) 100vw, 360px\" \/><\/p>\n<p><em><strong>\u0130srail Ba\u015fbakan\u0131 Netanyahu ge\u00e7ti\u011fimiz g\u00fcnlerde gizlice Riyad&#8217;a giderek Prens Selam ile g\u00f6r\u00fc\u015fm\u00fc\u015ft\u00fc. O g\u00f6r\u00fc\u015fmenin detaylar\u0131 ortaya \u00e7\u0131kt\u0131. Prens Selman&#8217;\u0131n T\u00fcrkiye&#8217;nin Do\u011fu Kud\u00fcs&#8217;teki etkisini azaltmak i\u00e7in Netanyahu&#8217;dan yard\u0131m dilendi\u011fi \u00f6\u011frenildi.<\/strong><\/em><\/p>\n<p>Suudi Arabistan\u2019\u0131n K\u0131z\u0131ldeniz k\u0131y\u0131s\u0131ndaki Neom kentinde\u00a0\u0130srail\u00a0Ba\u015fbakan\u0131 Binyamin Netanyahu ile Suudi Arabistan Veliaht Prensi Muhammed bin Selman aras\u0131nda pazar g\u00fcn\u00fc ger\u00e7ekle\u015fen gizli g\u00f6r\u00fc\u015fmeye ili\u015fkin yeni detaylar ortaya \u00e7\u0131kmaya devam ediyor.<\/p>\n<p>\u0130srail Hayom gazetesine g\u00f6r\u00fc\u015fmeyle ilgili detaylar\u0131 a\u00e7\u0131klayan Suudi yetkililer, gizli toplant\u0131da ABD\u2019de Joe Biden y\u00f6netimi ve \u0130ran\u2019a kar\u015f\u0131 ortak bir cephenin kurulmas\u0131n\u0131n tart\u0131\u015f\u0131ld\u0131\u011f\u0131n\u0131 belirtti.<\/p>\n<p>Veliaht Prens\u2019in ABD\u2019deki Ka\u015f\u0131k\u00e7\u0131 dosyas\u0131na ili\u015fkin \u0130srail\u2019in deste\u011fini istedi\u011fi kaydedildi. Netanyahu ve Muhammed bin Selman\u2019\u0131n gizli g\u00f6r\u00fc\u015fmesinde Filistin meselesi \u00e7er\u00e7evesinde T\u00fcrkiye\u2019yi hedef alacak bir stratejinin de konu\u015fuldu\u011fu belirtildi. \u0130kilinin, T\u00fcrkiye\u2019nin Do\u011fu Kud\u00fcs\u2019teki etkisini azaltmaya y\u00f6nelik bir plan\u0131 ele ald\u0131\u011f\u0131 kaydedildi.<\/p>\n<p><strong>DO\u011eU KUD\u00dcS PLANI\u00a0<\/strong><\/p>\n<p>Habere g\u00f6re, ikili g\u00f6r\u00fc\u015fmede, Filistin\u2019de T\u00fcrkiye\u2019nin rol\u00fcnden rahats\u0131zl\u0131k duyan Suudi Arabistan\u2019\u0131n daha aktif rol almas\u0131 ele al\u0131nd\u0131. \u0130srail\u2019in de T\u00fcrkiye\u2019nin \u00f6zellikle Do\u011fu Kud\u00fcs\u2019teki etkinli\u011fini k\u0131rmak i\u00e7in Riyad\u2019\u0131n aktif rol\u00fcne s\u0131cak bakt\u0131\u011f\u0131 belirtildi.<\/p>\n<p>Do\u011fu Kud\u00fcs\u2019te Cumhurba\u015fkan\u0131 Erdo\u011fan\u2019\u0131n liderli\u011finde artan T\u00fcrkiye etkisini dengelemek ad\u0131na Suud destekli yard\u0131m kurulu\u015flar\u0131n\u0131n faaliyetine izin verilmesi g\u00fcndeme geldi.<\/p>\n<p><strong>AKSA Y\u00d6NET\u0130M\u0130NE G\u00d6Z D\u0130KT\u0130<\/strong><\/p>\n<p>Toplant\u0131da, Mescid-i Aksa\u2019n\u0131n y\u00f6netiminden sorumlu Kud\u00fcs \u0130slam Vakf\u0131\u2019na Suud temsilcilerin bulunmas\u0131n\u0131n teklif edildi\u011fi ve \u0130srail\u2019in de bu teklifi destekleyece\u011fi belirtildi.\u00a0Riyad\u2019\u0131n Filistin y\u00f6netimine ve Gazze\u2019ye maddi yard\u0131mda bulunma \u00f6nerisinde bulundu\u011fu da kaydedildi.<\/p>\n<p><strong>\u0130RAN\u2019A KAR\u015eI EN \u00d6NEML\u0130 M\u00dcTTEF\u0130K<\/strong><\/p>\n<p>Gizli g\u00f6r\u00fc\u015fmede T\u00fcrkiye\u2019nin yan\u0131 s\u0131ra ABD\u2019nin yeni Ba\u015fkan\u0131 Joe Biden y\u00f6netimine kar\u015f\u0131 ortak politikalar geli\u015ftirilmesi de ele al\u0131nd\u0131.\u00a0Suud taraf\u0131ndan Biden y\u00f6netiminin halihaz\u0131rda \u0130ran\u2019la yeni bir n\u00fckleer anla\u015fmay\u0131 haz\u0131rlad\u0131\u011f\u0131n\u0131 d\u00fc\u015f\u00fcnd\u00fc\u011f\u00fc ve etkisini azaltmay\u0131 hedefledi\u011fi belirtildi. Riyad\u2019\u0131n \u0130ran tehdidine kar\u015f\u0131 \u0130srail\u2019i en \u00f6nemli m\u00fcttefik olarak g\u00f6rd\u00fc\u011f\u00fc de g\u00f6r\u00fc\u015fmede kaydedildi.<\/p>\n<p><strong>KA\u015eIK\u00c7I DAVASI KORKUSU<\/strong><\/p>\n<p>\u00d6te yandan Riyad\u2019\u0131n, Biden y\u00f6netimiyle, Suud gazeteci Cemal Ka\u015f\u0131k\u00e7\u0131 cinayetine ili\u015fkin, ba\u015fta Muhammed bin Selman olmak \u00fczere di\u011fer Suudi yetkililer hakk\u0131nda yakalama karar\u0131 \u00e7\u0131kmas\u0131 ve olas\u0131 yapt\u0131r\u0131mlar nedeniyle duydu\u011fu endi\u015fe de g\u00f6r\u00fc\u015fmede dile getirildi.\u00a0Veliaht Prens\u2019in bu konuda \u0130srail\u2019in ABD\u2019deki etkisini kullanmas\u0131n\u0131 istedi\u011fi belirtildi.<\/p>\n<p><em><strong>https:\/\/www.nethaber.com\/dunya\/netanyahunun-gizli-riyad-ziyaretinin-sebebi-belli-oldu-prens-selman-o-bolgede-turkiyeye-karsi-yardim-istedi-36183\u00a0<\/strong><\/em><\/p>\n","protected":false},"excerpt":{"rendered":"<p>\u0130srail Ba\u015fbakan\u0131 Netanyahu ge\u00e7ti\u011fimiz g\u00fcnlerde gizlice Riyad&#8217;a giderek Prens Selam ile g\u00f6r\u00fc\u015fm\u00fc\u015ft\u00fc. O g\u00f6r\u00fc\u015fmenin detaylar\u0131 ortaya \u00e7\u0131kt\u0131. Prens Selman&#8217;\u0131n T\u00fcrkiye&#8217;nin Do\u011fu Kud\u00fcs&#8217;teki etkisini azaltmak i\u00e7in Netanyahu&#8217;dan yard\u0131m dilendi\u011fi \u00f6\u011frenildi. Suudi Arabistan\u2019\u0131n K\u0131z\u0131ldeniz k\u0131y\u0131s\u0131ndaki Neom kentinde\u00a0\u0130srail\u00a0Ba\u015fbakan\u0131 Binyamin Netanyahu ile Suudi Arabistan Veliaht Prensi Muhammed bin Selman aras\u0131nda pazar g\u00fcn\u00fc ger\u00e7ekle\u015fen gizli g\u00f6r\u00fc\u015fmeye ili\u015fkin yeni detaylar ortaya [&hellip;]<\/p>\n","protected":false},"author":7,"featured_media":60366,"comment_status":"open","ping_status":"open","sticky":false,"template":"","format":"standard","meta":{"footnotes":""},"categories":[1],"tags":[],"class_list":["post-60365","post","type-post","status-publish","format-standard","has-post-thumbnail","hentry","category-haberler"],"yoast_head":"<!-- This site is optimized with the Yoast SEO plugin v27.4 - https:\/\/yoast.com\/product\/yoast-seo-wordpress\/ -->\n<title>Netanyahu&#039;nun gizli Riyad ziyaretinin sebebi belli oldu! Prens Selman o b\u00f6lgede T\u00fcrkiye&#039;ye kar\u015f\u0131 yard\u0131m istedi - Bati Ermenistan Ve Bati Ermenileri Sorunlari Ara\u015ftirmalar Merkezi<\/title>\n<meta name=\"robots\" content=\"index, follow, max-snippet:-1, max-image-preview:large, max-video-preview:-1\" \/>\n<link rel=\"canonical\" href=\"https:\/\/akunq.net\/tr\/?p=60365\" \/>\n<meta property=\"og:locale\" content=\"en_US\" \/>\n<meta property=\"og:type\" content=\"article\" \/>\n<meta property=\"og:title\" content=\"Netanyahu&#039;nun gizli Riyad ziyaretinin sebebi belli oldu! Prens Selman o b\u00f6lgede T\u00fcrkiye&#039;ye kar\u015f\u0131 yard\u0131m istedi - Bati Ermenistan Ve Bati Ermenileri Sorunlari Ara\u015ftirmalar Merkezi\" \/>\n<meta property=\"og:description\" content=\"\u0130srail Ba\u015fbakan\u0131 Netanyahu ge\u00e7ti\u011fimiz g\u00fcnlerde gizlice Riyad&#8217;a giderek Prens Selam ile g\u00f6r\u00fc\u015fm\u00fc\u015ft\u00fc. O g\u00f6r\u00fc\u015fmenin detaylar\u0131 ortaya \u00e7\u0131kt\u0131. Prens Selman&#8217;\u0131n T\u00fcrkiye&#8217;nin Do\u011fu Kud\u00fcs&#8217;teki etkisini azaltmak i\u00e7in Netanyahu&#8217;dan yard\u0131m dilendi\u011fi \u00f6\u011frenildi. Suudi Arabistan\u2019\u0131n K\u0131z\u0131ldeniz k\u0131y\u0131s\u0131ndaki Neom kentinde\u00a0\u0130srail\u00a0Ba\u015fbakan\u0131 Binyamin Netanyahu ile Suudi Arabistan Veliaht Prensi Muhammed bin Selman aras\u0131nda pazar g\u00fcn\u00fc ger\u00e7ekle\u015fen gizli g\u00f6r\u00fc\u015fmeye ili\u015fkin yeni detaylar ortaya [&hellip;]\" \/>\n<meta property=\"og:url\" content=\"https:\/\/akunq.net\/tr\/?p=60365\" \/>\n<meta property=\"og:site_name\" content=\"Bati Ermenistan Ve Bati Ermenileri Sorunlari Ara\u015ftirmalar Merkezi\" \/>\n<meta property=\"article:published_time\" content=\"2020-11-26T09:49:11+00:00\" \/>\n<meta property=\"og:image\" content=\"https:\/\/akunq.net\/tr\/wp-content\/uploads\/sites\/6\/2020\/11\/\u0546\u0565\u0569\u0561\u0576\u0575\u0561\u0570\u0578\u0582-\u0587-\u054d\u0561\u056c\u0574\u0561\u0576.jpg\" \/>\n\t<meta property=\"og:image:width\" content=\"706\" \/>\n\t<meta property=\"og:image:height\" content=\"431\" \/>\n\t<meta property=\"og:image:type\" content=\"image\/jpeg\" \/>\n<meta name=\"author\" content=\"admin\" \/>\n<meta name=\"twitter:card\" content=\"summary_large_image\" \/>\n<meta name=\"twitter:label1\" content=\"Written by\" \/>\n\t<meta name=\"twitter:data1\" content=\"admin\" \/>\n\t<meta name=\"twitter:label2\" content=\"Est. reading time\" \/>\n\t<meta name=\"twitter:data2\" content=\"2 minutes\" \/>\n<script type=\"application\/ld+json\" class=\"yoast-schema-graph\">{\"@context\":\"https:\\\/\\\/schema.org\",\"@graph\":[{\"@type\":\"Article\",\"@id\":\"https:\\\/\\\/akunq.net\\\/tr\\\/?p=60365#article\",\"isPartOf\":{\"@id\":\"https:\\\/\\\/akunq.net\\\/tr\\\/?p=60365\"},\"author\":{\"name\":\"admin\",\"@id\":\"https:\\\/\\\/akunq.net\\\/tr\\\/#\\\/schema\\\/person\\\/096f1d38a12cce57fb855b485ed24c9e\"},\"headline\":\"Netanyahu&#8217;nun gizli Riyad ziyaretinin sebebi belli oldu! Prens Selman o b\u00f6lgede T\u00fcrkiye&#8217;ye kar\u015f\u0131 yard\u0131m istedi\",\"datePublished\":\"2020-11-26T09:49:11+00:00\",\"mainEntityOfPage\":{\"@id\":\"https:\\\/\\\/akunq.net\\\/tr\\\/?p=60365\"},\"wordCount\":511,\"commentCount\":0,\"image\":{\"@id\":\"https:\\\/\\\/akunq.net\\\/tr\\\/?p=60365#primaryimage\"},\"thumbnailUrl\":\"https:\\\/\\\/akunq.net\\\/tr\\\/wp-content\\\/uploads\\\/sites\\\/6\\\/2020\\\/11\\\/\u0546\u0565\u0569\u0561\u0576\u0575\u0561\u0570\u0578\u0582-\u0587-\u054d\u0561\u056c\u0574\u0561\u0576.jpg\",\"articleSection\":[\"Haberler\"],\"inLanguage\":\"en-US\",\"potentialAction\":[{\"@type\":\"CommentAction\",\"name\":\"Comment\",\"target\":[\"https:\\\/\\\/akunq.net\\\/tr\\\/?p=60365#respond\"]}]},{\"@type\":\"WebPage\",\"@id\":\"https:\\\/\\\/akunq.net\\\/tr\\\/?p=60365\",\"url\":\"https:\\\/\\\/akunq.net\\\/tr\\\/?p=60365\",\"name\":\"Netanyahu'nun gizli Riyad ziyaretinin sebebi belli oldu! Prens Selman o b\u00f6lgede T\u00fcrkiye'ye kar\u015f\u0131 yard\u0131m istedi - Bati Ermenistan Ve Bati Ermenileri Sorunlari Ara\u015ftirmalar Merkezi\",\"isPartOf\":{\"@id\":\"https:\\\/\\\/akunq.net\\\/tr\\\/#website\"},\"primaryImageOfPage\":{\"@id\":\"https:\\\/\\\/akunq.net\\\/tr\\\/?p=60365#primaryimage\"},\"image\":{\"@id\":\"https:\\\/\\\/akunq.net\\\/tr\\\/?p=60365#primaryimage\"},\"thumbnailUrl\":\"https:\\\/\\\/akunq.net\\\/tr\\\/wp-content\\\/uploads\\\/sites\\\/6\\\/2020\\\/11\\\/\u0546\u0565\u0569\u0561\u0576\u0575\u0561\u0570\u0578\u0582-\u0587-\u054d\u0561\u056c\u0574\u0561\u0576.jpg\",\"datePublished\":\"2020-11-26T09:49:11+00:00\",\"author\":{\"@id\":\"https:\\\/\\\/akunq.net\\\/tr\\\/#\\\/schema\\\/person\\\/096f1d38a12cce57fb855b485ed24c9e\"},\"breadcrumb\":{\"@id\":\"https:\\\/\\\/akunq.net\\\/tr\\\/?p=60365#breadcrumb\"},\"inLanguage\":\"en-US\",\"potentialAction\":[{\"@type\":\"ReadAction\",\"target\":[\"https:\\\/\\\/akunq.net\\\/tr\\\/?p=60365\"]}]},{\"@type\":\"ImageObject\",\"inLanguage\":\"en-US\",\"@id\":\"https:\\\/\\\/akunq.net\\\/tr\\\/?p=60365#primaryimage\",\"url\":\"https:\\\/\\\/akunq.net\\\/tr\\\/wp-content\\\/uploads\\\/sites\\\/6\\\/2020\\\/11\\\/\u0546\u0565\u0569\u0561\u0576\u0575\u0561\u0570\u0578\u0582-\u0587-\u054d\u0561\u056c\u0574\u0561\u0576.jpg\",\"contentUrl\":\"https:\\\/\\\/akunq.net\\\/tr\\\/wp-content\\\/uploads\\\/sites\\\/6\\\/2020\\\/11\\\/\u0546\u0565\u0569\u0561\u0576\u0575\u0561\u0570\u0578\u0582-\u0587-\u054d\u0561\u056c\u0574\u0561\u0576.jpg\",\"width\":706,\"height\":431},{\"@type\":\"BreadcrumbList\",\"@id\":\"https:\\\/\\\/akunq.net\\\/tr\\\/?p=60365#breadcrumb\",\"itemListElement\":[{\"@type\":\"ListItem\",\"position\":1,\"name\":\"Home\",\"item\":\"https:\\\/\\\/akunq.net\\\/tr\"},{\"@type\":\"ListItem\",\"position\":2,\"name\":\"Netanyahu&#8217;nun gizli Riyad ziyaretinin sebebi belli oldu! Prens Selman o b\u00f6lgede T\u00fcrkiye&#8217;ye kar\u015f\u0131 yard\u0131m istedi\"}]},{\"@type\":\"WebSite\",\"@id\":\"https:\\\/\\\/akunq.net\\\/tr\\\/#website\",\"url\":\"https:\\\/\\\/akunq.net\\\/tr\\\/\",\"name\":\"Bati Ermenistan Ve Bati Ermenileri Sorunlari Ara\u015ftirmalar Merkezi\",\"description\":\"\",\"potentialAction\":[{\"@type\":\"SearchAction\",\"target\":{\"@type\":\"EntryPoint\",\"urlTemplate\":\"https:\\\/\\\/akunq.net\\\/tr\\\/?s={search_term_string}\"},\"query-input\":{\"@type\":\"PropertyValueSpecification\",\"valueRequired\":true,\"valueName\":\"search_term_string\"}}],\"inLanguage\":\"en-US\"},{\"@type\":\"Person\",\"@id\":\"https:\\\/\\\/akunq.net\\\/tr\\\/#\\\/schema\\\/person\\\/096f1d38a12cce57fb855b485ed24c9e\",\"name\":\"admin\",\"url\":\"https:\\\/\\\/akunq.net\\\/tr\\\/?author=7\"}]}<\/script>\n<!-- \/ Yoast SEO plugin. -->","yoast_head_json":{"title":"Netanyahu'nun gizli Riyad ziyaretinin sebebi belli oldu! Prens Selman o b\u00f6lgede T\u00fcrkiye'ye kar\u015f\u0131 yard\u0131m istedi - Bati Ermenistan Ve Bati Ermenileri Sorunlari Ara\u015ftirmalar Merkezi","robots":{"index":"index","follow":"follow","max-snippet":"max-snippet:-1","max-image-preview":"max-image-preview:large","max-video-preview":"max-video-preview:-1"},"canonical":"https:\/\/akunq.net\/tr\/?p=60365","og_locale":"en_US","og_type":"article","og_title":"Netanyahu'nun gizli Riyad ziyaretinin sebebi belli oldu! Prens Selman o b\u00f6lgede T\u00fcrkiye'ye kar\u015f\u0131 yard\u0131m istedi - Bati Ermenistan Ve Bati Ermenileri Sorunlari Ara\u015ftirmalar Merkezi","og_description":"\u0130srail Ba\u015fbakan\u0131 Netanyahu ge\u00e7ti\u011fimiz g\u00fcnlerde gizlice Riyad&#8217;a giderek Prens Selam ile g\u00f6r\u00fc\u015fm\u00fc\u015ft\u00fc. O g\u00f6r\u00fc\u015fmenin detaylar\u0131 ortaya \u00e7\u0131kt\u0131. Prens Selman&#8217;\u0131n T\u00fcrkiye&#8217;nin Do\u011fu Kud\u00fcs&#8217;teki etkisini azaltmak i\u00e7in Netanyahu&#8217;dan yard\u0131m dilendi\u011fi \u00f6\u011frenildi. Suudi Arabistan\u2019\u0131n K\u0131z\u0131ldeniz k\u0131y\u0131s\u0131ndaki Neom kentinde\u00a0\u0130srail\u00a0Ba\u015fbakan\u0131 Binyamin Netanyahu ile Suudi Arabistan Veliaht Prensi Muhammed bin Selman aras\u0131nda pazar g\u00fcn\u00fc ger\u00e7ekle\u015fen gizli g\u00f6r\u00fc\u015fmeye ili\u015fkin yeni detaylar ortaya [&hellip;]","og_url":"https:\/\/akunq.net\/tr\/?p=60365","og_site_name":"Bati Ermenistan Ve Bati Ermenileri Sorunlari Ara\u015ftirmalar Merkezi","article_published_time":"2020-11-26T09:49:11+00:00","og_image":[{"width":706,"height":431,"url":"https:\/\/akunq.net\/tr\/wp-content\/uploads\/sites\/6\/2020\/11\/\u0546\u0565\u0569\u0561\u0576\u0575\u0561\u0570\u0578\u0582-\u0587-\u054d\u0561\u056c\u0574\u0561\u0576.jpg","type":"image\/jpeg"}],"author":"admin","twitter_card":"summary_large_image","twitter_misc":{"Written by":"admin","Est. reading time":"2 minutes"},"schema":{"@context":"https:\/\/schema.org","@graph":[{"@type":"Article","@id":"https:\/\/akunq.net\/tr\/?p=60365#article","isPartOf":{"@id":"https:\/\/akunq.net\/tr\/?p=60365"},"author":{"name":"admin","@id":"https:\/\/akunq.net\/tr\/#\/schema\/person\/096f1d38a12cce57fb855b485ed24c9e"},"headline":"Netanyahu&#8217;nun gizli Riyad ziyaretinin sebebi belli oldu! Prens Selman o b\u00f6lgede T\u00fcrkiye&#8217;ye kar\u015f\u0131 yard\u0131m istedi","datePublished":"2020-11-26T09:49:11+00:00","mainEntityOfPage":{"@id":"https:\/\/akunq.net\/tr\/?p=60365"},"wordCount":511,"commentCount":0,"image":{"@id":"https:\/\/akunq.net\/tr\/?p=60365#primaryimage"},"thumbnailUrl":"https:\/\/akunq.net\/tr\/wp-content\/uploads\/sites\/6\/2020\/11\/\u0546\u0565\u0569\u0561\u0576\u0575\u0561\u0570\u0578\u0582-\u0587-\u054d\u0561\u056c\u0574\u0561\u0576.jpg","articleSection":["Haberler"],"inLanguage":"en-US","potentialAction":[{"@type":"CommentAction","name":"Comment","target":["https:\/\/akunq.net\/tr\/?p=60365#respond"]}]},{"@type":"WebPage","@id":"https:\/\/akunq.net\/tr\/?p=60365","url":"https:\/\/akunq.net\/tr\/?p=60365","name":"Netanyahu'nun gizli Riyad ziyaretinin sebebi belli oldu! Prens Selman o b\u00f6lgede T\u00fcrkiye'ye kar\u015f\u0131 yard\u0131m istedi - Bati Ermenistan Ve Bati Ermenileri Sorunlari Ara\u015ftirmalar Merkezi","isPartOf":{"@id":"https:\/\/akunq.net\/tr\/#website"},"primaryImageOfPage":{"@id":"https:\/\/akunq.net\/tr\/?p=60365#primaryimage"},"image":{"@id":"https:\/\/akunq.net\/tr\/?p=60365#primaryimage"},"thumbnailUrl":"https:\/\/akunq.net\/tr\/wp-content\/uploads\/sites\/6\/2020\/11\/\u0546\u0565\u0569\u0561\u0576\u0575\u0561\u0570\u0578\u0582-\u0587-\u054d\u0561\u056c\u0574\u0561\u0576.jpg","datePublished":"2020-11-26T09:49:11+00:00","author":{"@id":"https:\/\/akunq.net\/tr\/#\/schema\/person\/096f1d38a12cce57fb855b485ed24c9e"},"breadcrumb":{"@id":"https:\/\/akunq.net\/tr\/?p=60365#breadcrumb"},"inLanguage":"en-US","potentialAction":[{"@type":"ReadAction","target":["https:\/\/akunq.net\/tr\/?p=60365"]}]},{"@type":"ImageObject","inLanguage":"en-US","@id":"https:\/\/akunq.net\/tr\/?p=60365#primaryimage","url":"https:\/\/akunq.net\/tr\/wp-content\/uploads\/sites\/6\/2020\/11\/\u0546\u0565\u0569\u0561\u0576\u0575\u0561\u0570\u0578\u0582-\u0587-\u054d\u0561\u056c\u0574\u0561\u0576.jpg","contentUrl":"https:\/\/akunq.net\/tr\/wp-content\/uploads\/sites\/6\/2020\/11\/\u0546\u0565\u0569\u0561\u0576\u0575\u0561\u0570\u0578\u0582-\u0587-\u054d\u0561\u056c\u0574\u0561\u0576.jpg","width":706,"height":431},{"@type":"BreadcrumbList","@id":"https:\/\/akunq.net\/tr\/?p=60365#breadcrumb","itemListElement":[{"@type":"ListItem","position":1,"name":"Home","item":"https:\/\/akunq.net\/tr"},{"@type":"ListItem","position":2,"name":"Netanyahu&#8217;nun gizli Riyad ziyaretinin sebebi belli oldu! Prens Selman o b\u00f6lgede T\u00fcrkiye&#8217;ye kar\u015f\u0131 yard\u0131m istedi"}]},{"@type":"WebSite","@id":"https:\/\/akunq.net\/tr\/#website","url":"https:\/\/akunq.net\/tr\/","name":"Bati Ermenistan Ve Bati Ermenileri Sorunlari Ara\u015ftirmalar Merkezi","description":"","potentialAction":[{"@type":"SearchAction","target":{"@type":"EntryPoint","urlTemplate":"https:\/\/akunq.net\/tr\/?s={search_term_string}"},"query-input":{"@type":"PropertyValueSpecification","valueRequired":true,"valueName":"search_term_string"}}],"inLanguage":"en-US"},{"@type":"Person","@id":"https:\/\/akunq.net\/tr\/#\/schema\/person\/096f1d38a12cce57fb855b485ed24c9e","name":"admin","url":"https:\/\/akunq.net\/tr\/?author=7"}]}},"_links":{"self":[{"href":"https:\/\/akunq.net\/tr\/index.php?rest_route=\/wp\/v2\/posts\/60365","targetHints":{"allow":["GET"]}}],"collection":[{"href":"https:\/\/akunq.net\/tr\/index.php?rest_route=\/wp\/v2\/posts"}],"about":[{"href":"https:\/\/akunq.net\/tr\/index.php?rest_route=\/wp\/v2\/types\/post"}],"author":[{"embeddable":true,"href":"https:\/\/akunq.net\/tr\/index.php?rest_route=\/wp\/v2\/users\/7"}],"replies":[{"embeddable":true,"href":"https:\/\/akunq.net\/tr\/index.php?rest_route=%2Fwp%2Fv2%2Fcomments&post=60365"}],"version-history":[{"count":1,"href":"https:\/\/akunq.net\/tr\/index.php?rest_route=\/wp\/v2\/posts\/60365\/revisions"}],"predecessor-version":[{"id":60367,"href":"https:\/\/akunq.net\/tr\/index.php?rest_route=\/wp\/v2\/posts\/60365\/revisions\/60367"}],"wp:featuredmedia":[{"embeddable":true,"href":"https:\/\/akunq.net\/tr\/index.php?rest_route=\/wp\/v2\/media\/60366"}],"wp:attachment":[{"href":"https:\/\/akunq.net\/tr\/index.php?rest_route=%2Fwp%2Fv2%2Fmedia&parent=60365"}],"wp:term":[{"taxonomy":"category","embeddable":true,"href":"https:\/\/akunq.net\/tr\/index.php?rest_route=%2Fwp%2Fv2%2Fcategories&post=60365"},{"taxonomy":"post_tag","embeddable":true,"href":"https:\/\/akunq.net\/tr\/index.php?rest_route=%2Fwp%2Fv2%2Ftags&post=60365"}],"curies":[{"name":"wp","href":"https:\/\/api.w.org\/{rel}","templated":true}]}}