{"id":60362,"date":"2020-11-26T04:43:03","date_gmt":"2020-11-26T09:43:03","guid":{"rendered":"https:\/\/akunq.net\/tr\/?p=60362"},"modified":"2020-11-26T04:43:03","modified_gmt":"2020-11-26T09:43:03","slug":"erdogan-kurt-sorununu-cozduk","status":"publish","type":"post","link":"https:\/\/akunq.net\/tr\/?p=60362","title":{"rendered":"Erdo\u011fan: K\u00fcrt sorununu \u00e7\u00f6zd\u00fck"},"content":{"rendered":"<p><a href=\"https:\/\/akunq.net\/tr\/wp-content\/uploads\/2020\/11\/Turkiyede-Kurtler.bmp\"><img loading=\"lazy\" decoding=\"async\" class=\"aligncenter size-full wp-image-60363\" src=\"https:\/\/akunq.net\/tr\/wp-content\/uploads\/2020\/11\/Turkiyede-Kurtler.bmp\" alt=\"\" width=\"781\" height=\"439\" \/><\/a><\/p>\n<p><em><strong>T\u00fcrkiye Cumuriyeti Cumhurba\u015fkan\u0131 Recep Tayyip Erdo\u011fan, \u201cK\u00fcrt sorununu \u00e7\u00f6zd\u00fcklerini\u201d savundu.<\/strong><\/em><\/p>\n<p>Recep Tayyip Erdo\u011fan, AK Parti Grup Toplant\u0131s\u0131\u2019nda konu\u015ftu.<\/p>\n<p>Erdo\u011fan, \u201cBu \u00fclkede K\u00fcrt sorunu yoktur. Bu \u00fclkede uzunca bir s\u00fcre s\u0131k\u0131nt\u0131s\u0131n\u0131 en \u00e7ok K\u00fcrtlerin \u00e7ekti\u011fi \u00f6zg\u00fcrl\u00fck, hak ve adalet sorunu vard\u0131. K\u00fcrt sorununu \u00e7\u00f6zd\u00fck\u201d dedi.<\/p>\n<p>T\u00fcrkiye\u2019yi bamba\u015fka bir noktada g\u00f6stermek isteyenlerin iyi niyetli olmad\u0131\u011f\u0131n\u0131 belirten Erdo\u011fan, Selahattin Demirta\u015f\u2019\u0131n kitab\u0131n\u0131 tavsiye eden B\u00fclent Ar\u0131n\u00e7\u2019a y\u00f6nelik a\u011f\u0131r ele\u015ftirilerde bulundu.<\/p>\n<p>Erdo\u011fan\u2019\u0131n konu\u015fmas\u0131ndan sat\u0131r ba\u015flar\u0131:<\/p>\n<p>\u201cBunlar\u0131 \u00f6d\u00fcllendirecek halimiz yok. Bir taraftan adalet diyoruz, bu kadar \u00f6len, da\u011fa ka\u00e7\u0131r\u0131lanlar\u0131n \u00e7ocuklar\u0131n annelerinin hakk\u0131n\u0131 kim iade edecek. Ter\u00f6ristlerden birinin yazd\u0131\u011f\u0131 kitab\u0131n okunmas\u0131n\u0131n tavsiye edilmesi beni rencide etti. Kitab\u0131n\u0131 herkesin okusun dedi\u011fi ki\u015fi: elinde binlerce K\u00fcrt karde\u015fimin, askerimin, polisimin, \u00f6\u011fretmenimin kan\u0131 olan b\u00f6l\u00fcc\u00fcl\u00fck pe\u015finde ko\u015fan bir ter\u00f6r \u00f6rg\u00fct\u00fcn\u00fcn siyaset\u00e7i maskesi takm\u0131\u015f savunucusudur. Bir kez daha tekrarl\u0131yorum: Bu \u00fclkede K\u00fcrt sorunu yoktur. Bu \u00fclkede uzunca bir s\u00fcre en \u00e7ok s\u0131k\u0131nt\u0131y\u0131 K\u00fcrtlerin \u00e7ekti\u011fi ama milletimizin tamam\u0131na \u015famil bir \u00f6zg\u00fcrl\u00fck sorunu, hak sorunu, hukuk sorunu, adalet sorunu var. Bizimi \u00f6mr\u00fcm\u00fcz insanlar\u0131 inan\u00e7lar\u0131, k\u00f6kenleri, k\u0131yafetleri me\u015frepleri sebebiyle a\u015fa\u011f\u0131layan, hakir g\u00f6ren daha da \u00f6tesine ge\u00e7ip bask ve zul\u00fcmle de\u011fi\u015ftirmeye \u00e7al\u0131\u015fan fa\u015fist anlay\u0131\u015fla m\u00fccadele etmekle ge\u00e7ti.<\/p>\n<p>K\u00fcrt karde\u015flerimizin en b\u00fcy\u00fck d\u00fc\u015fman\u0131n\u0131n silahl\u0131 ve siyasi temsilcileriyle b\u00f6l\u00fcc\u00fc ter\u00f6r \u00f6rg\u00fct\u00fc oldu\u011fu hakikatinin g\u00f6lgelenmeye \u00e7al\u0131\u015f\u0131lmas\u0131na g\u00f6z yumamay\u0131z. Aksi takdirde ter\u00f6r \u00f6rg\u00fct\u00fc taraf\u0131ndan evlatlar\u0131 zorla da\u011fa ka\u00e7\u0131r\u0131lan g\u00f6z g\u00f6re g\u00f6re \u00f6l\u00fcm\u00fc s\u00fcr\u00fcklenen tecav\u00fcze u\u011frayan annelerin y\u00fczlerine bakamay\u0131z. Aksi takdirde y\u0131llarca ter\u00f6r \u00f6rg\u00fct\u00fcn\u00fcn bask\u0131s\u0131 sebebiyle ailesini koruyamayan, evini ge\u00e7indiremeyen, huzurla ve g\u00fcvenle hayat\u0131n\u0131 s\u00fcrd\u00fcremeyen babalar\u0131n y\u00fcz\u00fcne bakamay\u0131z. Yasin B\u00f6r\u00fc\u2019n\u00fcn ruhaniyeti kar\u015f\u0131s\u0131nda \u00e7ok eziliriz. Onun ailesinin de y\u00fcz\u00fcne bakamay\u0131z. Bunlar\u0131n m\u00fcsebbibinin muhatab\u0131 yarg\u0131d\u0131r. Art\u0131k bu mesele siyasetin konusu olmaktan \u00e7\u0131km\u0131\u015ft\u0131r.\u201d<\/p>\n<p>Erdo\u011fan ayr\u0131ca, yarg\u0131 ve ekonomi alan\u0131ndaki reformlar\u0131 devam ettireceklerini vurgulad\u0131.<\/p>\n<p><em><strong>https:\/\/www.rudaw.net\/turkish\/middleeast\/turkey\/251120204\u00a0<\/strong><\/em><\/p>\n","protected":false},"excerpt":{"rendered":"<p>T\u00fcrkiye Cumuriyeti Cumhurba\u015fkan\u0131 Recep Tayyip Erdo\u011fan, \u201cK\u00fcrt sorununu \u00e7\u00f6zd\u00fcklerini\u201d savundu. Recep Tayyip Erdo\u011fan, AK Parti Grup Toplant\u0131s\u0131\u2019nda konu\u015ftu. Erdo\u011fan, \u201cBu \u00fclkede K\u00fcrt sorunu yoktur. Bu \u00fclkede uzunca bir s\u00fcre s\u0131k\u0131nt\u0131s\u0131n\u0131 en \u00e7ok K\u00fcrtlerin \u00e7ekti\u011fi \u00f6zg\u00fcrl\u00fck, hak ve adalet sorunu vard\u0131. K\u00fcrt sorununu \u00e7\u00f6zd\u00fck\u201d dedi. T\u00fcrkiye\u2019yi bamba\u015fka bir noktada g\u00f6stermek isteyenlerin iyi niyetli olmad\u0131\u011f\u0131n\u0131 belirten Erdo\u011fan, [&hellip;]<\/p>\n","protected":false},"author":7,"featured_media":60363,"comment_status":"open","ping_status":"open","sticky":false,"template":"","format":"standard","meta":{"footnotes":""},"categories":[1,53],"tags":[],"class_list":["post-60362","post","type-post","status-publish","format-standard","has-post-thumbnail","hentry","category-haberler","category-turkiyede-azinliklar"],"yoast_head":"<!-- This site is optimized with the Yoast SEO plugin v27.4 - https:\/\/yoast.com\/product\/yoast-seo-wordpress\/ -->\n<title>Erdo\u011fan: K\u00fcrt sorununu \u00e7\u00f6zd\u00fck - Bati Ermenistan Ve Bati Ermenileri Sorunlari Ara\u015ftirmalar Merkezi<\/title>\n<meta name=\"robots\" content=\"index, follow, max-snippet:-1, max-image-preview:large, max-video-preview:-1\" \/>\n<link rel=\"canonical\" href=\"https:\/\/akunq.net\/tr\/?p=60362\" \/>\n<meta property=\"og:locale\" content=\"en_US\" \/>\n<meta property=\"og:type\" content=\"article\" \/>\n<meta property=\"og:title\" content=\"Erdo\u011fan: K\u00fcrt sorununu \u00e7\u00f6zd\u00fck - Bati Ermenistan Ve Bati Ermenileri Sorunlari Ara\u015ftirmalar Merkezi\" \/>\n<meta property=\"og:description\" content=\"T\u00fcrkiye Cumuriyeti Cumhurba\u015fkan\u0131 Recep Tayyip Erdo\u011fan, \u201cK\u00fcrt sorununu \u00e7\u00f6zd\u00fcklerini\u201d savundu. Recep Tayyip Erdo\u011fan, AK Parti Grup Toplant\u0131s\u0131\u2019nda konu\u015ftu. Erdo\u011fan, \u201cBu \u00fclkede K\u00fcrt sorunu yoktur. Bu \u00fclkede uzunca bir s\u00fcre s\u0131k\u0131nt\u0131s\u0131n\u0131 en \u00e7ok K\u00fcrtlerin \u00e7ekti\u011fi \u00f6zg\u00fcrl\u00fck, hak ve adalet sorunu vard\u0131. K\u00fcrt sorununu \u00e7\u00f6zd\u00fck\u201d dedi. T\u00fcrkiye\u2019yi bamba\u015fka bir noktada g\u00f6stermek isteyenlerin iyi niyetli olmad\u0131\u011f\u0131n\u0131 belirten Erdo\u011fan, [&hellip;]\" \/>\n<meta property=\"og:url\" content=\"https:\/\/akunq.net\/tr\/?p=60362\" \/>\n<meta property=\"og:site_name\" content=\"Bati Ermenistan Ve Bati Ermenileri Sorunlari Ara\u015ftirmalar Merkezi\" \/>\n<meta property=\"article:published_time\" content=\"2020-11-26T09:43:03+00:00\" \/>\n<meta name=\"author\" content=\"admin\" \/>\n<meta name=\"twitter:card\" content=\"summary_large_image\" \/>\n<meta name=\"twitter:label1\" content=\"Written by\" \/>\n\t<meta name=\"twitter:data1\" content=\"admin\" \/>\n\t<meta name=\"twitter:label2\" content=\"Est. reading time\" \/>\n\t<meta name=\"twitter:data2\" content=\"2 minutes\" \/>\n<script type=\"application\/ld+json\" class=\"yoast-schema-graph\">{\"@context\":\"https:\\\/\\\/schema.org\",\"@graph\":[{\"@type\":\"Article\",\"@id\":\"https:\\\/\\\/akunq.net\\\/tr\\\/?p=60362#article\",\"isPartOf\":{\"@id\":\"https:\\\/\\\/akunq.net\\\/tr\\\/?p=60362\"},\"author\":{\"name\":\"admin\",\"@id\":\"https:\\\/\\\/akunq.net\\\/tr\\\/#\\\/schema\\\/person\\\/096f1d38a12cce57fb855b485ed24c9e\"},\"headline\":\"Erdo\u011fan: K\u00fcrt sorununu \u00e7\u00f6zd\u00fck\",\"datePublished\":\"2020-11-26T09:43:03+00:00\",\"mainEntityOfPage\":{\"@id\":\"https:\\\/\\\/akunq.net\\\/tr\\\/?p=60362\"},\"wordCount\":447,\"commentCount\":0,\"image\":{\"@id\":\"https:\\\/\\\/akunq.net\\\/tr\\\/?p=60362#primaryimage\"},\"thumbnailUrl\":\"https:\\\/\\\/akunq.net\\\/tr\\\/wp-content\\\/uploads\\\/sites\\\/6\\\/2020\\\/11\\\/Turkiyede-Kurtler.bmp\",\"articleSection\":[\"Haberler\",\"T\u00fcrkiye\u2019de Az\u0131nl\u0131klar\"],\"inLanguage\":\"en-US\",\"potentialAction\":[{\"@type\":\"CommentAction\",\"name\":\"Comment\",\"target\":[\"https:\\\/\\\/akunq.net\\\/tr\\\/?p=60362#respond\"]}]},{\"@type\":\"WebPage\",\"@id\":\"https:\\\/\\\/akunq.net\\\/tr\\\/?p=60362\",\"url\":\"https:\\\/\\\/akunq.net\\\/tr\\\/?p=60362\",\"name\":\"Erdo\u011fan: K\u00fcrt sorununu \u00e7\u00f6zd\u00fck - Bati Ermenistan Ve Bati Ermenileri Sorunlari Ara\u015ftirmalar Merkezi\",\"isPartOf\":{\"@id\":\"https:\\\/\\\/akunq.net\\\/tr\\\/#website\"},\"primaryImageOfPage\":{\"@id\":\"https:\\\/\\\/akunq.net\\\/tr\\\/?p=60362#primaryimage\"},\"image\":{\"@id\":\"https:\\\/\\\/akunq.net\\\/tr\\\/?p=60362#primaryimage\"},\"thumbnailUrl\":\"https:\\\/\\\/akunq.net\\\/tr\\\/wp-content\\\/uploads\\\/sites\\\/6\\\/2020\\\/11\\\/Turkiyede-Kurtler.bmp\",\"datePublished\":\"2020-11-26T09:43:03+00:00\",\"author\":{\"@id\":\"https:\\\/\\\/akunq.net\\\/tr\\\/#\\\/schema\\\/person\\\/096f1d38a12cce57fb855b485ed24c9e\"},\"breadcrumb\":{\"@id\":\"https:\\\/\\\/akunq.net\\\/tr\\\/?p=60362#breadcrumb\"},\"inLanguage\":\"en-US\",\"potentialAction\":[{\"@type\":\"ReadAction\",\"target\":[\"https:\\\/\\\/akunq.net\\\/tr\\\/?p=60362\"]}]},{\"@type\":\"ImageObject\",\"inLanguage\":\"en-US\",\"@id\":\"https:\\\/\\\/akunq.net\\\/tr\\\/?p=60362#primaryimage\",\"url\":\"https:\\\/\\\/akunq.net\\\/tr\\\/wp-content\\\/uploads\\\/sites\\\/6\\\/2020\\\/11\\\/Turkiyede-Kurtler.bmp\",\"contentUrl\":\"https:\\\/\\\/akunq.net\\\/tr\\\/wp-content\\\/uploads\\\/sites\\\/6\\\/2020\\\/11\\\/Turkiyede-Kurtler.bmp\",\"width\":781,\"height\":439},{\"@type\":\"BreadcrumbList\",\"@id\":\"https:\\\/\\\/akunq.net\\\/tr\\\/?p=60362#breadcrumb\",\"itemListElement\":[{\"@type\":\"ListItem\",\"position\":1,\"name\":\"Home\",\"item\":\"https:\\\/\\\/akunq.net\\\/tr\"},{\"@type\":\"ListItem\",\"position\":2,\"name\":\"Erdo\u011fan: K\u00fcrt sorununu \u00e7\u00f6zd\u00fck\"}]},{\"@type\":\"WebSite\",\"@id\":\"https:\\\/\\\/akunq.net\\\/tr\\\/#website\",\"url\":\"https:\\\/\\\/akunq.net\\\/tr\\\/\",\"name\":\"Bati Ermenistan Ve Bati Ermenileri Sorunlari Ara\u015ftirmalar Merkezi\",\"description\":\"\",\"potentialAction\":[{\"@type\":\"SearchAction\",\"target\":{\"@type\":\"EntryPoint\",\"urlTemplate\":\"https:\\\/\\\/akunq.net\\\/tr\\\/?s={search_term_string}\"},\"query-input\":{\"@type\":\"PropertyValueSpecification\",\"valueRequired\":true,\"valueName\":\"search_term_string\"}}],\"inLanguage\":\"en-US\"},{\"@type\":\"Person\",\"@id\":\"https:\\\/\\\/akunq.net\\\/tr\\\/#\\\/schema\\\/person\\\/096f1d38a12cce57fb855b485ed24c9e\",\"name\":\"admin\",\"url\":\"https:\\\/\\\/akunq.net\\\/tr\\\/?author=7\"}]}<\/script>\n<!-- \/ Yoast SEO plugin. -->","yoast_head_json":{"title":"Erdo\u011fan: K\u00fcrt sorununu \u00e7\u00f6zd\u00fck - Bati Ermenistan Ve Bati Ermenileri Sorunlari Ara\u015ftirmalar Merkezi","robots":{"index":"index","follow":"follow","max-snippet":"max-snippet:-1","max-image-preview":"max-image-preview:large","max-video-preview":"max-video-preview:-1"},"canonical":"https:\/\/akunq.net\/tr\/?p=60362","og_locale":"en_US","og_type":"article","og_title":"Erdo\u011fan: K\u00fcrt sorununu \u00e7\u00f6zd\u00fck - Bati Ermenistan Ve Bati Ermenileri Sorunlari Ara\u015ftirmalar Merkezi","og_description":"T\u00fcrkiye Cumuriyeti Cumhurba\u015fkan\u0131 Recep Tayyip Erdo\u011fan, \u201cK\u00fcrt sorununu \u00e7\u00f6zd\u00fcklerini\u201d savundu. Recep Tayyip Erdo\u011fan, AK Parti Grup Toplant\u0131s\u0131\u2019nda konu\u015ftu. Erdo\u011fan, \u201cBu \u00fclkede K\u00fcrt sorunu yoktur. Bu \u00fclkede uzunca bir s\u00fcre s\u0131k\u0131nt\u0131s\u0131n\u0131 en \u00e7ok K\u00fcrtlerin \u00e7ekti\u011fi \u00f6zg\u00fcrl\u00fck, hak ve adalet sorunu vard\u0131. K\u00fcrt sorununu \u00e7\u00f6zd\u00fck\u201d dedi. T\u00fcrkiye\u2019yi bamba\u015fka bir noktada g\u00f6stermek isteyenlerin iyi niyetli olmad\u0131\u011f\u0131n\u0131 belirten Erdo\u011fan, [&hellip;]","og_url":"https:\/\/akunq.net\/tr\/?p=60362","og_site_name":"Bati Ermenistan Ve Bati Ermenileri Sorunlari Ara\u015ftirmalar Merkezi","article_published_time":"2020-11-26T09:43:03+00:00","author":"admin","twitter_card":"summary_large_image","twitter_misc":{"Written by":"admin","Est. reading time":"2 minutes"},"schema":{"@context":"https:\/\/schema.org","@graph":[{"@type":"Article","@id":"https:\/\/akunq.net\/tr\/?p=60362#article","isPartOf":{"@id":"https:\/\/akunq.net\/tr\/?p=60362"},"author":{"name":"admin","@id":"https:\/\/akunq.net\/tr\/#\/schema\/person\/096f1d38a12cce57fb855b485ed24c9e"},"headline":"Erdo\u011fan: K\u00fcrt sorununu \u00e7\u00f6zd\u00fck","datePublished":"2020-11-26T09:43:03+00:00","mainEntityOfPage":{"@id":"https:\/\/akunq.net\/tr\/?p=60362"},"wordCount":447,"commentCount":0,"image":{"@id":"https:\/\/akunq.net\/tr\/?p=60362#primaryimage"},"thumbnailUrl":"https:\/\/akunq.net\/tr\/wp-content\/uploads\/sites\/6\/2020\/11\/Turkiyede-Kurtler.bmp","articleSection":["Haberler","T\u00fcrkiye\u2019de Az\u0131nl\u0131klar"],"inLanguage":"en-US","potentialAction":[{"@type":"CommentAction","name":"Comment","target":["https:\/\/akunq.net\/tr\/?p=60362#respond"]}]},{"@type":"WebPage","@id":"https:\/\/akunq.net\/tr\/?p=60362","url":"https:\/\/akunq.net\/tr\/?p=60362","name":"Erdo\u011fan: K\u00fcrt sorununu \u00e7\u00f6zd\u00fck - Bati Ermenistan Ve Bati Ermenileri Sorunlari Ara\u015ftirmalar Merkezi","isPartOf":{"@id":"https:\/\/akunq.net\/tr\/#website"},"primaryImageOfPage":{"@id":"https:\/\/akunq.net\/tr\/?p=60362#primaryimage"},"image":{"@id":"https:\/\/akunq.net\/tr\/?p=60362#primaryimage"},"thumbnailUrl":"https:\/\/akunq.net\/tr\/wp-content\/uploads\/sites\/6\/2020\/11\/Turkiyede-Kurtler.bmp","datePublished":"2020-11-26T09:43:03+00:00","author":{"@id":"https:\/\/akunq.net\/tr\/#\/schema\/person\/096f1d38a12cce57fb855b485ed24c9e"},"breadcrumb":{"@id":"https:\/\/akunq.net\/tr\/?p=60362#breadcrumb"},"inLanguage":"en-US","potentialAction":[{"@type":"ReadAction","target":["https:\/\/akunq.net\/tr\/?p=60362"]}]},{"@type":"ImageObject","inLanguage":"en-US","@id":"https:\/\/akunq.net\/tr\/?p=60362#primaryimage","url":"https:\/\/akunq.net\/tr\/wp-content\/uploads\/sites\/6\/2020\/11\/Turkiyede-Kurtler.bmp","contentUrl":"https:\/\/akunq.net\/tr\/wp-content\/uploads\/sites\/6\/2020\/11\/Turkiyede-Kurtler.bmp","width":781,"height":439},{"@type":"BreadcrumbList","@id":"https:\/\/akunq.net\/tr\/?p=60362#breadcrumb","itemListElement":[{"@type":"ListItem","position":1,"name":"Home","item":"https:\/\/akunq.net\/tr"},{"@type":"ListItem","position":2,"name":"Erdo\u011fan: K\u00fcrt sorununu \u00e7\u00f6zd\u00fck"}]},{"@type":"WebSite","@id":"https:\/\/akunq.net\/tr\/#website","url":"https:\/\/akunq.net\/tr\/","name":"Bati Ermenistan Ve Bati Ermenileri Sorunlari Ara\u015ftirmalar Merkezi","description":"","potentialAction":[{"@type":"SearchAction","target":{"@type":"EntryPoint","urlTemplate":"https:\/\/akunq.net\/tr\/?s={search_term_string}"},"query-input":{"@type":"PropertyValueSpecification","valueRequired":true,"valueName":"search_term_string"}}],"inLanguage":"en-US"},{"@type":"Person","@id":"https:\/\/akunq.net\/tr\/#\/schema\/person\/096f1d38a12cce57fb855b485ed24c9e","name":"admin","url":"https:\/\/akunq.net\/tr\/?author=7"}]}},"_links":{"self":[{"href":"https:\/\/akunq.net\/tr\/index.php?rest_route=\/wp\/v2\/posts\/60362","targetHints":{"allow":["GET"]}}],"collection":[{"href":"https:\/\/akunq.net\/tr\/index.php?rest_route=\/wp\/v2\/posts"}],"about":[{"href":"https:\/\/akunq.net\/tr\/index.php?rest_route=\/wp\/v2\/types\/post"}],"author":[{"embeddable":true,"href":"https:\/\/akunq.net\/tr\/index.php?rest_route=\/wp\/v2\/users\/7"}],"replies":[{"embeddable":true,"href":"https:\/\/akunq.net\/tr\/index.php?rest_route=%2Fwp%2Fv2%2Fcomments&post=60362"}],"version-history":[{"count":1,"href":"https:\/\/akunq.net\/tr\/index.php?rest_route=\/wp\/v2\/posts\/60362\/revisions"}],"predecessor-version":[{"id":60364,"href":"https:\/\/akunq.net\/tr\/index.php?rest_route=\/wp\/v2\/posts\/60362\/revisions\/60364"}],"wp:featuredmedia":[{"embeddable":true,"href":"https:\/\/akunq.net\/tr\/index.php?rest_route=\/wp\/v2\/media\/60363"}],"wp:attachment":[{"href":"https:\/\/akunq.net\/tr\/index.php?rest_route=%2Fwp%2Fv2%2Fmedia&parent=60362"}],"wp:term":[{"taxonomy":"category","embeddable":true,"href":"https:\/\/akunq.net\/tr\/index.php?rest_route=%2Fwp%2Fv2%2Fcategories&post=60362"},{"taxonomy":"post_tag","embeddable":true,"href":"https:\/\/akunq.net\/tr\/index.php?rest_route=%2Fwp%2Fv2%2Ftags&post=60362"}],"curies":[{"name":"wp","href":"https:\/\/api.w.org\/{rel}","templated":true}]}}