{"id":60302,"date":"2020-11-24T04:27:28","date_gmt":"2020-11-24T09:27:28","guid":{"rendered":"https:\/\/akunq.net\/tr\/?p=60302"},"modified":"2020-11-24T04:27:28","modified_gmt":"2020-11-24T09:27:28","slug":"dogu-akdeniz-alman-askerleri-turkiyeden-libyaya-giden-gemiyi-neden-aradi-ankaranin-tepkisi-ne-oldu","status":"publish","type":"post","link":"https:\/\/akunq.net\/tr\/?p=60302","title":{"rendered":"Do\u011fu Akdeniz: Alman askerleri T\u00fcrkiye&#8217;den Libya&#8217;ya giden gemiyi neden arad\u0131, Ankara&#8217;n\u0131n tepkisi ne oldu?"},"content":{"rendered":"<div class=\"css-hl9dz2-GridComponent e57qer20\" dir=\"ltr\">\n<p><img loading=\"lazy\" decoding=\"async\" class=\"aligncenter size-medium wp-image-60303\" src=\"https:\/\/akunq.net\/tr\/wp-content\/uploads\/2020\/11\/Almanya-1-360x270.jpg\" alt=\"\" width=\"360\" height=\"270\" srcset=\"https:\/\/akunq.net\/tr\/wp-content\/uploads\/sites\/6\/2020\/11\/Almanya-1-360x270.jpg 360w, https:\/\/akunq.net\/tr\/wp-content\/uploads\/sites\/6\/2020\/11\/Almanya-1-260x195.jpg 260w, https:\/\/akunq.net\/tr\/wp-content\/uploads\/sites\/6\/2020\/11\/Almanya-1-160x120.jpg 160w, https:\/\/akunq.net\/tr\/wp-content\/uploads\/sites\/6\/2020\/11\/Almanya-1.jpg 399w\" sizes=\"auto, (max-width: 360px) 100vw, 360px\" \/><\/p>\n<p class=\"css-1jxihfd-Paragraph e1c0huex0\"><em><b>T\u00fcrkiye&#8217;den Libya\u2019ya giden bir y\u00fck gemisinin Pazar gecesi Yunanistan\u2019\u0131n g\u00fcneybat\u0131s\u0131nda, Avrupa Birli\u011fi\u2019nin (AB) \u0130rini Harekat\u0131 kapsam\u0131nda bir Alman f\u0131rkateyni taraf\u0131ndan durduruldu\u011fu ortaya \u00e7\u0131kt\u0131. Anadolu Ajans\u0131&#8217;n\u0131n (AA) haberine g\u00f6re aranan gemide insani yard\u0131m d\u0131\u015f\u0131nda bir \u015fey bulunmad\u0131. Alman yetkililere g\u00f6re ise T\u00fcrkiye, silah ta\u015f\u0131d\u0131\u011f\u0131ndan ku\u015fkulan\u0131lan gemideki araman\u0131n tamamlanmas\u0131na izin vermedi.<\/b><\/em><\/p>\n<\/div>\n<div class=\"css-hl9dz2-GridComponent e57qer20\" dir=\"ltr\">\n<p class=\"css-1jxihfd-Paragraph e1c0huex0\">Ge\u00e7en hafta T\u00fcrkiye&#8217;den ayr\u0131lan 16 bin tonluk Roselina-A adl\u0131 y\u00fck gemisinin, Birle\u015fmi\u015f Milletler&#8217;in (BM) Libya&#8217;ya y\u00f6nelik silah ambargosunun denetlenmesi amac\u0131yla AB taraf\u0131ndan Do\u011fu Akdeniz&#8217;de ba\u015flat\u0131lan \u0130rini Harekat\u0131&#8217;na kat\u0131lan Hamburg adl\u0131 f\u0131rkateyn taraf\u0131ndan, silah ta\u015f\u0131d\u0131\u011f\u0131 \u015f\u00fcphesiyle durduruldu\u011fu bildiriliyor.<\/p>\n<\/div>\n<div class=\"css-hl9dz2-GridComponent e57qer20\" dir=\"ltr\">\n<p class=\"css-1jxihfd-Paragraph e1c0huex0\">Almanya Savunma Bakanl\u0131\u011f\u0131 s\u00f6zc\u00fcs\u00fc Berlin&#8217;de yapt\u0131\u011f\u0131 a\u00e7\u0131klamada, personelin arama yapmak \u00fczere gemiye \u00e7\u0131kt\u0131\u011f\u0131n\u0131 fakat T\u00fcrkiye&#8217;nin AB nezdinde olay\u0131 protesto etmesi \u00fczerine aramay\u0131 tamamlamadan ayr\u0131ld\u0131\u011f\u0131n\u0131 s\u00f6yledi. S\u00f6zc\u00fc, k\u0131smi aramada \u015f\u00fcpheli bir y\u00fcke rastlamad\u0131klar\u0131n\u0131 da belirtti.<\/p>\n<\/div>\n<div class=\"css-hl9dz2-GridComponent e57qer20\" dir=\"ltr\">\n<p class=\"css-1jxihfd-Paragraph e1c0huex0\">Alman s\u00f6zc\u00fc, Rosalina-A&#8217;n\u0131n Pazar gecesi, Libya&#8217;n\u0131n Bingazi kentinin 200 kilometre kadar kuzeyinde bir noktada, standart kurallara uyularak durduruldu\u011funu, geminin bayra\u011f\u0131n\u0131 ta\u015f\u0131d\u0131\u011f\u0131 \u00fclkenin (T\u00fcrkiye) izni i\u00e7in saatlerce beklendi\u011fini, gemiye sonra binildi\u011fini, daha sonra itirazlar\u0131n bildirilmesi \u00fczerine \u00e7ekildiklerini de ekledi.<\/p>\n<\/div>\n<div class=\"css-hl9dz2-GridComponent e57qer20\" dir=\"ltr\">\n<p class=\"css-1jxihfd-Paragraph e1c0huex0\">T\u00fcrkiye yetkilileri ise Alman f\u0131rkateyninin izin almadan arama yapmaya \u00e7al\u0131\u015ft\u0131\u011f\u0131n\u0131 ve bu nedenle uluslararas\u0131 hukuku ihlal etti\u011fini vurguluyor.<\/p>\n<\/div>\n<div class=\"css-hl9dz2-GridComponent e57qer20\" dir=\"ltr\">\n<p class=\"css-1jxihfd-Paragraph e1c0huex0\">Harekat\u0131 Yunanistan Deniz Kuvvetleri&#8217;nden bir komutan\u0131n y\u00f6netti\u011fini bildiren AA ile Demir\u00f6ren Haber Ajans\u0131 (DHA) taraf\u0131ndan servis edilen g\u00f6r\u00fcnt\u00fclerde, Hamburg f\u0131rkateyninin Roselina-A gemisine yana\u015ft\u0131\u011f\u0131 ve bir helikopterin gemiye asker indirdi\u011fi g\u00f6r\u00fcl\u00fcyor.<\/p>\n<\/div>\n<div class=\"css-hl9dz2-GridComponent e57qer20\" dir=\"ltr\">\n<p class=\"css-1jxihfd-Paragraph e1c0huex0\">G\u00f6r\u00fcnt\u00fclerden askerlerin gemi g\u00f6revlilerini bir s\u00fcre al\u0131koydu\u011fu ve tart\u0131\u015fmalar ya\u015fand\u0131\u011f\u0131 anla\u015f\u0131l\u0131yor.<\/p>\n<\/div>\n<div class=\"css-hl9dz2-GridComponent e57qer20\" dir=\"ltr\">\n<p class=\"css-1jxihfd-Paragraph e1c0huex0\">AA, deniz hukukuna g\u00f6re, gemilerde arama yapabilmek i\u00e7in, gemiye \u00e7\u0131kan personelin, gemide bayra\u011f\u0131 bulunan devletten izin almas\u0131 gerekti\u011fini, T\u00fcrkiye\u2019ye b\u00f6yle bir izin ba\u015fvurusu yap\u0131lmad\u0131\u011f\u0131n\u0131 aktar\u0131yor.<\/p>\n<\/div>\n<div class=\"css-hl9dz2-GridComponent e57qer20\" dir=\"ltr\">\n<p class=\"css-1jxihfd-Paragraph e1c0huex0\">T\u00fcrkiye&#8217;de Milli Savunma Bakanl\u0131\u011f\u0131 (MSB) ve D\u0131\u015fi\u015fleri Bakanl\u0131\u011f\u0131 konuyla ilgili a\u00e7\u0131klamalar\u0131nda bu noktay\u0131 vurgulad\u0131lar.<\/p>\n<\/div>\n<div class=\"css-hl9dz2-GridComponent e57qer20\" dir=\"ltr\">\n<p class=\"css-1jxihfd-Paragraph e1c0huex0\">D\u0131\u015fi\u015fleri Bakanl\u0131\u011f\u0131 ak\u015fam saatlerinde yapt\u0131\u011f\u0131 a\u00e7\u0131klamada, konuyla ilgili olarak AB, \u0130talya ve Almanya&#8217;ya nota verildi\u011fi belirtildi.<\/p>\n<\/div>\n<div class=\"css-hl9dz2-GridComponent e57qer20\" dir=\"ltr\">\n<h2 id=\"Milli-Savunma-Bakanl\u0131\u011f\u0131-\u0130zin-al\u0131nmad\u0131-ikazlar-dinlenmedi-\" class=\"css-4qzrek-SubHeading e14hemmw1\" tabindex=\"-1\">Milli Savunma Bakanl\u0131\u011f\u0131: \u0130zin al\u0131nmad\u0131, ikazlar dinlenmedi<\/h2>\n<\/div>\n<div class=\"css-hl9dz2-GridComponent e57qer20\" dir=\"ltr\">\n<p class=\"css-1jxihfd-Paragraph e1c0huex0\">MSB&#8217;den yap\u0131lan yaz\u0131l\u0131 a\u00e7\u0131klamada T\u00fcrkiye&#8217;den gemide arama yapma izni al\u0131nmad\u0131\u011f\u0131 belirtildi:<\/p>\n<\/div>\n<div class=\"css-hl9dz2-GridComponent e57qer20\" dir=\"ltr\">\n<p class=\"css-1jxihfd-Paragraph e1c0huex0\">&#8220;Gemi, d\u00fcn gece Yunanistan Deniz Kuvvetlerinden bir komutan\u0131n sevk ve idaresinde yap\u0131lan \u0130rini Harekat\u0131&#8217;nda g\u00f6revli bir Alman f\u0131rtakeyni taraf\u0131ndan Mora Yar\u0131madas\u0131&#8217;n\u0131n g\u00fcneybat\u0131s\u0131nda uluslararas\u0131 hukuka ayk\u0131r\u0131 bir \u015fekilde durduruldu.<\/p>\n<\/div>\n<div class=\"css-hl9dz2-GridComponent e57qer20\" dir=\"ltr\">\n<p class=\"css-1jxihfd-Paragraph e1c0huex0\">&#8220;Deniz hukukuna g\u00f6re, gemilerde arama yapabilmek \u00fczere gemiye personelin \u00e7\u0131kmas\u0131 i\u00e7in bayrak devletinin r\u0131zas\u0131n\u0131n al\u0131nmas\u0131 gerekiyor. T\u00fcrkiye&#8217;den b\u00f6yle bir izin almadan Hamburg F\u0131rkateyni&#8217;nin personeli gemiye helikopterden ini\u015f yapt\u0131.&#8221;<\/p>\n<\/div>\n<div class=\"css-hl9dz2-GridComponent e57qer20\" dir=\"ltr\">\n<p class=\"css-1jxihfd-Paragraph e1c0huex0\">MSB, gemideki personelin, askerlerin helikopterden ini\u015fini ve Hamburg F\u0131rkateyni&#8217;nin Roselina-A gemisi \u00e7evresindeki hareketlerini an be an kaydettiklerini de belirtti. Bakanl\u0131\u011f\u0131n a\u00e7\u0131klamas\u0131nda \u015fu ifadeler de yer ald\u0131:<\/p>\n<\/div>\n<div class=\"css-hl9dz2-GridComponent e57qer20\" dir=\"ltr\">\n<p class=\"css-1jxihfd-Paragraph e1c0huex0\">&#8220;Geminin s\u00fcratini d\u00fc\u015f\u00fcrerek, yolundan engelleyen askerler T\u00fcrkiye\u2019den izin almadan, yap\u0131lan\u0131n hukuki olmad\u0131\u011f\u0131 y\u00f6n\u00fcnde yap\u0131lan t\u00fcm ikazlara uymayarak gemideki t\u00fcm konteynerleri a\u00e7arak arad\u0131. Sabah\u0131n ilk \u0131\u015f\u0131klar\u0131na kadar s\u00fcren araman\u0131n ard\u0131ndan gemide insani yard\u0131m malzemesi, bisk\u00fcvi gibi g\u0131da maddeleri, boya gibi maddeler d\u0131\u015f\u0131nda bir \u015fey olmad\u0131\u011f\u0131n\u0131 anlayan askerler gemiden ayr\u0131ld\u0131.&#8221;<\/p>\n<\/div>\n<div class=\"css-hl9dz2-GridComponent e57qer20\" dir=\"ltr\">\n<p class=\"css-1jxihfd-Paragraph e1c0huex0\">MSB, Roselina-A adl\u0131 geminin Libya&#8217;daki Mistrata liman\u0131na do\u011fru yolculu\u011funa devam etti\u011fini kaydetti.<\/p>\n<\/div>\n<div class=\"css-hl9dz2-GridComponent e57qer20\" dir=\"ltr\">\n<p class=\"css-1jxihfd-Paragraph e1c0huex0\">T\u00fcrkiye&#8217;nin konuyla ilgili olarak uluslararas\u0131 kurulu\u015flar nezdinde giri\u015fimlerde bulunaca\u011f\u0131n\u0131 da kaydeden MSB, \u0130rini Harekat\u0131&#8217;n\u0131 da sorgulad\u0131:<\/p>\n<\/div>\n<div class=\"css-hl9dz2-GridComponent e57qer20\" dir=\"ltr\">\n<p class=\"css-1jxihfd-Paragraph e1c0huex0\">&#8220;2292 No\u2019lu BM G\u00fcvenlik Konseyi karar\u0131nda me\u015fru h\u00fck\u00fcmet Milli Mutabakat H\u00fck\u00fcmeti ile isti\u015fare ve izin zorunlu k\u0131l\u0131nm\u0131\u015f olmas\u0131na ra\u011fmen ba\u015flat\u0131lan \u0130rini Harekat\u0131, tarafl\u0131 ve yasa d\u0131\u015f\u0131 bir operasyon olarak tepki \u00e7ekiyor.&#8221;<\/p>\n<\/div>\n<div class=\"css-hl9dz2-GridComponent e57qer20\" dir=\"ltr\">\n<p class=\"css-1jxihfd-Paragraph e1c0huex0\">D\u0131\u015fi\u015fleri Bakanl\u0131\u011f\u0131 S\u00f6zc\u00fcs\u00fc Hami Aksoy ise &#8220;Libya&#8217;ya ta\u015f\u0131mac\u0131l\u0131k yapan gemilere uygulanan bu \u00e7ifte standartl\u0131 ve hukuk d\u0131\u015f\u0131 muamele asla kabul edilemez&#8221; dedi.<\/p>\n<\/div>\n<div class=\"css-hl9dz2-GridComponent e57qer20\" dir=\"ltr\">\n<h2 id=\"Daha-\u00f6nce-g\u00fcndeme-gelen-iddialar\" class=\"css-4qzrek-SubHeading e14hemmw1\" tabindex=\"-1\">Daha \u00f6nce g\u00fcndeme gelen iddialar<\/h2>\n<\/div>\n<div class=\"css-hl9dz2-GridComponent e57qer20\" dir=\"ltr\">\n<p class=\"css-1jxihfd-Paragraph e1c0huex0\">Daha \u00f6nce BBC taraf\u0131ndan yap\u0131lan bir ara\u015ft\u0131rmada, T\u00fcrkiye&#8217;den giden &#8220;hayalet gemilerle&#8221; gizlice Libya&#8217;ya silah g\u00f6nderildi\u011fini tespit edilmi\u015fti.<\/p>\n<\/div>\n<div class=\"css-hl9dz2-GridComponent e57qer20\" dir=\"ltr\">\n<p class=\"css-1jxihfd-Paragraph e1c0huex0\">\u00d6te yandan Frans\u0131z haber ajans\u0131 AFP, d\u00f6rt b\u00fcy\u00fck Avrupa \u00fclkesinin Libya\u2019daki bar\u0131\u015f s\u00fcrecine zarar veren \u00fclkelere yapt\u0131r\u0131m tehdidinde bulunduklar\u0131n\u0131 aktard\u0131.<\/p>\n<\/div>\n<div class=\"css-hl9dz2-GridComponent e57qer20\" dir=\"ltr\">\n<p class=\"css-1jxihfd-Paragraph e1c0huex0\">AFP&#8217;nin haberine g\u00f6re \u0130ngiltere, Fransa, Almanya ve \u0130talya; &#8220;Libya&#8217;da diyalo\u011fa zarar verecek herkese kar\u015f\u0131&#8221; harekete ge\u00e7meye haz\u0131r. A\u00e7\u0131klamada \u00fclke ad\u0131 verilmedi.<\/p>\n<\/div>\n<div class=\"css-hl9dz2-GridComponent e57qer20\" dir=\"ltr\">\n<p class=\"css-1jxihfd-Paragraph e1c0huex0\">Fransa&#8217;n\u0131n da aralar\u0131nda bulundu\u011fu baz\u0131 \u00fclkeler ise daha \u00f6nce T\u00fcrkiye ve Rusya\u2019y\u0131 Libya\u2019daki bar\u0131\u015f s\u00fcrecine zarar vermekle su\u00e7lam\u0131\u015ft\u0131.<\/p>\n<p><em><strong>https:\/\/www.bbc.com\/turkce\/haberler-turkiye-55046283<\/strong><\/em><\/p>\n<\/div>\n","protected":false},"excerpt":{"rendered":"<p>T\u00fcrkiye&#8217;den Libya\u2019ya giden bir y\u00fck gemisinin Pazar gecesi Yunanistan\u2019\u0131n g\u00fcneybat\u0131s\u0131nda, Avrupa Birli\u011fi\u2019nin (AB) \u0130rini Harekat\u0131 kapsam\u0131nda bir Alman f\u0131rkateyni taraf\u0131ndan durduruldu\u011fu ortaya \u00e7\u0131kt\u0131. Anadolu Ajans\u0131&#8217;n\u0131n (AA) haberine g\u00f6re aranan gemide insani yard\u0131m d\u0131\u015f\u0131nda bir \u015fey bulunmad\u0131. Alman yetkililere g\u00f6re ise T\u00fcrkiye, silah ta\u015f\u0131d\u0131\u011f\u0131ndan ku\u015fkulan\u0131lan gemideki araman\u0131n tamamlanmas\u0131na izin vermedi. Ge\u00e7en hafta T\u00fcrkiye&#8217;den ayr\u0131lan 16 bin [&hellip;]<\/p>\n","protected":false},"author":7,"featured_media":60303,"comment_status":"open","ping_status":"open","sticky":false,"template":"","format":"standard","meta":{"footnotes":""},"categories":[1],"tags":[],"class_list":["post-60302","post","type-post","status-publish","format-standard","has-post-thumbnail","hentry","category-haberler"],"yoast_head":"<!-- This site is optimized with the Yoast SEO plugin v27.4 - https:\/\/yoast.com\/product\/yoast-seo-wordpress\/ -->\n<title>Do\u011fu Akdeniz: Alman askerleri T\u00fcrkiye&#039;den Libya&#039;ya giden gemiyi neden arad\u0131, Ankara&#039;n\u0131n tepkisi ne oldu? - Bati Ermenistan Ve Bati Ermenileri Sorunlari Ara\u015ftirmalar Merkezi<\/title>\n<meta name=\"robots\" content=\"index, follow, max-snippet:-1, max-image-preview:large, max-video-preview:-1\" \/>\n<link rel=\"canonical\" href=\"https:\/\/akunq.net\/tr\/?p=60302\" \/>\n<meta property=\"og:locale\" content=\"en_US\" \/>\n<meta property=\"og:type\" content=\"article\" \/>\n<meta property=\"og:title\" content=\"Do\u011fu Akdeniz: Alman askerleri T\u00fcrkiye&#039;den Libya&#039;ya giden gemiyi neden arad\u0131, Ankara&#039;n\u0131n tepkisi ne oldu? - Bati Ermenistan Ve Bati Ermenileri Sorunlari Ara\u015ftirmalar Merkezi\" \/>\n<meta property=\"og:description\" content=\"T\u00fcrkiye&#8217;den Libya\u2019ya giden bir y\u00fck gemisinin Pazar gecesi Yunanistan\u2019\u0131n g\u00fcneybat\u0131s\u0131nda, Avrupa Birli\u011fi\u2019nin (AB) \u0130rini Harekat\u0131 kapsam\u0131nda bir Alman f\u0131rkateyni taraf\u0131ndan durduruldu\u011fu ortaya \u00e7\u0131kt\u0131. Anadolu Ajans\u0131&#8217;n\u0131n (AA) haberine g\u00f6re aranan gemide insani yard\u0131m d\u0131\u015f\u0131nda bir \u015fey bulunmad\u0131. Alman yetkililere g\u00f6re ise T\u00fcrkiye, silah ta\u015f\u0131d\u0131\u011f\u0131ndan ku\u015fkulan\u0131lan gemideki araman\u0131n tamamlanmas\u0131na izin vermedi. Ge\u00e7en hafta T\u00fcrkiye&#8217;den ayr\u0131lan 16 bin [&hellip;]\" \/>\n<meta property=\"og:url\" content=\"https:\/\/akunq.net\/tr\/?p=60302\" \/>\n<meta property=\"og:site_name\" content=\"Bati Ermenistan Ve Bati Ermenileri Sorunlari Ara\u015ftirmalar Merkezi\" \/>\n<meta property=\"article:published_time\" content=\"2020-11-24T09:27:28+00:00\" \/>\n<meta property=\"og:image\" content=\"https:\/\/akunq.net\/tr\/wp-content\/uploads\/sites\/6\/2020\/11\/Almanya-1.jpg\" \/>\n\t<meta property=\"og:image:width\" content=\"399\" \/>\n\t<meta property=\"og:image:height\" content=\"300\" \/>\n\t<meta property=\"og:image:type\" content=\"image\/jpeg\" \/>\n<meta name=\"author\" content=\"admin\" \/>\n<meta name=\"twitter:card\" content=\"summary_large_image\" \/>\n<meta name=\"twitter:label1\" content=\"Written by\" \/>\n\t<meta name=\"twitter:data1\" content=\"admin\" \/>\n\t<meta name=\"twitter:label2\" content=\"Est. reading time\" \/>\n\t<meta name=\"twitter:data2\" content=\"4 minutes\" \/>\n<script type=\"application\/ld+json\" class=\"yoast-schema-graph\">{\"@context\":\"https:\\\/\\\/schema.org\",\"@graph\":[{\"@type\":\"Article\",\"@id\":\"https:\\\/\\\/akunq.net\\\/tr\\\/?p=60302#article\",\"isPartOf\":{\"@id\":\"https:\\\/\\\/akunq.net\\\/tr\\\/?p=60302\"},\"author\":{\"name\":\"admin\",\"@id\":\"https:\\\/\\\/akunq.net\\\/tr\\\/#\\\/schema\\\/person\\\/096f1d38a12cce57fb855b485ed24c9e\"},\"headline\":\"Do\u011fu Akdeniz: Alman askerleri T\u00fcrkiye&#8217;den Libya&#8217;ya giden gemiyi neden arad\u0131, Ankara&#8217;n\u0131n tepkisi ne oldu?\",\"datePublished\":\"2020-11-24T09:27:28+00:00\",\"mainEntityOfPage\":{\"@id\":\"https:\\\/\\\/akunq.net\\\/tr\\\/?p=60302\"},\"wordCount\":840,\"commentCount\":0,\"image\":{\"@id\":\"https:\\\/\\\/akunq.net\\\/tr\\\/?p=60302#primaryimage\"},\"thumbnailUrl\":\"https:\\\/\\\/akunq.net\\\/tr\\\/wp-content\\\/uploads\\\/sites\\\/6\\\/2020\\\/11\\\/Almanya-1.jpg\",\"articleSection\":[\"Haberler\"],\"inLanguage\":\"en-US\",\"potentialAction\":[{\"@type\":\"CommentAction\",\"name\":\"Comment\",\"target\":[\"https:\\\/\\\/akunq.net\\\/tr\\\/?p=60302#respond\"]}]},{\"@type\":\"WebPage\",\"@id\":\"https:\\\/\\\/akunq.net\\\/tr\\\/?p=60302\",\"url\":\"https:\\\/\\\/akunq.net\\\/tr\\\/?p=60302\",\"name\":\"Do\u011fu Akdeniz: Alman askerleri T\u00fcrkiye'den Libya'ya giden gemiyi neden arad\u0131, Ankara'n\u0131n tepkisi ne oldu? - Bati Ermenistan Ve Bati Ermenileri Sorunlari Ara\u015ftirmalar Merkezi\",\"isPartOf\":{\"@id\":\"https:\\\/\\\/akunq.net\\\/tr\\\/#website\"},\"primaryImageOfPage\":{\"@id\":\"https:\\\/\\\/akunq.net\\\/tr\\\/?p=60302#primaryimage\"},\"image\":{\"@id\":\"https:\\\/\\\/akunq.net\\\/tr\\\/?p=60302#primaryimage\"},\"thumbnailUrl\":\"https:\\\/\\\/akunq.net\\\/tr\\\/wp-content\\\/uploads\\\/sites\\\/6\\\/2020\\\/11\\\/Almanya-1.jpg\",\"datePublished\":\"2020-11-24T09:27:28+00:00\",\"author\":{\"@id\":\"https:\\\/\\\/akunq.net\\\/tr\\\/#\\\/schema\\\/person\\\/096f1d38a12cce57fb855b485ed24c9e\"},\"breadcrumb\":{\"@id\":\"https:\\\/\\\/akunq.net\\\/tr\\\/?p=60302#breadcrumb\"},\"inLanguage\":\"en-US\",\"potentialAction\":[{\"@type\":\"ReadAction\",\"target\":[\"https:\\\/\\\/akunq.net\\\/tr\\\/?p=60302\"]}]},{\"@type\":\"ImageObject\",\"inLanguage\":\"en-US\",\"@id\":\"https:\\\/\\\/akunq.net\\\/tr\\\/?p=60302#primaryimage\",\"url\":\"https:\\\/\\\/akunq.net\\\/tr\\\/wp-content\\\/uploads\\\/sites\\\/6\\\/2020\\\/11\\\/Almanya-1.jpg\",\"contentUrl\":\"https:\\\/\\\/akunq.net\\\/tr\\\/wp-content\\\/uploads\\\/sites\\\/6\\\/2020\\\/11\\\/Almanya-1.jpg\",\"width\":399,\"height\":300},{\"@type\":\"BreadcrumbList\",\"@id\":\"https:\\\/\\\/akunq.net\\\/tr\\\/?p=60302#breadcrumb\",\"itemListElement\":[{\"@type\":\"ListItem\",\"position\":1,\"name\":\"Home\",\"item\":\"https:\\\/\\\/akunq.net\\\/tr\"},{\"@type\":\"ListItem\",\"position\":2,\"name\":\"Do\u011fu Akdeniz: Alman askerleri T\u00fcrkiye&#8217;den Libya&#8217;ya giden gemiyi neden arad\u0131, Ankara&#8217;n\u0131n tepkisi ne oldu?\"}]},{\"@type\":\"WebSite\",\"@id\":\"https:\\\/\\\/akunq.net\\\/tr\\\/#website\",\"url\":\"https:\\\/\\\/akunq.net\\\/tr\\\/\",\"name\":\"Bati Ermenistan Ve Bati Ermenileri Sorunlari Ara\u015ftirmalar Merkezi\",\"description\":\"\",\"potentialAction\":[{\"@type\":\"SearchAction\",\"target\":{\"@type\":\"EntryPoint\",\"urlTemplate\":\"https:\\\/\\\/akunq.net\\\/tr\\\/?s={search_term_string}\"},\"query-input\":{\"@type\":\"PropertyValueSpecification\",\"valueRequired\":true,\"valueName\":\"search_term_string\"}}],\"inLanguage\":\"en-US\"},{\"@type\":\"Person\",\"@id\":\"https:\\\/\\\/akunq.net\\\/tr\\\/#\\\/schema\\\/person\\\/096f1d38a12cce57fb855b485ed24c9e\",\"name\":\"admin\",\"url\":\"https:\\\/\\\/akunq.net\\\/tr\\\/?author=7\"}]}<\/script>\n<!-- \/ Yoast SEO plugin. -->","yoast_head_json":{"title":"Do\u011fu Akdeniz: Alman askerleri T\u00fcrkiye'den Libya'ya giden gemiyi neden arad\u0131, Ankara'n\u0131n tepkisi ne oldu? - Bati Ermenistan Ve Bati Ermenileri Sorunlari Ara\u015ftirmalar Merkezi","robots":{"index":"index","follow":"follow","max-snippet":"max-snippet:-1","max-image-preview":"max-image-preview:large","max-video-preview":"max-video-preview:-1"},"canonical":"https:\/\/akunq.net\/tr\/?p=60302","og_locale":"en_US","og_type":"article","og_title":"Do\u011fu Akdeniz: Alman askerleri T\u00fcrkiye'den Libya'ya giden gemiyi neden arad\u0131, Ankara'n\u0131n tepkisi ne oldu? - Bati Ermenistan Ve Bati Ermenileri Sorunlari Ara\u015ftirmalar Merkezi","og_description":"T\u00fcrkiye&#8217;den Libya\u2019ya giden bir y\u00fck gemisinin Pazar gecesi Yunanistan\u2019\u0131n g\u00fcneybat\u0131s\u0131nda, Avrupa Birli\u011fi\u2019nin (AB) \u0130rini Harekat\u0131 kapsam\u0131nda bir Alman f\u0131rkateyni taraf\u0131ndan durduruldu\u011fu ortaya \u00e7\u0131kt\u0131. Anadolu Ajans\u0131&#8217;n\u0131n (AA) haberine g\u00f6re aranan gemide insani yard\u0131m d\u0131\u015f\u0131nda bir \u015fey bulunmad\u0131. Alman yetkililere g\u00f6re ise T\u00fcrkiye, silah ta\u015f\u0131d\u0131\u011f\u0131ndan ku\u015fkulan\u0131lan gemideki araman\u0131n tamamlanmas\u0131na izin vermedi. Ge\u00e7en hafta T\u00fcrkiye&#8217;den ayr\u0131lan 16 bin [&hellip;]","og_url":"https:\/\/akunq.net\/tr\/?p=60302","og_site_name":"Bati Ermenistan Ve Bati Ermenileri Sorunlari Ara\u015ftirmalar Merkezi","article_published_time":"2020-11-24T09:27:28+00:00","og_image":[{"width":399,"height":300,"url":"https:\/\/akunq.net\/tr\/wp-content\/uploads\/sites\/6\/2020\/11\/Almanya-1.jpg","type":"image\/jpeg"}],"author":"admin","twitter_card":"summary_large_image","twitter_misc":{"Written by":"admin","Est. reading time":"4 minutes"},"schema":{"@context":"https:\/\/schema.org","@graph":[{"@type":"Article","@id":"https:\/\/akunq.net\/tr\/?p=60302#article","isPartOf":{"@id":"https:\/\/akunq.net\/tr\/?p=60302"},"author":{"name":"admin","@id":"https:\/\/akunq.net\/tr\/#\/schema\/person\/096f1d38a12cce57fb855b485ed24c9e"},"headline":"Do\u011fu Akdeniz: Alman askerleri T\u00fcrkiye&#8217;den Libya&#8217;ya giden gemiyi neden arad\u0131, Ankara&#8217;n\u0131n tepkisi ne oldu?","datePublished":"2020-11-24T09:27:28+00:00","mainEntityOfPage":{"@id":"https:\/\/akunq.net\/tr\/?p=60302"},"wordCount":840,"commentCount":0,"image":{"@id":"https:\/\/akunq.net\/tr\/?p=60302#primaryimage"},"thumbnailUrl":"https:\/\/akunq.net\/tr\/wp-content\/uploads\/sites\/6\/2020\/11\/Almanya-1.jpg","articleSection":["Haberler"],"inLanguage":"en-US","potentialAction":[{"@type":"CommentAction","name":"Comment","target":["https:\/\/akunq.net\/tr\/?p=60302#respond"]}]},{"@type":"WebPage","@id":"https:\/\/akunq.net\/tr\/?p=60302","url":"https:\/\/akunq.net\/tr\/?p=60302","name":"Do\u011fu Akdeniz: Alman askerleri T\u00fcrkiye'den Libya'ya giden gemiyi neden arad\u0131, Ankara'n\u0131n tepkisi ne oldu? - Bati Ermenistan Ve Bati Ermenileri Sorunlari Ara\u015ftirmalar Merkezi","isPartOf":{"@id":"https:\/\/akunq.net\/tr\/#website"},"primaryImageOfPage":{"@id":"https:\/\/akunq.net\/tr\/?p=60302#primaryimage"},"image":{"@id":"https:\/\/akunq.net\/tr\/?p=60302#primaryimage"},"thumbnailUrl":"https:\/\/akunq.net\/tr\/wp-content\/uploads\/sites\/6\/2020\/11\/Almanya-1.jpg","datePublished":"2020-11-24T09:27:28+00:00","author":{"@id":"https:\/\/akunq.net\/tr\/#\/schema\/person\/096f1d38a12cce57fb855b485ed24c9e"},"breadcrumb":{"@id":"https:\/\/akunq.net\/tr\/?p=60302#breadcrumb"},"inLanguage":"en-US","potentialAction":[{"@type":"ReadAction","target":["https:\/\/akunq.net\/tr\/?p=60302"]}]},{"@type":"ImageObject","inLanguage":"en-US","@id":"https:\/\/akunq.net\/tr\/?p=60302#primaryimage","url":"https:\/\/akunq.net\/tr\/wp-content\/uploads\/sites\/6\/2020\/11\/Almanya-1.jpg","contentUrl":"https:\/\/akunq.net\/tr\/wp-content\/uploads\/sites\/6\/2020\/11\/Almanya-1.jpg","width":399,"height":300},{"@type":"BreadcrumbList","@id":"https:\/\/akunq.net\/tr\/?p=60302#breadcrumb","itemListElement":[{"@type":"ListItem","position":1,"name":"Home","item":"https:\/\/akunq.net\/tr"},{"@type":"ListItem","position":2,"name":"Do\u011fu Akdeniz: Alman askerleri T\u00fcrkiye&#8217;den Libya&#8217;ya giden gemiyi neden arad\u0131, Ankara&#8217;n\u0131n tepkisi ne oldu?"}]},{"@type":"WebSite","@id":"https:\/\/akunq.net\/tr\/#website","url":"https:\/\/akunq.net\/tr\/","name":"Bati Ermenistan Ve Bati Ermenileri Sorunlari Ara\u015ftirmalar Merkezi","description":"","potentialAction":[{"@type":"SearchAction","target":{"@type":"EntryPoint","urlTemplate":"https:\/\/akunq.net\/tr\/?s={search_term_string}"},"query-input":{"@type":"PropertyValueSpecification","valueRequired":true,"valueName":"search_term_string"}}],"inLanguage":"en-US"},{"@type":"Person","@id":"https:\/\/akunq.net\/tr\/#\/schema\/person\/096f1d38a12cce57fb855b485ed24c9e","name":"admin","url":"https:\/\/akunq.net\/tr\/?author=7"}]}},"_links":{"self":[{"href":"https:\/\/akunq.net\/tr\/index.php?rest_route=\/wp\/v2\/posts\/60302","targetHints":{"allow":["GET"]}}],"collection":[{"href":"https:\/\/akunq.net\/tr\/index.php?rest_route=\/wp\/v2\/posts"}],"about":[{"href":"https:\/\/akunq.net\/tr\/index.php?rest_route=\/wp\/v2\/types\/post"}],"author":[{"embeddable":true,"href":"https:\/\/akunq.net\/tr\/index.php?rest_route=\/wp\/v2\/users\/7"}],"replies":[{"embeddable":true,"href":"https:\/\/akunq.net\/tr\/index.php?rest_route=%2Fwp%2Fv2%2Fcomments&post=60302"}],"version-history":[{"count":1,"href":"https:\/\/akunq.net\/tr\/index.php?rest_route=\/wp\/v2\/posts\/60302\/revisions"}],"predecessor-version":[{"id":60304,"href":"https:\/\/akunq.net\/tr\/index.php?rest_route=\/wp\/v2\/posts\/60302\/revisions\/60304"}],"wp:featuredmedia":[{"embeddable":true,"href":"https:\/\/akunq.net\/tr\/index.php?rest_route=\/wp\/v2\/media\/60303"}],"wp:attachment":[{"href":"https:\/\/akunq.net\/tr\/index.php?rest_route=%2Fwp%2Fv2%2Fmedia&parent=60302"}],"wp:term":[{"taxonomy":"category","embeddable":true,"href":"https:\/\/akunq.net\/tr\/index.php?rest_route=%2Fwp%2Fv2%2Fcategories&post=60302"},{"taxonomy":"post_tag","embeddable":true,"href":"https:\/\/akunq.net\/tr\/index.php?rest_route=%2Fwp%2Fv2%2Ftags&post=60302"}],"curies":[{"name":"wp","href":"https:\/\/api.w.org\/{rel}","templated":true}]}}