{"id":60295,"date":"2020-11-23T04:30:30","date_gmt":"2020-11-23T09:30:30","guid":{"rendered":"https:\/\/akunq.net\/tr\/?p=60295"},"modified":"2020-11-23T04:30:30","modified_gmt":"2020-11-23T09:30:30","slug":"episkopos-sebuh-culcuyan-vefat-etti","status":"publish","type":"post","link":"https:\/\/akunq.net\/tr\/?p=60295","title":{"rendered":"Episkopos Sebuh \u00c7ulcuyan vefat etti"},"content":{"rendered":"<p><img loading=\"lazy\" decoding=\"async\" class=\"aligncenter size-medium wp-image-60296\" src=\"https:\/\/akunq.net\/tr\/wp-content\/uploads\/2020\/11\/\u054d\u0565\u057a\u0578\u0582\u0570-\u0561\u0580\u0584\u0565\u057a\u056b\u057d\u056f\u0578\u057a\u0578\u057d-\u0549\u0578\u0582\u056c\u057b\u0575\u0561\u0576-189x270.jpg\" alt=\"\" width=\"189\" height=\"270\" srcset=\"https:\/\/akunq.net\/tr\/wp-content\/uploads\/sites\/6\/2020\/11\/\u054d\u0565\u057a\u0578\u0582\u0570-\u0561\u0580\u0584\u0565\u057a\u056b\u057d\u056f\u0578\u057a\u0578\u057d-\u0549\u0578\u0582\u056c\u057b\u0575\u0561\u0576-189x270.jpg 189w, https:\/\/akunq.net\/tr\/wp-content\/uploads\/sites\/6\/2020\/11\/\u054d\u0565\u057a\u0578\u0582\u0570-\u0561\u0580\u0584\u0565\u057a\u056b\u057d\u056f\u0578\u057a\u0578\u057d-\u0549\u0578\u0582\u056c\u057b\u0575\u0561\u0576-768x1095.jpg 768w, https:\/\/akunq.net\/tr\/wp-content\/uploads\/sites\/6\/2020\/11\/\u054d\u0565\u057a\u0578\u0582\u0570-\u0561\u0580\u0584\u0565\u057a\u056b\u057d\u056f\u0578\u057a\u0578\u057d-\u0549\u0578\u0582\u056c\u057b\u0575\u0561\u0576-560x798.jpg 560w, https:\/\/akunq.net\/tr\/wp-content\/uploads\/sites\/6\/2020\/11\/\u054d\u0565\u057a\u0578\u0582\u0570-\u0561\u0580\u0584\u0565\u057a\u056b\u057d\u056f\u0578\u057a\u0578\u057d-\u0549\u0578\u0582\u056c\u057b\u0575\u0561\u0576-260x371.jpg 260w, https:\/\/akunq.net\/tr\/wp-content\/uploads\/sites\/6\/2020\/11\/\u054d\u0565\u057a\u0578\u0582\u0570-\u0561\u0580\u0584\u0565\u057a\u056b\u057d\u056f\u0578\u057a\u0578\u057d-\u0549\u0578\u0582\u056c\u057b\u0575\u0561\u0576-160x228.jpg 160w, https:\/\/akunq.net\/tr\/wp-content\/uploads\/sites\/6\/2020\/11\/\u054d\u0565\u057a\u0578\u0582\u0570-\u0561\u0580\u0584\u0565\u057a\u056b\u057d\u056f\u0578\u057a\u0578\u057d-\u0549\u0578\u0582\u056c\u057b\u0575\u0561\u0576.jpg 842w\" sizes=\"auto, (max-width: 189px) 100vw, 189px\" \/><\/p>\n<p><em><strong>HYETERT \u2013 Ermenistan\u2019\u0131n Gugark B\u00f6lgesi Ruhani \u00d6nderi Episkopos Sebuh \u00c7ulcuyan\u2019\u0131n 29 Ekim g\u00fcn\u00fc COVID-19 testinin pozitif oldu\u011fu\u00a0<a href=\"https:\/\/hyetert.org\/2020\/10\/29\/%D5%A3%D5%B8%D6%82%D5%A3%D5%A1%D6%80%D5%A1%D6%81-%D5%A9%D5%A5%D5%B4%D5%AB-%D5%A2%D5%A1%D6%80%D5%A5%D5%BA%D5%A1%D5%B7%D5%BF-%D5%B0%D5%A1%D5%BE%D5%A1%D5%BF%D5%A1%D6%81%D5%B5%D5%A1%D5%AC%D5%B6%D5%A5\/\">a\u00e7\u0131klam\u0131\u015ft\u0131<\/a>. Karaba\u011f\u2019da s\u00fcren sava\u015fta yaralanan ve vefat eden askerlerin kendileri ve aileleri ile yak\u0131ndan ilgilenmi\u015f, kendi sa\u011fl\u0131\u011f\u0131n\u0131 d\u00fc\u015f\u00fcnmeden onlar\u0131 teselli ve te\u015fvik etmek i\u00e7in \u00e7abalam\u0131\u015ft\u0131.<\/strong><\/em><\/p>\n<p>Bu sabah\u00a0<a href=\"https:\/\/www.facebook.com\/holyetchmiadzin\/\">Ana Taht Kutsal E\u00e7miyadzin\u00a0<\/a>sosyal medya hesab\u0131ndan yap\u0131lan a\u00e7\u0131klama ile Srpazan\u2019\u0131n vefat\u0131 duyuruldu. Ermeni Apostolik Kilisesi ve Gugark B\u00f6lgesi Episkoposlu\u011fu i\u00e7in b\u00fcy\u00fck kay\u0131p olan Sebuh Srpazan\u0131n zamans\u0131z vefat\u0131 T\u00fcm D\u00fcnya Ermenileri Katolikos\u2019u Karekin II ve Kutsal Etchmiadzin toplulu\u011fu \u00fcyelerini derin yasa bo\u011fmu\u015ftur dendi.<\/p>\n<p><strong>Episkopos Sebuh \u00c7ulcuyan<\/strong><\/p>\n<p>24 Mart 1959\u2019da Malatya\u2019da do\u011fdu. \u0130lk\u00f6\u011frenimine \u0130stanbul\u2019daki Nersesyan Okulu\u2019nda ba\u015flad\u0131. 1969\u2019da ailesiyle birlikte Ermenistan\u2019\u0131n G\u00fcmr\u00fc \u015fehrine g\u00f6\u00e7 etti. \u0130lk ve orta\u00f6\u011frenimini burada tamamlad\u0131. 1978\u2019de, E\u00e7miadzin kentindeki ruhban okuluna kabul edildi. 1979\u2019da Sovyet ordusundaki askerlik hizmetini, daha sonra ruhban okulundaki e\u011fitimini tamamlad\u0131. Aral\u0131k 1985\u2019te, diyakos olarak atand\u0131. Mart 1986\u2019da, Harputlu Lucas\u2019\u0131n terc\u00fcme faaliyetlerini konu alan tezini sundu. Ruhban okulundan mezun olduktan sonra, Katolikos I. Vazken d\u00f6neminde, Katolikosluk makam\u0131n\u0131n sekreterli\u011fine getirildi.<br \/>\n7 Haziran 1987\u2019de, rahip olarak takdis edildi. Eyl\u00fcl 1987\u2019de, Katolikos I. Vazken\u2019in karar\u0131yla ruhban okulunda belletmen ve daha sonra da m\u00fcd\u00fcr muavini oldu. 1989\u2019da, \u2018Ermeni Apostolik Kilisesi\u2019nde Oru\u00e7\u2019 ba\u015fl\u0131kl\u0131 rahiplik tezini sundu. 1990\u2019da, \u0130svi\u00e7re\u2019nin Cenevre \u015fehrindeki Ermeni toplumunun ruhani \u00f6nderli\u011fine tayin edildi. 1991\u2019de E\u00e7miadzin\u2019e davet edildi ve ?irag b\u00f6lgesi ruhani \u00f6nder vekilli\u011fine tayin edildi.<\/p>\n<p>Haziran 1995\u2019te, Katolikos I. Karekin taraf\u0131ndan E\u00e7miadzin\u2019e \u00e7a\u011fr\u0131ld\u0131 ve manast\u0131r\u0131n ambarlar ve demirba\u015flar komisyonunun ba\u015fkanl\u0131\u011f\u0131na getirildi. Ayr\u0131ca, iktisadi ve imari konular\u0131nda Katolikos dan\u0131\u015fman\u0131 oldu. 1996\u2019da Ermenistan \u0130nsani Yard\u0131m Merkez Komitesi\u2019nde Katolikosluk temsilcisi oldu. 1996\u2019da, h\u00fck\u00fcmet taraf\u0131ndan, Kiliseye Ait M\u00fclklerin \u0130adesi Komisyonu\u2019nun ba\u015fkanl\u0131\u011f\u0131na, 3 Haziran 1996\u2019da Gugark b\u00f6lgesi ruhani \u00f6nderli\u011fine getirildi. 15 Haziran 1997\u2019de, Katolikos I. Karekin taraf\u0131ndan episkopos olarak takdis edildi. 24 Mart 2000\u2019de, Ermenistan Kilisesi T\u00fcz\u00fck Komisyonu \u00fcyeli\u011fine getirildi. Kas\u0131m 2000\u2019de, Y\u00fcksek Ruhani \u015eura \u00fcyeli\u011fine tayin edildi. 2000\u2019de 1700. Y\u0131l Kutlamalar\u0131 y\u00fcr\u00fctme kurulu \u00fcyesi oldu.<\/p>\n<p>Ekim 2002\u2019de Do\u011fa ve Toplum Bilimleri Uluslararas\u0131 Akademisi Ermeni B\u00f6l\u00fcm\u00fc asil \u00fcyesi oldu. Aral\u0131k 2004\u2019te Vanatzor \u015fehri Devlet Pedagoji Enstit\u00fcs\u00fc madalyas\u0131 ile \u00f6d\u00fcllendirildi.<\/p>\n<p>Ocak 2005\u2019te h\u00fcmanist Fridyof Nansen an\u0131s\u0131na verilen alt\u0131n madalya ile \u00f6d\u00fcllendirildi.<br \/>\n2006\u2019da ba\u015fbakan Antranik Markaryan taraf\u0131ndan, devlet-kilise ili\u015fkilerinin peki\u015fmesi alan\u0131ndaki \u00e7al\u0131\u015fmalar\u0131ndan \u00f6t\u00fcr\u00fc Ermenistan Cumhuriyeti Ba\u015fbakanl\u0131\u011f\u0131 madalyas\u0131yla \u00f6d\u00fcllendirildi. 2007\u2019de Y\u00fcksek Ruhani \u015eura \u00fcyeli\u011fi son buldu. Gugark b\u00f6lgesinin ruhani temsilcili\u011finin kurulmas\u0131 ve organizasyonu alan\u0131nda Sebuh Episkopos \u00c7ulcuyan\u2019\u0131n \u00e7al\u0131\u015fmalar\u0131 ve sundu\u011fu b\u00fcy\u00fck katk\u0131 ile temsilcilik \u00f6nemli ba\u015far\u0131lar kaydetti. 1996 y\u0131l\u0131ndan ba\u015flayarak, onun \u00f6nderli\u011finde, \u00f6zellikle dini k\u00fclt\u00fcr\u00fcn geli\u015fmesi, toplum-kilise ba\u011f\u0131n\u0131n peki\u015fmesi Lori b\u00f6lgesinde e\u015fi g\u00f6r\u00fclmemi\u015f sonu\u00e7lar verdi.<\/p>\n<p>Bu ba\u015far\u0131 \u00f6nder Sebuh Episkopos\u2019un benimsedi\u011fi ak\u0131lc\u0131 dini siyaset, yeni yakla\u015f\u0131mlar ve yeni anlay\u0131\u015flarla m\u00fcmk\u00fcn oldu.<\/p>\n<p>Ba\u015flang\u0131\u00e7 d\u00f6neminde, faal olan az say\u0131daki kiliseye ve yetersiz din adam\u0131na kar\u015f\u0131n, kilise fedakar hizmetlileri vas\u0131tas\u0131yla sosyal ya\u015famla ilgili hemen her alanda varl\u0131k g\u00f6sterdi.<\/p>\n<p>Episkopos \u00c7ulcuyan, Lori b\u00f6lgesinde \u00f6rnek bir din adam\u0131 olarak, adil davran\u0131\u015flar\u0131yla gen\u00e7li\u011fin, \u00f6\u011frencilerin ve halk\u0131n g\u00f6nl\u00fcnde \u00f6nemli bir yere sahip oldu.<\/p>\n<p><em><strong>https:\/\/hyetert.org\/2020\/11\/19\/episkopos-sebuh-culcuyan-vefat-etti\/\u00a0<\/strong><\/em><\/p>\n","protected":false},"excerpt":{"rendered":"<p>HYETERT \u2013 Ermenistan\u2019\u0131n Gugark B\u00f6lgesi Ruhani \u00d6nderi Episkopos Sebuh \u00c7ulcuyan\u2019\u0131n 29 Ekim g\u00fcn\u00fc COVID-19 testinin pozitif oldu\u011fu\u00a0a\u00e7\u0131klam\u0131\u015ft\u0131. Karaba\u011f\u2019da s\u00fcren sava\u015fta yaralanan ve vefat eden askerlerin kendileri ve aileleri ile yak\u0131ndan ilgilenmi\u015f, kendi sa\u011fl\u0131\u011f\u0131n\u0131 d\u00fc\u015f\u00fcnmeden onlar\u0131 teselli ve te\u015fvik etmek i\u00e7in \u00e7abalam\u0131\u015ft\u0131. Bu sabah\u00a0Ana Taht Kutsal E\u00e7miyadzin\u00a0sosyal medya hesab\u0131ndan yap\u0131lan a\u00e7\u0131klama ile Srpazan\u2019\u0131n vefat\u0131 duyuruldu. Ermeni [&hellip;]<\/p>\n","protected":false},"author":7,"featured_media":60296,"comment_status":"open","ping_status":"open","sticky":false,"template":"","format":"standard","meta":{"footnotes":""},"categories":[1],"tags":[],"class_list":["post-60295","post","type-post","status-publish","format-standard","has-post-thumbnail","hentry","category-haberler"],"yoast_head":"<!-- This site is optimized with the Yoast SEO plugin v27.4 - https:\/\/yoast.com\/product\/yoast-seo-wordpress\/ -->\n<title>Episkopos Sebuh \u00c7ulcuyan vefat etti - Bati Ermenistan Ve Bati Ermenileri Sorunlari Ara\u015ftirmalar Merkezi<\/title>\n<meta name=\"robots\" content=\"index, follow, max-snippet:-1, max-image-preview:large, max-video-preview:-1\" \/>\n<link rel=\"canonical\" href=\"https:\/\/akunq.net\/tr\/?p=60295\" \/>\n<meta property=\"og:locale\" content=\"en_US\" \/>\n<meta property=\"og:type\" content=\"article\" \/>\n<meta property=\"og:title\" content=\"Episkopos Sebuh \u00c7ulcuyan vefat etti - Bati Ermenistan Ve Bati Ermenileri Sorunlari Ara\u015ftirmalar Merkezi\" \/>\n<meta property=\"og:description\" content=\"HYETERT \u2013 Ermenistan\u2019\u0131n Gugark B\u00f6lgesi Ruhani \u00d6nderi Episkopos Sebuh \u00c7ulcuyan\u2019\u0131n 29 Ekim g\u00fcn\u00fc COVID-19 testinin pozitif oldu\u011fu\u00a0a\u00e7\u0131klam\u0131\u015ft\u0131. Karaba\u011f\u2019da s\u00fcren sava\u015fta yaralanan ve vefat eden askerlerin kendileri ve aileleri ile yak\u0131ndan ilgilenmi\u015f, kendi sa\u011fl\u0131\u011f\u0131n\u0131 d\u00fc\u015f\u00fcnmeden onlar\u0131 teselli ve te\u015fvik etmek i\u00e7in \u00e7abalam\u0131\u015ft\u0131. Bu sabah\u00a0Ana Taht Kutsal E\u00e7miyadzin\u00a0sosyal medya hesab\u0131ndan yap\u0131lan a\u00e7\u0131klama ile Srpazan\u2019\u0131n vefat\u0131 duyuruldu. Ermeni [&hellip;]\" \/>\n<meta property=\"og:url\" content=\"https:\/\/akunq.net\/tr\/?p=60295\" \/>\n<meta property=\"og:site_name\" content=\"Bati Ermenistan Ve Bati Ermenileri Sorunlari Ara\u015ftirmalar Merkezi\" \/>\n<meta property=\"article:published_time\" content=\"2020-11-23T09:30:30+00:00\" \/>\n<meta property=\"og:image\" content=\"https:\/\/akunq.net\/tr\/wp-content\/uploads\/sites\/6\/2020\/11\/\u054d\u0565\u057a\u0578\u0582\u0570-\u0561\u0580\u0584\u0565\u057a\u056b\u057d\u056f\u0578\u057a\u0578\u057d-\u0549\u0578\u0582\u056c\u057b\u0575\u0561\u0576.jpg\" \/>\n\t<meta property=\"og:image:width\" content=\"842\" \/>\n\t<meta property=\"og:image:height\" content=\"1200\" \/>\n\t<meta property=\"og:image:type\" content=\"image\/jpeg\" \/>\n<meta name=\"author\" content=\"admin\" \/>\n<meta name=\"twitter:card\" content=\"summary_large_image\" \/>\n<meta name=\"twitter:label1\" content=\"Written by\" \/>\n\t<meta name=\"twitter:data1\" content=\"admin\" \/>\n\t<meta name=\"twitter:label2\" content=\"Est. reading time\" \/>\n\t<meta name=\"twitter:data2\" content=\"3 minutes\" \/>\n<script type=\"application\/ld+json\" class=\"yoast-schema-graph\">{\"@context\":\"https:\\\/\\\/schema.org\",\"@graph\":[{\"@type\":\"Article\",\"@id\":\"https:\\\/\\\/akunq.net\\\/tr\\\/?p=60295#article\",\"isPartOf\":{\"@id\":\"https:\\\/\\\/akunq.net\\\/tr\\\/?p=60295\"},\"author\":{\"name\":\"admin\",\"@id\":\"https:\\\/\\\/akunq.net\\\/tr\\\/#\\\/schema\\\/person\\\/096f1d38a12cce57fb855b485ed24c9e\"},\"headline\":\"Episkopos Sebuh \u00c7ulcuyan vefat etti\",\"datePublished\":\"2020-11-23T09:30:30+00:00\",\"mainEntityOfPage\":{\"@id\":\"https:\\\/\\\/akunq.net\\\/tr\\\/?p=60295\"},\"wordCount\":635,\"commentCount\":0,\"image\":{\"@id\":\"https:\\\/\\\/akunq.net\\\/tr\\\/?p=60295#primaryimage\"},\"thumbnailUrl\":\"https:\\\/\\\/akunq.net\\\/tr\\\/wp-content\\\/uploads\\\/sites\\\/6\\\/2020\\\/11\\\/\u054d\u0565\u057a\u0578\u0582\u0570-\u0561\u0580\u0584\u0565\u057a\u056b\u057d\u056f\u0578\u057a\u0578\u057d-\u0549\u0578\u0582\u056c\u057b\u0575\u0561\u0576.jpg\",\"articleSection\":[\"Haberler\"],\"inLanguage\":\"en-US\",\"potentialAction\":[{\"@type\":\"CommentAction\",\"name\":\"Comment\",\"target\":[\"https:\\\/\\\/akunq.net\\\/tr\\\/?p=60295#respond\"]}]},{\"@type\":\"WebPage\",\"@id\":\"https:\\\/\\\/akunq.net\\\/tr\\\/?p=60295\",\"url\":\"https:\\\/\\\/akunq.net\\\/tr\\\/?p=60295\",\"name\":\"Episkopos Sebuh \u00c7ulcuyan vefat etti - Bati Ermenistan Ve Bati Ermenileri Sorunlari Ara\u015ftirmalar Merkezi\",\"isPartOf\":{\"@id\":\"https:\\\/\\\/akunq.net\\\/tr\\\/#website\"},\"primaryImageOfPage\":{\"@id\":\"https:\\\/\\\/akunq.net\\\/tr\\\/?p=60295#primaryimage\"},\"image\":{\"@id\":\"https:\\\/\\\/akunq.net\\\/tr\\\/?p=60295#primaryimage\"},\"thumbnailUrl\":\"https:\\\/\\\/akunq.net\\\/tr\\\/wp-content\\\/uploads\\\/sites\\\/6\\\/2020\\\/11\\\/\u054d\u0565\u057a\u0578\u0582\u0570-\u0561\u0580\u0584\u0565\u057a\u056b\u057d\u056f\u0578\u057a\u0578\u057d-\u0549\u0578\u0582\u056c\u057b\u0575\u0561\u0576.jpg\",\"datePublished\":\"2020-11-23T09:30:30+00:00\",\"author\":{\"@id\":\"https:\\\/\\\/akunq.net\\\/tr\\\/#\\\/schema\\\/person\\\/096f1d38a12cce57fb855b485ed24c9e\"},\"breadcrumb\":{\"@id\":\"https:\\\/\\\/akunq.net\\\/tr\\\/?p=60295#breadcrumb\"},\"inLanguage\":\"en-US\",\"potentialAction\":[{\"@type\":\"ReadAction\",\"target\":[\"https:\\\/\\\/akunq.net\\\/tr\\\/?p=60295\"]}]},{\"@type\":\"ImageObject\",\"inLanguage\":\"en-US\",\"@id\":\"https:\\\/\\\/akunq.net\\\/tr\\\/?p=60295#primaryimage\",\"url\":\"https:\\\/\\\/akunq.net\\\/tr\\\/wp-content\\\/uploads\\\/sites\\\/6\\\/2020\\\/11\\\/\u054d\u0565\u057a\u0578\u0582\u0570-\u0561\u0580\u0584\u0565\u057a\u056b\u057d\u056f\u0578\u057a\u0578\u057d-\u0549\u0578\u0582\u056c\u057b\u0575\u0561\u0576.jpg\",\"contentUrl\":\"https:\\\/\\\/akunq.net\\\/tr\\\/wp-content\\\/uploads\\\/sites\\\/6\\\/2020\\\/11\\\/\u054d\u0565\u057a\u0578\u0582\u0570-\u0561\u0580\u0584\u0565\u057a\u056b\u057d\u056f\u0578\u057a\u0578\u057d-\u0549\u0578\u0582\u056c\u057b\u0575\u0561\u0576.jpg\",\"width\":842,\"height\":1200},{\"@type\":\"BreadcrumbList\",\"@id\":\"https:\\\/\\\/akunq.net\\\/tr\\\/?p=60295#breadcrumb\",\"itemListElement\":[{\"@type\":\"ListItem\",\"position\":1,\"name\":\"Home\",\"item\":\"https:\\\/\\\/akunq.net\\\/tr\"},{\"@type\":\"ListItem\",\"position\":2,\"name\":\"Episkopos Sebuh \u00c7ulcuyan vefat etti\"}]},{\"@type\":\"WebSite\",\"@id\":\"https:\\\/\\\/akunq.net\\\/tr\\\/#website\",\"url\":\"https:\\\/\\\/akunq.net\\\/tr\\\/\",\"name\":\"Bati Ermenistan Ve Bati Ermenileri Sorunlari Ara\u015ftirmalar Merkezi\",\"description\":\"\",\"potentialAction\":[{\"@type\":\"SearchAction\",\"target\":{\"@type\":\"EntryPoint\",\"urlTemplate\":\"https:\\\/\\\/akunq.net\\\/tr\\\/?s={search_term_string}\"},\"query-input\":{\"@type\":\"PropertyValueSpecification\",\"valueRequired\":true,\"valueName\":\"search_term_string\"}}],\"inLanguage\":\"en-US\"},{\"@type\":\"Person\",\"@id\":\"https:\\\/\\\/akunq.net\\\/tr\\\/#\\\/schema\\\/person\\\/096f1d38a12cce57fb855b485ed24c9e\",\"name\":\"admin\",\"url\":\"https:\\\/\\\/akunq.net\\\/tr\\\/?author=7\"}]}<\/script>\n<!-- \/ Yoast SEO plugin. -->","yoast_head_json":{"title":"Episkopos Sebuh \u00c7ulcuyan vefat etti - Bati Ermenistan Ve Bati Ermenileri Sorunlari Ara\u015ftirmalar Merkezi","robots":{"index":"index","follow":"follow","max-snippet":"max-snippet:-1","max-image-preview":"max-image-preview:large","max-video-preview":"max-video-preview:-1"},"canonical":"https:\/\/akunq.net\/tr\/?p=60295","og_locale":"en_US","og_type":"article","og_title":"Episkopos Sebuh \u00c7ulcuyan vefat etti - Bati Ermenistan Ve Bati Ermenileri Sorunlari Ara\u015ftirmalar Merkezi","og_description":"HYETERT \u2013 Ermenistan\u2019\u0131n Gugark B\u00f6lgesi Ruhani \u00d6nderi Episkopos Sebuh \u00c7ulcuyan\u2019\u0131n 29 Ekim g\u00fcn\u00fc COVID-19 testinin pozitif oldu\u011fu\u00a0a\u00e7\u0131klam\u0131\u015ft\u0131. Karaba\u011f\u2019da s\u00fcren sava\u015fta yaralanan ve vefat eden askerlerin kendileri ve aileleri ile yak\u0131ndan ilgilenmi\u015f, kendi sa\u011fl\u0131\u011f\u0131n\u0131 d\u00fc\u015f\u00fcnmeden onlar\u0131 teselli ve te\u015fvik etmek i\u00e7in \u00e7abalam\u0131\u015ft\u0131. Bu sabah\u00a0Ana Taht Kutsal E\u00e7miyadzin\u00a0sosyal medya hesab\u0131ndan yap\u0131lan a\u00e7\u0131klama ile Srpazan\u2019\u0131n vefat\u0131 duyuruldu. Ermeni [&hellip;]","og_url":"https:\/\/akunq.net\/tr\/?p=60295","og_site_name":"Bati Ermenistan Ve Bati Ermenileri Sorunlari Ara\u015ftirmalar Merkezi","article_published_time":"2020-11-23T09:30:30+00:00","og_image":[{"width":842,"height":1200,"url":"https:\/\/akunq.net\/tr\/wp-content\/uploads\/sites\/6\/2020\/11\/\u054d\u0565\u057a\u0578\u0582\u0570-\u0561\u0580\u0584\u0565\u057a\u056b\u057d\u056f\u0578\u057a\u0578\u057d-\u0549\u0578\u0582\u056c\u057b\u0575\u0561\u0576.jpg","type":"image\/jpeg"}],"author":"admin","twitter_card":"summary_large_image","twitter_misc":{"Written by":"admin","Est. reading time":"3 minutes"},"schema":{"@context":"https:\/\/schema.org","@graph":[{"@type":"Article","@id":"https:\/\/akunq.net\/tr\/?p=60295#article","isPartOf":{"@id":"https:\/\/akunq.net\/tr\/?p=60295"},"author":{"name":"admin","@id":"https:\/\/akunq.net\/tr\/#\/schema\/person\/096f1d38a12cce57fb855b485ed24c9e"},"headline":"Episkopos Sebuh \u00c7ulcuyan vefat etti","datePublished":"2020-11-23T09:30:30+00:00","mainEntityOfPage":{"@id":"https:\/\/akunq.net\/tr\/?p=60295"},"wordCount":635,"commentCount":0,"image":{"@id":"https:\/\/akunq.net\/tr\/?p=60295#primaryimage"},"thumbnailUrl":"https:\/\/akunq.net\/tr\/wp-content\/uploads\/sites\/6\/2020\/11\/\u054d\u0565\u057a\u0578\u0582\u0570-\u0561\u0580\u0584\u0565\u057a\u056b\u057d\u056f\u0578\u057a\u0578\u057d-\u0549\u0578\u0582\u056c\u057b\u0575\u0561\u0576.jpg","articleSection":["Haberler"],"inLanguage":"en-US","potentialAction":[{"@type":"CommentAction","name":"Comment","target":["https:\/\/akunq.net\/tr\/?p=60295#respond"]}]},{"@type":"WebPage","@id":"https:\/\/akunq.net\/tr\/?p=60295","url":"https:\/\/akunq.net\/tr\/?p=60295","name":"Episkopos Sebuh \u00c7ulcuyan vefat etti - Bati Ermenistan Ve Bati Ermenileri Sorunlari Ara\u015ftirmalar Merkezi","isPartOf":{"@id":"https:\/\/akunq.net\/tr\/#website"},"primaryImageOfPage":{"@id":"https:\/\/akunq.net\/tr\/?p=60295#primaryimage"},"image":{"@id":"https:\/\/akunq.net\/tr\/?p=60295#primaryimage"},"thumbnailUrl":"https:\/\/akunq.net\/tr\/wp-content\/uploads\/sites\/6\/2020\/11\/\u054d\u0565\u057a\u0578\u0582\u0570-\u0561\u0580\u0584\u0565\u057a\u056b\u057d\u056f\u0578\u057a\u0578\u057d-\u0549\u0578\u0582\u056c\u057b\u0575\u0561\u0576.jpg","datePublished":"2020-11-23T09:30:30+00:00","author":{"@id":"https:\/\/akunq.net\/tr\/#\/schema\/person\/096f1d38a12cce57fb855b485ed24c9e"},"breadcrumb":{"@id":"https:\/\/akunq.net\/tr\/?p=60295#breadcrumb"},"inLanguage":"en-US","potentialAction":[{"@type":"ReadAction","target":["https:\/\/akunq.net\/tr\/?p=60295"]}]},{"@type":"ImageObject","inLanguage":"en-US","@id":"https:\/\/akunq.net\/tr\/?p=60295#primaryimage","url":"https:\/\/akunq.net\/tr\/wp-content\/uploads\/sites\/6\/2020\/11\/\u054d\u0565\u057a\u0578\u0582\u0570-\u0561\u0580\u0584\u0565\u057a\u056b\u057d\u056f\u0578\u057a\u0578\u057d-\u0549\u0578\u0582\u056c\u057b\u0575\u0561\u0576.jpg","contentUrl":"https:\/\/akunq.net\/tr\/wp-content\/uploads\/sites\/6\/2020\/11\/\u054d\u0565\u057a\u0578\u0582\u0570-\u0561\u0580\u0584\u0565\u057a\u056b\u057d\u056f\u0578\u057a\u0578\u057d-\u0549\u0578\u0582\u056c\u057b\u0575\u0561\u0576.jpg","width":842,"height":1200},{"@type":"BreadcrumbList","@id":"https:\/\/akunq.net\/tr\/?p=60295#breadcrumb","itemListElement":[{"@type":"ListItem","position":1,"name":"Home","item":"https:\/\/akunq.net\/tr"},{"@type":"ListItem","position":2,"name":"Episkopos Sebuh \u00c7ulcuyan vefat etti"}]},{"@type":"WebSite","@id":"https:\/\/akunq.net\/tr\/#website","url":"https:\/\/akunq.net\/tr\/","name":"Bati Ermenistan Ve Bati Ermenileri Sorunlari Ara\u015ftirmalar Merkezi","description":"","potentialAction":[{"@type":"SearchAction","target":{"@type":"EntryPoint","urlTemplate":"https:\/\/akunq.net\/tr\/?s={search_term_string}"},"query-input":{"@type":"PropertyValueSpecification","valueRequired":true,"valueName":"search_term_string"}}],"inLanguage":"en-US"},{"@type":"Person","@id":"https:\/\/akunq.net\/tr\/#\/schema\/person\/096f1d38a12cce57fb855b485ed24c9e","name":"admin","url":"https:\/\/akunq.net\/tr\/?author=7"}]}},"_links":{"self":[{"href":"https:\/\/akunq.net\/tr\/index.php?rest_route=\/wp\/v2\/posts\/60295","targetHints":{"allow":["GET"]}}],"collection":[{"href":"https:\/\/akunq.net\/tr\/index.php?rest_route=\/wp\/v2\/posts"}],"about":[{"href":"https:\/\/akunq.net\/tr\/index.php?rest_route=\/wp\/v2\/types\/post"}],"author":[{"embeddable":true,"href":"https:\/\/akunq.net\/tr\/index.php?rest_route=\/wp\/v2\/users\/7"}],"replies":[{"embeddable":true,"href":"https:\/\/akunq.net\/tr\/index.php?rest_route=%2Fwp%2Fv2%2Fcomments&post=60295"}],"version-history":[{"count":1,"href":"https:\/\/akunq.net\/tr\/index.php?rest_route=\/wp\/v2\/posts\/60295\/revisions"}],"predecessor-version":[{"id":60297,"href":"https:\/\/akunq.net\/tr\/index.php?rest_route=\/wp\/v2\/posts\/60295\/revisions\/60297"}],"wp:featuredmedia":[{"embeddable":true,"href":"https:\/\/akunq.net\/tr\/index.php?rest_route=\/wp\/v2\/media\/60296"}],"wp:attachment":[{"href":"https:\/\/akunq.net\/tr\/index.php?rest_route=%2Fwp%2Fv2%2Fmedia&parent=60295"}],"wp:term":[{"taxonomy":"category","embeddable":true,"href":"https:\/\/akunq.net\/tr\/index.php?rest_route=%2Fwp%2Fv2%2Fcategories&post=60295"},{"taxonomy":"post_tag","embeddable":true,"href":"https:\/\/akunq.net\/tr\/index.php?rest_route=%2Fwp%2Fv2%2Ftags&post=60295"}],"curies":[{"name":"wp","href":"https:\/\/api.w.org\/{rel}","templated":true}]}}