{"id":60289,"date":"2020-11-23T04:14:24","date_gmt":"2020-11-23T09:14:24","guid":{"rendered":"https:\/\/akunq.net\/tr\/?p=60289"},"modified":"2020-11-23T04:14:24","modified_gmt":"2020-11-23T09:14:24","slug":"savci-sayan-kurtler-yeni-bir-parti-kuruyor","status":"publish","type":"post","link":"https:\/\/akunq.net\/tr\/?p=60289","title":{"rendered":"Savc\u0131 Sayan: K\u00fcrtler yeni bir parti kuruyor"},"content":{"rendered":"<p><img loading=\"lazy\" decoding=\"async\" class=\"aligncenter size-medium wp-image-60290\" src=\"https:\/\/akunq.net\/tr\/wp-content\/uploads\/2020\/11\/\u054d\u0561\u057e\u057b\u0568-\u054d\u0561\u0575\u0561\u0576-360x242.jpg\" alt=\"\" width=\"360\" height=\"242\" srcset=\"https:\/\/akunq.net\/tr\/wp-content\/uploads\/sites\/6\/2020\/11\/\u054d\u0561\u057e\u057b\u0568-\u054d\u0561\u0575\u0561\u0576-360x242.jpg 360w, https:\/\/akunq.net\/tr\/wp-content\/uploads\/sites\/6\/2020\/11\/\u054d\u0561\u057e\u057b\u0568-\u054d\u0561\u0575\u0561\u0576-560x376.jpg 560w, https:\/\/akunq.net\/tr\/wp-content\/uploads\/sites\/6\/2020\/11\/\u054d\u0561\u057e\u057b\u0568-\u054d\u0561\u0575\u0561\u0576-260x175.jpg 260w, https:\/\/akunq.net\/tr\/wp-content\/uploads\/sites\/6\/2020\/11\/\u054d\u0561\u057e\u057b\u0568-\u054d\u0561\u0575\u0561\u0576-160x107.jpg 160w, https:\/\/akunq.net\/tr\/wp-content\/uploads\/sites\/6\/2020\/11\/\u054d\u0561\u057e\u057b\u0568-\u054d\u0561\u0575\u0561\u0576.jpg 670w\" sizes=\"auto, (max-width: 360px) 100vw, 360px\" \/><\/p>\n<p><em><strong>Haber Merkezi &#8211;\u00a0AK Parti A\u011fr\u0131 Belediye Ba\u015fkan\u0131 Savc\u0131 Sayan, K\u00fcrt siyaset\u00e7ilerin yeni bir parti kurarak Cumhur ittifak\u0131na destek vereceklerini ileri s\u00fcrd\u00fc.<\/strong><\/em><\/p>\n<p>Savc\u0131 Sayan, Twitter hesab\u0131ndan yapt\u0131\u011f\u0131 a\u00e7\u0131klamada, K\u00fcrtlerin yeni bir parti kuraca\u011f\u0131n\u0131 savundu.<\/p>\n<p>Sayan, \u201cHDP\u2019ye kar\u015f\u0131 birle\u015fen, ter\u00f6r\u00fc red eden,m\u00fctedeyyin, muhafazakar, Vatan\u0131n birlik ve beraberli\u011fine tam destek veren K\u00fcrt siyaset\u00e7iler yeni bir parti kurup Cumhur ittifak\u0131na destek verecekler&#8230; Taze ve kesin bilgidir&#8230; Haydi hay\u0131rl\u0131s\u0131&#8230;\u201d dedi.<\/p>\n<p>Konu hakk\u0131nda R\u00fbdaw\u2019a konu\u015fan Savc\u0131 Sayan, \u015fu an payla\u015ft\u0131\u011f\u0131 bilgiler d\u0131\u015f\u0131nda farkl\u0131 ayr\u0131nt\u0131lar payla\u015fmayaca\u011f\u0131n\u0131 s\u00f6yledi.<\/p>\n<p>Sayan, \u201cK\u00fcrtler art\u0131k ter\u00f6rden bezmi\u015f durumda. Bulunduklar\u0131 t\u00fcm \u00fclkelerde ter\u00f6rden \u00e7ok \u00e7ektiler ve bu bizi 100 y\u0131l geriye g\u00f6t\u00fcr\u00fcyor\u201d diye konu\u015ftu.<\/p>\n<p>Silahla ve sava\u015fla demokratik m\u00fccadelenin i\u00e7 i\u00e7e y\u00fcr\u00fct\u00fclemeyece\u011fini vurgulayan Sayan, \u201c\u0130n\u015fallah bu hareket ba\u015far\u0131l\u0131 olur\u201d ifadelerini kulland\u0131.<\/p>\n<p>Savc\u0131 Sayan, \u201cyeni olu\u015fuma dair bir takvim varm\u0131\u201d sorusuna ise, \u201cBiz i\u015fin d\u0131\u015f\u0131nday\u0131z. Dolay\u0131s\u0131yla partiyi kuracak olan ki\u015filer ayr\u0131nt\u0131lar\u0131 daha iyi biliyor. Ben ald\u0131\u011f\u0131m kesin duyumu payla\u015ft\u0131m ki \u00e7ok \u00f6nemli bir bilgi bu\u201d \u015feklinde yan\u0131t verdi.<\/p>\n<p><strong>K\u0131l\u0131\u00e7daro\u011flu g\u00fcndeme getirmi\u015fti<\/strong><\/p>\n<p>CHP Lideri Kemal K\u0131l\u0131\u00e7daro\u011flu, 4 Kas\u0131m\u2019da yapt\u0131\u011f\u0131 a\u00e7\u0131klamada, \u201cHDP&#8217;ye alternatif bir K\u00fcrt partisi kurdurmak i\u00e7in harekete ge\u00e7tiler. Bunu iyi biliyorum\u201d demi\u015fti.<\/p>\n<p>Konuk oldu\u011fu Youtube kanal\u0131nda g\u00fcndeme ili\u015fkin de\u011ferlendirmelerde bulunan CHP Genel Ba\u015fkan\u0131 Kemal K\u0131l\u0131\u00e7daro\u011flu, iktidar\u0131n Millet \u0130ttifak\u0131&#8217;n\u0131 par\u00e7alamak istedi\u011fini \u00f6ne s\u00fcrm\u00fc\u015ft\u00fc.<\/p>\n<p>K\u0131l\u0131\u00e7daro\u011flu, \u201cMillet ittifak\u0131n\u0131 par\u00e7alamak istiyorlar. HDP&#8217;ye alternatif bir K\u00fcrt partisi kurdurmak i\u00e7in harekete ge\u00e7tiler. Bunu iyi biliyorum. \u0130ktidar havuz medyas\u0131nda bize bir \u015fey yapamayaca\u011f\u0131n\u0131 anlad\u0131. CHP&#8217;ye yak\u0131n medyaya teklif g\u00f6t\u00fcr\u00fcyorlar. Ben bunu biliyorum. Ayr\u0131 bir parti kurmak i\u00e7in ciddi paralar ortaya koyuyorlar. Para haz\u0131r gel deniyor\u201d ifadelerini kullanm\u0131\u015ft\u0131.<\/p>\n<p><em><strong>https:\/\/www.rudaw.net\/turkish\/kurdistan\/181120205\u00a0<\/strong><\/em><\/p>\n","protected":false},"excerpt":{"rendered":"<p>Haber Merkezi &#8211;\u00a0AK Parti A\u011fr\u0131 Belediye Ba\u015fkan\u0131 Savc\u0131 Sayan, K\u00fcrt siyaset\u00e7ilerin yeni bir parti kurarak Cumhur ittifak\u0131na destek vereceklerini ileri s\u00fcrd\u00fc. Savc\u0131 Sayan, Twitter hesab\u0131ndan yapt\u0131\u011f\u0131 a\u00e7\u0131klamada, K\u00fcrtlerin yeni bir parti kuraca\u011f\u0131n\u0131 savundu. Sayan, \u201cHDP\u2019ye kar\u015f\u0131 birle\u015fen, ter\u00f6r\u00fc red eden,m\u00fctedeyyin, muhafazakar, Vatan\u0131n birlik ve beraberli\u011fine tam destek veren K\u00fcrt siyaset\u00e7iler yeni bir parti kurup Cumhur [&hellip;]<\/p>\n","protected":false},"author":7,"featured_media":60290,"comment_status":"open","ping_status":"open","sticky":false,"template":"","format":"standard","meta":{"footnotes":""},"categories":[1],"tags":[],"class_list":["post-60289","post","type-post","status-publish","format-standard","has-post-thumbnail","hentry","category-haberler"],"yoast_head":"<!-- This site is optimized with the Yoast SEO plugin v27.4 - https:\/\/yoast.com\/product\/yoast-seo-wordpress\/ -->\n<title>Savc\u0131 Sayan: K\u00fcrtler yeni bir parti kuruyor - Bati Ermenistan Ve Bati Ermenileri Sorunlari Ara\u015ftirmalar Merkezi<\/title>\n<meta name=\"robots\" content=\"index, follow, max-snippet:-1, max-image-preview:large, max-video-preview:-1\" \/>\n<link rel=\"canonical\" href=\"https:\/\/akunq.net\/tr\/?p=60289\" \/>\n<meta property=\"og:locale\" content=\"en_US\" \/>\n<meta property=\"og:type\" content=\"article\" \/>\n<meta property=\"og:title\" content=\"Savc\u0131 Sayan: K\u00fcrtler yeni bir parti kuruyor - Bati Ermenistan Ve Bati Ermenileri Sorunlari Ara\u015ftirmalar Merkezi\" \/>\n<meta property=\"og:description\" content=\"Haber Merkezi &#8211;\u00a0AK Parti A\u011fr\u0131 Belediye Ba\u015fkan\u0131 Savc\u0131 Sayan, K\u00fcrt siyaset\u00e7ilerin yeni bir parti kurarak Cumhur ittifak\u0131na destek vereceklerini ileri s\u00fcrd\u00fc. Savc\u0131 Sayan, Twitter hesab\u0131ndan yapt\u0131\u011f\u0131 a\u00e7\u0131klamada, K\u00fcrtlerin yeni bir parti kuraca\u011f\u0131n\u0131 savundu. Sayan, \u201cHDP\u2019ye kar\u015f\u0131 birle\u015fen, ter\u00f6r\u00fc red eden,m\u00fctedeyyin, muhafazakar, Vatan\u0131n birlik ve beraberli\u011fine tam destek veren K\u00fcrt siyaset\u00e7iler yeni bir parti kurup Cumhur [&hellip;]\" \/>\n<meta property=\"og:url\" content=\"https:\/\/akunq.net\/tr\/?p=60289\" \/>\n<meta property=\"og:site_name\" content=\"Bati Ermenistan Ve Bati Ermenileri Sorunlari Ara\u015ftirmalar Merkezi\" \/>\n<meta property=\"article:published_time\" content=\"2020-11-23T09:14:24+00:00\" \/>\n<meta property=\"og:image\" content=\"https:\/\/akunq.net\/tr\/wp-content\/uploads\/sites\/6\/2020\/11\/\u054d\u0561\u057e\u057b\u0568-\u054d\u0561\u0575\u0561\u0576.jpg\" \/>\n\t<meta property=\"og:image:width\" content=\"670\" \/>\n\t<meta property=\"og:image:height\" content=\"450\" \/>\n\t<meta property=\"og:image:type\" content=\"image\/jpeg\" \/>\n<meta name=\"author\" content=\"admin\" \/>\n<meta name=\"twitter:card\" content=\"summary_large_image\" \/>\n<meta name=\"twitter:label1\" content=\"Written by\" \/>\n\t<meta name=\"twitter:data1\" content=\"admin\" \/>\n\t<meta name=\"twitter:label2\" content=\"Est. reading time\" \/>\n\t<meta name=\"twitter:data2\" content=\"2 minutes\" \/>\n<script type=\"application\/ld+json\" class=\"yoast-schema-graph\">{\"@context\":\"https:\\\/\\\/schema.org\",\"@graph\":[{\"@type\":\"Article\",\"@id\":\"https:\\\/\\\/akunq.net\\\/tr\\\/?p=60289#article\",\"isPartOf\":{\"@id\":\"https:\\\/\\\/akunq.net\\\/tr\\\/?p=60289\"},\"author\":{\"name\":\"admin\",\"@id\":\"https:\\\/\\\/akunq.net\\\/tr\\\/#\\\/schema\\\/person\\\/096f1d38a12cce57fb855b485ed24c9e\"},\"headline\":\"Savc\u0131 Sayan: K\u00fcrtler yeni bir parti kuruyor\",\"datePublished\":\"2020-11-23T09:14:24+00:00\",\"mainEntityOfPage\":{\"@id\":\"https:\\\/\\\/akunq.net\\\/tr\\\/?p=60289\"},\"wordCount\":372,\"commentCount\":0,\"image\":{\"@id\":\"https:\\\/\\\/akunq.net\\\/tr\\\/?p=60289#primaryimage\"},\"thumbnailUrl\":\"https:\\\/\\\/akunq.net\\\/tr\\\/wp-content\\\/uploads\\\/sites\\\/6\\\/2020\\\/11\\\/\u054d\u0561\u057e\u057b\u0568-\u054d\u0561\u0575\u0561\u0576.jpg\",\"articleSection\":[\"Haberler\"],\"inLanguage\":\"en-US\",\"potentialAction\":[{\"@type\":\"CommentAction\",\"name\":\"Comment\",\"target\":[\"https:\\\/\\\/akunq.net\\\/tr\\\/?p=60289#respond\"]}]},{\"@type\":\"WebPage\",\"@id\":\"https:\\\/\\\/akunq.net\\\/tr\\\/?p=60289\",\"url\":\"https:\\\/\\\/akunq.net\\\/tr\\\/?p=60289\",\"name\":\"Savc\u0131 Sayan: K\u00fcrtler yeni bir parti kuruyor - Bati Ermenistan Ve Bati Ermenileri Sorunlari Ara\u015ftirmalar Merkezi\",\"isPartOf\":{\"@id\":\"https:\\\/\\\/akunq.net\\\/tr\\\/#website\"},\"primaryImageOfPage\":{\"@id\":\"https:\\\/\\\/akunq.net\\\/tr\\\/?p=60289#primaryimage\"},\"image\":{\"@id\":\"https:\\\/\\\/akunq.net\\\/tr\\\/?p=60289#primaryimage\"},\"thumbnailUrl\":\"https:\\\/\\\/akunq.net\\\/tr\\\/wp-content\\\/uploads\\\/sites\\\/6\\\/2020\\\/11\\\/\u054d\u0561\u057e\u057b\u0568-\u054d\u0561\u0575\u0561\u0576.jpg\",\"datePublished\":\"2020-11-23T09:14:24+00:00\",\"author\":{\"@id\":\"https:\\\/\\\/akunq.net\\\/tr\\\/#\\\/schema\\\/person\\\/096f1d38a12cce57fb855b485ed24c9e\"},\"breadcrumb\":{\"@id\":\"https:\\\/\\\/akunq.net\\\/tr\\\/?p=60289#breadcrumb\"},\"inLanguage\":\"en-US\",\"potentialAction\":[{\"@type\":\"ReadAction\",\"target\":[\"https:\\\/\\\/akunq.net\\\/tr\\\/?p=60289\"]}]},{\"@type\":\"ImageObject\",\"inLanguage\":\"en-US\",\"@id\":\"https:\\\/\\\/akunq.net\\\/tr\\\/?p=60289#primaryimage\",\"url\":\"https:\\\/\\\/akunq.net\\\/tr\\\/wp-content\\\/uploads\\\/sites\\\/6\\\/2020\\\/11\\\/\u054d\u0561\u057e\u057b\u0568-\u054d\u0561\u0575\u0561\u0576.jpg\",\"contentUrl\":\"https:\\\/\\\/akunq.net\\\/tr\\\/wp-content\\\/uploads\\\/sites\\\/6\\\/2020\\\/11\\\/\u054d\u0561\u057e\u057b\u0568-\u054d\u0561\u0575\u0561\u0576.jpg\",\"width\":670,\"height\":450},{\"@type\":\"BreadcrumbList\",\"@id\":\"https:\\\/\\\/akunq.net\\\/tr\\\/?p=60289#breadcrumb\",\"itemListElement\":[{\"@type\":\"ListItem\",\"position\":1,\"name\":\"Home\",\"item\":\"https:\\\/\\\/akunq.net\\\/tr\"},{\"@type\":\"ListItem\",\"position\":2,\"name\":\"Savc\u0131 Sayan: K\u00fcrtler yeni bir parti kuruyor\"}]},{\"@type\":\"WebSite\",\"@id\":\"https:\\\/\\\/akunq.net\\\/tr\\\/#website\",\"url\":\"https:\\\/\\\/akunq.net\\\/tr\\\/\",\"name\":\"Bati Ermenistan Ve Bati Ermenileri Sorunlari Ara\u015ftirmalar Merkezi\",\"description\":\"\",\"potentialAction\":[{\"@type\":\"SearchAction\",\"target\":{\"@type\":\"EntryPoint\",\"urlTemplate\":\"https:\\\/\\\/akunq.net\\\/tr\\\/?s={search_term_string}\"},\"query-input\":{\"@type\":\"PropertyValueSpecification\",\"valueRequired\":true,\"valueName\":\"search_term_string\"}}],\"inLanguage\":\"en-US\"},{\"@type\":\"Person\",\"@id\":\"https:\\\/\\\/akunq.net\\\/tr\\\/#\\\/schema\\\/person\\\/096f1d38a12cce57fb855b485ed24c9e\",\"name\":\"admin\",\"url\":\"https:\\\/\\\/akunq.net\\\/tr\\\/?author=7\"}]}<\/script>\n<!-- \/ Yoast SEO plugin. -->","yoast_head_json":{"title":"Savc\u0131 Sayan: K\u00fcrtler yeni bir parti kuruyor - Bati Ermenistan Ve Bati Ermenileri Sorunlari Ara\u015ftirmalar Merkezi","robots":{"index":"index","follow":"follow","max-snippet":"max-snippet:-1","max-image-preview":"max-image-preview:large","max-video-preview":"max-video-preview:-1"},"canonical":"https:\/\/akunq.net\/tr\/?p=60289","og_locale":"en_US","og_type":"article","og_title":"Savc\u0131 Sayan: K\u00fcrtler yeni bir parti kuruyor - Bati Ermenistan Ve Bati Ermenileri Sorunlari Ara\u015ftirmalar Merkezi","og_description":"Haber Merkezi &#8211;\u00a0AK Parti A\u011fr\u0131 Belediye Ba\u015fkan\u0131 Savc\u0131 Sayan, K\u00fcrt siyaset\u00e7ilerin yeni bir parti kurarak Cumhur ittifak\u0131na destek vereceklerini ileri s\u00fcrd\u00fc. Savc\u0131 Sayan, Twitter hesab\u0131ndan yapt\u0131\u011f\u0131 a\u00e7\u0131klamada, K\u00fcrtlerin yeni bir parti kuraca\u011f\u0131n\u0131 savundu. Sayan, \u201cHDP\u2019ye kar\u015f\u0131 birle\u015fen, ter\u00f6r\u00fc red eden,m\u00fctedeyyin, muhafazakar, Vatan\u0131n birlik ve beraberli\u011fine tam destek veren K\u00fcrt siyaset\u00e7iler yeni bir parti kurup Cumhur [&hellip;]","og_url":"https:\/\/akunq.net\/tr\/?p=60289","og_site_name":"Bati Ermenistan Ve Bati Ermenileri Sorunlari Ara\u015ftirmalar Merkezi","article_published_time":"2020-11-23T09:14:24+00:00","og_image":[{"width":670,"height":450,"url":"https:\/\/akunq.net\/tr\/wp-content\/uploads\/sites\/6\/2020\/11\/\u054d\u0561\u057e\u057b\u0568-\u054d\u0561\u0575\u0561\u0576.jpg","type":"image\/jpeg"}],"author":"admin","twitter_card":"summary_large_image","twitter_misc":{"Written by":"admin","Est. reading time":"2 minutes"},"schema":{"@context":"https:\/\/schema.org","@graph":[{"@type":"Article","@id":"https:\/\/akunq.net\/tr\/?p=60289#article","isPartOf":{"@id":"https:\/\/akunq.net\/tr\/?p=60289"},"author":{"name":"admin","@id":"https:\/\/akunq.net\/tr\/#\/schema\/person\/096f1d38a12cce57fb855b485ed24c9e"},"headline":"Savc\u0131 Sayan: K\u00fcrtler yeni bir parti kuruyor","datePublished":"2020-11-23T09:14:24+00:00","mainEntityOfPage":{"@id":"https:\/\/akunq.net\/tr\/?p=60289"},"wordCount":372,"commentCount":0,"image":{"@id":"https:\/\/akunq.net\/tr\/?p=60289#primaryimage"},"thumbnailUrl":"https:\/\/akunq.net\/tr\/wp-content\/uploads\/sites\/6\/2020\/11\/\u054d\u0561\u057e\u057b\u0568-\u054d\u0561\u0575\u0561\u0576.jpg","articleSection":["Haberler"],"inLanguage":"en-US","potentialAction":[{"@type":"CommentAction","name":"Comment","target":["https:\/\/akunq.net\/tr\/?p=60289#respond"]}]},{"@type":"WebPage","@id":"https:\/\/akunq.net\/tr\/?p=60289","url":"https:\/\/akunq.net\/tr\/?p=60289","name":"Savc\u0131 Sayan: K\u00fcrtler yeni bir parti kuruyor - Bati Ermenistan Ve Bati Ermenileri Sorunlari Ara\u015ftirmalar Merkezi","isPartOf":{"@id":"https:\/\/akunq.net\/tr\/#website"},"primaryImageOfPage":{"@id":"https:\/\/akunq.net\/tr\/?p=60289#primaryimage"},"image":{"@id":"https:\/\/akunq.net\/tr\/?p=60289#primaryimage"},"thumbnailUrl":"https:\/\/akunq.net\/tr\/wp-content\/uploads\/sites\/6\/2020\/11\/\u054d\u0561\u057e\u057b\u0568-\u054d\u0561\u0575\u0561\u0576.jpg","datePublished":"2020-11-23T09:14:24+00:00","author":{"@id":"https:\/\/akunq.net\/tr\/#\/schema\/person\/096f1d38a12cce57fb855b485ed24c9e"},"breadcrumb":{"@id":"https:\/\/akunq.net\/tr\/?p=60289#breadcrumb"},"inLanguage":"en-US","potentialAction":[{"@type":"ReadAction","target":["https:\/\/akunq.net\/tr\/?p=60289"]}]},{"@type":"ImageObject","inLanguage":"en-US","@id":"https:\/\/akunq.net\/tr\/?p=60289#primaryimage","url":"https:\/\/akunq.net\/tr\/wp-content\/uploads\/sites\/6\/2020\/11\/\u054d\u0561\u057e\u057b\u0568-\u054d\u0561\u0575\u0561\u0576.jpg","contentUrl":"https:\/\/akunq.net\/tr\/wp-content\/uploads\/sites\/6\/2020\/11\/\u054d\u0561\u057e\u057b\u0568-\u054d\u0561\u0575\u0561\u0576.jpg","width":670,"height":450},{"@type":"BreadcrumbList","@id":"https:\/\/akunq.net\/tr\/?p=60289#breadcrumb","itemListElement":[{"@type":"ListItem","position":1,"name":"Home","item":"https:\/\/akunq.net\/tr"},{"@type":"ListItem","position":2,"name":"Savc\u0131 Sayan: K\u00fcrtler yeni bir parti kuruyor"}]},{"@type":"WebSite","@id":"https:\/\/akunq.net\/tr\/#website","url":"https:\/\/akunq.net\/tr\/","name":"Bati Ermenistan Ve Bati Ermenileri Sorunlari Ara\u015ftirmalar Merkezi","description":"","potentialAction":[{"@type":"SearchAction","target":{"@type":"EntryPoint","urlTemplate":"https:\/\/akunq.net\/tr\/?s={search_term_string}"},"query-input":{"@type":"PropertyValueSpecification","valueRequired":true,"valueName":"search_term_string"}}],"inLanguage":"en-US"},{"@type":"Person","@id":"https:\/\/akunq.net\/tr\/#\/schema\/person\/096f1d38a12cce57fb855b485ed24c9e","name":"admin","url":"https:\/\/akunq.net\/tr\/?author=7"}]}},"_links":{"self":[{"href":"https:\/\/akunq.net\/tr\/index.php?rest_route=\/wp\/v2\/posts\/60289","targetHints":{"allow":["GET"]}}],"collection":[{"href":"https:\/\/akunq.net\/tr\/index.php?rest_route=\/wp\/v2\/posts"}],"about":[{"href":"https:\/\/akunq.net\/tr\/index.php?rest_route=\/wp\/v2\/types\/post"}],"author":[{"embeddable":true,"href":"https:\/\/akunq.net\/tr\/index.php?rest_route=\/wp\/v2\/users\/7"}],"replies":[{"embeddable":true,"href":"https:\/\/akunq.net\/tr\/index.php?rest_route=%2Fwp%2Fv2%2Fcomments&post=60289"}],"version-history":[{"count":1,"href":"https:\/\/akunq.net\/tr\/index.php?rest_route=\/wp\/v2\/posts\/60289\/revisions"}],"predecessor-version":[{"id":60291,"href":"https:\/\/akunq.net\/tr\/index.php?rest_route=\/wp\/v2\/posts\/60289\/revisions\/60291"}],"wp:featuredmedia":[{"embeddable":true,"href":"https:\/\/akunq.net\/tr\/index.php?rest_route=\/wp\/v2\/media\/60290"}],"wp:attachment":[{"href":"https:\/\/akunq.net\/tr\/index.php?rest_route=%2Fwp%2Fv2%2Fmedia&parent=60289"}],"wp:term":[{"taxonomy":"category","embeddable":true,"href":"https:\/\/akunq.net\/tr\/index.php?rest_route=%2Fwp%2Fv2%2Fcategories&post=60289"},{"taxonomy":"post_tag","embeddable":true,"href":"https:\/\/akunq.net\/tr\/index.php?rest_route=%2Fwp%2Fv2%2Ftags&post=60289"}],"curies":[{"name":"wp","href":"https:\/\/api.w.org\/{rel}","templated":true}]}}