{"id":60280,"date":"2020-11-23T03:41:03","date_gmt":"2020-11-23T08:41:03","guid":{"rendered":"https:\/\/akunq.net\/tr\/?p=60280"},"modified":"2020-11-23T03:41:03","modified_gmt":"2020-11-23T08:41:03","slug":"karamanin-unlu-cesmeli-kilisesi-ve-tartanlarin-evi","status":"publish","type":"post","link":"https:\/\/akunq.net\/tr\/?p=60280","title":{"rendered":"Karaman\u2019\u0131n \u00dcnl\u00fc \u00c7e\u015fmeli Kilisesi ve Tartanlar\u0131n Evi"},"content":{"rendered":"<p><img loading=\"lazy\" decoding=\"async\" class=\"aligncenter size-medium wp-image-60281\" src=\"https:\/\/akunq.net\/tr\/wp-content\/uploads\/2020\/11\/Karaman\u2019\u0131n-\u00c7e\u015fmeli-Kilisesi-360x189.jpg\" alt=\"\" width=\"360\" height=\"189\" srcset=\"https:\/\/akunq.net\/tr\/wp-content\/uploads\/sites\/6\/2020\/11\/Karaman\u2019\u0131n-\u00c7e\u015fmeli-Kilisesi-360x189.jpg 360w, https:\/\/akunq.net\/tr\/wp-content\/uploads\/sites\/6\/2020\/11\/Karaman\u2019\u0131n-\u00c7e\u015fmeli-Kilisesi-768x403.jpg 768w, https:\/\/akunq.net\/tr\/wp-content\/uploads\/sites\/6\/2020\/11\/Karaman\u2019\u0131n-\u00c7e\u015fmeli-Kilisesi-560x294.jpg 560w, https:\/\/akunq.net\/tr\/wp-content\/uploads\/sites\/6\/2020\/11\/Karaman\u2019\u0131n-\u00c7e\u015fmeli-Kilisesi-260x137.jpg 260w, https:\/\/akunq.net\/tr\/wp-content\/uploads\/sites\/6\/2020\/11\/Karaman\u2019\u0131n-\u00c7e\u015fmeli-Kilisesi-160x84.jpg 160w, https:\/\/akunq.net\/tr\/wp-content\/uploads\/sites\/6\/2020\/11\/Karaman\u2019\u0131n-\u00c7e\u015fmeli-Kilisesi.jpg 800w\" sizes=\"auto, (max-width: 360px) 100vw, 360px\" \/><\/p>\n<p><strong>KARAMANLI YAZAR HASAN BARAN<\/strong><\/p>\n<p><em><strong>\u00c7e\u015fmeli Kilise\u2019nin bende hat\u0131ras\u0131 \u00e7oktur.\u00a0<\/strong><\/em><\/p>\n<p>\u00c7e\u015fmeli Kilise Babam Muammer Baran\u2019\u0131n oturdu\u011fu soka\u011f\u0131n biraz ilerisindedir. Bi\u00e7im ve malzeme a\u00e7\u0131s\u0131ndan Karada\u011f\u2019da yer alan \u201cBinbir Kilise\u201d bazilikalar\u0131n\u0131n bir benzeri olarak yap\u0131lan,\u201c\u00c7e\u015fmeli Kilise eskiden benim \u00e7ocuklu\u011fumda hapishane idi.<\/p>\n<p>Baba taraf\u0131m Karaman\u2019\u0131n en zenginleri aras\u0131nda yer almas\u0131na ra\u011fmen, anne taraf\u0131mda \u00e7ok fakirdi. Annemle babam\u0131n ayr\u0131l\u0131\u011f\u0131ndan sonra ben annemlerin taraf\u0131nda kalm\u0131\u015ft\u0131m. Anneannemin beyi dedem \u201cKavgal\u0131 Mustafa\u201d \u00c7e\u015fmeli Kilise hapishaneyken, orada hapis yatt\u0131, su\u00e7u; ge\u00e7im derdinden mecbur kal\u0131p, k\u00f6ylere kat\u0131rla gidip, k\u0131y\u0131lm\u0131\u015f t\u00fct\u00fcn satmakt\u0131!..<\/p>\n<p>\u201c\u00c7e\u015fmeli Kilise\u201dnin muntazam kesme ta\u015flarla yap\u0131lm\u0131\u015f malzemesi, bir ressam taraf\u0131ndan boyanm\u0131\u015f gibi renkli ve \u00e7ok \u00e7ekiciydi; bilek kal\u0131nl\u0131\u011f\u0131nda demirlerin bulundu\u011fu kemerli dikd\u00f6rtgen formlu pencerelerinden mahk\u00fbmlar d\u0131\u015far\u0131ya bakarlard\u0131. Bayramla\u015fma g\u00fcnlerinde, Karaman\u2019\u0131n yerlisi olan gardiyanlar benim gariban-\u00e7ocuk halime ac\u0131rlar; jandarmalar f\u0131r\u0131ndan gelen \u201ctay\u0131n\u201ddan koca bir somun elime tutu\u015ftururlar, b\u00fcy\u00fck demir kap\u0131n\u0131n ortas\u0131ndaki k\u00fc\u00e7\u00fck kap\u0131 a\u00e7\u0131l\u0131r, beni i\u00e7 b\u00f6l\u00fcme, mahk\u00fbmlar\u0131n yatt\u0131\u011f\u0131 ortadaki geni\u015f ko\u011fu\u015fa, b\u00fcy\u00fckbabam\u0131n yan\u0131na al\u0131rlard\u0131. S\u0131vas\u0131, badanas\u0131 d\u00f6k\u00fclm\u00fc\u015f yerlerden hayal meyal g\u00f6r\u00fcnen freskolar\u2019\u0131n s\u00fcslerine, duvarlarda as\u0131l\u0131 duran boncuk \u00f6rmelere, ku\u015flara merak ve hayranl\u0131kla bakard\u0131m; b\u00fct\u00fcn bunlar beni sesiz bir masal alemine g\u00f6t\u00fcr\u00fcrd\u00fc, adeta oras\u0131 bir mahkumlar ko\u011fu\u015fu de\u011fil de peri padi\u015fah\u0131n\u0131n saray\u0131n\u0131n bir odas\u0131 gibi gelirdi bana. \u00c7ocukluk i\u015fte!.. Her \u015fey mutlu ediyor insan\u0131, hapishane bile!.. D\u00fc\u015f\u00fcn\u00fcyorum da \u015fimdi, Bizansl\u0131lardan kalma bir kilise, kale gibi sa\u011flam diye ama\u00e7lanandan \u00e7ok farkl\u0131 bir yer haline getirilmi\u015fti, hapishane olmu\u015ftu.<\/p>\n<p>Sonra \u201c\u00c7e\u015fmeli Kilise\u201d yeni cezaevinin yap\u0131lmas\u0131 sonunda bo\u015falt\u0131ld\u0131, sahipsizlikten bak\u0131ms\u0131zl\u0131ktan \u00e7\u00f6pl\u00fc\u011fe viraneye d\u00f6nd\u00fc.<\/p>\n<p>Ne zaman babam\u0131n evinin oldu\u011fu Dikbasan Camisi\u2019nin yan\u0131ndaki dar, terk edilmi\u015fe benzeyen soka\u011fa k\u0131vr\u0131lsam. \u00c7e\u015fmeli Kilise ye giderken Hac\u0131 Tartanlar\u2019\u0131n evinin \u00f6n\u00fcne gelince durur, derin bir nefes al\u0131rd\u0131m. G\u00f6\u00e7m\u00fc\u015f \u00e7at\u0131s\u0131, \u00e7atlam\u0131\u015f duvarlar\u0131 ile art\u0131k \u00f6l\u00fcm\u00fcn korudu\u011fu bu evin duvarlar\u0131ndan f\u0131\u015fk\u0131ran ac\u0131y\u0131 duyard\u0131m.<\/p>\n<p>\u201cD\u0131\u015f kalenin duvarlar\u0131 gibi, \u00fc\u00e7 be\u015f y\u0131la kalmaz y\u0131k\u0131l\u0131r gider,\u201d diye d\u00fc\u015f\u00fcn\u00fcrd\u00fcm, \u201cizi bile kalmaz.\u201d<\/p>\n<p>Bu evin eski hali g\u00f6z\u00fcm\u00fcn \u00f6n\u00fcne gelirdi. Babaannemin ve Sefine halam\u0131z\u0131n kom\u015fusuydu buran\u0131n sahipleri. \u00c7ocukken, her bayramda o evin sahiplerinin elini \u00f6pmeye giderdim. Hayat\u0131mda hi\u00e7 g\u00f6rmedi\u011fim, tad\u0131n\u0131 bilmedi\u011fim, mis kokulu \u015fekerlemeler ikram ederlerdi. \u00c7ocuklar\u0131n ve hayat\u0131n dilinden anlard\u0131 bu ev. Zengin meyve bah\u00e7eleri gibi fedak\u00e2r g\u00f6zleriyle bakard\u0131. G\u00fcvercinler yuva yapard\u0131 dam\u0131ndaki sa\u00e7ak bo\u015fluklar\u0131na.<\/p>\n<p>Bu ev, eski Karaman evlerinin \u00e7o\u011fu gibi kerpi\u00e7ten yap\u0131lma olup, dam\u0131 kam\u0131\u015f ve toprakla kapl\u0131yd\u0131, kaybolmu\u015f bir topraktan, g\u00f6\u00e7ebe bir kokudan yap\u0131lm\u0131\u015ft\u0131. D\u0131\u015f\u0131 sar\u0131 samanl\u0131 bal\u00e7\u0131kla s\u0131vanm\u0131\u015f bu evin pek \u00f6yle di\u011fer evlerden fark\u0131 yok gibi geliyordu d\u0131\u015far\u0131dan. Fakat i\u00e7ine girildi\u011finde halk sanat\u0131n\u0131n b\u00fct\u00fcn incelikleriyle dopdolu oldu\u011fu anla\u015f\u0131l\u0131rd\u0131.<\/p>\n<p>\u0130ki katl\u0131 evin alt kat\u0131nda daha \u00e7ok g\u00fcnl\u00fck ya\u015fant\u0131ya kar\u015f\u0131l\u0131k verebilecek kiler gibi b\u00f6l\u00fcmler vard\u0131. Esas oturma yeri \u00fcst kattayd\u0131. T\u00fcms\u00fc dolaplarla, oymal\u0131 bombelerle, sedirlerle \u00e7evriliydi. Kap\u0131 y\u00fczleri muhte\u015femdi. Odalar\u0131, nehirleri ve a\u011fa\u00e7lar\u0131 olan g\u00fczel bir yaz gibiydi. Sofan\u0131n tavanlar\u0131 \u00e7\u0131talardan, g\u00fcne\u015f \u0131\u015f\u0131kl\u0131klar\u0131 bi\u00e7iminde d\u00fczenlenmi\u015fti. Sofan\u0131n tavan eteklerinde Sultan Ahmet Camisi, \u0130stanbul K\u0131z Kulesi, k\u00f6\u015fk, yandan \u00e7arkl\u0131 vapur, Dolmabah\u00e7e Saray\u0131, yelkenli ve devrin sil\u00e2hlar\u0131n\u0131n resmi yap\u0131lm\u0131\u015ft\u0131. Bir ba\u015fka odada al\u00e7\u0131 aynal\u0131klar ve g\u00fcl s\u00fcslemeleri yer almaktayd\u0131. Bu aynal\u0131klar\u0131n \u00fczeri \u00e7i\u00e7ek motifleriyle i\u015flenmi\u015fti. Hi\u00e7 bo\u015f yer yoktu, bo\u015f kalan yer mutlaka ah\u015fap bir dekorasyonla ya da renkli boyalarla desenlendirilmi\u015fti. Buran\u0131n \u00fc\u00e7 be\u015f y\u0131la kalmadan tamamen y\u0131k\u0131l\u0131p gidece\u011fini d\u00fc\u015f\u00fcn\u00fcnce i\u00e7imi bir burukluk kaplard\u0131.<\/p>\n<p>Ve bendeniz bundan onalt\u0131 y\u0131l \u00f6nce Karaman\u2019da iken, babam Muammer Baran\u2019\u0131n hemen biraz ilerisinde olan ve y\u0131k\u0131lmaya y\u00fcz tutmu\u015f \u201cTartanlar\u0131n Evi\u201d ile \u00e7\u00f6pl\u00fc\u011fe d\u00f6n\u00fc\u015fm\u00fc\u015f \u00c7e\u015fmeli Kilise\u2019nin onar\u0131l\u0131p, korunmas\u0131n\u0131 isteyen yaz\u0131lar yazmaya ba\u015flad\u0131m her g\u00fcn KARAMAN UYANI\u015e GAZETES\u0130\u2019nde ve di\u011fer gazetelerde. O d\u00f6nemin Karaman valisi \u0130smet Metin Bey, yaz\u0131lar\u0131mdan \u00e7ok etkilendi\u011fini s\u00f6yleyerek beni makam\u0131na davet etti. Daha sonraki g\u00fcnlerde K\u00fclt\u00fcr M\u00fcd\u00fcr\u00fc G\u00fclsen Kayserio\u011flu ile birlikte benimle toplant\u0131lar yap\u0131p, g\u00f6r\u00fc\u015flerimi ald\u0131lar ve \u201cTartanlar\u0131n Evi\u201d ile \u00c7e\u015fmeli Kilise\u2019nin onar\u0131mlar\u0131 i\u00e7in \u00f6denek \u00e7\u0131kart\u0131laca\u011f\u0131 konusunda bana s\u00f6z verdiler. O g\u00fcnk\u00fc Karaman Uyan\u0131\u015f gazetesinde \u201cValimiz \u0130smet Nedim Bey, Yazar Hasan Baran\u2019\u0131n bu konudaki yaz\u0131lar\u0131 \u00fczerine, yap\u0131lan toplant\u0131da, \u201cTartanlar\u2019\u0131n evi ve \u00c7e\u015fmeli Kilise\u2019nin onar\u0131l\u0131p k\u00fclt\u00fcr merkezi yap\u0131lmas\u0131 konusunda Yazar Hasan Baran\u2019a s\u00f6z verdi.\u201d diye haberler \u00e7\u0131kt\u0131.<\/p>\n<p>Daha sonra ben Karaman\u2019dan ayr\u0131ld\u0131m. Sonra duydum ki, \u201cTartanlar\u0131n Evi\u201dni onarm\u0131\u015flar m\u00fcze yapm\u0131\u015flar ve \u201c\u00c7e\u015fmeli Kilise\u201d bir k\u00fclt\u00fcr merkezine d\u00f6n\u00fc\u015ft\u00fcr\u00fclme kapsam\u0131na al\u0131nm\u0131\u015f.<\/p>\n<p>Karaman\u2019\u0131m\u0131za lay\u0131k olan da buydu zaten.<br \/>\nKaraman\u2019\u0131m\u0131z i\u00e7in ne yapsak azd\u0131r efendim.<\/p>\n<p><em><strong><a href=\"https:\/\/www.karamandan.com\/Kose_Yazilari-Karamanin_Unlu_Cesmeli_Kilisesi_ve_Tartanlarin_Evi-h134102.html\">https:\/\/www.karamandan.com\/Kose_Yazilari-Karamanin_Unlu_Cesmeli_Kilisesi_ve_Tartanlarin_Evi-h134102.html<\/a>\u00a0<\/strong><\/em><\/p>\n","protected":false},"excerpt":{"rendered":"<p>KARAMANLI YAZAR HASAN BARAN \u00c7e\u015fmeli Kilise\u2019nin bende hat\u0131ras\u0131 \u00e7oktur.\u00a0 \u00c7e\u015fmeli Kilise Babam Muammer Baran\u2019\u0131n oturdu\u011fu soka\u011f\u0131n biraz ilerisindedir. Bi\u00e7im ve malzeme a\u00e7\u0131s\u0131ndan Karada\u011f\u2019da yer alan \u201cBinbir Kilise\u201d bazilikalar\u0131n\u0131n bir benzeri olarak yap\u0131lan,\u201c\u00c7e\u015fmeli Kilise eskiden benim \u00e7ocuklu\u011fumda hapishane idi. Baba taraf\u0131m Karaman\u2019\u0131n en zenginleri aras\u0131nda yer almas\u0131na ra\u011fmen, anne taraf\u0131mda \u00e7ok fakirdi. Annemle babam\u0131n ayr\u0131l\u0131\u011f\u0131ndan sonra [&hellip;]<\/p>\n","protected":false},"author":7,"featured_media":60281,"comment_status":"open","ping_status":"open","sticky":false,"template":"","format":"standard","meta":{"footnotes":""},"categories":[1,70],"tags":[],"class_list":["post-60280","post","type-post","status-publish","format-standard","has-post-thumbnail","hentry","category-haberler","category-makaleler"],"yoast_head":"<!-- This site is optimized with the Yoast SEO plugin v27.4 - https:\/\/yoast.com\/product\/yoast-seo-wordpress\/ -->\n<title>Karaman\u2019\u0131n \u00dcnl\u00fc \u00c7e\u015fmeli Kilisesi ve Tartanlar\u0131n Evi - Bati Ermenistan Ve Bati Ermenileri Sorunlari Ara\u015ftirmalar Merkezi<\/title>\n<meta name=\"robots\" content=\"index, follow, max-snippet:-1, max-image-preview:large, max-video-preview:-1\" \/>\n<link rel=\"canonical\" href=\"https:\/\/akunq.net\/tr\/?p=60280\" \/>\n<meta property=\"og:locale\" content=\"en_US\" \/>\n<meta property=\"og:type\" content=\"article\" \/>\n<meta property=\"og:title\" content=\"Karaman\u2019\u0131n \u00dcnl\u00fc \u00c7e\u015fmeli Kilisesi ve Tartanlar\u0131n Evi - Bati Ermenistan Ve Bati Ermenileri Sorunlari Ara\u015ftirmalar Merkezi\" \/>\n<meta property=\"og:description\" content=\"KARAMANLI YAZAR HASAN BARAN \u00c7e\u015fmeli Kilise\u2019nin bende hat\u0131ras\u0131 \u00e7oktur.\u00a0 \u00c7e\u015fmeli Kilise Babam Muammer Baran\u2019\u0131n oturdu\u011fu soka\u011f\u0131n biraz ilerisindedir. Bi\u00e7im ve malzeme a\u00e7\u0131s\u0131ndan Karada\u011f\u2019da yer alan \u201cBinbir Kilise\u201d bazilikalar\u0131n\u0131n bir benzeri olarak yap\u0131lan,\u201c\u00c7e\u015fmeli Kilise eskiden benim \u00e7ocuklu\u011fumda hapishane idi. Baba taraf\u0131m Karaman\u2019\u0131n en zenginleri aras\u0131nda yer almas\u0131na ra\u011fmen, anne taraf\u0131mda \u00e7ok fakirdi. Annemle babam\u0131n ayr\u0131l\u0131\u011f\u0131ndan sonra [&hellip;]\" \/>\n<meta property=\"og:url\" content=\"https:\/\/akunq.net\/tr\/?p=60280\" \/>\n<meta property=\"og:site_name\" content=\"Bati Ermenistan Ve Bati Ermenileri Sorunlari Ara\u015ftirmalar Merkezi\" \/>\n<meta property=\"article:published_time\" content=\"2020-11-23T08:41:03+00:00\" \/>\n<meta property=\"og:image\" content=\"https:\/\/akunq.net\/tr\/wp-content\/uploads\/sites\/6\/2020\/11\/Karaman\u2019\u0131n-\u00c7e\u015fmeli-Kilisesi.jpg\" \/>\n\t<meta property=\"og:image:width\" content=\"800\" \/>\n\t<meta property=\"og:image:height\" content=\"420\" \/>\n\t<meta property=\"og:image:type\" content=\"image\/jpeg\" \/>\n<meta name=\"author\" content=\"admin\" \/>\n<meta name=\"twitter:card\" content=\"summary_large_image\" \/>\n<meta name=\"twitter:label1\" content=\"Written by\" \/>\n\t<meta name=\"twitter:data1\" content=\"admin\" \/>\n\t<meta name=\"twitter:label2\" content=\"Est. reading time\" \/>\n\t<meta name=\"twitter:data2\" content=\"5 minutes\" \/>\n<script type=\"application\/ld+json\" class=\"yoast-schema-graph\">{\"@context\":\"https:\\\/\\\/schema.org\",\"@graph\":[{\"@type\":\"Article\",\"@id\":\"https:\\\/\\\/akunq.net\\\/tr\\\/?p=60280#article\",\"isPartOf\":{\"@id\":\"https:\\\/\\\/akunq.net\\\/tr\\\/?p=60280\"},\"author\":{\"name\":\"admin\",\"@id\":\"https:\\\/\\\/akunq.net\\\/tr\\\/#\\\/schema\\\/person\\\/096f1d38a12cce57fb855b485ed24c9e\"},\"headline\":\"Karaman\u2019\u0131n \u00dcnl\u00fc \u00c7e\u015fmeli Kilisesi ve Tartanlar\u0131n Evi\",\"datePublished\":\"2020-11-23T08:41:03+00:00\",\"mainEntityOfPage\":{\"@id\":\"https:\\\/\\\/akunq.net\\\/tr\\\/?p=60280\"},\"wordCount\":1003,\"commentCount\":0,\"image\":{\"@id\":\"https:\\\/\\\/akunq.net\\\/tr\\\/?p=60280#primaryimage\"},\"thumbnailUrl\":\"https:\\\/\\\/akunq.net\\\/tr\\\/wp-content\\\/uploads\\\/sites\\\/6\\\/2020\\\/11\\\/Karaman\u2019\u0131n-\u00c7e\u015fmeli-Kilisesi.jpg\",\"articleSection\":[\"Haberler\",\"Makaleler\"],\"inLanguage\":\"en-US\",\"potentialAction\":[{\"@type\":\"CommentAction\",\"name\":\"Comment\",\"target\":[\"https:\\\/\\\/akunq.net\\\/tr\\\/?p=60280#respond\"]}]},{\"@type\":\"WebPage\",\"@id\":\"https:\\\/\\\/akunq.net\\\/tr\\\/?p=60280\",\"url\":\"https:\\\/\\\/akunq.net\\\/tr\\\/?p=60280\",\"name\":\"Karaman\u2019\u0131n \u00dcnl\u00fc \u00c7e\u015fmeli Kilisesi ve Tartanlar\u0131n Evi - Bati Ermenistan Ve Bati Ermenileri Sorunlari Ara\u015ftirmalar Merkezi\",\"isPartOf\":{\"@id\":\"https:\\\/\\\/akunq.net\\\/tr\\\/#website\"},\"primaryImageOfPage\":{\"@id\":\"https:\\\/\\\/akunq.net\\\/tr\\\/?p=60280#primaryimage\"},\"image\":{\"@id\":\"https:\\\/\\\/akunq.net\\\/tr\\\/?p=60280#primaryimage\"},\"thumbnailUrl\":\"https:\\\/\\\/akunq.net\\\/tr\\\/wp-content\\\/uploads\\\/sites\\\/6\\\/2020\\\/11\\\/Karaman\u2019\u0131n-\u00c7e\u015fmeli-Kilisesi.jpg\",\"datePublished\":\"2020-11-23T08:41:03+00:00\",\"author\":{\"@id\":\"https:\\\/\\\/akunq.net\\\/tr\\\/#\\\/schema\\\/person\\\/096f1d38a12cce57fb855b485ed24c9e\"},\"breadcrumb\":{\"@id\":\"https:\\\/\\\/akunq.net\\\/tr\\\/?p=60280#breadcrumb\"},\"inLanguage\":\"en-US\",\"potentialAction\":[{\"@type\":\"ReadAction\",\"target\":[\"https:\\\/\\\/akunq.net\\\/tr\\\/?p=60280\"]}]},{\"@type\":\"ImageObject\",\"inLanguage\":\"en-US\",\"@id\":\"https:\\\/\\\/akunq.net\\\/tr\\\/?p=60280#primaryimage\",\"url\":\"https:\\\/\\\/akunq.net\\\/tr\\\/wp-content\\\/uploads\\\/sites\\\/6\\\/2020\\\/11\\\/Karaman\u2019\u0131n-\u00c7e\u015fmeli-Kilisesi.jpg\",\"contentUrl\":\"https:\\\/\\\/akunq.net\\\/tr\\\/wp-content\\\/uploads\\\/sites\\\/6\\\/2020\\\/11\\\/Karaman\u2019\u0131n-\u00c7e\u015fmeli-Kilisesi.jpg\",\"width\":800,\"height\":420},{\"@type\":\"BreadcrumbList\",\"@id\":\"https:\\\/\\\/akunq.net\\\/tr\\\/?p=60280#breadcrumb\",\"itemListElement\":[{\"@type\":\"ListItem\",\"position\":1,\"name\":\"Home\",\"item\":\"https:\\\/\\\/akunq.net\\\/tr\"},{\"@type\":\"ListItem\",\"position\":2,\"name\":\"Karaman\u2019\u0131n \u00dcnl\u00fc \u00c7e\u015fmeli Kilisesi ve Tartanlar\u0131n Evi\"}]},{\"@type\":\"WebSite\",\"@id\":\"https:\\\/\\\/akunq.net\\\/tr\\\/#website\",\"url\":\"https:\\\/\\\/akunq.net\\\/tr\\\/\",\"name\":\"Bati Ermenistan Ve Bati Ermenileri Sorunlari Ara\u015ftirmalar Merkezi\",\"description\":\"\",\"potentialAction\":[{\"@type\":\"SearchAction\",\"target\":{\"@type\":\"EntryPoint\",\"urlTemplate\":\"https:\\\/\\\/akunq.net\\\/tr\\\/?s={search_term_string}\"},\"query-input\":{\"@type\":\"PropertyValueSpecification\",\"valueRequired\":true,\"valueName\":\"search_term_string\"}}],\"inLanguage\":\"en-US\"},{\"@type\":\"Person\",\"@id\":\"https:\\\/\\\/akunq.net\\\/tr\\\/#\\\/schema\\\/person\\\/096f1d38a12cce57fb855b485ed24c9e\",\"name\":\"admin\",\"url\":\"https:\\\/\\\/akunq.net\\\/tr\\\/?author=7\"}]}<\/script>\n<!-- \/ Yoast SEO plugin. -->","yoast_head_json":{"title":"Karaman\u2019\u0131n \u00dcnl\u00fc \u00c7e\u015fmeli Kilisesi ve Tartanlar\u0131n Evi - Bati Ermenistan Ve Bati Ermenileri Sorunlari Ara\u015ftirmalar Merkezi","robots":{"index":"index","follow":"follow","max-snippet":"max-snippet:-1","max-image-preview":"max-image-preview:large","max-video-preview":"max-video-preview:-1"},"canonical":"https:\/\/akunq.net\/tr\/?p=60280","og_locale":"en_US","og_type":"article","og_title":"Karaman\u2019\u0131n \u00dcnl\u00fc \u00c7e\u015fmeli Kilisesi ve Tartanlar\u0131n Evi - Bati Ermenistan Ve Bati Ermenileri Sorunlari Ara\u015ftirmalar Merkezi","og_description":"KARAMANLI YAZAR HASAN BARAN \u00c7e\u015fmeli Kilise\u2019nin bende hat\u0131ras\u0131 \u00e7oktur.\u00a0 \u00c7e\u015fmeli Kilise Babam Muammer Baran\u2019\u0131n oturdu\u011fu soka\u011f\u0131n biraz ilerisindedir. Bi\u00e7im ve malzeme a\u00e7\u0131s\u0131ndan Karada\u011f\u2019da yer alan \u201cBinbir Kilise\u201d bazilikalar\u0131n\u0131n bir benzeri olarak yap\u0131lan,\u201c\u00c7e\u015fmeli Kilise eskiden benim \u00e7ocuklu\u011fumda hapishane idi. Baba taraf\u0131m Karaman\u2019\u0131n en zenginleri aras\u0131nda yer almas\u0131na ra\u011fmen, anne taraf\u0131mda \u00e7ok fakirdi. Annemle babam\u0131n ayr\u0131l\u0131\u011f\u0131ndan sonra [&hellip;]","og_url":"https:\/\/akunq.net\/tr\/?p=60280","og_site_name":"Bati Ermenistan Ve Bati Ermenileri Sorunlari Ara\u015ftirmalar Merkezi","article_published_time":"2020-11-23T08:41:03+00:00","og_image":[{"width":800,"height":420,"url":"https:\/\/akunq.net\/tr\/wp-content\/uploads\/sites\/6\/2020\/11\/Karaman\u2019\u0131n-\u00c7e\u015fmeli-Kilisesi.jpg","type":"image\/jpeg"}],"author":"admin","twitter_card":"summary_large_image","twitter_misc":{"Written by":"admin","Est. reading time":"5 minutes"},"schema":{"@context":"https:\/\/schema.org","@graph":[{"@type":"Article","@id":"https:\/\/akunq.net\/tr\/?p=60280#article","isPartOf":{"@id":"https:\/\/akunq.net\/tr\/?p=60280"},"author":{"name":"admin","@id":"https:\/\/akunq.net\/tr\/#\/schema\/person\/096f1d38a12cce57fb855b485ed24c9e"},"headline":"Karaman\u2019\u0131n \u00dcnl\u00fc \u00c7e\u015fmeli Kilisesi ve Tartanlar\u0131n Evi","datePublished":"2020-11-23T08:41:03+00:00","mainEntityOfPage":{"@id":"https:\/\/akunq.net\/tr\/?p=60280"},"wordCount":1003,"commentCount":0,"image":{"@id":"https:\/\/akunq.net\/tr\/?p=60280#primaryimage"},"thumbnailUrl":"https:\/\/akunq.net\/tr\/wp-content\/uploads\/sites\/6\/2020\/11\/Karaman\u2019\u0131n-\u00c7e\u015fmeli-Kilisesi.jpg","articleSection":["Haberler","Makaleler"],"inLanguage":"en-US","potentialAction":[{"@type":"CommentAction","name":"Comment","target":["https:\/\/akunq.net\/tr\/?p=60280#respond"]}]},{"@type":"WebPage","@id":"https:\/\/akunq.net\/tr\/?p=60280","url":"https:\/\/akunq.net\/tr\/?p=60280","name":"Karaman\u2019\u0131n \u00dcnl\u00fc \u00c7e\u015fmeli Kilisesi ve Tartanlar\u0131n Evi - Bati Ermenistan Ve Bati Ermenileri Sorunlari Ara\u015ftirmalar Merkezi","isPartOf":{"@id":"https:\/\/akunq.net\/tr\/#website"},"primaryImageOfPage":{"@id":"https:\/\/akunq.net\/tr\/?p=60280#primaryimage"},"image":{"@id":"https:\/\/akunq.net\/tr\/?p=60280#primaryimage"},"thumbnailUrl":"https:\/\/akunq.net\/tr\/wp-content\/uploads\/sites\/6\/2020\/11\/Karaman\u2019\u0131n-\u00c7e\u015fmeli-Kilisesi.jpg","datePublished":"2020-11-23T08:41:03+00:00","author":{"@id":"https:\/\/akunq.net\/tr\/#\/schema\/person\/096f1d38a12cce57fb855b485ed24c9e"},"breadcrumb":{"@id":"https:\/\/akunq.net\/tr\/?p=60280#breadcrumb"},"inLanguage":"en-US","potentialAction":[{"@type":"ReadAction","target":["https:\/\/akunq.net\/tr\/?p=60280"]}]},{"@type":"ImageObject","inLanguage":"en-US","@id":"https:\/\/akunq.net\/tr\/?p=60280#primaryimage","url":"https:\/\/akunq.net\/tr\/wp-content\/uploads\/sites\/6\/2020\/11\/Karaman\u2019\u0131n-\u00c7e\u015fmeli-Kilisesi.jpg","contentUrl":"https:\/\/akunq.net\/tr\/wp-content\/uploads\/sites\/6\/2020\/11\/Karaman\u2019\u0131n-\u00c7e\u015fmeli-Kilisesi.jpg","width":800,"height":420},{"@type":"BreadcrumbList","@id":"https:\/\/akunq.net\/tr\/?p=60280#breadcrumb","itemListElement":[{"@type":"ListItem","position":1,"name":"Home","item":"https:\/\/akunq.net\/tr"},{"@type":"ListItem","position":2,"name":"Karaman\u2019\u0131n \u00dcnl\u00fc \u00c7e\u015fmeli Kilisesi ve Tartanlar\u0131n Evi"}]},{"@type":"WebSite","@id":"https:\/\/akunq.net\/tr\/#website","url":"https:\/\/akunq.net\/tr\/","name":"Bati Ermenistan Ve Bati Ermenileri Sorunlari Ara\u015ftirmalar Merkezi","description":"","potentialAction":[{"@type":"SearchAction","target":{"@type":"EntryPoint","urlTemplate":"https:\/\/akunq.net\/tr\/?s={search_term_string}"},"query-input":{"@type":"PropertyValueSpecification","valueRequired":true,"valueName":"search_term_string"}}],"inLanguage":"en-US"},{"@type":"Person","@id":"https:\/\/akunq.net\/tr\/#\/schema\/person\/096f1d38a12cce57fb855b485ed24c9e","name":"admin","url":"https:\/\/akunq.net\/tr\/?author=7"}]}},"_links":{"self":[{"href":"https:\/\/akunq.net\/tr\/index.php?rest_route=\/wp\/v2\/posts\/60280","targetHints":{"allow":["GET"]}}],"collection":[{"href":"https:\/\/akunq.net\/tr\/index.php?rest_route=\/wp\/v2\/posts"}],"about":[{"href":"https:\/\/akunq.net\/tr\/index.php?rest_route=\/wp\/v2\/types\/post"}],"author":[{"embeddable":true,"href":"https:\/\/akunq.net\/tr\/index.php?rest_route=\/wp\/v2\/users\/7"}],"replies":[{"embeddable":true,"href":"https:\/\/akunq.net\/tr\/index.php?rest_route=%2Fwp%2Fv2%2Fcomments&post=60280"}],"version-history":[{"count":1,"href":"https:\/\/akunq.net\/tr\/index.php?rest_route=\/wp\/v2\/posts\/60280\/revisions"}],"predecessor-version":[{"id":60282,"href":"https:\/\/akunq.net\/tr\/index.php?rest_route=\/wp\/v2\/posts\/60280\/revisions\/60282"}],"wp:featuredmedia":[{"embeddable":true,"href":"https:\/\/akunq.net\/tr\/index.php?rest_route=\/wp\/v2\/media\/60281"}],"wp:attachment":[{"href":"https:\/\/akunq.net\/tr\/index.php?rest_route=%2Fwp%2Fv2%2Fmedia&parent=60280"}],"wp:term":[{"taxonomy":"category","embeddable":true,"href":"https:\/\/akunq.net\/tr\/index.php?rest_route=%2Fwp%2Fv2%2Fcategories&post=60280"},{"taxonomy":"post_tag","embeddable":true,"href":"https:\/\/akunq.net\/tr\/index.php?rest_route=%2Fwp%2Fv2%2Ftags&post=60280"}],"curies":[{"name":"wp","href":"https:\/\/api.w.org\/{rel}","templated":true}]}}