{"id":60277,"date":"2020-11-23T03:32:57","date_gmt":"2020-11-23T08:32:57","guid":{"rendered":"https:\/\/akunq.net\/tr\/?p=60277"},"modified":"2020-11-23T03:32:57","modified_gmt":"2020-11-23T08:32:57","slug":"turkiye-karabagin-azerbaycan-kontrolune-gectigi-bolgelerde-suriyeli-teroristleri-yerlestirmek-istiyor","status":"publish","type":"post","link":"https:\/\/akunq.net\/tr\/?p=60277","title":{"rendered":"T\u00fcrkiye Karaba\u011f\u2019\u0131n Azerbaycan kontrol\u00fcne ge\u00e7ti\u011fi b\u00f6lgelerde Suriyeli ter\u00f6ristleri yerle\u015ftirmek istiyor"},"content":{"rendered":"<p><img loading=\"lazy\" decoding=\"async\" class=\"aligncenter size-medium wp-image-60278\" src=\"https:\/\/akunq.net\/tr\/wp-content\/uploads\/2020\/11\/Suriyeli-militan-360x245.jpg\" alt=\"\" width=\"360\" height=\"245\" srcset=\"https:\/\/akunq.net\/tr\/wp-content\/uploads\/sites\/6\/2020\/11\/Suriyeli-militan-360x245.jpg 360w, https:\/\/akunq.net\/tr\/wp-content\/uploads\/sites\/6\/2020\/11\/Suriyeli-militan-560x381.jpg 560w, https:\/\/akunq.net\/tr\/wp-content\/uploads\/sites\/6\/2020\/11\/Suriyeli-militan-260x177.jpg 260w, https:\/\/akunq.net\/tr\/wp-content\/uploads\/sites\/6\/2020\/11\/Suriyeli-militan-160x109.jpg 160w, https:\/\/akunq.net\/tr\/wp-content\/uploads\/sites\/6\/2020\/11\/Suriyeli-militan.jpg 750w\" sizes=\"auto, (max-width: 360px) 100vw, 360px\" \/><\/p>\n<p><em><strong>Suriye \u0130nsan haklar\u0131 g\u00f6zlemevi Facebook hesab\u0131ndan yapt\u0131\u011f\u0131 payla\u015f\u0131mda Suriye\u2019den Karaba\u011f\u2019a kar\u015f\u0131 sava\u015fmak i\u00e7in getirilen paral\u0131 militanlar\u0131n ve onlar\u0131n ailelerinin Karaba\u011f\u2019da yerle\u015fmelerine dair bilgiler aktar\u0131yor.<\/strong><\/em><\/p>\n<p>Aktar\u0131lan bilgilere g\u00f6re T\u00fcrkiye Suriyeli militanlar\u0131 Artsakh Cumhuriyeti\u2019nin (Karaba\u011f) Azerbaycan\u2019\u0131n kontrol\u00fcne ge\u00e7ti\u011fi b\u00f6lgelerde yerle\u015ftirmek istiyor.<\/p>\n<p>\u00d6zellikle T\u00fcrkiye\u2019ye sad\u0131k olan Sultan Murat ve S\u00fcleyman \u015eah ter\u00f6r \u00f6rg\u00fctlerinin y\u00f6neticilerine \u201cAzerbaycan\u2019a\u201d yerle\u015fme teklifi yap\u0131ld\u0131.<\/p>\n<p>Suriye \u0130nsan haklar\u0131 g\u00f6zlemevinin m\u00fcd\u00fcr\u00fc Rami Abdulrahman televizyon program\u0131na konu\u015fup \u00f6zellikle T\u00fcrkmen k\u00f6kenli militanlara b\u00f6yle \u00f6neriler yap\u0131ld\u0131\u011f\u0131n\u0131 ve T\u00fcrkiye\u2019nin onlar\u0131n k\u00f6kenlerinin Kafkasya\u2019da bulundu\u011funu iddia etti\u011fini a\u00e7\u0131klad\u0131.<\/p>\n<p>Suriye\u2019nin kuzeyinde bulunan \u015fehirlerde T\u00fcrkiye taraf\u0131ndan Afrin\u2019de biriktirilen ve Azerbaycan\u2019a g\u00f6nderilen militanlar\u0131n say\u0131s\u0131 4000\u2019e ula\u015ft\u0131.<\/p>\n<p>Bu militanlar T\u00fcrkiye ve T\u00fcrk yanl\u0131s\u0131 g\u00f6n\u00fcll\u00fclerin kontrol\u00fc alt\u0131nda bulunuyorlar.<\/p>\n<p><em><strong>https:\/\/www.ermenihaber.am\/tr\/news\/2020\/11\/20\/T%C3%BCrkiye-Karaba%C4%9F%E2%80%99%C4%B1n-Azerbaycan-Suriyeli-ter%C3%B6ristler\/198441\u00a0<\/strong><\/em><\/p>\n","protected":false},"excerpt":{"rendered":"<p>Suriye \u0130nsan haklar\u0131 g\u00f6zlemevi Facebook hesab\u0131ndan yapt\u0131\u011f\u0131 payla\u015f\u0131mda Suriye\u2019den Karaba\u011f\u2019a kar\u015f\u0131 sava\u015fmak i\u00e7in getirilen paral\u0131 militanlar\u0131n ve onlar\u0131n ailelerinin Karaba\u011f\u2019da yerle\u015fmelerine dair bilgiler aktar\u0131yor. Aktar\u0131lan bilgilere g\u00f6re T\u00fcrkiye Suriyeli militanlar\u0131 Artsakh Cumhuriyeti\u2019nin (Karaba\u011f) Azerbaycan\u2019\u0131n kontrol\u00fcne ge\u00e7ti\u011fi b\u00f6lgelerde yerle\u015ftirmek istiyor. \u00d6zellikle T\u00fcrkiye\u2019ye sad\u0131k olan Sultan Murat ve S\u00fcleyman \u015eah ter\u00f6r \u00f6rg\u00fctlerinin y\u00f6neticilerine \u201cAzerbaycan\u2019a\u201d yerle\u015fme teklifi yap\u0131ld\u0131. [&hellip;]<\/p>\n","protected":false},"author":7,"featured_media":60278,"comment_status":"open","ping_status":"open","sticky":false,"template":"","format":"standard","meta":{"footnotes":""},"categories":[1],"tags":[],"class_list":["post-60277","post","type-post","status-publish","format-standard","has-post-thumbnail","hentry","category-haberler"],"yoast_head":"<!-- This site is optimized with the Yoast SEO plugin v27.4 - https:\/\/yoast.com\/product\/yoast-seo-wordpress\/ -->\n<title>T\u00fcrkiye Karaba\u011f\u2019\u0131n Azerbaycan kontrol\u00fcne ge\u00e7ti\u011fi b\u00f6lgelerde Suriyeli ter\u00f6ristleri yerle\u015ftirmek istiyor - Bati Ermenistan Ve Bati Ermenileri Sorunlari Ara\u015ftirmalar Merkezi<\/title>\n<meta name=\"robots\" content=\"index, follow, max-snippet:-1, max-image-preview:large, max-video-preview:-1\" \/>\n<link rel=\"canonical\" href=\"https:\/\/akunq.net\/tr\/?p=60277\" \/>\n<meta property=\"og:locale\" content=\"en_US\" \/>\n<meta property=\"og:type\" content=\"article\" \/>\n<meta property=\"og:title\" content=\"T\u00fcrkiye Karaba\u011f\u2019\u0131n Azerbaycan kontrol\u00fcne ge\u00e7ti\u011fi b\u00f6lgelerde Suriyeli ter\u00f6ristleri yerle\u015ftirmek istiyor - Bati Ermenistan Ve Bati Ermenileri Sorunlari Ara\u015ftirmalar Merkezi\" \/>\n<meta property=\"og:description\" content=\"Suriye \u0130nsan haklar\u0131 g\u00f6zlemevi Facebook hesab\u0131ndan yapt\u0131\u011f\u0131 payla\u015f\u0131mda Suriye\u2019den Karaba\u011f\u2019a kar\u015f\u0131 sava\u015fmak i\u00e7in getirilen paral\u0131 militanlar\u0131n ve onlar\u0131n ailelerinin Karaba\u011f\u2019da yerle\u015fmelerine dair bilgiler aktar\u0131yor. Aktar\u0131lan bilgilere g\u00f6re T\u00fcrkiye Suriyeli militanlar\u0131 Artsakh Cumhuriyeti\u2019nin (Karaba\u011f) Azerbaycan\u2019\u0131n kontrol\u00fcne ge\u00e7ti\u011fi b\u00f6lgelerde yerle\u015ftirmek istiyor. \u00d6zellikle T\u00fcrkiye\u2019ye sad\u0131k olan Sultan Murat ve S\u00fcleyman \u015eah ter\u00f6r \u00f6rg\u00fctlerinin y\u00f6neticilerine \u201cAzerbaycan\u2019a\u201d yerle\u015fme teklifi yap\u0131ld\u0131. [&hellip;]\" \/>\n<meta property=\"og:url\" content=\"https:\/\/akunq.net\/tr\/?p=60277\" \/>\n<meta property=\"og:site_name\" content=\"Bati Ermenistan Ve Bati Ermenileri Sorunlari Ara\u015ftirmalar Merkezi\" \/>\n<meta property=\"article:published_time\" content=\"2020-11-23T08:32:57+00:00\" \/>\n<meta property=\"og:image\" content=\"https:\/\/akunq.net\/tr\/wp-content\/uploads\/sites\/6\/2020\/11\/Suriyeli-militan.jpg\" \/>\n\t<meta property=\"og:image:width\" content=\"750\" \/>\n\t<meta property=\"og:image:height\" content=\"510\" \/>\n\t<meta property=\"og:image:type\" content=\"image\/jpeg\" \/>\n<meta name=\"author\" content=\"admin\" \/>\n<meta name=\"twitter:card\" content=\"summary_large_image\" \/>\n<meta name=\"twitter:label1\" content=\"Written by\" \/>\n\t<meta name=\"twitter:data1\" content=\"admin\" \/>\n\t<meta name=\"twitter:label2\" content=\"Est. reading time\" \/>\n\t<meta name=\"twitter:data2\" content=\"1 minute\" \/>\n<script type=\"application\/ld+json\" class=\"yoast-schema-graph\">{\"@context\":\"https:\\\/\\\/schema.org\",\"@graph\":[{\"@type\":\"Article\",\"@id\":\"https:\\\/\\\/akunq.net\\\/tr\\\/?p=60277#article\",\"isPartOf\":{\"@id\":\"https:\\\/\\\/akunq.net\\\/tr\\\/?p=60277\"},\"author\":{\"name\":\"admin\",\"@id\":\"https:\\\/\\\/akunq.net\\\/tr\\\/#\\\/schema\\\/person\\\/096f1d38a12cce57fb855b485ed24c9e\"},\"headline\":\"T\u00fcrkiye Karaba\u011f\u2019\u0131n Azerbaycan kontrol\u00fcne ge\u00e7ti\u011fi b\u00f6lgelerde Suriyeli ter\u00f6ristleri yerle\u015ftirmek istiyor\",\"datePublished\":\"2020-11-23T08:32:57+00:00\",\"mainEntityOfPage\":{\"@id\":\"https:\\\/\\\/akunq.net\\\/tr\\\/?p=60277\"},\"wordCount\":208,\"commentCount\":0,\"image\":{\"@id\":\"https:\\\/\\\/akunq.net\\\/tr\\\/?p=60277#primaryimage\"},\"thumbnailUrl\":\"https:\\\/\\\/akunq.net\\\/tr\\\/wp-content\\\/uploads\\\/sites\\\/6\\\/2020\\\/11\\\/Suriyeli-militan.jpg\",\"articleSection\":[\"Haberler\"],\"inLanguage\":\"en-US\",\"potentialAction\":[{\"@type\":\"CommentAction\",\"name\":\"Comment\",\"target\":[\"https:\\\/\\\/akunq.net\\\/tr\\\/?p=60277#respond\"]}]},{\"@type\":\"WebPage\",\"@id\":\"https:\\\/\\\/akunq.net\\\/tr\\\/?p=60277\",\"url\":\"https:\\\/\\\/akunq.net\\\/tr\\\/?p=60277\",\"name\":\"T\u00fcrkiye Karaba\u011f\u2019\u0131n Azerbaycan kontrol\u00fcne ge\u00e7ti\u011fi b\u00f6lgelerde Suriyeli ter\u00f6ristleri yerle\u015ftirmek istiyor - Bati Ermenistan Ve Bati Ermenileri Sorunlari Ara\u015ftirmalar Merkezi\",\"isPartOf\":{\"@id\":\"https:\\\/\\\/akunq.net\\\/tr\\\/#website\"},\"primaryImageOfPage\":{\"@id\":\"https:\\\/\\\/akunq.net\\\/tr\\\/?p=60277#primaryimage\"},\"image\":{\"@id\":\"https:\\\/\\\/akunq.net\\\/tr\\\/?p=60277#primaryimage\"},\"thumbnailUrl\":\"https:\\\/\\\/akunq.net\\\/tr\\\/wp-content\\\/uploads\\\/sites\\\/6\\\/2020\\\/11\\\/Suriyeli-militan.jpg\",\"datePublished\":\"2020-11-23T08:32:57+00:00\",\"author\":{\"@id\":\"https:\\\/\\\/akunq.net\\\/tr\\\/#\\\/schema\\\/person\\\/096f1d38a12cce57fb855b485ed24c9e\"},\"breadcrumb\":{\"@id\":\"https:\\\/\\\/akunq.net\\\/tr\\\/?p=60277#breadcrumb\"},\"inLanguage\":\"en-US\",\"potentialAction\":[{\"@type\":\"ReadAction\",\"target\":[\"https:\\\/\\\/akunq.net\\\/tr\\\/?p=60277\"]}]},{\"@type\":\"ImageObject\",\"inLanguage\":\"en-US\",\"@id\":\"https:\\\/\\\/akunq.net\\\/tr\\\/?p=60277#primaryimage\",\"url\":\"https:\\\/\\\/akunq.net\\\/tr\\\/wp-content\\\/uploads\\\/sites\\\/6\\\/2020\\\/11\\\/Suriyeli-militan.jpg\",\"contentUrl\":\"https:\\\/\\\/akunq.net\\\/tr\\\/wp-content\\\/uploads\\\/sites\\\/6\\\/2020\\\/11\\\/Suriyeli-militan.jpg\",\"width\":750,\"height\":510},{\"@type\":\"BreadcrumbList\",\"@id\":\"https:\\\/\\\/akunq.net\\\/tr\\\/?p=60277#breadcrumb\",\"itemListElement\":[{\"@type\":\"ListItem\",\"position\":1,\"name\":\"Home\",\"item\":\"https:\\\/\\\/akunq.net\\\/tr\"},{\"@type\":\"ListItem\",\"position\":2,\"name\":\"T\u00fcrkiye Karaba\u011f\u2019\u0131n Azerbaycan kontrol\u00fcne ge\u00e7ti\u011fi b\u00f6lgelerde Suriyeli ter\u00f6ristleri yerle\u015ftirmek istiyor\"}]},{\"@type\":\"WebSite\",\"@id\":\"https:\\\/\\\/akunq.net\\\/tr\\\/#website\",\"url\":\"https:\\\/\\\/akunq.net\\\/tr\\\/\",\"name\":\"Bati Ermenistan Ve Bati Ermenileri Sorunlari Ara\u015ftirmalar Merkezi\",\"description\":\"\",\"potentialAction\":[{\"@type\":\"SearchAction\",\"target\":{\"@type\":\"EntryPoint\",\"urlTemplate\":\"https:\\\/\\\/akunq.net\\\/tr\\\/?s={search_term_string}\"},\"query-input\":{\"@type\":\"PropertyValueSpecification\",\"valueRequired\":true,\"valueName\":\"search_term_string\"}}],\"inLanguage\":\"en-US\"},{\"@type\":\"Person\",\"@id\":\"https:\\\/\\\/akunq.net\\\/tr\\\/#\\\/schema\\\/person\\\/096f1d38a12cce57fb855b485ed24c9e\",\"name\":\"admin\",\"url\":\"https:\\\/\\\/akunq.net\\\/tr\\\/?author=7\"}]}<\/script>\n<!-- \/ Yoast SEO plugin. -->","yoast_head_json":{"title":"T\u00fcrkiye Karaba\u011f\u2019\u0131n Azerbaycan kontrol\u00fcne ge\u00e7ti\u011fi b\u00f6lgelerde Suriyeli ter\u00f6ristleri yerle\u015ftirmek istiyor - Bati Ermenistan Ve Bati Ermenileri Sorunlari Ara\u015ftirmalar Merkezi","robots":{"index":"index","follow":"follow","max-snippet":"max-snippet:-1","max-image-preview":"max-image-preview:large","max-video-preview":"max-video-preview:-1"},"canonical":"https:\/\/akunq.net\/tr\/?p=60277","og_locale":"en_US","og_type":"article","og_title":"T\u00fcrkiye Karaba\u011f\u2019\u0131n Azerbaycan kontrol\u00fcne ge\u00e7ti\u011fi b\u00f6lgelerde Suriyeli ter\u00f6ristleri yerle\u015ftirmek istiyor - Bati Ermenistan Ve Bati Ermenileri Sorunlari Ara\u015ftirmalar Merkezi","og_description":"Suriye \u0130nsan haklar\u0131 g\u00f6zlemevi Facebook hesab\u0131ndan yapt\u0131\u011f\u0131 payla\u015f\u0131mda Suriye\u2019den Karaba\u011f\u2019a kar\u015f\u0131 sava\u015fmak i\u00e7in getirilen paral\u0131 militanlar\u0131n ve onlar\u0131n ailelerinin Karaba\u011f\u2019da yerle\u015fmelerine dair bilgiler aktar\u0131yor. Aktar\u0131lan bilgilere g\u00f6re T\u00fcrkiye Suriyeli militanlar\u0131 Artsakh Cumhuriyeti\u2019nin (Karaba\u011f) Azerbaycan\u2019\u0131n kontrol\u00fcne ge\u00e7ti\u011fi b\u00f6lgelerde yerle\u015ftirmek istiyor. \u00d6zellikle T\u00fcrkiye\u2019ye sad\u0131k olan Sultan Murat ve S\u00fcleyman \u015eah ter\u00f6r \u00f6rg\u00fctlerinin y\u00f6neticilerine \u201cAzerbaycan\u2019a\u201d yerle\u015fme teklifi yap\u0131ld\u0131. [&hellip;]","og_url":"https:\/\/akunq.net\/tr\/?p=60277","og_site_name":"Bati Ermenistan Ve Bati Ermenileri Sorunlari Ara\u015ftirmalar Merkezi","article_published_time":"2020-11-23T08:32:57+00:00","og_image":[{"width":750,"height":510,"url":"https:\/\/akunq.net\/tr\/wp-content\/uploads\/sites\/6\/2020\/11\/Suriyeli-militan.jpg","type":"image\/jpeg"}],"author":"admin","twitter_card":"summary_large_image","twitter_misc":{"Written by":"admin","Est. reading time":"1 minute"},"schema":{"@context":"https:\/\/schema.org","@graph":[{"@type":"Article","@id":"https:\/\/akunq.net\/tr\/?p=60277#article","isPartOf":{"@id":"https:\/\/akunq.net\/tr\/?p=60277"},"author":{"name":"admin","@id":"https:\/\/akunq.net\/tr\/#\/schema\/person\/096f1d38a12cce57fb855b485ed24c9e"},"headline":"T\u00fcrkiye Karaba\u011f\u2019\u0131n Azerbaycan kontrol\u00fcne ge\u00e7ti\u011fi b\u00f6lgelerde Suriyeli ter\u00f6ristleri yerle\u015ftirmek istiyor","datePublished":"2020-11-23T08:32:57+00:00","mainEntityOfPage":{"@id":"https:\/\/akunq.net\/tr\/?p=60277"},"wordCount":208,"commentCount":0,"image":{"@id":"https:\/\/akunq.net\/tr\/?p=60277#primaryimage"},"thumbnailUrl":"https:\/\/akunq.net\/tr\/wp-content\/uploads\/sites\/6\/2020\/11\/Suriyeli-militan.jpg","articleSection":["Haberler"],"inLanguage":"en-US","potentialAction":[{"@type":"CommentAction","name":"Comment","target":["https:\/\/akunq.net\/tr\/?p=60277#respond"]}]},{"@type":"WebPage","@id":"https:\/\/akunq.net\/tr\/?p=60277","url":"https:\/\/akunq.net\/tr\/?p=60277","name":"T\u00fcrkiye Karaba\u011f\u2019\u0131n Azerbaycan kontrol\u00fcne ge\u00e7ti\u011fi b\u00f6lgelerde Suriyeli ter\u00f6ristleri yerle\u015ftirmek istiyor - Bati Ermenistan Ve Bati Ermenileri Sorunlari Ara\u015ftirmalar Merkezi","isPartOf":{"@id":"https:\/\/akunq.net\/tr\/#website"},"primaryImageOfPage":{"@id":"https:\/\/akunq.net\/tr\/?p=60277#primaryimage"},"image":{"@id":"https:\/\/akunq.net\/tr\/?p=60277#primaryimage"},"thumbnailUrl":"https:\/\/akunq.net\/tr\/wp-content\/uploads\/sites\/6\/2020\/11\/Suriyeli-militan.jpg","datePublished":"2020-11-23T08:32:57+00:00","author":{"@id":"https:\/\/akunq.net\/tr\/#\/schema\/person\/096f1d38a12cce57fb855b485ed24c9e"},"breadcrumb":{"@id":"https:\/\/akunq.net\/tr\/?p=60277#breadcrumb"},"inLanguage":"en-US","potentialAction":[{"@type":"ReadAction","target":["https:\/\/akunq.net\/tr\/?p=60277"]}]},{"@type":"ImageObject","inLanguage":"en-US","@id":"https:\/\/akunq.net\/tr\/?p=60277#primaryimage","url":"https:\/\/akunq.net\/tr\/wp-content\/uploads\/sites\/6\/2020\/11\/Suriyeli-militan.jpg","contentUrl":"https:\/\/akunq.net\/tr\/wp-content\/uploads\/sites\/6\/2020\/11\/Suriyeli-militan.jpg","width":750,"height":510},{"@type":"BreadcrumbList","@id":"https:\/\/akunq.net\/tr\/?p=60277#breadcrumb","itemListElement":[{"@type":"ListItem","position":1,"name":"Home","item":"https:\/\/akunq.net\/tr"},{"@type":"ListItem","position":2,"name":"T\u00fcrkiye Karaba\u011f\u2019\u0131n Azerbaycan kontrol\u00fcne ge\u00e7ti\u011fi b\u00f6lgelerde Suriyeli ter\u00f6ristleri yerle\u015ftirmek istiyor"}]},{"@type":"WebSite","@id":"https:\/\/akunq.net\/tr\/#website","url":"https:\/\/akunq.net\/tr\/","name":"Bati Ermenistan Ve Bati Ermenileri Sorunlari Ara\u015ftirmalar Merkezi","description":"","potentialAction":[{"@type":"SearchAction","target":{"@type":"EntryPoint","urlTemplate":"https:\/\/akunq.net\/tr\/?s={search_term_string}"},"query-input":{"@type":"PropertyValueSpecification","valueRequired":true,"valueName":"search_term_string"}}],"inLanguage":"en-US"},{"@type":"Person","@id":"https:\/\/akunq.net\/tr\/#\/schema\/person\/096f1d38a12cce57fb855b485ed24c9e","name":"admin","url":"https:\/\/akunq.net\/tr\/?author=7"}]}},"_links":{"self":[{"href":"https:\/\/akunq.net\/tr\/index.php?rest_route=\/wp\/v2\/posts\/60277","targetHints":{"allow":["GET"]}}],"collection":[{"href":"https:\/\/akunq.net\/tr\/index.php?rest_route=\/wp\/v2\/posts"}],"about":[{"href":"https:\/\/akunq.net\/tr\/index.php?rest_route=\/wp\/v2\/types\/post"}],"author":[{"embeddable":true,"href":"https:\/\/akunq.net\/tr\/index.php?rest_route=\/wp\/v2\/users\/7"}],"replies":[{"embeddable":true,"href":"https:\/\/akunq.net\/tr\/index.php?rest_route=%2Fwp%2Fv2%2Fcomments&post=60277"}],"version-history":[{"count":1,"href":"https:\/\/akunq.net\/tr\/index.php?rest_route=\/wp\/v2\/posts\/60277\/revisions"}],"predecessor-version":[{"id":60279,"href":"https:\/\/akunq.net\/tr\/index.php?rest_route=\/wp\/v2\/posts\/60277\/revisions\/60279"}],"wp:featuredmedia":[{"embeddable":true,"href":"https:\/\/akunq.net\/tr\/index.php?rest_route=\/wp\/v2\/media\/60278"}],"wp:attachment":[{"href":"https:\/\/akunq.net\/tr\/index.php?rest_route=%2Fwp%2Fv2%2Fmedia&parent=60277"}],"wp:term":[{"taxonomy":"category","embeddable":true,"href":"https:\/\/akunq.net\/tr\/index.php?rest_route=%2Fwp%2Fv2%2Fcategories&post=60277"},{"taxonomy":"post_tag","embeddable":true,"href":"https:\/\/akunq.net\/tr\/index.php?rest_route=%2Fwp%2Fv2%2Ftags&post=60277"}],"curies":[{"name":"wp","href":"https:\/\/api.w.org\/{rel}","templated":true}]}}