{"id":60269,"date":"2020-11-20T04:06:18","date_gmt":"2020-11-20T09:06:18","guid":{"rendered":"https:\/\/akunq.net\/tr\/?p=60269"},"modified":"2020-11-20T04:06:27","modified_gmt":"2020-11-20T09:06:27","slug":"balattaki-sinagoglarin-kapilari-22-kasim-pazar-gunu-aciliyor","status":"publish","type":"post","link":"https:\/\/akunq.net\/tr\/?p=60269","title":{"rendered":"Balat\u2019taki sinagoglar\u0131n kap\u0131lar\u0131 22 Kas\u0131m Pazar g\u00fcn\u00fc a\u00e7\u0131l\u0131yor"},"content":{"rendered":"<p><img loading=\"lazy\" decoding=\"async\" class=\"aligncenter size-medium wp-image-60270\" src=\"https:\/\/akunq.net\/tr\/wp-content\/uploads\/2020\/11\/Balat-360x242.png\" alt=\"\" width=\"360\" height=\"242\" srcset=\"https:\/\/akunq.net\/tr\/wp-content\/uploads\/sites\/6\/2020\/11\/Balat-360x242.png 360w, https:\/\/akunq.net\/tr\/wp-content\/uploads\/sites\/6\/2020\/11\/Balat-768x516.png 768w, https:\/\/akunq.net\/tr\/wp-content\/uploads\/sites\/6\/2020\/11\/Balat-560x376.png 560w, https:\/\/akunq.net\/tr\/wp-content\/uploads\/sites\/6\/2020\/11\/Balat-260x175.png 260w, https:\/\/akunq.net\/tr\/wp-content\/uploads\/sites\/6\/2020\/11\/Balat-160x108.png 160w, https:\/\/akunq.net\/tr\/wp-content\/uploads\/sites\/6\/2020\/11\/Balat.png 1152w\" sizes=\"auto, (max-width: 360px) 100vw, 360px\" \/><\/p>\n<p><em><strong>22 Kas\u0131m 2020 Pazar g\u00fcn\u00fc 10.00-13.30 saatleri aras\u0131nda tarihi yar\u0131madan\u0131n sur i\u00e7i sinagoglar\u0131 500.Y\u0131l Vakf\u0131 T\u00fcrk Musevileri\u00a0<a href=\"https:\/\/www.muze500.com\/index.php?lang=en\">M\u00fczesi<\/a>\u00a0taraf\u0131ndan rezervasyonlu olarak d\u00fczenlenen etkinlikle kap\u0131lar\u0131n\u0131 kom\u015fular\u0131na a\u00e7acak.<\/strong><\/em><\/p>\n<p>500. Y\u0131l Vakf\u0131 T\u00fcrk Musevileri M\u00fczesi taraf\u0131ndan d\u00fczenlenecek ve rehberli\u011fini \u015ealom Gazetesi yazar\u0131 ve profesyonel tur rehberi\u00a0<a href=\"https:\/\/www.avlaremoz.com\/tag\/mois-gabay\/\">Mois Gabay<\/a>\u2019\u0131n da meslekta\u015flar\u0131 ile \u00fcstlenece\u011fi k\u00fclt\u00fcr turu vesilesi ile Balat\u2019taki bir\u00e7ok tarihi sinagog ilk kez i\u00e7eriden de ziyaret edilebilecek.<\/p>\n<p>D\u00fcnyan\u0131n say\u0131l\u0131 ah\u015fap sinagoglar\u0131ndan olan ve restorasyon ihtiyac\u0131 bulunan \u0130\u015ftipol, Makedonya\u2019n\u0131n Ohri kasabas\u0131ndan gelen Yahudilerin kurdu\u011fu Ohri, kubbesindeki Yanbol\u2019den resimlerle en otantik sinagoglardan Yanbol, Balat dini mahkemesine ev sahipli\u011fi yapan \u00c7ana Sinagogu bug\u00fcne \u00f6zel olarak kap\u0131lar\u0131n\u0131 ziyaret\u00e7ilerine a\u00e7acak mekanlar olacak.<\/p>\n<p>K\u00fclt\u00fcr turu vesilesi ile bir zamanlar Yahudhane i\u015flevi g\u00f6ren Tekfur Saray\u0131, 1970\u2019lere kadar esnaf\u0131n\u0131n b\u00fcy\u00fck \u00e7o\u011funlu\u011fun Balat Yahudilerinden olu\u015fan \u00c7\u0131f\u0131t \u00c7ar\u015f\u0131s\u0131, Babani ailesinin hikayesi ve Cumhuriyet d\u00f6neminde T\u00fcrkiyeli Yahudilerin tarihi de kat\u0131l\u0131mc\u0131larla i\u015flenecek konular olacak.<\/p>\n<p>\u00d6\u011fle yeme\u011finde 500.Y\u0131l Vakf\u0131 T\u00fcrk Musevileri M\u00fczesi Sefarad tad\u0131mlar\u0131n\u0131 da misafirlerin be\u011fenisine sunacak. Etkinli\u011fe kat\u0131l\u0131m s\u0131n\u0131rl\u0131 olacakt\u0131r.<\/p>\n<figure class=\"wp-block-image\"><img decoding=\"async\" class=\"wp-image-17915\" src=\"https:\/\/i2.wp.com\/cdn.shortpixel.ai\/client\/q_glossy,ret_img,w_1024,h_768\/https:\/\/www.avlaremoz.com\/wp-content\/uploads\/2020\/11\/mois-tur-1024x768.png?resize=1024%2C768&amp;ssl=1\" alt=\"\" data-recalc-dims=\"1\" \/><figcaption><\/figcaption><\/figure>\n<p><em><strong><a href=\"https:\/\/www.avlaremoz.com\/2020\/11\/19\/balattaki-sinagoglarin-kapilari-22-kasim-pazar-gunu-aciliyor\/\">https:\/\/www.avlaremoz.com\/2020\/11\/19\/balattaki-sinagoglarin-kapilari-22-kasim-pazar-gunu-aciliyor\/<\/a><\/strong><\/em><\/p>\n","protected":false},"excerpt":{"rendered":"<p>22 Kas\u0131m 2020 Pazar g\u00fcn\u00fc 10.00-13.30 saatleri aras\u0131nda tarihi yar\u0131madan\u0131n sur i\u00e7i sinagoglar\u0131 500.Y\u0131l Vakf\u0131 T\u00fcrk Musevileri\u00a0M\u00fczesi\u00a0taraf\u0131ndan rezervasyonlu olarak d\u00fczenlenen etkinlikle kap\u0131lar\u0131n\u0131 kom\u015fular\u0131na a\u00e7acak. 500. Y\u0131l Vakf\u0131 T\u00fcrk Musevileri M\u00fczesi taraf\u0131ndan d\u00fczenlenecek ve rehberli\u011fini \u015ealom Gazetesi yazar\u0131 ve profesyonel tur rehberi\u00a0Mois Gabay\u2019\u0131n da meslekta\u015flar\u0131 ile \u00fcstlenece\u011fi k\u00fclt\u00fcr turu vesilesi ile Balat\u2019taki bir\u00e7ok tarihi sinagog ilk [&hellip;]<\/p>\n","protected":false},"author":7,"featured_media":60270,"comment_status":"open","ping_status":"open","sticky":false,"template":"","format":"standard","meta":{"footnotes":""},"categories":[1,53],"tags":[],"class_list":["post-60269","post","type-post","status-publish","format-standard","has-post-thumbnail","hentry","category-haberler","category-turkiyede-azinliklar"],"yoast_head":"<!-- This site is optimized with the Yoast SEO plugin v27.4 - https:\/\/yoast.com\/product\/yoast-seo-wordpress\/ -->\n<title>Balat\u2019taki sinagoglar\u0131n kap\u0131lar\u0131 22 Kas\u0131m Pazar g\u00fcn\u00fc a\u00e7\u0131l\u0131yor - Bati Ermenistan Ve Bati Ermenileri Sorunlari Ara\u015ftirmalar Merkezi<\/title>\n<meta name=\"robots\" content=\"index, follow, max-snippet:-1, max-image-preview:large, max-video-preview:-1\" \/>\n<link rel=\"canonical\" href=\"https:\/\/akunq.net\/tr\/?p=60269\" \/>\n<meta property=\"og:locale\" content=\"en_US\" \/>\n<meta property=\"og:type\" content=\"article\" \/>\n<meta property=\"og:title\" content=\"Balat\u2019taki sinagoglar\u0131n kap\u0131lar\u0131 22 Kas\u0131m Pazar g\u00fcn\u00fc a\u00e7\u0131l\u0131yor - Bati Ermenistan Ve Bati Ermenileri Sorunlari Ara\u015ftirmalar Merkezi\" \/>\n<meta property=\"og:description\" content=\"22 Kas\u0131m 2020 Pazar g\u00fcn\u00fc 10.00-13.30 saatleri aras\u0131nda tarihi yar\u0131madan\u0131n sur i\u00e7i sinagoglar\u0131 500.Y\u0131l Vakf\u0131 T\u00fcrk Musevileri\u00a0M\u00fczesi\u00a0taraf\u0131ndan rezervasyonlu olarak d\u00fczenlenen etkinlikle kap\u0131lar\u0131n\u0131 kom\u015fular\u0131na a\u00e7acak. 500. Y\u0131l Vakf\u0131 T\u00fcrk Musevileri M\u00fczesi taraf\u0131ndan d\u00fczenlenecek ve rehberli\u011fini \u015ealom Gazetesi yazar\u0131 ve profesyonel tur rehberi\u00a0Mois Gabay\u2019\u0131n da meslekta\u015flar\u0131 ile \u00fcstlenece\u011fi k\u00fclt\u00fcr turu vesilesi ile Balat\u2019taki bir\u00e7ok tarihi sinagog ilk [&hellip;]\" \/>\n<meta property=\"og:url\" content=\"https:\/\/akunq.net\/tr\/?p=60269\" \/>\n<meta property=\"og:site_name\" content=\"Bati Ermenistan Ve Bati Ermenileri Sorunlari Ara\u015ftirmalar Merkezi\" \/>\n<meta property=\"article:published_time\" content=\"2020-11-20T09:06:18+00:00\" \/>\n<meta property=\"article:modified_time\" content=\"2020-11-20T09:06:27+00:00\" \/>\n<meta property=\"og:image\" content=\"https:\/\/akunq.net\/tr\/wp-content\/uploads\/sites\/6\/2020\/11\/Balat.png\" \/>\n\t<meta property=\"og:image:width\" content=\"1152\" \/>\n\t<meta property=\"og:image:height\" content=\"774\" \/>\n\t<meta property=\"og:image:type\" content=\"image\/png\" \/>\n<meta name=\"author\" content=\"admin\" \/>\n<meta name=\"twitter:card\" content=\"summary_large_image\" \/>\n<meta name=\"twitter:label1\" content=\"Written by\" \/>\n\t<meta name=\"twitter:data1\" content=\"admin\" \/>\n\t<meta name=\"twitter:label2\" content=\"Est. reading time\" \/>\n\t<meta name=\"twitter:data2\" content=\"1 minute\" \/>\n<script type=\"application\/ld+json\" class=\"yoast-schema-graph\">{\"@context\":\"https:\\\/\\\/schema.org\",\"@graph\":[{\"@type\":\"Article\",\"@id\":\"https:\\\/\\\/akunq.net\\\/tr\\\/?p=60269#article\",\"isPartOf\":{\"@id\":\"https:\\\/\\\/akunq.net\\\/tr\\\/?p=60269\"},\"author\":{\"name\":\"admin\",\"@id\":\"https:\\\/\\\/akunq.net\\\/tr\\\/#\\\/schema\\\/person\\\/096f1d38a12cce57fb855b485ed24c9e\"},\"headline\":\"Balat\u2019taki sinagoglar\u0131n kap\u0131lar\u0131 22 Kas\u0131m Pazar g\u00fcn\u00fc a\u00e7\u0131l\u0131yor\",\"datePublished\":\"2020-11-20T09:06:18+00:00\",\"dateModified\":\"2020-11-20T09:06:27+00:00\",\"mainEntityOfPage\":{\"@id\":\"https:\\\/\\\/akunq.net\\\/tr\\\/?p=60269\"},\"wordCount\":250,\"commentCount\":0,\"image\":{\"@id\":\"https:\\\/\\\/akunq.net\\\/tr\\\/?p=60269#primaryimage\"},\"thumbnailUrl\":\"https:\\\/\\\/akunq.net\\\/tr\\\/wp-content\\\/uploads\\\/sites\\\/6\\\/2020\\\/11\\\/Balat.png\",\"articleSection\":[\"Haberler\",\"T\u00fcrkiye\u2019de Az\u0131nl\u0131klar\"],\"inLanguage\":\"en-US\",\"potentialAction\":[{\"@type\":\"CommentAction\",\"name\":\"Comment\",\"target\":[\"https:\\\/\\\/akunq.net\\\/tr\\\/?p=60269#respond\"]}]},{\"@type\":\"WebPage\",\"@id\":\"https:\\\/\\\/akunq.net\\\/tr\\\/?p=60269\",\"url\":\"https:\\\/\\\/akunq.net\\\/tr\\\/?p=60269\",\"name\":\"Balat\u2019taki sinagoglar\u0131n kap\u0131lar\u0131 22 Kas\u0131m Pazar g\u00fcn\u00fc a\u00e7\u0131l\u0131yor - Bati Ermenistan Ve Bati Ermenileri Sorunlari Ara\u015ftirmalar Merkezi\",\"isPartOf\":{\"@id\":\"https:\\\/\\\/akunq.net\\\/tr\\\/#website\"},\"primaryImageOfPage\":{\"@id\":\"https:\\\/\\\/akunq.net\\\/tr\\\/?p=60269#primaryimage\"},\"image\":{\"@id\":\"https:\\\/\\\/akunq.net\\\/tr\\\/?p=60269#primaryimage\"},\"thumbnailUrl\":\"https:\\\/\\\/akunq.net\\\/tr\\\/wp-content\\\/uploads\\\/sites\\\/6\\\/2020\\\/11\\\/Balat.png\",\"datePublished\":\"2020-11-20T09:06:18+00:00\",\"dateModified\":\"2020-11-20T09:06:27+00:00\",\"author\":{\"@id\":\"https:\\\/\\\/akunq.net\\\/tr\\\/#\\\/schema\\\/person\\\/096f1d38a12cce57fb855b485ed24c9e\"},\"breadcrumb\":{\"@id\":\"https:\\\/\\\/akunq.net\\\/tr\\\/?p=60269#breadcrumb\"},\"inLanguage\":\"en-US\",\"potentialAction\":[{\"@type\":\"ReadAction\",\"target\":[\"https:\\\/\\\/akunq.net\\\/tr\\\/?p=60269\"]}]},{\"@type\":\"ImageObject\",\"inLanguage\":\"en-US\",\"@id\":\"https:\\\/\\\/akunq.net\\\/tr\\\/?p=60269#primaryimage\",\"url\":\"https:\\\/\\\/akunq.net\\\/tr\\\/wp-content\\\/uploads\\\/sites\\\/6\\\/2020\\\/11\\\/Balat.png\",\"contentUrl\":\"https:\\\/\\\/akunq.net\\\/tr\\\/wp-content\\\/uploads\\\/sites\\\/6\\\/2020\\\/11\\\/Balat.png\",\"width\":1152,\"height\":774},{\"@type\":\"BreadcrumbList\",\"@id\":\"https:\\\/\\\/akunq.net\\\/tr\\\/?p=60269#breadcrumb\",\"itemListElement\":[{\"@type\":\"ListItem\",\"position\":1,\"name\":\"Home\",\"item\":\"https:\\\/\\\/akunq.net\\\/tr\"},{\"@type\":\"ListItem\",\"position\":2,\"name\":\"Balat\u2019taki sinagoglar\u0131n kap\u0131lar\u0131 22 Kas\u0131m Pazar g\u00fcn\u00fc a\u00e7\u0131l\u0131yor\"}]},{\"@type\":\"WebSite\",\"@id\":\"https:\\\/\\\/akunq.net\\\/tr\\\/#website\",\"url\":\"https:\\\/\\\/akunq.net\\\/tr\\\/\",\"name\":\"Bati Ermenistan Ve Bati Ermenileri Sorunlari Ara\u015ftirmalar Merkezi\",\"description\":\"\",\"potentialAction\":[{\"@type\":\"SearchAction\",\"target\":{\"@type\":\"EntryPoint\",\"urlTemplate\":\"https:\\\/\\\/akunq.net\\\/tr\\\/?s={search_term_string}\"},\"query-input\":{\"@type\":\"PropertyValueSpecification\",\"valueRequired\":true,\"valueName\":\"search_term_string\"}}],\"inLanguage\":\"en-US\"},{\"@type\":\"Person\",\"@id\":\"https:\\\/\\\/akunq.net\\\/tr\\\/#\\\/schema\\\/person\\\/096f1d38a12cce57fb855b485ed24c9e\",\"name\":\"admin\",\"url\":\"https:\\\/\\\/akunq.net\\\/tr\\\/?author=7\"}]}<\/script>\n<!-- \/ Yoast SEO plugin. -->","yoast_head_json":{"title":"Balat\u2019taki sinagoglar\u0131n kap\u0131lar\u0131 22 Kas\u0131m Pazar g\u00fcn\u00fc a\u00e7\u0131l\u0131yor - Bati Ermenistan Ve Bati Ermenileri Sorunlari Ara\u015ftirmalar Merkezi","robots":{"index":"index","follow":"follow","max-snippet":"max-snippet:-1","max-image-preview":"max-image-preview:large","max-video-preview":"max-video-preview:-1"},"canonical":"https:\/\/akunq.net\/tr\/?p=60269","og_locale":"en_US","og_type":"article","og_title":"Balat\u2019taki sinagoglar\u0131n kap\u0131lar\u0131 22 Kas\u0131m Pazar g\u00fcn\u00fc a\u00e7\u0131l\u0131yor - Bati Ermenistan Ve Bati Ermenileri Sorunlari Ara\u015ftirmalar Merkezi","og_description":"22 Kas\u0131m 2020 Pazar g\u00fcn\u00fc 10.00-13.30 saatleri aras\u0131nda tarihi yar\u0131madan\u0131n sur i\u00e7i sinagoglar\u0131 500.Y\u0131l Vakf\u0131 T\u00fcrk Musevileri\u00a0M\u00fczesi\u00a0taraf\u0131ndan rezervasyonlu olarak d\u00fczenlenen etkinlikle kap\u0131lar\u0131n\u0131 kom\u015fular\u0131na a\u00e7acak. 500. Y\u0131l Vakf\u0131 T\u00fcrk Musevileri M\u00fczesi taraf\u0131ndan d\u00fczenlenecek ve rehberli\u011fini \u015ealom Gazetesi yazar\u0131 ve profesyonel tur rehberi\u00a0Mois Gabay\u2019\u0131n da meslekta\u015flar\u0131 ile \u00fcstlenece\u011fi k\u00fclt\u00fcr turu vesilesi ile Balat\u2019taki bir\u00e7ok tarihi sinagog ilk [&hellip;]","og_url":"https:\/\/akunq.net\/tr\/?p=60269","og_site_name":"Bati Ermenistan Ve Bati Ermenileri Sorunlari Ara\u015ftirmalar Merkezi","article_published_time":"2020-11-20T09:06:18+00:00","article_modified_time":"2020-11-20T09:06:27+00:00","og_image":[{"width":1152,"height":774,"url":"https:\/\/akunq.net\/tr\/wp-content\/uploads\/sites\/6\/2020\/11\/Balat.png","type":"image\/png"}],"author":"admin","twitter_card":"summary_large_image","twitter_misc":{"Written by":"admin","Est. reading time":"1 minute"},"schema":{"@context":"https:\/\/schema.org","@graph":[{"@type":"Article","@id":"https:\/\/akunq.net\/tr\/?p=60269#article","isPartOf":{"@id":"https:\/\/akunq.net\/tr\/?p=60269"},"author":{"name":"admin","@id":"https:\/\/akunq.net\/tr\/#\/schema\/person\/096f1d38a12cce57fb855b485ed24c9e"},"headline":"Balat\u2019taki sinagoglar\u0131n kap\u0131lar\u0131 22 Kas\u0131m Pazar g\u00fcn\u00fc a\u00e7\u0131l\u0131yor","datePublished":"2020-11-20T09:06:18+00:00","dateModified":"2020-11-20T09:06:27+00:00","mainEntityOfPage":{"@id":"https:\/\/akunq.net\/tr\/?p=60269"},"wordCount":250,"commentCount":0,"image":{"@id":"https:\/\/akunq.net\/tr\/?p=60269#primaryimage"},"thumbnailUrl":"https:\/\/akunq.net\/tr\/wp-content\/uploads\/sites\/6\/2020\/11\/Balat.png","articleSection":["Haberler","T\u00fcrkiye\u2019de Az\u0131nl\u0131klar"],"inLanguage":"en-US","potentialAction":[{"@type":"CommentAction","name":"Comment","target":["https:\/\/akunq.net\/tr\/?p=60269#respond"]}]},{"@type":"WebPage","@id":"https:\/\/akunq.net\/tr\/?p=60269","url":"https:\/\/akunq.net\/tr\/?p=60269","name":"Balat\u2019taki sinagoglar\u0131n kap\u0131lar\u0131 22 Kas\u0131m Pazar g\u00fcn\u00fc a\u00e7\u0131l\u0131yor - Bati Ermenistan Ve Bati Ermenileri Sorunlari Ara\u015ftirmalar Merkezi","isPartOf":{"@id":"https:\/\/akunq.net\/tr\/#website"},"primaryImageOfPage":{"@id":"https:\/\/akunq.net\/tr\/?p=60269#primaryimage"},"image":{"@id":"https:\/\/akunq.net\/tr\/?p=60269#primaryimage"},"thumbnailUrl":"https:\/\/akunq.net\/tr\/wp-content\/uploads\/sites\/6\/2020\/11\/Balat.png","datePublished":"2020-11-20T09:06:18+00:00","dateModified":"2020-11-20T09:06:27+00:00","author":{"@id":"https:\/\/akunq.net\/tr\/#\/schema\/person\/096f1d38a12cce57fb855b485ed24c9e"},"breadcrumb":{"@id":"https:\/\/akunq.net\/tr\/?p=60269#breadcrumb"},"inLanguage":"en-US","potentialAction":[{"@type":"ReadAction","target":["https:\/\/akunq.net\/tr\/?p=60269"]}]},{"@type":"ImageObject","inLanguage":"en-US","@id":"https:\/\/akunq.net\/tr\/?p=60269#primaryimage","url":"https:\/\/akunq.net\/tr\/wp-content\/uploads\/sites\/6\/2020\/11\/Balat.png","contentUrl":"https:\/\/akunq.net\/tr\/wp-content\/uploads\/sites\/6\/2020\/11\/Balat.png","width":1152,"height":774},{"@type":"BreadcrumbList","@id":"https:\/\/akunq.net\/tr\/?p=60269#breadcrumb","itemListElement":[{"@type":"ListItem","position":1,"name":"Home","item":"https:\/\/akunq.net\/tr"},{"@type":"ListItem","position":2,"name":"Balat\u2019taki sinagoglar\u0131n kap\u0131lar\u0131 22 Kas\u0131m Pazar g\u00fcn\u00fc a\u00e7\u0131l\u0131yor"}]},{"@type":"WebSite","@id":"https:\/\/akunq.net\/tr\/#website","url":"https:\/\/akunq.net\/tr\/","name":"Bati Ermenistan Ve Bati Ermenileri Sorunlari Ara\u015ftirmalar Merkezi","description":"","potentialAction":[{"@type":"SearchAction","target":{"@type":"EntryPoint","urlTemplate":"https:\/\/akunq.net\/tr\/?s={search_term_string}"},"query-input":{"@type":"PropertyValueSpecification","valueRequired":true,"valueName":"search_term_string"}}],"inLanguage":"en-US"},{"@type":"Person","@id":"https:\/\/akunq.net\/tr\/#\/schema\/person\/096f1d38a12cce57fb855b485ed24c9e","name":"admin","url":"https:\/\/akunq.net\/tr\/?author=7"}]}},"_links":{"self":[{"href":"https:\/\/akunq.net\/tr\/index.php?rest_route=\/wp\/v2\/posts\/60269","targetHints":{"allow":["GET"]}}],"collection":[{"href":"https:\/\/akunq.net\/tr\/index.php?rest_route=\/wp\/v2\/posts"}],"about":[{"href":"https:\/\/akunq.net\/tr\/index.php?rest_route=\/wp\/v2\/types\/post"}],"author":[{"embeddable":true,"href":"https:\/\/akunq.net\/tr\/index.php?rest_route=\/wp\/v2\/users\/7"}],"replies":[{"embeddable":true,"href":"https:\/\/akunq.net\/tr\/index.php?rest_route=%2Fwp%2Fv2%2Fcomments&post=60269"}],"version-history":[{"count":1,"href":"https:\/\/akunq.net\/tr\/index.php?rest_route=\/wp\/v2\/posts\/60269\/revisions"}],"predecessor-version":[{"id":60271,"href":"https:\/\/akunq.net\/tr\/index.php?rest_route=\/wp\/v2\/posts\/60269\/revisions\/60271"}],"wp:featuredmedia":[{"embeddable":true,"href":"https:\/\/akunq.net\/tr\/index.php?rest_route=\/wp\/v2\/media\/60270"}],"wp:attachment":[{"href":"https:\/\/akunq.net\/tr\/index.php?rest_route=%2Fwp%2Fv2%2Fmedia&parent=60269"}],"wp:term":[{"taxonomy":"category","embeddable":true,"href":"https:\/\/akunq.net\/tr\/index.php?rest_route=%2Fwp%2Fv2%2Fcategories&post=60269"},{"taxonomy":"post_tag","embeddable":true,"href":"https:\/\/akunq.net\/tr\/index.php?rest_route=%2Fwp%2Fv2%2Ftags&post=60269"}],"curies":[{"name":"wp","href":"https:\/\/api.w.org\/{rel}","templated":true}]}}