{"id":60179,"date":"2020-11-16T07:09:04","date_gmt":"2020-11-16T12:09:04","guid":{"rendered":"https:\/\/akunq.net\/tr\/?p=60179"},"modified":"2021-12-20T01:50:11","modified_gmt":"2021-12-20T06:50:11","slug":"bir-turk-etnograf-profesoru-sibiryadaki-hayali-gercek-olmayan-turk-kardesleri-hakkinda-ne-dusunuyor","status":"publish","type":"post","link":"https:\/\/akunq.net\/tr\/?p=60179","title":{"rendered":"Bir T\u00fcrk etnograf profes\u00f6r\u00fc Sibirya&#8217;daki hayali, ger\u00e7ek olmayan &#8220;T\u00fcrk karde\u015fleri&#8221; hakk\u0131nda ne d\u00fc\u015f\u00fcn\u00fcyor?"},"content":{"rendered":"<p><img loading=\"lazy\" decoding=\"async\" class=\"aligncenter size-medium wp-image-60180\" src=\"https:\/\/akunq.net\/tr\/wp-content\/uploads\/2020\/11\/Turk-360x238.jpg\" alt=\"\" width=\"360\" height=\"238\" srcset=\"https:\/\/akunq.net\/tr\/wp-content\/uploads\/sites\/6\/2020\/11\/Turk-360x238.jpg 360w, https:\/\/akunq.net\/tr\/wp-content\/uploads\/sites\/6\/2020\/11\/Turk-560x370.jpg 560w, https:\/\/akunq.net\/tr\/wp-content\/uploads\/sites\/6\/2020\/11\/Turk-260x172.jpg 260w, https:\/\/akunq.net\/tr\/wp-content\/uploads\/sites\/6\/2020\/11\/Turk-160x106.jpg 160w, https:\/\/akunq.net\/tr\/wp-content\/uploads\/sites\/6\/2020\/11\/Turk.jpg 640w\" sizes=\"auto, (max-width: 360px) 100vw, 360px\" \/><\/p>\n<p><strong><em>Yakutsk \u015fehrinin forumundan 2014&#8217;te yay\u0131nlanm\u0131\u015f (orijinal 2011) bir makale<\/em><\/strong><\/p>\n<p><a href=\"http:\/\/forum.ykt.ru\/viewmsg.jsp?id=29906303\"><em>http<\/em><em>:\/\/<\/em><em>forum<\/em><em>.<\/em><em>ykt<\/em><em>.<\/em><em>ru<\/em><em>\/<\/em><em>viewmsg<\/em><em>.<\/em><em>jsp<\/em><em>?<\/em><em>id<\/em><em>=29906303<\/em><\/a><em><br \/>\n\u041e\u043d\u0434\u0430\u0442\u0440\u0430 -\u0431\u0430\u0440\u0441 \u0439\u043e\u0445\u0442\u0443\u0440 \u0442\u0430\u0431\u0430\u0440\u044b\u0441\u0442\u0430\u0440!<br \/>\n<\/em><em>Leopar\u00a0i<\/em><em>\u00e7<\/em><em>in\u00a0misk\u00a0s<\/em><em>\u0131\u00e7<\/em><em>an<\/em><em>\u0131<\/em><em>\u00a0arkada<\/em><em>\u015f<\/em><em>\u00a0de<\/em><em>\u011f<\/em><em>il<\/em><em>! (<\/em><em>t<\/em><em>\u00fc<\/em><em>rk\u00a0atas<\/em><em>\u00f6<\/em><em>z<\/em><em>\u00fc)<\/em><\/p>\n<p>K\u00fcreselle\u015fme\u00a0s\u00fcreci\u00a0bir\u00e7ok\u00a0engeli\u00a0tamamen\u00a0ortadan\u00a0kald\u0131rd\u0131\u00a0ve\u00a0bir\u00e7ok\u00a0insana\u00a0\u00f6zg\u00fcrl\u00fck\u00a0ruhunu\u00a0verdi,\u00a0onlar\u0131\u00a0kendi\u00a0haklar\u0131\u00a0i\u00e7in\u00a0sava\u015fmaya\u00a0sevk\u00a0etti.\u00a0Bir\u00e7ok\u00a0\u00fclke\u00a0da\u011f\u0131ld\u0131:\u00a0SSCB,\u00a0Yugoslavya. \u015eimdi\u00a0Irak\u00a0da\u00a0buna\u00a0do\u011fru\u00a0gidiyor.\u00a0K\u00fcreselle\u015fme\u00a0etnik\u00a0kimlik\u00a0alg\u0131s\u0131na\u00a0kar\u015f\u0131\u00a0tehdit\u00a0olu\u015fturur.\u00a0K\u00fcreselle\u015fme\u00a0s\u00fcrecinin\u00a0hem\u00a0olumlu\u00a0hem\u00a0de\u00a0olumsuz\u00a0yanlar\u0131\u00a0vard\u0131r.\u00a0Olumsuz\u00a0olan\u00a0ise,\u00a0bu\u00a0s\u00fcrecin\u00a0aile,\u00a0din\u00a0geleneklerini\u00a0yok\u00a0edebilmesi\u00a0ve\u00a0d\u00fcnyay\u0131\u00a0kolayl\u0131kla\u00a0kontrol\u00a0edilebilen,\u00a0y\u00fcz\u00fc\u00a0olmayan\u00a0monoton\u00a0bir\u00a0kitleyed\u00f6n\u00fc\u015ft\u00fcrebilmesidir. \u00d6zellikle\u00a0Avrupa,\u00a0T\u00fcrkiye&#8217;den\u00a0mevzuat\u0131m\u0131z\u0131n\u00a0301.\u00a0maddesinin\u00a0de\u011fi\u015ftirilmesini\u00a0talep\u00a0ettikten\u00a0sonra,\u00a0t\u00fcrk\u00a0halk\u0131n\u0131n\u00a0bir\u00a0o\u011flu\u00a0olarak\u00a0ben\u00a0bunu\u00a0hep\u00a0i\u00e7ten\u00a0protesto\u00a0ettim.\u00a0Ama bu hayat\u0131mda \u00e7ok \u015fey de\u011fi\u015fti.<\/p>\n<p>Ben bir etnograf\u0131m, ve onlarca y\u0131ld\u0131r antik ve modern mimari, \u015fark\u0131lar ve danslar\u0131, milli kost\u00fcmleri, g\u00fcnl\u00fck ya\u015fam\u0131, d\u00fc\u011f\u00fcn t\u00f6renlerini, cenaze t\u00f6renlerini, mutfag\u0131, T\u00fcrk evlerinin yap\u0131m\u0131n\u0131n i\u00e7 ve d\u0131\u015f \u00f6zelliklerini vb. inceledim. T\u00fcrk halk\u0131yla ilgili her \u015feyi inceledim.<\/p>\n<p>Halk\u0131m\u0131n k\u00fclt\u00fcr\u00fcyle bir\u00e7ok kez gurur duydum. Ama ben, bir bilim insan\u0131 olarak, bu bilgi ve k\u00fclt\u00fcr\u00fc yabanc\u0131 bir k\u00fclt\u00fcr\u00fcn ya da k\u00fclt\u00fcr kar\u015f\u0131tl\u0131\u011f\u0131n\u0131n etkisi alt\u0131na girmesin diye gen\u00e7 nesillere aktarmal\u0131y\u0131m. Bu nedenle ben bilmek istedim: Biz, modern T\u00fcrklerimiz, kimiz, nereden geldik ve nereye gidiyoruz?<\/p>\n<p>Ve ben ger\u00e7ek bir vatansever olarak, atalar\u0131m\u0131n &#8211; Sel\u00e7uklular, O\u011fuzlar ve T\u00fcrkmenler &#8211; 12. y\u00fczy\u0131lda Anadolu&#8217;ya nereden geldi\u011fini g\u00f6rmek i\u00e7in atalar\u0131m\u0131n anayurduna &#8211; Orta Asya ve Altay B\u00f6lgesi&#8217;ne, Rusya&#8217;ya gitmeye karar verdim. T\u00fcrk halk\u0131n\u0131n k\u00f6klerini, k\u00fclt\u00fcr tarihini, ya\u015fam\u0131n\u0131, geleneklerini, dilini, aile ili\u015fkilerini vb. tan\u0131mak istedim. T\u00fcrkiye T\u00fcrkleri ile T\u00fcrk dili konu\u015fan halklar aras\u0131nda k\u00f6pr\u00fcler kurmak ve bak\u0131\u015flar\u0131n\u0131 ortak k\u00f6klerimize odaklamak istedim.\u00a0O zamanlar bana bir halk\u0131n\u0131n iki par\u00e7as\u0131ym\u0131\u015f\u0131z gibi geldik ve pek \u00e7ok ortak noktalar\u0131m\u0131z olmal\u0131yd\u0131. Orta Asya ve Altay&#8217;da ya\u015fayan karde\u015flerimiz kendi topraklar\u0131nda monoton bir hayat\u0131 ya\u015fad\u0131lar. Elbette, Sovyet d\u00f6neminde k\u00fclt\u00fcrel geni\u015fleme ya\u015fay\u0131p 70-80 y\u0131l boyunca kay\u0131plar ya\u015fad\u0131lar.\u00a0Ancak, bizim ve T\u00fcrkiye T\u00fcrklerinin biyolojik olarak \u00f6z biyolojik alan\u0131m\u0131zdan koptu\u011fumuz 800 y\u0131l da ba\u015fka bir konudur. Y\u00fczy\u0131llar boyunca yeni bir medeniyet alan\u0131nda ya\u015fad\u0131k ve yabanc\u0131 bir k\u00fclt\u00fcr\u00fcn k\u00fclt\u00fcrel geli\u015fimimize g\u00fc\u00e7l\u00fc bir etkisi oldu. Yerle\u015fim-aborjinlerin Sel\u00e7uklular \u00fczerindeki ana etkisidir.<\/p>\n<p>Etnograflar bilir: Herhangi bir insan\u0131n kimli\u011fini incelemek ve \u00f6\u011frenmek i\u00e7in, insanlar\u0131n zaman\u0131n etkilerine &#8211; \u015fehirle\u015fme, Bat\u0131l\u0131la\u015fma, k\u00fcreselle\u015fme vb. &#8211; maruz kalmad\u0131\u011f\u0131 uzak k\u00f6ylerde y\u00fcr\u00fcmeniz gerekir. Neyse ki etnograf i\u00e7in bu t\u00fcrl\u00fc yerler Orta Asya&#8217;da korundular. Tabii ki, tamamen sa\u011flam haliyle de\u011fil, ama yine de T\u00fcrk\u00e7e konu\u015fan halklar\u0131n ya\u015fam\u0131, gelenekleri, t\u00f6releri vb. hakk\u0131nda bilimsel a\u00e7\u0131dan bir fikir veren bir\u00e7ok bilgi korunmu\u015ftur.\u00a0 Biz, Anadolu T\u00fcrklerimiz, onlara hem g\u00f6r\u00fcn\u00fc\u015f, hem g\u00fcndelik hayat\u0131, hem de davran\u0131\u015f\u0131yla ne kadar benzemedi\u011fimize ben hayret ettim. Bizi tek bir \u0131rksal t\u00fcre sahip insanlar olarak nitelendirebilecek ortak hi\u00e7bir \u015fey yok. T\u00fcm bilgileri ve zengin materyali inceledikten sonra \u015fu sonuca vard\u0131m: T\u00fcrk grubuna ait Orta Asya ve Altay sakinleri antropolojik olarak Mo\u011follar, ve biz, Anadolu sakinlerimiz, T\u00fcrk grubuna ait Kafkas \u0131rk\u0131y\u0131z. Elbette T\u00fcrkiye&#8217;de Mo\u011fol Anadolu T\u00fcrkleri var, ama onlar az\u0131nl\u0131k. O zaman \u015fu soru ortaya \u00e7\u0131k\u0131yor: Tek bir antropolojik ve \u0131rksal t\u00fcre ait de\u011filsek, o zaman akraba halklar oldu\u011fumuzu nas\u0131l iddia edebiliriz? Ve baz\u0131 politikac\u0131lar ve sanat\u00e7\u0131lar, \u00e7\u0131plak g\u00f6zle g\u00f6r\u00fclebilen d\u0131\u015fsal farkl\u0131l\u0131\u011f\u0131m\u0131za ra\u011fmen, abartarak, bizi kan karde\u015fler diy\u043erlar. Baz\u0131 tarih\u00e7iler Kafkasyal\u0131\u011f\u0131m\u0131z\u0131 Ermeniler, Yunanl\u0131lar, Slavlar vb. ile kar\u0131\u015ft\u0131rmakla a\u00e7\u0131klar.<\/p>\n<p>Ancak bu inand\u0131r\u0131c\u0131 gelmiyor, \u00e7\u00fcnk\u00fc kar\u0131\u015ft\u0131rma s\u0131ras\u0131nda \u0131rklar\u0131n baz\u0131 karakteristik \u00f6zellikleri, \u00f6rne\u011fin melezler ve metisler aras\u0131nda oldu\u011fu gibi korunur. T\u00fcrkiye&#8217;ye d\u00f6nd\u00fc\u011f\u00fcmde, 800 y\u0131l \u00f6nce Altay&#8217;dan Anadolu&#8217;ya gelen T\u00fcrk boylar\u0131n\u0131n torunlar\u0131n\u0131 bulmaya karar verdim. Tarihimize yeni bir bak\u0131\u015f a\u00e7\u0131s\u0131yla T\u00fcrkiye genelinde seyahatlerime ba\u015flad\u0131.\u00a0T\u00fcrk\u00e7e konu\u015fan halklar\u0131n ortak \u00f6zelliklerini bulmaya \u00e7al\u0131\u015ft\u0131m. M\u00fczik aletlerinin modlar\u0131n\u0131, melodi tasar\u0131mlar\u0131n\u0131, danslar\u0131, milli k\u0131yafetleri, t\u00f6renleri, gelenekleri, masallar\u0131 kar\u015f\u0131la\u015ft\u0131rd\u0131m. Tek kelimeyle &#8211; bir \u0131rk\u0131n, insanlar\u0131n, kabilenin \u00f6zelliklerini karakterize eden her \u015fey. Ortak \u00f6zellik yoktu! Ve T\u00fcrk olmad\u0131\u011f\u0131m\u0131z\u0131 anlad\u0131m! Benim i\u00e7in korkun\u00e7 bir \u015foktu. \u015eu soru benim can\u0131m\u0131 s\u0131kt\u0131: T\u00fcrk de\u011filsek biz kimiz? Ve T\u00fcrkler kim? Hem T\u00fcrk kaynaklar\u0131 ve eserleri, hem de yabanc\u0131 kaynaklar\u0131 inceleyerek (uzun zamand\u0131r yabanc\u0131 kaynaklar\u0131 ve eserleri kullanma f\u0131rsat\u0131m\u0131z olmad\u0131), T\u00fcrklerin Anadolu&#8217;da nas\u0131l ortaya \u00e7\u0131kt\u0131\u011f\u0131n\u0131 k\u0131saca anlataca\u011f\u0131m.<\/p>\n<p>12. y\u00fczy\u0131lda Altay ve Orta Asya&#8217;dan, tarihte ak ve kara koyunlu, o\u011fuz vb. adlar\u0131yla bilinen baz\u0131 T\u00fcrk boylar\u0131, bozk\u0131rlar\u0131nda kendileri ve ko\u00e7lar\u0131 i\u00e7in ge\u00e7im imk\u00e2n\u0131 bulamayarak g\u00fcneydo\u011fuya ta\u015f\u0131nm\u0131\u015flard\u0131r. \u00c7in topraklar\u0131na bask\u0131nlar ba\u015flad\u0131. Ve bu, \u00c7inlileri T\u00fcrk ak\u0131nlar\u0131ndan ve her t\u00fcrl\u00fc d\u0131\u015f etkiden korunmak i\u00e7in devasa bir duvar in\u015fa etmeye zorlad\u0131. \u00c7in duvar\u0131n\u0131n in\u015fas\u0131ndan sonra T\u00fcrklerin orada hayatta kalmas\u0131 imkans\u0131z oldu ve \u0130ran&#8217;a, Ermeni Yaylalar\u0131na ve K\u00fc\u00e7\u00fck Asya&#8217;ya ta\u015f\u0131nd\u0131lar.<\/p>\n<p>Resmi tarih yaz\u0131m\u0131m\u0131z Osmanl\u0131 \u0130mparatorlu\u011funu \u00e7ok olumlu bir \u015fekilde sunuyor. Bizim ders kitaplar\u0131m\u0131z b\u00fcy\u00fck Turan&#8217;\u0131n fikirleri, vatanseverlik, gururla dolu. Televizyon, Osmanl\u0131 \u0130mparatorlu\u011fu tarihini o kadar g\u00fczel g\u00f6steriyor ki, ger\u00e7ekli\u011fi d\u00fc\u015f\u00fcnemiyorsunuz bile. Ve atalar\u0131n\u0131z i\u00e7in gurur duyuyorsunuz. Bizde\u00a0b\u00f6yle yazarlar. Ve di\u011fer halklar\u0131n devletimizin olu\u015fumu hakk\u0131nda yazd\u0131klar\u0131ni bilmiyorduk ve yabanc\u0131 yazarlar\u0131n veya yabanc\u0131 kaynaklar\u0131n eserlerini kullanma giri\u015fimleri \u00e7ok riskliydi. Ancak daha sonra \u0130nternet ortaya \u00e7\u0131kt\u0131 ve t\u00fcm bilgiler kolayca bulunabilir hale geldi. Ve yabanc\u0131 kaynaklarda buldu\u011fum \u015feyler beni \u015fok ettiler. Birincisi T\u00fcrklere kar\u015f\u0131 nefrettir. B\u00fcy\u00fck Frans\u0131z Victor Hugo&#8217;nun T\u00fcrklerle ilgili s\u00f6zlerinden incindim ve k\u0131r\u0131ld\u0131m: &#8220;Y\u0131k\u0131m, \u00f6l\u00fcm, soygun ve \u015fiddet g\u00f6rd\u00fc\u011f\u00fcn\u00fcz yerde, oradan bir T\u00fcrk ge\u00e7ti\u011fini bilirsiniz.&#8221; Ama gittik\u00e7e Hugo&#8217;nun hakl\u0131 oldu\u011funa ikna oldum.<\/p>\n<p><em>Ba\u015fibuzuk &#8211; T\u00fcrk\u00e7eden terc\u00fcme &#8211; komutas\u0131z asker &#8211; milis<\/em><em><br \/>\n<\/em><br \/>\nSel\u00e7uklu T\u00fcrklerinin K\u00fc\u00e7\u00fck Asya ve Ermeni Yaylalara yerle\u015ftikleri g\u00fcnden itibaren demografi ile ilgili sorunlar ya\u015famaya ba\u015flad\u0131lar. Say\u0131s\u0131z sava\u015f ve kay\u0131ptan sonra, gen\u00e7, hen\u00fcz yeni ortaya \u00e7\u0131kan bir devlet askersiz kalabilip durumunu kaybedebilirdi. Ordunun do\u011fal bir \u015fekilde kendini yeniden yaratmas\u0131n\u0131n art\u0131k ger\u00e7ek olmad\u0131\u011f\u0131n\u0131 anlad\u0131lar. Sonra bu sorunu farkl\u0131 bir \u015fekilde \u00e7\u00f6zd\u00fcler. Ordunuzu ikmal etmenin en h\u0131zl\u0131 yolu, tebaan\u0131z\u0131n \u00e7ocuklar\u0131n\u0131 almakt\u0131r.<\/p>\n<p>T\u00fcrkiye&#8217;de ya\u015fayan H\u0131ristiyan halklar\u0131n t\u00fcrkle\u015ftirilmesi \u00e7ok ac\u0131mas\u0131z bir \u015fekilde ger\u00e7ekle\u015fti.\u00a0Pek \u00e7ok H\u0131ristiyan &#8211; Rumlar, Ermeniler, Slavlar, Asuriler &#8211; o d\u00f6nemin b\u00fcy\u00fck vergilerini \u00f6deyemediler. Devlet, do\u011fal \u00fcr\u00fcnlere ek olarak para da ald\u0131 ve k\u00f6yl\u00fclerin paras\u0131 yoktu. Ticaret m\u00fcbadele y\u00f6ntemiyle yap\u0131ld\u0131. Vergi \u00f6deyemeyen H\u0131ristiyanlar fiziksel olarak istismar edildi ya da idam edildi, \u00e7ocuklar\u0131 ve e\u015fleri ise vergi yerine g\u00f6t\u00fcr\u00fcld\u00fc. Bir\u00e7o\u011fu \u0130slam&#8217;a ge\u00e7mek zorunda kald\u0131. Giderek H\u0131ristiyanlar \u00fclkeyi terk etti. \u00d6te yandan, zamanla, \u00e7o\u011fu T\u00fcrk\u00e7e konu\u015fan ve bir s\u00fcre sonra &#8211; T\u00fcrkler oldu.<\/p>\n<p>B\u00fct\u00fcn bu ger\u00e7ekler uzun zamand\u0131r herkes taraf\u0131ndan biliniyor, ancak T\u00fcrkiye&#8217;de ya\u015fayanlar taraf\u0131ndan bilinmemektedir. Resmi yorumlama s\u00fcrecinden en ufak bir sapma i\u00e7in, yetkililer a\u011f\u0131r \u015fekilde cezaland\u0131r\u0131yorlar. Prensipleri: Osmanl\u0131 \u0130mparatorlu\u011fu hakk\u0131nda iyi ya da hi\u00e7 bir \u015fey&#8230;<\/p>\n<p>T\u00fcrkiye halklar\u0131n\u0131n kitlesel T\u00fcrkle\u015ftirme politikas\u0131, hem Sel\u00e7uklular, Osmanl\u0131lar hem de T\u00fcrkiye Cumhuriyeti i\u00e7in b\u00fcy\u00fck bir siyasi \u00f6nem ta\u015f\u0131yor; \u00e7\u00fcnk\u00fc K\u00fc\u00e7\u00fck Asya ve Ermeni Yaylalar\u0131n\u0131n \u00a0yerli halklar\u0131n\u0131n etnik kimli\u011finin canlanmas\u0131 T\u00fcrkiye&#8217;nin \u00f6l\u00fcm\u00fcne yol a\u00e7acakt\u0131r.<\/p>\n<p>T\u00fcrkiye&#8217;de safkan T\u00fcrk olmad\u0131g\u0131n\u0131 demiyorum. Tabii ki var. Bug\u00fcn Sel\u00e7uklular\u0131n ve T\u00fcrkmenlerin miras\u00e7\u0131lar\u0131 &#8211; nispeten safkan Mo\u011fol T\u00fcrkleri &#8211; T\u00fcrkiye&#8217;nin baz\u0131 b\u00f6lgelerinde ya\u015f\u0131yor. Do\u011fal olarak tamamen ortadan kalkamad\u0131lar.<\/p>\n<p>A\u00e7\u0131k\u00e7as\u0131, Sel\u00e7uklular\u0131n torunlar\u0131 olduklar\u0131 i\u00e7in su\u00e7lanmamalar\u0131 ve atalar\u0131n\u0131n zalimce davran\u0131\u015flar\u0131ndan sorumlu olmamalar\u0131 gerekti\u011fi i\u00e7in kompakt ikamet yerlerini belirtmek istemiyorum. Biz tek bir \u00fclkenin vatanda\u015flar\u0131y\u0131z ve etnik kimlik yolundaki yurtta\u015flar\u0131m\u0131zdan herhangi biri k\u00f6klerini, atalar\u0131n\u0131n ruhunu tan\u0131r, kabul eder ve sayg\u0131 duyarsa ve onlar\u0131n an\u0131s\u0131n\u0131 onurland\u0131r\u0131rsa, o zaman etnik k\u00f6ken se\u00e7mek\u00a0konusunda \u00f6zg\u00fcrd\u00fcr. Bu fikir bir\u00e7oklar\u0131 i\u00e7in g\u00fcl\u00fcn\u00e7 veya k\u0131\u015fk\u0131rt\u0131c\u0131 g\u00f6r\u00fcnebilir, \u00e7\u00fcnk\u00fc bir peri masal\u0131 canavar\u0131 gibi \u00e7ok b\u00fcy\u00fck korku i\u00e7imizde oturuyor. T\u00fcrkle\u015ftirilmi\u015f babalar\u0131m\u0131zdan ve b\u00fcy\u00fckbabalar\u0131m\u0131zdan bize ge\u00e7en bu korku, hala bilin\u00e7alt\u0131m\u0131zda ya\u015f\u0131yor.<\/p>\n<p>Bence \u015fimdi ba\u015fka zamanlar geldi. Bu korku y\u00fck\u00fcn\u00fc bir kenara at\u0131p ger\u00e7ekle cesurca y\u00fczle\u015fmenin zaman\u0131 geldi. Bu ger\u00e7ek, orijinal k\u00f6klerinizi yeniden ke\u015ffetmekle ilgilidir. Bug\u00fcn T\u00fcrkiye&#8217;de, en \u00fcst d\u00fczey memurlardan s\u0131radan vatanda\u015flara kadar herkesin bir etnik kimlik sorunu var.<\/p>\n<p>Bir\u00e7ok insan soracak: Neden tam \u015fimdi etnik kimlikten bahsediyorum? Cevap vereyim. Son zamanlarda, daha \u00e7ok, daha s\u0131k ve daha cesurca Ermeni halk\u0131n\u0131n soyk\u0131r\u0131m\u0131n\u0131n yan\u0131 s\u0131ra Yunan, S\u00fcryani ve hatta K\u00fcrt halklar\u0131n\u0131n soyk\u0131r\u0131mlar\u0131 hakk\u0131nda konu\u015fmaya ba\u015flad\u0131. \u00c7evremizde Ermeni, Rum, S\u00fcryani, Slav k\u00f6kenlerini gizlemeyen insan say\u0131s\u0131 g\u00fcn ge\u00e7tik\u00e7e art\u0131yor. Fethiye \u00c7etin&#8217;in hikayesi t\u00fcm T\u00fcrkiye&#8217;yi sarst\u0131. Ve bu \u015fekilde daha ka\u00e7 Ermeni k\u0131z tehcir s\u0131ras\u0131nda zorla ka\u00e7\u0131r\u0131l\u0131p sonra t\u00fcrkle\u015ftirildi &#8230;<\/p>\n<p>Yurtta\u015flar\u0131ma hitap ediyorum. Sevgililerim benim, aile hikayeninizi yaz\u0131n, sorumluluk duygusu ile d\u00fcr\u00fcst ve \u015fefkatle yaz\u0131n. Atalar\u0131m\u0131z\u0131n ruhlar\u0131 huzursuzdur ve Evrenin sonsuz geni\u015fli\u011finde dola\u015f\u0131r. Ailelerini, \u00e7ocuklar\u0131n\u0131 ve torunlar\u0131n\u0131 kurtarmak i\u00e7in dini de\u011fi\u015ftirdiler. Aksi halde, sen ve ben olmazd\u0131k. Atalar\u0131m\u0131z\u0131n hat\u0131ras\u0131 k\u00f6klerimize d\u00f6n\u00fc\u015f\u00fc gerektirir.<\/p>\n<p><em><strong>https:\/\/aftershock.news\/?q=node%2F388643&amp;fbclid=IwAR09VYjCIAZqyGhpDAl7axhmoUtUDna7niV4IVRLDMzibpRd-5FshKE81zc<\/strong><\/em><\/p>\n<p><strong><em>Profes\u00f6r Mahturk<\/em><\/strong><\/p>\n<p>&nbsp;<\/p>\n","protected":false},"excerpt":{"rendered":"<p>Yakutsk \u015fehrinin forumundan 2014&#8217;te yay\u0131nlanm\u0131\u015f (orijinal 2011) bir makale http:\/\/forum.ykt.ru\/viewmsg.jsp?id=29906303 \u041e\u043d\u0434\u0430\u0442\u0440\u0430 -\u0431\u0430\u0440\u0441 \u0439\u043e\u0445\u0442\u0443\u0440 \u0442\u0430\u0431\u0430\u0440\u044b\u0441\u0442\u0430\u0440! Leopar\u00a0i\u00e7in\u00a0misk\u00a0s\u0131\u00e7an\u0131\u00a0arkada\u015f\u00a0de\u011fil! (t\u00fcrk\u00a0atas\u00f6z\u00fc) K\u00fcreselle\u015fme\u00a0s\u00fcreci\u00a0bir\u00e7ok\u00a0engeli\u00a0tamamen\u00a0ortadan\u00a0kald\u0131rd\u0131\u00a0ve\u00a0bir\u00e7ok\u00a0insana\u00a0\u00f6zg\u00fcrl\u00fck\u00a0ruhunu\u00a0verdi,\u00a0onlar\u0131\u00a0kendi\u00a0haklar\u0131\u00a0i\u00e7in\u00a0sava\u015fmaya\u00a0sevk\u00a0etti.\u00a0Bir\u00e7ok\u00a0\u00fclke\u00a0da\u011f\u0131ld\u0131:\u00a0SSCB,\u00a0Yugoslavya. \u015eimdi\u00a0Irak\u00a0da\u00a0buna\u00a0do\u011fru\u00a0gidiyor.\u00a0K\u00fcreselle\u015fme\u00a0etnik\u00a0kimlik\u00a0alg\u0131s\u0131na\u00a0kar\u015f\u0131\u00a0tehdit\u00a0olu\u015fturur.\u00a0K\u00fcreselle\u015fme\u00a0s\u00fcrecinin\u00a0hem\u00a0olumlu\u00a0hem\u00a0de\u00a0olumsuz\u00a0yanlar\u0131\u00a0vard\u0131r.\u00a0Olumsuz\u00a0olan\u00a0ise,\u00a0bu\u00a0s\u00fcrecin\u00a0aile,\u00a0din\u00a0geleneklerini\u00a0yok\u00a0edebilmesi\u00a0ve\u00a0d\u00fcnyay\u0131\u00a0kolayl\u0131kla\u00a0kontrol\u00a0edilebilen,\u00a0y\u00fcz\u00fc\u00a0olmayan\u00a0monoton\u00a0bir\u00a0kitleyed\u00f6n\u00fc\u015ft\u00fcrebilmesidir. \u00d6zellikle\u00a0Avrupa,\u00a0T\u00fcrkiye&#8217;den\u00a0mevzuat\u0131m\u0131z\u0131n\u00a0301.\u00a0maddesinin\u00a0de\u011fi\u015ftirilmesini\u00a0talep\u00a0ettikten\u00a0sonra,\u00a0t\u00fcrk\u00a0halk\u0131n\u0131n\u00a0bir\u00a0o\u011flu\u00a0olarak\u00a0ben\u00a0bunu\u00a0hep\u00a0i\u00e7ten\u00a0protesto\u00a0ettim.\u00a0Ama bu hayat\u0131mda \u00e7ok \u015fey de\u011fi\u015fti. Ben bir etnograf\u0131m, ve onlarca y\u0131ld\u0131r antik ve modern mimari, \u015fark\u0131lar ve danslar\u0131, milli kost\u00fcmleri, g\u00fcnl\u00fck ya\u015fam\u0131, d\u00fc\u011f\u00fcn t\u00f6renlerini, cenaze t\u00f6renlerini, mutfag\u0131, T\u00fcrk evlerinin yap\u0131m\u0131n\u0131n i\u00e7 ve d\u0131\u015f \u00f6zelliklerini vb. inceledim. [&hellip;]<\/p>\n","protected":false},"author":7,"featured_media":60180,"comment_status":"open","ping_status":"open","sticky":false,"template":"","format":"standard","meta":{"footnotes":""},"categories":[1,70],"tags":[],"class_list":["post-60179","post","type-post","status-publish","format-standard","has-post-thumbnail","hentry","category-haberler","category-makaleler"],"yoast_head":"<!-- This site is optimized with the Yoast SEO plugin v27.4 - https:\/\/yoast.com\/product\/yoast-seo-wordpress\/ -->\n<title>Bir T\u00fcrk etnograf profes\u00f6r\u00fc Sibirya&#039;daki hayali, ger\u00e7ek olmayan &quot;T\u00fcrk karde\u015fleri&quot; hakk\u0131nda ne d\u00fc\u015f\u00fcn\u00fcyor? - Bati Ermenistan Ve Bati Ermenileri Sorunlari Ara\u015ftirmalar Merkezi<\/title>\n<meta name=\"robots\" content=\"index, follow, max-snippet:-1, max-image-preview:large, max-video-preview:-1\" \/>\n<link rel=\"canonical\" href=\"https:\/\/akunq.net\/tr\/?p=60179\" \/>\n<meta property=\"og:locale\" content=\"en_US\" \/>\n<meta property=\"og:type\" content=\"article\" \/>\n<meta property=\"og:title\" content=\"Bir T\u00fcrk etnograf profes\u00f6r\u00fc Sibirya&#039;daki hayali, ger\u00e7ek olmayan &quot;T\u00fcrk karde\u015fleri&quot; hakk\u0131nda ne d\u00fc\u015f\u00fcn\u00fcyor? - Bati Ermenistan Ve Bati Ermenileri Sorunlari Ara\u015ftirmalar Merkezi\" \/>\n<meta property=\"og:description\" content=\"Yakutsk \u015fehrinin forumundan 2014&#8217;te yay\u0131nlanm\u0131\u015f (orijinal 2011) bir makale http:\/\/forum.ykt.ru\/viewmsg.jsp?id=29906303 \u041e\u043d\u0434\u0430\u0442\u0440\u0430 -\u0431\u0430\u0440\u0441 \u0439\u043e\u0445\u0442\u0443\u0440 \u0442\u0430\u0431\u0430\u0440\u044b\u0441\u0442\u0430\u0440! Leopar\u00a0i\u00e7in\u00a0misk\u00a0s\u0131\u00e7an\u0131\u00a0arkada\u015f\u00a0de\u011fil! (t\u00fcrk\u00a0atas\u00f6z\u00fc) K\u00fcreselle\u015fme\u00a0s\u00fcreci\u00a0bir\u00e7ok\u00a0engeli\u00a0tamamen\u00a0ortadan\u00a0kald\u0131rd\u0131\u00a0ve\u00a0bir\u00e7ok\u00a0insana\u00a0\u00f6zg\u00fcrl\u00fck\u00a0ruhunu\u00a0verdi,\u00a0onlar\u0131\u00a0kendi\u00a0haklar\u0131\u00a0i\u00e7in\u00a0sava\u015fmaya\u00a0sevk\u00a0etti.\u00a0Bir\u00e7ok\u00a0\u00fclke\u00a0da\u011f\u0131ld\u0131:\u00a0SSCB,\u00a0Yugoslavya. \u015eimdi\u00a0Irak\u00a0da\u00a0buna\u00a0do\u011fru\u00a0gidiyor.\u00a0K\u00fcreselle\u015fme\u00a0etnik\u00a0kimlik\u00a0alg\u0131s\u0131na\u00a0kar\u015f\u0131\u00a0tehdit\u00a0olu\u015fturur.\u00a0K\u00fcreselle\u015fme\u00a0s\u00fcrecinin\u00a0hem\u00a0olumlu\u00a0hem\u00a0de\u00a0olumsuz\u00a0yanlar\u0131\u00a0vard\u0131r.\u00a0Olumsuz\u00a0olan\u00a0ise,\u00a0bu\u00a0s\u00fcrecin\u00a0aile,\u00a0din\u00a0geleneklerini\u00a0yok\u00a0edebilmesi\u00a0ve\u00a0d\u00fcnyay\u0131\u00a0kolayl\u0131kla\u00a0kontrol\u00a0edilebilen,\u00a0y\u00fcz\u00fc\u00a0olmayan\u00a0monoton\u00a0bir\u00a0kitleyed\u00f6n\u00fc\u015ft\u00fcrebilmesidir. \u00d6zellikle\u00a0Avrupa,\u00a0T\u00fcrkiye&#8217;den\u00a0mevzuat\u0131m\u0131z\u0131n\u00a0301.\u00a0maddesinin\u00a0de\u011fi\u015ftirilmesini\u00a0talep\u00a0ettikten\u00a0sonra,\u00a0t\u00fcrk\u00a0halk\u0131n\u0131n\u00a0bir\u00a0o\u011flu\u00a0olarak\u00a0ben\u00a0bunu\u00a0hep\u00a0i\u00e7ten\u00a0protesto\u00a0ettim.\u00a0Ama bu hayat\u0131mda \u00e7ok \u015fey de\u011fi\u015fti. Ben bir etnograf\u0131m, ve onlarca y\u0131ld\u0131r antik ve modern mimari, \u015fark\u0131lar ve danslar\u0131, milli kost\u00fcmleri, g\u00fcnl\u00fck ya\u015fam\u0131, d\u00fc\u011f\u00fcn t\u00f6renlerini, cenaze t\u00f6renlerini, mutfag\u0131, T\u00fcrk evlerinin yap\u0131m\u0131n\u0131n i\u00e7 ve d\u0131\u015f \u00f6zelliklerini vb. inceledim. [&hellip;]\" \/>\n<meta property=\"og:url\" content=\"https:\/\/akunq.net\/tr\/?p=60179\" \/>\n<meta property=\"og:site_name\" content=\"Bati Ermenistan Ve Bati Ermenileri Sorunlari Ara\u015ftirmalar Merkezi\" \/>\n<meta property=\"article:published_time\" content=\"2020-11-16T12:09:04+00:00\" \/>\n<meta property=\"article:modified_time\" content=\"2021-12-20T06:50:11+00:00\" \/>\n<meta property=\"og:image\" content=\"https:\/\/akunq.net\/tr\/wp-content\/uploads\/sites\/6\/2020\/11\/Turk.jpg\" \/>\n\t<meta property=\"og:image:width\" content=\"640\" \/>\n\t<meta property=\"og:image:height\" content=\"423\" \/>\n\t<meta property=\"og:image:type\" content=\"image\/jpeg\" \/>\n<meta name=\"author\" content=\"admin\" \/>\n<meta name=\"twitter:card\" content=\"summary_large_image\" \/>\n<meta name=\"twitter:label1\" content=\"Written by\" \/>\n\t<meta name=\"twitter:data1\" content=\"admin\" \/>\n\t<meta name=\"twitter:label2\" content=\"Est. reading time\" \/>\n\t<meta name=\"twitter:data2\" content=\"10 minutes\" \/>\n<script type=\"application\/ld+json\" class=\"yoast-schema-graph\">{\"@context\":\"https:\\\/\\\/schema.org\",\"@graph\":[{\"@type\":\"Article\",\"@id\":\"https:\\\/\\\/akunq.net\\\/tr\\\/?p=60179#article\",\"isPartOf\":{\"@id\":\"https:\\\/\\\/akunq.net\\\/tr\\\/?p=60179\"},\"author\":{\"name\":\"admin\",\"@id\":\"https:\\\/\\\/akunq.net\\\/tr\\\/#\\\/schema\\\/person\\\/096f1d38a12cce57fb855b485ed24c9e\"},\"headline\":\"Bir T\u00fcrk etnograf profes\u00f6r\u00fc Sibirya&#8217;daki hayali, ger\u00e7ek olmayan &#8220;T\u00fcrk karde\u015fleri&#8221; hakk\u0131nda ne d\u00fc\u015f\u00fcn\u00fcyor?\",\"datePublished\":\"2020-11-16T12:09:04+00:00\",\"dateModified\":\"2021-12-20T06:50:11+00:00\",\"mainEntityOfPage\":{\"@id\":\"https:\\\/\\\/akunq.net\\\/tr\\\/?p=60179\"},\"wordCount\":2110,\"commentCount\":0,\"image\":{\"@id\":\"https:\\\/\\\/akunq.net\\\/tr\\\/?p=60179#primaryimage\"},\"thumbnailUrl\":\"https:\\\/\\\/akunq.net\\\/tr\\\/wp-content\\\/uploads\\\/sites\\\/6\\\/2020\\\/11\\\/Turk.jpg\",\"articleSection\":[\"Haberler\",\"Makaleler\"],\"inLanguage\":\"en-US\",\"potentialAction\":[{\"@type\":\"CommentAction\",\"name\":\"Comment\",\"target\":[\"https:\\\/\\\/akunq.net\\\/tr\\\/?p=60179#respond\"]}]},{\"@type\":\"WebPage\",\"@id\":\"https:\\\/\\\/akunq.net\\\/tr\\\/?p=60179\",\"url\":\"https:\\\/\\\/akunq.net\\\/tr\\\/?p=60179\",\"name\":\"Bir T\u00fcrk etnograf profes\u00f6r\u00fc Sibirya'daki hayali, ger\u00e7ek olmayan \\\"T\u00fcrk karde\u015fleri\\\" hakk\u0131nda ne d\u00fc\u015f\u00fcn\u00fcyor? - Bati Ermenistan Ve Bati Ermenileri Sorunlari Ara\u015ftirmalar Merkezi\",\"isPartOf\":{\"@id\":\"https:\\\/\\\/akunq.net\\\/tr\\\/#website\"},\"primaryImageOfPage\":{\"@id\":\"https:\\\/\\\/akunq.net\\\/tr\\\/?p=60179#primaryimage\"},\"image\":{\"@id\":\"https:\\\/\\\/akunq.net\\\/tr\\\/?p=60179#primaryimage\"},\"thumbnailUrl\":\"https:\\\/\\\/akunq.net\\\/tr\\\/wp-content\\\/uploads\\\/sites\\\/6\\\/2020\\\/11\\\/Turk.jpg\",\"datePublished\":\"2020-11-16T12:09:04+00:00\",\"dateModified\":\"2021-12-20T06:50:11+00:00\",\"author\":{\"@id\":\"https:\\\/\\\/akunq.net\\\/tr\\\/#\\\/schema\\\/person\\\/096f1d38a12cce57fb855b485ed24c9e\"},\"breadcrumb\":{\"@id\":\"https:\\\/\\\/akunq.net\\\/tr\\\/?p=60179#breadcrumb\"},\"inLanguage\":\"en-US\",\"potentialAction\":[{\"@type\":\"ReadAction\",\"target\":[\"https:\\\/\\\/akunq.net\\\/tr\\\/?p=60179\"]}]},{\"@type\":\"ImageObject\",\"inLanguage\":\"en-US\",\"@id\":\"https:\\\/\\\/akunq.net\\\/tr\\\/?p=60179#primaryimage\",\"url\":\"https:\\\/\\\/akunq.net\\\/tr\\\/wp-content\\\/uploads\\\/sites\\\/6\\\/2020\\\/11\\\/Turk.jpg\",\"contentUrl\":\"https:\\\/\\\/akunq.net\\\/tr\\\/wp-content\\\/uploads\\\/sites\\\/6\\\/2020\\\/11\\\/Turk.jpg\",\"width\":640,\"height\":423},{\"@type\":\"BreadcrumbList\",\"@id\":\"https:\\\/\\\/akunq.net\\\/tr\\\/?p=60179#breadcrumb\",\"itemListElement\":[{\"@type\":\"ListItem\",\"position\":1,\"name\":\"Home\",\"item\":\"https:\\\/\\\/akunq.net\\\/tr\"},{\"@type\":\"ListItem\",\"position\":2,\"name\":\"Bir T\u00fcrk etnograf profes\u00f6r\u00fc Sibirya&#8217;daki hayali, ger\u00e7ek olmayan &#8220;T\u00fcrk karde\u015fleri&#8221; hakk\u0131nda ne d\u00fc\u015f\u00fcn\u00fcyor?\"}]},{\"@type\":\"WebSite\",\"@id\":\"https:\\\/\\\/akunq.net\\\/tr\\\/#website\",\"url\":\"https:\\\/\\\/akunq.net\\\/tr\\\/\",\"name\":\"Bati Ermenistan Ve Bati Ermenileri Sorunlari Ara\u015ftirmalar Merkezi\",\"description\":\"\",\"potentialAction\":[{\"@type\":\"SearchAction\",\"target\":{\"@type\":\"EntryPoint\",\"urlTemplate\":\"https:\\\/\\\/akunq.net\\\/tr\\\/?s={search_term_string}\"},\"query-input\":{\"@type\":\"PropertyValueSpecification\",\"valueRequired\":true,\"valueName\":\"search_term_string\"}}],\"inLanguage\":\"en-US\"},{\"@type\":\"Person\",\"@id\":\"https:\\\/\\\/akunq.net\\\/tr\\\/#\\\/schema\\\/person\\\/096f1d38a12cce57fb855b485ed24c9e\",\"name\":\"admin\",\"url\":\"https:\\\/\\\/akunq.net\\\/tr\\\/?author=7\"}]}<\/script>\n<!-- \/ Yoast SEO plugin. -->","yoast_head_json":{"title":"Bir T\u00fcrk etnograf profes\u00f6r\u00fc Sibirya'daki hayali, ger\u00e7ek olmayan \"T\u00fcrk karde\u015fleri\" hakk\u0131nda ne d\u00fc\u015f\u00fcn\u00fcyor? - Bati Ermenistan Ve Bati Ermenileri Sorunlari Ara\u015ftirmalar Merkezi","robots":{"index":"index","follow":"follow","max-snippet":"max-snippet:-1","max-image-preview":"max-image-preview:large","max-video-preview":"max-video-preview:-1"},"canonical":"https:\/\/akunq.net\/tr\/?p=60179","og_locale":"en_US","og_type":"article","og_title":"Bir T\u00fcrk etnograf profes\u00f6r\u00fc Sibirya'daki hayali, ger\u00e7ek olmayan \"T\u00fcrk karde\u015fleri\" hakk\u0131nda ne d\u00fc\u015f\u00fcn\u00fcyor? - Bati Ermenistan Ve Bati Ermenileri Sorunlari Ara\u015ftirmalar Merkezi","og_description":"Yakutsk \u015fehrinin forumundan 2014&#8217;te yay\u0131nlanm\u0131\u015f (orijinal 2011) bir makale http:\/\/forum.ykt.ru\/viewmsg.jsp?id=29906303 \u041e\u043d\u0434\u0430\u0442\u0440\u0430 -\u0431\u0430\u0440\u0441 \u0439\u043e\u0445\u0442\u0443\u0440 \u0442\u0430\u0431\u0430\u0440\u044b\u0441\u0442\u0430\u0440! Leopar\u00a0i\u00e7in\u00a0misk\u00a0s\u0131\u00e7an\u0131\u00a0arkada\u015f\u00a0de\u011fil! (t\u00fcrk\u00a0atas\u00f6z\u00fc) K\u00fcreselle\u015fme\u00a0s\u00fcreci\u00a0bir\u00e7ok\u00a0engeli\u00a0tamamen\u00a0ortadan\u00a0kald\u0131rd\u0131\u00a0ve\u00a0bir\u00e7ok\u00a0insana\u00a0\u00f6zg\u00fcrl\u00fck\u00a0ruhunu\u00a0verdi,\u00a0onlar\u0131\u00a0kendi\u00a0haklar\u0131\u00a0i\u00e7in\u00a0sava\u015fmaya\u00a0sevk\u00a0etti.\u00a0Bir\u00e7ok\u00a0\u00fclke\u00a0da\u011f\u0131ld\u0131:\u00a0SSCB,\u00a0Yugoslavya. \u015eimdi\u00a0Irak\u00a0da\u00a0buna\u00a0do\u011fru\u00a0gidiyor.\u00a0K\u00fcreselle\u015fme\u00a0etnik\u00a0kimlik\u00a0alg\u0131s\u0131na\u00a0kar\u015f\u0131\u00a0tehdit\u00a0olu\u015fturur.\u00a0K\u00fcreselle\u015fme\u00a0s\u00fcrecinin\u00a0hem\u00a0olumlu\u00a0hem\u00a0de\u00a0olumsuz\u00a0yanlar\u0131\u00a0vard\u0131r.\u00a0Olumsuz\u00a0olan\u00a0ise,\u00a0bu\u00a0s\u00fcrecin\u00a0aile,\u00a0din\u00a0geleneklerini\u00a0yok\u00a0edebilmesi\u00a0ve\u00a0d\u00fcnyay\u0131\u00a0kolayl\u0131kla\u00a0kontrol\u00a0edilebilen,\u00a0y\u00fcz\u00fc\u00a0olmayan\u00a0monoton\u00a0bir\u00a0kitleyed\u00f6n\u00fc\u015ft\u00fcrebilmesidir. \u00d6zellikle\u00a0Avrupa,\u00a0T\u00fcrkiye&#8217;den\u00a0mevzuat\u0131m\u0131z\u0131n\u00a0301.\u00a0maddesinin\u00a0de\u011fi\u015ftirilmesini\u00a0talep\u00a0ettikten\u00a0sonra,\u00a0t\u00fcrk\u00a0halk\u0131n\u0131n\u00a0bir\u00a0o\u011flu\u00a0olarak\u00a0ben\u00a0bunu\u00a0hep\u00a0i\u00e7ten\u00a0protesto\u00a0ettim.\u00a0Ama bu hayat\u0131mda \u00e7ok \u015fey de\u011fi\u015fti. Ben bir etnograf\u0131m, ve onlarca y\u0131ld\u0131r antik ve modern mimari, \u015fark\u0131lar ve danslar\u0131, milli kost\u00fcmleri, g\u00fcnl\u00fck ya\u015fam\u0131, d\u00fc\u011f\u00fcn t\u00f6renlerini, cenaze t\u00f6renlerini, mutfag\u0131, T\u00fcrk evlerinin yap\u0131m\u0131n\u0131n i\u00e7 ve d\u0131\u015f \u00f6zelliklerini vb. inceledim. [&hellip;]","og_url":"https:\/\/akunq.net\/tr\/?p=60179","og_site_name":"Bati Ermenistan Ve Bati Ermenileri Sorunlari Ara\u015ftirmalar Merkezi","article_published_time":"2020-11-16T12:09:04+00:00","article_modified_time":"2021-12-20T06:50:11+00:00","og_image":[{"width":640,"height":423,"url":"https:\/\/akunq.net\/tr\/wp-content\/uploads\/sites\/6\/2020\/11\/Turk.jpg","type":"image\/jpeg"}],"author":"admin","twitter_card":"summary_large_image","twitter_misc":{"Written by":"admin","Est. reading time":"10 minutes"},"schema":{"@context":"https:\/\/schema.org","@graph":[{"@type":"Article","@id":"https:\/\/akunq.net\/tr\/?p=60179#article","isPartOf":{"@id":"https:\/\/akunq.net\/tr\/?p=60179"},"author":{"name":"admin","@id":"https:\/\/akunq.net\/tr\/#\/schema\/person\/096f1d38a12cce57fb855b485ed24c9e"},"headline":"Bir T\u00fcrk etnograf profes\u00f6r\u00fc Sibirya&#8217;daki hayali, ger\u00e7ek olmayan &#8220;T\u00fcrk karde\u015fleri&#8221; hakk\u0131nda ne d\u00fc\u015f\u00fcn\u00fcyor?","datePublished":"2020-11-16T12:09:04+00:00","dateModified":"2021-12-20T06:50:11+00:00","mainEntityOfPage":{"@id":"https:\/\/akunq.net\/tr\/?p=60179"},"wordCount":2110,"commentCount":0,"image":{"@id":"https:\/\/akunq.net\/tr\/?p=60179#primaryimage"},"thumbnailUrl":"https:\/\/akunq.net\/tr\/wp-content\/uploads\/sites\/6\/2020\/11\/Turk.jpg","articleSection":["Haberler","Makaleler"],"inLanguage":"en-US","potentialAction":[{"@type":"CommentAction","name":"Comment","target":["https:\/\/akunq.net\/tr\/?p=60179#respond"]}]},{"@type":"WebPage","@id":"https:\/\/akunq.net\/tr\/?p=60179","url":"https:\/\/akunq.net\/tr\/?p=60179","name":"Bir T\u00fcrk etnograf profes\u00f6r\u00fc Sibirya'daki hayali, ger\u00e7ek olmayan \"T\u00fcrk karde\u015fleri\" hakk\u0131nda ne d\u00fc\u015f\u00fcn\u00fcyor? - Bati Ermenistan Ve Bati Ermenileri Sorunlari Ara\u015ftirmalar Merkezi","isPartOf":{"@id":"https:\/\/akunq.net\/tr\/#website"},"primaryImageOfPage":{"@id":"https:\/\/akunq.net\/tr\/?p=60179#primaryimage"},"image":{"@id":"https:\/\/akunq.net\/tr\/?p=60179#primaryimage"},"thumbnailUrl":"https:\/\/akunq.net\/tr\/wp-content\/uploads\/sites\/6\/2020\/11\/Turk.jpg","datePublished":"2020-11-16T12:09:04+00:00","dateModified":"2021-12-20T06:50:11+00:00","author":{"@id":"https:\/\/akunq.net\/tr\/#\/schema\/person\/096f1d38a12cce57fb855b485ed24c9e"},"breadcrumb":{"@id":"https:\/\/akunq.net\/tr\/?p=60179#breadcrumb"},"inLanguage":"en-US","potentialAction":[{"@type":"ReadAction","target":["https:\/\/akunq.net\/tr\/?p=60179"]}]},{"@type":"ImageObject","inLanguage":"en-US","@id":"https:\/\/akunq.net\/tr\/?p=60179#primaryimage","url":"https:\/\/akunq.net\/tr\/wp-content\/uploads\/sites\/6\/2020\/11\/Turk.jpg","contentUrl":"https:\/\/akunq.net\/tr\/wp-content\/uploads\/sites\/6\/2020\/11\/Turk.jpg","width":640,"height":423},{"@type":"BreadcrumbList","@id":"https:\/\/akunq.net\/tr\/?p=60179#breadcrumb","itemListElement":[{"@type":"ListItem","position":1,"name":"Home","item":"https:\/\/akunq.net\/tr"},{"@type":"ListItem","position":2,"name":"Bir T\u00fcrk etnograf profes\u00f6r\u00fc Sibirya&#8217;daki hayali, ger\u00e7ek olmayan &#8220;T\u00fcrk karde\u015fleri&#8221; hakk\u0131nda ne d\u00fc\u015f\u00fcn\u00fcyor?"}]},{"@type":"WebSite","@id":"https:\/\/akunq.net\/tr\/#website","url":"https:\/\/akunq.net\/tr\/","name":"Bati Ermenistan Ve Bati Ermenileri Sorunlari Ara\u015ftirmalar Merkezi","description":"","potentialAction":[{"@type":"SearchAction","target":{"@type":"EntryPoint","urlTemplate":"https:\/\/akunq.net\/tr\/?s={search_term_string}"},"query-input":{"@type":"PropertyValueSpecification","valueRequired":true,"valueName":"search_term_string"}}],"inLanguage":"en-US"},{"@type":"Person","@id":"https:\/\/akunq.net\/tr\/#\/schema\/person\/096f1d38a12cce57fb855b485ed24c9e","name":"admin","url":"https:\/\/akunq.net\/tr\/?author=7"}]}},"_links":{"self":[{"href":"https:\/\/akunq.net\/tr\/index.php?rest_route=\/wp\/v2\/posts\/60179","targetHints":{"allow":["GET"]}}],"collection":[{"href":"https:\/\/akunq.net\/tr\/index.php?rest_route=\/wp\/v2\/posts"}],"about":[{"href":"https:\/\/akunq.net\/tr\/index.php?rest_route=\/wp\/v2\/types\/post"}],"author":[{"embeddable":true,"href":"https:\/\/akunq.net\/tr\/index.php?rest_route=\/wp\/v2\/users\/7"}],"replies":[{"embeddable":true,"href":"https:\/\/akunq.net\/tr\/index.php?rest_route=%2Fwp%2Fv2%2Fcomments&post=60179"}],"version-history":[{"count":3,"href":"https:\/\/akunq.net\/tr\/index.php?rest_route=\/wp\/v2\/posts\/60179\/revisions"}],"predecessor-version":[{"id":66309,"href":"https:\/\/akunq.net\/tr\/index.php?rest_route=\/wp\/v2\/posts\/60179\/revisions\/66309"}],"wp:featuredmedia":[{"embeddable":true,"href":"https:\/\/akunq.net\/tr\/index.php?rest_route=\/wp\/v2\/media\/60180"}],"wp:attachment":[{"href":"https:\/\/akunq.net\/tr\/index.php?rest_route=%2Fwp%2Fv2%2Fmedia&parent=60179"}],"wp:term":[{"taxonomy":"category","embeddable":true,"href":"https:\/\/akunq.net\/tr\/index.php?rest_route=%2Fwp%2Fv2%2Fcategories&post=60179"},{"taxonomy":"post_tag","embeddable":true,"href":"https:\/\/akunq.net\/tr\/index.php?rest_route=%2Fwp%2Fv2%2Ftags&post=60179"}],"curies":[{"name":"wp","href":"https:\/\/api.w.org\/{rel}","templated":true}]}}