{"id":60163,"date":"2020-11-16T03:11:44","date_gmt":"2020-11-16T08:11:44","guid":{"rendered":"https:\/\/akunq.net\/tr\/?p=60163"},"modified":"2020-11-16T03:11:44","modified_gmt":"2020-11-16T08:11:44","slug":"ermenistan-cumhurbaskani-sarkisyan-savasin-bitmesi-karabagin-statu-sorununu-cozmuyor","status":"publish","type":"post","link":"https:\/\/akunq.net\/tr\/?p=60163","title":{"rendered":"Ermenistan Cumhurba\u015fkan\u0131 Sarkisyan: Sava\u015f\u0131n bitmesi Karaba\u011f\u2019\u0131n stat\u00fc sorununu \u00e7\u00f6zm\u00fcyor"},"content":{"rendered":"<p><img loading=\"lazy\" decoding=\"async\" class=\"aligncenter size-medium wp-image-60164\" src=\"https:\/\/akunq.net\/tr\/wp-content\/uploads\/2020\/11\/Armen-Sarkisyan-360x242.jpg\" alt=\"\" width=\"360\" height=\"242\" srcset=\"https:\/\/akunq.net\/tr\/wp-content\/uploads\/sites\/6\/2020\/11\/Armen-Sarkisyan-360x242.jpg 360w, https:\/\/akunq.net\/tr\/wp-content\/uploads\/sites\/6\/2020\/11\/Armen-Sarkisyan-560x376.jpg 560w, https:\/\/akunq.net\/tr\/wp-content\/uploads\/sites\/6\/2020\/11\/Armen-Sarkisyan-260x175.jpg 260w, https:\/\/akunq.net\/tr\/wp-content\/uploads\/sites\/6\/2020\/11\/Armen-Sarkisyan-160x107.jpg 160w, https:\/\/akunq.net\/tr\/wp-content\/uploads\/sites\/6\/2020\/11\/Armen-Sarkisyan.jpg 670w\" sizes=\"auto, (max-width: 360px) 100vw, 360px\" \/><\/p>\n<p><em><strong>Artsakh&#8217;\u0131n (Da\u011fl\u0131k Karaba\u011f) stat\u00fcs\u00fcn\u00fcn belirlenmesi i\u00e7in Minsk s\u00fcrecine geri d\u00f6n\u00fclmesi gerekti\u011fini ifade eden Ermenistan Cumhurba\u015fkan\u0131 Armen Sarkisyan, sava\u015f\u0131 bitiren anla\u015fman\u0131n bu sorunu \u00e7\u00f6zmedi\u011fini belirtti.<\/strong><\/em><\/p>\n<p>Ermenistan Cumhurba\u015fkan\u0131 Armen Sarkisyan, \u00fclkenin \u00f6nde gelen sanat\u00e7\u0131, sporcu ve sivil toplum kurulu\u015flar\u0131 temsilcileriyle g\u00f6r\u00fc\u015fmede \u015fu ifadeyi kulland\u0131:<\/p>\n<p>\u201cBu Minsk s\u00fcreci de\u011fil, bu \u00fc\u00e7l\u00fc dokuman, ate\u015fkes. Fransa, ABD ve Rusya e\u015fba\u015fkanl\u0131\u011f\u0131ndaki Minsk s\u00fcrecine geri d\u00f6nmek i\u00e7in bir an \u00f6nce her \u015fey yapmal\u0131y\u0131z. Zira Minsk Grubu\u2019na Karaba\u011f\u2019\u0131n nihai stat\u00fcs\u00fcn\u00fc belirleme yetkisi verildi. Bu dokuman Karaba\u011f\u2019\u0131n nihai stat\u00fcs\u00fcn\u00fc belirlemiyor\u201d.<\/p>\n<p>Artsakh&#8217;ta sava\u015f\u0131 sona erdiren anla\u015fma 9 Kas\u0131m Pazartesi g\u00fcn\u00fc Rusya, Azerbaycan ve Ermenistan liderleri taraf\u0131ndan imzalanm\u0131\u015ft\u0131.<\/p>\n<p>Rusya Devlet Ba\u015fkan\u0131 Vladimir Putin\u2019in duyurdu\u011fu anla\u015fman\u0131n maddelerine g\u00f6re taraflar, \u00e7at\u0131\u015fmalar esnas\u0131nda kontrol etti\u011fi topraklarda kalacak ve esir takas\u0131 ger\u00e7ekle\u015ftirilecek. Karaba\u011f\u2019\u0131n \u00e7e\u015fitli noktalar\u0131na Rus bar\u0131\u015f g\u00fc\u00e7leri yerle\u015ftirilecek.<\/p>\n<p><em><strong>https:\/\/www.ermenihaber.am\/tr\/news\/2020\/11\/16\/Ermenistan-Karaba%C4%9F\/198142\u00a0<\/strong><\/em><\/p>\n","protected":false},"excerpt":{"rendered":"<p>Artsakh&#8217;\u0131n (Da\u011fl\u0131k Karaba\u011f) stat\u00fcs\u00fcn\u00fcn belirlenmesi i\u00e7in Minsk s\u00fcrecine geri d\u00f6n\u00fclmesi gerekti\u011fini ifade eden Ermenistan Cumhurba\u015fkan\u0131 Armen Sarkisyan, sava\u015f\u0131 bitiren anla\u015fman\u0131n bu sorunu \u00e7\u00f6zmedi\u011fini belirtti. Ermenistan Cumhurba\u015fkan\u0131 Armen Sarkisyan, \u00fclkenin \u00f6nde gelen sanat\u00e7\u0131, sporcu ve sivil toplum kurulu\u015flar\u0131 temsilcileriyle g\u00f6r\u00fc\u015fmede \u015fu ifadeyi kulland\u0131: \u201cBu Minsk s\u00fcreci de\u011fil, bu \u00fc\u00e7l\u00fc dokuman, ate\u015fkes. Fransa, ABD ve Rusya e\u015fba\u015fkanl\u0131\u011f\u0131ndaki [&hellip;]<\/p>\n","protected":false},"author":7,"featured_media":60164,"comment_status":"open","ping_status":"open","sticky":false,"template":"","format":"standard","meta":{"footnotes":""},"categories":[1],"tags":[],"class_list":["post-60163","post","type-post","status-publish","format-standard","has-post-thumbnail","hentry","category-haberler"],"yoast_head":"<!-- This site is optimized with the Yoast SEO plugin v27.4 - https:\/\/yoast.com\/product\/yoast-seo-wordpress\/ -->\n<title>Ermenistan Cumhurba\u015fkan\u0131 Sarkisyan: Sava\u015f\u0131n bitmesi Karaba\u011f\u2019\u0131n stat\u00fc sorununu \u00e7\u00f6zm\u00fcyor - Bati Ermenistan Ve Bati Ermenileri Sorunlari Ara\u015ftirmalar Merkezi<\/title>\n<meta name=\"robots\" content=\"index, follow, max-snippet:-1, max-image-preview:large, max-video-preview:-1\" \/>\n<link rel=\"canonical\" href=\"https:\/\/akunq.net\/tr\/?p=60163\" \/>\n<meta property=\"og:locale\" content=\"en_US\" \/>\n<meta property=\"og:type\" content=\"article\" \/>\n<meta property=\"og:title\" content=\"Ermenistan Cumhurba\u015fkan\u0131 Sarkisyan: Sava\u015f\u0131n bitmesi Karaba\u011f\u2019\u0131n stat\u00fc sorununu \u00e7\u00f6zm\u00fcyor - Bati Ermenistan Ve Bati Ermenileri Sorunlari Ara\u015ftirmalar Merkezi\" \/>\n<meta property=\"og:description\" content=\"Artsakh&#8217;\u0131n (Da\u011fl\u0131k Karaba\u011f) stat\u00fcs\u00fcn\u00fcn belirlenmesi i\u00e7in Minsk s\u00fcrecine geri d\u00f6n\u00fclmesi gerekti\u011fini ifade eden Ermenistan Cumhurba\u015fkan\u0131 Armen Sarkisyan, sava\u015f\u0131 bitiren anla\u015fman\u0131n bu sorunu \u00e7\u00f6zmedi\u011fini belirtti. Ermenistan Cumhurba\u015fkan\u0131 Armen Sarkisyan, \u00fclkenin \u00f6nde gelen sanat\u00e7\u0131, sporcu ve sivil toplum kurulu\u015flar\u0131 temsilcileriyle g\u00f6r\u00fc\u015fmede \u015fu ifadeyi kulland\u0131: \u201cBu Minsk s\u00fcreci de\u011fil, bu \u00fc\u00e7l\u00fc dokuman, ate\u015fkes. Fransa, ABD ve Rusya e\u015fba\u015fkanl\u0131\u011f\u0131ndaki [&hellip;]\" \/>\n<meta property=\"og:url\" content=\"https:\/\/akunq.net\/tr\/?p=60163\" \/>\n<meta property=\"og:site_name\" content=\"Bati Ermenistan Ve Bati Ermenileri Sorunlari Ara\u015ftirmalar Merkezi\" \/>\n<meta property=\"article:published_time\" content=\"2020-11-16T08:11:44+00:00\" \/>\n<meta property=\"og:image\" content=\"https:\/\/akunq.net\/tr\/wp-content\/uploads\/sites\/6\/2020\/11\/Armen-Sarkisyan.jpg\" \/>\n\t<meta property=\"og:image:width\" content=\"670\" \/>\n\t<meta property=\"og:image:height\" content=\"450\" \/>\n\t<meta property=\"og:image:type\" content=\"image\/jpeg\" \/>\n<meta name=\"author\" content=\"admin\" \/>\n<meta name=\"twitter:card\" content=\"summary_large_image\" \/>\n<meta name=\"twitter:label1\" content=\"Written by\" \/>\n\t<meta name=\"twitter:data1\" content=\"admin\" \/>\n\t<meta name=\"twitter:label2\" content=\"Est. reading time\" \/>\n\t<meta name=\"twitter:data2\" content=\"1 minute\" \/>\n<script type=\"application\/ld+json\" class=\"yoast-schema-graph\">{\"@context\":\"https:\\\/\\\/schema.org\",\"@graph\":[{\"@type\":\"Article\",\"@id\":\"https:\\\/\\\/akunq.net\\\/tr\\\/?p=60163#article\",\"isPartOf\":{\"@id\":\"https:\\\/\\\/akunq.net\\\/tr\\\/?p=60163\"},\"author\":{\"name\":\"admin\",\"@id\":\"https:\\\/\\\/akunq.net\\\/tr\\\/#\\\/schema\\\/person\\\/096f1d38a12cce57fb855b485ed24c9e\"},\"headline\":\"Ermenistan Cumhurba\u015fkan\u0131 Sarkisyan: Sava\u015f\u0131n bitmesi Karaba\u011f\u2019\u0131n stat\u00fc sorununu \u00e7\u00f6zm\u00fcyor\",\"datePublished\":\"2020-11-16T08:11:44+00:00\",\"mainEntityOfPage\":{\"@id\":\"https:\\\/\\\/akunq.net\\\/tr\\\/?p=60163\"},\"wordCount\":203,\"commentCount\":0,\"image\":{\"@id\":\"https:\\\/\\\/akunq.net\\\/tr\\\/?p=60163#primaryimage\"},\"thumbnailUrl\":\"https:\\\/\\\/akunq.net\\\/tr\\\/wp-content\\\/uploads\\\/sites\\\/6\\\/2020\\\/11\\\/Armen-Sarkisyan.jpg\",\"articleSection\":[\"Haberler\"],\"inLanguage\":\"en-US\",\"potentialAction\":[{\"@type\":\"CommentAction\",\"name\":\"Comment\",\"target\":[\"https:\\\/\\\/akunq.net\\\/tr\\\/?p=60163#respond\"]}]},{\"@type\":\"WebPage\",\"@id\":\"https:\\\/\\\/akunq.net\\\/tr\\\/?p=60163\",\"url\":\"https:\\\/\\\/akunq.net\\\/tr\\\/?p=60163\",\"name\":\"Ermenistan Cumhurba\u015fkan\u0131 Sarkisyan: Sava\u015f\u0131n bitmesi Karaba\u011f\u2019\u0131n stat\u00fc sorununu \u00e7\u00f6zm\u00fcyor - Bati Ermenistan Ve Bati Ermenileri Sorunlari Ara\u015ftirmalar Merkezi\",\"isPartOf\":{\"@id\":\"https:\\\/\\\/akunq.net\\\/tr\\\/#website\"},\"primaryImageOfPage\":{\"@id\":\"https:\\\/\\\/akunq.net\\\/tr\\\/?p=60163#primaryimage\"},\"image\":{\"@id\":\"https:\\\/\\\/akunq.net\\\/tr\\\/?p=60163#primaryimage\"},\"thumbnailUrl\":\"https:\\\/\\\/akunq.net\\\/tr\\\/wp-content\\\/uploads\\\/sites\\\/6\\\/2020\\\/11\\\/Armen-Sarkisyan.jpg\",\"datePublished\":\"2020-11-16T08:11:44+00:00\",\"author\":{\"@id\":\"https:\\\/\\\/akunq.net\\\/tr\\\/#\\\/schema\\\/person\\\/096f1d38a12cce57fb855b485ed24c9e\"},\"breadcrumb\":{\"@id\":\"https:\\\/\\\/akunq.net\\\/tr\\\/?p=60163#breadcrumb\"},\"inLanguage\":\"en-US\",\"potentialAction\":[{\"@type\":\"ReadAction\",\"target\":[\"https:\\\/\\\/akunq.net\\\/tr\\\/?p=60163\"]}]},{\"@type\":\"ImageObject\",\"inLanguage\":\"en-US\",\"@id\":\"https:\\\/\\\/akunq.net\\\/tr\\\/?p=60163#primaryimage\",\"url\":\"https:\\\/\\\/akunq.net\\\/tr\\\/wp-content\\\/uploads\\\/sites\\\/6\\\/2020\\\/11\\\/Armen-Sarkisyan.jpg\",\"contentUrl\":\"https:\\\/\\\/akunq.net\\\/tr\\\/wp-content\\\/uploads\\\/sites\\\/6\\\/2020\\\/11\\\/Armen-Sarkisyan.jpg\",\"width\":670,\"height\":450},{\"@type\":\"BreadcrumbList\",\"@id\":\"https:\\\/\\\/akunq.net\\\/tr\\\/?p=60163#breadcrumb\",\"itemListElement\":[{\"@type\":\"ListItem\",\"position\":1,\"name\":\"Home\",\"item\":\"https:\\\/\\\/akunq.net\\\/tr\"},{\"@type\":\"ListItem\",\"position\":2,\"name\":\"Ermenistan Cumhurba\u015fkan\u0131 Sarkisyan: Sava\u015f\u0131n bitmesi Karaba\u011f\u2019\u0131n stat\u00fc sorununu \u00e7\u00f6zm\u00fcyor\"}]},{\"@type\":\"WebSite\",\"@id\":\"https:\\\/\\\/akunq.net\\\/tr\\\/#website\",\"url\":\"https:\\\/\\\/akunq.net\\\/tr\\\/\",\"name\":\"Bati Ermenistan Ve Bati Ermenileri Sorunlari Ara\u015ftirmalar Merkezi\",\"description\":\"\",\"potentialAction\":[{\"@type\":\"SearchAction\",\"target\":{\"@type\":\"EntryPoint\",\"urlTemplate\":\"https:\\\/\\\/akunq.net\\\/tr\\\/?s={search_term_string}\"},\"query-input\":{\"@type\":\"PropertyValueSpecification\",\"valueRequired\":true,\"valueName\":\"search_term_string\"}}],\"inLanguage\":\"en-US\"},{\"@type\":\"Person\",\"@id\":\"https:\\\/\\\/akunq.net\\\/tr\\\/#\\\/schema\\\/person\\\/096f1d38a12cce57fb855b485ed24c9e\",\"name\":\"admin\",\"url\":\"https:\\\/\\\/akunq.net\\\/tr\\\/?author=7\"}]}<\/script>\n<!-- \/ Yoast SEO plugin. -->","yoast_head_json":{"title":"Ermenistan Cumhurba\u015fkan\u0131 Sarkisyan: Sava\u015f\u0131n bitmesi Karaba\u011f\u2019\u0131n stat\u00fc sorununu \u00e7\u00f6zm\u00fcyor - Bati Ermenistan Ve Bati Ermenileri Sorunlari Ara\u015ftirmalar Merkezi","robots":{"index":"index","follow":"follow","max-snippet":"max-snippet:-1","max-image-preview":"max-image-preview:large","max-video-preview":"max-video-preview:-1"},"canonical":"https:\/\/akunq.net\/tr\/?p=60163","og_locale":"en_US","og_type":"article","og_title":"Ermenistan Cumhurba\u015fkan\u0131 Sarkisyan: Sava\u015f\u0131n bitmesi Karaba\u011f\u2019\u0131n stat\u00fc sorununu \u00e7\u00f6zm\u00fcyor - Bati Ermenistan Ve Bati Ermenileri Sorunlari Ara\u015ftirmalar Merkezi","og_description":"Artsakh&#8217;\u0131n (Da\u011fl\u0131k Karaba\u011f) stat\u00fcs\u00fcn\u00fcn belirlenmesi i\u00e7in Minsk s\u00fcrecine geri d\u00f6n\u00fclmesi gerekti\u011fini ifade eden Ermenistan Cumhurba\u015fkan\u0131 Armen Sarkisyan, sava\u015f\u0131 bitiren anla\u015fman\u0131n bu sorunu \u00e7\u00f6zmedi\u011fini belirtti. Ermenistan Cumhurba\u015fkan\u0131 Armen Sarkisyan, \u00fclkenin \u00f6nde gelen sanat\u00e7\u0131, sporcu ve sivil toplum kurulu\u015flar\u0131 temsilcileriyle g\u00f6r\u00fc\u015fmede \u015fu ifadeyi kulland\u0131: \u201cBu Minsk s\u00fcreci de\u011fil, bu \u00fc\u00e7l\u00fc dokuman, ate\u015fkes. Fransa, ABD ve Rusya e\u015fba\u015fkanl\u0131\u011f\u0131ndaki [&hellip;]","og_url":"https:\/\/akunq.net\/tr\/?p=60163","og_site_name":"Bati Ermenistan Ve Bati Ermenileri Sorunlari Ara\u015ftirmalar Merkezi","article_published_time":"2020-11-16T08:11:44+00:00","og_image":[{"width":670,"height":450,"url":"https:\/\/akunq.net\/tr\/wp-content\/uploads\/sites\/6\/2020\/11\/Armen-Sarkisyan.jpg","type":"image\/jpeg"}],"author":"admin","twitter_card":"summary_large_image","twitter_misc":{"Written by":"admin","Est. reading time":"1 minute"},"schema":{"@context":"https:\/\/schema.org","@graph":[{"@type":"Article","@id":"https:\/\/akunq.net\/tr\/?p=60163#article","isPartOf":{"@id":"https:\/\/akunq.net\/tr\/?p=60163"},"author":{"name":"admin","@id":"https:\/\/akunq.net\/tr\/#\/schema\/person\/096f1d38a12cce57fb855b485ed24c9e"},"headline":"Ermenistan Cumhurba\u015fkan\u0131 Sarkisyan: Sava\u015f\u0131n bitmesi Karaba\u011f\u2019\u0131n stat\u00fc sorununu \u00e7\u00f6zm\u00fcyor","datePublished":"2020-11-16T08:11:44+00:00","mainEntityOfPage":{"@id":"https:\/\/akunq.net\/tr\/?p=60163"},"wordCount":203,"commentCount":0,"image":{"@id":"https:\/\/akunq.net\/tr\/?p=60163#primaryimage"},"thumbnailUrl":"https:\/\/akunq.net\/tr\/wp-content\/uploads\/sites\/6\/2020\/11\/Armen-Sarkisyan.jpg","articleSection":["Haberler"],"inLanguage":"en-US","potentialAction":[{"@type":"CommentAction","name":"Comment","target":["https:\/\/akunq.net\/tr\/?p=60163#respond"]}]},{"@type":"WebPage","@id":"https:\/\/akunq.net\/tr\/?p=60163","url":"https:\/\/akunq.net\/tr\/?p=60163","name":"Ermenistan Cumhurba\u015fkan\u0131 Sarkisyan: Sava\u015f\u0131n bitmesi Karaba\u011f\u2019\u0131n stat\u00fc sorununu \u00e7\u00f6zm\u00fcyor - Bati Ermenistan Ve Bati Ermenileri Sorunlari Ara\u015ftirmalar Merkezi","isPartOf":{"@id":"https:\/\/akunq.net\/tr\/#website"},"primaryImageOfPage":{"@id":"https:\/\/akunq.net\/tr\/?p=60163#primaryimage"},"image":{"@id":"https:\/\/akunq.net\/tr\/?p=60163#primaryimage"},"thumbnailUrl":"https:\/\/akunq.net\/tr\/wp-content\/uploads\/sites\/6\/2020\/11\/Armen-Sarkisyan.jpg","datePublished":"2020-11-16T08:11:44+00:00","author":{"@id":"https:\/\/akunq.net\/tr\/#\/schema\/person\/096f1d38a12cce57fb855b485ed24c9e"},"breadcrumb":{"@id":"https:\/\/akunq.net\/tr\/?p=60163#breadcrumb"},"inLanguage":"en-US","potentialAction":[{"@type":"ReadAction","target":["https:\/\/akunq.net\/tr\/?p=60163"]}]},{"@type":"ImageObject","inLanguage":"en-US","@id":"https:\/\/akunq.net\/tr\/?p=60163#primaryimage","url":"https:\/\/akunq.net\/tr\/wp-content\/uploads\/sites\/6\/2020\/11\/Armen-Sarkisyan.jpg","contentUrl":"https:\/\/akunq.net\/tr\/wp-content\/uploads\/sites\/6\/2020\/11\/Armen-Sarkisyan.jpg","width":670,"height":450},{"@type":"BreadcrumbList","@id":"https:\/\/akunq.net\/tr\/?p=60163#breadcrumb","itemListElement":[{"@type":"ListItem","position":1,"name":"Home","item":"https:\/\/akunq.net\/tr"},{"@type":"ListItem","position":2,"name":"Ermenistan Cumhurba\u015fkan\u0131 Sarkisyan: Sava\u015f\u0131n bitmesi Karaba\u011f\u2019\u0131n stat\u00fc sorununu \u00e7\u00f6zm\u00fcyor"}]},{"@type":"WebSite","@id":"https:\/\/akunq.net\/tr\/#website","url":"https:\/\/akunq.net\/tr\/","name":"Bati Ermenistan Ve Bati Ermenileri Sorunlari Ara\u015ftirmalar Merkezi","description":"","potentialAction":[{"@type":"SearchAction","target":{"@type":"EntryPoint","urlTemplate":"https:\/\/akunq.net\/tr\/?s={search_term_string}"},"query-input":{"@type":"PropertyValueSpecification","valueRequired":true,"valueName":"search_term_string"}}],"inLanguage":"en-US"},{"@type":"Person","@id":"https:\/\/akunq.net\/tr\/#\/schema\/person\/096f1d38a12cce57fb855b485ed24c9e","name":"admin","url":"https:\/\/akunq.net\/tr\/?author=7"}]}},"_links":{"self":[{"href":"https:\/\/akunq.net\/tr\/index.php?rest_route=\/wp\/v2\/posts\/60163","targetHints":{"allow":["GET"]}}],"collection":[{"href":"https:\/\/akunq.net\/tr\/index.php?rest_route=\/wp\/v2\/posts"}],"about":[{"href":"https:\/\/akunq.net\/tr\/index.php?rest_route=\/wp\/v2\/types\/post"}],"author":[{"embeddable":true,"href":"https:\/\/akunq.net\/tr\/index.php?rest_route=\/wp\/v2\/users\/7"}],"replies":[{"embeddable":true,"href":"https:\/\/akunq.net\/tr\/index.php?rest_route=%2Fwp%2Fv2%2Fcomments&post=60163"}],"version-history":[{"count":1,"href":"https:\/\/akunq.net\/tr\/index.php?rest_route=\/wp\/v2\/posts\/60163\/revisions"}],"predecessor-version":[{"id":60165,"href":"https:\/\/akunq.net\/tr\/index.php?rest_route=\/wp\/v2\/posts\/60163\/revisions\/60165"}],"wp:featuredmedia":[{"embeddable":true,"href":"https:\/\/akunq.net\/tr\/index.php?rest_route=\/wp\/v2\/media\/60164"}],"wp:attachment":[{"href":"https:\/\/akunq.net\/tr\/index.php?rest_route=%2Fwp%2Fv2%2Fmedia&parent=60163"}],"wp:term":[{"taxonomy":"category","embeddable":true,"href":"https:\/\/akunq.net\/tr\/index.php?rest_route=%2Fwp%2Fv2%2Fcategories&post=60163"},{"taxonomy":"post_tag","embeddable":true,"href":"https:\/\/akunq.net\/tr\/index.php?rest_route=%2Fwp%2Fv2%2Ftags&post=60163"}],"curies":[{"name":"wp","href":"https:\/\/api.w.org\/{rel}","templated":true}]}}