{"id":60136,"date":"2020-11-12T05:01:23","date_gmt":"2020-11-12T10:01:23","guid":{"rendered":"https:\/\/akunq.net\/tr\/?p=60136"},"modified":"2020-11-12T05:01:23","modified_gmt":"2020-11-12T10:01:23","slug":"11-kasimda-cikan-varlik-vergisi-hala-toplumsal-hafizada-yok","status":"publish","type":"post","link":"https:\/\/akunq.net\/tr\/?p=60136","title":{"rendered":"11 Kas\u0131m\u2019da \u00c7\u0131kan Varl\u0131k Vergisi H\u00e2l\u00e2 Toplumsal Haf\u0131zada Yok"},"content":{"rendered":"<p><img loading=\"lazy\" decoding=\"async\" class=\"aligncenter size-medium wp-image-60137\" src=\"https:\/\/akunq.net\/tr\/wp-content\/uploads\/2020\/11\/Varl\u0131k-Vergisi-1-171x270.jpeg\" alt=\"\" width=\"171\" height=\"270\" srcset=\"https:\/\/akunq.net\/tr\/wp-content\/uploads\/sites\/6\/2020\/11\/Varl\u0131k-Vergisi-1-171x270.jpeg 171w, https:\/\/akunq.net\/tr\/wp-content\/uploads\/sites\/6\/2020\/11\/Varl\u0131k-Vergisi-1-260x410.jpeg 260w, https:\/\/akunq.net\/tr\/wp-content\/uploads\/sites\/6\/2020\/11\/Varl\u0131k-Vergisi-1-160x252.jpeg 160w, https:\/\/akunq.net\/tr\/wp-content\/uploads\/sites\/6\/2020\/11\/Varl\u0131k-Vergisi-1.jpeg 354w\" sizes=\"auto, (max-width: 171px) 100vw, 171px\" \/><\/p>\n<p><strong><a href=\"https:\/\/www.avlaremoz.com\/author\/nesialtaras\/\">NES\u0130 ALTARAS<\/a><\/strong><\/p>\n<p><em><strong>Dedem 6 ya\u015f\u0131ndayken bir g\u00fcn evinde b\u00fcy\u00fck bir olaya uyand\u0131. Salonun ortas\u0131nda bir adam ba\u011f\u0131r\u0131yor, onu izleyen bir kalabal\u0131k a\u00e7\u0131k art\u0131rmayla ailesinin e\u015fyalar\u0131n\u0131 sat\u0131n al\u0131yordu. G\u00f6z\u00fcn\u00fcn \u00f6n\u00fcnde renkli kalemleri, oyuncaklar\u0131 el de\u011fi\u015ftiriyordu. Varl\u0131k Vergisi dedi\u011fimiz olay binlerce Yahudi, Ermeni ve Rum\u2019a 1942\u2019den 1944\u2019e b\u00f6yle deneyimler ya\u015fatt\u0131.<\/strong><\/em><\/p>\n<p>Ge\u00e7ti\u011fimiz 20 y\u0131lda T\u00fcrkiye kamuoyu 6-7 Eyl\u00fcl 1955 \u0130stanbul Pogromu\u2019nu anlamaya, hat\u0131rlamaya ve hat\u0131rlatmaya ba\u015flad\u0131. Bu refleks tek parti d\u00f6neminin az\u0131nl\u0131klara yapt\u0131\u011f\u0131 bir ba\u015fka eziyet olan Varl\u0131k Vergisi konusunda h\u00e2l\u00e2 geli\u015fmedi. Ama geli\u015fecek: Varl\u0131k Vergisi\u2019nin 350 milletvekilinin 1942 y\u0131l\u0131nda oy birli\u011fi ile onayland\u0131\u011f\u0131 11 Kas\u0131m g\u00fcn\u00fc bir anma g\u00fcn\u00fc olmal\u0131.<\/p>\n<h2>Sara\u00e7o\u011flu ve \u0130n\u00f6n\u00fc<\/h2>\n<p>Vergiye bahane olarak \u2018vurgunculuk\u2019 ve \u2018sava\u015f ihtiyac\u0131\u2019 verilse de as\u0131l sebebin az\u0131nl\u0131klar\u0131 fakirle\u015ftirmek, k\u00fc\u00e7\u00fck-b\u00fcy\u00fck her t\u00fcrl\u00fc malvarl\u0131\u011f\u0131n\u0131n el de\u011fi\u015ftirmesini sa\u011flamakt\u0131. 1942\u2019de bu ger\u00e7e\u011fin herkes fark\u0131ndayd\u0131. O s\u0131rada yazd\u0131\u011f\u0131 mektup ve notlar\u0131nda Eli\u00a0<a href=\"https:\/\/www.avlaremoz.com\/2020\/11\/01\/eli-saul-balat-batyam\/\">\u015eaul<\/a>\u00a0yasa hakk\u0131nda \u015f\u00f6yle diyor:\u00a0<strong><em>\u201cVarl\u0131k Vergisi s\u0131rf gayrim\u00fcslimleri ezmek i\u00e7in yap\u0131lm\u0131\u015f bir vergiydi.\u201d<\/em><\/strong><\/p>\n<p>\u015eaul\u2019un dedi\u011fi Varl\u0131k Vergisi\u2019ni getiren Ba\u015fbakan \u015e\u00fckr\u00fc Sara\u00e7o\u011flu ve Cumhurba\u015fkan\u0131 \u0130n\u00f6n\u00fc\u2019n\u00fcn s\u00f6zleriyle de \u00f6rt\u00fc\u015f\u00fcyor. Ba\u015fbakan, CHP vekilleri ile yapt\u0131\u011f\u0131 kapal\u0131 oturumda verginin \u201chassaten az\u0131nl\u0131klar\u0131\u201d hedef ald\u0131\u011f\u0131n\u0131\u00a0<a href=\"https:\/\/www.avlaremoz.com\/2016\/11\/12\/varlik-vergisi-1942-ya-da-sermayenin-turklere-nakli-hamit-erdem\/\">belirtmi\u015fti<\/a>. Sara\u00e7o\u011flu verginin as\u0131l sebeplerini bir bir s\u00f6ylemi\u015fti:<\/p>\n<p><em>\u201cBiz T\u00fcrk\u00fcz, T\u00fcrk\u00e7\u00fcy\u00fcz ve daima T\u00fcrk\u00e7\u00fc kalaca\u011f\u0131z\u2026 Bizim i\u00e7in T\u00fcrk\u00e7\u00fcl\u00fck bir kan meselesi oldu\u011fu kadar bir vicdan ve k\u00fclt\u00fcr meselesidir\u2026<strong>\u00a0Bu kanun ayn\u0131 zamanda bir devrim kanunudur. Bize ekonomik ba\u011f\u0131ms\u0131zl\u0131\u011f\u0131m\u0131z\u0131 kazand\u0131racak bir f\u0131rsat kar\u015f\u0131s\u0131nday\u0131z.\u00a0<\/strong>Bu Kanun sayesinde piyasaya egemen olan az\u0131nl\u0131k t\u00fcccar s\u0131n\u0131f\u0131 ortadan kald\u0131r\u0131larak\u00a0<strong>T\u00fcrk piyasas\u0131n\u0131 T\u00fcrklerin eline verece\u011fiz<\/strong>\u2026 Kanun, b\u00fct\u00fcn \u015fiddetiyle uygulanacakt\u0131r\u201d<\/em><\/p>\n<figure class=\"wp-block-image\"><img decoding=\"async\" class=\"wp-image-17929\" src=\"https:\/\/i1.wp.com\/cdn.shortpixel.ai\/client\/q_glossy,ret_img,w_354,h_558\/https:\/\/www.avlaremoz.com\/wp-content\/uploads\/2020\/11\/varlik.jpg?ssl=1\" alt=\"\" data-recalc-dims=\"1\" \/><\/figure>\n<p>Vatanda\u015f olsalar da T\u00fcrk g\u00f6r\u00fclmeyen, varl\u0131klar\u0131 devlete rahats\u0131zl\u0131k veren az\u0131nl\u0131klar\u0131 soymak i\u00e7in yap\u0131lan yasa hakk\u0131nda \u0130n\u00f6n\u00fc\u00a0<em>\u201cVarl\u0131k vergisi<strong>\u00a0hakl\u0131 bir tedbir<\/strong>\u00a0olarak kabul edilmi\u015ftir, bu h\u00fckm\u00fc veren milletin vicdan\u0131d\u0131r\u201d<\/em>\u00a0demi\u015fti.<\/p>\n<h2>Galata\u2019da Sat\u0131lan Buzdolaplar\u0131<\/h2>\n<p>11 Kas\u0131m\u2019dan yasan\u0131n kald\u0131r\u0131ld\u0131\u011f\u0131 15 Mart 1944\u2019e kadar binlerce Hristiyan ve Yahudi \u00f6deyemeyecekleri vergilere maruz kald\u0131lar. Irk\u00e7\u0131 liderlerin akl\u0131nda t\u00fcm az\u0131nl\u0131klar zenginken ger\u00e7ek durum bundan \u00e7ok uzakt\u0131. Galata\u2019da radyolar, buzdolaplar\u0131, oyuncaklar, k\u0131yafetler sokak sokak\u00a0<a href=\"https:\/\/www.avlaremoz.com\/2018\/11\/11\/kanun-gomlegi-giymis-zulum-varlik-vergisi\/\">sat\u0131ld\u0131<\/a>. Galata\u2019da, Balat\u2019ta y\u00fczlerce ev ve d\u00fckkan borcunu kapatmaya \u00e7al\u0131\u015fanlar taraf\u0131ndan sat\u0131ld\u0131\u011f\u0131 i\u00e7in fiyatlar bi\u00e7ilen de\u011ferlerin \u00e7ok alt\u0131na d\u00fc\u015ft\u00fc. Vergi borcu olmayan M\u00fcsl\u00fcman T\u00fcrkler bu mallar\u0131 h\u0131zl\u0131ca al\u0131nca koskoca mahalleler birka\u00e7 ay i\u00e7inde el de\u011fi\u015ftirdi.<\/p>\n<h2>A\u015fkale: Varolmayan Yer<\/h2>\n<p>Bor\u00e7lar\u0131n\u0131 \u00f6deyemeyenler Erzurum, A\u015fkale\u2019de \u00e7al\u0131\u015fma kamp\u0131na g\u00f6nderildi. B\u00fcy\u00fck dedem \u0130shak da bu ki\u015filerden biriydi. Aylarca ta\u015f k\u0131rmaya mahkum edilen \u2018bor\u00e7lular\u0131n\u2019 tamam\u0131 Yahudi ve Hristiyanlardan olu\u015fuyordu. Bu kamp bug\u00fcn T\u00fcrkiye\u2019nin toplumsal haf\u0131zas\u0131nda yok. \u00c7al\u0131\u015fma kamp\u0131 ba\u015fka yerlerde olan, T\u00fcrkiye\u2019ye yabanc\u0131 bir kavram gibi davran\u0131l\u0131yor. Polonya\u2019n\u0131n, Almanya\u2019n\u0131n, Rusya\u2019n\u0131n \u00e7al\u0131\u015fma kamplar\u0131 bug\u00fcn m\u00fcze olarak topluma ya\u015fananlar\u0131 hat\u0131rlat\u0131yor. A\u015fkale ise toplumun akl\u0131ndan siliniyor. Kamp\u0131n bir foto\u011fraf\u0131n\u0131 bile bulmak zor.<\/p>\n<figure class=\"wp-block-image\"><img decoding=\"async\" class=\"wp-image-17930\" src=\"https:\/\/i1.wp.com\/cdn.shortpixel.ai\/client\/q_glossy,ret_img,w_439,h_326\/https:\/\/www.avlaremoz.com\/wp-content\/uploads\/2020\/11\/kafile.jpeg?ssl=1\" alt=\"\" data-recalc-dims=\"1\" \/><\/figure>\n<p>A\u015fkale \u00e7al\u0131\u015fma kamp\u0131 sanki hi\u00e7 varolmam\u0131\u015f gibi. Sanki dedemin babas\u0131 bir g\u00fcn polisle evinden g\u00f6t\u00fcr\u00fcl\u00fcp Sirkeci\u2019den Erzurum\u2019a trene bindirilmemi\u015f gibi. Sirkeci\u2019de b\u00f6yle bir olay oldu\u011funa dair hi\u00e7bir iz yok. TBMM\u2019nin oybirli\u011fi ile onaylad\u0131\u011f\u0131 Varl\u0131k Vergisi hi\u00e7 olmam\u0131\u015f gibi davranan bir \u00fclkede ya\u015f\u0131yoruz.<\/p>\n<p>Varl\u0131k Vergisi \u0130stanbul\u2019un kentsel dokusunu de\u011fi\u015ftirdi ama \u015fehir tarihimizde yeri yok. Cumhuriyet d\u00f6neminin ekonomi politikalar\u0131nda da bahsi ge\u00e7miyor. Varl\u0131k Vergisi Cumhuriyet tarihinde bir gariplik, bir anomali de\u011fil, T\u00fcrk olmayanlar\u0131 toplumdan uzakla\u015ft\u0131rma ve fakirle\u015ftirme projesinin bir par\u00e7as\u0131yd\u0131. Anl\u0131k bir hata de\u011fildi. Y\u00f6netici ilkelere ters de\u011fildi, onlar\u0131n sonucuydu.<\/p>\n<p>Daha \u00f6nce,\u00a0<em>Avlaremoz<\/em>\u2018da ve ba\u015fka\u00a0<a href=\"http:\/\/www.radikal.com.tr\/yazarlar\/ayse-hur\/1942-varlik-vergisi-kanunu-1353243\/\">yerlerde<\/a>, Varl\u0131k Vergisi\u2019nin uygulan\u0131\u015f\u0131, etkileri, tan\u0131klar\u0131 ve sonu\u00e7lar\u0131yla ilgili daha detayl\u0131, daha kapsaml\u0131 yaz\u0131lar yaz\u0131ld\u0131. Bu yaz\u0131da amac\u0131m ne oldu\u011funu anlatmaktan ziyade siyasi bir hareket olarak hat\u0131rlaman\u0131n alt\u0131n\u0131 \u00e7izmek. Varl\u0131k Vergisi ve beraberinde getirdi\u011fi A\u015fkale \u00e7al\u0131\u015fma kamp\u0131n\u0131 toplumsal haf\u0131zam\u0131za geri eklemek. 11 Kas\u0131m\u2019\u0131 (bir \u00f6nceki g\u00fcn gibi) T\u00fcrkiye tarihine not etmek. Haf\u0131za siyasidir ve yukar\u0131dan, devlet eliyle unutturulan \u015feyleri ancak a\u015fa\u011f\u0131dan sade vatanda\u015f olan bizler toplumun akl\u0131na geri getirebiliriz.<\/p>\n<p>T\u00fcrkiye Cumhuriyeti, Varl\u0131k Vergisi i\u00e7in \u00f6z\u00fcr dilemedi. Demokrat Parti 1950 se\u00e7im kampanyas\u0131nda s\u00f6z vermi\u015f olsa da, al\u0131nan mallar\u0131 ve paray\u0131 geri vermedi. \u00c7al\u0131\u015fma kamp\u0131na mahkum edilenlere tazminat \u00f6demedi. Bu nedenle Varl\u0131k Vergisi kapanm\u0131\u015f bir konu de\u011fil: unutulmu\u015f bir konu. Bu zorunlu unutmaya kar\u015f\u0131 tek \u00e7\u00f6z\u00fcm haf\u0131zad\u0131r.<\/p>\n<p><strong><em><a href=\"https:\/\/www.avlaremoz.com\/2020\/11\/11\/11-kasimda-cikan-varlik-vergisi-hala-toplumsal-hafizada-yok\/?utm_source=rss&amp;utm_medium=rss&amp;utm_campaign=11-kasimda-cikan-varlik-vergisi-hala-toplumsal-hafizada-yok&amp;utm_source=rss&amp;utm_medium=rss&amp;utm_campaign=11-kasimda-cikan-varlik-vergisi-hala-toplumsal-hafizada-yok\">https:\/\/www.avlaremoz.com\/2020\/11\/11\/11-kasimda-cikan-varlik-vergisi-hala-toplumsal-hafizada-yok\/?utm_source=rss&amp;utm_medium=rss&amp;utm_campaign=11-kasimda-cikan-varlik-vergisi-hala-toplumsal-hafizada-yok&amp;utm_source=rss&amp;utm_medium=rss&amp;utm_campaign=11-kasimda-cikan-varlik-vergisi-hala-toplumsal-hafizada-yok<\/a><\/em><\/strong><\/p>\n","protected":false},"excerpt":{"rendered":"<p>NES\u0130 ALTARAS Dedem 6 ya\u015f\u0131ndayken bir g\u00fcn evinde b\u00fcy\u00fck bir olaya uyand\u0131. Salonun ortas\u0131nda bir adam ba\u011f\u0131r\u0131yor, onu izleyen bir kalabal\u0131k a\u00e7\u0131k art\u0131rmayla ailesinin e\u015fyalar\u0131n\u0131 sat\u0131n al\u0131yordu. G\u00f6z\u00fcn\u00fcn \u00f6n\u00fcnde renkli kalemleri, oyuncaklar\u0131 el de\u011fi\u015ftiriyordu. Varl\u0131k Vergisi dedi\u011fimiz olay binlerce Yahudi, Ermeni ve Rum\u2019a 1942\u2019den 1944\u2019e b\u00f6yle deneyimler ya\u015fatt\u0131. Ge\u00e7ti\u011fimiz 20 y\u0131lda T\u00fcrkiye kamuoyu 6-7 Eyl\u00fcl [&hellip;]<\/p>\n","protected":false},"author":7,"featured_media":60137,"comment_status":"open","ping_status":"open","sticky":false,"template":"","format":"standard","meta":{"footnotes":""},"categories":[1,70,78,20,53],"tags":[],"class_list":["post-60136","post","type-post","status-publish","format-standard","has-post-thumbnail","hentry","category-haberler","category-makaleler","category-tanikliklar","category-tarih-sayfalari","category-turkiyede-azinliklar"],"yoast_head":"<!-- This site is optimized with the Yoast SEO plugin v27.4 - https:\/\/yoast.com\/product\/yoast-seo-wordpress\/ -->\n<title>11 Kas\u0131m\u2019da \u00c7\u0131kan Varl\u0131k Vergisi H\u00e2l\u00e2 Toplumsal Haf\u0131zada Yok - Bati Ermenistan Ve Bati Ermenileri Sorunlari Ara\u015ftirmalar Merkezi<\/title>\n<meta name=\"robots\" content=\"index, follow, max-snippet:-1, max-image-preview:large, max-video-preview:-1\" \/>\n<link rel=\"canonical\" href=\"https:\/\/akunq.net\/tr\/?p=60136\" \/>\n<meta property=\"og:locale\" content=\"en_US\" \/>\n<meta property=\"og:type\" content=\"article\" \/>\n<meta property=\"og:title\" content=\"11 Kas\u0131m\u2019da \u00c7\u0131kan Varl\u0131k Vergisi H\u00e2l\u00e2 Toplumsal Haf\u0131zada Yok - Bati Ermenistan Ve Bati Ermenileri Sorunlari Ara\u015ftirmalar Merkezi\" \/>\n<meta property=\"og:description\" content=\"NES\u0130 ALTARAS Dedem 6 ya\u015f\u0131ndayken bir g\u00fcn evinde b\u00fcy\u00fck bir olaya uyand\u0131. Salonun ortas\u0131nda bir adam ba\u011f\u0131r\u0131yor, onu izleyen bir kalabal\u0131k a\u00e7\u0131k art\u0131rmayla ailesinin e\u015fyalar\u0131n\u0131 sat\u0131n al\u0131yordu. G\u00f6z\u00fcn\u00fcn \u00f6n\u00fcnde renkli kalemleri, oyuncaklar\u0131 el de\u011fi\u015ftiriyordu. Varl\u0131k Vergisi dedi\u011fimiz olay binlerce Yahudi, Ermeni ve Rum\u2019a 1942\u2019den 1944\u2019e b\u00f6yle deneyimler ya\u015fatt\u0131. Ge\u00e7ti\u011fimiz 20 y\u0131lda T\u00fcrkiye kamuoyu 6-7 Eyl\u00fcl [&hellip;]\" \/>\n<meta property=\"og:url\" content=\"https:\/\/akunq.net\/tr\/?p=60136\" \/>\n<meta property=\"og:site_name\" content=\"Bati Ermenistan Ve Bati Ermenileri Sorunlari Ara\u015ftirmalar Merkezi\" \/>\n<meta property=\"article:published_time\" content=\"2020-11-12T10:01:23+00:00\" \/>\n<meta property=\"og:image\" content=\"https:\/\/akunq.net\/tr\/wp-content\/uploads\/sites\/6\/2020\/11\/Varl\u0131k-Vergisi-1.jpeg\" \/>\n\t<meta property=\"og:image:width\" content=\"354\" \/>\n\t<meta property=\"og:image:height\" content=\"558\" \/>\n\t<meta property=\"og:image:type\" content=\"image\/jpeg\" \/>\n<meta name=\"author\" content=\"admin\" \/>\n<meta name=\"twitter:card\" content=\"summary_large_image\" \/>\n<meta name=\"twitter:label1\" content=\"Written by\" \/>\n\t<meta name=\"twitter:data1\" content=\"admin\" \/>\n\t<meta name=\"twitter:label2\" content=\"Est. reading time\" \/>\n\t<meta name=\"twitter:data2\" content=\"5 minutes\" \/>\n<script type=\"application\/ld+json\" class=\"yoast-schema-graph\">{\"@context\":\"https:\\\/\\\/schema.org\",\"@graph\":[{\"@type\":\"Article\",\"@id\":\"https:\\\/\\\/akunq.net\\\/tr\\\/?p=60136#article\",\"isPartOf\":{\"@id\":\"https:\\\/\\\/akunq.net\\\/tr\\\/?p=60136\"},\"author\":{\"name\":\"admin\",\"@id\":\"https:\\\/\\\/akunq.net\\\/tr\\\/#\\\/schema\\\/person\\\/096f1d38a12cce57fb855b485ed24c9e\"},\"headline\":\"11 Kas\u0131m\u2019da \u00c7\u0131kan Varl\u0131k Vergisi H\u00e2l\u00e2 Toplumsal Haf\u0131zada Yok\",\"datePublished\":\"2020-11-12T10:01:23+00:00\",\"mainEntityOfPage\":{\"@id\":\"https:\\\/\\\/akunq.net\\\/tr\\\/?p=60136\"},\"wordCount\":961,\"commentCount\":0,\"image\":{\"@id\":\"https:\\\/\\\/akunq.net\\\/tr\\\/?p=60136#primaryimage\"},\"thumbnailUrl\":\"https:\\\/\\\/akunq.net\\\/tr\\\/wp-content\\\/uploads\\\/sites\\\/6\\\/2020\\\/11\\\/Varl\u0131k-Vergisi-1.jpeg\",\"articleSection\":[\"Haberler\",\"Makaleler\",\"Tan\u0131kl\u0131klar\",\"Tarih Sayfalar\u0131\",\"T\u00fcrkiye\u2019de Az\u0131nl\u0131klar\"],\"inLanguage\":\"en-US\",\"potentialAction\":[{\"@type\":\"CommentAction\",\"name\":\"Comment\",\"target\":[\"https:\\\/\\\/akunq.net\\\/tr\\\/?p=60136#respond\"]}]},{\"@type\":\"WebPage\",\"@id\":\"https:\\\/\\\/akunq.net\\\/tr\\\/?p=60136\",\"url\":\"https:\\\/\\\/akunq.net\\\/tr\\\/?p=60136\",\"name\":\"11 Kas\u0131m\u2019da \u00c7\u0131kan Varl\u0131k Vergisi H\u00e2l\u00e2 Toplumsal Haf\u0131zada Yok - Bati Ermenistan Ve Bati Ermenileri Sorunlari Ara\u015ftirmalar Merkezi\",\"isPartOf\":{\"@id\":\"https:\\\/\\\/akunq.net\\\/tr\\\/#website\"},\"primaryImageOfPage\":{\"@id\":\"https:\\\/\\\/akunq.net\\\/tr\\\/?p=60136#primaryimage\"},\"image\":{\"@id\":\"https:\\\/\\\/akunq.net\\\/tr\\\/?p=60136#primaryimage\"},\"thumbnailUrl\":\"https:\\\/\\\/akunq.net\\\/tr\\\/wp-content\\\/uploads\\\/sites\\\/6\\\/2020\\\/11\\\/Varl\u0131k-Vergisi-1.jpeg\",\"datePublished\":\"2020-11-12T10:01:23+00:00\",\"author\":{\"@id\":\"https:\\\/\\\/akunq.net\\\/tr\\\/#\\\/schema\\\/person\\\/096f1d38a12cce57fb855b485ed24c9e\"},\"breadcrumb\":{\"@id\":\"https:\\\/\\\/akunq.net\\\/tr\\\/?p=60136#breadcrumb\"},\"inLanguage\":\"en-US\",\"potentialAction\":[{\"@type\":\"ReadAction\",\"target\":[\"https:\\\/\\\/akunq.net\\\/tr\\\/?p=60136\"]}]},{\"@type\":\"ImageObject\",\"inLanguage\":\"en-US\",\"@id\":\"https:\\\/\\\/akunq.net\\\/tr\\\/?p=60136#primaryimage\",\"url\":\"https:\\\/\\\/akunq.net\\\/tr\\\/wp-content\\\/uploads\\\/sites\\\/6\\\/2020\\\/11\\\/Varl\u0131k-Vergisi-1.jpeg\",\"contentUrl\":\"https:\\\/\\\/akunq.net\\\/tr\\\/wp-content\\\/uploads\\\/sites\\\/6\\\/2020\\\/11\\\/Varl\u0131k-Vergisi-1.jpeg\",\"width\":354,\"height\":558},{\"@type\":\"BreadcrumbList\",\"@id\":\"https:\\\/\\\/akunq.net\\\/tr\\\/?p=60136#breadcrumb\",\"itemListElement\":[{\"@type\":\"ListItem\",\"position\":1,\"name\":\"Home\",\"item\":\"https:\\\/\\\/akunq.net\\\/tr\"},{\"@type\":\"ListItem\",\"position\":2,\"name\":\"11 Kas\u0131m\u2019da \u00c7\u0131kan Varl\u0131k Vergisi H\u00e2l\u00e2 Toplumsal Haf\u0131zada Yok\"}]},{\"@type\":\"WebSite\",\"@id\":\"https:\\\/\\\/akunq.net\\\/tr\\\/#website\",\"url\":\"https:\\\/\\\/akunq.net\\\/tr\\\/\",\"name\":\"Bati Ermenistan Ve Bati Ermenileri Sorunlari Ara\u015ftirmalar Merkezi\",\"description\":\"\",\"potentialAction\":[{\"@type\":\"SearchAction\",\"target\":{\"@type\":\"EntryPoint\",\"urlTemplate\":\"https:\\\/\\\/akunq.net\\\/tr\\\/?s={search_term_string}\"},\"query-input\":{\"@type\":\"PropertyValueSpecification\",\"valueRequired\":true,\"valueName\":\"search_term_string\"}}],\"inLanguage\":\"en-US\"},{\"@type\":\"Person\",\"@id\":\"https:\\\/\\\/akunq.net\\\/tr\\\/#\\\/schema\\\/person\\\/096f1d38a12cce57fb855b485ed24c9e\",\"name\":\"admin\",\"url\":\"https:\\\/\\\/akunq.net\\\/tr\\\/?author=7\"}]}<\/script>\n<!-- \/ Yoast SEO plugin. -->","yoast_head_json":{"title":"11 Kas\u0131m\u2019da \u00c7\u0131kan Varl\u0131k Vergisi H\u00e2l\u00e2 Toplumsal Haf\u0131zada Yok - Bati Ermenistan Ve Bati Ermenileri Sorunlari Ara\u015ftirmalar Merkezi","robots":{"index":"index","follow":"follow","max-snippet":"max-snippet:-1","max-image-preview":"max-image-preview:large","max-video-preview":"max-video-preview:-1"},"canonical":"https:\/\/akunq.net\/tr\/?p=60136","og_locale":"en_US","og_type":"article","og_title":"11 Kas\u0131m\u2019da \u00c7\u0131kan Varl\u0131k Vergisi H\u00e2l\u00e2 Toplumsal Haf\u0131zada Yok - Bati Ermenistan Ve Bati Ermenileri Sorunlari Ara\u015ftirmalar Merkezi","og_description":"NES\u0130 ALTARAS Dedem 6 ya\u015f\u0131ndayken bir g\u00fcn evinde b\u00fcy\u00fck bir olaya uyand\u0131. Salonun ortas\u0131nda bir adam ba\u011f\u0131r\u0131yor, onu izleyen bir kalabal\u0131k a\u00e7\u0131k art\u0131rmayla ailesinin e\u015fyalar\u0131n\u0131 sat\u0131n al\u0131yordu. G\u00f6z\u00fcn\u00fcn \u00f6n\u00fcnde renkli kalemleri, oyuncaklar\u0131 el de\u011fi\u015ftiriyordu. Varl\u0131k Vergisi dedi\u011fimiz olay binlerce Yahudi, Ermeni ve Rum\u2019a 1942\u2019den 1944\u2019e b\u00f6yle deneyimler ya\u015fatt\u0131. Ge\u00e7ti\u011fimiz 20 y\u0131lda T\u00fcrkiye kamuoyu 6-7 Eyl\u00fcl [&hellip;]","og_url":"https:\/\/akunq.net\/tr\/?p=60136","og_site_name":"Bati Ermenistan Ve Bati Ermenileri Sorunlari Ara\u015ftirmalar Merkezi","article_published_time":"2020-11-12T10:01:23+00:00","og_image":[{"width":354,"height":558,"url":"https:\/\/akunq.net\/tr\/wp-content\/uploads\/sites\/6\/2020\/11\/Varl\u0131k-Vergisi-1.jpeg","type":"image\/jpeg"}],"author":"admin","twitter_card":"summary_large_image","twitter_misc":{"Written by":"admin","Est. reading time":"5 minutes"},"schema":{"@context":"https:\/\/schema.org","@graph":[{"@type":"Article","@id":"https:\/\/akunq.net\/tr\/?p=60136#article","isPartOf":{"@id":"https:\/\/akunq.net\/tr\/?p=60136"},"author":{"name":"admin","@id":"https:\/\/akunq.net\/tr\/#\/schema\/person\/096f1d38a12cce57fb855b485ed24c9e"},"headline":"11 Kas\u0131m\u2019da \u00c7\u0131kan Varl\u0131k Vergisi H\u00e2l\u00e2 Toplumsal Haf\u0131zada Yok","datePublished":"2020-11-12T10:01:23+00:00","mainEntityOfPage":{"@id":"https:\/\/akunq.net\/tr\/?p=60136"},"wordCount":961,"commentCount":0,"image":{"@id":"https:\/\/akunq.net\/tr\/?p=60136#primaryimage"},"thumbnailUrl":"https:\/\/akunq.net\/tr\/wp-content\/uploads\/sites\/6\/2020\/11\/Varl\u0131k-Vergisi-1.jpeg","articleSection":["Haberler","Makaleler","Tan\u0131kl\u0131klar","Tarih Sayfalar\u0131","T\u00fcrkiye\u2019de Az\u0131nl\u0131klar"],"inLanguage":"en-US","potentialAction":[{"@type":"CommentAction","name":"Comment","target":["https:\/\/akunq.net\/tr\/?p=60136#respond"]}]},{"@type":"WebPage","@id":"https:\/\/akunq.net\/tr\/?p=60136","url":"https:\/\/akunq.net\/tr\/?p=60136","name":"11 Kas\u0131m\u2019da \u00c7\u0131kan Varl\u0131k Vergisi H\u00e2l\u00e2 Toplumsal Haf\u0131zada Yok - Bati Ermenistan Ve Bati Ermenileri Sorunlari Ara\u015ftirmalar Merkezi","isPartOf":{"@id":"https:\/\/akunq.net\/tr\/#website"},"primaryImageOfPage":{"@id":"https:\/\/akunq.net\/tr\/?p=60136#primaryimage"},"image":{"@id":"https:\/\/akunq.net\/tr\/?p=60136#primaryimage"},"thumbnailUrl":"https:\/\/akunq.net\/tr\/wp-content\/uploads\/sites\/6\/2020\/11\/Varl\u0131k-Vergisi-1.jpeg","datePublished":"2020-11-12T10:01:23+00:00","author":{"@id":"https:\/\/akunq.net\/tr\/#\/schema\/person\/096f1d38a12cce57fb855b485ed24c9e"},"breadcrumb":{"@id":"https:\/\/akunq.net\/tr\/?p=60136#breadcrumb"},"inLanguage":"en-US","potentialAction":[{"@type":"ReadAction","target":["https:\/\/akunq.net\/tr\/?p=60136"]}]},{"@type":"ImageObject","inLanguage":"en-US","@id":"https:\/\/akunq.net\/tr\/?p=60136#primaryimage","url":"https:\/\/akunq.net\/tr\/wp-content\/uploads\/sites\/6\/2020\/11\/Varl\u0131k-Vergisi-1.jpeg","contentUrl":"https:\/\/akunq.net\/tr\/wp-content\/uploads\/sites\/6\/2020\/11\/Varl\u0131k-Vergisi-1.jpeg","width":354,"height":558},{"@type":"BreadcrumbList","@id":"https:\/\/akunq.net\/tr\/?p=60136#breadcrumb","itemListElement":[{"@type":"ListItem","position":1,"name":"Home","item":"https:\/\/akunq.net\/tr"},{"@type":"ListItem","position":2,"name":"11 Kas\u0131m\u2019da \u00c7\u0131kan Varl\u0131k Vergisi H\u00e2l\u00e2 Toplumsal Haf\u0131zada Yok"}]},{"@type":"WebSite","@id":"https:\/\/akunq.net\/tr\/#website","url":"https:\/\/akunq.net\/tr\/","name":"Bati Ermenistan Ve Bati Ermenileri Sorunlari Ara\u015ftirmalar Merkezi","description":"","potentialAction":[{"@type":"SearchAction","target":{"@type":"EntryPoint","urlTemplate":"https:\/\/akunq.net\/tr\/?s={search_term_string}"},"query-input":{"@type":"PropertyValueSpecification","valueRequired":true,"valueName":"search_term_string"}}],"inLanguage":"en-US"},{"@type":"Person","@id":"https:\/\/akunq.net\/tr\/#\/schema\/person\/096f1d38a12cce57fb855b485ed24c9e","name":"admin","url":"https:\/\/akunq.net\/tr\/?author=7"}]}},"_links":{"self":[{"href":"https:\/\/akunq.net\/tr\/index.php?rest_route=\/wp\/v2\/posts\/60136","targetHints":{"allow":["GET"]}}],"collection":[{"href":"https:\/\/akunq.net\/tr\/index.php?rest_route=\/wp\/v2\/posts"}],"about":[{"href":"https:\/\/akunq.net\/tr\/index.php?rest_route=\/wp\/v2\/types\/post"}],"author":[{"embeddable":true,"href":"https:\/\/akunq.net\/tr\/index.php?rest_route=\/wp\/v2\/users\/7"}],"replies":[{"embeddable":true,"href":"https:\/\/akunq.net\/tr\/index.php?rest_route=%2Fwp%2Fv2%2Fcomments&post=60136"}],"version-history":[{"count":1,"href":"https:\/\/akunq.net\/tr\/index.php?rest_route=\/wp\/v2\/posts\/60136\/revisions"}],"predecessor-version":[{"id":60138,"href":"https:\/\/akunq.net\/tr\/index.php?rest_route=\/wp\/v2\/posts\/60136\/revisions\/60138"}],"wp:featuredmedia":[{"embeddable":true,"href":"https:\/\/akunq.net\/tr\/index.php?rest_route=\/wp\/v2\/media\/60137"}],"wp:attachment":[{"href":"https:\/\/akunq.net\/tr\/index.php?rest_route=%2Fwp%2Fv2%2Fmedia&parent=60136"}],"wp:term":[{"taxonomy":"category","embeddable":true,"href":"https:\/\/akunq.net\/tr\/index.php?rest_route=%2Fwp%2Fv2%2Fcategories&post=60136"},{"taxonomy":"post_tag","embeddable":true,"href":"https:\/\/akunq.net\/tr\/index.php?rest_route=%2Fwp%2Fv2%2Ftags&post=60136"}],"curies":[{"name":"wp","href":"https:\/\/api.w.org\/{rel}","templated":true}]}}