{"id":60133,"date":"2020-11-12T04:47:01","date_gmt":"2020-11-12T09:47:01","guid":{"rendered":"https:\/\/akunq.net\/tr\/?p=60133"},"modified":"2020-11-12T04:47:01","modified_gmt":"2020-11-12T09:47:01","slug":"varlik-vergisinin-78-yili-azinliklari-yikima-goturen-varlik-vergisi-nedir","status":"publish","type":"post","link":"https:\/\/akunq.net\/tr\/?p=60133","title":{"rendered":"Varl\u0131k Vergisi\u2019nin 78. y\u0131l\u0131: Az\u0131nl\u0131klar\u0131 y\u0131k\u0131ma g\u00f6t\u00fcren Varl\u0131k Vergisi nedir?"},"content":{"rendered":"<p><img loading=\"lazy\" decoding=\"async\" class=\"aligncenter size-medium wp-image-60134\" src=\"https:\/\/akunq.net\/tr\/wp-content\/uploads\/2020\/11\/Varl\u0131k-Vergisi-360x266.jpeg\" alt=\"\" width=\"360\" height=\"266\" srcset=\"https:\/\/akunq.net\/tr\/wp-content\/uploads\/sites\/6\/2020\/11\/Varl\u0131k-Vergisi-360x266.jpeg 360w, https:\/\/akunq.net\/tr\/wp-content\/uploads\/sites\/6\/2020\/11\/Varl\u0131k-Vergisi-768x568.jpeg 768w, https:\/\/akunq.net\/tr\/wp-content\/uploads\/sites\/6\/2020\/11\/Varl\u0131k-Vergisi-560x414.jpeg 560w, https:\/\/akunq.net\/tr\/wp-content\/uploads\/sites\/6\/2020\/11\/Varl\u0131k-Vergisi-260x192.jpeg 260w, https:\/\/akunq.net\/tr\/wp-content\/uploads\/sites\/6\/2020\/11\/Varl\u0131k-Vergisi-160x118.jpeg 160w, https:\/\/akunq.net\/tr\/wp-content\/uploads\/sites\/6\/2020\/11\/Varl\u0131k-Vergisi.jpeg 1024w\" sizes=\"auto, (max-width: 360px) 100vw, 360px\" \/><\/p>\n<p><em><strong>TBMM\u2019de 11 Kas\u0131m 1942\u2019de oy birli\u011fiyle kabul edilen Varl\u0131k Vergisi, T\u00fcrkiye\u2019de son kalan az\u0131nl\u0131k toplumlar\u0131n\u0131n maddi olarak \u00e7\u00f6k\u00fc\u015f\u00fcne ve daha sonra g\u00f6\u00e7\u00fcne yol a\u00e7t\u0131. Verginin kabul\u00fcn\u00fcn 78. y\u0131l\u0131nda HDP\u2019li Garo Paylan, Varl\u0131k Vergisi nedeniyle olu\u015fan hak ihlallerinin ara\u015ft\u0131r\u0131lmas\u0131 i\u00e7in meclise ara\u015ft\u0131rma \u00f6nergesi verdi.<\/strong><\/em><\/p>\n<p>T\u00fcrkiye\u2019deki az\u0131nl\u0131k toplumlar\u0131n\u0131n b\u00fcy\u00fck bir y\u0131k\u0131m ya\u015famas\u0131na neden olan Varl\u0131k Vergisi yasas\u0131 78 y\u0131l \u00f6nce TBMM taraf\u0131ndan oybirli\u011fiyle kabul edildi. Vergiyi \u00f6deyemeyen m\u00fckellefler aras\u0131nda T\u00fcrkiye\u2019yi terk etmek zorunda kalanlar ya da bu ola\u011fan\u00fcst\u00fc vergiyi \u00f6demek i\u00e7in mallar\u0131n\u0131 yok pahas\u0131na, hara\u00e7-mezat satanlar, i\u015flerini, t\u00fcm varl\u0131klar\u0131n\u0131 ve hayatlar\u0131n\u0131 kaybedenler oldu. Peki Varl\u0131k vergisi nedir? Ne zaman y\u00fcr\u00fcrl\u00fc\u011fe girdi? Ne kadar vergi toplant\u0131? Verginin ne kadar\u0131n\u0131 az\u0131nl\u0131k halklar\u0131 \u00f6dedi?<\/p>\n<p><strong>HDP\u2019L\u0130 PAYLAN\u2019DAN \u2018ARA\u015eTIRILSIN\u2019 TALEB\u0130\u00a0<\/strong><\/p>\n<p>HDP\u2019nin Ermeni Milletvekili Garo Paylan, Varl\u0131k Vergisi Kanununun 78. y\u0131l\u0131nda TBMM\u2019ye bir ara\u015ft\u0131rma \u00f6nergesi vererek, bu vergi nedeniyle olu\u015fan hak ihlallerinin ara\u015ft\u0131r\u0131lmas\u0131 ve adaletin sa\u011flanarak T\u00fcrkiye halklar\u0131n\u0131n birlikte, adilce ya\u015fama iradesinin ve umudunun tekrar canlanabilmesi i\u00e7in bir meclis ara\u015ft\u0131rmas\u0131 a\u00e7\u0131lmas\u0131n\u0131 talep etti.<\/p>\n<p><strong>\u2018CAN VE MAL KAYIPLARI \u0130LE KAMU G\u00d6REVL\u0130LER\u0130 TESP\u0130T ED\u0130LS\u0130N\u2019\u00a0<\/strong><\/p>\n<p>Paylan, \u00f6nergesinde, \u201cVarl\u0131k Vergisi yasas\u0131n\u0131 haz\u0131rlayan ve uygulayan kamu g\u00f6revlilerinin belirlenmesi, ya\u015fanan can ve mal kay\u0131plar\u0131n\u0131n tespit edilmesi, ma\u011fdur olan ki\u015filerin maddi ve manevi kay\u0131plar\u0131n\u0131n tazmin edilmesi, bu sayede ge\u00e7mi\u015fle y\u00fczle\u015fmenin sa\u011flanmas\u0131 ve ge\u00e7 de olsa adaletin yerini bulmas\u0131 i\u00e7in, Anayasa\u2019n\u0131n 98\u2019inci, \u0130\u00e7 T\u00fcz\u00fc\u011f\u00fcn 104\u2019\u00fcnc\u00fc ve 105\u2019inci maddeleri gere\u011fince Meclis Ara\u015ft\u0131rmas\u0131 a\u00e7\u0131lmas\u0131 i\u00e7in gere\u011fini arz ve teklif ederiz\u201d ifadelerini kulland\u0131.<\/p>\n<figure class=\"wp-block-image size-large\"><img loading=\"lazy\" decoding=\"async\" class=\"wp-image-276838\" src=\"https:\/\/i0.wp.com\/hyetert.org\/wp-content\/uploads\/2019\/09\/b%C4%B1y%C4%B1k-2.jpg?resize=900%2C475&amp;ssl=1\" sizes=\"auto, (max-width: 900px) 100vw, 900px\" srcset=\"https:\/\/i0.wp.com\/hyetert.org\/wp-content\/uploads\/2019\/09\/b\u0131y\u0131k-2.jpg?w=900&amp;ssl=1 900w, https:\/\/i0.wp.com\/hyetert.org\/wp-content\/uploads\/2019\/09\/b\u0131y\u0131k-2.jpg?resize=300%2C158&amp;ssl=1 300w, https:\/\/i0.wp.com\/hyetert.org\/wp-content\/uploads\/2019\/09\/b\u0131y\u0131k-2.jpg?resize=768%2C405&amp;ssl=1 768w\" alt=\"\" width=\"900\" height=\"475\" data-recalc-dims=\"1\" \/><figcaption>6-7 Eyl\u00fcl 1955<\/figcaption><\/figure>\n<p><strong>VARLIK VERG\u0130S\u0130 NED\u0130R?\u00a0<\/strong><\/p>\n<p>Varl\u0131k Vergisi Kanununun 1. maddesi vergiyle ilgi olarak \u015fu ifadeyi kullanmaktad\u0131r: \u201cServet ve kazan\u00e7 sahiplerinin servetleri ve fevkalade kazan\u00e7lar\u0131 \u00fczerinden al\u0131nmak ve bir defaya mahsus olmak \u00fczere \u2018Varl\u0131k Vergisi\u2019 adiyle bir m\u00fckellefiyet tesis edilmi\u015ftir.\u201d \u0130kinci D\u00fcnya Sava\u015f\u0131\u2019n\u0131n devam etti\u011fi ko\u015fullarda \u2018bir defaya mahsus\u2019 olarak \u00e7\u0131kar\u0131lan bir servet vergisidir.<\/p>\n<p><strong>VARLIK VERG\u0130S\u0130 NE ZAMAN Y\u00dcR\u00dcRL\u00dc\u011eE G\u0130RD\u0130?\u00a0<\/strong><\/p>\n<p>Vatanda\u015flardan servet vergisi al\u0131nmas\u0131n\u0131 d\u00fczenleyen Varl\u0131k Vergisi Kanunu, 11 Kas\u0131m 1942 tarihinde TBMM\u2019de 350 milletvekilin oybirli\u011fiyle kabul edildi ve y\u00fcr\u00fcrl\u00fc\u011fe girdi. TBMM\u2019de Kanun\u2019la ilgili konu\u015fan d\u00f6nemin Ba\u015fbakan\u0131 \u015e\u00fckr\u00fc Sara\u00e7o\u011flu, \u201cBu kanun ayn\u0131 zamanda bir devrim kanunudur. Bize ekonomik ba\u011f\u0131ms\u0131zl\u0131\u011f\u0131m\u0131z\u0131 kazand\u0131racak bir f\u0131rsat kar\u015f\u0131s\u0131nday\u0131z. Piyasam\u0131za egemen olan yabanc\u0131lar\u0131 b\u00f6ylece ortadan kald\u0131rarak, T\u00fcrk piyasas\u0131n\u0131 T\u00fcrklerin eline verece\u011fiz\u201d ifadelerini kulland\u0131.<\/p>\n<p><strong>NE KADAR VERG\u0130 TOPLANDI?\u00a0<\/strong><\/p>\n<p>Varl\u0131k Vergisi m\u00fckelleflerinin y\u00fczde 87\u2019si, n\u00fcfusun y\u00fczde 3\u2019\u00fcn\u00fc olu\u015fturan Hristiyan ve Musevi az\u0131nl\u0131klardan olu\u015fuyordu. Bu yurtta\u015flardan M\u00fcsl\u00fcmanlardan misliyle farkl\u0131 olarak, y\u00fczde 50 oran\u0131nda vergi al\u0131n\u0131yordu. Varl\u0131k Vergisi kapsam\u0131nda toplam 314.900.000 TL vergi tahsil edildi. Bu say\u0131n\u0131n y\u00fczde 70\u2019i Anadolu\u2019dan topland\u0131. Toplam tahsilat, 394 milyon TL olan 1942 devlet b\u00fct\u00e7esinin y\u00fczde 80\u2019ini buluyordu. 1935 say\u0131m\u0131nda T\u00fcrkiye n\u00fcfusuna oran\u0131 y\u00fczde 1,98 olan gayrim\u00fcslim az\u0131nl\u0131klar, vergiden sonra ba\u015flayan g\u00f6\u00e7 nedeniyle 1945\u2019te y\u00fczde 1,56\u2019ya ve 1955\u2019te ise y\u00fczde 1,08\u2019e kadar d\u00fc\u015ft\u00fc.<\/p>\n<p><strong>VARLIK VERG\u0130S\u0130N\u0130 VEREMEYENLER NE OLDU?<\/strong><\/p>\n<figure class=\"wp-block-image size-large\"><img loading=\"lazy\" decoding=\"async\" class=\"wp-image-358292\" src=\"https:\/\/i1.wp.com\/hyetert.org\/wp-content\/uploads\/2020\/11\/7E9FDBB6-3407-470C-B94A-C72BD0BBD391.jpeg?resize=620%2C400&amp;ssl=1\" sizes=\"auto, (max-width: 620px) 100vw, 620px\" srcset=\"https:\/\/i1.wp.com\/hyetert.org\/wp-content\/uploads\/2020\/11\/7E9FDBB6-3407-470C-B94A-C72BD0BBD391.jpeg?w=620&amp;ssl=1 620w, https:\/\/i1.wp.com\/hyetert.org\/wp-content\/uploads\/2020\/11\/7E9FDBB6-3407-470C-B94A-C72BD0BBD391.jpeg?resize=300%2C194&amp;ssl=1 300w\" alt=\"\" width=\"620\" height=\"400\" data-recalc-dims=\"1\" \/><\/figure>\n<p>\u0130kinci D\u00fcnya Sava\u015f\u0131\u2019n\u0131n yokluk y\u0131llar\u0131nda Varl\u0131k Vergisi\u2019yle, Hristiyan ve Musevi T\u00fcrkiye vatanda\u015flar\u0131 b\u00fcy\u00fck bir y\u0131k\u0131m daha ya\u015fad\u0131. Y\u0131k\u0131c\u0131 vergiyi \u00f6deyemeyen vatanda\u015flar aras\u0131nda; T\u00fcrkiye\u2019yi terk etmek zorunda kalanlar, vergiyi \u00f6demek i\u00e7in mallar\u0131n\u0131 yok pahas\u0131na hara\u00e7-mezat satanlar, i\u015flerini, t\u00fcm varl\u0131klar\u0131n\u0131, hatta hayatlar\u0131n\u0131 kaybedenler oldu. Vergiyi \u00f6deyebilecek g\u00fcce sahip olmayan Hristiyanlar ve Museviler, 27 Ocak 1943 tarihinden itibaren Eski\u015fehir\u2019in Sivrihisar ve Erzurum\u2019un A\u015fkale il\u00e7elerindeki \u00e7al\u0131\u015fma kamplar\u0131na g\u00f6nderilmek \u00fczere baz\u0131 merkezlerde topland\u0131lar. \u00c7al\u0131\u015fmak i\u00e7in g\u00f6nderilenler aras\u0131ndan 20\u2019nin \u00fczerinde ki\u015finin de hayat\u0131n\u0131 kaybetti\u011fi tahmin ediliyor.<\/p>\n<p><strong>\u2018\u00d6DEMEYENLER BELED\u0130YE H\u0130ZMETLER\u0130NDE \u00c7ALI\u015eTIRILIR\u2019\u00a0<\/strong><\/p>\n<p>D\u00f6nemin Resmi gazetesinde bu \u00e7al\u0131\u015fma kamp\u0131na g\u00f6nderilmeyle ilgili, \u201cTalik tarihinden itibaren bir ay zarf\u0131nda bor\u00e7lar\u0131n\u0131 \u00f6demeyen m\u00fckellefler bor\u00e7lar\u0131n\u0131 tamamen \u00f6deyinceye kadar memleketin herhangi bir yerinde bedeni kabiliyetlerine g\u00f6re asker\u00ee mahiyeti haiz olmayan umum\u00ee hizmetlerde veya belediye hizmetlerinde \u00e7al\u0131\u015ft\u0131r\u0131l\u0131rlar\u201d ifadelerine<a href=\"https:\/\/www.resmigazete.gov.tr\/arsiv\/5255.pdf\">\u00a0yer verildi.<\/a><\/p>\n<p><em><strong><a href=\"https:\/\/kronos34.news\/tr\/varlik-vergisinin-78-yili-azinliklari-yikima-goturen-varlik-vergisi-nedir\/\">https:\/\/kronos34.news\/tr\/varlik-vergisinin-78-yili-azinliklari-yikima-goturen-varlik-vergisi-nedir\/<\/a><\/strong><\/em><\/p>\n","protected":false},"excerpt":{"rendered":"<p>TBMM\u2019de 11 Kas\u0131m 1942\u2019de oy birli\u011fiyle kabul edilen Varl\u0131k Vergisi, T\u00fcrkiye\u2019de son kalan az\u0131nl\u0131k toplumlar\u0131n\u0131n maddi olarak \u00e7\u00f6k\u00fc\u015f\u00fcne ve daha sonra g\u00f6\u00e7\u00fcne yol a\u00e7t\u0131. Verginin kabul\u00fcn\u00fcn 78. y\u0131l\u0131nda HDP\u2019li Garo Paylan, Varl\u0131k Vergisi nedeniyle olu\u015fan hak ihlallerinin ara\u015ft\u0131r\u0131lmas\u0131 i\u00e7in meclise ara\u015ft\u0131rma \u00f6nergesi verdi. T\u00fcrkiye\u2019deki az\u0131nl\u0131k toplumlar\u0131n\u0131n b\u00fcy\u00fck bir y\u0131k\u0131m ya\u015famas\u0131na neden olan Varl\u0131k Vergisi yasas\u0131 [&hellip;]<\/p>\n","protected":false},"author":7,"featured_media":60134,"comment_status":"open","ping_status":"open","sticky":false,"template":"","format":"standard","meta":{"footnotes":""},"categories":[1,20,53],"tags":[],"class_list":["post-60133","post","type-post","status-publish","format-standard","has-post-thumbnail","hentry","category-haberler","category-tarih-sayfalari","category-turkiyede-azinliklar"],"yoast_head":"<!-- This site is optimized with the Yoast SEO plugin v27.4 - https:\/\/yoast.com\/product\/yoast-seo-wordpress\/ -->\n<title>Varl\u0131k Vergisi\u2019nin 78. y\u0131l\u0131: Az\u0131nl\u0131klar\u0131 y\u0131k\u0131ma g\u00f6t\u00fcren Varl\u0131k Vergisi nedir? - Bati Ermenistan Ve Bati Ermenileri Sorunlari Ara\u015ftirmalar Merkezi<\/title>\n<meta name=\"robots\" content=\"index, follow, max-snippet:-1, max-image-preview:large, max-video-preview:-1\" \/>\n<link rel=\"canonical\" href=\"https:\/\/akunq.net\/tr\/?p=60133\" \/>\n<meta property=\"og:locale\" content=\"en_US\" \/>\n<meta property=\"og:type\" content=\"article\" \/>\n<meta property=\"og:title\" content=\"Varl\u0131k Vergisi\u2019nin 78. y\u0131l\u0131: Az\u0131nl\u0131klar\u0131 y\u0131k\u0131ma g\u00f6t\u00fcren Varl\u0131k Vergisi nedir? - Bati Ermenistan Ve Bati Ermenileri Sorunlari Ara\u015ftirmalar Merkezi\" \/>\n<meta property=\"og:description\" content=\"TBMM\u2019de 11 Kas\u0131m 1942\u2019de oy birli\u011fiyle kabul edilen Varl\u0131k Vergisi, T\u00fcrkiye\u2019de son kalan az\u0131nl\u0131k toplumlar\u0131n\u0131n maddi olarak \u00e7\u00f6k\u00fc\u015f\u00fcne ve daha sonra g\u00f6\u00e7\u00fcne yol a\u00e7t\u0131. Verginin kabul\u00fcn\u00fcn 78. y\u0131l\u0131nda HDP\u2019li Garo Paylan, Varl\u0131k Vergisi nedeniyle olu\u015fan hak ihlallerinin ara\u015ft\u0131r\u0131lmas\u0131 i\u00e7in meclise ara\u015ft\u0131rma \u00f6nergesi verdi. T\u00fcrkiye\u2019deki az\u0131nl\u0131k toplumlar\u0131n\u0131n b\u00fcy\u00fck bir y\u0131k\u0131m ya\u015famas\u0131na neden olan Varl\u0131k Vergisi yasas\u0131 [&hellip;]\" \/>\n<meta property=\"og:url\" content=\"https:\/\/akunq.net\/tr\/?p=60133\" \/>\n<meta property=\"og:site_name\" content=\"Bati Ermenistan Ve Bati Ermenileri Sorunlari Ara\u015ftirmalar Merkezi\" \/>\n<meta property=\"article:published_time\" content=\"2020-11-12T09:47:01+00:00\" \/>\n<meta property=\"og:image\" content=\"https:\/\/akunq.net\/tr\/wp-content\/uploads\/sites\/6\/2020\/11\/Varl\u0131k-Vergisi.jpeg\" \/>\n\t<meta property=\"og:image:width\" content=\"1024\" \/>\n\t<meta property=\"og:image:height\" content=\"757\" \/>\n\t<meta property=\"og:image:type\" content=\"image\/jpeg\" \/>\n<meta name=\"author\" content=\"admin\" \/>\n<meta name=\"twitter:card\" content=\"summary_large_image\" \/>\n<meta name=\"twitter:label1\" content=\"Written by\" \/>\n\t<meta name=\"twitter:data1\" content=\"admin\" \/>\n\t<meta name=\"twitter:label2\" content=\"Est. reading time\" \/>\n\t<meta name=\"twitter:data2\" content=\"4 minutes\" \/>\n<script type=\"application\/ld+json\" class=\"yoast-schema-graph\">{\"@context\":\"https:\\\/\\\/schema.org\",\"@graph\":[{\"@type\":\"Article\",\"@id\":\"https:\\\/\\\/akunq.net\\\/tr\\\/?p=60133#article\",\"isPartOf\":{\"@id\":\"https:\\\/\\\/akunq.net\\\/tr\\\/?p=60133\"},\"author\":{\"name\":\"admin\",\"@id\":\"https:\\\/\\\/akunq.net\\\/tr\\\/#\\\/schema\\\/person\\\/096f1d38a12cce57fb855b485ed24c9e\"},\"headline\":\"Varl\u0131k Vergisi\u2019nin 78. y\u0131l\u0131: Az\u0131nl\u0131klar\u0131 y\u0131k\u0131ma g\u00f6t\u00fcren Varl\u0131k Vergisi nedir?\",\"datePublished\":\"2020-11-12T09:47:01+00:00\",\"mainEntityOfPage\":{\"@id\":\"https:\\\/\\\/akunq.net\\\/tr\\\/?p=60133\"},\"wordCount\":841,\"commentCount\":0,\"image\":{\"@id\":\"https:\\\/\\\/akunq.net\\\/tr\\\/?p=60133#primaryimage\"},\"thumbnailUrl\":\"https:\\\/\\\/akunq.net\\\/tr\\\/wp-content\\\/uploads\\\/sites\\\/6\\\/2020\\\/11\\\/Varl\u0131k-Vergisi.jpeg\",\"articleSection\":[\"Haberler\",\"Tarih Sayfalar\u0131\",\"T\u00fcrkiye\u2019de Az\u0131nl\u0131klar\"],\"inLanguage\":\"en-US\",\"potentialAction\":[{\"@type\":\"CommentAction\",\"name\":\"Comment\",\"target\":[\"https:\\\/\\\/akunq.net\\\/tr\\\/?p=60133#respond\"]}]},{\"@type\":\"WebPage\",\"@id\":\"https:\\\/\\\/akunq.net\\\/tr\\\/?p=60133\",\"url\":\"https:\\\/\\\/akunq.net\\\/tr\\\/?p=60133\",\"name\":\"Varl\u0131k Vergisi\u2019nin 78. y\u0131l\u0131: Az\u0131nl\u0131klar\u0131 y\u0131k\u0131ma g\u00f6t\u00fcren Varl\u0131k Vergisi nedir? - Bati Ermenistan Ve Bati Ermenileri Sorunlari Ara\u015ftirmalar Merkezi\",\"isPartOf\":{\"@id\":\"https:\\\/\\\/akunq.net\\\/tr\\\/#website\"},\"primaryImageOfPage\":{\"@id\":\"https:\\\/\\\/akunq.net\\\/tr\\\/?p=60133#primaryimage\"},\"image\":{\"@id\":\"https:\\\/\\\/akunq.net\\\/tr\\\/?p=60133#primaryimage\"},\"thumbnailUrl\":\"https:\\\/\\\/akunq.net\\\/tr\\\/wp-content\\\/uploads\\\/sites\\\/6\\\/2020\\\/11\\\/Varl\u0131k-Vergisi.jpeg\",\"datePublished\":\"2020-11-12T09:47:01+00:00\",\"author\":{\"@id\":\"https:\\\/\\\/akunq.net\\\/tr\\\/#\\\/schema\\\/person\\\/096f1d38a12cce57fb855b485ed24c9e\"},\"breadcrumb\":{\"@id\":\"https:\\\/\\\/akunq.net\\\/tr\\\/?p=60133#breadcrumb\"},\"inLanguage\":\"en-US\",\"potentialAction\":[{\"@type\":\"ReadAction\",\"target\":[\"https:\\\/\\\/akunq.net\\\/tr\\\/?p=60133\"]}]},{\"@type\":\"ImageObject\",\"inLanguage\":\"en-US\",\"@id\":\"https:\\\/\\\/akunq.net\\\/tr\\\/?p=60133#primaryimage\",\"url\":\"https:\\\/\\\/akunq.net\\\/tr\\\/wp-content\\\/uploads\\\/sites\\\/6\\\/2020\\\/11\\\/Varl\u0131k-Vergisi.jpeg\",\"contentUrl\":\"https:\\\/\\\/akunq.net\\\/tr\\\/wp-content\\\/uploads\\\/sites\\\/6\\\/2020\\\/11\\\/Varl\u0131k-Vergisi.jpeg\",\"width\":1024,\"height\":757},{\"@type\":\"BreadcrumbList\",\"@id\":\"https:\\\/\\\/akunq.net\\\/tr\\\/?p=60133#breadcrumb\",\"itemListElement\":[{\"@type\":\"ListItem\",\"position\":1,\"name\":\"Home\",\"item\":\"https:\\\/\\\/akunq.net\\\/tr\"},{\"@type\":\"ListItem\",\"position\":2,\"name\":\"Varl\u0131k Vergisi\u2019nin 78. y\u0131l\u0131: Az\u0131nl\u0131klar\u0131 y\u0131k\u0131ma g\u00f6t\u00fcren Varl\u0131k Vergisi nedir?\"}]},{\"@type\":\"WebSite\",\"@id\":\"https:\\\/\\\/akunq.net\\\/tr\\\/#website\",\"url\":\"https:\\\/\\\/akunq.net\\\/tr\\\/\",\"name\":\"Bati Ermenistan Ve Bati Ermenileri Sorunlari Ara\u015ftirmalar Merkezi\",\"description\":\"\",\"potentialAction\":[{\"@type\":\"SearchAction\",\"target\":{\"@type\":\"EntryPoint\",\"urlTemplate\":\"https:\\\/\\\/akunq.net\\\/tr\\\/?s={search_term_string}\"},\"query-input\":{\"@type\":\"PropertyValueSpecification\",\"valueRequired\":true,\"valueName\":\"search_term_string\"}}],\"inLanguage\":\"en-US\"},{\"@type\":\"Person\",\"@id\":\"https:\\\/\\\/akunq.net\\\/tr\\\/#\\\/schema\\\/person\\\/096f1d38a12cce57fb855b485ed24c9e\",\"name\":\"admin\",\"url\":\"https:\\\/\\\/akunq.net\\\/tr\\\/?author=7\"}]}<\/script>\n<!-- \/ Yoast SEO plugin. -->","yoast_head_json":{"title":"Varl\u0131k Vergisi\u2019nin 78. y\u0131l\u0131: Az\u0131nl\u0131klar\u0131 y\u0131k\u0131ma g\u00f6t\u00fcren Varl\u0131k Vergisi nedir? - Bati Ermenistan Ve Bati Ermenileri Sorunlari Ara\u015ftirmalar Merkezi","robots":{"index":"index","follow":"follow","max-snippet":"max-snippet:-1","max-image-preview":"max-image-preview:large","max-video-preview":"max-video-preview:-1"},"canonical":"https:\/\/akunq.net\/tr\/?p=60133","og_locale":"en_US","og_type":"article","og_title":"Varl\u0131k Vergisi\u2019nin 78. y\u0131l\u0131: Az\u0131nl\u0131klar\u0131 y\u0131k\u0131ma g\u00f6t\u00fcren Varl\u0131k Vergisi nedir? - Bati Ermenistan Ve Bati Ermenileri Sorunlari Ara\u015ftirmalar Merkezi","og_description":"TBMM\u2019de 11 Kas\u0131m 1942\u2019de oy birli\u011fiyle kabul edilen Varl\u0131k Vergisi, T\u00fcrkiye\u2019de son kalan az\u0131nl\u0131k toplumlar\u0131n\u0131n maddi olarak \u00e7\u00f6k\u00fc\u015f\u00fcne ve daha sonra g\u00f6\u00e7\u00fcne yol a\u00e7t\u0131. Verginin kabul\u00fcn\u00fcn 78. y\u0131l\u0131nda HDP\u2019li Garo Paylan, Varl\u0131k Vergisi nedeniyle olu\u015fan hak ihlallerinin ara\u015ft\u0131r\u0131lmas\u0131 i\u00e7in meclise ara\u015ft\u0131rma \u00f6nergesi verdi. T\u00fcrkiye\u2019deki az\u0131nl\u0131k toplumlar\u0131n\u0131n b\u00fcy\u00fck bir y\u0131k\u0131m ya\u015famas\u0131na neden olan Varl\u0131k Vergisi yasas\u0131 [&hellip;]","og_url":"https:\/\/akunq.net\/tr\/?p=60133","og_site_name":"Bati Ermenistan Ve Bati Ermenileri Sorunlari Ara\u015ftirmalar Merkezi","article_published_time":"2020-11-12T09:47:01+00:00","og_image":[{"width":1024,"height":757,"url":"https:\/\/akunq.net\/tr\/wp-content\/uploads\/sites\/6\/2020\/11\/Varl\u0131k-Vergisi.jpeg","type":"image\/jpeg"}],"author":"admin","twitter_card":"summary_large_image","twitter_misc":{"Written by":"admin","Est. reading time":"4 minutes"},"schema":{"@context":"https:\/\/schema.org","@graph":[{"@type":"Article","@id":"https:\/\/akunq.net\/tr\/?p=60133#article","isPartOf":{"@id":"https:\/\/akunq.net\/tr\/?p=60133"},"author":{"name":"admin","@id":"https:\/\/akunq.net\/tr\/#\/schema\/person\/096f1d38a12cce57fb855b485ed24c9e"},"headline":"Varl\u0131k Vergisi\u2019nin 78. y\u0131l\u0131: Az\u0131nl\u0131klar\u0131 y\u0131k\u0131ma g\u00f6t\u00fcren Varl\u0131k Vergisi nedir?","datePublished":"2020-11-12T09:47:01+00:00","mainEntityOfPage":{"@id":"https:\/\/akunq.net\/tr\/?p=60133"},"wordCount":841,"commentCount":0,"image":{"@id":"https:\/\/akunq.net\/tr\/?p=60133#primaryimage"},"thumbnailUrl":"https:\/\/akunq.net\/tr\/wp-content\/uploads\/sites\/6\/2020\/11\/Varl\u0131k-Vergisi.jpeg","articleSection":["Haberler","Tarih Sayfalar\u0131","T\u00fcrkiye\u2019de Az\u0131nl\u0131klar"],"inLanguage":"en-US","potentialAction":[{"@type":"CommentAction","name":"Comment","target":["https:\/\/akunq.net\/tr\/?p=60133#respond"]}]},{"@type":"WebPage","@id":"https:\/\/akunq.net\/tr\/?p=60133","url":"https:\/\/akunq.net\/tr\/?p=60133","name":"Varl\u0131k Vergisi\u2019nin 78. y\u0131l\u0131: Az\u0131nl\u0131klar\u0131 y\u0131k\u0131ma g\u00f6t\u00fcren Varl\u0131k Vergisi nedir? - Bati Ermenistan Ve Bati Ermenileri Sorunlari Ara\u015ftirmalar Merkezi","isPartOf":{"@id":"https:\/\/akunq.net\/tr\/#website"},"primaryImageOfPage":{"@id":"https:\/\/akunq.net\/tr\/?p=60133#primaryimage"},"image":{"@id":"https:\/\/akunq.net\/tr\/?p=60133#primaryimage"},"thumbnailUrl":"https:\/\/akunq.net\/tr\/wp-content\/uploads\/sites\/6\/2020\/11\/Varl\u0131k-Vergisi.jpeg","datePublished":"2020-11-12T09:47:01+00:00","author":{"@id":"https:\/\/akunq.net\/tr\/#\/schema\/person\/096f1d38a12cce57fb855b485ed24c9e"},"breadcrumb":{"@id":"https:\/\/akunq.net\/tr\/?p=60133#breadcrumb"},"inLanguage":"en-US","potentialAction":[{"@type":"ReadAction","target":["https:\/\/akunq.net\/tr\/?p=60133"]}]},{"@type":"ImageObject","inLanguage":"en-US","@id":"https:\/\/akunq.net\/tr\/?p=60133#primaryimage","url":"https:\/\/akunq.net\/tr\/wp-content\/uploads\/sites\/6\/2020\/11\/Varl\u0131k-Vergisi.jpeg","contentUrl":"https:\/\/akunq.net\/tr\/wp-content\/uploads\/sites\/6\/2020\/11\/Varl\u0131k-Vergisi.jpeg","width":1024,"height":757},{"@type":"BreadcrumbList","@id":"https:\/\/akunq.net\/tr\/?p=60133#breadcrumb","itemListElement":[{"@type":"ListItem","position":1,"name":"Home","item":"https:\/\/akunq.net\/tr"},{"@type":"ListItem","position":2,"name":"Varl\u0131k Vergisi\u2019nin 78. y\u0131l\u0131: Az\u0131nl\u0131klar\u0131 y\u0131k\u0131ma g\u00f6t\u00fcren Varl\u0131k Vergisi nedir?"}]},{"@type":"WebSite","@id":"https:\/\/akunq.net\/tr\/#website","url":"https:\/\/akunq.net\/tr\/","name":"Bati Ermenistan Ve Bati Ermenileri Sorunlari Ara\u015ftirmalar Merkezi","description":"","potentialAction":[{"@type":"SearchAction","target":{"@type":"EntryPoint","urlTemplate":"https:\/\/akunq.net\/tr\/?s={search_term_string}"},"query-input":{"@type":"PropertyValueSpecification","valueRequired":true,"valueName":"search_term_string"}}],"inLanguage":"en-US"},{"@type":"Person","@id":"https:\/\/akunq.net\/tr\/#\/schema\/person\/096f1d38a12cce57fb855b485ed24c9e","name":"admin","url":"https:\/\/akunq.net\/tr\/?author=7"}]}},"_links":{"self":[{"href":"https:\/\/akunq.net\/tr\/index.php?rest_route=\/wp\/v2\/posts\/60133","targetHints":{"allow":["GET"]}}],"collection":[{"href":"https:\/\/akunq.net\/tr\/index.php?rest_route=\/wp\/v2\/posts"}],"about":[{"href":"https:\/\/akunq.net\/tr\/index.php?rest_route=\/wp\/v2\/types\/post"}],"author":[{"embeddable":true,"href":"https:\/\/akunq.net\/tr\/index.php?rest_route=\/wp\/v2\/users\/7"}],"replies":[{"embeddable":true,"href":"https:\/\/akunq.net\/tr\/index.php?rest_route=%2Fwp%2Fv2%2Fcomments&post=60133"}],"version-history":[{"count":1,"href":"https:\/\/akunq.net\/tr\/index.php?rest_route=\/wp\/v2\/posts\/60133\/revisions"}],"predecessor-version":[{"id":60135,"href":"https:\/\/akunq.net\/tr\/index.php?rest_route=\/wp\/v2\/posts\/60133\/revisions\/60135"}],"wp:featuredmedia":[{"embeddable":true,"href":"https:\/\/akunq.net\/tr\/index.php?rest_route=\/wp\/v2\/media\/60134"}],"wp:attachment":[{"href":"https:\/\/akunq.net\/tr\/index.php?rest_route=%2Fwp%2Fv2%2Fmedia&parent=60133"}],"wp:term":[{"taxonomy":"category","embeddable":true,"href":"https:\/\/akunq.net\/tr\/index.php?rest_route=%2Fwp%2Fv2%2Fcategories&post=60133"},{"taxonomy":"post_tag","embeddable":true,"href":"https:\/\/akunq.net\/tr\/index.php?rest_route=%2Fwp%2Fv2%2Ftags&post=60133"}],"curies":[{"name":"wp","href":"https:\/\/api.w.org\/{rel}","templated":true}]}}