{"id":59842,"date":"2020-10-28T01:10:23","date_gmt":"2020-10-28T06:10:23","guid":{"rendered":"https:\/\/akunq.net\/tr\/?p=59842"},"modified":"2020-10-28T01:10:23","modified_gmt":"2020-10-28T06:10:23","slug":"ispanya-senato-uyesi-hukumet-artsakh-cumhuriyetini-tanimak-icin-hangi-adimlari-atacak","status":"publish","type":"post","link":"https:\/\/akunq.net\/tr\/?p=59842","title":{"rendered":"\u0130spanya Senato \u00fcyesi: H\u00fck\u00fcmet, Artsakh Cumhuriyeti&#8217;ni tan\u0131mak i\u00e7in hangi ad\u0131mlar\u0131 atacak?&#8221;"},"content":{"rendered":"<p><img loading=\"lazy\" decoding=\"async\" class=\"aligncenter size-medium wp-image-59843\" src=\"https:\/\/akunq.net\/tr\/wp-content\/uploads\/2020\/10\/\u0130spanya-Senato-\u00fcyesi-360x242.jpg\" alt=\"\" width=\"360\" height=\"242\" srcset=\"https:\/\/akunq.net\/tr\/wp-content\/uploads\/sites\/6\/2020\/10\/\u0130spanya-Senato-\u00fcyesi-360x242.jpg 360w, https:\/\/akunq.net\/tr\/wp-content\/uploads\/sites\/6\/2020\/10\/\u0130spanya-Senato-\u00fcyesi-560x376.jpg 560w, https:\/\/akunq.net\/tr\/wp-content\/uploads\/sites\/6\/2020\/10\/\u0130spanya-Senato-\u00fcyesi-260x175.jpg 260w, https:\/\/akunq.net\/tr\/wp-content\/uploads\/sites\/6\/2020\/10\/\u0130spanya-Senato-\u00fcyesi-160x107.jpg 160w, https:\/\/akunq.net\/tr\/wp-content\/uploads\/sites\/6\/2020\/10\/\u0130spanya-Senato-\u00fcyesi.jpg 670w\" sizes=\"auto, (max-width: 360px) 100vw, 360px\" \/><\/p>\n<p><em><strong>\u0130spanya Senato \u00fcyesi Carles Mulet Garcia, \u00fclke h\u00fck\u00fcmetine bir soru \u00f6nergesi sundu.<\/strong><\/em><\/p>\n<p>Garcia, H\u00fck\u00fcmetten \u015fu sorular\u0131n cevaplanmas\u0131n\u0131 talep etti.<\/p>\n<p>\u201cH\u00fck\u00fcmet, son 5 y\u0131l i\u00e7erisinde \u0130spanya taraf\u0131ndan T\u00fcrkiye ile Azerbaycan\u2019a sat\u0131lan silah hacmi hakk\u0131nda bilgi sahibi midir, de\u011fil midir?<\/p>\n<p>\u0130spanya H\u00fck\u00fcmeti, Ermneilere kar\u015f\u0131 s\u00fcrd\u00fcr\u00fclen sald\u0131r\u0131lar ile ilgili T\u00fckiye ve Azerbaycan\u2019a kar\u015f\u0131 diplomatik ad\u0131mlar atacak m\u0131d\u0131r?<\/p>\n<p>H\u00fck\u00fcmet, \u0130spanya halk\u0131 ve t\u00fcm uluslararas\u0131 camia ad\u0131na Artsakh Cumhuriyeti\u2019ni tan\u0131mak y\u00f6n\u00fcnde hangi ad\u0131mlar\u0131 atacakt\u0131r?\u201d<\/p>\n<p>Senato \u00fcyesi, H\u00fck\u00fcmete sundu\u011fu bu soru \u00f6nergesine dair ayr\u0131nt\u0131lar\u0131 \u201cTwitter\u201dde yay\u0131nlad\u0131.<\/p>\n<p><em><strong>https:\/\/www.ermenihaber.am\/tr\/news\/2020\/10\/27\/%C4%B0spanya-Garcia-Karaba%C4%9F\/196827\u00a0<\/strong><\/em><\/p>\n","protected":false},"excerpt":{"rendered":"<p>\u0130spanya Senato \u00fcyesi Carles Mulet Garcia, \u00fclke h\u00fck\u00fcmetine bir soru \u00f6nergesi sundu. Garcia, H\u00fck\u00fcmetten \u015fu sorular\u0131n cevaplanmas\u0131n\u0131 talep etti. \u201cH\u00fck\u00fcmet, son 5 y\u0131l i\u00e7erisinde \u0130spanya taraf\u0131ndan T\u00fcrkiye ile Azerbaycan\u2019a sat\u0131lan silah hacmi hakk\u0131nda bilgi sahibi midir, de\u011fil midir? \u0130spanya H\u00fck\u00fcmeti, Ermneilere kar\u015f\u0131 s\u00fcrd\u00fcr\u00fclen sald\u0131r\u0131lar ile ilgili T\u00fckiye ve Azerbaycan\u2019a kar\u015f\u0131 diplomatik ad\u0131mlar atacak m\u0131d\u0131r? H\u00fck\u00fcmet, [&hellip;]<\/p>\n","protected":false},"author":7,"featured_media":59843,"comment_status":"open","ping_status":"open","sticky":false,"template":"","format":"standard","meta":{"footnotes":""},"categories":[1],"tags":[],"class_list":["post-59842","post","type-post","status-publish","format-standard","has-post-thumbnail","hentry","category-haberler"],"yoast_head":"<!-- This site is optimized with the Yoast SEO plugin v27.4 - https:\/\/yoast.com\/product\/yoast-seo-wordpress\/ -->\n<title>\u0130spanya Senato \u00fcyesi: H\u00fck\u00fcmet, Artsakh Cumhuriyeti&#039;ni tan\u0131mak i\u00e7in hangi ad\u0131mlar\u0131 atacak?&quot; - Bati Ermenistan Ve Bati Ermenileri Sorunlari Ara\u015ftirmalar Merkezi<\/title>\n<meta name=\"robots\" content=\"index, follow, max-snippet:-1, max-image-preview:large, max-video-preview:-1\" \/>\n<link rel=\"canonical\" href=\"https:\/\/akunq.net\/tr\/?p=59842\" \/>\n<meta property=\"og:locale\" content=\"en_US\" \/>\n<meta property=\"og:type\" content=\"article\" \/>\n<meta property=\"og:title\" content=\"\u0130spanya Senato \u00fcyesi: H\u00fck\u00fcmet, Artsakh Cumhuriyeti&#039;ni tan\u0131mak i\u00e7in hangi ad\u0131mlar\u0131 atacak?&quot; - Bati Ermenistan Ve Bati Ermenileri Sorunlari Ara\u015ftirmalar Merkezi\" \/>\n<meta property=\"og:description\" content=\"\u0130spanya Senato \u00fcyesi Carles Mulet Garcia, \u00fclke h\u00fck\u00fcmetine bir soru \u00f6nergesi sundu. Garcia, H\u00fck\u00fcmetten \u015fu sorular\u0131n cevaplanmas\u0131n\u0131 talep etti. \u201cH\u00fck\u00fcmet, son 5 y\u0131l i\u00e7erisinde \u0130spanya taraf\u0131ndan T\u00fcrkiye ile Azerbaycan\u2019a sat\u0131lan silah hacmi hakk\u0131nda bilgi sahibi midir, de\u011fil midir? \u0130spanya H\u00fck\u00fcmeti, Ermneilere kar\u015f\u0131 s\u00fcrd\u00fcr\u00fclen sald\u0131r\u0131lar ile ilgili T\u00fckiye ve Azerbaycan\u2019a kar\u015f\u0131 diplomatik ad\u0131mlar atacak m\u0131d\u0131r? H\u00fck\u00fcmet, [&hellip;]\" \/>\n<meta property=\"og:url\" content=\"https:\/\/akunq.net\/tr\/?p=59842\" \/>\n<meta property=\"og:site_name\" content=\"Bati Ermenistan Ve Bati Ermenileri Sorunlari Ara\u015ftirmalar Merkezi\" \/>\n<meta property=\"article:published_time\" content=\"2020-10-28T06:10:23+00:00\" \/>\n<meta property=\"og:image\" content=\"https:\/\/akunq.net\/tr\/wp-content\/uploads\/sites\/6\/2020\/10\/\u0130spanya-Senato-\u00fcyesi.jpg\" \/>\n\t<meta property=\"og:image:width\" content=\"670\" \/>\n\t<meta property=\"og:image:height\" content=\"450\" \/>\n\t<meta property=\"og:image:type\" content=\"image\/jpeg\" \/>\n<meta name=\"author\" content=\"admin\" \/>\n<meta name=\"twitter:card\" content=\"summary_large_image\" \/>\n<meta name=\"twitter:label1\" content=\"Written by\" \/>\n\t<meta name=\"twitter:data1\" content=\"admin\" \/>\n\t<meta name=\"twitter:label2\" content=\"Est. reading time\" \/>\n\t<meta name=\"twitter:data2\" content=\"1 minute\" \/>\n<script type=\"application\/ld+json\" class=\"yoast-schema-graph\">{\"@context\":\"https:\\\/\\\/schema.org\",\"@graph\":[{\"@type\":\"Article\",\"@id\":\"https:\\\/\\\/akunq.net\\\/tr\\\/?p=59842#article\",\"isPartOf\":{\"@id\":\"https:\\\/\\\/akunq.net\\\/tr\\\/?p=59842\"},\"author\":{\"name\":\"admin\",\"@id\":\"https:\\\/\\\/akunq.net\\\/tr\\\/#\\\/schema\\\/person\\\/096f1d38a12cce57fb855b485ed24c9e\"},\"headline\":\"\u0130spanya Senato \u00fcyesi: H\u00fck\u00fcmet, Artsakh Cumhuriyeti&#8217;ni tan\u0131mak i\u00e7in hangi ad\u0131mlar\u0131 atacak?&#8221;\",\"datePublished\":\"2020-10-28T06:10:23+00:00\",\"mainEntityOfPage\":{\"@id\":\"https:\\\/\\\/akunq.net\\\/tr\\\/?p=59842\"},\"wordCount\":151,\"commentCount\":0,\"image\":{\"@id\":\"https:\\\/\\\/akunq.net\\\/tr\\\/?p=59842#primaryimage\"},\"thumbnailUrl\":\"https:\\\/\\\/akunq.net\\\/tr\\\/wp-content\\\/uploads\\\/sites\\\/6\\\/2020\\\/10\\\/\u0130spanya-Senato-\u00fcyesi.jpg\",\"articleSection\":[\"Haberler\"],\"inLanguage\":\"en-US\",\"potentialAction\":[{\"@type\":\"CommentAction\",\"name\":\"Comment\",\"target\":[\"https:\\\/\\\/akunq.net\\\/tr\\\/?p=59842#respond\"]}]},{\"@type\":\"WebPage\",\"@id\":\"https:\\\/\\\/akunq.net\\\/tr\\\/?p=59842\",\"url\":\"https:\\\/\\\/akunq.net\\\/tr\\\/?p=59842\",\"name\":\"\u0130spanya Senato \u00fcyesi: H\u00fck\u00fcmet, Artsakh Cumhuriyeti'ni tan\u0131mak i\u00e7in hangi ad\u0131mlar\u0131 atacak?\\\" - Bati Ermenistan Ve Bati Ermenileri Sorunlari Ara\u015ftirmalar Merkezi\",\"isPartOf\":{\"@id\":\"https:\\\/\\\/akunq.net\\\/tr\\\/#website\"},\"primaryImageOfPage\":{\"@id\":\"https:\\\/\\\/akunq.net\\\/tr\\\/?p=59842#primaryimage\"},\"image\":{\"@id\":\"https:\\\/\\\/akunq.net\\\/tr\\\/?p=59842#primaryimage\"},\"thumbnailUrl\":\"https:\\\/\\\/akunq.net\\\/tr\\\/wp-content\\\/uploads\\\/sites\\\/6\\\/2020\\\/10\\\/\u0130spanya-Senato-\u00fcyesi.jpg\",\"datePublished\":\"2020-10-28T06:10:23+00:00\",\"author\":{\"@id\":\"https:\\\/\\\/akunq.net\\\/tr\\\/#\\\/schema\\\/person\\\/096f1d38a12cce57fb855b485ed24c9e\"},\"breadcrumb\":{\"@id\":\"https:\\\/\\\/akunq.net\\\/tr\\\/?p=59842#breadcrumb\"},\"inLanguage\":\"en-US\",\"potentialAction\":[{\"@type\":\"ReadAction\",\"target\":[\"https:\\\/\\\/akunq.net\\\/tr\\\/?p=59842\"]}]},{\"@type\":\"ImageObject\",\"inLanguage\":\"en-US\",\"@id\":\"https:\\\/\\\/akunq.net\\\/tr\\\/?p=59842#primaryimage\",\"url\":\"https:\\\/\\\/akunq.net\\\/tr\\\/wp-content\\\/uploads\\\/sites\\\/6\\\/2020\\\/10\\\/\u0130spanya-Senato-\u00fcyesi.jpg\",\"contentUrl\":\"https:\\\/\\\/akunq.net\\\/tr\\\/wp-content\\\/uploads\\\/sites\\\/6\\\/2020\\\/10\\\/\u0130spanya-Senato-\u00fcyesi.jpg\",\"width\":670,\"height\":450},{\"@type\":\"BreadcrumbList\",\"@id\":\"https:\\\/\\\/akunq.net\\\/tr\\\/?p=59842#breadcrumb\",\"itemListElement\":[{\"@type\":\"ListItem\",\"position\":1,\"name\":\"Home\",\"item\":\"https:\\\/\\\/akunq.net\\\/tr\"},{\"@type\":\"ListItem\",\"position\":2,\"name\":\"\u0130spanya Senato \u00fcyesi: H\u00fck\u00fcmet, Artsakh Cumhuriyeti&#8217;ni tan\u0131mak i\u00e7in hangi ad\u0131mlar\u0131 atacak?&#8221;\"}]},{\"@type\":\"WebSite\",\"@id\":\"https:\\\/\\\/akunq.net\\\/tr\\\/#website\",\"url\":\"https:\\\/\\\/akunq.net\\\/tr\\\/\",\"name\":\"Bati Ermenistan Ve Bati Ermenileri Sorunlari Ara\u015ftirmalar Merkezi\",\"description\":\"\",\"potentialAction\":[{\"@type\":\"SearchAction\",\"target\":{\"@type\":\"EntryPoint\",\"urlTemplate\":\"https:\\\/\\\/akunq.net\\\/tr\\\/?s={search_term_string}\"},\"query-input\":{\"@type\":\"PropertyValueSpecification\",\"valueRequired\":true,\"valueName\":\"search_term_string\"}}],\"inLanguage\":\"en-US\"},{\"@type\":\"Person\",\"@id\":\"https:\\\/\\\/akunq.net\\\/tr\\\/#\\\/schema\\\/person\\\/096f1d38a12cce57fb855b485ed24c9e\",\"name\":\"admin\",\"url\":\"https:\\\/\\\/akunq.net\\\/tr\\\/?author=7\"}]}<\/script>\n<!-- \/ Yoast SEO plugin. -->","yoast_head_json":{"title":"\u0130spanya Senato \u00fcyesi: H\u00fck\u00fcmet, Artsakh Cumhuriyeti'ni tan\u0131mak i\u00e7in hangi ad\u0131mlar\u0131 atacak?\" - Bati Ermenistan Ve Bati Ermenileri Sorunlari Ara\u015ftirmalar Merkezi","robots":{"index":"index","follow":"follow","max-snippet":"max-snippet:-1","max-image-preview":"max-image-preview:large","max-video-preview":"max-video-preview:-1"},"canonical":"https:\/\/akunq.net\/tr\/?p=59842","og_locale":"en_US","og_type":"article","og_title":"\u0130spanya Senato \u00fcyesi: H\u00fck\u00fcmet, Artsakh Cumhuriyeti'ni tan\u0131mak i\u00e7in hangi ad\u0131mlar\u0131 atacak?\" - Bati Ermenistan Ve Bati Ermenileri Sorunlari Ara\u015ftirmalar Merkezi","og_description":"\u0130spanya Senato \u00fcyesi Carles Mulet Garcia, \u00fclke h\u00fck\u00fcmetine bir soru \u00f6nergesi sundu. Garcia, H\u00fck\u00fcmetten \u015fu sorular\u0131n cevaplanmas\u0131n\u0131 talep etti. \u201cH\u00fck\u00fcmet, son 5 y\u0131l i\u00e7erisinde \u0130spanya taraf\u0131ndan T\u00fcrkiye ile Azerbaycan\u2019a sat\u0131lan silah hacmi hakk\u0131nda bilgi sahibi midir, de\u011fil midir? \u0130spanya H\u00fck\u00fcmeti, Ermneilere kar\u015f\u0131 s\u00fcrd\u00fcr\u00fclen sald\u0131r\u0131lar ile ilgili T\u00fckiye ve Azerbaycan\u2019a kar\u015f\u0131 diplomatik ad\u0131mlar atacak m\u0131d\u0131r? H\u00fck\u00fcmet, [&hellip;]","og_url":"https:\/\/akunq.net\/tr\/?p=59842","og_site_name":"Bati Ermenistan Ve Bati Ermenileri Sorunlari Ara\u015ftirmalar Merkezi","article_published_time":"2020-10-28T06:10:23+00:00","og_image":[{"width":670,"height":450,"url":"https:\/\/akunq.net\/tr\/wp-content\/uploads\/sites\/6\/2020\/10\/\u0130spanya-Senato-\u00fcyesi.jpg","type":"image\/jpeg"}],"author":"admin","twitter_card":"summary_large_image","twitter_misc":{"Written by":"admin","Est. reading time":"1 minute"},"schema":{"@context":"https:\/\/schema.org","@graph":[{"@type":"Article","@id":"https:\/\/akunq.net\/tr\/?p=59842#article","isPartOf":{"@id":"https:\/\/akunq.net\/tr\/?p=59842"},"author":{"name":"admin","@id":"https:\/\/akunq.net\/tr\/#\/schema\/person\/096f1d38a12cce57fb855b485ed24c9e"},"headline":"\u0130spanya Senato \u00fcyesi: H\u00fck\u00fcmet, Artsakh Cumhuriyeti&#8217;ni tan\u0131mak i\u00e7in hangi ad\u0131mlar\u0131 atacak?&#8221;","datePublished":"2020-10-28T06:10:23+00:00","mainEntityOfPage":{"@id":"https:\/\/akunq.net\/tr\/?p=59842"},"wordCount":151,"commentCount":0,"image":{"@id":"https:\/\/akunq.net\/tr\/?p=59842#primaryimage"},"thumbnailUrl":"https:\/\/akunq.net\/tr\/wp-content\/uploads\/sites\/6\/2020\/10\/\u0130spanya-Senato-\u00fcyesi.jpg","articleSection":["Haberler"],"inLanguage":"en-US","potentialAction":[{"@type":"CommentAction","name":"Comment","target":["https:\/\/akunq.net\/tr\/?p=59842#respond"]}]},{"@type":"WebPage","@id":"https:\/\/akunq.net\/tr\/?p=59842","url":"https:\/\/akunq.net\/tr\/?p=59842","name":"\u0130spanya Senato \u00fcyesi: H\u00fck\u00fcmet, Artsakh Cumhuriyeti'ni tan\u0131mak i\u00e7in hangi ad\u0131mlar\u0131 atacak?\" - Bati Ermenistan Ve Bati Ermenileri Sorunlari Ara\u015ftirmalar Merkezi","isPartOf":{"@id":"https:\/\/akunq.net\/tr\/#website"},"primaryImageOfPage":{"@id":"https:\/\/akunq.net\/tr\/?p=59842#primaryimage"},"image":{"@id":"https:\/\/akunq.net\/tr\/?p=59842#primaryimage"},"thumbnailUrl":"https:\/\/akunq.net\/tr\/wp-content\/uploads\/sites\/6\/2020\/10\/\u0130spanya-Senato-\u00fcyesi.jpg","datePublished":"2020-10-28T06:10:23+00:00","author":{"@id":"https:\/\/akunq.net\/tr\/#\/schema\/person\/096f1d38a12cce57fb855b485ed24c9e"},"breadcrumb":{"@id":"https:\/\/akunq.net\/tr\/?p=59842#breadcrumb"},"inLanguage":"en-US","potentialAction":[{"@type":"ReadAction","target":["https:\/\/akunq.net\/tr\/?p=59842"]}]},{"@type":"ImageObject","inLanguage":"en-US","@id":"https:\/\/akunq.net\/tr\/?p=59842#primaryimage","url":"https:\/\/akunq.net\/tr\/wp-content\/uploads\/sites\/6\/2020\/10\/\u0130spanya-Senato-\u00fcyesi.jpg","contentUrl":"https:\/\/akunq.net\/tr\/wp-content\/uploads\/sites\/6\/2020\/10\/\u0130spanya-Senato-\u00fcyesi.jpg","width":670,"height":450},{"@type":"BreadcrumbList","@id":"https:\/\/akunq.net\/tr\/?p=59842#breadcrumb","itemListElement":[{"@type":"ListItem","position":1,"name":"Home","item":"https:\/\/akunq.net\/tr"},{"@type":"ListItem","position":2,"name":"\u0130spanya Senato \u00fcyesi: H\u00fck\u00fcmet, Artsakh Cumhuriyeti&#8217;ni tan\u0131mak i\u00e7in hangi ad\u0131mlar\u0131 atacak?&#8221;"}]},{"@type":"WebSite","@id":"https:\/\/akunq.net\/tr\/#website","url":"https:\/\/akunq.net\/tr\/","name":"Bati Ermenistan Ve Bati Ermenileri Sorunlari Ara\u015ftirmalar Merkezi","description":"","potentialAction":[{"@type":"SearchAction","target":{"@type":"EntryPoint","urlTemplate":"https:\/\/akunq.net\/tr\/?s={search_term_string}"},"query-input":{"@type":"PropertyValueSpecification","valueRequired":true,"valueName":"search_term_string"}}],"inLanguage":"en-US"},{"@type":"Person","@id":"https:\/\/akunq.net\/tr\/#\/schema\/person\/096f1d38a12cce57fb855b485ed24c9e","name":"admin","url":"https:\/\/akunq.net\/tr\/?author=7"}]}},"_links":{"self":[{"href":"https:\/\/akunq.net\/tr\/index.php?rest_route=\/wp\/v2\/posts\/59842","targetHints":{"allow":["GET"]}}],"collection":[{"href":"https:\/\/akunq.net\/tr\/index.php?rest_route=\/wp\/v2\/posts"}],"about":[{"href":"https:\/\/akunq.net\/tr\/index.php?rest_route=\/wp\/v2\/types\/post"}],"author":[{"embeddable":true,"href":"https:\/\/akunq.net\/tr\/index.php?rest_route=\/wp\/v2\/users\/7"}],"replies":[{"embeddable":true,"href":"https:\/\/akunq.net\/tr\/index.php?rest_route=%2Fwp%2Fv2%2Fcomments&post=59842"}],"version-history":[{"count":1,"href":"https:\/\/akunq.net\/tr\/index.php?rest_route=\/wp\/v2\/posts\/59842\/revisions"}],"predecessor-version":[{"id":59844,"href":"https:\/\/akunq.net\/tr\/index.php?rest_route=\/wp\/v2\/posts\/59842\/revisions\/59844"}],"wp:featuredmedia":[{"embeddable":true,"href":"https:\/\/akunq.net\/tr\/index.php?rest_route=\/wp\/v2\/media\/59843"}],"wp:attachment":[{"href":"https:\/\/akunq.net\/tr\/index.php?rest_route=%2Fwp%2Fv2%2Fmedia&parent=59842"}],"wp:term":[{"taxonomy":"category","embeddable":true,"href":"https:\/\/akunq.net\/tr\/index.php?rest_route=%2Fwp%2Fv2%2Fcategories&post=59842"},{"taxonomy":"post_tag","embeddable":true,"href":"https:\/\/akunq.net\/tr\/index.php?rest_route=%2Fwp%2Fv2%2Ftags&post=59842"}],"curies":[{"name":"wp","href":"https:\/\/api.w.org\/{rel}","templated":true}]}}