{"id":59828,"date":"2020-10-27T02:59:14","date_gmt":"2020-10-27T07:59:14","guid":{"rendered":"https:\/\/akunq.net\/tr\/?p=59828"},"modified":"2020-10-27T02:59:14","modified_gmt":"2020-10-27T07:59:14","slug":"hatayda-patlama-meydana-geldi","status":"publish","type":"post","link":"https:\/\/akunq.net\/tr\/?p=59828","title":{"rendered":"Hatay&#8217;da patlama meydana geldi"},"content":{"rendered":"<p><img loading=\"lazy\" decoding=\"async\" class=\"aligncenter size-medium wp-image-59829\" src=\"https:\/\/akunq.net\/tr\/wp-content\/uploads\/2020\/10\/\u053b\u057d\u056f\u0565\u0576\u0564\u0565\u0580\u0578\u0582\u0576-360x242.jpg\" alt=\"\" width=\"360\" height=\"242\" srcset=\"https:\/\/akunq.net\/tr\/wp-content\/uploads\/sites\/6\/2020\/10\/\u053b\u057d\u056f\u0565\u0576\u0564\u0565\u0580\u0578\u0582\u0576-360x242.jpg 360w, https:\/\/akunq.net\/tr\/wp-content\/uploads\/sites\/6\/2020\/10\/\u053b\u057d\u056f\u0565\u0576\u0564\u0565\u0580\u0578\u0582\u0576-560x376.jpg 560w, https:\/\/akunq.net\/tr\/wp-content\/uploads\/sites\/6\/2020\/10\/\u053b\u057d\u056f\u0565\u0576\u0564\u0565\u0580\u0578\u0582\u0576-260x175.jpg 260w, https:\/\/akunq.net\/tr\/wp-content\/uploads\/sites\/6\/2020\/10\/\u053b\u057d\u056f\u0565\u0576\u0564\u0565\u0580\u0578\u0582\u0576-160x107.jpg 160w, https:\/\/akunq.net\/tr\/wp-content\/uploads\/sites\/6\/2020\/10\/\u053b\u057d\u056f\u0565\u0576\u0564\u0565\u0580\u0578\u0582\u0576.jpg 670w\" sizes=\"auto, (max-width: 360px) 100vw, 360px\" \/><\/p>\n<p class=\"spot-title\"><em><strong>Hatay&#8217;\u0131n \u0130skenderun il\u00e7esinde bir patlama meydana geldi. Olayla ilgili olarak 2 ter\u00f6ristin etkisiz hale getirildi\u011fini a\u00e7\u0131klayan \u0130\u00e7i\u015fleri Bakan\u0131 S\u00fcleyman Soylu, sosyal medya hesab\u0131ndan payla\u015ft\u0131\u011f\u0131 k\u0131sa mesaj\u0131nda, &#8220;Aferin kahramanlar\u0131m\u0131za, ikisi de elde. Hikayesini anlataca\u011f\u0131z&#8221; ifadelerine yer verdi. Hatay Valili\u011fi de yapt\u0131\u011f\u0131 a\u00e7\u0131klamada patlamada herhangi bir can kayb\u0131 meydana gelmedi\u011fini bildirdi&#8230; Hatay Valisi Rahmi Do\u011fan, olayla ilgili yapt\u0131\u011f\u0131 a\u00e7\u0131klamada Amanos da\u011flar\u0131nda ter\u00f6r \u00f6rg\u00fct\u00fc PKK&#8217;n\u0131n varl\u0131\u011f\u0131na son verildi\u011fini belirtti. B\u00f6lgede g\u00fcvenlik \u00f6nlemleri artt\u0131r\u0131ld\u0131&#8230;<\/strong><\/em><\/p>\n<p>Hatay&#8217;\u0131n \u0130skenderun il\u00e7esinde polis ekiplerinin al\u0131nan istihbarat \u00fczerine takibe ald\u0131klar\u0131 ara\u00e7taki ter\u00f6ristlerle s\u0131cak \u00e7at\u0131\u015fma ya\u015fan\u0131rken, ara\u00e7taki patlama sonucu 1&#8217;i polis toplamda 3 ki\u015fi yaraland\u0131.<\/p>\n<div class=\"widget-news-cover-img\"><\/div>\n<p>B\u00f6lgede geni\u015f \u00e7apl\u0131 g\u00fcvenlik \u00f6nlemlerini s\u00fcrd\u00fcren ve vatanda\u015flar\u0131n emniyeti i\u00e7in yo\u011fun \u00e7aba sarf eden g\u00fcvenlik g\u00fc\u00e7leri, caddenin giri\u015f \u00e7\u0131k\u0131\u015flar\u0131n\u0131 ara\u00e7 ve yaya trafi\u011fine kapatt\u0131.<\/p>\n<p><strong>SOYLU: \u0130K\u0130 TER\u00d6R\u0130ST ETK\u0130S\u0130Z HALE GET\u0130R\u0130LD\u0130<\/strong><\/p>\n<p>\u0130\u00e7i\u015fleri Bakan\u0131 S\u00fcleyman Soylu, Hatay&#8217;\u0131n \u0130skenderun il\u00e7esindeki ter\u00f6r eylemiyle ilgili iki ter\u00f6ristin etkisiz hale getirildi\u011fini a\u00e7\u0131klad\u0131.<\/p>\n<p>Soylu, Twitter&#8217;daki payla\u015f\u0131m\u0131nda alk\u0131\u015flama i\u015fareti ve T\u00fcrk Bayra\u011f\u0131 ile birlikte, &#8220;Aferin kahramanlar\u0131m\u0131za. \u0130kisi de elde. Hikayesini anlataca\u011f\u0131z&#8221; mesaj\u0131n\u0131 payla\u015ft\u0131. Soylu, payla\u015f\u0131m\u0131nda \u0130skenderun&#8217;u da etiketledi.<\/p>\n<p>Hatay Valili\u011fi taraf\u0131ndan yap\u0131lan a\u00e7\u0131klamada operasyonun s\u00fcrd\u00fc\u011f\u00fc belirtildi.<\/p>\n<p>Olay, \u0130skenderun il\u00e7e merkezi Pac Meydan\u0131 yak\u0131nlar\u0131nda meydana geldi. Edinilen bilgiye g\u00f6re, \u0130skenderun il\u00e7esinde polis ekipleri al\u0131nan istihbari bilgiler \u00fczerine bir otomobili takibe ald\u0131.<\/p>\n<p><strong>HAYAT VAL\u0130L\u0130\u011e\u0130: HERHANG\u0130 B\u0130R CAN KAYBI BULUNMAMAKTADIR<\/strong><\/p>\n<p>Hatay Valili\u011finden patlamayla ilgili yap\u0131lan yaz\u0131l\u0131 a\u00e7\u0131klamada, \u015funlar kaydedildi:<\/p>\n<p>&#8220;G\u00fcvenlik birimlerimizin Payas kontrol noktas\u0131nda \u015f\u00fcphelendi\u011fi 2 ter\u00f6ristten biri takip sonucunda \u0130skenderun&#8217;da etkisiz hale getirilmi\u015f ve bu esnada bir patlama meydana gelmi\u015ftir. Herhangi bir can kayb\u0131 bulunmamaktad\u0131r. Operasyon devam etmektedir.&#8221;<\/p>\n<p><strong>HATAY VAL\u0130S\u0130: AMANOS&#8217;TA PKK&#8217;NIN VARLI\u011eI SONA ERM\u0130\u015eT\u0130R<\/strong><\/p>\n<p>Hatay Valisi Rahmi Do\u011fan yapt\u0131\u011f\u0131 yeni a\u00e7\u0131klamada Amanos da\u011flar\u0131nda ter\u00f6r \u00f6rg\u00fct\u00fc PKK&#8217;n\u0131n varl\u0131\u011f\u0131n\u0131n sona erdirildi\u011fini belirtti. Vali Do\u011fan konu\u015fmas\u0131nda \u015fu ifadelere yer verdi:<\/p>\n<p>22 A\u011fustos&#8217;ta g\u00fcvenlik birimlerimiz yap\u0131lan operasyonla 3 ter\u00f6rist etkisiz hale getirilmi\u015fti, 18 Ekim&#8217;de 4 ter\u00f6rist etkisiz hale getirildi. 19 Ekim tarihinde 1 ter\u00f6rist sa\u011f, 1 ter\u00f6rist \u00f6l\u00fc olarak yakalam\u0131\u015ft\u0131k. Sa\u011f olarak yakalam\u0131\u015f olarak yakaland\u0131\u011f\u0131m\u0131z ter\u00f6rist HDP&#8217;li Demir \u00c7elik&#8217;in o\u011flu Yolda\u015f Selim \u00c7elik, bug\u00fcn itibar\u0131yla tutuklanm\u0131\u015ft\u0131r. 4 ki\u015filik grubun iki parti halinde birisi 28 Eyl\u00fcl di\u011feri 10 Ekim&#8217;de M\u00fcnbi\u00e7&#8217;ten kalkarak Avanos da\u011f\u0131na indiklerini tespit ettik. 19 Ekim tarihinde g\u00fcvenlik g\u00fc\u00e7lerimizin \u00e7al\u0131\u015fmas\u0131 neticesinde 1 ter\u00f6risti etkisiz hale getirdik di\u011ferini yakalad\u0131k. Bug\u00fcn sabah saat 11.00 sular\u0131nda ter\u00f6ristlerin bulundu\u011fu noktalar hava kuvvetlerimiz taraf\u0131ndan vuruldu. Bug\u00fcn \u0130skenderun&#8217;a inen 2 ter\u00f6rist, Amanos da\u011flar\u0131nda g\u00fcvenliklerimizin s\u0131k\u0131\u015ft\u0131r\u0131lmas\u0131 sayesinde ya\u015fanan bir olayd\u0131r. Ara\u00e7tan inerken bir ter\u00f6rist imha edildi, kendisini patlatt\u0131. ikinci ter\u00f6rist etkisiz hale getirildi. Bug\u00fcn itibar\u0131yla Amanos da\u011flar\u0131nda PKK ter\u00f6r \u00f6rg\u00fct\u00fc imha edilmi\u015ftir. Bunu g\u00f6n\u00fcl rahatl\u0131\u011f\u0131 i\u00e7erisinde s\u00f6ylemek istiyorum. G\u00fcvenlik birimlerinizi tebrik ediyorum, herhangi bir can kayb\u0131 olmadan neticeyi ald\u0131lar, birka\u00e7 yaral\u0131 var, bunlar\u0131n hayati tehlikesi bulunmamakta.<\/p>\n<p><strong>CUMHURBA\u015eKANI ERDO\u011eAN&#8217;DAN A\u00c7IKLAMA<\/strong><\/p>\n<p>Cumhurba\u015fkan\u0131 Recep Tayyip Erdo\u011fan, Hatay&#8217;da meydana gelen patlamayla ilgili Twitter&#8217;dan a\u00e7\u0131klama yapt\u0131.<\/p>\n<p>Cumhurba\u015fkan\u0131 Erdo\u011fan yapt\u0131\u011f\u0131 a\u00e7\u0131klamada, &#8220;Hatay\u2019da ger\u00e7ekle\u015ftirdikleri ba\u015far\u0131l\u0131 ter\u00f6rle m\u00fccadele operasyonu nedeniyle kahraman g\u00fcvenlik g\u00fc\u00e7lerimizi tebrik ediyorum. T\u00fcm Hatayl\u0131 karde\u015flerime ge\u00e7mi\u015f olsun temennilerimi iletiyorum. Rabbim \u00fclkemizi her t\u00fcrl\u00fc sald\u0131r\u0131dan, felaketten, hain emellerden korusun. T\u00fcrkiye art\u0131k bu t\u00fcr sald\u0131r\u0131larla dizayn edilebilen, y\u00f6nlendirilen, me\u015fgul edilen bir \u00fclke de\u011fildir. Allah\u2019\u0131n izni, g\u00fcvenlik g\u00fc\u00e7lerimizin gayretiyle hem s\u0131n\u0131rlar\u0131m\u0131z i\u00e7erisinde hem de s\u0131n\u0131rlar\u0131m\u0131z\u0131n \u00f6tesinde ter\u00f6rle ve destek\u00e7ileriyle m\u00fccadelemizi s\u00fcrd\u00fcrece\u011fiz.&#8221; ifadelerini kulland\u0131.<\/p>\n<p><em><strong>https:\/\/www.haberturk.com\/son-dakika-haberi-hatay-da-patlama-meydana-geldi-2848907\u00a0<\/strong><\/em><\/p>\n<p><iframe style=\"display: none;\" title=\"Twitter settings iframe\" src=\"https:\/\/platform.twitter.com\/widgets\/widget_iframe.96fd96193cc66c3e11d4c5e4c7c7ec97.html?origin=https%3A%2F%2Fakunq.net\" frameborder=\"0\" scrolling=\"no\"><\/iframe><iframe id=\"rufous-sandbox\" style=\"position: absolute; visibility: hidden; display: none; width: 0px; height: 0px; padding: 0px; border: none;\" title=\"Twitter analytics iframe\" frameborder=\"0\" scrolling=\"no\" allowfullscreen=\"allowfullscreen\"><\/iframe><\/p>\n","protected":false},"excerpt":{"rendered":"<p>Hatay&#8217;\u0131n \u0130skenderun il\u00e7esinde bir patlama meydana geldi. Olayla ilgili olarak 2 ter\u00f6ristin etkisiz hale getirildi\u011fini a\u00e7\u0131klayan \u0130\u00e7i\u015fleri Bakan\u0131 S\u00fcleyman Soylu, sosyal medya hesab\u0131ndan payla\u015ft\u0131\u011f\u0131 k\u0131sa mesaj\u0131nda, &#8220;Aferin kahramanlar\u0131m\u0131za, ikisi de elde. Hikayesini anlataca\u011f\u0131z&#8221; ifadelerine yer verdi. Hatay Valili\u011fi de yapt\u0131\u011f\u0131 a\u00e7\u0131klamada patlamada herhangi bir can kayb\u0131 meydana gelmedi\u011fini bildirdi&#8230; Hatay Valisi Rahmi Do\u011fan, olayla ilgili [&hellip;]<\/p>\n","protected":false},"author":7,"featured_media":59829,"comment_status":"open","ping_status":"open","sticky":false,"template":"","format":"standard","meta":{"footnotes":""},"categories":[1],"tags":[],"class_list":["post-59828","post","type-post","status-publish","format-standard","has-post-thumbnail","hentry","category-haberler"],"yoast_head":"<!-- This site is optimized with the Yoast SEO plugin v27.4 - https:\/\/yoast.com\/product\/yoast-seo-wordpress\/ -->\n<title>Hatay&#039;da patlama meydana geldi - Bati Ermenistan Ve Bati Ermenileri Sorunlari Ara\u015ftirmalar Merkezi<\/title>\n<meta name=\"robots\" content=\"index, follow, max-snippet:-1, max-image-preview:large, max-video-preview:-1\" \/>\n<link rel=\"canonical\" href=\"https:\/\/akunq.net\/tr\/?p=59828\" \/>\n<meta property=\"og:locale\" content=\"en_US\" \/>\n<meta property=\"og:type\" content=\"article\" \/>\n<meta property=\"og:title\" content=\"Hatay&#039;da patlama meydana geldi - Bati Ermenistan Ve Bati Ermenileri Sorunlari Ara\u015ftirmalar Merkezi\" \/>\n<meta property=\"og:description\" content=\"Hatay&#8217;\u0131n \u0130skenderun il\u00e7esinde bir patlama meydana geldi. Olayla ilgili olarak 2 ter\u00f6ristin etkisiz hale getirildi\u011fini a\u00e7\u0131klayan \u0130\u00e7i\u015fleri Bakan\u0131 S\u00fcleyman Soylu, sosyal medya hesab\u0131ndan payla\u015ft\u0131\u011f\u0131 k\u0131sa mesaj\u0131nda, &#8220;Aferin kahramanlar\u0131m\u0131za, ikisi de elde. Hikayesini anlataca\u011f\u0131z&#8221; ifadelerine yer verdi. Hatay Valili\u011fi de yapt\u0131\u011f\u0131 a\u00e7\u0131klamada patlamada herhangi bir can kayb\u0131 meydana gelmedi\u011fini bildirdi&#8230; Hatay Valisi Rahmi Do\u011fan, olayla ilgili [&hellip;]\" \/>\n<meta property=\"og:url\" content=\"https:\/\/akunq.net\/tr\/?p=59828\" \/>\n<meta property=\"og:site_name\" content=\"Bati Ermenistan Ve Bati Ermenileri Sorunlari Ara\u015ftirmalar Merkezi\" \/>\n<meta property=\"article:published_time\" content=\"2020-10-27T07:59:14+00:00\" \/>\n<meta property=\"og:image\" content=\"https:\/\/akunq.net\/tr\/wp-content\/uploads\/sites\/6\/2020\/10\/\u053b\u057d\u056f\u0565\u0576\u0564\u0565\u0580\u0578\u0582\u0576.jpg\" \/>\n\t<meta property=\"og:image:width\" content=\"670\" \/>\n\t<meta property=\"og:image:height\" content=\"450\" \/>\n\t<meta property=\"og:image:type\" content=\"image\/jpeg\" \/>\n<meta name=\"author\" content=\"admin\" \/>\n<meta name=\"twitter:card\" content=\"summary_large_image\" \/>\n<meta name=\"twitter:label1\" content=\"Written by\" \/>\n\t<meta name=\"twitter:data1\" content=\"admin\" \/>\n\t<meta name=\"twitter:label2\" content=\"Est. reading time\" \/>\n\t<meta name=\"twitter:data2\" content=\"4 minutes\" \/>\n<script type=\"application\/ld+json\" class=\"yoast-schema-graph\">{\"@context\":\"https:\\\/\\\/schema.org\",\"@graph\":[{\"@type\":\"Article\",\"@id\":\"https:\\\/\\\/akunq.net\\\/tr\\\/?p=59828#article\",\"isPartOf\":{\"@id\":\"https:\\\/\\\/akunq.net\\\/tr\\\/?p=59828\"},\"author\":{\"name\":\"admin\",\"@id\":\"https:\\\/\\\/akunq.net\\\/tr\\\/#\\\/schema\\\/person\\\/096f1d38a12cce57fb855b485ed24c9e\"},\"headline\":\"Hatay&#8217;da patlama meydana geldi\",\"datePublished\":\"2020-10-27T07:59:14+00:00\",\"mainEntityOfPage\":{\"@id\":\"https:\\\/\\\/akunq.net\\\/tr\\\/?p=59828\"},\"wordCount\":727,\"commentCount\":0,\"image\":{\"@id\":\"https:\\\/\\\/akunq.net\\\/tr\\\/?p=59828#primaryimage\"},\"thumbnailUrl\":\"https:\\\/\\\/akunq.net\\\/tr\\\/wp-content\\\/uploads\\\/sites\\\/6\\\/2020\\\/10\\\/\u053b\u057d\u056f\u0565\u0576\u0564\u0565\u0580\u0578\u0582\u0576.jpg\",\"articleSection\":[\"Haberler\"],\"inLanguage\":\"en-US\",\"potentialAction\":[{\"@type\":\"CommentAction\",\"name\":\"Comment\",\"target\":[\"https:\\\/\\\/akunq.net\\\/tr\\\/?p=59828#respond\"]}]},{\"@type\":\"WebPage\",\"@id\":\"https:\\\/\\\/akunq.net\\\/tr\\\/?p=59828\",\"url\":\"https:\\\/\\\/akunq.net\\\/tr\\\/?p=59828\",\"name\":\"Hatay'da patlama meydana geldi - Bati Ermenistan Ve Bati Ermenileri Sorunlari Ara\u015ftirmalar Merkezi\",\"isPartOf\":{\"@id\":\"https:\\\/\\\/akunq.net\\\/tr\\\/#website\"},\"primaryImageOfPage\":{\"@id\":\"https:\\\/\\\/akunq.net\\\/tr\\\/?p=59828#primaryimage\"},\"image\":{\"@id\":\"https:\\\/\\\/akunq.net\\\/tr\\\/?p=59828#primaryimage\"},\"thumbnailUrl\":\"https:\\\/\\\/akunq.net\\\/tr\\\/wp-content\\\/uploads\\\/sites\\\/6\\\/2020\\\/10\\\/\u053b\u057d\u056f\u0565\u0576\u0564\u0565\u0580\u0578\u0582\u0576.jpg\",\"datePublished\":\"2020-10-27T07:59:14+00:00\",\"author\":{\"@id\":\"https:\\\/\\\/akunq.net\\\/tr\\\/#\\\/schema\\\/person\\\/096f1d38a12cce57fb855b485ed24c9e\"},\"breadcrumb\":{\"@id\":\"https:\\\/\\\/akunq.net\\\/tr\\\/?p=59828#breadcrumb\"},\"inLanguage\":\"en-US\",\"potentialAction\":[{\"@type\":\"ReadAction\",\"target\":[\"https:\\\/\\\/akunq.net\\\/tr\\\/?p=59828\"]}]},{\"@type\":\"ImageObject\",\"inLanguage\":\"en-US\",\"@id\":\"https:\\\/\\\/akunq.net\\\/tr\\\/?p=59828#primaryimage\",\"url\":\"https:\\\/\\\/akunq.net\\\/tr\\\/wp-content\\\/uploads\\\/sites\\\/6\\\/2020\\\/10\\\/\u053b\u057d\u056f\u0565\u0576\u0564\u0565\u0580\u0578\u0582\u0576.jpg\",\"contentUrl\":\"https:\\\/\\\/akunq.net\\\/tr\\\/wp-content\\\/uploads\\\/sites\\\/6\\\/2020\\\/10\\\/\u053b\u057d\u056f\u0565\u0576\u0564\u0565\u0580\u0578\u0582\u0576.jpg\",\"width\":670,\"height\":450},{\"@type\":\"BreadcrumbList\",\"@id\":\"https:\\\/\\\/akunq.net\\\/tr\\\/?p=59828#breadcrumb\",\"itemListElement\":[{\"@type\":\"ListItem\",\"position\":1,\"name\":\"Home\",\"item\":\"https:\\\/\\\/akunq.net\\\/tr\"},{\"@type\":\"ListItem\",\"position\":2,\"name\":\"Hatay&#8217;da patlama meydana geldi\"}]},{\"@type\":\"WebSite\",\"@id\":\"https:\\\/\\\/akunq.net\\\/tr\\\/#website\",\"url\":\"https:\\\/\\\/akunq.net\\\/tr\\\/\",\"name\":\"Bati Ermenistan Ve Bati Ermenileri Sorunlari Ara\u015ftirmalar Merkezi\",\"description\":\"\",\"potentialAction\":[{\"@type\":\"SearchAction\",\"target\":{\"@type\":\"EntryPoint\",\"urlTemplate\":\"https:\\\/\\\/akunq.net\\\/tr\\\/?s={search_term_string}\"},\"query-input\":{\"@type\":\"PropertyValueSpecification\",\"valueRequired\":true,\"valueName\":\"search_term_string\"}}],\"inLanguage\":\"en-US\"},{\"@type\":\"Person\",\"@id\":\"https:\\\/\\\/akunq.net\\\/tr\\\/#\\\/schema\\\/person\\\/096f1d38a12cce57fb855b485ed24c9e\",\"name\":\"admin\",\"url\":\"https:\\\/\\\/akunq.net\\\/tr\\\/?author=7\"}]}<\/script>\n<!-- \/ Yoast SEO plugin. -->","yoast_head_json":{"title":"Hatay'da patlama meydana geldi - Bati Ermenistan Ve Bati Ermenileri Sorunlari Ara\u015ftirmalar Merkezi","robots":{"index":"index","follow":"follow","max-snippet":"max-snippet:-1","max-image-preview":"max-image-preview:large","max-video-preview":"max-video-preview:-1"},"canonical":"https:\/\/akunq.net\/tr\/?p=59828","og_locale":"en_US","og_type":"article","og_title":"Hatay'da patlama meydana geldi - Bati Ermenistan Ve Bati Ermenileri Sorunlari Ara\u015ftirmalar Merkezi","og_description":"Hatay&#8217;\u0131n \u0130skenderun il\u00e7esinde bir patlama meydana geldi. Olayla ilgili olarak 2 ter\u00f6ristin etkisiz hale getirildi\u011fini a\u00e7\u0131klayan \u0130\u00e7i\u015fleri Bakan\u0131 S\u00fcleyman Soylu, sosyal medya hesab\u0131ndan payla\u015ft\u0131\u011f\u0131 k\u0131sa mesaj\u0131nda, &#8220;Aferin kahramanlar\u0131m\u0131za, ikisi de elde. Hikayesini anlataca\u011f\u0131z&#8221; ifadelerine yer verdi. Hatay Valili\u011fi de yapt\u0131\u011f\u0131 a\u00e7\u0131klamada patlamada herhangi bir can kayb\u0131 meydana gelmedi\u011fini bildirdi&#8230; Hatay Valisi Rahmi Do\u011fan, olayla ilgili [&hellip;]","og_url":"https:\/\/akunq.net\/tr\/?p=59828","og_site_name":"Bati Ermenistan Ve Bati Ermenileri Sorunlari Ara\u015ftirmalar Merkezi","article_published_time":"2020-10-27T07:59:14+00:00","og_image":[{"width":670,"height":450,"url":"https:\/\/akunq.net\/tr\/wp-content\/uploads\/sites\/6\/2020\/10\/\u053b\u057d\u056f\u0565\u0576\u0564\u0565\u0580\u0578\u0582\u0576.jpg","type":"image\/jpeg"}],"author":"admin","twitter_card":"summary_large_image","twitter_misc":{"Written by":"admin","Est. reading time":"4 minutes"},"schema":{"@context":"https:\/\/schema.org","@graph":[{"@type":"Article","@id":"https:\/\/akunq.net\/tr\/?p=59828#article","isPartOf":{"@id":"https:\/\/akunq.net\/tr\/?p=59828"},"author":{"name":"admin","@id":"https:\/\/akunq.net\/tr\/#\/schema\/person\/096f1d38a12cce57fb855b485ed24c9e"},"headline":"Hatay&#8217;da patlama meydana geldi","datePublished":"2020-10-27T07:59:14+00:00","mainEntityOfPage":{"@id":"https:\/\/akunq.net\/tr\/?p=59828"},"wordCount":727,"commentCount":0,"image":{"@id":"https:\/\/akunq.net\/tr\/?p=59828#primaryimage"},"thumbnailUrl":"https:\/\/akunq.net\/tr\/wp-content\/uploads\/sites\/6\/2020\/10\/\u053b\u057d\u056f\u0565\u0576\u0564\u0565\u0580\u0578\u0582\u0576.jpg","articleSection":["Haberler"],"inLanguage":"en-US","potentialAction":[{"@type":"CommentAction","name":"Comment","target":["https:\/\/akunq.net\/tr\/?p=59828#respond"]}]},{"@type":"WebPage","@id":"https:\/\/akunq.net\/tr\/?p=59828","url":"https:\/\/akunq.net\/tr\/?p=59828","name":"Hatay'da patlama meydana geldi - Bati Ermenistan Ve Bati Ermenileri Sorunlari Ara\u015ftirmalar Merkezi","isPartOf":{"@id":"https:\/\/akunq.net\/tr\/#website"},"primaryImageOfPage":{"@id":"https:\/\/akunq.net\/tr\/?p=59828#primaryimage"},"image":{"@id":"https:\/\/akunq.net\/tr\/?p=59828#primaryimage"},"thumbnailUrl":"https:\/\/akunq.net\/tr\/wp-content\/uploads\/sites\/6\/2020\/10\/\u053b\u057d\u056f\u0565\u0576\u0564\u0565\u0580\u0578\u0582\u0576.jpg","datePublished":"2020-10-27T07:59:14+00:00","author":{"@id":"https:\/\/akunq.net\/tr\/#\/schema\/person\/096f1d38a12cce57fb855b485ed24c9e"},"breadcrumb":{"@id":"https:\/\/akunq.net\/tr\/?p=59828#breadcrumb"},"inLanguage":"en-US","potentialAction":[{"@type":"ReadAction","target":["https:\/\/akunq.net\/tr\/?p=59828"]}]},{"@type":"ImageObject","inLanguage":"en-US","@id":"https:\/\/akunq.net\/tr\/?p=59828#primaryimage","url":"https:\/\/akunq.net\/tr\/wp-content\/uploads\/sites\/6\/2020\/10\/\u053b\u057d\u056f\u0565\u0576\u0564\u0565\u0580\u0578\u0582\u0576.jpg","contentUrl":"https:\/\/akunq.net\/tr\/wp-content\/uploads\/sites\/6\/2020\/10\/\u053b\u057d\u056f\u0565\u0576\u0564\u0565\u0580\u0578\u0582\u0576.jpg","width":670,"height":450},{"@type":"BreadcrumbList","@id":"https:\/\/akunq.net\/tr\/?p=59828#breadcrumb","itemListElement":[{"@type":"ListItem","position":1,"name":"Home","item":"https:\/\/akunq.net\/tr"},{"@type":"ListItem","position":2,"name":"Hatay&#8217;da patlama meydana geldi"}]},{"@type":"WebSite","@id":"https:\/\/akunq.net\/tr\/#website","url":"https:\/\/akunq.net\/tr\/","name":"Bati Ermenistan Ve Bati Ermenileri Sorunlari Ara\u015ftirmalar Merkezi","description":"","potentialAction":[{"@type":"SearchAction","target":{"@type":"EntryPoint","urlTemplate":"https:\/\/akunq.net\/tr\/?s={search_term_string}"},"query-input":{"@type":"PropertyValueSpecification","valueRequired":true,"valueName":"search_term_string"}}],"inLanguage":"en-US"},{"@type":"Person","@id":"https:\/\/akunq.net\/tr\/#\/schema\/person\/096f1d38a12cce57fb855b485ed24c9e","name":"admin","url":"https:\/\/akunq.net\/tr\/?author=7"}]}},"_links":{"self":[{"href":"https:\/\/akunq.net\/tr\/index.php?rest_route=\/wp\/v2\/posts\/59828","targetHints":{"allow":["GET"]}}],"collection":[{"href":"https:\/\/akunq.net\/tr\/index.php?rest_route=\/wp\/v2\/posts"}],"about":[{"href":"https:\/\/akunq.net\/tr\/index.php?rest_route=\/wp\/v2\/types\/post"}],"author":[{"embeddable":true,"href":"https:\/\/akunq.net\/tr\/index.php?rest_route=\/wp\/v2\/users\/7"}],"replies":[{"embeddable":true,"href":"https:\/\/akunq.net\/tr\/index.php?rest_route=%2Fwp%2Fv2%2Fcomments&post=59828"}],"version-history":[{"count":1,"href":"https:\/\/akunq.net\/tr\/index.php?rest_route=\/wp\/v2\/posts\/59828\/revisions"}],"predecessor-version":[{"id":59830,"href":"https:\/\/akunq.net\/tr\/index.php?rest_route=\/wp\/v2\/posts\/59828\/revisions\/59830"}],"wp:featuredmedia":[{"embeddable":true,"href":"https:\/\/akunq.net\/tr\/index.php?rest_route=\/wp\/v2\/media\/59829"}],"wp:attachment":[{"href":"https:\/\/akunq.net\/tr\/index.php?rest_route=%2Fwp%2Fv2%2Fmedia&parent=59828"}],"wp:term":[{"taxonomy":"category","embeddable":true,"href":"https:\/\/akunq.net\/tr\/index.php?rest_route=%2Fwp%2Fv2%2Fcategories&post=59828"},{"taxonomy":"post_tag","embeddable":true,"href":"https:\/\/akunq.net\/tr\/index.php?rest_route=%2Fwp%2Fv2%2Ftags&post=59828"}],"curies":[{"name":"wp","href":"https:\/\/api.w.org\/{rel}","templated":true}]}}