{"id":59810,"date":"2020-10-27T01:25:21","date_gmt":"2020-10-27T06:25:21","guid":{"rendered":"https:\/\/akunq.net\/tr\/?p=59810"},"modified":"2020-10-27T01:25:21","modified_gmt":"2020-10-27T06:25:21","slug":"mel-gibson-ermeni-halki-icin-dua-ediyorum","status":"publish","type":"post","link":"https:\/\/akunq.net\/tr\/?p=59810","title":{"rendered":"Mel Gibson: Ermeni halk\u0131 i\u00e7in dua ediyorum"},"content":{"rendered":"<p><img loading=\"lazy\" decoding=\"async\" class=\"aligncenter size-medium wp-image-59811\" src=\"https:\/\/akunq.net\/tr\/wp-content\/uploads\/2020\/10\/Mel-Gibson-360x242.jpg\" alt=\"\" width=\"360\" height=\"242\" srcset=\"https:\/\/akunq.net\/tr\/wp-content\/uploads\/sites\/6\/2020\/10\/Mel-Gibson-360x242.jpg 360w, https:\/\/akunq.net\/tr\/wp-content\/uploads\/sites\/6\/2020\/10\/Mel-Gibson-560x376.jpg 560w, https:\/\/akunq.net\/tr\/wp-content\/uploads\/sites\/6\/2020\/10\/Mel-Gibson-260x175.jpg 260w, https:\/\/akunq.net\/tr\/wp-content\/uploads\/sites\/6\/2020\/10\/Mel-Gibson-160x107.jpg 160w, https:\/\/akunq.net\/tr\/wp-content\/uploads\/sites\/6\/2020\/10\/Mel-Gibson.jpg 670w\" sizes=\"auto, (max-width: 360px) 100vw, 360px\" \/><\/p>\n<p><em><strong>Oscar \u00f6d\u00fcll\u00fc \u00fcnl\u00fc akt\u00f6r, y\u00f6netmen ve yap\u0131mc\u0131 Mel Gibson, Azerbaycan&#8217;\u0131n ile T\u00fcrkiye&#8217;nin Artsakh&#8217;a (Da\u011fl\u0131k Karaba\u011f) ve Ermenistan&#8217;a kar\u015f\u0131 ba\u015flatt\u0131\u011f\u0131 sald\u0131rganl\u0131\u011f\u0131na ili\u015fkin Ermeni halk\u0131n\u0131 destekledi\u011fini a\u00e7\u0131klad\u0131.<\/strong><\/em><\/p>\n<p>Sosyal medyada yay\u0131nlanan video mesaj\u0131nda Gibson, Artsakh&#8217;ta ya\u015fanan gerginli\u011fin artmas\u0131ndan dolay\u0131 \u00fcz\u00fcnt\u00fc duydu\u011funu ifade etti.<\/p>\n<p>Gibson, &#8221;ABD&#8217;de bir\u00e7ok Ermeni arkada\u015f\u0131m var ve onlar \u00e7ekti\u011finiz \u00e7ilelerden ve kay\u0131plar\u0131n\u0131zdan bahsetti. Ermeni halk\u0131na b\u00fcy\u00fck sayg\u0131 duyuyorum. Onlar kalbi g\u00fczel insanlar. Ermeniler bir\u00e7ok zorluklarla kar\u015f\u0131la\u015fmaya maruz kald\u0131, ancak Ermeni halk\u0131n\u0131n imkanlar\u0131n\u0131n sonsuz oldu\u011funu siz de ben de biliyoruz.&#8221;\u00a0 dedi.<\/p>\n<p>Bu zor zamanlarda Ermeniler ve sorununun bar\u0131\u015f \u00e7\u00f6z\u00fcm\u00fc i\u00e7in dua etti\u011fini s\u00f6yleyen \u00fcnl\u00fc sanat\u00e7\u0131, &#8221;Dik durun arkada\u015flar\u0131m, i\u015finizi yapmaya devam edin, Tanr\u0131 sizi kutsas\u0131n&#8221; dedi.<\/p>\n<p><em><strong>https:\/\/www.ermenihaber.am\/tr\/news\/2020\/10\/26\/Gibson-Ermeni-Karaba%C4%9F\/196702\u00a0<\/strong><\/em><\/p>\n","protected":false},"excerpt":{"rendered":"<p>Oscar \u00f6d\u00fcll\u00fc \u00fcnl\u00fc akt\u00f6r, y\u00f6netmen ve yap\u0131mc\u0131 Mel Gibson, Azerbaycan&#8217;\u0131n ile T\u00fcrkiye&#8217;nin Artsakh&#8217;a (Da\u011fl\u0131k Karaba\u011f) ve Ermenistan&#8217;a kar\u015f\u0131 ba\u015flatt\u0131\u011f\u0131 sald\u0131rganl\u0131\u011f\u0131na ili\u015fkin Ermeni halk\u0131n\u0131 destekledi\u011fini a\u00e7\u0131klad\u0131. Sosyal medyada yay\u0131nlanan video mesaj\u0131nda Gibson, Artsakh&#8217;ta ya\u015fanan gerginli\u011fin artmas\u0131ndan dolay\u0131 \u00fcz\u00fcnt\u00fc duydu\u011funu ifade etti. Gibson, &#8221;ABD&#8217;de bir\u00e7ok Ermeni arkada\u015f\u0131m var ve onlar \u00e7ekti\u011finiz \u00e7ilelerden ve kay\u0131plar\u0131n\u0131zdan bahsetti. Ermeni halk\u0131na [&hellip;]<\/p>\n","protected":false},"author":7,"featured_media":59811,"comment_status":"open","ping_status":"open","sticky":false,"template":"","format":"standard","meta":{"footnotes":""},"categories":[1],"tags":[],"class_list":["post-59810","post","type-post","status-publish","format-standard","has-post-thumbnail","hentry","category-haberler"],"yoast_head":"<!-- This site is optimized with the Yoast SEO plugin v27.4 - https:\/\/yoast.com\/product\/yoast-seo-wordpress\/ -->\n<title>Mel Gibson: Ermeni halk\u0131 i\u00e7in dua ediyorum - Bati Ermenistan Ve Bati Ermenileri Sorunlari Ara\u015ftirmalar Merkezi<\/title>\n<meta name=\"robots\" content=\"index, follow, max-snippet:-1, max-image-preview:large, max-video-preview:-1\" \/>\n<link rel=\"canonical\" href=\"https:\/\/akunq.net\/tr\/?p=59810\" \/>\n<meta property=\"og:locale\" content=\"en_US\" \/>\n<meta property=\"og:type\" content=\"article\" \/>\n<meta property=\"og:title\" content=\"Mel Gibson: Ermeni halk\u0131 i\u00e7in dua ediyorum - Bati Ermenistan Ve Bati Ermenileri Sorunlari Ara\u015ftirmalar Merkezi\" \/>\n<meta property=\"og:description\" content=\"Oscar \u00f6d\u00fcll\u00fc \u00fcnl\u00fc akt\u00f6r, y\u00f6netmen ve yap\u0131mc\u0131 Mel Gibson, Azerbaycan&#8217;\u0131n ile T\u00fcrkiye&#8217;nin Artsakh&#8217;a (Da\u011fl\u0131k Karaba\u011f) ve Ermenistan&#8217;a kar\u015f\u0131 ba\u015flatt\u0131\u011f\u0131 sald\u0131rganl\u0131\u011f\u0131na ili\u015fkin Ermeni halk\u0131n\u0131 destekledi\u011fini a\u00e7\u0131klad\u0131. Sosyal medyada yay\u0131nlanan video mesaj\u0131nda Gibson, Artsakh&#8217;ta ya\u015fanan gerginli\u011fin artmas\u0131ndan dolay\u0131 \u00fcz\u00fcnt\u00fc duydu\u011funu ifade etti. Gibson, &#8221;ABD&#8217;de bir\u00e7ok Ermeni arkada\u015f\u0131m var ve onlar \u00e7ekti\u011finiz \u00e7ilelerden ve kay\u0131plar\u0131n\u0131zdan bahsetti. Ermeni halk\u0131na [&hellip;]\" \/>\n<meta property=\"og:url\" content=\"https:\/\/akunq.net\/tr\/?p=59810\" \/>\n<meta property=\"og:site_name\" content=\"Bati Ermenistan Ve Bati Ermenileri Sorunlari Ara\u015ftirmalar Merkezi\" \/>\n<meta property=\"article:published_time\" content=\"2020-10-27T06:25:21+00:00\" \/>\n<meta property=\"og:image\" content=\"https:\/\/akunq.net\/tr\/wp-content\/uploads\/sites\/6\/2020\/10\/Mel-Gibson.jpg\" \/>\n\t<meta property=\"og:image:width\" content=\"670\" \/>\n\t<meta property=\"og:image:height\" content=\"450\" \/>\n\t<meta property=\"og:image:type\" content=\"image\/jpeg\" \/>\n<meta name=\"author\" content=\"admin\" \/>\n<meta name=\"twitter:card\" content=\"summary_large_image\" \/>\n<meta name=\"twitter:label1\" content=\"Written by\" \/>\n\t<meta name=\"twitter:data1\" content=\"admin\" \/>\n\t<meta name=\"twitter:label2\" content=\"Est. reading time\" \/>\n\t<meta name=\"twitter:data2\" content=\"1 minute\" \/>\n<script type=\"application\/ld+json\" class=\"yoast-schema-graph\">{\"@context\":\"https:\\\/\\\/schema.org\",\"@graph\":[{\"@type\":\"Article\",\"@id\":\"https:\\\/\\\/akunq.net\\\/tr\\\/?p=59810#article\",\"isPartOf\":{\"@id\":\"https:\\\/\\\/akunq.net\\\/tr\\\/?p=59810\"},\"author\":{\"name\":\"admin\",\"@id\":\"https:\\\/\\\/akunq.net\\\/tr\\\/#\\\/schema\\\/person\\\/096f1d38a12cce57fb855b485ed24c9e\"},\"headline\":\"Mel Gibson: Ermeni halk\u0131 i\u00e7in dua ediyorum\",\"datePublished\":\"2020-10-27T06:25:21+00:00\",\"mainEntityOfPage\":{\"@id\":\"https:\\\/\\\/akunq.net\\\/tr\\\/?p=59810\"},\"wordCount\":171,\"commentCount\":0,\"image\":{\"@id\":\"https:\\\/\\\/akunq.net\\\/tr\\\/?p=59810#primaryimage\"},\"thumbnailUrl\":\"https:\\\/\\\/akunq.net\\\/tr\\\/wp-content\\\/uploads\\\/sites\\\/6\\\/2020\\\/10\\\/Mel-Gibson.jpg\",\"articleSection\":[\"Haberler\"],\"inLanguage\":\"en-US\",\"potentialAction\":[{\"@type\":\"CommentAction\",\"name\":\"Comment\",\"target\":[\"https:\\\/\\\/akunq.net\\\/tr\\\/?p=59810#respond\"]}]},{\"@type\":\"WebPage\",\"@id\":\"https:\\\/\\\/akunq.net\\\/tr\\\/?p=59810\",\"url\":\"https:\\\/\\\/akunq.net\\\/tr\\\/?p=59810\",\"name\":\"Mel Gibson: Ermeni halk\u0131 i\u00e7in dua ediyorum - Bati Ermenistan Ve Bati Ermenileri Sorunlari Ara\u015ftirmalar Merkezi\",\"isPartOf\":{\"@id\":\"https:\\\/\\\/akunq.net\\\/tr\\\/#website\"},\"primaryImageOfPage\":{\"@id\":\"https:\\\/\\\/akunq.net\\\/tr\\\/?p=59810#primaryimage\"},\"image\":{\"@id\":\"https:\\\/\\\/akunq.net\\\/tr\\\/?p=59810#primaryimage\"},\"thumbnailUrl\":\"https:\\\/\\\/akunq.net\\\/tr\\\/wp-content\\\/uploads\\\/sites\\\/6\\\/2020\\\/10\\\/Mel-Gibson.jpg\",\"datePublished\":\"2020-10-27T06:25:21+00:00\",\"author\":{\"@id\":\"https:\\\/\\\/akunq.net\\\/tr\\\/#\\\/schema\\\/person\\\/096f1d38a12cce57fb855b485ed24c9e\"},\"breadcrumb\":{\"@id\":\"https:\\\/\\\/akunq.net\\\/tr\\\/?p=59810#breadcrumb\"},\"inLanguage\":\"en-US\",\"potentialAction\":[{\"@type\":\"ReadAction\",\"target\":[\"https:\\\/\\\/akunq.net\\\/tr\\\/?p=59810\"]}]},{\"@type\":\"ImageObject\",\"inLanguage\":\"en-US\",\"@id\":\"https:\\\/\\\/akunq.net\\\/tr\\\/?p=59810#primaryimage\",\"url\":\"https:\\\/\\\/akunq.net\\\/tr\\\/wp-content\\\/uploads\\\/sites\\\/6\\\/2020\\\/10\\\/Mel-Gibson.jpg\",\"contentUrl\":\"https:\\\/\\\/akunq.net\\\/tr\\\/wp-content\\\/uploads\\\/sites\\\/6\\\/2020\\\/10\\\/Mel-Gibson.jpg\",\"width\":670,\"height\":450},{\"@type\":\"BreadcrumbList\",\"@id\":\"https:\\\/\\\/akunq.net\\\/tr\\\/?p=59810#breadcrumb\",\"itemListElement\":[{\"@type\":\"ListItem\",\"position\":1,\"name\":\"Home\",\"item\":\"https:\\\/\\\/akunq.net\\\/tr\"},{\"@type\":\"ListItem\",\"position\":2,\"name\":\"Mel Gibson: Ermeni halk\u0131 i\u00e7in dua ediyorum\"}]},{\"@type\":\"WebSite\",\"@id\":\"https:\\\/\\\/akunq.net\\\/tr\\\/#website\",\"url\":\"https:\\\/\\\/akunq.net\\\/tr\\\/\",\"name\":\"Bati Ermenistan Ve Bati Ermenileri Sorunlari Ara\u015ftirmalar Merkezi\",\"description\":\"\",\"potentialAction\":[{\"@type\":\"SearchAction\",\"target\":{\"@type\":\"EntryPoint\",\"urlTemplate\":\"https:\\\/\\\/akunq.net\\\/tr\\\/?s={search_term_string}\"},\"query-input\":{\"@type\":\"PropertyValueSpecification\",\"valueRequired\":true,\"valueName\":\"search_term_string\"}}],\"inLanguage\":\"en-US\"},{\"@type\":\"Person\",\"@id\":\"https:\\\/\\\/akunq.net\\\/tr\\\/#\\\/schema\\\/person\\\/096f1d38a12cce57fb855b485ed24c9e\",\"name\":\"admin\",\"url\":\"https:\\\/\\\/akunq.net\\\/tr\\\/?author=7\"}]}<\/script>\n<!-- \/ Yoast SEO plugin. -->","yoast_head_json":{"title":"Mel Gibson: Ermeni halk\u0131 i\u00e7in dua ediyorum - Bati Ermenistan Ve Bati Ermenileri Sorunlari Ara\u015ftirmalar Merkezi","robots":{"index":"index","follow":"follow","max-snippet":"max-snippet:-1","max-image-preview":"max-image-preview:large","max-video-preview":"max-video-preview:-1"},"canonical":"https:\/\/akunq.net\/tr\/?p=59810","og_locale":"en_US","og_type":"article","og_title":"Mel Gibson: Ermeni halk\u0131 i\u00e7in dua ediyorum - Bati Ermenistan Ve Bati Ermenileri Sorunlari Ara\u015ftirmalar Merkezi","og_description":"Oscar \u00f6d\u00fcll\u00fc \u00fcnl\u00fc akt\u00f6r, y\u00f6netmen ve yap\u0131mc\u0131 Mel Gibson, Azerbaycan&#8217;\u0131n ile T\u00fcrkiye&#8217;nin Artsakh&#8217;a (Da\u011fl\u0131k Karaba\u011f) ve Ermenistan&#8217;a kar\u015f\u0131 ba\u015flatt\u0131\u011f\u0131 sald\u0131rganl\u0131\u011f\u0131na ili\u015fkin Ermeni halk\u0131n\u0131 destekledi\u011fini a\u00e7\u0131klad\u0131. Sosyal medyada yay\u0131nlanan video mesaj\u0131nda Gibson, Artsakh&#8217;ta ya\u015fanan gerginli\u011fin artmas\u0131ndan dolay\u0131 \u00fcz\u00fcnt\u00fc duydu\u011funu ifade etti. Gibson, &#8221;ABD&#8217;de bir\u00e7ok Ermeni arkada\u015f\u0131m var ve onlar \u00e7ekti\u011finiz \u00e7ilelerden ve kay\u0131plar\u0131n\u0131zdan bahsetti. Ermeni halk\u0131na [&hellip;]","og_url":"https:\/\/akunq.net\/tr\/?p=59810","og_site_name":"Bati Ermenistan Ve Bati Ermenileri Sorunlari Ara\u015ftirmalar Merkezi","article_published_time":"2020-10-27T06:25:21+00:00","og_image":[{"width":670,"height":450,"url":"https:\/\/akunq.net\/tr\/wp-content\/uploads\/sites\/6\/2020\/10\/Mel-Gibson.jpg","type":"image\/jpeg"}],"author":"admin","twitter_card":"summary_large_image","twitter_misc":{"Written by":"admin","Est. reading time":"1 minute"},"schema":{"@context":"https:\/\/schema.org","@graph":[{"@type":"Article","@id":"https:\/\/akunq.net\/tr\/?p=59810#article","isPartOf":{"@id":"https:\/\/akunq.net\/tr\/?p=59810"},"author":{"name":"admin","@id":"https:\/\/akunq.net\/tr\/#\/schema\/person\/096f1d38a12cce57fb855b485ed24c9e"},"headline":"Mel Gibson: Ermeni halk\u0131 i\u00e7in dua ediyorum","datePublished":"2020-10-27T06:25:21+00:00","mainEntityOfPage":{"@id":"https:\/\/akunq.net\/tr\/?p=59810"},"wordCount":171,"commentCount":0,"image":{"@id":"https:\/\/akunq.net\/tr\/?p=59810#primaryimage"},"thumbnailUrl":"https:\/\/akunq.net\/tr\/wp-content\/uploads\/sites\/6\/2020\/10\/Mel-Gibson.jpg","articleSection":["Haberler"],"inLanguage":"en-US","potentialAction":[{"@type":"CommentAction","name":"Comment","target":["https:\/\/akunq.net\/tr\/?p=59810#respond"]}]},{"@type":"WebPage","@id":"https:\/\/akunq.net\/tr\/?p=59810","url":"https:\/\/akunq.net\/tr\/?p=59810","name":"Mel Gibson: Ermeni halk\u0131 i\u00e7in dua ediyorum - Bati Ermenistan Ve Bati Ermenileri Sorunlari Ara\u015ftirmalar Merkezi","isPartOf":{"@id":"https:\/\/akunq.net\/tr\/#website"},"primaryImageOfPage":{"@id":"https:\/\/akunq.net\/tr\/?p=59810#primaryimage"},"image":{"@id":"https:\/\/akunq.net\/tr\/?p=59810#primaryimage"},"thumbnailUrl":"https:\/\/akunq.net\/tr\/wp-content\/uploads\/sites\/6\/2020\/10\/Mel-Gibson.jpg","datePublished":"2020-10-27T06:25:21+00:00","author":{"@id":"https:\/\/akunq.net\/tr\/#\/schema\/person\/096f1d38a12cce57fb855b485ed24c9e"},"breadcrumb":{"@id":"https:\/\/akunq.net\/tr\/?p=59810#breadcrumb"},"inLanguage":"en-US","potentialAction":[{"@type":"ReadAction","target":["https:\/\/akunq.net\/tr\/?p=59810"]}]},{"@type":"ImageObject","inLanguage":"en-US","@id":"https:\/\/akunq.net\/tr\/?p=59810#primaryimage","url":"https:\/\/akunq.net\/tr\/wp-content\/uploads\/sites\/6\/2020\/10\/Mel-Gibson.jpg","contentUrl":"https:\/\/akunq.net\/tr\/wp-content\/uploads\/sites\/6\/2020\/10\/Mel-Gibson.jpg","width":670,"height":450},{"@type":"BreadcrumbList","@id":"https:\/\/akunq.net\/tr\/?p=59810#breadcrumb","itemListElement":[{"@type":"ListItem","position":1,"name":"Home","item":"https:\/\/akunq.net\/tr"},{"@type":"ListItem","position":2,"name":"Mel Gibson: Ermeni halk\u0131 i\u00e7in dua ediyorum"}]},{"@type":"WebSite","@id":"https:\/\/akunq.net\/tr\/#website","url":"https:\/\/akunq.net\/tr\/","name":"Bati Ermenistan Ve Bati Ermenileri Sorunlari Ara\u015ftirmalar Merkezi","description":"","potentialAction":[{"@type":"SearchAction","target":{"@type":"EntryPoint","urlTemplate":"https:\/\/akunq.net\/tr\/?s={search_term_string}"},"query-input":{"@type":"PropertyValueSpecification","valueRequired":true,"valueName":"search_term_string"}}],"inLanguage":"en-US"},{"@type":"Person","@id":"https:\/\/akunq.net\/tr\/#\/schema\/person\/096f1d38a12cce57fb855b485ed24c9e","name":"admin","url":"https:\/\/akunq.net\/tr\/?author=7"}]}},"_links":{"self":[{"href":"https:\/\/akunq.net\/tr\/index.php?rest_route=\/wp\/v2\/posts\/59810","targetHints":{"allow":["GET"]}}],"collection":[{"href":"https:\/\/akunq.net\/tr\/index.php?rest_route=\/wp\/v2\/posts"}],"about":[{"href":"https:\/\/akunq.net\/tr\/index.php?rest_route=\/wp\/v2\/types\/post"}],"author":[{"embeddable":true,"href":"https:\/\/akunq.net\/tr\/index.php?rest_route=\/wp\/v2\/users\/7"}],"replies":[{"embeddable":true,"href":"https:\/\/akunq.net\/tr\/index.php?rest_route=%2Fwp%2Fv2%2Fcomments&post=59810"}],"version-history":[{"count":1,"href":"https:\/\/akunq.net\/tr\/index.php?rest_route=\/wp\/v2\/posts\/59810\/revisions"}],"predecessor-version":[{"id":59812,"href":"https:\/\/akunq.net\/tr\/index.php?rest_route=\/wp\/v2\/posts\/59810\/revisions\/59812"}],"wp:featuredmedia":[{"embeddable":true,"href":"https:\/\/akunq.net\/tr\/index.php?rest_route=\/wp\/v2\/media\/59811"}],"wp:attachment":[{"href":"https:\/\/akunq.net\/tr\/index.php?rest_route=%2Fwp%2Fv2%2Fmedia&parent=59810"}],"wp:term":[{"taxonomy":"category","embeddable":true,"href":"https:\/\/akunq.net\/tr\/index.php?rest_route=%2Fwp%2Fv2%2Fcategories&post=59810"},{"taxonomy":"post_tag","embeddable":true,"href":"https:\/\/akunq.net\/tr\/index.php?rest_route=%2Fwp%2Fv2%2Ftags&post=59810"}],"curies":[{"name":"wp","href":"https:\/\/api.w.org\/{rel}","templated":true}]}}