{"id":59667,"date":"2020-10-20T01:13:12","date_gmt":"2020-10-20T06:13:12","guid":{"rendered":"https:\/\/akunq.net\/tr\/?p=59667"},"modified":"2020-10-20T01:13:12","modified_gmt":"2020-10-20T06:13:12","slug":"garo-paylana-acik-mektup","status":"publish","type":"post","link":"https:\/\/akunq.net\/tr\/?p=59667","title":{"rendered":"Garo Paylan\u2019a a\u00e7\u0131k mektup"},"content":{"rendered":"<p><img loading=\"lazy\" decoding=\"async\" class=\"aligncenter size-medium wp-image-59668\" src=\"https:\/\/akunq.net\/tr\/wp-content\/uploads\/2020\/10\/Garo-Paylan-360x240.jpg\" alt=\"\" width=\"360\" height=\"240\" srcset=\"https:\/\/akunq.net\/tr\/wp-content\/uploads\/sites\/6\/2020\/10\/Garo-Paylan-360x240.jpg 360w, https:\/\/akunq.net\/tr\/wp-content\/uploads\/sites\/6\/2020\/10\/Garo-Paylan-768x511.jpg 768w, https:\/\/akunq.net\/tr\/wp-content\/uploads\/sites\/6\/2020\/10\/Garo-Paylan-560x373.jpg 560w, https:\/\/akunq.net\/tr\/wp-content\/uploads\/sites\/6\/2020\/10\/Garo-Paylan-260x173.jpg 260w, https:\/\/akunq.net\/tr\/wp-content\/uploads\/sites\/6\/2020\/10\/Garo-Paylan-160x107.jpg 160w, https:\/\/akunq.net\/tr\/wp-content\/uploads\/sites\/6\/2020\/10\/Garo-Paylan.jpg 1368w\" sizes=\"auto, (max-width: 360px) 100vw, 360px\" \/><\/p>\n<p><strong><a href=\"https:\/\/www.indyturk.com\/taxonomy\/term\/50216\">Nuray Mert\u00a0\u00a0<\/a>Yazar, akademisyen\u00a0<\/strong><\/p>\n<p><em>Pazartesi 19 Ekim 2020<\/em><\/p>\n<p>Sevgili Garo,<\/p>\n<p>Yaln\u0131z olmad\u0131\u011f\u0131n\u0131 biliyorsun, ama ben bir kez daha ses vermek istedim. Muhalefet siyaseti yapanlar\u0131n her vesile ile<em>\u00a0\u2018d\u00fc\u015fman\u2019<\/em>\u00a0edilmesine art\u0131k \u015fa\u015f\u0131rm\u0131yoruz.<\/p>\n<p>B\u00f6ylesi bir ortamda, milliyet\u00e7i nutuklar atmad\u0131\u011f\u0131n s\u00fcrece, ne s\u00f6ylemi\u015f veya s\u00f6ylememi\u015f olursan ol, \u00a0karalanacakt\u0131n, hedef g\u00f6sterilecektin.<\/p>\n<p>Dahas\u0131, buras\u0131, kavgadan uzak durma, daha \u00f6nemlisi kavgalar\u0131 yat\u0131\u015ft\u0131rma tavr\u0131n\u0131 benimseyenlerin, vatanlar\u0131n\u0131 sevmedikleri varsay\u0131lan bir yer. Herkesin bu b\u00fcy\u00fck zan alt\u0131nda ya\u015fad\u0131\u011f\u0131 bir yer.<\/p>\n<p>Muhalefet partilerinin \u00e7o\u011funun iktidar ile milliyet\u00e7ilik yar\u0131\u015f\u0131na girmesi bo\u015funa de\u011fil. Bu yar\u0131\u015f\u0131n \u00fclkemize faydas\u0131 olup olmad\u0131\u011f\u0131 kimsenin umurunda de\u011fil, yeter ki herkes kendini\u00a0<em>\u2018zan\u2019\u00a0<\/em>alt\u0131na girmekten kurtars\u0131n, \u00fc\u00e7 oy kaybetsin, be\u015f oy als\u0131n.<\/p>\n<p>Bilindik \u015feyleri tekrar etmeye gerek yok. Ama baz\u0131 \u015feyleri b\u0131kmadan hat\u0131rlamak, hat\u0131rlatmak ve tekrar etmek gerek.<\/p>\n<p>Hat\u0131rlatmak gereken \u015feylerden biri; bu \u00fclkede, T\u00fcrk, M\u00fcsl\u00fcman ve S\u00fcnni olmayanlar\u0131n, siyasetle hi\u00e7bir ilgileri olmasa da ne kadar zor hayatlar ya\u015fad\u0131\u011f\u0131 ger\u00e7e\u011fi.<\/p>\n<p>Yeni de\u011fil ama yeniden, g\u00f6zlerin Yunanistan ile sorun olunca Rumlar\u0131n, Ermenistan ile sorun olunca Ermenilerin \u00fczerine dikildi\u011fi zamanlar ya\u015f\u0131yoruz.<\/p>\n<p>Sadece gayrim\u00fcslimlerin de\u011fil ama en \u00e7ok onlar\u0131n s\u00fcrekli\u00a0<em>\u2018g\u00fcnah \u00e7\u0131karmas\u0131\u2019<\/em>gerekiyor.<\/p>\n<p>Sevgili Garo, senin su\u00e7un, Ermeni oldu\u011fun i\u00e7in tela\u015f i\u00e7inde g\u00fcnah \u00e7\u0131karmak yerine, bu \u00fclkenin e\u015fit bir vatanda\u015f\u0131 olman\u0131n g\u00fcveni ile davranman, \u00fcstelik muhalefet siyaseti yapmaya kalk\u0131\u015fman.<\/p>\n<p>Benzetmek gibi olmas\u0131n, Allah esirgesin, Ayn\u0131 su\u00e7u\u00a0<a href=\"https:\/\/www.indyturk.com\/tags\/hrant-dink\">Hrant<\/a>\u00a0da i\u015flemi\u015fti. Niyeti halisti, buras\u0131 onun \u00fclkesiydi neden terk etsindi, dahas\u0131 bu \u00fclkeyi \u00e7ok seviyordu.<\/p>\n<p>Hepimiz gibi ge\u00e7mi\u015fi, gelece\u011fi, arkada\u015f\u0131, dostu hep buradayd\u0131. Onun vatan sevgisinden \u015f\u00fcphesi yoktu ki, \u015f\u00fcpheleri ciddiye als\u0131n.<\/p>\n<p>Ama biz ciddiye almak zorunday\u0131z, daha \u00e7ok ses vermeliyiz ki, bir daha o karanl\u0131k sayfa a\u00e7\u0131lmas\u0131n.<\/p>\n<p><em>Ve bir \u00e7a\u011fr\u0131;<\/em><\/p>\n<p>Garo\u2019nun yan\u0131nda durmaktan, ses vermekten \u00e7ekinen varsa hemen s\u00f6yleyeyim; arkada\u015f\u0131m\u0131 kald\u0131r\u0131m \u00fczerinde vurulmu\u015f g\u00f6rd\u00fcm, inan\u0131n bundan daha fazla korkulacak bir \u015fey olamaz.<\/p>\n<p><em>*Bu makalede yer alan fikirler yazara aittir ve Independent T\u00fcrk\u00e7e\u2019nin edit\u00f6ryal politikas\u0131n\u0131 yans\u0131tmayabilir.<\/em><\/p>\n<p><strong>\u00a9 The Independentturkish<\/strong><\/p>\n<hr class=\"wp-block-separator\" \/>\n<p><em><strong><a href=\"https:\/\/www.indyturk.com\/node\/259631\/t%C3%BCrki%CC%87yeden-sesler\/garo-paylana-a%C3%A7%C4%B1k-mektup\">https:\/\/www.indyturk.com\/node\/259631\/t\u00fcrki\u0307yeden-sesler\/garo-paylana-a\u00e7\u0131k-mektup<\/a><\/strong><\/em><\/p>\n","protected":false},"excerpt":{"rendered":"<p>Nuray Mert\u00a0\u00a0Yazar, akademisyen\u00a0 Pazartesi 19 Ekim 2020 Sevgili Garo, Yaln\u0131z olmad\u0131\u011f\u0131n\u0131 biliyorsun, ama ben bir kez daha ses vermek istedim. Muhalefet siyaseti yapanlar\u0131n her vesile ile\u00a0\u2018d\u00fc\u015fman\u2019\u00a0edilmesine art\u0131k \u015fa\u015f\u0131rm\u0131yoruz. B\u00f6ylesi bir ortamda, milliyet\u00e7i nutuklar atmad\u0131\u011f\u0131n s\u00fcrece, ne s\u00f6ylemi\u015f veya s\u00f6ylememi\u015f olursan ol, \u00a0karalanacakt\u0131n, hedef g\u00f6sterilecektin. Dahas\u0131, buras\u0131, kavgadan uzak durma, daha \u00f6nemlisi kavgalar\u0131 yat\u0131\u015ft\u0131rma tavr\u0131n\u0131 benimseyenlerin, [&hellip;]<\/p>\n","protected":false},"author":7,"featured_media":59668,"comment_status":"open","ping_status":"open","sticky":false,"template":"","format":"standard","meta":{"footnotes":""},"categories":[1,70,53],"tags":[],"class_list":["post-59667","post","type-post","status-publish","format-standard","has-post-thumbnail","hentry","category-haberler","category-makaleler","category-turkiyede-azinliklar"],"yoast_head":"<!-- This site is optimized with the Yoast SEO plugin v27.4 - https:\/\/yoast.com\/product\/yoast-seo-wordpress\/ -->\n<title>Garo Paylan\u2019a a\u00e7\u0131k mektup - Bati Ermenistan Ve Bati Ermenileri Sorunlari Ara\u015ftirmalar Merkezi<\/title>\n<meta name=\"robots\" content=\"index, follow, max-snippet:-1, max-image-preview:large, max-video-preview:-1\" \/>\n<link rel=\"canonical\" href=\"https:\/\/akunq.net\/tr\/?p=59667\" \/>\n<meta property=\"og:locale\" content=\"en_US\" \/>\n<meta property=\"og:type\" content=\"article\" \/>\n<meta property=\"og:title\" content=\"Garo Paylan\u2019a a\u00e7\u0131k mektup - Bati Ermenistan Ve Bati Ermenileri Sorunlari Ara\u015ftirmalar Merkezi\" \/>\n<meta property=\"og:description\" content=\"Nuray Mert\u00a0\u00a0Yazar, akademisyen\u00a0 Pazartesi 19 Ekim 2020 Sevgili Garo, Yaln\u0131z olmad\u0131\u011f\u0131n\u0131 biliyorsun, ama ben bir kez daha ses vermek istedim. Muhalefet siyaseti yapanlar\u0131n her vesile ile\u00a0\u2018d\u00fc\u015fman\u2019\u00a0edilmesine art\u0131k \u015fa\u015f\u0131rm\u0131yoruz. B\u00f6ylesi bir ortamda, milliyet\u00e7i nutuklar atmad\u0131\u011f\u0131n s\u00fcrece, ne s\u00f6ylemi\u015f veya s\u00f6ylememi\u015f olursan ol, \u00a0karalanacakt\u0131n, hedef g\u00f6sterilecektin. Dahas\u0131, buras\u0131, kavgadan uzak durma, daha \u00f6nemlisi kavgalar\u0131 yat\u0131\u015ft\u0131rma tavr\u0131n\u0131 benimseyenlerin, [&hellip;]\" \/>\n<meta property=\"og:url\" content=\"https:\/\/akunq.net\/tr\/?p=59667\" \/>\n<meta property=\"og:site_name\" content=\"Bati Ermenistan Ve Bati Ermenileri Sorunlari Ara\u015ftirmalar Merkezi\" \/>\n<meta property=\"article:published_time\" content=\"2020-10-20T06:13:12+00:00\" \/>\n<meta property=\"og:image\" content=\"https:\/\/akunq.net\/tr\/wp-content\/uploads\/sites\/6\/2020\/10\/Garo-Paylan.jpg\" \/>\n\t<meta property=\"og:image:width\" content=\"1368\" \/>\n\t<meta property=\"og:image:height\" content=\"911\" \/>\n\t<meta property=\"og:image:type\" content=\"image\/jpeg\" \/>\n<meta name=\"author\" content=\"admin\" \/>\n<meta name=\"twitter:card\" content=\"summary_large_image\" \/>\n<meta name=\"twitter:label1\" content=\"Written by\" \/>\n\t<meta name=\"twitter:data1\" content=\"admin\" \/>\n\t<meta name=\"twitter:label2\" content=\"Est. reading time\" \/>\n\t<meta name=\"twitter:data2\" content=\"2 minutes\" \/>\n<script type=\"application\/ld+json\" class=\"yoast-schema-graph\">{\"@context\":\"https:\\\/\\\/schema.org\",\"@graph\":[{\"@type\":\"Article\",\"@id\":\"https:\\\/\\\/akunq.net\\\/tr\\\/?p=59667#article\",\"isPartOf\":{\"@id\":\"https:\\\/\\\/akunq.net\\\/tr\\\/?p=59667\"},\"author\":{\"name\":\"admin\",\"@id\":\"https:\\\/\\\/akunq.net\\\/tr\\\/#\\\/schema\\\/person\\\/096f1d38a12cce57fb855b485ed24c9e\"},\"headline\":\"Garo Paylan\u2019a a\u00e7\u0131k mektup\",\"datePublished\":\"2020-10-20T06:13:12+00:00\",\"mainEntityOfPage\":{\"@id\":\"https:\\\/\\\/akunq.net\\\/tr\\\/?p=59667\"},\"wordCount\":401,\"commentCount\":0,\"image\":{\"@id\":\"https:\\\/\\\/akunq.net\\\/tr\\\/?p=59667#primaryimage\"},\"thumbnailUrl\":\"https:\\\/\\\/akunq.net\\\/tr\\\/wp-content\\\/uploads\\\/sites\\\/6\\\/2020\\\/10\\\/Garo-Paylan.jpg\",\"articleSection\":[\"Haberler\",\"Makaleler\",\"T\u00fcrkiye\u2019de Az\u0131nl\u0131klar\"],\"inLanguage\":\"en-US\",\"potentialAction\":[{\"@type\":\"CommentAction\",\"name\":\"Comment\",\"target\":[\"https:\\\/\\\/akunq.net\\\/tr\\\/?p=59667#respond\"]}]},{\"@type\":\"WebPage\",\"@id\":\"https:\\\/\\\/akunq.net\\\/tr\\\/?p=59667\",\"url\":\"https:\\\/\\\/akunq.net\\\/tr\\\/?p=59667\",\"name\":\"Garo Paylan\u2019a a\u00e7\u0131k mektup - Bati Ermenistan Ve Bati Ermenileri Sorunlari Ara\u015ftirmalar Merkezi\",\"isPartOf\":{\"@id\":\"https:\\\/\\\/akunq.net\\\/tr\\\/#website\"},\"primaryImageOfPage\":{\"@id\":\"https:\\\/\\\/akunq.net\\\/tr\\\/?p=59667#primaryimage\"},\"image\":{\"@id\":\"https:\\\/\\\/akunq.net\\\/tr\\\/?p=59667#primaryimage\"},\"thumbnailUrl\":\"https:\\\/\\\/akunq.net\\\/tr\\\/wp-content\\\/uploads\\\/sites\\\/6\\\/2020\\\/10\\\/Garo-Paylan.jpg\",\"datePublished\":\"2020-10-20T06:13:12+00:00\",\"author\":{\"@id\":\"https:\\\/\\\/akunq.net\\\/tr\\\/#\\\/schema\\\/person\\\/096f1d38a12cce57fb855b485ed24c9e\"},\"breadcrumb\":{\"@id\":\"https:\\\/\\\/akunq.net\\\/tr\\\/?p=59667#breadcrumb\"},\"inLanguage\":\"en-US\",\"potentialAction\":[{\"@type\":\"ReadAction\",\"target\":[\"https:\\\/\\\/akunq.net\\\/tr\\\/?p=59667\"]}]},{\"@type\":\"ImageObject\",\"inLanguage\":\"en-US\",\"@id\":\"https:\\\/\\\/akunq.net\\\/tr\\\/?p=59667#primaryimage\",\"url\":\"https:\\\/\\\/akunq.net\\\/tr\\\/wp-content\\\/uploads\\\/sites\\\/6\\\/2020\\\/10\\\/Garo-Paylan.jpg\",\"contentUrl\":\"https:\\\/\\\/akunq.net\\\/tr\\\/wp-content\\\/uploads\\\/sites\\\/6\\\/2020\\\/10\\\/Garo-Paylan.jpg\",\"width\":1368,\"height\":911},{\"@type\":\"BreadcrumbList\",\"@id\":\"https:\\\/\\\/akunq.net\\\/tr\\\/?p=59667#breadcrumb\",\"itemListElement\":[{\"@type\":\"ListItem\",\"position\":1,\"name\":\"Home\",\"item\":\"https:\\\/\\\/akunq.net\\\/tr\"},{\"@type\":\"ListItem\",\"position\":2,\"name\":\"Garo Paylan\u2019a a\u00e7\u0131k mektup\"}]},{\"@type\":\"WebSite\",\"@id\":\"https:\\\/\\\/akunq.net\\\/tr\\\/#website\",\"url\":\"https:\\\/\\\/akunq.net\\\/tr\\\/\",\"name\":\"Bati Ermenistan Ve Bati Ermenileri Sorunlari Ara\u015ftirmalar Merkezi\",\"description\":\"\",\"potentialAction\":[{\"@type\":\"SearchAction\",\"target\":{\"@type\":\"EntryPoint\",\"urlTemplate\":\"https:\\\/\\\/akunq.net\\\/tr\\\/?s={search_term_string}\"},\"query-input\":{\"@type\":\"PropertyValueSpecification\",\"valueRequired\":true,\"valueName\":\"search_term_string\"}}],\"inLanguage\":\"en-US\"},{\"@type\":\"Person\",\"@id\":\"https:\\\/\\\/akunq.net\\\/tr\\\/#\\\/schema\\\/person\\\/096f1d38a12cce57fb855b485ed24c9e\",\"name\":\"admin\",\"url\":\"https:\\\/\\\/akunq.net\\\/tr\\\/?author=7\"}]}<\/script>\n<!-- \/ Yoast SEO plugin. -->","yoast_head_json":{"title":"Garo Paylan\u2019a a\u00e7\u0131k mektup - Bati Ermenistan Ve Bati Ermenileri Sorunlari Ara\u015ftirmalar Merkezi","robots":{"index":"index","follow":"follow","max-snippet":"max-snippet:-1","max-image-preview":"max-image-preview:large","max-video-preview":"max-video-preview:-1"},"canonical":"https:\/\/akunq.net\/tr\/?p=59667","og_locale":"en_US","og_type":"article","og_title":"Garo Paylan\u2019a a\u00e7\u0131k mektup - Bati Ermenistan Ve Bati Ermenileri Sorunlari Ara\u015ftirmalar Merkezi","og_description":"Nuray Mert\u00a0\u00a0Yazar, akademisyen\u00a0 Pazartesi 19 Ekim 2020 Sevgili Garo, Yaln\u0131z olmad\u0131\u011f\u0131n\u0131 biliyorsun, ama ben bir kez daha ses vermek istedim. Muhalefet siyaseti yapanlar\u0131n her vesile ile\u00a0\u2018d\u00fc\u015fman\u2019\u00a0edilmesine art\u0131k \u015fa\u015f\u0131rm\u0131yoruz. B\u00f6ylesi bir ortamda, milliyet\u00e7i nutuklar atmad\u0131\u011f\u0131n s\u00fcrece, ne s\u00f6ylemi\u015f veya s\u00f6ylememi\u015f olursan ol, \u00a0karalanacakt\u0131n, hedef g\u00f6sterilecektin. Dahas\u0131, buras\u0131, kavgadan uzak durma, daha \u00f6nemlisi kavgalar\u0131 yat\u0131\u015ft\u0131rma tavr\u0131n\u0131 benimseyenlerin, [&hellip;]","og_url":"https:\/\/akunq.net\/tr\/?p=59667","og_site_name":"Bati Ermenistan Ve Bati Ermenileri Sorunlari Ara\u015ftirmalar Merkezi","article_published_time":"2020-10-20T06:13:12+00:00","og_image":[{"width":1368,"height":911,"url":"https:\/\/akunq.net\/tr\/wp-content\/uploads\/sites\/6\/2020\/10\/Garo-Paylan.jpg","type":"image\/jpeg"}],"author":"admin","twitter_card":"summary_large_image","twitter_misc":{"Written by":"admin","Est. reading time":"2 minutes"},"schema":{"@context":"https:\/\/schema.org","@graph":[{"@type":"Article","@id":"https:\/\/akunq.net\/tr\/?p=59667#article","isPartOf":{"@id":"https:\/\/akunq.net\/tr\/?p=59667"},"author":{"name":"admin","@id":"https:\/\/akunq.net\/tr\/#\/schema\/person\/096f1d38a12cce57fb855b485ed24c9e"},"headline":"Garo Paylan\u2019a a\u00e7\u0131k mektup","datePublished":"2020-10-20T06:13:12+00:00","mainEntityOfPage":{"@id":"https:\/\/akunq.net\/tr\/?p=59667"},"wordCount":401,"commentCount":0,"image":{"@id":"https:\/\/akunq.net\/tr\/?p=59667#primaryimage"},"thumbnailUrl":"https:\/\/akunq.net\/tr\/wp-content\/uploads\/sites\/6\/2020\/10\/Garo-Paylan.jpg","articleSection":["Haberler","Makaleler","T\u00fcrkiye\u2019de Az\u0131nl\u0131klar"],"inLanguage":"en-US","potentialAction":[{"@type":"CommentAction","name":"Comment","target":["https:\/\/akunq.net\/tr\/?p=59667#respond"]}]},{"@type":"WebPage","@id":"https:\/\/akunq.net\/tr\/?p=59667","url":"https:\/\/akunq.net\/tr\/?p=59667","name":"Garo Paylan\u2019a a\u00e7\u0131k mektup - Bati Ermenistan Ve Bati Ermenileri Sorunlari Ara\u015ftirmalar Merkezi","isPartOf":{"@id":"https:\/\/akunq.net\/tr\/#website"},"primaryImageOfPage":{"@id":"https:\/\/akunq.net\/tr\/?p=59667#primaryimage"},"image":{"@id":"https:\/\/akunq.net\/tr\/?p=59667#primaryimage"},"thumbnailUrl":"https:\/\/akunq.net\/tr\/wp-content\/uploads\/sites\/6\/2020\/10\/Garo-Paylan.jpg","datePublished":"2020-10-20T06:13:12+00:00","author":{"@id":"https:\/\/akunq.net\/tr\/#\/schema\/person\/096f1d38a12cce57fb855b485ed24c9e"},"breadcrumb":{"@id":"https:\/\/akunq.net\/tr\/?p=59667#breadcrumb"},"inLanguage":"en-US","potentialAction":[{"@type":"ReadAction","target":["https:\/\/akunq.net\/tr\/?p=59667"]}]},{"@type":"ImageObject","inLanguage":"en-US","@id":"https:\/\/akunq.net\/tr\/?p=59667#primaryimage","url":"https:\/\/akunq.net\/tr\/wp-content\/uploads\/sites\/6\/2020\/10\/Garo-Paylan.jpg","contentUrl":"https:\/\/akunq.net\/tr\/wp-content\/uploads\/sites\/6\/2020\/10\/Garo-Paylan.jpg","width":1368,"height":911},{"@type":"BreadcrumbList","@id":"https:\/\/akunq.net\/tr\/?p=59667#breadcrumb","itemListElement":[{"@type":"ListItem","position":1,"name":"Home","item":"https:\/\/akunq.net\/tr"},{"@type":"ListItem","position":2,"name":"Garo Paylan\u2019a a\u00e7\u0131k mektup"}]},{"@type":"WebSite","@id":"https:\/\/akunq.net\/tr\/#website","url":"https:\/\/akunq.net\/tr\/","name":"Bati Ermenistan Ve Bati Ermenileri Sorunlari Ara\u015ftirmalar Merkezi","description":"","potentialAction":[{"@type":"SearchAction","target":{"@type":"EntryPoint","urlTemplate":"https:\/\/akunq.net\/tr\/?s={search_term_string}"},"query-input":{"@type":"PropertyValueSpecification","valueRequired":true,"valueName":"search_term_string"}}],"inLanguage":"en-US"},{"@type":"Person","@id":"https:\/\/akunq.net\/tr\/#\/schema\/person\/096f1d38a12cce57fb855b485ed24c9e","name":"admin","url":"https:\/\/akunq.net\/tr\/?author=7"}]}},"_links":{"self":[{"href":"https:\/\/akunq.net\/tr\/index.php?rest_route=\/wp\/v2\/posts\/59667","targetHints":{"allow":["GET"]}}],"collection":[{"href":"https:\/\/akunq.net\/tr\/index.php?rest_route=\/wp\/v2\/posts"}],"about":[{"href":"https:\/\/akunq.net\/tr\/index.php?rest_route=\/wp\/v2\/types\/post"}],"author":[{"embeddable":true,"href":"https:\/\/akunq.net\/tr\/index.php?rest_route=\/wp\/v2\/users\/7"}],"replies":[{"embeddable":true,"href":"https:\/\/akunq.net\/tr\/index.php?rest_route=%2Fwp%2Fv2%2Fcomments&post=59667"}],"version-history":[{"count":1,"href":"https:\/\/akunq.net\/tr\/index.php?rest_route=\/wp\/v2\/posts\/59667\/revisions"}],"predecessor-version":[{"id":59669,"href":"https:\/\/akunq.net\/tr\/index.php?rest_route=\/wp\/v2\/posts\/59667\/revisions\/59669"}],"wp:featuredmedia":[{"embeddable":true,"href":"https:\/\/akunq.net\/tr\/index.php?rest_route=\/wp\/v2\/media\/59668"}],"wp:attachment":[{"href":"https:\/\/akunq.net\/tr\/index.php?rest_route=%2Fwp%2Fv2%2Fmedia&parent=59667"}],"wp:term":[{"taxonomy":"category","embeddable":true,"href":"https:\/\/akunq.net\/tr\/index.php?rest_route=%2Fwp%2Fv2%2Fcategories&post=59667"},{"taxonomy":"post_tag","embeddable":true,"href":"https:\/\/akunq.net\/tr\/index.php?rest_route=%2Fwp%2Fv2%2Ftags&post=59667"}],"curies":[{"name":"wp","href":"https:\/\/api.w.org\/{rel}","templated":true}]}}