{"id":59617,"date":"2020-10-16T03:51:43","date_gmt":"2020-10-16T08:51:43","guid":{"rendered":"https:\/\/akunq.net\/tr\/?p=59617"},"modified":"2020-10-16T03:51:43","modified_gmt":"2020-10-16T08:51:43","slug":"yunanistan-disisleri-bakanindan-ermeni-soykirimi-kurbanlar-anitina-ziyaret","status":"publish","type":"post","link":"https:\/\/akunq.net\/tr\/?p=59617","title":{"rendered":"Yunanistan D\u0131\u015fi\u015fleri Bakan\u0131ndan Ermeni Soyk\u0131r\u0131m\u0131 Kurbanlar An\u0131t\u0131\u2019na Ziyaret"},"content":{"rendered":"<p><img loading=\"lazy\" decoding=\"async\" class=\"aligncenter size-medium wp-image-59618\" src=\"https:\/\/akunq.net\/tr\/wp-content\/uploads\/2020\/10\/\u0540\u0578\u0582\u0576\u0561\u057d\u057f\u0561\u0576\u056b-\u0531\u0533-\u0576\u0561\u056d\u0561\u0580\u0561\u0580-360x240.jpg\" alt=\"\" width=\"360\" height=\"240\" srcset=\"https:\/\/akunq.net\/tr\/wp-content\/uploads\/sites\/6\/2020\/10\/\u0540\u0578\u0582\u0576\u0561\u057d\u057f\u0561\u0576\u056b-\u0531\u0533-\u0576\u0561\u056d\u0561\u0580\u0561\u0580-360x240.jpg 360w, https:\/\/akunq.net\/tr\/wp-content\/uploads\/sites\/6\/2020\/10\/\u0540\u0578\u0582\u0576\u0561\u057d\u057f\u0561\u0576\u056b-\u0531\u0533-\u0576\u0561\u056d\u0561\u0580\u0561\u0580-768x512.jpg 768w, https:\/\/akunq.net\/tr\/wp-content\/uploads\/sites\/6\/2020\/10\/\u0540\u0578\u0582\u0576\u0561\u057d\u057f\u0561\u0576\u056b-\u0531\u0533-\u0576\u0561\u056d\u0561\u0580\u0561\u0580-1536x1024.jpg 1536w, https:\/\/akunq.net\/tr\/wp-content\/uploads\/sites\/6\/2020\/10\/\u0540\u0578\u0582\u0576\u0561\u057d\u057f\u0561\u0576\u056b-\u0531\u0533-\u0576\u0561\u056d\u0561\u0580\u0561\u0580-560x373.jpg 560w, https:\/\/akunq.net\/tr\/wp-content\/uploads\/sites\/6\/2020\/10\/\u0540\u0578\u0582\u0576\u0561\u057d\u057f\u0561\u0576\u056b-\u0531\u0533-\u0576\u0561\u056d\u0561\u0580\u0561\u0580-260x173.jpg 260w, https:\/\/akunq.net\/tr\/wp-content\/uploads\/sites\/6\/2020\/10\/\u0540\u0578\u0582\u0576\u0561\u057d\u057f\u0561\u0576\u056b-\u0531\u0533-\u0576\u0561\u056d\u0561\u0580\u0561\u0580-160x107.jpg 160w, https:\/\/akunq.net\/tr\/wp-content\/uploads\/sites\/6\/2020\/10\/\u0540\u0578\u0582\u0576\u0561\u057d\u057f\u0561\u0576\u056b-\u0531\u0533-\u0576\u0561\u056d\u0561\u0580\u0561\u0580.jpg 1714w\" sizes=\"auto, (max-width: 360px) 100vw, 360px\" \/><\/p>\n<p><strong><em>Yunanistan D\u0131\u015fi\u015fleri Bakan\u0131 Nikos Dendias Ermenistan\u2019a geldi. Dendias ve beraberindeki heyet, Ermeni Soyk\u0131r\u0131m\u0131 Kurbanlar An\u0131t\u0131\u2019n\u0131 ziyaret etti.<\/em><\/strong><\/p>\n<p>Ermenistan D\u0131\u015fi\u015fleri Bakanl\u0131\u011f\u0131 S\u00f6zc\u00fcs\u00fc Anna Naghdalyan\u2019\u0131n yapt\u0131\u011f\u0131 a\u00e7\u0131klamaya g\u00f6re; Yunanistan D\u0131\u015fi\u015fleri Bakan\u0131 Nikos Dendias ve beraberindeki heyetin Ermenistan ziyareti ba\u015flad\u0131. Bakan Dendias ve ba\u015fkanl\u0131\u011f\u0131ndaki heyet, Ermeni Soyk\u0131r\u0131m\u0131 Kurbanlar An\u0131t\u0131\u2019n\u0131 ziyaret ederek Ermeni Jenosidi masum kurbanlar\u0131n\u0131 anmak i\u00e7in sayg\u0131 duru\u015funda bulundular.<\/p>\n<p><img loading=\"lazy\" decoding=\"async\" class=\"aligncenter size-medium wp-image-59619\" src=\"https:\/\/akunq.net\/tr\/wp-content\/uploads\/2020\/10\/\u0546\u056b\u056f\u0578\u057d-\u0534\u0565\u0576\u0564\u056b\u0561\u057d-360x240.jpg\" alt=\"\" width=\"360\" height=\"240\" srcset=\"https:\/\/akunq.net\/tr\/wp-content\/uploads\/sites\/6\/2020\/10\/\u0546\u056b\u056f\u0578\u057d-\u0534\u0565\u0576\u0564\u056b\u0561\u057d-360x240.jpg 360w, https:\/\/akunq.net\/tr\/wp-content\/uploads\/sites\/6\/2020\/10\/\u0546\u056b\u056f\u0578\u057d-\u0534\u0565\u0576\u0564\u056b\u0561\u057d-768x512.jpg 768w, https:\/\/akunq.net\/tr\/wp-content\/uploads\/sites\/6\/2020\/10\/\u0546\u056b\u056f\u0578\u057d-\u0534\u0565\u0576\u0564\u056b\u0561\u057d-1536x1024.jpg 1536w, https:\/\/akunq.net\/tr\/wp-content\/uploads\/sites\/6\/2020\/10\/\u0546\u056b\u056f\u0578\u057d-\u0534\u0565\u0576\u0564\u056b\u0561\u057d-560x373.jpg 560w, https:\/\/akunq.net\/tr\/wp-content\/uploads\/sites\/6\/2020\/10\/\u0546\u056b\u056f\u0578\u057d-\u0534\u0565\u0576\u0564\u056b\u0561\u057d-260x173.jpg 260w, https:\/\/akunq.net\/tr\/wp-content\/uploads\/sites\/6\/2020\/10\/\u0546\u056b\u056f\u0578\u057d-\u0534\u0565\u0576\u0564\u056b\u0561\u057d-160x107.jpg 160w, https:\/\/akunq.net\/tr\/wp-content\/uploads\/sites\/6\/2020\/10\/\u0546\u056b\u056f\u0578\u057d-\u0534\u0565\u0576\u0564\u056b\u0561\u057d.jpg 1800w\" sizes=\"auto, (max-width: 360px) 100vw, 360px\" \/><\/p>\n<p><strong><em>T\u00fcrk\u00e7eye \u00e7eviren: Meline Anumyan<\/em><\/strong><\/p>\n<p><strong><em>Akunq.net <\/em><\/strong><\/p>\n","protected":false},"excerpt":{"rendered":"<p>Yunanistan D\u0131\u015fi\u015fleri Bakan\u0131 Nikos Dendias Ermenistan\u2019a geldi. Dendias ve beraberindeki heyet, Ermeni Soyk\u0131r\u0131m\u0131 Kurbanlar An\u0131t\u0131\u2019n\u0131 ziyaret etti. Ermenistan D\u0131\u015fi\u015fleri Bakanl\u0131\u011f\u0131 S\u00f6zc\u00fcs\u00fc Anna Naghdalyan\u2019\u0131n yapt\u0131\u011f\u0131 a\u00e7\u0131klamaya g\u00f6re; Yunanistan D\u0131\u015fi\u015fleri Bakan\u0131 Nikos Dendias ve beraberindeki heyetin Ermenistan ziyareti ba\u015flad\u0131. Bakan Dendias ve ba\u015fkanl\u0131\u011f\u0131ndaki heyet, Ermeni Soyk\u0131r\u0131m\u0131 Kurbanlar An\u0131t\u0131\u2019n\u0131 ziyaret ederek Ermeni Jenosidi masum kurbanlar\u0131n\u0131 anmak i\u00e7in sayg\u0131 [&hellip;]<\/p>\n","protected":false},"author":7,"featured_media":59618,"comment_status":"open","ping_status":"open","sticky":false,"template":"","format":"standard","meta":{"footnotes":""},"categories":[44,1],"tags":[],"class_list":["post-59617","post","type-post","status-publish","format-standard","has-post-thumbnail","hentry","category-ermeni-soykirimi","category-haberler"],"yoast_head":"<!-- This site is optimized with the Yoast SEO plugin v27.4 - https:\/\/yoast.com\/product\/yoast-seo-wordpress\/ -->\n<title>Yunanistan D\u0131\u015fi\u015fleri Bakan\u0131ndan Ermeni Soyk\u0131r\u0131m\u0131 Kurbanlar An\u0131t\u0131\u2019na Ziyaret - Bati Ermenistan Ve Bati Ermenileri Sorunlari Ara\u015ftirmalar Merkezi<\/title>\n<meta name=\"robots\" content=\"index, follow, max-snippet:-1, max-image-preview:large, max-video-preview:-1\" \/>\n<link rel=\"canonical\" href=\"https:\/\/akunq.net\/tr\/?p=59617\" \/>\n<meta property=\"og:locale\" content=\"en_US\" \/>\n<meta property=\"og:type\" content=\"article\" \/>\n<meta property=\"og:title\" content=\"Yunanistan D\u0131\u015fi\u015fleri Bakan\u0131ndan Ermeni Soyk\u0131r\u0131m\u0131 Kurbanlar An\u0131t\u0131\u2019na Ziyaret - Bati Ermenistan Ve Bati Ermenileri Sorunlari Ara\u015ftirmalar Merkezi\" \/>\n<meta property=\"og:description\" content=\"Yunanistan D\u0131\u015fi\u015fleri Bakan\u0131 Nikos Dendias Ermenistan\u2019a geldi. Dendias ve beraberindeki heyet, Ermeni Soyk\u0131r\u0131m\u0131 Kurbanlar An\u0131t\u0131\u2019n\u0131 ziyaret etti. Ermenistan D\u0131\u015fi\u015fleri Bakanl\u0131\u011f\u0131 S\u00f6zc\u00fcs\u00fc Anna Naghdalyan\u2019\u0131n yapt\u0131\u011f\u0131 a\u00e7\u0131klamaya g\u00f6re; Yunanistan D\u0131\u015fi\u015fleri Bakan\u0131 Nikos Dendias ve beraberindeki heyetin Ermenistan ziyareti ba\u015flad\u0131. Bakan Dendias ve ba\u015fkanl\u0131\u011f\u0131ndaki heyet, Ermeni Soyk\u0131r\u0131m\u0131 Kurbanlar An\u0131t\u0131\u2019n\u0131 ziyaret ederek Ermeni Jenosidi masum kurbanlar\u0131n\u0131 anmak i\u00e7in sayg\u0131 [&hellip;]\" \/>\n<meta property=\"og:url\" content=\"https:\/\/akunq.net\/tr\/?p=59617\" \/>\n<meta property=\"og:site_name\" content=\"Bati Ermenistan Ve Bati Ermenileri Sorunlari Ara\u015ftirmalar Merkezi\" \/>\n<meta property=\"article:published_time\" content=\"2020-10-16T08:51:43+00:00\" \/>\n<meta property=\"og:image\" content=\"https:\/\/akunq.net\/tr\/wp-content\/uploads\/sites\/6\/2020\/10\/\u0540\u0578\u0582\u0576\u0561\u057d\u057f\u0561\u0576\u056b-\u0531\u0533-\u0576\u0561\u056d\u0561\u0580\u0561\u0580.jpg\" \/>\n\t<meta property=\"og:image:width\" content=\"1714\" \/>\n\t<meta property=\"og:image:height\" content=\"1143\" \/>\n\t<meta property=\"og:image:type\" content=\"image\/jpeg\" \/>\n<meta name=\"author\" content=\"admin\" \/>\n<meta name=\"twitter:card\" content=\"summary_large_image\" \/>\n<meta name=\"twitter:label1\" content=\"Written by\" \/>\n\t<meta name=\"twitter:data1\" content=\"admin\" \/>\n<script type=\"application\/ld+json\" class=\"yoast-schema-graph\">{\"@context\":\"https:\\\/\\\/schema.org\",\"@graph\":[{\"@type\":\"Article\",\"@id\":\"https:\\\/\\\/akunq.net\\\/tr\\\/?p=59617#article\",\"isPartOf\":{\"@id\":\"https:\\\/\\\/akunq.net\\\/tr\\\/?p=59617\"},\"author\":{\"name\":\"admin\",\"@id\":\"https:\\\/\\\/akunq.net\\\/tr\\\/#\\\/schema\\\/person\\\/096f1d38a12cce57fb855b485ed24c9e\"},\"headline\":\"Yunanistan D\u0131\u015fi\u015fleri Bakan\u0131ndan Ermeni Soyk\u0131r\u0131m\u0131 Kurbanlar An\u0131t\u0131\u2019na Ziyaret\",\"datePublished\":\"2020-10-16T08:51:43+00:00\",\"mainEntityOfPage\":{\"@id\":\"https:\\\/\\\/akunq.net\\\/tr\\\/?p=59617\"},\"wordCount\":106,\"commentCount\":0,\"image\":{\"@id\":\"https:\\\/\\\/akunq.net\\\/tr\\\/?p=59617#primaryimage\"},\"thumbnailUrl\":\"https:\\\/\\\/akunq.net\\\/tr\\\/wp-content\\\/uploads\\\/sites\\\/6\\\/2020\\\/10\\\/\u0540\u0578\u0582\u0576\u0561\u057d\u057f\u0561\u0576\u056b-\u0531\u0533-\u0576\u0561\u056d\u0561\u0580\u0561\u0580.jpg\",\"articleSection\":[\"Ermeni Soyk\u0131r\u0131m\u0131\",\"Haberler\"],\"inLanguage\":\"en-US\",\"potentialAction\":[{\"@type\":\"CommentAction\",\"name\":\"Comment\",\"target\":[\"https:\\\/\\\/akunq.net\\\/tr\\\/?p=59617#respond\"]}]},{\"@type\":\"WebPage\",\"@id\":\"https:\\\/\\\/akunq.net\\\/tr\\\/?p=59617\",\"url\":\"https:\\\/\\\/akunq.net\\\/tr\\\/?p=59617\",\"name\":\"Yunanistan D\u0131\u015fi\u015fleri Bakan\u0131ndan Ermeni Soyk\u0131r\u0131m\u0131 Kurbanlar An\u0131t\u0131\u2019na Ziyaret - Bati Ermenistan Ve Bati Ermenileri Sorunlari Ara\u015ftirmalar Merkezi\",\"isPartOf\":{\"@id\":\"https:\\\/\\\/akunq.net\\\/tr\\\/#website\"},\"primaryImageOfPage\":{\"@id\":\"https:\\\/\\\/akunq.net\\\/tr\\\/?p=59617#primaryimage\"},\"image\":{\"@id\":\"https:\\\/\\\/akunq.net\\\/tr\\\/?p=59617#primaryimage\"},\"thumbnailUrl\":\"https:\\\/\\\/akunq.net\\\/tr\\\/wp-content\\\/uploads\\\/sites\\\/6\\\/2020\\\/10\\\/\u0540\u0578\u0582\u0576\u0561\u057d\u057f\u0561\u0576\u056b-\u0531\u0533-\u0576\u0561\u056d\u0561\u0580\u0561\u0580.jpg\",\"datePublished\":\"2020-10-16T08:51:43+00:00\",\"author\":{\"@id\":\"https:\\\/\\\/akunq.net\\\/tr\\\/#\\\/schema\\\/person\\\/096f1d38a12cce57fb855b485ed24c9e\"},\"breadcrumb\":{\"@id\":\"https:\\\/\\\/akunq.net\\\/tr\\\/?p=59617#breadcrumb\"},\"inLanguage\":\"en-US\",\"potentialAction\":[{\"@type\":\"ReadAction\",\"target\":[\"https:\\\/\\\/akunq.net\\\/tr\\\/?p=59617\"]}]},{\"@type\":\"ImageObject\",\"inLanguage\":\"en-US\",\"@id\":\"https:\\\/\\\/akunq.net\\\/tr\\\/?p=59617#primaryimage\",\"url\":\"https:\\\/\\\/akunq.net\\\/tr\\\/wp-content\\\/uploads\\\/sites\\\/6\\\/2020\\\/10\\\/\u0540\u0578\u0582\u0576\u0561\u057d\u057f\u0561\u0576\u056b-\u0531\u0533-\u0576\u0561\u056d\u0561\u0580\u0561\u0580.jpg\",\"contentUrl\":\"https:\\\/\\\/akunq.net\\\/tr\\\/wp-content\\\/uploads\\\/sites\\\/6\\\/2020\\\/10\\\/\u0540\u0578\u0582\u0576\u0561\u057d\u057f\u0561\u0576\u056b-\u0531\u0533-\u0576\u0561\u056d\u0561\u0580\u0561\u0580.jpg\",\"width\":1714,\"height\":1143},{\"@type\":\"BreadcrumbList\",\"@id\":\"https:\\\/\\\/akunq.net\\\/tr\\\/?p=59617#breadcrumb\",\"itemListElement\":[{\"@type\":\"ListItem\",\"position\":1,\"name\":\"Home\",\"item\":\"https:\\\/\\\/akunq.net\\\/tr\"},{\"@type\":\"ListItem\",\"position\":2,\"name\":\"Yunanistan D\u0131\u015fi\u015fleri Bakan\u0131ndan Ermeni Soyk\u0131r\u0131m\u0131 Kurbanlar An\u0131t\u0131\u2019na Ziyaret\"}]},{\"@type\":\"WebSite\",\"@id\":\"https:\\\/\\\/akunq.net\\\/tr\\\/#website\",\"url\":\"https:\\\/\\\/akunq.net\\\/tr\\\/\",\"name\":\"Bati Ermenistan Ve Bati Ermenileri Sorunlari Ara\u015ftirmalar Merkezi\",\"description\":\"\",\"potentialAction\":[{\"@type\":\"SearchAction\",\"target\":{\"@type\":\"EntryPoint\",\"urlTemplate\":\"https:\\\/\\\/akunq.net\\\/tr\\\/?s={search_term_string}\"},\"query-input\":{\"@type\":\"PropertyValueSpecification\",\"valueRequired\":true,\"valueName\":\"search_term_string\"}}],\"inLanguage\":\"en-US\"},{\"@type\":\"Person\",\"@id\":\"https:\\\/\\\/akunq.net\\\/tr\\\/#\\\/schema\\\/person\\\/096f1d38a12cce57fb855b485ed24c9e\",\"name\":\"admin\",\"url\":\"https:\\\/\\\/akunq.net\\\/tr\\\/?author=7\"}]}<\/script>\n<!-- \/ Yoast SEO plugin. -->","yoast_head_json":{"title":"Yunanistan D\u0131\u015fi\u015fleri Bakan\u0131ndan Ermeni Soyk\u0131r\u0131m\u0131 Kurbanlar An\u0131t\u0131\u2019na Ziyaret - Bati Ermenistan Ve Bati Ermenileri Sorunlari Ara\u015ftirmalar Merkezi","robots":{"index":"index","follow":"follow","max-snippet":"max-snippet:-1","max-image-preview":"max-image-preview:large","max-video-preview":"max-video-preview:-1"},"canonical":"https:\/\/akunq.net\/tr\/?p=59617","og_locale":"en_US","og_type":"article","og_title":"Yunanistan D\u0131\u015fi\u015fleri Bakan\u0131ndan Ermeni Soyk\u0131r\u0131m\u0131 Kurbanlar An\u0131t\u0131\u2019na Ziyaret - Bati Ermenistan Ve Bati Ermenileri Sorunlari Ara\u015ftirmalar Merkezi","og_description":"Yunanistan D\u0131\u015fi\u015fleri Bakan\u0131 Nikos Dendias Ermenistan\u2019a geldi. Dendias ve beraberindeki heyet, Ermeni Soyk\u0131r\u0131m\u0131 Kurbanlar An\u0131t\u0131\u2019n\u0131 ziyaret etti. Ermenistan D\u0131\u015fi\u015fleri Bakanl\u0131\u011f\u0131 S\u00f6zc\u00fcs\u00fc Anna Naghdalyan\u2019\u0131n yapt\u0131\u011f\u0131 a\u00e7\u0131klamaya g\u00f6re; Yunanistan D\u0131\u015fi\u015fleri Bakan\u0131 Nikos Dendias ve beraberindeki heyetin Ermenistan ziyareti ba\u015flad\u0131. Bakan Dendias ve ba\u015fkanl\u0131\u011f\u0131ndaki heyet, Ermeni Soyk\u0131r\u0131m\u0131 Kurbanlar An\u0131t\u0131\u2019n\u0131 ziyaret ederek Ermeni Jenosidi masum kurbanlar\u0131n\u0131 anmak i\u00e7in sayg\u0131 [&hellip;]","og_url":"https:\/\/akunq.net\/tr\/?p=59617","og_site_name":"Bati Ermenistan Ve Bati Ermenileri Sorunlari Ara\u015ftirmalar Merkezi","article_published_time":"2020-10-16T08:51:43+00:00","og_image":[{"width":1714,"height":1143,"url":"https:\/\/akunq.net\/tr\/wp-content\/uploads\/sites\/6\/2020\/10\/\u0540\u0578\u0582\u0576\u0561\u057d\u057f\u0561\u0576\u056b-\u0531\u0533-\u0576\u0561\u056d\u0561\u0580\u0561\u0580.jpg","type":"image\/jpeg"}],"author":"admin","twitter_card":"summary_large_image","twitter_misc":{"Written by":"admin"},"schema":{"@context":"https:\/\/schema.org","@graph":[{"@type":"Article","@id":"https:\/\/akunq.net\/tr\/?p=59617#article","isPartOf":{"@id":"https:\/\/akunq.net\/tr\/?p=59617"},"author":{"name":"admin","@id":"https:\/\/akunq.net\/tr\/#\/schema\/person\/096f1d38a12cce57fb855b485ed24c9e"},"headline":"Yunanistan D\u0131\u015fi\u015fleri Bakan\u0131ndan Ermeni Soyk\u0131r\u0131m\u0131 Kurbanlar An\u0131t\u0131\u2019na Ziyaret","datePublished":"2020-10-16T08:51:43+00:00","mainEntityOfPage":{"@id":"https:\/\/akunq.net\/tr\/?p=59617"},"wordCount":106,"commentCount":0,"image":{"@id":"https:\/\/akunq.net\/tr\/?p=59617#primaryimage"},"thumbnailUrl":"https:\/\/akunq.net\/tr\/wp-content\/uploads\/sites\/6\/2020\/10\/\u0540\u0578\u0582\u0576\u0561\u057d\u057f\u0561\u0576\u056b-\u0531\u0533-\u0576\u0561\u056d\u0561\u0580\u0561\u0580.jpg","articleSection":["Ermeni Soyk\u0131r\u0131m\u0131","Haberler"],"inLanguage":"en-US","potentialAction":[{"@type":"CommentAction","name":"Comment","target":["https:\/\/akunq.net\/tr\/?p=59617#respond"]}]},{"@type":"WebPage","@id":"https:\/\/akunq.net\/tr\/?p=59617","url":"https:\/\/akunq.net\/tr\/?p=59617","name":"Yunanistan D\u0131\u015fi\u015fleri Bakan\u0131ndan Ermeni Soyk\u0131r\u0131m\u0131 Kurbanlar An\u0131t\u0131\u2019na Ziyaret - Bati Ermenistan Ve Bati Ermenileri Sorunlari Ara\u015ftirmalar Merkezi","isPartOf":{"@id":"https:\/\/akunq.net\/tr\/#website"},"primaryImageOfPage":{"@id":"https:\/\/akunq.net\/tr\/?p=59617#primaryimage"},"image":{"@id":"https:\/\/akunq.net\/tr\/?p=59617#primaryimage"},"thumbnailUrl":"https:\/\/akunq.net\/tr\/wp-content\/uploads\/sites\/6\/2020\/10\/\u0540\u0578\u0582\u0576\u0561\u057d\u057f\u0561\u0576\u056b-\u0531\u0533-\u0576\u0561\u056d\u0561\u0580\u0561\u0580.jpg","datePublished":"2020-10-16T08:51:43+00:00","author":{"@id":"https:\/\/akunq.net\/tr\/#\/schema\/person\/096f1d38a12cce57fb855b485ed24c9e"},"breadcrumb":{"@id":"https:\/\/akunq.net\/tr\/?p=59617#breadcrumb"},"inLanguage":"en-US","potentialAction":[{"@type":"ReadAction","target":["https:\/\/akunq.net\/tr\/?p=59617"]}]},{"@type":"ImageObject","inLanguage":"en-US","@id":"https:\/\/akunq.net\/tr\/?p=59617#primaryimage","url":"https:\/\/akunq.net\/tr\/wp-content\/uploads\/sites\/6\/2020\/10\/\u0540\u0578\u0582\u0576\u0561\u057d\u057f\u0561\u0576\u056b-\u0531\u0533-\u0576\u0561\u056d\u0561\u0580\u0561\u0580.jpg","contentUrl":"https:\/\/akunq.net\/tr\/wp-content\/uploads\/sites\/6\/2020\/10\/\u0540\u0578\u0582\u0576\u0561\u057d\u057f\u0561\u0576\u056b-\u0531\u0533-\u0576\u0561\u056d\u0561\u0580\u0561\u0580.jpg","width":1714,"height":1143},{"@type":"BreadcrumbList","@id":"https:\/\/akunq.net\/tr\/?p=59617#breadcrumb","itemListElement":[{"@type":"ListItem","position":1,"name":"Home","item":"https:\/\/akunq.net\/tr"},{"@type":"ListItem","position":2,"name":"Yunanistan D\u0131\u015fi\u015fleri Bakan\u0131ndan Ermeni Soyk\u0131r\u0131m\u0131 Kurbanlar An\u0131t\u0131\u2019na Ziyaret"}]},{"@type":"WebSite","@id":"https:\/\/akunq.net\/tr\/#website","url":"https:\/\/akunq.net\/tr\/","name":"Bati Ermenistan Ve Bati Ermenileri Sorunlari Ara\u015ftirmalar Merkezi","description":"","potentialAction":[{"@type":"SearchAction","target":{"@type":"EntryPoint","urlTemplate":"https:\/\/akunq.net\/tr\/?s={search_term_string}"},"query-input":{"@type":"PropertyValueSpecification","valueRequired":true,"valueName":"search_term_string"}}],"inLanguage":"en-US"},{"@type":"Person","@id":"https:\/\/akunq.net\/tr\/#\/schema\/person\/096f1d38a12cce57fb855b485ed24c9e","name":"admin","url":"https:\/\/akunq.net\/tr\/?author=7"}]}},"_links":{"self":[{"href":"https:\/\/akunq.net\/tr\/index.php?rest_route=\/wp\/v2\/posts\/59617","targetHints":{"allow":["GET"]}}],"collection":[{"href":"https:\/\/akunq.net\/tr\/index.php?rest_route=\/wp\/v2\/posts"}],"about":[{"href":"https:\/\/akunq.net\/tr\/index.php?rest_route=\/wp\/v2\/types\/post"}],"author":[{"embeddable":true,"href":"https:\/\/akunq.net\/tr\/index.php?rest_route=\/wp\/v2\/users\/7"}],"replies":[{"embeddable":true,"href":"https:\/\/akunq.net\/tr\/index.php?rest_route=%2Fwp%2Fv2%2Fcomments&post=59617"}],"version-history":[{"count":1,"href":"https:\/\/akunq.net\/tr\/index.php?rest_route=\/wp\/v2\/posts\/59617\/revisions"}],"predecessor-version":[{"id":59620,"href":"https:\/\/akunq.net\/tr\/index.php?rest_route=\/wp\/v2\/posts\/59617\/revisions\/59620"}],"wp:featuredmedia":[{"embeddable":true,"href":"https:\/\/akunq.net\/tr\/index.php?rest_route=\/wp\/v2\/media\/59618"}],"wp:attachment":[{"href":"https:\/\/akunq.net\/tr\/index.php?rest_route=%2Fwp%2Fv2%2Fmedia&parent=59617"}],"wp:term":[{"taxonomy":"category","embeddable":true,"href":"https:\/\/akunq.net\/tr\/index.php?rest_route=%2Fwp%2Fv2%2Fcategories&post=59617"},{"taxonomy":"post_tag","embeddable":true,"href":"https:\/\/akunq.net\/tr\/index.php?rest_route=%2Fwp%2Fv2%2Ftags&post=59617"}],"curies":[{"name":"wp","href":"https:\/\/api.w.org\/{rel}","templated":true}]}}