{"id":59534,"date":"2020-10-13T03:28:38","date_gmt":"2020-10-13T08:28:38","guid":{"rendered":"https:\/\/akunq.net\/tr\/?p=59534"},"modified":"2020-10-13T03:28:38","modified_gmt":"2020-10-13T08:28:38","slug":"azinlik-gruplarinda-cok-sesliligin-hayati-onemi-liora-morhayim","status":"publish","type":"post","link":"https:\/\/akunq.net\/tr\/?p=59534","title":{"rendered":"Az\u0131nl\u0131k Gruplar\u0131nda \u00c7ok Seslili\u011fin Hayati \u00d6nemi \u2013 Liora Morhayim"},"content":{"rendered":"<p><img loading=\"lazy\" decoding=\"async\" class=\"aligncenter size-medium wp-image-59535\" src=\"https:\/\/akunq.net\/tr\/wp-content\/uploads\/2020\/10\/Az\u0131nl\u0131k-360x270.jpeg\" alt=\"\" width=\"360\" height=\"270\" srcset=\"https:\/\/akunq.net\/tr\/wp-content\/uploads\/sites\/6\/2020\/10\/Az\u0131nl\u0131k-360x270.jpeg 360w, https:\/\/akunq.net\/tr\/wp-content\/uploads\/sites\/6\/2020\/10\/Az\u0131nl\u0131k-768x576.jpeg 768w, https:\/\/akunq.net\/tr\/wp-content\/uploads\/sites\/6\/2020\/10\/Az\u0131nl\u0131k-560x420.jpeg 560w, https:\/\/akunq.net\/tr\/wp-content\/uploads\/sites\/6\/2020\/10\/Az\u0131nl\u0131k-260x195.jpeg 260w, https:\/\/akunq.net\/tr\/wp-content\/uploads\/sites\/6\/2020\/10\/Az\u0131nl\u0131k-160x120.jpeg 160w, https:\/\/akunq.net\/tr\/wp-content\/uploads\/sites\/6\/2020\/10\/Az\u0131nl\u0131k.jpeg 1200w\" sizes=\"auto, (max-width: 360px) 100vw, 360px\" \/><\/p>\n<p><strong><a href=\"https:\/\/www.avlaremoz.com\/author\/liora-morhayim\/\">L\u0130ORA MORHAY\u0130M<\/a><\/strong><\/p>\n<p><strong><em>Bireyler kendi d\u00fc\u015f\u00fcncelerinden, s\u00f6zlerinden ve davran\u0131\u015flar\u0131ndan sorumludur, peki ba\u015fkalar\u0131n\u0131nkinden de hatta hi\u00e7 tan\u0131mad\u0131\u011f\u0131 insanlar\u0131nkinden de sorumlu mudur?<\/em><\/strong><\/p>\n<p>Her insan bir ya da bir ka\u00e7 gruba mensup olarak hayata gelir. Bu gruplar, i\u00e7ine do\u011fdu\u011fumuz aile ve sosyal \u00e7evrenin d\u0131\u015f\u0131nda, tan\u0131mad\u0131\u011f\u0131m\u0131z milyonlarca insan\u0131n da par\u00e7as\u0131 oldu\u011fu ulusal, etnik, dini ve ba\u015fka \u00e7e\u015fitli gruplard\u0131r ayn\u0131 zamanda. Bu t\u00fcr gruplara istemli veya istemsiz aidiyet, \u015f\u00fcphesiz bireylerin d\u00fc\u015f\u00fcncelerini ve davran\u0131\u015flar\u0131n\u0131 etkiliyor. Fakat benim bu yaz\u0131da de\u011finmek istedi\u011fim konu, bireylerin davran\u0131\u015flar\u0131n\u0131n, s\u00f6ylemlerinin ne yaz\u0131k ki grubun geneliyle ilgili yarg\u0131lar\u0131 ve tav\u0131rlar\u0131 etkilemesi ve bu y\u00fczden de gruptaki di\u011fer ki\u015filere kar\u015f\u0131 \u00f6nyarg\u0131lar\u0131 g\u00fc\u00e7lendirmesi. Bu birey-grup ili\u015fkisi ve tekil \u00f6rneklerden genellemelere gidilmesi her grup i\u00e7in ge\u00e7erli olabilir fakat sosyal ve politik olarak \u00f6tekile\u015ftirilen az\u0131nl\u0131k gruplar\u0131 bu durumdan en b\u00fcy\u00fck zarar\u0131 g\u00f6r\u00fcyor bence.<\/p>\n<p>\u00d6tekile\u015ftirilen gruplara mensup ki\u015filerin sadece kendi olarak var olmalar\u0131 \u00e7ok zor.\u00a0 S\u00f6yledikleri ve yapt\u0131klar\u0131 i\u00e7in b\u00fct\u00fcn grup sorumlu tutulabiliyor, hatta gerekirse cezaland\u0131r\u0131l\u0131yor. Her toplumun iyisi, k\u00f6t\u00fcs\u00fc, masumu, su\u00e7lusu vard\u0131r ama \u00e7e\u015fitli az\u0131nl\u0131k gruplar\u0131 s\u00f6z konusu oldu\u011fu zaman grup i\u00e7i homojenlik alg\u0131s\u0131 yarat\u0131l\u0131p kollektif ceza uygulanabiliyor. \u00d6rne\u011fin, T\u00fcrkiye\u2019de yasalara ya da topluma g\u00f6re \u201csu\u00e7\u201d i\u015fleyen bir kimsenin az\u0131nl\u0131k kimli\u011fi \u00f6\u011frenildi\u011finde o ki\u015fi art\u0131k sadece Suriyelidir, K\u00fcrtt\u00fcr, Ermenidir, Yahudidir\u2026 Bu y\u00fczden de o gruba mensup di\u011fer ki\u015filerin evleri yak\u0131labilir, d\u00fckkanlar\u0131 ya\u011fmalanabilir hatta lin\u00e7 edilebilirler. \u00c7\u00fcnk\u00fc \u201c<strong>bunlar\u0131n hepsi b\u00f6yle<\/strong>\u201ddir. Oysa ayn\u0131 su\u00e7u i\u015flemi\u015f bask\u0131n gruba mensup binlerce ki\u015finin varl\u0131\u011f\u0131, ak\u0131llara onlar\u0131n ulusal, etnik, dini kimli\u011fini getirmiyor \u00e7o\u011fu zaman \u00e7\u00fcnk\u00fc gerekti\u011finde, onlar sadece kendileri olabiliyor ve su\u00e7un \u015fahsili\u011fi ge\u00e7erli oluyor.<\/p>\n<p>Bahsetti\u011fim yakma, ya\u011fmalama, lin\u00e7 etme gibi hukuksuz ve toplum taraf\u0131ndan kesilen kollektif cezalar \u00f6tekile\u015ftirme s\u00fcrecinin en son dura\u011f\u0131. Bu s\u00fcre\u00e7, \u201c<em>ge\u00e7en Yahudi bir arkada\u015f\u0131m \u015funu demi\u015f, Yahudiler zaten b\u00f6yledir hep<\/em>\u201d gibi masum g\u00f6r\u00fcnen g\u00fcnl\u00fck genellemelerle ba\u015flay\u0131p bir ya da bir ka\u00e7 ki\u015finin yapt\u0131\u011f\u0131 yorum \u00fczerinden alenen b\u00fct\u00fcn grubu hedef g\u00f6stermelerle devam ediyor. T\u00fcrkiyeli bir Yahudi olarak bahsetti\u011fim kollektif cezaland\u0131rmalar\u0131n hen\u00fcz ki\u015fisel olarak kurban\u0131 olmad\u0131m ama genellemelere her g\u00fcn, her alanda maruz kal\u0131yorum. Hele de \u201c<a href=\"https:\/\/www.avlaremoz.com\/2018\/05\/03\/deist-ve-siyonizmden-uzak-turkiyeli-bir-yahudinin-kimlik-arayisi-liora-morhayim\/\">tek tip ideal Yahudi\u201d tan\u0131m\u0131n\u0131n<\/a>\u00a0\u00e7ok d\u0131\u015f\u0131nda biri olarak, arkada\u015f ortam\u0131nda ya da sosyal medyada, kendi grubumdan bireylerin yaz\u0131p \u00e7izdikleri \u00fczerinden bir genellemenin i\u00e7inde olmaktan rahats\u0131zl\u0131k duyuyorum. Ba\u015fka Yahudilerin s\u00f6zlerinin grubun geneline kar\u015f\u0131 tavr\u0131 etkileyebilece\u011finin fark\u0131nda oldu\u011fum i\u00e7in, ister istemez bu sorumlulu\u011fu kendi \u00fczerimde de hissediyorum. \u201cLiora\u201d olarak s\u00f6yledi\u011fim s\u00f6zlerin \u201cbir Yahudi\u201d olarak d\u0131\u015far\u0131da yank\u0131 bulabilece\u011fini hesaba katarak konu\u015fmak zorunda kal\u0131yorum \u00e7o\u011fu zaman.<\/p>\n<p>Bu homojenlik alg\u0131s\u0131 ne yaz\u0131k ki, kendi grubumdan insanlar taraf\u0131ndan da fark\u0131nda olarak veya olmayarak destekleniyor. D\u0131\u015fardan birinin \u201c<strong>Yahudiler b\u00f6yledir \u015f\u00f6yledir<\/strong>\u201d genellemeleri kadar, i\u00e7eriden birinin \u201c<strong>Biz b\u00f6yleyiz, b\u00f6yle d\u00fc\u015f\u00fcn\u00fcr\u00fcz, b\u00f6yle ya\u015far\u0131z<\/strong>\u201d minvalindeki s\u00f6zleriyle benim ad\u0131ma konu\u015fmas\u0131 bir o kadar rahats\u0131z edici. Ki\u015finin g\u00f6r\u00fc\u015f\u00fc ne olursa olsun, s\u00f6zlerinin \u00f6n\u00fcne kendi \u00f6znesini koymadan, t\u00fcm grup hakk\u0131nda yarg\u0131 belirtmesi b\u00fcy\u00fck sorun te\u015fkil ediyor. \u00d6rne\u011fin, \u201c<em>Bir Yahudi olarak ben \u0130srail\u2019i\/T\u00fcrkiye\u2019yi kendi vatan\u0131m olarak g\u00f6r\u00fcyorum<\/em>\u201d ile \u201c<em>Yahudilerin vatan\u0131 \u0130srail\u2019dir\/T\u00fcrkiye\u2019dir<\/em>\u201d s\u00f6zleri aras\u0131nda \u00e7ok \u00f6nemli bir fark var. Bireylerin s\u00f6zleri d\u0131\u015f\u0131nda, Yahudi cemaatini temsil eden kurumlar, T\u00fcrkiye\u2019deki Yahudiler ad\u0131na a\u00e7\u0131klama yaparken de ister istemez herkesin resmi g\u00f6r\u00fc\u015fle hemfikir oldu\u011fu alg\u0131s\u0131 olu\u015fuyor. Grup d\u0131\u015f\u0131ndaki insanlar\u0131n halihaz\u0131rda var olan basmakal\u0131p d\u00fc\u015f\u00fcncelerini k\u0131rmaya \u00e7al\u0131\u015f\u0131rken, homojenlik alg\u0131s\u0131n\u0131 destekleyen grup i\u00e7i genellemeci yarg\u0131larla da m\u00fccadele etmeye \u00e7al\u0131\u015fmak \u00e7ok yorucu. Hem d\u0131\u015far\u0131ya hem i\u00e7eriye kar\u015f\u0131 \u201c<strong><u>Asl\u0131nda b\u00fct\u00fcn Yahudiler b\u00f6yle d\u00fc\u015f\u00fcnm\u00fcyor<\/u><\/strong>\u201d fikrini vurgulamak gerekiyor.<\/p>\n<p>Yukar\u0131da bahsetti\u011fim gibi, \u00f6zellikle az\u0131nl\u0131k toplumlar\u0131nda bireylerin kendi d\u00fc\u015f\u00fcncelerini belirtti\u011fi s\u00f6zler, \u00e7ok kolay bir \u015fekilde istenmeyen y\u00f6nlere \u00e7ekilip t\u00fcm gruba genellenebiliyor. Bu genellemeler de grupla ilgili \u00f6nyarg\u0131lar\u0131, tav\u0131rlar\u0131 etkiliyor ve \u0131rk\u00e7\u0131 sald\u0131r\u0131larla ilgili tedirginlik yarat\u0131yor. Fakat bunu \u00f6nlemenin yolu, ger\u00e7ek d\u00fc\u015f\u00fcncelerimizi saklay\u0131p susmak ve g\u00f6r\u00fcnmez olmak de\u011fil, bilakis daha \u00e7ok konu\u015fmak ve farkl\u0131 sesleri y\u00fckseltmektir. D\u00fc\u015f\u00fcncemiz ne olursa olsun \u00f6nemli olan kendimizi ifade ederken deneyimlerimizin ve g\u00f6r\u00fc\u015flerimizin \u00f6znelli\u011finin fark\u0131nda olup, genel yarg\u0131lardan ka\u00e7\u0131nmak ve her seferinde cemaat i\u00e7indeki farkl\u0131 g\u00f6r\u00fc\u015flerin varl\u0131\u011f\u0131n\u0131 vurgulamakt\u0131r. Her toplumda oldu\u011fu gibi Yahudi toplumunda da farkl\u0131 ge\u00e7mi\u015flerden gelen, farkl\u0131 hayat deneyimlerine sahip bireyler var ve bu y\u00fczden de do\u011fal olarak grup i\u00e7inde farkl\u0131 dini, politik g\u00f6r\u00fc\u015fler, farkl\u0131 aidiyet ve kimlik anlay\u0131\u015flar\u0131 mevcut. Bence \u00f6nyarg\u0131lar ve\u00a0 d\u0131\u015fardan yap\u0131lan genellemelerle ba\u015fa \u00e7\u0131kman\u0131n en etkili yolu, Yahudi toplumundaki her a\u00e7\u0131dan \u00e7e\u015fitlili\u011fi \u00f6ne \u00e7\u0131karmakt\u0131r.<\/p>\n<p>Son olarak Avlaremoz platformuna bu yolu a\u00e7t\u0131\u011f\u0131 i\u00e7in te\u015fekk\u00fcr ediyorum ve herkesi g\u00f6r\u00fc\u015fleri ne olursa olsun, \u00f6znelli\u011finin fark\u0131nda olarak, ifade etmesini te\u015fvik ediyorum. Farkl\u0131 fikirleri g\u00f6r\u00fcn\u00fcr k\u0131larak, herhangi bir konuyla ilgili \u201cAsl\u0131nda b\u00fct\u00fcn Yahudiler b\u00f6yle d\u00fc\u015f\u00fcnm\u00fcyor\u201d alg\u0131s\u0131n\u0131 genel topluma yerle\u015ftirebilirsek bireylerin\/kurumlar\u0131n s\u00f6ylemlerinden genelleme yap\u0131lmas\u0131n\u0131n \u00f6n\u00fcne ge\u00e7ebilece\u011fimizi d\u00fc\u015f\u00fcn\u00fcyorum.<\/p>\n<p>*<em>Avlaremoz\u2019un resmi bir g\u00f6r\u00fc\u015f\u00fc yoktur. Yay\u0131mlanan yaz\u0131lar, yaz\u0131 sahibinin kendi g\u00f6r\u00fc\u015fleridir. \u00c7ok sesli bir platform olma amac\u0131 ta\u015f\u0131yan Avlaremoz\u2019da, nefret s\u00f6ylemi i\u00e7ermedik\u00e7e, farkl\u0131 d\u00fc\u015f\u00fcnceler kendisine yer bulmaktad\u0131r.<\/em><\/p>\n<p><em><strong><a href=\"https:\/\/www.avlaremoz.com\/2020\/10\/12\/azinlik-gruplarinda-cok-sesliligin-hayati-onemi-liora-morhayim\/\">https:\/\/www.avlaremoz.com\/2020\/10\/12\/azinlik-gruplarinda-cok-sesliligin-hayati-onemi-liora-morhayim\/<\/a><\/strong><\/em><\/p>\n","protected":false},"excerpt":{"rendered":"<p>L\u0130ORA MORHAY\u0130M Bireyler kendi d\u00fc\u015f\u00fcncelerinden, s\u00f6zlerinden ve davran\u0131\u015flar\u0131ndan sorumludur, peki ba\u015fkalar\u0131n\u0131nkinden de hatta hi\u00e7 tan\u0131mad\u0131\u011f\u0131 insanlar\u0131nkinden de sorumlu mudur? Her insan bir ya da bir ka\u00e7 gruba mensup olarak hayata gelir. Bu gruplar, i\u00e7ine do\u011fdu\u011fumuz aile ve sosyal \u00e7evrenin d\u0131\u015f\u0131nda, tan\u0131mad\u0131\u011f\u0131m\u0131z milyonlarca insan\u0131n da par\u00e7as\u0131 oldu\u011fu ulusal, etnik, dini ve ba\u015fka \u00e7e\u015fitli gruplard\u0131r ayn\u0131 zamanda. [&hellip;]<\/p>\n","protected":false},"author":7,"featured_media":59535,"comment_status":"open","ping_status":"open","sticky":false,"template":"","format":"standard","meta":{"footnotes":""},"categories":[1,70,53],"tags":[],"class_list":["post-59534","post","type-post","status-publish","format-standard","has-post-thumbnail","hentry","category-haberler","category-makaleler","category-turkiyede-azinliklar"],"yoast_head":"<!-- This site is optimized with the Yoast SEO plugin v27.4 - https:\/\/yoast.com\/product\/yoast-seo-wordpress\/ -->\n<title>Az\u0131nl\u0131k Gruplar\u0131nda \u00c7ok Seslili\u011fin Hayati \u00d6nemi \u2013 Liora Morhayim - Bati Ermenistan Ve Bati Ermenileri Sorunlari Ara\u015ftirmalar Merkezi<\/title>\n<meta name=\"robots\" content=\"index, follow, max-snippet:-1, max-image-preview:large, max-video-preview:-1\" \/>\n<link rel=\"canonical\" href=\"https:\/\/akunq.net\/tr\/?p=59534\" \/>\n<meta property=\"og:locale\" content=\"en_US\" \/>\n<meta property=\"og:type\" content=\"article\" \/>\n<meta property=\"og:title\" content=\"Az\u0131nl\u0131k Gruplar\u0131nda \u00c7ok Seslili\u011fin Hayati \u00d6nemi \u2013 Liora Morhayim - Bati Ermenistan Ve Bati Ermenileri Sorunlari Ara\u015ftirmalar Merkezi\" \/>\n<meta property=\"og:description\" content=\"L\u0130ORA MORHAY\u0130M Bireyler kendi d\u00fc\u015f\u00fcncelerinden, s\u00f6zlerinden ve davran\u0131\u015flar\u0131ndan sorumludur, peki ba\u015fkalar\u0131n\u0131nkinden de hatta hi\u00e7 tan\u0131mad\u0131\u011f\u0131 insanlar\u0131nkinden de sorumlu mudur? Her insan bir ya da bir ka\u00e7 gruba mensup olarak hayata gelir. Bu gruplar, i\u00e7ine do\u011fdu\u011fumuz aile ve sosyal \u00e7evrenin d\u0131\u015f\u0131nda, tan\u0131mad\u0131\u011f\u0131m\u0131z milyonlarca insan\u0131n da par\u00e7as\u0131 oldu\u011fu ulusal, etnik, dini ve ba\u015fka \u00e7e\u015fitli gruplard\u0131r ayn\u0131 zamanda. [&hellip;]\" \/>\n<meta property=\"og:url\" content=\"https:\/\/akunq.net\/tr\/?p=59534\" \/>\n<meta property=\"og:site_name\" content=\"Bati Ermenistan Ve Bati Ermenileri Sorunlari Ara\u015ftirmalar Merkezi\" \/>\n<meta property=\"article:published_time\" content=\"2020-10-13T08:28:38+00:00\" \/>\n<meta property=\"og:image\" content=\"https:\/\/akunq.net\/tr\/wp-content\/uploads\/sites\/6\/2020\/10\/Az\u0131nl\u0131k.jpeg\" \/>\n\t<meta property=\"og:image:width\" content=\"1200\" \/>\n\t<meta property=\"og:image:height\" content=\"900\" \/>\n\t<meta property=\"og:image:type\" content=\"image\/jpeg\" \/>\n<meta name=\"author\" content=\"admin\" \/>\n<meta name=\"twitter:card\" content=\"summary_large_image\" \/>\n<meta name=\"twitter:label1\" content=\"Written by\" \/>\n\t<meta name=\"twitter:data1\" content=\"admin\" \/>\n\t<meta name=\"twitter:label2\" content=\"Est. reading time\" \/>\n\t<meta name=\"twitter:data2\" content=\"5 minutes\" \/>\n<script type=\"application\/ld+json\" class=\"yoast-schema-graph\">{\"@context\":\"https:\\\/\\\/schema.org\",\"@graph\":[{\"@type\":\"Article\",\"@id\":\"https:\\\/\\\/akunq.net\\\/tr\\\/?p=59534#article\",\"isPartOf\":{\"@id\":\"https:\\\/\\\/akunq.net\\\/tr\\\/?p=59534\"},\"author\":{\"name\":\"admin\",\"@id\":\"https:\\\/\\\/akunq.net\\\/tr\\\/#\\\/schema\\\/person\\\/096f1d38a12cce57fb855b485ed24c9e\"},\"headline\":\"Az\u0131nl\u0131k Gruplar\u0131nda \u00c7ok Seslili\u011fin Hayati \u00d6nemi \u2013 Liora Morhayim\",\"datePublished\":\"2020-10-13T08:28:38+00:00\",\"mainEntityOfPage\":{\"@id\":\"https:\\\/\\\/akunq.net\\\/tr\\\/?p=59534\"},\"wordCount\":1081,\"commentCount\":0,\"image\":{\"@id\":\"https:\\\/\\\/akunq.net\\\/tr\\\/?p=59534#primaryimage\"},\"thumbnailUrl\":\"https:\\\/\\\/akunq.net\\\/tr\\\/wp-content\\\/uploads\\\/sites\\\/6\\\/2020\\\/10\\\/Az\u0131nl\u0131k.jpeg\",\"articleSection\":[\"Haberler\",\"Makaleler\",\"T\u00fcrkiye\u2019de Az\u0131nl\u0131klar\"],\"inLanguage\":\"en-US\",\"potentialAction\":[{\"@type\":\"CommentAction\",\"name\":\"Comment\",\"target\":[\"https:\\\/\\\/akunq.net\\\/tr\\\/?p=59534#respond\"]}]},{\"@type\":\"WebPage\",\"@id\":\"https:\\\/\\\/akunq.net\\\/tr\\\/?p=59534\",\"url\":\"https:\\\/\\\/akunq.net\\\/tr\\\/?p=59534\",\"name\":\"Az\u0131nl\u0131k Gruplar\u0131nda \u00c7ok Seslili\u011fin Hayati \u00d6nemi \u2013 Liora Morhayim - Bati Ermenistan Ve Bati Ermenileri Sorunlari Ara\u015ftirmalar Merkezi\",\"isPartOf\":{\"@id\":\"https:\\\/\\\/akunq.net\\\/tr\\\/#website\"},\"primaryImageOfPage\":{\"@id\":\"https:\\\/\\\/akunq.net\\\/tr\\\/?p=59534#primaryimage\"},\"image\":{\"@id\":\"https:\\\/\\\/akunq.net\\\/tr\\\/?p=59534#primaryimage\"},\"thumbnailUrl\":\"https:\\\/\\\/akunq.net\\\/tr\\\/wp-content\\\/uploads\\\/sites\\\/6\\\/2020\\\/10\\\/Az\u0131nl\u0131k.jpeg\",\"datePublished\":\"2020-10-13T08:28:38+00:00\",\"author\":{\"@id\":\"https:\\\/\\\/akunq.net\\\/tr\\\/#\\\/schema\\\/person\\\/096f1d38a12cce57fb855b485ed24c9e\"},\"breadcrumb\":{\"@id\":\"https:\\\/\\\/akunq.net\\\/tr\\\/?p=59534#breadcrumb\"},\"inLanguage\":\"en-US\",\"potentialAction\":[{\"@type\":\"ReadAction\",\"target\":[\"https:\\\/\\\/akunq.net\\\/tr\\\/?p=59534\"]}]},{\"@type\":\"ImageObject\",\"inLanguage\":\"en-US\",\"@id\":\"https:\\\/\\\/akunq.net\\\/tr\\\/?p=59534#primaryimage\",\"url\":\"https:\\\/\\\/akunq.net\\\/tr\\\/wp-content\\\/uploads\\\/sites\\\/6\\\/2020\\\/10\\\/Az\u0131nl\u0131k.jpeg\",\"contentUrl\":\"https:\\\/\\\/akunq.net\\\/tr\\\/wp-content\\\/uploads\\\/sites\\\/6\\\/2020\\\/10\\\/Az\u0131nl\u0131k.jpeg\",\"width\":1200,\"height\":900},{\"@type\":\"BreadcrumbList\",\"@id\":\"https:\\\/\\\/akunq.net\\\/tr\\\/?p=59534#breadcrumb\",\"itemListElement\":[{\"@type\":\"ListItem\",\"position\":1,\"name\":\"Home\",\"item\":\"https:\\\/\\\/akunq.net\\\/tr\"},{\"@type\":\"ListItem\",\"position\":2,\"name\":\"Az\u0131nl\u0131k Gruplar\u0131nda \u00c7ok Seslili\u011fin Hayati \u00d6nemi \u2013 Liora Morhayim\"}]},{\"@type\":\"WebSite\",\"@id\":\"https:\\\/\\\/akunq.net\\\/tr\\\/#website\",\"url\":\"https:\\\/\\\/akunq.net\\\/tr\\\/\",\"name\":\"Bati Ermenistan Ve Bati Ermenileri Sorunlari Ara\u015ftirmalar Merkezi\",\"description\":\"\",\"potentialAction\":[{\"@type\":\"SearchAction\",\"target\":{\"@type\":\"EntryPoint\",\"urlTemplate\":\"https:\\\/\\\/akunq.net\\\/tr\\\/?s={search_term_string}\"},\"query-input\":{\"@type\":\"PropertyValueSpecification\",\"valueRequired\":true,\"valueName\":\"search_term_string\"}}],\"inLanguage\":\"en-US\"},{\"@type\":\"Person\",\"@id\":\"https:\\\/\\\/akunq.net\\\/tr\\\/#\\\/schema\\\/person\\\/096f1d38a12cce57fb855b485ed24c9e\",\"name\":\"admin\",\"url\":\"https:\\\/\\\/akunq.net\\\/tr\\\/?author=7\"}]}<\/script>\n<!-- \/ Yoast SEO plugin. -->","yoast_head_json":{"title":"Az\u0131nl\u0131k Gruplar\u0131nda \u00c7ok Seslili\u011fin Hayati \u00d6nemi \u2013 Liora Morhayim - Bati Ermenistan Ve Bati Ermenileri Sorunlari Ara\u015ftirmalar Merkezi","robots":{"index":"index","follow":"follow","max-snippet":"max-snippet:-1","max-image-preview":"max-image-preview:large","max-video-preview":"max-video-preview:-1"},"canonical":"https:\/\/akunq.net\/tr\/?p=59534","og_locale":"en_US","og_type":"article","og_title":"Az\u0131nl\u0131k Gruplar\u0131nda \u00c7ok Seslili\u011fin Hayati \u00d6nemi \u2013 Liora Morhayim - Bati Ermenistan Ve Bati Ermenileri Sorunlari Ara\u015ftirmalar Merkezi","og_description":"L\u0130ORA MORHAY\u0130M Bireyler kendi d\u00fc\u015f\u00fcncelerinden, s\u00f6zlerinden ve davran\u0131\u015flar\u0131ndan sorumludur, peki ba\u015fkalar\u0131n\u0131nkinden de hatta hi\u00e7 tan\u0131mad\u0131\u011f\u0131 insanlar\u0131nkinden de sorumlu mudur? Her insan bir ya da bir ka\u00e7 gruba mensup olarak hayata gelir. Bu gruplar, i\u00e7ine do\u011fdu\u011fumuz aile ve sosyal \u00e7evrenin d\u0131\u015f\u0131nda, tan\u0131mad\u0131\u011f\u0131m\u0131z milyonlarca insan\u0131n da par\u00e7as\u0131 oldu\u011fu ulusal, etnik, dini ve ba\u015fka \u00e7e\u015fitli gruplard\u0131r ayn\u0131 zamanda. [&hellip;]","og_url":"https:\/\/akunq.net\/tr\/?p=59534","og_site_name":"Bati Ermenistan Ve Bati Ermenileri Sorunlari Ara\u015ftirmalar Merkezi","article_published_time":"2020-10-13T08:28:38+00:00","og_image":[{"width":1200,"height":900,"url":"https:\/\/akunq.net\/tr\/wp-content\/uploads\/sites\/6\/2020\/10\/Az\u0131nl\u0131k.jpeg","type":"image\/jpeg"}],"author":"admin","twitter_card":"summary_large_image","twitter_misc":{"Written by":"admin","Est. reading time":"5 minutes"},"schema":{"@context":"https:\/\/schema.org","@graph":[{"@type":"Article","@id":"https:\/\/akunq.net\/tr\/?p=59534#article","isPartOf":{"@id":"https:\/\/akunq.net\/tr\/?p=59534"},"author":{"name":"admin","@id":"https:\/\/akunq.net\/tr\/#\/schema\/person\/096f1d38a12cce57fb855b485ed24c9e"},"headline":"Az\u0131nl\u0131k Gruplar\u0131nda \u00c7ok Seslili\u011fin Hayati \u00d6nemi \u2013 Liora Morhayim","datePublished":"2020-10-13T08:28:38+00:00","mainEntityOfPage":{"@id":"https:\/\/akunq.net\/tr\/?p=59534"},"wordCount":1081,"commentCount":0,"image":{"@id":"https:\/\/akunq.net\/tr\/?p=59534#primaryimage"},"thumbnailUrl":"https:\/\/akunq.net\/tr\/wp-content\/uploads\/sites\/6\/2020\/10\/Az\u0131nl\u0131k.jpeg","articleSection":["Haberler","Makaleler","T\u00fcrkiye\u2019de Az\u0131nl\u0131klar"],"inLanguage":"en-US","potentialAction":[{"@type":"CommentAction","name":"Comment","target":["https:\/\/akunq.net\/tr\/?p=59534#respond"]}]},{"@type":"WebPage","@id":"https:\/\/akunq.net\/tr\/?p=59534","url":"https:\/\/akunq.net\/tr\/?p=59534","name":"Az\u0131nl\u0131k Gruplar\u0131nda \u00c7ok Seslili\u011fin Hayati \u00d6nemi \u2013 Liora Morhayim - Bati Ermenistan Ve Bati Ermenileri Sorunlari Ara\u015ftirmalar Merkezi","isPartOf":{"@id":"https:\/\/akunq.net\/tr\/#website"},"primaryImageOfPage":{"@id":"https:\/\/akunq.net\/tr\/?p=59534#primaryimage"},"image":{"@id":"https:\/\/akunq.net\/tr\/?p=59534#primaryimage"},"thumbnailUrl":"https:\/\/akunq.net\/tr\/wp-content\/uploads\/sites\/6\/2020\/10\/Az\u0131nl\u0131k.jpeg","datePublished":"2020-10-13T08:28:38+00:00","author":{"@id":"https:\/\/akunq.net\/tr\/#\/schema\/person\/096f1d38a12cce57fb855b485ed24c9e"},"breadcrumb":{"@id":"https:\/\/akunq.net\/tr\/?p=59534#breadcrumb"},"inLanguage":"en-US","potentialAction":[{"@type":"ReadAction","target":["https:\/\/akunq.net\/tr\/?p=59534"]}]},{"@type":"ImageObject","inLanguage":"en-US","@id":"https:\/\/akunq.net\/tr\/?p=59534#primaryimage","url":"https:\/\/akunq.net\/tr\/wp-content\/uploads\/sites\/6\/2020\/10\/Az\u0131nl\u0131k.jpeg","contentUrl":"https:\/\/akunq.net\/tr\/wp-content\/uploads\/sites\/6\/2020\/10\/Az\u0131nl\u0131k.jpeg","width":1200,"height":900},{"@type":"BreadcrumbList","@id":"https:\/\/akunq.net\/tr\/?p=59534#breadcrumb","itemListElement":[{"@type":"ListItem","position":1,"name":"Home","item":"https:\/\/akunq.net\/tr"},{"@type":"ListItem","position":2,"name":"Az\u0131nl\u0131k Gruplar\u0131nda \u00c7ok Seslili\u011fin Hayati \u00d6nemi \u2013 Liora Morhayim"}]},{"@type":"WebSite","@id":"https:\/\/akunq.net\/tr\/#website","url":"https:\/\/akunq.net\/tr\/","name":"Bati Ermenistan Ve Bati Ermenileri Sorunlari Ara\u015ftirmalar Merkezi","description":"","potentialAction":[{"@type":"SearchAction","target":{"@type":"EntryPoint","urlTemplate":"https:\/\/akunq.net\/tr\/?s={search_term_string}"},"query-input":{"@type":"PropertyValueSpecification","valueRequired":true,"valueName":"search_term_string"}}],"inLanguage":"en-US"},{"@type":"Person","@id":"https:\/\/akunq.net\/tr\/#\/schema\/person\/096f1d38a12cce57fb855b485ed24c9e","name":"admin","url":"https:\/\/akunq.net\/tr\/?author=7"}]}},"_links":{"self":[{"href":"https:\/\/akunq.net\/tr\/index.php?rest_route=\/wp\/v2\/posts\/59534","targetHints":{"allow":["GET"]}}],"collection":[{"href":"https:\/\/akunq.net\/tr\/index.php?rest_route=\/wp\/v2\/posts"}],"about":[{"href":"https:\/\/akunq.net\/tr\/index.php?rest_route=\/wp\/v2\/types\/post"}],"author":[{"embeddable":true,"href":"https:\/\/akunq.net\/tr\/index.php?rest_route=\/wp\/v2\/users\/7"}],"replies":[{"embeddable":true,"href":"https:\/\/akunq.net\/tr\/index.php?rest_route=%2Fwp%2Fv2%2Fcomments&post=59534"}],"version-history":[{"count":1,"href":"https:\/\/akunq.net\/tr\/index.php?rest_route=\/wp\/v2\/posts\/59534\/revisions"}],"predecessor-version":[{"id":59536,"href":"https:\/\/akunq.net\/tr\/index.php?rest_route=\/wp\/v2\/posts\/59534\/revisions\/59536"}],"wp:featuredmedia":[{"embeddable":true,"href":"https:\/\/akunq.net\/tr\/index.php?rest_route=\/wp\/v2\/media\/59535"}],"wp:attachment":[{"href":"https:\/\/akunq.net\/tr\/index.php?rest_route=%2Fwp%2Fv2%2Fmedia&parent=59534"}],"wp:term":[{"taxonomy":"category","embeddable":true,"href":"https:\/\/akunq.net\/tr\/index.php?rest_route=%2Fwp%2Fv2%2Fcategories&post=59534"},{"taxonomy":"post_tag","embeddable":true,"href":"https:\/\/akunq.net\/tr\/index.php?rest_route=%2Fwp%2Fv2%2Ftags&post=59534"}],"curies":[{"name":"wp","href":"https:\/\/api.w.org\/{rel}","templated":true}]}}