{"id":59518,"date":"2020-10-13T02:45:54","date_gmt":"2020-10-13T07:45:54","guid":{"rendered":"https:\/\/akunq.net\/tr\/?p=59518"},"modified":"2020-10-13T02:45:54","modified_gmt":"2020-10-13T07:45:54","slug":"barisi-savunmak-cok-zor-turkiyede-yasayan-azeri-ve-ermeni-gazetecilerin-gozunden-daglik-karabag","status":"publish","type":"post","link":"https:\/\/akunq.net\/tr\/?p=59518","title":{"rendered":"&#8216;Bar\u0131\u015f\u0131 savunmak \u00e7ok zor&#8217;: T\u00fcrkiye&#8217;de ya\u015fayan Azeri ve Ermeni gazetecilerin g\u00f6z\u00fcnden Da\u011fl\u0131k Karaba\u011f"},"content":{"rendered":"<header class=\"o-article__header\">\n<div>\n<p><img loading=\"lazy\" decoding=\"async\" class=\"aligncenter size-medium wp-image-59519\" src=\"https:\/\/akunq.net\/tr\/wp-content\/uploads\/2020\/10\/\u0537\u057d\u057f\u0578\u0582\u056f\u0575\u0561\u0576-360x195.jpeg\" alt=\"\" width=\"360\" height=\"195\" srcset=\"https:\/\/akunq.net\/tr\/wp-content\/uploads\/sites\/6\/2020\/10\/\u0537\u057d\u057f\u0578\u0582\u056f\u0575\u0561\u0576-360x195.jpeg 360w, https:\/\/akunq.net\/tr\/wp-content\/uploads\/sites\/6\/2020\/10\/\u0537\u057d\u057f\u0578\u0582\u056f\u0575\u0561\u0576-560x303.jpeg 560w, https:\/\/akunq.net\/tr\/wp-content\/uploads\/sites\/6\/2020\/10\/\u0537\u057d\u057f\u0578\u0582\u056f\u0575\u0561\u0576-260x141.jpeg 260w, https:\/\/akunq.net\/tr\/wp-content\/uploads\/sites\/6\/2020\/10\/\u0537\u057d\u057f\u0578\u0582\u056f\u0575\u0561\u0576-160x87.jpeg 160w, https:\/\/akunq.net\/tr\/wp-content\/uploads\/sites\/6\/2020\/10\/\u0537\u057d\u057f\u0578\u0582\u056f\u0575\u0561\u0576.jpeg 640w\" sizes=\"auto, (max-width: 360px) 100vw, 360px\" \/><\/p>\n<p class=\"c-article-title u-display-inline u-text-align--start\"><em><strong>Bar\u0131\u015f\u0131 savunmak \u00e7ok zor&#8217;: T\u00fcrkiye&#8217;de ya\u015fayan Azeri ve Ermeni gazetecilerin g\u00f6z\u00fcnden Da\u011fl\u0131k Karaba\u011f<\/strong><\/em><\/p>\n<\/div>\n<div class=\"c-article-meta\">\n<div class=\"c-article-meta__info\">\u00a0<a href=\"https:\/\/twitter.com\/euronews\" target=\"_blank\" rel=\"noopener noreferrer\"><b>Dilek Gul<\/b><\/a><time class=\"c-article-date\" datetime=\"2020-10-12\" data-timestamp=\"1602505750\"><span class=\"c-article-date__bullet\">\u00a0<\/span><\/time><\/div>\n<\/div>\n<\/header>\n<section class=\"row collapse jsBottomArticle u-overflow-visible u-margin-top-medium-down-2 u-margin-top-large-only-3 u-margin-top-xlarge-4\" data-nid=\"1256792\" data-cid=\"5051052\" data-related=\"2\">\n<div class=\"column small-12 medium-10 xlarge-11 js-responsive-iframes-container\">\n<div class=\"c-article-content  js-article-content article__content\">\n<p>Ermenistan ve Azerbaycan aras\u0131nda 27 Eyl\u00fcl&#8217;de ba\u015flayan <em>(<\/em><em>Azerbaycan\u2019\u0131n ba\u015flatt\u0131\u011f\u0131 sava\u015f-&#8216;Akunq&#8217; web sitesi<\/em><em>)<\/em> ve 9 Ekim&#8217;de ate\u015fkesle sonu\u00e7lanan Da\u011fl\u0131k Karaba\u011f <em>(Artsakh-&#8216;Akunq&#8217; web sitesi)<\/em> krizi d\u00f6neminde nefret s\u00f6ylemlerinde ciddi art\u0131\u015f oldu.<\/p>\n<p>Ermenistan ve Azerbaycan taraf\u0131ndan gazeteciler konuyu Euronews&#8217;e de\u011ferlendirdi.<\/p>\n<p>Agos Ermenice sayfalar\u0131 edit\u00f6r\u00fc ve yazar\u0131 Pakrat Estukyan, on y\u0131llard\u0131r s\u00fcren sava\u015f\u0131n anla\u015fmayla sonu\u00e7lanmamas\u0131n\u0131 Azerbaycan &#8211; Ermenistan aras\u0131ndaki kriz nedeniyle kurulan AG\u0130T Misk Grbubu \u00fcyelerine ba\u011fl\u0131yor. Ona g\u00f6re bu \u00fclkeler bar\u0131\u015f\u0131 de\u011fil \u00e7\u00f6z\u00fcms\u00fczl\u00fc\u011f\u00fc savunuyor.<\/p>\n<p>Bu sava\u015f \u00fczerinden T\u00fcrkiye\u2019nin alm\u0131\u015f oldu\u011fu tavr\u0131n da Ermenilere kendilerini k\u00f6t\u00fc hissettirdi\u011fini s\u00f6yl\u00fcyor Estukyan. \u00dclkenin son alt\u0131 y\u0131ld\u0131r kabuk de\u011fi\u015ftirdi\u011fini ifade eden gazeteci Estukyan, laik ve demokratik yap\u0131lar\u0131n yok oldu\u011funu ve devlet yap\u0131lar\u0131n\u0131n tarikatlara da\u011f\u0131t\u0131lmas\u0131n\u0131n endi\u015fe verici oldu\u011funu belirtiyor.<\/p>\n<p>T\u00fcrkiye\u2019nin Ermenistan\u2019\u0131 kar\u015f\u0131s\u0131na al\u0131p, Azerbaycan\u2019a destek vermesini do\u011fru bulmuyor Agos yazar\u0131 Pakrat Estukyan. \u00c7\u00fcnk\u00fc bu saatten sonra T\u00fcrkiye ve Ermenistan\u2019\u0131n iyi bir ili\u015fki yakalamas\u0131n\u0131 olduk\u00e7a zor g\u00f6r\u00fcyor.<\/p>\n<p>Bu iki \u00fclke aras\u0131ndaki sava\u015f nedeniyle ortaya \u00e7\u0131kan nefret s\u00f6ylemlerinin de kayna\u011f\u0131n\u0131n milliyet\u00e7ilik oldu\u011funu d\u00fc\u015f\u00fcnen Estukyan, birbirleriyle temas i\u00e7inde olan halk\u0131n aras\u0131nda bir nefret olmad\u0131\u011f\u0131 g\u00f6r\u00fc\u015f\u00fcnde. &#8216;<\/p>\n<p><strong>&#8216;Bar\u0131\u015f istemek giderek zorla\u015f\u0131yor&#8221;<\/strong><\/p>\n<p>Azeri gazeteci Arzu Geybulla ise bu sava\u015f\u0131n ortaya \u00e7\u0131kard\u0131\u011f\u0131 nefret s\u00f6ylemlerine tepkili. Her ne kadar bu topraklar\u0131n Azerbaycan\u2019a ait olmas\u0131n\u0131 destekleyenler olsa da, sava\u015f kar\u015f\u0131t\u0131 insanlar\u0131n var olmas\u0131n\u0131n da umut verici oldu\u011funa inan\u0131yor. En az\u0131ndan gelecekte bar\u0131\u015f i\u00e7in bir ba\u015flang\u0131\u00e7 yaratabilir bu insanlar\u0131n varl\u0131\u011f\u0131 diyor.<\/p>\n<p>Sava\u015f kar\u015f\u0131t\u0131 olan gazeteci Arzu Geybulla, sava\u015f\u0131n ba\u015flamas\u0131yla kendisini de zor bir s\u00fcrecin i\u00e7inde buldu\u011funu dile getiriyor. \u00c7\u00fcnk\u00fc bar\u0131\u015f\u0131 istemenin ne kadar zor oldu\u011funa \u00e7ok kez \u015fahit olmu\u015f. \u00d6zellikle sosyal medya payla\u015f\u0131mlar\u0131n\u0131n nefret s\u00f6ylemleri ve sava\u015f ile ilgili do\u011fru olmayan bilgilerle dolu oldu\u011funa dikkat \u00e7ekiyor.<\/p>\n<p>\u0130nsanlara sadece sava\u015ftan galip \u00e7\u0131kma duysunun hakim oldu\u011funu s\u00f6yleyen Geybulla, sava\u015fa kar\u015f\u0131 olan insanlar\u0131n taciz edildi\u011fini ve bask\u0131ya u\u011frad\u0131\u011f\u0131n\u0131n alt\u0131n\u0131 \u00e7iziyor. T\u00fcrkiye\u2019nin Azerbaycan\u2019a verdi\u011fi \u2018\u2019moral\u2019\u2019 deste\u011finin bile Azerbaycan\u2019\u0131 \u015fahland\u0131rd\u0131\u011f\u0131n\u0131 s\u00f6yleyen gazeteci Arzu Geybulla, \u015fu an bile \u00fclkede T\u00fcrkiye\u2019ye kar\u015f\u0131 inan\u0131lmaz bir destek oldu\u011funu s\u00f6yl\u00fcyor.<\/p>\n<p>Her iki gazeteci de \u015fu anda iki \u00fclke aras\u0131nda bar\u0131\u015f\u0131 istemenin olduk\u00e7a zor oldu\u011funu d\u00fc\u015f\u00fcn\u00fcyor.<\/p>\n<p><em><strong>https:\/\/tr.euronews.com\/2020\/10\/12\/bar-s-savunmak-cok-zor-turkiye-de-yasayan-azeri-ve-ermeni-gazetecilerin-gozunden-dagl-k-ka\u00a0<\/strong><\/em><\/p>\n<\/div>\n<\/div>\n<\/section>\n","protected":false},"excerpt":{"rendered":"<p>Bar\u0131\u015f\u0131 savunmak \u00e7ok zor&#8217;: T\u00fcrkiye&#8217;de ya\u015fayan Azeri ve Ermeni gazetecilerin g\u00f6z\u00fcnden Da\u011fl\u0131k Karaba\u011f \u00a0Dilek Gul\u00a0 Ermenistan ve Azerbaycan aras\u0131nda 27 Eyl\u00fcl&#8217;de ba\u015flayan (Azerbaycan\u2019\u0131n ba\u015flatt\u0131\u011f\u0131 sava\u015f-&#8216;Akunq&#8217; web sitesi) ve 9 Ekim&#8217;de ate\u015fkesle sonu\u00e7lanan Da\u011fl\u0131k Karaba\u011f (Artsakh-&#8216;Akunq&#8217; web sitesi) krizi d\u00f6neminde nefret s\u00f6ylemlerinde ciddi art\u0131\u015f oldu. Ermenistan ve Azerbaycan taraf\u0131ndan gazeteciler konuyu Euronews&#8217;e de\u011ferlendirdi. Agos Ermenice sayfalar\u0131 [&hellip;]<\/p>\n","protected":false},"author":7,"featured_media":59519,"comment_status":"open","ping_status":"open","sticky":false,"template":"","format":"standard","meta":{"footnotes":""},"categories":[1],"tags":[],"class_list":["post-59518","post","type-post","status-publish","format-standard","has-post-thumbnail","hentry","category-haberler"],"yoast_head":"<!-- This site is optimized with the Yoast SEO plugin v27.4 - https:\/\/yoast.com\/product\/yoast-seo-wordpress\/ -->\n<title>&#039;Bar\u0131\u015f\u0131 savunmak \u00e7ok zor&#039;: T\u00fcrkiye&#039;de ya\u015fayan Azeri ve Ermeni gazetecilerin g\u00f6z\u00fcnden Da\u011fl\u0131k Karaba\u011f - Bati Ermenistan Ve Bati Ermenileri Sorunlari Ara\u015ftirmalar Merkezi<\/title>\n<meta name=\"robots\" content=\"index, follow, max-snippet:-1, max-image-preview:large, max-video-preview:-1\" \/>\n<link rel=\"canonical\" href=\"https:\/\/akunq.net\/tr\/?p=59518\" \/>\n<meta property=\"og:locale\" content=\"en_US\" \/>\n<meta property=\"og:type\" content=\"article\" \/>\n<meta property=\"og:title\" content=\"&#039;Bar\u0131\u015f\u0131 savunmak \u00e7ok zor&#039;: T\u00fcrkiye&#039;de ya\u015fayan Azeri ve Ermeni gazetecilerin g\u00f6z\u00fcnden Da\u011fl\u0131k Karaba\u011f - Bati Ermenistan Ve Bati Ermenileri Sorunlari Ara\u015ftirmalar Merkezi\" \/>\n<meta property=\"og:description\" content=\"Bar\u0131\u015f\u0131 savunmak \u00e7ok zor&#8217;: T\u00fcrkiye&#8217;de ya\u015fayan Azeri ve Ermeni gazetecilerin g\u00f6z\u00fcnden Da\u011fl\u0131k Karaba\u011f \u00a0Dilek Gul\u00a0 Ermenistan ve Azerbaycan aras\u0131nda 27 Eyl\u00fcl&#8217;de ba\u015flayan (Azerbaycan\u2019\u0131n ba\u015flatt\u0131\u011f\u0131 sava\u015f-&#8216;Akunq&#8217; web sitesi) ve 9 Ekim&#8217;de ate\u015fkesle sonu\u00e7lanan Da\u011fl\u0131k Karaba\u011f (Artsakh-&#8216;Akunq&#8217; web sitesi) krizi d\u00f6neminde nefret s\u00f6ylemlerinde ciddi art\u0131\u015f oldu. Ermenistan ve Azerbaycan taraf\u0131ndan gazeteciler konuyu Euronews&#8217;e de\u011ferlendirdi. Agos Ermenice sayfalar\u0131 [&hellip;]\" \/>\n<meta property=\"og:url\" content=\"https:\/\/akunq.net\/tr\/?p=59518\" \/>\n<meta property=\"og:site_name\" content=\"Bati Ermenistan Ve Bati Ermenileri Sorunlari Ara\u015ftirmalar Merkezi\" \/>\n<meta property=\"article:published_time\" content=\"2020-10-13T07:45:54+00:00\" \/>\n<meta property=\"og:image\" content=\"https:\/\/akunq.net\/tr\/wp-content\/uploads\/sites\/6\/2020\/10\/\u0537\u057d\u057f\u0578\u0582\u056f\u0575\u0561\u0576.jpeg\" \/>\n\t<meta property=\"og:image:width\" content=\"640\" \/>\n\t<meta property=\"og:image:height\" content=\"346\" \/>\n\t<meta property=\"og:image:type\" content=\"image\/jpeg\" \/>\n<meta name=\"author\" content=\"admin\" \/>\n<meta name=\"twitter:card\" content=\"summary_large_image\" \/>\n<meta name=\"twitter:label1\" content=\"Written by\" \/>\n\t<meta name=\"twitter:data1\" content=\"admin\" \/>\n\t<meta name=\"twitter:label2\" content=\"Est. reading time\" \/>\n\t<meta name=\"twitter:data2\" content=\"2 minutes\" \/>\n<script type=\"application\/ld+json\" class=\"yoast-schema-graph\">{\"@context\":\"https:\\\/\\\/schema.org\",\"@graph\":[{\"@type\":\"Article\",\"@id\":\"https:\\\/\\\/akunq.net\\\/tr\\\/?p=59518#article\",\"isPartOf\":{\"@id\":\"https:\\\/\\\/akunq.net\\\/tr\\\/?p=59518\"},\"author\":{\"name\":\"admin\",\"@id\":\"https:\\\/\\\/akunq.net\\\/tr\\\/#\\\/schema\\\/person\\\/096f1d38a12cce57fb855b485ed24c9e\"},\"headline\":\"&#8216;Bar\u0131\u015f\u0131 savunmak \u00e7ok zor&#8217;: T\u00fcrkiye&#8217;de ya\u015fayan Azeri ve Ermeni gazetecilerin g\u00f6z\u00fcnden Da\u011fl\u0131k Karaba\u011f\",\"datePublished\":\"2020-10-13T07:45:54+00:00\",\"mainEntityOfPage\":{\"@id\":\"https:\\\/\\\/akunq.net\\\/tr\\\/?p=59518\"},\"wordCount\":501,\"commentCount\":0,\"image\":{\"@id\":\"https:\\\/\\\/akunq.net\\\/tr\\\/?p=59518#primaryimage\"},\"thumbnailUrl\":\"https:\\\/\\\/akunq.net\\\/tr\\\/wp-content\\\/uploads\\\/sites\\\/6\\\/2020\\\/10\\\/\u0537\u057d\u057f\u0578\u0582\u056f\u0575\u0561\u0576.jpeg\",\"articleSection\":[\"Haberler\"],\"inLanguage\":\"en-US\",\"potentialAction\":[{\"@type\":\"CommentAction\",\"name\":\"Comment\",\"target\":[\"https:\\\/\\\/akunq.net\\\/tr\\\/?p=59518#respond\"]}]},{\"@type\":\"WebPage\",\"@id\":\"https:\\\/\\\/akunq.net\\\/tr\\\/?p=59518\",\"url\":\"https:\\\/\\\/akunq.net\\\/tr\\\/?p=59518\",\"name\":\"'Bar\u0131\u015f\u0131 savunmak \u00e7ok zor': T\u00fcrkiye'de ya\u015fayan Azeri ve Ermeni gazetecilerin g\u00f6z\u00fcnden Da\u011fl\u0131k Karaba\u011f - Bati Ermenistan Ve Bati Ermenileri Sorunlari Ara\u015ftirmalar Merkezi\",\"isPartOf\":{\"@id\":\"https:\\\/\\\/akunq.net\\\/tr\\\/#website\"},\"primaryImageOfPage\":{\"@id\":\"https:\\\/\\\/akunq.net\\\/tr\\\/?p=59518#primaryimage\"},\"image\":{\"@id\":\"https:\\\/\\\/akunq.net\\\/tr\\\/?p=59518#primaryimage\"},\"thumbnailUrl\":\"https:\\\/\\\/akunq.net\\\/tr\\\/wp-content\\\/uploads\\\/sites\\\/6\\\/2020\\\/10\\\/\u0537\u057d\u057f\u0578\u0582\u056f\u0575\u0561\u0576.jpeg\",\"datePublished\":\"2020-10-13T07:45:54+00:00\",\"author\":{\"@id\":\"https:\\\/\\\/akunq.net\\\/tr\\\/#\\\/schema\\\/person\\\/096f1d38a12cce57fb855b485ed24c9e\"},\"breadcrumb\":{\"@id\":\"https:\\\/\\\/akunq.net\\\/tr\\\/?p=59518#breadcrumb\"},\"inLanguage\":\"en-US\",\"potentialAction\":[{\"@type\":\"ReadAction\",\"target\":[\"https:\\\/\\\/akunq.net\\\/tr\\\/?p=59518\"]}]},{\"@type\":\"ImageObject\",\"inLanguage\":\"en-US\",\"@id\":\"https:\\\/\\\/akunq.net\\\/tr\\\/?p=59518#primaryimage\",\"url\":\"https:\\\/\\\/akunq.net\\\/tr\\\/wp-content\\\/uploads\\\/sites\\\/6\\\/2020\\\/10\\\/\u0537\u057d\u057f\u0578\u0582\u056f\u0575\u0561\u0576.jpeg\",\"contentUrl\":\"https:\\\/\\\/akunq.net\\\/tr\\\/wp-content\\\/uploads\\\/sites\\\/6\\\/2020\\\/10\\\/\u0537\u057d\u057f\u0578\u0582\u056f\u0575\u0561\u0576.jpeg\",\"width\":640,\"height\":346},{\"@type\":\"BreadcrumbList\",\"@id\":\"https:\\\/\\\/akunq.net\\\/tr\\\/?p=59518#breadcrumb\",\"itemListElement\":[{\"@type\":\"ListItem\",\"position\":1,\"name\":\"Home\",\"item\":\"https:\\\/\\\/akunq.net\\\/tr\"},{\"@type\":\"ListItem\",\"position\":2,\"name\":\"&#8216;Bar\u0131\u015f\u0131 savunmak \u00e7ok zor&#8217;: T\u00fcrkiye&#8217;de ya\u015fayan Azeri ve Ermeni gazetecilerin g\u00f6z\u00fcnden Da\u011fl\u0131k Karaba\u011f\"}]},{\"@type\":\"WebSite\",\"@id\":\"https:\\\/\\\/akunq.net\\\/tr\\\/#website\",\"url\":\"https:\\\/\\\/akunq.net\\\/tr\\\/\",\"name\":\"Bati Ermenistan Ve Bati Ermenileri Sorunlari Ara\u015ftirmalar Merkezi\",\"description\":\"\",\"potentialAction\":[{\"@type\":\"SearchAction\",\"target\":{\"@type\":\"EntryPoint\",\"urlTemplate\":\"https:\\\/\\\/akunq.net\\\/tr\\\/?s={search_term_string}\"},\"query-input\":{\"@type\":\"PropertyValueSpecification\",\"valueRequired\":true,\"valueName\":\"search_term_string\"}}],\"inLanguage\":\"en-US\"},{\"@type\":\"Person\",\"@id\":\"https:\\\/\\\/akunq.net\\\/tr\\\/#\\\/schema\\\/person\\\/096f1d38a12cce57fb855b485ed24c9e\",\"name\":\"admin\",\"url\":\"https:\\\/\\\/akunq.net\\\/tr\\\/?author=7\"}]}<\/script>\n<!-- \/ Yoast SEO plugin. -->","yoast_head_json":{"title":"'Bar\u0131\u015f\u0131 savunmak \u00e7ok zor': T\u00fcrkiye'de ya\u015fayan Azeri ve Ermeni gazetecilerin g\u00f6z\u00fcnden Da\u011fl\u0131k Karaba\u011f - Bati Ermenistan Ve Bati Ermenileri Sorunlari Ara\u015ftirmalar Merkezi","robots":{"index":"index","follow":"follow","max-snippet":"max-snippet:-1","max-image-preview":"max-image-preview:large","max-video-preview":"max-video-preview:-1"},"canonical":"https:\/\/akunq.net\/tr\/?p=59518","og_locale":"en_US","og_type":"article","og_title":"'Bar\u0131\u015f\u0131 savunmak \u00e7ok zor': T\u00fcrkiye'de ya\u015fayan Azeri ve Ermeni gazetecilerin g\u00f6z\u00fcnden Da\u011fl\u0131k Karaba\u011f - Bati Ermenistan Ve Bati Ermenileri Sorunlari Ara\u015ftirmalar Merkezi","og_description":"Bar\u0131\u015f\u0131 savunmak \u00e7ok zor&#8217;: T\u00fcrkiye&#8217;de ya\u015fayan Azeri ve Ermeni gazetecilerin g\u00f6z\u00fcnden Da\u011fl\u0131k Karaba\u011f \u00a0Dilek Gul\u00a0 Ermenistan ve Azerbaycan aras\u0131nda 27 Eyl\u00fcl&#8217;de ba\u015flayan (Azerbaycan\u2019\u0131n ba\u015flatt\u0131\u011f\u0131 sava\u015f-&#8216;Akunq&#8217; web sitesi) ve 9 Ekim&#8217;de ate\u015fkesle sonu\u00e7lanan Da\u011fl\u0131k Karaba\u011f (Artsakh-&#8216;Akunq&#8217; web sitesi) krizi d\u00f6neminde nefret s\u00f6ylemlerinde ciddi art\u0131\u015f oldu. Ermenistan ve Azerbaycan taraf\u0131ndan gazeteciler konuyu Euronews&#8217;e de\u011ferlendirdi. Agos Ermenice sayfalar\u0131 [&hellip;]","og_url":"https:\/\/akunq.net\/tr\/?p=59518","og_site_name":"Bati Ermenistan Ve Bati Ermenileri Sorunlari Ara\u015ftirmalar Merkezi","article_published_time":"2020-10-13T07:45:54+00:00","og_image":[{"width":640,"height":346,"url":"https:\/\/akunq.net\/tr\/wp-content\/uploads\/sites\/6\/2020\/10\/\u0537\u057d\u057f\u0578\u0582\u056f\u0575\u0561\u0576.jpeg","type":"image\/jpeg"}],"author":"admin","twitter_card":"summary_large_image","twitter_misc":{"Written by":"admin","Est. reading time":"2 minutes"},"schema":{"@context":"https:\/\/schema.org","@graph":[{"@type":"Article","@id":"https:\/\/akunq.net\/tr\/?p=59518#article","isPartOf":{"@id":"https:\/\/akunq.net\/tr\/?p=59518"},"author":{"name":"admin","@id":"https:\/\/akunq.net\/tr\/#\/schema\/person\/096f1d38a12cce57fb855b485ed24c9e"},"headline":"&#8216;Bar\u0131\u015f\u0131 savunmak \u00e7ok zor&#8217;: T\u00fcrkiye&#8217;de ya\u015fayan Azeri ve Ermeni gazetecilerin g\u00f6z\u00fcnden Da\u011fl\u0131k Karaba\u011f","datePublished":"2020-10-13T07:45:54+00:00","mainEntityOfPage":{"@id":"https:\/\/akunq.net\/tr\/?p=59518"},"wordCount":501,"commentCount":0,"image":{"@id":"https:\/\/akunq.net\/tr\/?p=59518#primaryimage"},"thumbnailUrl":"https:\/\/akunq.net\/tr\/wp-content\/uploads\/sites\/6\/2020\/10\/\u0537\u057d\u057f\u0578\u0582\u056f\u0575\u0561\u0576.jpeg","articleSection":["Haberler"],"inLanguage":"en-US","potentialAction":[{"@type":"CommentAction","name":"Comment","target":["https:\/\/akunq.net\/tr\/?p=59518#respond"]}]},{"@type":"WebPage","@id":"https:\/\/akunq.net\/tr\/?p=59518","url":"https:\/\/akunq.net\/tr\/?p=59518","name":"'Bar\u0131\u015f\u0131 savunmak \u00e7ok zor': T\u00fcrkiye'de ya\u015fayan Azeri ve Ermeni gazetecilerin g\u00f6z\u00fcnden Da\u011fl\u0131k Karaba\u011f - Bati Ermenistan Ve Bati Ermenileri Sorunlari Ara\u015ftirmalar Merkezi","isPartOf":{"@id":"https:\/\/akunq.net\/tr\/#website"},"primaryImageOfPage":{"@id":"https:\/\/akunq.net\/tr\/?p=59518#primaryimage"},"image":{"@id":"https:\/\/akunq.net\/tr\/?p=59518#primaryimage"},"thumbnailUrl":"https:\/\/akunq.net\/tr\/wp-content\/uploads\/sites\/6\/2020\/10\/\u0537\u057d\u057f\u0578\u0582\u056f\u0575\u0561\u0576.jpeg","datePublished":"2020-10-13T07:45:54+00:00","author":{"@id":"https:\/\/akunq.net\/tr\/#\/schema\/person\/096f1d38a12cce57fb855b485ed24c9e"},"breadcrumb":{"@id":"https:\/\/akunq.net\/tr\/?p=59518#breadcrumb"},"inLanguage":"en-US","potentialAction":[{"@type":"ReadAction","target":["https:\/\/akunq.net\/tr\/?p=59518"]}]},{"@type":"ImageObject","inLanguage":"en-US","@id":"https:\/\/akunq.net\/tr\/?p=59518#primaryimage","url":"https:\/\/akunq.net\/tr\/wp-content\/uploads\/sites\/6\/2020\/10\/\u0537\u057d\u057f\u0578\u0582\u056f\u0575\u0561\u0576.jpeg","contentUrl":"https:\/\/akunq.net\/tr\/wp-content\/uploads\/sites\/6\/2020\/10\/\u0537\u057d\u057f\u0578\u0582\u056f\u0575\u0561\u0576.jpeg","width":640,"height":346},{"@type":"BreadcrumbList","@id":"https:\/\/akunq.net\/tr\/?p=59518#breadcrumb","itemListElement":[{"@type":"ListItem","position":1,"name":"Home","item":"https:\/\/akunq.net\/tr"},{"@type":"ListItem","position":2,"name":"&#8216;Bar\u0131\u015f\u0131 savunmak \u00e7ok zor&#8217;: T\u00fcrkiye&#8217;de ya\u015fayan Azeri ve Ermeni gazetecilerin g\u00f6z\u00fcnden Da\u011fl\u0131k Karaba\u011f"}]},{"@type":"WebSite","@id":"https:\/\/akunq.net\/tr\/#website","url":"https:\/\/akunq.net\/tr\/","name":"Bati Ermenistan Ve Bati Ermenileri Sorunlari Ara\u015ftirmalar Merkezi","description":"","potentialAction":[{"@type":"SearchAction","target":{"@type":"EntryPoint","urlTemplate":"https:\/\/akunq.net\/tr\/?s={search_term_string}"},"query-input":{"@type":"PropertyValueSpecification","valueRequired":true,"valueName":"search_term_string"}}],"inLanguage":"en-US"},{"@type":"Person","@id":"https:\/\/akunq.net\/tr\/#\/schema\/person\/096f1d38a12cce57fb855b485ed24c9e","name":"admin","url":"https:\/\/akunq.net\/tr\/?author=7"}]}},"_links":{"self":[{"href":"https:\/\/akunq.net\/tr\/index.php?rest_route=\/wp\/v2\/posts\/59518","targetHints":{"allow":["GET"]}}],"collection":[{"href":"https:\/\/akunq.net\/tr\/index.php?rest_route=\/wp\/v2\/posts"}],"about":[{"href":"https:\/\/akunq.net\/tr\/index.php?rest_route=\/wp\/v2\/types\/post"}],"author":[{"embeddable":true,"href":"https:\/\/akunq.net\/tr\/index.php?rest_route=\/wp\/v2\/users\/7"}],"replies":[{"embeddable":true,"href":"https:\/\/akunq.net\/tr\/index.php?rest_route=%2Fwp%2Fv2%2Fcomments&post=59518"}],"version-history":[{"count":1,"href":"https:\/\/akunq.net\/tr\/index.php?rest_route=\/wp\/v2\/posts\/59518\/revisions"}],"predecessor-version":[{"id":59520,"href":"https:\/\/akunq.net\/tr\/index.php?rest_route=\/wp\/v2\/posts\/59518\/revisions\/59520"}],"wp:featuredmedia":[{"embeddable":true,"href":"https:\/\/akunq.net\/tr\/index.php?rest_route=\/wp\/v2\/media\/59519"}],"wp:attachment":[{"href":"https:\/\/akunq.net\/tr\/index.php?rest_route=%2Fwp%2Fv2%2Fmedia&parent=59518"}],"wp:term":[{"taxonomy":"category","embeddable":true,"href":"https:\/\/akunq.net\/tr\/index.php?rest_route=%2Fwp%2Fv2%2Fcategories&post=59518"},{"taxonomy":"post_tag","embeddable":true,"href":"https:\/\/akunq.net\/tr\/index.php?rest_route=%2Fwp%2Fv2%2Ftags&post=59518"}],"curies":[{"name":"wp","href":"https:\/\/api.w.org\/{rel}","templated":true}]}}