{"id":59512,"date":"2020-10-13T01:44:26","date_gmt":"2020-10-13T06:44:26","guid":{"rendered":"https:\/\/akunq.net\/tr\/?p=59512"},"modified":"2020-10-13T01:44:26","modified_gmt":"2020-10-13T06:44:26","slug":"new-york-post-soykirimi-inkar-eden-ankara-simdi-yine-sayisiz-insanlari-katletmek-icin-kollarini-sivadi","status":"publish","type":"post","link":"https:\/\/akunq.net\/tr\/?p=59512","title":{"rendered":"New York Post: Soyk\u0131r\u0131m\u0131 inkar eden Ankara \u015fimdi yine say\u0131s\u0131z insanlar\u0131 katletmek i\u00e7in kollar\u0131n\u0131 s\u0131vad\u0131"},"content":{"rendered":"<p><img loading=\"lazy\" decoding=\"async\" class=\"aligncenter size-medium wp-image-59513\" src=\"https:\/\/akunq.net\/tr\/wp-content\/uploads\/2020\/10\/Erdogan-321x270.jpg\" alt=\"\" width=\"321\" height=\"270\" srcset=\"https:\/\/akunq.net\/tr\/wp-content\/uploads\/sites\/6\/2020\/10\/Erdogan-321x270.jpg 321w, https:\/\/akunq.net\/tr\/wp-content\/uploads\/sites\/6\/2020\/10\/Erdogan-560x471.jpg 560w, https:\/\/akunq.net\/tr\/wp-content\/uploads\/sites\/6\/2020\/10\/Erdogan-260x219.jpg 260w, https:\/\/akunq.net\/tr\/wp-content\/uploads\/sites\/6\/2020\/10\/Erdogan-160x135.jpg 160w, https:\/\/akunq.net\/tr\/wp-content\/uploads\/sites\/6\/2020\/10\/Erdogan.jpg 594w\" sizes=\"auto, (max-width: 321px) 100vw, 321px\" \/><\/p>\n<p><em><strong>ABD merkezli New York Post gazetesi Da\u011fl\u0131k Karaba\u011f (Artsakh) \u00e7at\u0131\u015fmas\u0131na T\u00fcrkiye\u2019nin ve \u00f6zellikle Cumhurba\u015fkan\u0131 Recep Tayyip Erdo\u011fan\u2019\u0131n m\u00fcdahale etmesiyle ilgili bir yaz\u0131 yay\u0131nlad\u0131. Gazeteye g\u00f6re T\u00fcrkiye\u2019nin bu m\u00fcdahalesi Ermeni Soyk\u0131r\u0131m\u0131&#8217;n\u0131n 100 y\u0131l sonraki g\u00fc\u00e7l\u00fc yank\u0131s\u0131d\u0131r.<\/strong><\/em><\/p>\n<p>New York Post 27 Eyl\u00fcl tarihinde Azerbaycan\u2019\u0131n sald\u0131r\u0131ya ge\u00e7ti\u011fini, fakat sald\u0131rmak i\u00e7in Ermenistan\u2019\u0131 su\u00e7lad\u0131\u011f\u0131n\u0131 ifade etti.<\/p>\n<p>Makalede, \u201cAzerbaycanl\u0131lar a\u00e7\u0131k sald\u0131rganlard\u0131r ve onlar kendi Silahl\u0131 Kuvvetlerini T\u00fcrklerin deste\u011fiyle modernel\u015ftiriyorlar\u201d ifadesine yer verildi.<\/p>\n<p>Makale yazar\u0131n\u0131n de\u011ferlendirmelerine g\u00f6re Erdo\u011fan taraf\u0131ndan Azerbaycan\u2019a verilen destek i\u00e7 ekonomik sorunlar\u0131ndan insanlar\u0131n dikkatini da\u011f\u0131tmaya \u00e7al\u0131\u015f\u0131yor ve bununla birlikte Da\u011fl\u0131k Karaba\u011f b\u00f6lgesel \u00e7at\u0131\u015fmas\u0131 b\u00fcy\u00fck bir jeopolitik rekabete d\u00f6n\u00fc\u015f\u00fcyor.<\/p>\n<p>ABD, Avrupa Birli\u011fi, BM, NATO, Roma Papas\u0131 derhal ate\u015fi durdurmaya \u00e7a\u011f\u0131r\u0131rken Erdo\u011fan b\u00fcy\u00fcyen sava\u015f\u0131 daha k\u00f6r\u00fckl\u00fcyor ve Azerbaycan\u2019a kendi ko\u015fulsuz deste\u011fini teklif ediyor.<\/p>\n<p>B\u00f6ylece ABD merkezli New York Post gazetesinin tan\u0131mlamas\u0131na g\u00f6re Ermeni Soyk\u0131r\u0131m\u0131&#8217;nin kabul etmesini reddeden T\u00fcrkiye \u015fimdi yine say\u0131s\u0131z insanlar katletmek i\u00e7in kollar\u0131n\u0131 s\u0131vad\u0131.<\/p>\n<p><em><strong>https:\/\/www.ermenihaber.am\/tr\/news\/2020\/10\/12\/New-York-Post-Ermeni-Soyk%C4%B1r%C4%B1m%C4%B1-T%C3%BCrkiye-Karaba%C4%9F\/195413\u00a0<\/strong><\/em><\/p>\n","protected":false},"excerpt":{"rendered":"<p>ABD merkezli New York Post gazetesi Da\u011fl\u0131k Karaba\u011f (Artsakh) \u00e7at\u0131\u015fmas\u0131na T\u00fcrkiye\u2019nin ve \u00f6zellikle Cumhurba\u015fkan\u0131 Recep Tayyip Erdo\u011fan\u2019\u0131n m\u00fcdahale etmesiyle ilgili bir yaz\u0131 yay\u0131nlad\u0131. Gazeteye g\u00f6re T\u00fcrkiye\u2019nin bu m\u00fcdahalesi Ermeni Soyk\u0131r\u0131m\u0131&#8217;n\u0131n 100 y\u0131l sonraki g\u00fc\u00e7l\u00fc yank\u0131s\u0131d\u0131r. New York Post 27 Eyl\u00fcl tarihinde Azerbaycan\u2019\u0131n sald\u0131r\u0131ya ge\u00e7ti\u011fini, fakat sald\u0131rmak i\u00e7in Ermenistan\u2019\u0131 su\u00e7lad\u0131\u011f\u0131n\u0131 ifade etti. Makalede, \u201cAzerbaycanl\u0131lar a\u00e7\u0131k sald\u0131rganlard\u0131r [&hellip;]<\/p>\n","protected":false},"author":7,"featured_media":59513,"comment_status":"open","ping_status":"open","sticky":false,"template":"","format":"standard","meta":{"footnotes":""},"categories":[44,1],"tags":[],"class_list":["post-59512","post","type-post","status-publish","format-standard","has-post-thumbnail","hentry","category-ermeni-soykirimi","category-haberler"],"yoast_head":"<!-- This site is optimized with the Yoast SEO plugin v27.4 - https:\/\/yoast.com\/product\/yoast-seo-wordpress\/ -->\n<title>New York Post: Soyk\u0131r\u0131m\u0131 inkar eden Ankara \u015fimdi yine say\u0131s\u0131z insanlar\u0131 katletmek i\u00e7in kollar\u0131n\u0131 s\u0131vad\u0131 - Bati Ermenistan Ve Bati Ermenileri Sorunlari Ara\u015ftirmalar Merkezi<\/title>\n<meta name=\"robots\" content=\"index, follow, max-snippet:-1, max-image-preview:large, max-video-preview:-1\" \/>\n<link rel=\"canonical\" href=\"https:\/\/akunq.net\/tr\/?p=59512\" \/>\n<meta property=\"og:locale\" content=\"en_US\" \/>\n<meta property=\"og:type\" content=\"article\" \/>\n<meta property=\"og:title\" content=\"New York Post: Soyk\u0131r\u0131m\u0131 inkar eden Ankara \u015fimdi yine say\u0131s\u0131z insanlar\u0131 katletmek i\u00e7in kollar\u0131n\u0131 s\u0131vad\u0131 - Bati Ermenistan Ve Bati Ermenileri Sorunlari Ara\u015ftirmalar Merkezi\" \/>\n<meta property=\"og:description\" content=\"ABD merkezli New York Post gazetesi Da\u011fl\u0131k Karaba\u011f (Artsakh) \u00e7at\u0131\u015fmas\u0131na T\u00fcrkiye\u2019nin ve \u00f6zellikle Cumhurba\u015fkan\u0131 Recep Tayyip Erdo\u011fan\u2019\u0131n m\u00fcdahale etmesiyle ilgili bir yaz\u0131 yay\u0131nlad\u0131. Gazeteye g\u00f6re T\u00fcrkiye\u2019nin bu m\u00fcdahalesi Ermeni Soyk\u0131r\u0131m\u0131&#8217;n\u0131n 100 y\u0131l sonraki g\u00fc\u00e7l\u00fc yank\u0131s\u0131d\u0131r. New York Post 27 Eyl\u00fcl tarihinde Azerbaycan\u2019\u0131n sald\u0131r\u0131ya ge\u00e7ti\u011fini, fakat sald\u0131rmak i\u00e7in Ermenistan\u2019\u0131 su\u00e7lad\u0131\u011f\u0131n\u0131 ifade etti. Makalede, \u201cAzerbaycanl\u0131lar a\u00e7\u0131k sald\u0131rganlard\u0131r [&hellip;]\" \/>\n<meta property=\"og:url\" content=\"https:\/\/akunq.net\/tr\/?p=59512\" \/>\n<meta property=\"og:site_name\" content=\"Bati Ermenistan Ve Bati Ermenileri Sorunlari Ara\u015ftirmalar Merkezi\" \/>\n<meta property=\"article:published_time\" content=\"2020-10-13T06:44:26+00:00\" \/>\n<meta property=\"og:image\" content=\"https:\/\/akunq.net\/tr\/wp-content\/uploads\/sites\/6\/2020\/10\/Erdogan.jpg\" \/>\n\t<meta property=\"og:image:width\" content=\"594\" \/>\n\t<meta property=\"og:image:height\" content=\"500\" \/>\n\t<meta property=\"og:image:type\" content=\"image\/jpeg\" \/>\n<meta name=\"author\" content=\"admin\" \/>\n<meta name=\"twitter:card\" content=\"summary_large_image\" \/>\n<meta name=\"twitter:label1\" content=\"Written by\" \/>\n\t<meta name=\"twitter:data1\" content=\"admin\" \/>\n\t<meta name=\"twitter:label2\" content=\"Est. reading time\" \/>\n\t<meta name=\"twitter:data2\" content=\"1 minute\" \/>\n<script type=\"application\/ld+json\" class=\"yoast-schema-graph\">{\"@context\":\"https:\\\/\\\/schema.org\",\"@graph\":[{\"@type\":\"Article\",\"@id\":\"https:\\\/\\\/akunq.net\\\/tr\\\/?p=59512#article\",\"isPartOf\":{\"@id\":\"https:\\\/\\\/akunq.net\\\/tr\\\/?p=59512\"},\"author\":{\"name\":\"admin\",\"@id\":\"https:\\\/\\\/akunq.net\\\/tr\\\/#\\\/schema\\\/person\\\/096f1d38a12cce57fb855b485ed24c9e\"},\"headline\":\"New York Post: Soyk\u0131r\u0131m\u0131 inkar eden Ankara \u015fimdi yine say\u0131s\u0131z insanlar\u0131 katletmek i\u00e7in kollar\u0131n\u0131 s\u0131vad\u0131\",\"datePublished\":\"2020-10-13T06:44:26+00:00\",\"mainEntityOfPage\":{\"@id\":\"https:\\\/\\\/akunq.net\\\/tr\\\/?p=59512\"},\"wordCount\":266,\"commentCount\":0,\"image\":{\"@id\":\"https:\\\/\\\/akunq.net\\\/tr\\\/?p=59512#primaryimage\"},\"thumbnailUrl\":\"https:\\\/\\\/akunq.net\\\/tr\\\/wp-content\\\/uploads\\\/sites\\\/6\\\/2020\\\/10\\\/Erdogan.jpg\",\"articleSection\":[\"Ermeni Soyk\u0131r\u0131m\u0131\",\"Haberler\"],\"inLanguage\":\"en-US\",\"potentialAction\":[{\"@type\":\"CommentAction\",\"name\":\"Comment\",\"target\":[\"https:\\\/\\\/akunq.net\\\/tr\\\/?p=59512#respond\"]}]},{\"@type\":\"WebPage\",\"@id\":\"https:\\\/\\\/akunq.net\\\/tr\\\/?p=59512\",\"url\":\"https:\\\/\\\/akunq.net\\\/tr\\\/?p=59512\",\"name\":\"New York Post: Soyk\u0131r\u0131m\u0131 inkar eden Ankara \u015fimdi yine say\u0131s\u0131z insanlar\u0131 katletmek i\u00e7in kollar\u0131n\u0131 s\u0131vad\u0131 - Bati Ermenistan Ve Bati Ermenileri Sorunlari Ara\u015ftirmalar Merkezi\",\"isPartOf\":{\"@id\":\"https:\\\/\\\/akunq.net\\\/tr\\\/#website\"},\"primaryImageOfPage\":{\"@id\":\"https:\\\/\\\/akunq.net\\\/tr\\\/?p=59512#primaryimage\"},\"image\":{\"@id\":\"https:\\\/\\\/akunq.net\\\/tr\\\/?p=59512#primaryimage\"},\"thumbnailUrl\":\"https:\\\/\\\/akunq.net\\\/tr\\\/wp-content\\\/uploads\\\/sites\\\/6\\\/2020\\\/10\\\/Erdogan.jpg\",\"datePublished\":\"2020-10-13T06:44:26+00:00\",\"author\":{\"@id\":\"https:\\\/\\\/akunq.net\\\/tr\\\/#\\\/schema\\\/person\\\/096f1d38a12cce57fb855b485ed24c9e\"},\"breadcrumb\":{\"@id\":\"https:\\\/\\\/akunq.net\\\/tr\\\/?p=59512#breadcrumb\"},\"inLanguage\":\"en-US\",\"potentialAction\":[{\"@type\":\"ReadAction\",\"target\":[\"https:\\\/\\\/akunq.net\\\/tr\\\/?p=59512\"]}]},{\"@type\":\"ImageObject\",\"inLanguage\":\"en-US\",\"@id\":\"https:\\\/\\\/akunq.net\\\/tr\\\/?p=59512#primaryimage\",\"url\":\"https:\\\/\\\/akunq.net\\\/tr\\\/wp-content\\\/uploads\\\/sites\\\/6\\\/2020\\\/10\\\/Erdogan.jpg\",\"contentUrl\":\"https:\\\/\\\/akunq.net\\\/tr\\\/wp-content\\\/uploads\\\/sites\\\/6\\\/2020\\\/10\\\/Erdogan.jpg\",\"width\":594,\"height\":500},{\"@type\":\"BreadcrumbList\",\"@id\":\"https:\\\/\\\/akunq.net\\\/tr\\\/?p=59512#breadcrumb\",\"itemListElement\":[{\"@type\":\"ListItem\",\"position\":1,\"name\":\"Home\",\"item\":\"https:\\\/\\\/akunq.net\\\/tr\"},{\"@type\":\"ListItem\",\"position\":2,\"name\":\"New York Post: Soyk\u0131r\u0131m\u0131 inkar eden Ankara \u015fimdi yine say\u0131s\u0131z insanlar\u0131 katletmek i\u00e7in kollar\u0131n\u0131 s\u0131vad\u0131\"}]},{\"@type\":\"WebSite\",\"@id\":\"https:\\\/\\\/akunq.net\\\/tr\\\/#website\",\"url\":\"https:\\\/\\\/akunq.net\\\/tr\\\/\",\"name\":\"Bati Ermenistan Ve Bati Ermenileri Sorunlari Ara\u015ftirmalar Merkezi\",\"description\":\"\",\"potentialAction\":[{\"@type\":\"SearchAction\",\"target\":{\"@type\":\"EntryPoint\",\"urlTemplate\":\"https:\\\/\\\/akunq.net\\\/tr\\\/?s={search_term_string}\"},\"query-input\":{\"@type\":\"PropertyValueSpecification\",\"valueRequired\":true,\"valueName\":\"search_term_string\"}}],\"inLanguage\":\"en-US\"},{\"@type\":\"Person\",\"@id\":\"https:\\\/\\\/akunq.net\\\/tr\\\/#\\\/schema\\\/person\\\/096f1d38a12cce57fb855b485ed24c9e\",\"name\":\"admin\",\"url\":\"https:\\\/\\\/akunq.net\\\/tr\\\/?author=7\"}]}<\/script>\n<!-- \/ Yoast SEO plugin. -->","yoast_head_json":{"title":"New York Post: Soyk\u0131r\u0131m\u0131 inkar eden Ankara \u015fimdi yine say\u0131s\u0131z insanlar\u0131 katletmek i\u00e7in kollar\u0131n\u0131 s\u0131vad\u0131 - Bati Ermenistan Ve Bati Ermenileri Sorunlari Ara\u015ftirmalar Merkezi","robots":{"index":"index","follow":"follow","max-snippet":"max-snippet:-1","max-image-preview":"max-image-preview:large","max-video-preview":"max-video-preview:-1"},"canonical":"https:\/\/akunq.net\/tr\/?p=59512","og_locale":"en_US","og_type":"article","og_title":"New York Post: Soyk\u0131r\u0131m\u0131 inkar eden Ankara \u015fimdi yine say\u0131s\u0131z insanlar\u0131 katletmek i\u00e7in kollar\u0131n\u0131 s\u0131vad\u0131 - Bati Ermenistan Ve Bati Ermenileri Sorunlari Ara\u015ftirmalar Merkezi","og_description":"ABD merkezli New York Post gazetesi Da\u011fl\u0131k Karaba\u011f (Artsakh) \u00e7at\u0131\u015fmas\u0131na T\u00fcrkiye\u2019nin ve \u00f6zellikle Cumhurba\u015fkan\u0131 Recep Tayyip Erdo\u011fan\u2019\u0131n m\u00fcdahale etmesiyle ilgili bir yaz\u0131 yay\u0131nlad\u0131. Gazeteye g\u00f6re T\u00fcrkiye\u2019nin bu m\u00fcdahalesi Ermeni Soyk\u0131r\u0131m\u0131&#8217;n\u0131n 100 y\u0131l sonraki g\u00fc\u00e7l\u00fc yank\u0131s\u0131d\u0131r. New York Post 27 Eyl\u00fcl tarihinde Azerbaycan\u2019\u0131n sald\u0131r\u0131ya ge\u00e7ti\u011fini, fakat sald\u0131rmak i\u00e7in Ermenistan\u2019\u0131 su\u00e7lad\u0131\u011f\u0131n\u0131 ifade etti. Makalede, \u201cAzerbaycanl\u0131lar a\u00e7\u0131k sald\u0131rganlard\u0131r [&hellip;]","og_url":"https:\/\/akunq.net\/tr\/?p=59512","og_site_name":"Bati Ermenistan Ve Bati Ermenileri Sorunlari Ara\u015ftirmalar Merkezi","article_published_time":"2020-10-13T06:44:26+00:00","og_image":[{"width":594,"height":500,"url":"https:\/\/akunq.net\/tr\/wp-content\/uploads\/sites\/6\/2020\/10\/Erdogan.jpg","type":"image\/jpeg"}],"author":"admin","twitter_card":"summary_large_image","twitter_misc":{"Written by":"admin","Est. reading time":"1 minute"},"schema":{"@context":"https:\/\/schema.org","@graph":[{"@type":"Article","@id":"https:\/\/akunq.net\/tr\/?p=59512#article","isPartOf":{"@id":"https:\/\/akunq.net\/tr\/?p=59512"},"author":{"name":"admin","@id":"https:\/\/akunq.net\/tr\/#\/schema\/person\/096f1d38a12cce57fb855b485ed24c9e"},"headline":"New York Post: Soyk\u0131r\u0131m\u0131 inkar eden Ankara \u015fimdi yine say\u0131s\u0131z insanlar\u0131 katletmek i\u00e7in kollar\u0131n\u0131 s\u0131vad\u0131","datePublished":"2020-10-13T06:44:26+00:00","mainEntityOfPage":{"@id":"https:\/\/akunq.net\/tr\/?p=59512"},"wordCount":266,"commentCount":0,"image":{"@id":"https:\/\/akunq.net\/tr\/?p=59512#primaryimage"},"thumbnailUrl":"https:\/\/akunq.net\/tr\/wp-content\/uploads\/sites\/6\/2020\/10\/Erdogan.jpg","articleSection":["Ermeni Soyk\u0131r\u0131m\u0131","Haberler"],"inLanguage":"en-US","potentialAction":[{"@type":"CommentAction","name":"Comment","target":["https:\/\/akunq.net\/tr\/?p=59512#respond"]}]},{"@type":"WebPage","@id":"https:\/\/akunq.net\/tr\/?p=59512","url":"https:\/\/akunq.net\/tr\/?p=59512","name":"New York Post: Soyk\u0131r\u0131m\u0131 inkar eden Ankara \u015fimdi yine say\u0131s\u0131z insanlar\u0131 katletmek i\u00e7in kollar\u0131n\u0131 s\u0131vad\u0131 - Bati Ermenistan Ve Bati Ermenileri Sorunlari Ara\u015ftirmalar Merkezi","isPartOf":{"@id":"https:\/\/akunq.net\/tr\/#website"},"primaryImageOfPage":{"@id":"https:\/\/akunq.net\/tr\/?p=59512#primaryimage"},"image":{"@id":"https:\/\/akunq.net\/tr\/?p=59512#primaryimage"},"thumbnailUrl":"https:\/\/akunq.net\/tr\/wp-content\/uploads\/sites\/6\/2020\/10\/Erdogan.jpg","datePublished":"2020-10-13T06:44:26+00:00","author":{"@id":"https:\/\/akunq.net\/tr\/#\/schema\/person\/096f1d38a12cce57fb855b485ed24c9e"},"breadcrumb":{"@id":"https:\/\/akunq.net\/tr\/?p=59512#breadcrumb"},"inLanguage":"en-US","potentialAction":[{"@type":"ReadAction","target":["https:\/\/akunq.net\/tr\/?p=59512"]}]},{"@type":"ImageObject","inLanguage":"en-US","@id":"https:\/\/akunq.net\/tr\/?p=59512#primaryimage","url":"https:\/\/akunq.net\/tr\/wp-content\/uploads\/sites\/6\/2020\/10\/Erdogan.jpg","contentUrl":"https:\/\/akunq.net\/tr\/wp-content\/uploads\/sites\/6\/2020\/10\/Erdogan.jpg","width":594,"height":500},{"@type":"BreadcrumbList","@id":"https:\/\/akunq.net\/tr\/?p=59512#breadcrumb","itemListElement":[{"@type":"ListItem","position":1,"name":"Home","item":"https:\/\/akunq.net\/tr"},{"@type":"ListItem","position":2,"name":"New York Post: Soyk\u0131r\u0131m\u0131 inkar eden Ankara \u015fimdi yine say\u0131s\u0131z insanlar\u0131 katletmek i\u00e7in kollar\u0131n\u0131 s\u0131vad\u0131"}]},{"@type":"WebSite","@id":"https:\/\/akunq.net\/tr\/#website","url":"https:\/\/akunq.net\/tr\/","name":"Bati Ermenistan Ve Bati Ermenileri Sorunlari Ara\u015ftirmalar Merkezi","description":"","potentialAction":[{"@type":"SearchAction","target":{"@type":"EntryPoint","urlTemplate":"https:\/\/akunq.net\/tr\/?s={search_term_string}"},"query-input":{"@type":"PropertyValueSpecification","valueRequired":true,"valueName":"search_term_string"}}],"inLanguage":"en-US"},{"@type":"Person","@id":"https:\/\/akunq.net\/tr\/#\/schema\/person\/096f1d38a12cce57fb855b485ed24c9e","name":"admin","url":"https:\/\/akunq.net\/tr\/?author=7"}]}},"_links":{"self":[{"href":"https:\/\/akunq.net\/tr\/index.php?rest_route=\/wp\/v2\/posts\/59512","targetHints":{"allow":["GET"]}}],"collection":[{"href":"https:\/\/akunq.net\/tr\/index.php?rest_route=\/wp\/v2\/posts"}],"about":[{"href":"https:\/\/akunq.net\/tr\/index.php?rest_route=\/wp\/v2\/types\/post"}],"author":[{"embeddable":true,"href":"https:\/\/akunq.net\/tr\/index.php?rest_route=\/wp\/v2\/users\/7"}],"replies":[{"embeddable":true,"href":"https:\/\/akunq.net\/tr\/index.php?rest_route=%2Fwp%2Fv2%2Fcomments&post=59512"}],"version-history":[{"count":1,"href":"https:\/\/akunq.net\/tr\/index.php?rest_route=\/wp\/v2\/posts\/59512\/revisions"}],"predecessor-version":[{"id":59514,"href":"https:\/\/akunq.net\/tr\/index.php?rest_route=\/wp\/v2\/posts\/59512\/revisions\/59514"}],"wp:featuredmedia":[{"embeddable":true,"href":"https:\/\/akunq.net\/tr\/index.php?rest_route=\/wp\/v2\/media\/59513"}],"wp:attachment":[{"href":"https:\/\/akunq.net\/tr\/index.php?rest_route=%2Fwp%2Fv2%2Fmedia&parent=59512"}],"wp:term":[{"taxonomy":"category","embeddable":true,"href":"https:\/\/akunq.net\/tr\/index.php?rest_route=%2Fwp%2Fv2%2Fcategories&post=59512"},{"taxonomy":"post_tag","embeddable":true,"href":"https:\/\/akunq.net\/tr\/index.php?rest_route=%2Fwp%2Fv2%2Ftags&post=59512"}],"curies":[{"name":"wp","href":"https:\/\/api.w.org\/{rel}","templated":true}]}}