{"id":59495,"date":"2020-10-12T02:09:42","date_gmt":"2020-10-12T07:09:42","guid":{"rendered":"https:\/\/akunq.net\/tr\/?p=59495"},"modified":"2020-10-12T02:09:42","modified_gmt":"2020-10-12T07:09:42","slug":"garoya-ve-bircana-tanigiz-kefiliz","status":"publish","type":"post","link":"https:\/\/akunq.net\/tr\/?p=59495","title":{"rendered":"Garo\u2019ya ve Bircan\u2019a tan\u0131\u011f\u0131z, kefiliz"},"content":{"rendered":"<div><img loading=\"lazy\" decoding=\"async\" class=\"alignleft size-medium wp-image-59496\" src=\"https:\/\/akunq.net\/tr\/wp-content\/uploads\/2020\/10\/Garo-ve-Bircan-360x239.jpg\" alt=\"\" width=\"360\" height=\"239\" srcset=\"https:\/\/akunq.net\/tr\/wp-content\/uploads\/sites\/6\/2020\/10\/Garo-ve-Bircan-360x239.jpg 360w, https:\/\/akunq.net\/tr\/wp-content\/uploads\/sites\/6\/2020\/10\/Garo-ve-Bircan-560x373.jpg 560w, https:\/\/akunq.net\/tr\/wp-content\/uploads\/sites\/6\/2020\/10\/Garo-ve-Bircan-260x173.jpg 260w, https:\/\/akunq.net\/tr\/wp-content\/uploads\/sites\/6\/2020\/10\/Garo-ve-Bircan-160x106.jpg 160w, https:\/\/akunq.net\/tr\/wp-content\/uploads\/sites\/6\/2020\/10\/Garo-ve-Bircan.jpg 702w\" sizes=\"auto, (max-width: 360px) 100vw, 360px\" \/><\/div>\n<div class=\"post-meta\"><strong><span class=\"posted-by\"><span class=\"reviewer\"><a title=\"\u00c7i\u011fdem Mater\" href=\"http:\/\/www.agos.com.tr\/tr\/yazar\/369\/cigdem-mater\" rel=\"author\">\u00c7i\u011fdem Mater<\/a><\/span>\u00a0<\/span><\/strong><\/div>\n<div><\/div>\n<div class=\"post-meta\"><em><span style=\"color: #333333; font-family: 'Cantata One', serif; letter-spacing: 0.05em;\">HDP milletvekili Garo Paylan ge\u00e7ti\u011fimiz hafta hedef g\u00f6sterildi, hemen ard\u0131ndan kendisi i\u00e7in bir dayan\u0131\u015fma kampanyas\u0131 d\u00fczenlendi. Bircan Yorulmaz ise HDP&#8217;li siyaset\u00e7ilere y\u00f6nelik, 2014&#8217;teki Kobane Olaylar\u0131 gerek\u00e7e g\u00f6sterilerek yap\u0131lan operasyonda \u00f6nce g\u00f6zalt\u0131na al\u0131nd\u0131, daha sonra 17 HDP&#8217;li eski ve yeni siyaset\u00e7i ile birlikte tutukland\u0131. Hrant&#8217;\u0131n Arkada\u015flar\u0131&#8217;ndan \u00c7i\u011fdem Mater, Garo ve Bircan&#8217;\u0131 yazd\u0131.<\/span><\/em><\/div>\n<div class=\"post-container cf\">\n<div class=\"post-content-right\">\n<div class=\"post-content description \">\n<p>Tuhaf bir \u00fclkede, tuhaf zamanlarda ya\u015f\u0131yoruz. Size anlatmama gerek yok, hepimiz ayn\u0131 sarmal\u0131n i\u00e7indeyiz zaten, kendimize dolan\u0131p, d\u00fc\u011f\u00fcm olup, sonra o d\u00fc\u011f\u00fcmleri \u00e7\u00f6zmeye \u00e7al\u0131\u015f\u0131yoruz. Hayatta birlikte y\u00fcr\u00fcmeyi tercih etti\u011fimiz, kendi se\u00e7ti\u011fimiz ailelerin \u00fcyeleri o d\u00fc\u011f\u00fcmleri a\u00e7mam\u0131za yard\u0131m etmeye \u00e7al\u0131\u015f\u0131yor, bazen a\u00e7abiliyoruz d\u00fc\u011f\u00fcmleri, bazen daha da fazla d\u00fc\u011f\u00fcm oluyoruz hep birlikte\u2026<\/p>\n<p>D\u00fc\u011f\u00fcmleri \u00e7\u00f6zmek i\u00e7in o se\u00e7ti\u011fimiz ailelerle ge\u00e7mi\u015fimize bak\u0131yoruz \u00e7o\u011fu zaman. Ben en az\u0131ndan hem haf\u0131zam\u0131 tazelemek hem de o g\u00fczel, k\u00f6t\u00fc, sevin\u00e7li, mutsuz, ne\u015feli ve kederli g\u00fcnlere geri d\u00f6nmek i\u00e7in yap\u0131yorum bunu, bir de \u00e7ok sa\u00e7ma gelecek ama -ya da gelmeyecek, \u00e7\u00fcnk\u00fc ayn\u0131 yerde ya\u015f\u0131yoruz, Bircan ya da Garo yaln\u0131z de\u011fildir diyece\u011fimiz zaman, edece\u011fim iki kelimenin yan\u0131na g\u00fczel g\u00fclen bir foto\u011fraflar\u0131n\u0131 koyabilmek i\u00e7in\u2026<\/p>\n<p>Ge\u00e7en hafta, g\u00f6z g\u00f6re g\u00f6re Hrant Dink\u2019i kaybetti\u011fimiz 19 Ocak 2007\u2019den beri bir zorlu yolu, bir sarmal\u0131 birlikte y\u00fcr\u00fcd\u00fc\u011f\u00fcm\u00fcz, d\u00fc\u011f\u00fcmlerimizi birlikte a\u00e7maya \u00e7al\u0131\u015ft\u0131\u011f\u0131m\u0131z iki arkada\u015f\u0131m\u0131z\u0131n foto\u011fraflar\u0131 sard\u0131 her yeri, iki farkl\u0131 sebeple\u2026 Bircan Yorulmaz ve Garo Paylan\u2026<\/p>\n<p>Bir haftad\u0131r Sincan\u2019da olan Bircan\u2019\u0131n akl\u0131 \u015fu anda Garo\u2019da mesela, ben biliyorum, eminim, okudu gazetelerde olan biteni ve endi\u015feli. Ad\u0131na gazete denmi\u015f, kendisi pespaye bir bas\u0131l\u0131 k\u00e2\u011f\u0131t olan yerlerde ad\u0131yla, san\u0131yla a\u00e7\u0131k\u00e7a hedef g\u00f6sterilen Garo kendinden \u00e7ok Bircan\u2019\u0131 d\u00fc\u015f\u00fcn\u00fcyor g\u00fcnlerdir. Biliyorum.<\/p>\n<p>Belki bu k\u00fc\u00e7\u00fck hat\u0131rat yan\u0131m\u0131zda de\u011fil, kar\u015f\u0131m\u0131zda durup, her \u015feyin alt\u0131nda bir bit yeni\u011fi arayanlara da yan\u0131t olur, nedendir bilinmez, her f\u0131rsatta parmaklar\u0131n\u0131 sallaya sallaya \u2018Hrant\u2019\u0131n Arkada\u015flar\u0131\u2019 diye azarlamaya kalk\u0131p, bir sinek v\u0131z\u0131lt\u0131s\u0131 olarak kalanlara cevap say\u0131l\u0131r, biz kimiz, neyiz, neredeyiz ve ne yap\u0131yoruz\u2026<\/p>\n<p>Asl\u0131nda bu sorunun yan\u0131t\u0131 19 Ocak 2007\u2019den beri Hrant Dink cinayetini ve dava s\u00fcrecini takip eden kalabal\u0131klar i\u00e7in a\u00e7\u0131k ve net. Biz bir grup insan, baz\u0131lar\u0131m\u0131z Hrant Dink\u2019i hi\u00e7 tan\u0131mam\u0131\u015f, baz\u0131lar\u0131 omuz omuza \u00e7al\u0131\u015fm\u0131\u015f, o kara Cuma\u2019dan sonra bir araya geldik hem ac\u0131m\u0131z\u0131 payla\u015fmak hem de uzun oldu\u011fu daha o zamandan belli bu yolda arkada\u015fl\u0131\u011f\u0131m\u0131zla Hrant Dink\u2019i unutturmamak i\u00e7in. Baz\u0131lar\u0131m\u0131z ilk kez o zaman tan\u0131\u015ft\u0131k, baz\u0131lar\u0131m\u0131z zaten tan\u0131\u015ft\u0131k\u2026 13 y\u0131l \u00f6nceden s\u00f6z ediyorum\u2026<\/p>\n<p><strong>Garo\u00a0<\/strong><br \/>\nYakla\u015f\u0131k bir haftad\u0131r a\u015fa\u011f\u0131l\u0131k bir \u0131rk\u00e7\u0131 sald\u0131r\u0131 alt\u0131nda olan Garo\u2019ya bak\u0131yorum, eski foto\u011fraflar\u0131m\u0131za\u2026 Onunla ilk nerede tan\u0131\u015ft\u0131m, ilk nerede elini s\u0131kt\u0131m, ilk nerede arkada\u015f oldu\u011fumuzu, fark ettim ki, hat\u0131rlam\u0131yorum, san\u0131r\u0131m arkada\u015fl\u0131\u011f\u0131n k\u0131ymeti biraz da burada. Hep oradaym\u0131\u015f gibi gelmesinde. Ama cinayetten sonra oldu\u011funu biliyorum. Onu ilk g\u00f6rd\u00fc\u011f\u00fcm an m\u0131h gibi akl\u0131mda. Bar\u0131\u015f i\u00e7in can\u0131n\u0131 veren Hrant Dink son kez \u015fehri \u0130stanbul\u2019un sokaklar\u0131nda, gazetesi Agos\u2019tan Kumkap\u0131\u2019daki Meryem Ana Kilisesi\u2019ne do\u011fru ilerlerken, o cenaze arabas\u0131n\u0131n etraf\u0131na, ac\u0131lar\u0131 \u00fczerlerindeki siyah tak\u0131m elbiselerden y\u00fczlerine yans\u0131m\u0131\u015f, el ele tutu\u015fmu\u015f zincir olmu\u015f bir grup Ermeni gencinin aras\u0131nda, uzun boyuyla ve s\u00fck\u00fbnetiyle akl\u0131mda. S\u00fck\u00fbnet ve uzun boyu baki, sa\u00e7lar\u0131 biraz k\u0131rla\u015ft\u0131, aradan ge\u00e7en 13 y\u0131lda bizler Garo\u2019yu b\u00fcy\u00fck bir gurur ve onurla, oylar\u0131m\u0131zla meclise g\u00f6nderdik. Bir g\u00fcn bile bizi hayal k\u0131r\u0131kl\u0131\u011f\u0131na u\u011fratmad\u0131. Ne vekilli\u011fiyle ne de arkada\u015fl\u0131\u011f\u0131yla&#8230; Son birka\u00e7 g\u00fcnd\u00fcr hedefte. Niye oldu\u011funu bilecek kadar uzun zamand\u0131r bu \u00fclkede ya\u015f\u0131yoruz. Kirli ellerinizi arkada\u015f\u0131m\u0131zdan \u00e7ekin demekten yorulduk.<\/p>\n<p>Foto\u011fraflar\u0131n i\u00e7inde kaybolmu\u015fken, ki \u00e7ok foto\u011fraf\u0131m\u0131z var, dikkat ediyorum da b\u00fcy\u00fck bir toplumsal ac\u0131n\u0131n \u00fczerinden in\u015fa etti\u011fimiz ailemizin 13 y\u0131ll\u0131k hat\u0131rat\u0131n\u0131n \u00e7o\u011funlu\u011fu kahkahal\u0131, kocaman g\u00fcl\u00fcmsemeli, \u0130talyan aileleri gibi b\u00fcy\u00fck ve \u015famatal\u0131 yemek masalar\u0131ndan. Kahkahan\u0131n \u015fahane bir direni\u015f y\u00f6ntemi oldu\u011funu biliyoruz biz, bizi alabilece\u011finizi ama o g\u00fcl\u00fcmsemeleri y\u00fcz\u00fcm\u00fczden alamayaca\u011f\u0131n\u0131z biliyoruz.<\/p>\n<p><strong>Bircan<\/strong><br \/>\nO kalabal\u0131k \u0130talyan ailesi masalar\u0131n\u0131n demirba\u015flar\u0131ndan biri Bircan Yorulmaz. Bizim biricik Bircan\u2019\u0131m\u0131z. \u0130lk ne zaman g\u00f6rd\u00fc\u011f\u00fcm\u00fc an\u0131msamad\u0131\u011f\u0131m, 2007\u2019den beri, iyi k\u00f6t\u00fc her g\u00fcn\u00fcm\u00fcz\u00fc birlikte ge\u00e7irdi\u011fimiz, birlikte \u00fcz\u00fcl\u00fcp, birlikte sevindi\u011fimiz, kahkaham\u0131z\u0131, sek rak\u0131m\u0131z\u0131, \u00f6fkemizi ve ne\u015femizi payla\u015ft\u0131\u011f\u0131m\u0131z, so\u011fukkanl\u0131l\u0131\u011f\u0131yla hepimizi sakin tutan ve o so\u011fukkanl\u0131l\u0131\u011f\u0131n arkas\u0131ndaki m\u00fcthi\u015f mizah duygusuyla hepimizi yerlere serecek kadar komik olabilen, can\u0131m arkada\u015f\u0131m\u0131z. Hayatta g\u00f6rd\u00fc\u011f\u00fcm en d\u00fczenli, en programl\u0131 insanlardan biri. Garo\u2019nun \u0131rk\u00e7\u0131 sald\u0131r\u0131lara hedef olmas\u0131ndan birka\u00e7 g\u00fcn \u00f6nce bir sabah, tabii ki \u00e7ok erken bir saatte, evinden g\u00f6zalt\u0131na al\u0131nd\u0131\u011f\u0131n\u0131 \u00f6\u011frendi\u011fimiz o andan beri akl\u0131m\u0131zdan bir saniye \u00e7\u0131kmayan Bircan. 8 g\u00fcnl\u00fck g\u00f6zalt\u0131 s\u00fcrecinin ard\u0131ndan ipe sapa gelmez gerek\u00e7elerle, kan\u0131ts\u0131z, delilsiz tutuklanan, 6 g\u00fcnd\u00fcr Ankara\u2019da Sincan Cezaevi\u2019nde olan Bircan. Yol arkada\u015f\u0131m\u0131z. Birlikte b\u00fcy\u00fcd\u00fc\u011f\u00fcm\u00fcz arkada\u015f\u0131m\u0131z\u2026<\/p>\n<p>Dedim ya, foto\u011fraflar bizim i\u00e7in \u2018yaln\u0131z de\u011fildir\u2019 demenin bir yolu\u2026 Hrant\u2019\u0131n Arkada\u015flar\u0131 her ne zaman aram\u0131zdan birine bir \u015fey olsa, g\u00fclen bir g\u00fczel foto\u011fraf araman\u0131n pe\u015fine d\u00fc\u015fer. Do\u011fru zamanda do\u011fru yerde oldu\u011fu tecr\u00fcbeyle sabit bir grup insan oldu\u011fumuzdan, memleket ko\u015fullar\u0131 gere\u011fi \u015fimdiye kadar \u00e7ok\u00e7a \u2018yerleri yan\u0131m\u0131zd\u0131r, T\u00fcrkiye\u2019nin demokrasi m\u00fccadelesidir\u2019 demek durumunda kald\u0131k. \u00d6nce Ayd\u0131n Abi (Engin) i\u00e7in demi\u015ftik. Sonra \u00d6zlem i\u00e7in (Dalk\u0131ran), sevgili Osman Bey (Kavala) i\u00e7in dedik, arada benim i\u00e7in bile dendi, k\u0131sa g\u00f6zalt\u0131m nedeniyle, \u015fimdi Bircan i\u00e7in diyoruz, Garo i\u00e7in diyoruz\u2026<\/p>\n<p>Biz, Hrant\u2019\u0131n Arkada\u015flar\u0131 naml\u0131 bu geni\u015f aile, adlar\u0131n\u0131 bildi\u011finiz ve bilmedi\u011finiz y\u00fczlerce insan, Garo\u2019ya ve Bircan\u2019a tan\u0131\u011f\u0131z, kefiliz. Hayatlar\u0131 boyunca do\u011frunun ve adilin yan\u0131nda durmu\u015f, a\u011f\u0131zlar\u0131ndan bar\u0131\u015ftan ba\u015fka laf \u00e7\u0131kmam\u0131\u015f, sadece bar\u0131\u015f i\u00e7in \u00e7aba sarf etmi\u015f ve risk alm\u0131\u015f, arkada\u015f\u0131m demekten gurur duydu\u011fum, gurur duydu\u011fumuz bu iki \u015fahane insan\u0131n aya\u011f\u0131na ta\u015f de\u011fdirmeyiz.<\/p>\n<p>Bircan ve Garo vesile olsun, bir kez daha s\u00f6yleyelim, korkmuyoruz, kaybedeceksiniz, bar\u0131\u015f kazanacak\u2026<\/p>\n<p><em><strong>http:\/\/www.agos.com.tr\/tr\/yazi\/24678\/garoya-ve-bircana-tanigiz-kefiliz\u00a0<\/strong><\/em><\/p>\n<\/div>\n<\/div>\n<\/div>\n","protected":false},"excerpt":{"rendered":"<p>\u00c7i\u011fdem Mater\u00a0 HDP milletvekili Garo Paylan ge\u00e7ti\u011fimiz hafta hedef g\u00f6sterildi, hemen ard\u0131ndan kendisi i\u00e7in bir dayan\u0131\u015fma kampanyas\u0131 d\u00fczenlendi. Bircan Yorulmaz ise HDP&#8217;li siyaset\u00e7ilere y\u00f6nelik, 2014&#8217;teki Kobane Olaylar\u0131 gerek\u00e7e g\u00f6sterilerek yap\u0131lan operasyonda \u00f6nce g\u00f6zalt\u0131na al\u0131nd\u0131, daha sonra 17 HDP&#8217;li eski ve yeni siyaset\u00e7i ile birlikte tutukland\u0131. Hrant&#8217;\u0131n Arkada\u015flar\u0131&#8217;ndan \u00c7i\u011fdem Mater, Garo ve Bircan&#8217;\u0131 yazd\u0131. Tuhaf bir [&hellip;]<\/p>\n","protected":false},"author":7,"featured_media":59496,"comment_status":"open","ping_status":"open","sticky":false,"template":"","format":"standard","meta":{"footnotes":""},"categories":[1,70],"tags":[],"class_list":["post-59495","post","type-post","status-publish","format-standard","has-post-thumbnail","hentry","category-haberler","category-makaleler"],"yoast_head":"<!-- This site is optimized with the Yoast SEO plugin v27.4 - https:\/\/yoast.com\/product\/yoast-seo-wordpress\/ -->\n<title>Garo\u2019ya ve Bircan\u2019a tan\u0131\u011f\u0131z, kefiliz - Bati Ermenistan Ve Bati Ermenileri Sorunlari Ara\u015ftirmalar Merkezi<\/title>\n<meta name=\"robots\" content=\"index, follow, max-snippet:-1, max-image-preview:large, max-video-preview:-1\" \/>\n<link rel=\"canonical\" href=\"https:\/\/akunq.net\/tr\/?p=59495\" \/>\n<meta property=\"og:locale\" content=\"en_US\" \/>\n<meta property=\"og:type\" content=\"article\" \/>\n<meta property=\"og:title\" content=\"Garo\u2019ya ve Bircan\u2019a tan\u0131\u011f\u0131z, kefiliz - Bati Ermenistan Ve Bati Ermenileri Sorunlari Ara\u015ftirmalar Merkezi\" \/>\n<meta property=\"og:description\" content=\"\u00c7i\u011fdem Mater\u00a0 HDP milletvekili Garo Paylan ge\u00e7ti\u011fimiz hafta hedef g\u00f6sterildi, hemen ard\u0131ndan kendisi i\u00e7in bir dayan\u0131\u015fma kampanyas\u0131 d\u00fczenlendi. Bircan Yorulmaz ise HDP&#8217;li siyaset\u00e7ilere y\u00f6nelik, 2014&#8217;teki Kobane Olaylar\u0131 gerek\u00e7e g\u00f6sterilerek yap\u0131lan operasyonda \u00f6nce g\u00f6zalt\u0131na al\u0131nd\u0131, daha sonra 17 HDP&#8217;li eski ve yeni siyaset\u00e7i ile birlikte tutukland\u0131. Hrant&#8217;\u0131n Arkada\u015flar\u0131&#8217;ndan \u00c7i\u011fdem Mater, Garo ve Bircan&#8217;\u0131 yazd\u0131. Tuhaf bir [&hellip;]\" \/>\n<meta property=\"og:url\" content=\"https:\/\/akunq.net\/tr\/?p=59495\" \/>\n<meta property=\"og:site_name\" content=\"Bati Ermenistan Ve Bati Ermenileri Sorunlari Ara\u015ftirmalar Merkezi\" \/>\n<meta property=\"article:published_time\" content=\"2020-10-12T07:09:42+00:00\" \/>\n<meta property=\"og:image\" content=\"https:\/\/akunq.net\/tr\/wp-content\/uploads\/sites\/6\/2020\/10\/Garo-ve-Bircan.jpg\" \/>\n\t<meta property=\"og:image:width\" content=\"702\" \/>\n\t<meta property=\"og:image:height\" content=\"467\" \/>\n\t<meta property=\"og:image:type\" content=\"image\/jpeg\" \/>\n<meta name=\"author\" content=\"admin\" \/>\n<meta name=\"twitter:card\" content=\"summary_large_image\" \/>\n<meta name=\"twitter:label1\" content=\"Written by\" \/>\n\t<meta name=\"twitter:data1\" content=\"admin\" \/>\n\t<meta name=\"twitter:label2\" content=\"Est. reading time\" \/>\n\t<meta name=\"twitter:data2\" content=\"6 minutes\" \/>\n<script type=\"application\/ld+json\" class=\"yoast-schema-graph\">{\"@context\":\"https:\\\/\\\/schema.org\",\"@graph\":[{\"@type\":\"Article\",\"@id\":\"https:\\\/\\\/akunq.net\\\/tr\\\/?p=59495#article\",\"isPartOf\":{\"@id\":\"https:\\\/\\\/akunq.net\\\/tr\\\/?p=59495\"},\"author\":{\"name\":\"admin\",\"@id\":\"https:\\\/\\\/akunq.net\\\/tr\\\/#\\\/schema\\\/person\\\/096f1d38a12cce57fb855b485ed24c9e\"},\"headline\":\"Garo\u2019ya ve Bircan\u2019a tan\u0131\u011f\u0131z, kefiliz\",\"datePublished\":\"2020-10-12T07:09:42+00:00\",\"mainEntityOfPage\":{\"@id\":\"https:\\\/\\\/akunq.net\\\/tr\\\/?p=59495\"},\"wordCount\":1243,\"commentCount\":0,\"image\":{\"@id\":\"https:\\\/\\\/akunq.net\\\/tr\\\/?p=59495#primaryimage\"},\"thumbnailUrl\":\"https:\\\/\\\/akunq.net\\\/tr\\\/wp-content\\\/uploads\\\/sites\\\/6\\\/2020\\\/10\\\/Garo-ve-Bircan.jpg\",\"articleSection\":[\"Haberler\",\"Makaleler\"],\"inLanguage\":\"en-US\",\"potentialAction\":[{\"@type\":\"CommentAction\",\"name\":\"Comment\",\"target\":[\"https:\\\/\\\/akunq.net\\\/tr\\\/?p=59495#respond\"]}]},{\"@type\":\"WebPage\",\"@id\":\"https:\\\/\\\/akunq.net\\\/tr\\\/?p=59495\",\"url\":\"https:\\\/\\\/akunq.net\\\/tr\\\/?p=59495\",\"name\":\"Garo\u2019ya ve Bircan\u2019a tan\u0131\u011f\u0131z, kefiliz - Bati Ermenistan Ve Bati Ermenileri Sorunlari Ara\u015ftirmalar Merkezi\",\"isPartOf\":{\"@id\":\"https:\\\/\\\/akunq.net\\\/tr\\\/#website\"},\"primaryImageOfPage\":{\"@id\":\"https:\\\/\\\/akunq.net\\\/tr\\\/?p=59495#primaryimage\"},\"image\":{\"@id\":\"https:\\\/\\\/akunq.net\\\/tr\\\/?p=59495#primaryimage\"},\"thumbnailUrl\":\"https:\\\/\\\/akunq.net\\\/tr\\\/wp-content\\\/uploads\\\/sites\\\/6\\\/2020\\\/10\\\/Garo-ve-Bircan.jpg\",\"datePublished\":\"2020-10-12T07:09:42+00:00\",\"author\":{\"@id\":\"https:\\\/\\\/akunq.net\\\/tr\\\/#\\\/schema\\\/person\\\/096f1d38a12cce57fb855b485ed24c9e\"},\"breadcrumb\":{\"@id\":\"https:\\\/\\\/akunq.net\\\/tr\\\/?p=59495#breadcrumb\"},\"inLanguage\":\"en-US\",\"potentialAction\":[{\"@type\":\"ReadAction\",\"target\":[\"https:\\\/\\\/akunq.net\\\/tr\\\/?p=59495\"]}]},{\"@type\":\"ImageObject\",\"inLanguage\":\"en-US\",\"@id\":\"https:\\\/\\\/akunq.net\\\/tr\\\/?p=59495#primaryimage\",\"url\":\"https:\\\/\\\/akunq.net\\\/tr\\\/wp-content\\\/uploads\\\/sites\\\/6\\\/2020\\\/10\\\/Garo-ve-Bircan.jpg\",\"contentUrl\":\"https:\\\/\\\/akunq.net\\\/tr\\\/wp-content\\\/uploads\\\/sites\\\/6\\\/2020\\\/10\\\/Garo-ve-Bircan.jpg\",\"width\":702,\"height\":467},{\"@type\":\"BreadcrumbList\",\"@id\":\"https:\\\/\\\/akunq.net\\\/tr\\\/?p=59495#breadcrumb\",\"itemListElement\":[{\"@type\":\"ListItem\",\"position\":1,\"name\":\"Home\",\"item\":\"https:\\\/\\\/akunq.net\\\/tr\"},{\"@type\":\"ListItem\",\"position\":2,\"name\":\"Garo\u2019ya ve Bircan\u2019a tan\u0131\u011f\u0131z, kefiliz\"}]},{\"@type\":\"WebSite\",\"@id\":\"https:\\\/\\\/akunq.net\\\/tr\\\/#website\",\"url\":\"https:\\\/\\\/akunq.net\\\/tr\\\/\",\"name\":\"Bati Ermenistan Ve Bati Ermenileri Sorunlari Ara\u015ftirmalar Merkezi\",\"description\":\"\",\"potentialAction\":[{\"@type\":\"SearchAction\",\"target\":{\"@type\":\"EntryPoint\",\"urlTemplate\":\"https:\\\/\\\/akunq.net\\\/tr\\\/?s={search_term_string}\"},\"query-input\":{\"@type\":\"PropertyValueSpecification\",\"valueRequired\":true,\"valueName\":\"search_term_string\"}}],\"inLanguage\":\"en-US\"},{\"@type\":\"Person\",\"@id\":\"https:\\\/\\\/akunq.net\\\/tr\\\/#\\\/schema\\\/person\\\/096f1d38a12cce57fb855b485ed24c9e\",\"name\":\"admin\",\"url\":\"https:\\\/\\\/akunq.net\\\/tr\\\/?author=7\"}]}<\/script>\n<!-- \/ Yoast SEO plugin. -->","yoast_head_json":{"title":"Garo\u2019ya ve Bircan\u2019a tan\u0131\u011f\u0131z, kefiliz - Bati Ermenistan Ve Bati Ermenileri Sorunlari Ara\u015ftirmalar Merkezi","robots":{"index":"index","follow":"follow","max-snippet":"max-snippet:-1","max-image-preview":"max-image-preview:large","max-video-preview":"max-video-preview:-1"},"canonical":"https:\/\/akunq.net\/tr\/?p=59495","og_locale":"en_US","og_type":"article","og_title":"Garo\u2019ya ve Bircan\u2019a tan\u0131\u011f\u0131z, kefiliz - Bati Ermenistan Ve Bati Ermenileri Sorunlari Ara\u015ftirmalar Merkezi","og_description":"\u00c7i\u011fdem Mater\u00a0 HDP milletvekili Garo Paylan ge\u00e7ti\u011fimiz hafta hedef g\u00f6sterildi, hemen ard\u0131ndan kendisi i\u00e7in bir dayan\u0131\u015fma kampanyas\u0131 d\u00fczenlendi. Bircan Yorulmaz ise HDP&#8217;li siyaset\u00e7ilere y\u00f6nelik, 2014&#8217;teki Kobane Olaylar\u0131 gerek\u00e7e g\u00f6sterilerek yap\u0131lan operasyonda \u00f6nce g\u00f6zalt\u0131na al\u0131nd\u0131, daha sonra 17 HDP&#8217;li eski ve yeni siyaset\u00e7i ile birlikte tutukland\u0131. Hrant&#8217;\u0131n Arkada\u015flar\u0131&#8217;ndan \u00c7i\u011fdem Mater, Garo ve Bircan&#8217;\u0131 yazd\u0131. Tuhaf bir [&hellip;]","og_url":"https:\/\/akunq.net\/tr\/?p=59495","og_site_name":"Bati Ermenistan Ve Bati Ermenileri Sorunlari Ara\u015ftirmalar Merkezi","article_published_time":"2020-10-12T07:09:42+00:00","og_image":[{"width":702,"height":467,"url":"https:\/\/akunq.net\/tr\/wp-content\/uploads\/sites\/6\/2020\/10\/Garo-ve-Bircan.jpg","type":"image\/jpeg"}],"author":"admin","twitter_card":"summary_large_image","twitter_misc":{"Written by":"admin","Est. reading time":"6 minutes"},"schema":{"@context":"https:\/\/schema.org","@graph":[{"@type":"Article","@id":"https:\/\/akunq.net\/tr\/?p=59495#article","isPartOf":{"@id":"https:\/\/akunq.net\/tr\/?p=59495"},"author":{"name":"admin","@id":"https:\/\/akunq.net\/tr\/#\/schema\/person\/096f1d38a12cce57fb855b485ed24c9e"},"headline":"Garo\u2019ya ve Bircan\u2019a tan\u0131\u011f\u0131z, kefiliz","datePublished":"2020-10-12T07:09:42+00:00","mainEntityOfPage":{"@id":"https:\/\/akunq.net\/tr\/?p=59495"},"wordCount":1243,"commentCount":0,"image":{"@id":"https:\/\/akunq.net\/tr\/?p=59495#primaryimage"},"thumbnailUrl":"https:\/\/akunq.net\/tr\/wp-content\/uploads\/sites\/6\/2020\/10\/Garo-ve-Bircan.jpg","articleSection":["Haberler","Makaleler"],"inLanguage":"en-US","potentialAction":[{"@type":"CommentAction","name":"Comment","target":["https:\/\/akunq.net\/tr\/?p=59495#respond"]}]},{"@type":"WebPage","@id":"https:\/\/akunq.net\/tr\/?p=59495","url":"https:\/\/akunq.net\/tr\/?p=59495","name":"Garo\u2019ya ve Bircan\u2019a tan\u0131\u011f\u0131z, kefiliz - Bati Ermenistan Ve Bati Ermenileri Sorunlari Ara\u015ftirmalar Merkezi","isPartOf":{"@id":"https:\/\/akunq.net\/tr\/#website"},"primaryImageOfPage":{"@id":"https:\/\/akunq.net\/tr\/?p=59495#primaryimage"},"image":{"@id":"https:\/\/akunq.net\/tr\/?p=59495#primaryimage"},"thumbnailUrl":"https:\/\/akunq.net\/tr\/wp-content\/uploads\/sites\/6\/2020\/10\/Garo-ve-Bircan.jpg","datePublished":"2020-10-12T07:09:42+00:00","author":{"@id":"https:\/\/akunq.net\/tr\/#\/schema\/person\/096f1d38a12cce57fb855b485ed24c9e"},"breadcrumb":{"@id":"https:\/\/akunq.net\/tr\/?p=59495#breadcrumb"},"inLanguage":"en-US","potentialAction":[{"@type":"ReadAction","target":["https:\/\/akunq.net\/tr\/?p=59495"]}]},{"@type":"ImageObject","inLanguage":"en-US","@id":"https:\/\/akunq.net\/tr\/?p=59495#primaryimage","url":"https:\/\/akunq.net\/tr\/wp-content\/uploads\/sites\/6\/2020\/10\/Garo-ve-Bircan.jpg","contentUrl":"https:\/\/akunq.net\/tr\/wp-content\/uploads\/sites\/6\/2020\/10\/Garo-ve-Bircan.jpg","width":702,"height":467},{"@type":"BreadcrumbList","@id":"https:\/\/akunq.net\/tr\/?p=59495#breadcrumb","itemListElement":[{"@type":"ListItem","position":1,"name":"Home","item":"https:\/\/akunq.net\/tr"},{"@type":"ListItem","position":2,"name":"Garo\u2019ya ve Bircan\u2019a tan\u0131\u011f\u0131z, kefiliz"}]},{"@type":"WebSite","@id":"https:\/\/akunq.net\/tr\/#website","url":"https:\/\/akunq.net\/tr\/","name":"Bati Ermenistan Ve Bati Ermenileri Sorunlari Ara\u015ftirmalar Merkezi","description":"","potentialAction":[{"@type":"SearchAction","target":{"@type":"EntryPoint","urlTemplate":"https:\/\/akunq.net\/tr\/?s={search_term_string}"},"query-input":{"@type":"PropertyValueSpecification","valueRequired":true,"valueName":"search_term_string"}}],"inLanguage":"en-US"},{"@type":"Person","@id":"https:\/\/akunq.net\/tr\/#\/schema\/person\/096f1d38a12cce57fb855b485ed24c9e","name":"admin","url":"https:\/\/akunq.net\/tr\/?author=7"}]}},"_links":{"self":[{"href":"https:\/\/akunq.net\/tr\/index.php?rest_route=\/wp\/v2\/posts\/59495","targetHints":{"allow":["GET"]}}],"collection":[{"href":"https:\/\/akunq.net\/tr\/index.php?rest_route=\/wp\/v2\/posts"}],"about":[{"href":"https:\/\/akunq.net\/tr\/index.php?rest_route=\/wp\/v2\/types\/post"}],"author":[{"embeddable":true,"href":"https:\/\/akunq.net\/tr\/index.php?rest_route=\/wp\/v2\/users\/7"}],"replies":[{"embeddable":true,"href":"https:\/\/akunq.net\/tr\/index.php?rest_route=%2Fwp%2Fv2%2Fcomments&post=59495"}],"version-history":[{"count":1,"href":"https:\/\/akunq.net\/tr\/index.php?rest_route=\/wp\/v2\/posts\/59495\/revisions"}],"predecessor-version":[{"id":59497,"href":"https:\/\/akunq.net\/tr\/index.php?rest_route=\/wp\/v2\/posts\/59495\/revisions\/59497"}],"wp:featuredmedia":[{"embeddable":true,"href":"https:\/\/akunq.net\/tr\/index.php?rest_route=\/wp\/v2\/media\/59496"}],"wp:attachment":[{"href":"https:\/\/akunq.net\/tr\/index.php?rest_route=%2Fwp%2Fv2%2Fmedia&parent=59495"}],"wp:term":[{"taxonomy":"category","embeddable":true,"href":"https:\/\/akunq.net\/tr\/index.php?rest_route=%2Fwp%2Fv2%2Fcategories&post=59495"},{"taxonomy":"post_tag","embeddable":true,"href":"https:\/\/akunq.net\/tr\/index.php?rest_route=%2Fwp%2Fv2%2Ftags&post=59495"}],"curies":[{"name":"wp","href":"https:\/\/api.w.org\/{rel}","templated":true}]}}