{"id":59483,"date":"2020-10-12T01:11:02","date_gmt":"2020-10-12T06:11:02","guid":{"rendered":"https:\/\/akunq.net\/tr\/?p=59483"},"modified":"2020-10-12T01:11:02","modified_gmt":"2020-10-12T06:11:02","slug":"aliyev-ermenistan-ile-karabag-konulu-muzakerelere-hemen-baslamaya-hazir-oldugunu-duyurdu","status":"publish","type":"post","link":"https:\/\/akunq.net\/tr\/?p=59483","title":{"rendered":"Aliyev, Ermenistan ile Karaba\u011f konulu m\u00fczakerelere hemen ba\u015flamaya haz\u0131r oldu\u011funu duyurdu"},"content":{"rendered":"<p><img loading=\"lazy\" decoding=\"async\" class=\"alignleft size-medium wp-image-59484\" src=\"https:\/\/akunq.net\/tr\/wp-content\/uploads\/2020\/10\/Aliyev-360x231.jpg\" alt=\"\" width=\"360\" height=\"231\" srcset=\"https:\/\/akunq.net\/tr\/wp-content\/uploads\/sites\/6\/2020\/10\/Aliyev-360x231.jpg 360w, https:\/\/akunq.net\/tr\/wp-content\/uploads\/sites\/6\/2020\/10\/Aliyev-768x493.jpg 768w, https:\/\/akunq.net\/tr\/wp-content\/uploads\/sites\/6\/2020\/10\/Aliyev-560x360.jpg 560w, https:\/\/akunq.net\/tr\/wp-content\/uploads\/sites\/6\/2020\/10\/Aliyev-260x167.jpg 260w, https:\/\/akunq.net\/tr\/wp-content\/uploads\/sites\/6\/2020\/10\/Aliyev-160x103.jpg 160w, https:\/\/akunq.net\/tr\/wp-content\/uploads\/sites\/6\/2020\/10\/Aliyev.jpg 810w\" sizes=\"auto, (max-width: 360px) 100vw, 360px\" \/><\/p>\n<p><em><strong>Azerbaycan Cumhurba\u015fkan\u0131 \u0130lham Aliyev, resmi Bak\u00fc\u2019n\u00fcn, Da\u011fl\u0131k Karaba\u011f (Artsakh-&#8216;Akunq&#8217; web sitesi) ihtilaf\u0131 ile ilgili Ermenistan ile hemen m\u00fczakerelere ba\u015flamaya haz\u0131r oldu\u011funu a\u00e7\u0131klad\u0131.<\/strong><\/em><\/p>\n<p>\u201cRBK\u201dya konu\u015fan Aliyev, \u201cHemen yar\u0131n (m\u00fczakerelere) ba\u015flamaya haz\u0131r\u0131z. Her \u015fey AG\u0130T Minsk Grubu\u2019nun ad\u0131mlar\u0131na, \u00e7al\u0131\u015fma s\u00fcrelerine ba\u011fl\u0131. Bizim taraf\u0131m\u0131z hemen ba\u015flamaya haz\u0131rd\u0131r\u201d ifadelerini kulland\u0131.<\/p>\n<p>Hat\u0131rlanaca\u011f\u0131 \u00fczere\u00a0Azerbaycan, 27 Eyl\u00fcl\u2019de Da\u011fl\u0131k Karaba\u011f ile temas hatt\u0131n\u0131n t\u00fcm boyunca geni\u015f \u00e7apl\u0131 sald\u0131r\u0131lar ba\u015flatt\u0131. Sivil yerle\u015fim yerlerinin ve sivil vatanda\u015flar\u0131n\u0131n da s\u0131k s\u0131k hedef al\u0131nd\u0131\u011f\u0131 bu sald\u0131r\u0131lar nedeniyle Ermeni topraklar\u0131nda hem sivil vatanda\u015flar, hem yabac\u0131 gazeteciler aras\u0131nda yaral\u0131lar veya can kay\u0131plar\u0131 oldu.<\/p>\n<p>9 Ekim\u2019de Moskova\u2019da Ermenistan ve Azerbaycan D\u0131\u015fi\u015fleri Bakanlar\u0131&#8217;n\u0131n kat\u0131l\u0131m\u0131yla yap\u0131lan g\u00f6r\u00fc\u015fmelerde 10 Ekim saat 12 itibar\u0131yla insani ate\u015fkes i\u00e7in mutabakata var\u0131lsa da, belirtilen saatten sonra da Azerbaycan taraf\u0131ndan Karaba\u011f\u2019a kar\u015f\u0131 hava sald\u0131r\u0131lar\u0131 devam etti, hatta s\u0131zma giri\u015fimi de d\u00fczenlendi.<\/p>\n<p><em><strong>https:\/\/www.ermenihaber.am\/tr\/news\/2020\/10\/11\/Aliyev-Ermenistan-Karaba%C4%9F\/195312\u00a0<\/strong><\/em><\/p>\n","protected":false},"excerpt":{"rendered":"<p>Azerbaycan Cumhurba\u015fkan\u0131 \u0130lham Aliyev, resmi Bak\u00fc\u2019n\u00fcn, Da\u011fl\u0131k Karaba\u011f (Artsakh-&#8216;Akunq&#8217; web sitesi) ihtilaf\u0131 ile ilgili Ermenistan ile hemen m\u00fczakerelere ba\u015flamaya haz\u0131r oldu\u011funu a\u00e7\u0131klad\u0131. \u201cRBK\u201dya konu\u015fan Aliyev, \u201cHemen yar\u0131n (m\u00fczakerelere) ba\u015flamaya haz\u0131r\u0131z. Her \u015fey AG\u0130T Minsk Grubu\u2019nun ad\u0131mlar\u0131na, \u00e7al\u0131\u015fma s\u00fcrelerine ba\u011fl\u0131. Bizim taraf\u0131m\u0131z hemen ba\u015flamaya haz\u0131rd\u0131r\u201d ifadelerini kulland\u0131. Hat\u0131rlanaca\u011f\u0131 \u00fczere\u00a0Azerbaycan, 27 Eyl\u00fcl\u2019de Da\u011fl\u0131k Karaba\u011f ile temas hatt\u0131n\u0131n [&hellip;]<\/p>\n","protected":false},"author":7,"featured_media":59484,"comment_status":"open","ping_status":"open","sticky":false,"template":"","format":"standard","meta":{"footnotes":""},"categories":[1],"tags":[],"class_list":["post-59483","post","type-post","status-publish","format-standard","has-post-thumbnail","hentry","category-haberler"],"yoast_head":"<!-- This site is optimized with the Yoast SEO plugin v27.4 - https:\/\/yoast.com\/product\/yoast-seo-wordpress\/ -->\n<title>Aliyev, Ermenistan ile Karaba\u011f konulu m\u00fczakerelere hemen ba\u015flamaya haz\u0131r oldu\u011funu duyurdu - Bati Ermenistan Ve Bati Ermenileri Sorunlari Ara\u015ftirmalar Merkezi<\/title>\n<meta name=\"robots\" content=\"index, follow, max-snippet:-1, max-image-preview:large, max-video-preview:-1\" \/>\n<link rel=\"canonical\" href=\"https:\/\/akunq.net\/tr\/?p=59483\" \/>\n<meta property=\"og:locale\" content=\"en_US\" \/>\n<meta property=\"og:type\" content=\"article\" \/>\n<meta property=\"og:title\" content=\"Aliyev, Ermenistan ile Karaba\u011f konulu m\u00fczakerelere hemen ba\u015flamaya haz\u0131r oldu\u011funu duyurdu - Bati Ermenistan Ve Bati Ermenileri Sorunlari Ara\u015ftirmalar Merkezi\" \/>\n<meta property=\"og:description\" content=\"Azerbaycan Cumhurba\u015fkan\u0131 \u0130lham Aliyev, resmi Bak\u00fc\u2019n\u00fcn, Da\u011fl\u0131k Karaba\u011f (Artsakh-&#8216;Akunq&#8217; web sitesi) ihtilaf\u0131 ile ilgili Ermenistan ile hemen m\u00fczakerelere ba\u015flamaya haz\u0131r oldu\u011funu a\u00e7\u0131klad\u0131. \u201cRBK\u201dya konu\u015fan Aliyev, \u201cHemen yar\u0131n (m\u00fczakerelere) ba\u015flamaya haz\u0131r\u0131z. Her \u015fey AG\u0130T Minsk Grubu\u2019nun ad\u0131mlar\u0131na, \u00e7al\u0131\u015fma s\u00fcrelerine ba\u011fl\u0131. Bizim taraf\u0131m\u0131z hemen ba\u015flamaya haz\u0131rd\u0131r\u201d ifadelerini kulland\u0131. Hat\u0131rlanaca\u011f\u0131 \u00fczere\u00a0Azerbaycan, 27 Eyl\u00fcl\u2019de Da\u011fl\u0131k Karaba\u011f ile temas hatt\u0131n\u0131n [&hellip;]\" \/>\n<meta property=\"og:url\" content=\"https:\/\/akunq.net\/tr\/?p=59483\" \/>\n<meta property=\"og:site_name\" content=\"Bati Ermenistan Ve Bati Ermenileri Sorunlari Ara\u015ftirmalar Merkezi\" \/>\n<meta property=\"article:published_time\" content=\"2020-10-12T06:11:02+00:00\" \/>\n<meta property=\"og:image\" content=\"https:\/\/akunq.net\/tr\/wp-content\/uploads\/sites\/6\/2020\/10\/Aliyev.jpg\" \/>\n\t<meta property=\"og:image:width\" content=\"810\" \/>\n\t<meta property=\"og:image:height\" content=\"520\" \/>\n\t<meta property=\"og:image:type\" content=\"image\/jpeg\" \/>\n<meta name=\"author\" content=\"admin\" \/>\n<meta name=\"twitter:card\" content=\"summary_large_image\" \/>\n<meta name=\"twitter:label1\" content=\"Written by\" \/>\n\t<meta name=\"twitter:data1\" content=\"admin\" \/>\n\t<meta name=\"twitter:label2\" content=\"Est. reading time\" \/>\n\t<meta name=\"twitter:data2\" content=\"1 minute\" \/>\n<script type=\"application\/ld+json\" class=\"yoast-schema-graph\">{\"@context\":\"https:\\\/\\\/schema.org\",\"@graph\":[{\"@type\":\"Article\",\"@id\":\"https:\\\/\\\/akunq.net\\\/tr\\\/?p=59483#article\",\"isPartOf\":{\"@id\":\"https:\\\/\\\/akunq.net\\\/tr\\\/?p=59483\"},\"author\":{\"name\":\"admin\",\"@id\":\"https:\\\/\\\/akunq.net\\\/tr\\\/#\\\/schema\\\/person\\\/096f1d38a12cce57fb855b485ed24c9e\"},\"headline\":\"Aliyev, Ermenistan ile Karaba\u011f konulu m\u00fczakerelere hemen ba\u015flamaya haz\u0131r oldu\u011funu duyurdu\",\"datePublished\":\"2020-10-12T06:11:02+00:00\",\"mainEntityOfPage\":{\"@id\":\"https:\\\/\\\/akunq.net\\\/tr\\\/?p=59483\"},\"wordCount\":226,\"commentCount\":0,\"image\":{\"@id\":\"https:\\\/\\\/akunq.net\\\/tr\\\/?p=59483#primaryimage\"},\"thumbnailUrl\":\"https:\\\/\\\/akunq.net\\\/tr\\\/wp-content\\\/uploads\\\/sites\\\/6\\\/2020\\\/10\\\/Aliyev.jpg\",\"articleSection\":[\"Haberler\"],\"inLanguage\":\"en-US\",\"potentialAction\":[{\"@type\":\"CommentAction\",\"name\":\"Comment\",\"target\":[\"https:\\\/\\\/akunq.net\\\/tr\\\/?p=59483#respond\"]}]},{\"@type\":\"WebPage\",\"@id\":\"https:\\\/\\\/akunq.net\\\/tr\\\/?p=59483\",\"url\":\"https:\\\/\\\/akunq.net\\\/tr\\\/?p=59483\",\"name\":\"Aliyev, Ermenistan ile Karaba\u011f konulu m\u00fczakerelere hemen ba\u015flamaya haz\u0131r oldu\u011funu duyurdu - Bati Ermenistan Ve Bati Ermenileri Sorunlari Ara\u015ftirmalar Merkezi\",\"isPartOf\":{\"@id\":\"https:\\\/\\\/akunq.net\\\/tr\\\/#website\"},\"primaryImageOfPage\":{\"@id\":\"https:\\\/\\\/akunq.net\\\/tr\\\/?p=59483#primaryimage\"},\"image\":{\"@id\":\"https:\\\/\\\/akunq.net\\\/tr\\\/?p=59483#primaryimage\"},\"thumbnailUrl\":\"https:\\\/\\\/akunq.net\\\/tr\\\/wp-content\\\/uploads\\\/sites\\\/6\\\/2020\\\/10\\\/Aliyev.jpg\",\"datePublished\":\"2020-10-12T06:11:02+00:00\",\"author\":{\"@id\":\"https:\\\/\\\/akunq.net\\\/tr\\\/#\\\/schema\\\/person\\\/096f1d38a12cce57fb855b485ed24c9e\"},\"breadcrumb\":{\"@id\":\"https:\\\/\\\/akunq.net\\\/tr\\\/?p=59483#breadcrumb\"},\"inLanguage\":\"en-US\",\"potentialAction\":[{\"@type\":\"ReadAction\",\"target\":[\"https:\\\/\\\/akunq.net\\\/tr\\\/?p=59483\"]}]},{\"@type\":\"ImageObject\",\"inLanguage\":\"en-US\",\"@id\":\"https:\\\/\\\/akunq.net\\\/tr\\\/?p=59483#primaryimage\",\"url\":\"https:\\\/\\\/akunq.net\\\/tr\\\/wp-content\\\/uploads\\\/sites\\\/6\\\/2020\\\/10\\\/Aliyev.jpg\",\"contentUrl\":\"https:\\\/\\\/akunq.net\\\/tr\\\/wp-content\\\/uploads\\\/sites\\\/6\\\/2020\\\/10\\\/Aliyev.jpg\",\"width\":810,\"height\":520},{\"@type\":\"BreadcrumbList\",\"@id\":\"https:\\\/\\\/akunq.net\\\/tr\\\/?p=59483#breadcrumb\",\"itemListElement\":[{\"@type\":\"ListItem\",\"position\":1,\"name\":\"Home\",\"item\":\"https:\\\/\\\/akunq.net\\\/tr\"},{\"@type\":\"ListItem\",\"position\":2,\"name\":\"Aliyev, Ermenistan ile Karaba\u011f konulu m\u00fczakerelere hemen ba\u015flamaya haz\u0131r oldu\u011funu duyurdu\"}]},{\"@type\":\"WebSite\",\"@id\":\"https:\\\/\\\/akunq.net\\\/tr\\\/#website\",\"url\":\"https:\\\/\\\/akunq.net\\\/tr\\\/\",\"name\":\"Bati Ermenistan Ve Bati Ermenileri Sorunlari Ara\u015ftirmalar Merkezi\",\"description\":\"\",\"potentialAction\":[{\"@type\":\"SearchAction\",\"target\":{\"@type\":\"EntryPoint\",\"urlTemplate\":\"https:\\\/\\\/akunq.net\\\/tr\\\/?s={search_term_string}\"},\"query-input\":{\"@type\":\"PropertyValueSpecification\",\"valueRequired\":true,\"valueName\":\"search_term_string\"}}],\"inLanguage\":\"en-US\"},{\"@type\":\"Person\",\"@id\":\"https:\\\/\\\/akunq.net\\\/tr\\\/#\\\/schema\\\/person\\\/096f1d38a12cce57fb855b485ed24c9e\",\"name\":\"admin\",\"url\":\"https:\\\/\\\/akunq.net\\\/tr\\\/?author=7\"}]}<\/script>\n<!-- \/ Yoast SEO plugin. -->","yoast_head_json":{"title":"Aliyev, Ermenistan ile Karaba\u011f konulu m\u00fczakerelere hemen ba\u015flamaya haz\u0131r oldu\u011funu duyurdu - Bati Ermenistan Ve Bati Ermenileri Sorunlari Ara\u015ftirmalar Merkezi","robots":{"index":"index","follow":"follow","max-snippet":"max-snippet:-1","max-image-preview":"max-image-preview:large","max-video-preview":"max-video-preview:-1"},"canonical":"https:\/\/akunq.net\/tr\/?p=59483","og_locale":"en_US","og_type":"article","og_title":"Aliyev, Ermenistan ile Karaba\u011f konulu m\u00fczakerelere hemen ba\u015flamaya haz\u0131r oldu\u011funu duyurdu - Bati Ermenistan Ve Bati Ermenileri Sorunlari Ara\u015ftirmalar Merkezi","og_description":"Azerbaycan Cumhurba\u015fkan\u0131 \u0130lham Aliyev, resmi Bak\u00fc\u2019n\u00fcn, Da\u011fl\u0131k Karaba\u011f (Artsakh-&#8216;Akunq&#8217; web sitesi) ihtilaf\u0131 ile ilgili Ermenistan ile hemen m\u00fczakerelere ba\u015flamaya haz\u0131r oldu\u011funu a\u00e7\u0131klad\u0131. \u201cRBK\u201dya konu\u015fan Aliyev, \u201cHemen yar\u0131n (m\u00fczakerelere) ba\u015flamaya haz\u0131r\u0131z. Her \u015fey AG\u0130T Minsk Grubu\u2019nun ad\u0131mlar\u0131na, \u00e7al\u0131\u015fma s\u00fcrelerine ba\u011fl\u0131. Bizim taraf\u0131m\u0131z hemen ba\u015flamaya haz\u0131rd\u0131r\u201d ifadelerini kulland\u0131. Hat\u0131rlanaca\u011f\u0131 \u00fczere\u00a0Azerbaycan, 27 Eyl\u00fcl\u2019de Da\u011fl\u0131k Karaba\u011f ile temas hatt\u0131n\u0131n [&hellip;]","og_url":"https:\/\/akunq.net\/tr\/?p=59483","og_site_name":"Bati Ermenistan Ve Bati Ermenileri Sorunlari Ara\u015ftirmalar Merkezi","article_published_time":"2020-10-12T06:11:02+00:00","og_image":[{"width":810,"height":520,"url":"https:\/\/akunq.net\/tr\/wp-content\/uploads\/sites\/6\/2020\/10\/Aliyev.jpg","type":"image\/jpeg"}],"author":"admin","twitter_card":"summary_large_image","twitter_misc":{"Written by":"admin","Est. reading time":"1 minute"},"schema":{"@context":"https:\/\/schema.org","@graph":[{"@type":"Article","@id":"https:\/\/akunq.net\/tr\/?p=59483#article","isPartOf":{"@id":"https:\/\/akunq.net\/tr\/?p=59483"},"author":{"name":"admin","@id":"https:\/\/akunq.net\/tr\/#\/schema\/person\/096f1d38a12cce57fb855b485ed24c9e"},"headline":"Aliyev, Ermenistan ile Karaba\u011f konulu m\u00fczakerelere hemen ba\u015flamaya haz\u0131r oldu\u011funu duyurdu","datePublished":"2020-10-12T06:11:02+00:00","mainEntityOfPage":{"@id":"https:\/\/akunq.net\/tr\/?p=59483"},"wordCount":226,"commentCount":0,"image":{"@id":"https:\/\/akunq.net\/tr\/?p=59483#primaryimage"},"thumbnailUrl":"https:\/\/akunq.net\/tr\/wp-content\/uploads\/sites\/6\/2020\/10\/Aliyev.jpg","articleSection":["Haberler"],"inLanguage":"en-US","potentialAction":[{"@type":"CommentAction","name":"Comment","target":["https:\/\/akunq.net\/tr\/?p=59483#respond"]}]},{"@type":"WebPage","@id":"https:\/\/akunq.net\/tr\/?p=59483","url":"https:\/\/akunq.net\/tr\/?p=59483","name":"Aliyev, Ermenistan ile Karaba\u011f konulu m\u00fczakerelere hemen ba\u015flamaya haz\u0131r oldu\u011funu duyurdu - Bati Ermenistan Ve Bati Ermenileri Sorunlari Ara\u015ftirmalar Merkezi","isPartOf":{"@id":"https:\/\/akunq.net\/tr\/#website"},"primaryImageOfPage":{"@id":"https:\/\/akunq.net\/tr\/?p=59483#primaryimage"},"image":{"@id":"https:\/\/akunq.net\/tr\/?p=59483#primaryimage"},"thumbnailUrl":"https:\/\/akunq.net\/tr\/wp-content\/uploads\/sites\/6\/2020\/10\/Aliyev.jpg","datePublished":"2020-10-12T06:11:02+00:00","author":{"@id":"https:\/\/akunq.net\/tr\/#\/schema\/person\/096f1d38a12cce57fb855b485ed24c9e"},"breadcrumb":{"@id":"https:\/\/akunq.net\/tr\/?p=59483#breadcrumb"},"inLanguage":"en-US","potentialAction":[{"@type":"ReadAction","target":["https:\/\/akunq.net\/tr\/?p=59483"]}]},{"@type":"ImageObject","inLanguage":"en-US","@id":"https:\/\/akunq.net\/tr\/?p=59483#primaryimage","url":"https:\/\/akunq.net\/tr\/wp-content\/uploads\/sites\/6\/2020\/10\/Aliyev.jpg","contentUrl":"https:\/\/akunq.net\/tr\/wp-content\/uploads\/sites\/6\/2020\/10\/Aliyev.jpg","width":810,"height":520},{"@type":"BreadcrumbList","@id":"https:\/\/akunq.net\/tr\/?p=59483#breadcrumb","itemListElement":[{"@type":"ListItem","position":1,"name":"Home","item":"https:\/\/akunq.net\/tr"},{"@type":"ListItem","position":2,"name":"Aliyev, Ermenistan ile Karaba\u011f konulu m\u00fczakerelere hemen ba\u015flamaya haz\u0131r oldu\u011funu duyurdu"}]},{"@type":"WebSite","@id":"https:\/\/akunq.net\/tr\/#website","url":"https:\/\/akunq.net\/tr\/","name":"Bati Ermenistan Ve Bati Ermenileri Sorunlari Ara\u015ftirmalar Merkezi","description":"","potentialAction":[{"@type":"SearchAction","target":{"@type":"EntryPoint","urlTemplate":"https:\/\/akunq.net\/tr\/?s={search_term_string}"},"query-input":{"@type":"PropertyValueSpecification","valueRequired":true,"valueName":"search_term_string"}}],"inLanguage":"en-US"},{"@type":"Person","@id":"https:\/\/akunq.net\/tr\/#\/schema\/person\/096f1d38a12cce57fb855b485ed24c9e","name":"admin","url":"https:\/\/akunq.net\/tr\/?author=7"}]}},"_links":{"self":[{"href":"https:\/\/akunq.net\/tr\/index.php?rest_route=\/wp\/v2\/posts\/59483","targetHints":{"allow":["GET"]}}],"collection":[{"href":"https:\/\/akunq.net\/tr\/index.php?rest_route=\/wp\/v2\/posts"}],"about":[{"href":"https:\/\/akunq.net\/tr\/index.php?rest_route=\/wp\/v2\/types\/post"}],"author":[{"embeddable":true,"href":"https:\/\/akunq.net\/tr\/index.php?rest_route=\/wp\/v2\/users\/7"}],"replies":[{"embeddable":true,"href":"https:\/\/akunq.net\/tr\/index.php?rest_route=%2Fwp%2Fv2%2Fcomments&post=59483"}],"version-history":[{"count":1,"href":"https:\/\/akunq.net\/tr\/index.php?rest_route=\/wp\/v2\/posts\/59483\/revisions"}],"predecessor-version":[{"id":59485,"href":"https:\/\/akunq.net\/tr\/index.php?rest_route=\/wp\/v2\/posts\/59483\/revisions\/59485"}],"wp:featuredmedia":[{"embeddable":true,"href":"https:\/\/akunq.net\/tr\/index.php?rest_route=\/wp\/v2\/media\/59484"}],"wp:attachment":[{"href":"https:\/\/akunq.net\/tr\/index.php?rest_route=%2Fwp%2Fv2%2Fmedia&parent=59483"}],"wp:term":[{"taxonomy":"category","embeddable":true,"href":"https:\/\/akunq.net\/tr\/index.php?rest_route=%2Fwp%2Fv2%2Fcategories&post=59483"},{"taxonomy":"post_tag","embeddable":true,"href":"https:\/\/akunq.net\/tr\/index.php?rest_route=%2Fwp%2Fv2%2Ftags&post=59483"}],"curies":[{"name":"wp","href":"https:\/\/api.w.org\/{rel}","templated":true}]}}