{"id":59478,"date":"2020-10-09T03:27:02","date_gmt":"2020-10-09T08:27:02","guid":{"rendered":"https:\/\/akunq.net\/tr\/?p=59478"},"modified":"2020-10-09T03:27:02","modified_gmt":"2020-10-09T08:27:02","slug":"ermenistandan-azerbaycana-uyari-ibadethanelerin-hedef-alinmasi-savas-sucudur","status":"publish","type":"post","link":"https:\/\/akunq.net\/tr\/?p=59478","title":{"rendered":"Ermenistan&#8217;dan Azerbaycan&#8217;a uyar\u0131: &#8220;\u0130badethanelerin hedef al\u0131nmas\u0131 sava\u015f su\u00e7udur&#8221;"},"content":{"rendered":"<p><img loading=\"lazy\" decoding=\"async\" class=\"alignleft size-medium wp-image-59479\" src=\"https:\/\/akunq.net\/tr\/wp-content\/uploads\/2020\/10\/\u0540\u0540-\u0531\u0533\u0546-360x242.jpg\" alt=\"\" width=\"360\" height=\"242\" srcset=\"https:\/\/akunq.net\/tr\/wp-content\/uploads\/sites\/6\/2020\/10\/\u0540\u0540-\u0531\u0533\u0546-360x242.jpg 360w, https:\/\/akunq.net\/tr\/wp-content\/uploads\/sites\/6\/2020\/10\/\u0540\u0540-\u0531\u0533\u0546-560x376.jpg 560w, https:\/\/akunq.net\/tr\/wp-content\/uploads\/sites\/6\/2020\/10\/\u0540\u0540-\u0531\u0533\u0546-260x175.jpg 260w, https:\/\/akunq.net\/tr\/wp-content\/uploads\/sites\/6\/2020\/10\/\u0540\u0540-\u0531\u0533\u0546-160x107.jpg 160w, https:\/\/akunq.net\/tr\/wp-content\/uploads\/sites\/6\/2020\/10\/\u0540\u0540-\u0531\u0533\u0546.jpg 670w\" sizes=\"auto, (max-width: 360px) 100vw, 360px\" \/><\/p>\n<p><em><strong>Ermenistan D\u0131\u015fi\u015fleri Bakanl\u0131\u011f\u0131, \u015eu\u015fi\u2019deki ibadethanelerin ve k\u00fclt\u00fcrel an\u0131tlar\u0131n hedef al\u0131nmas\u0131na dair bir a\u00e7\u0131klama yaparak, Azerbaycan\u2019\u0131n askeri ve siyasi y\u00f6netimini uyard\u0131.<\/strong><\/em><\/p>\n<p>A\u00e7\u0131klamada, \u201c8 Ekim\u2019de Azerbaycan silahl\u0131 kuvvetleri, Ermeni mimarisinin ba\u015fyap\u0131tlar\u0131ndan biri olan ve Artsakh k\u00fclt\u00fcrel ba\u015fkenti \u015eu\u015fi\u2019nin merkezinde bulunan \u011eazan\u00e7etsots Katedrali\u2019ne hava sald\u0131r\u0131s\u0131 d\u00fczenleyerek, yap\u0131ya b\u00fcy\u00fck zarar verdi.<\/p>\n<p>Bu ad\u0131m, Azerbaycan\u2019\u0131n siyasi ve askeri y\u00f6netiminin i\u015fledi\u011fi yeni bir su\u00e7tur ve onun insanl\u0131k kar\u015f\u0131tl\u0131\u011f\u0131n\u0131 g\u00f6zler \u00f6n\u00fcne seriyor. Yine de bu ad\u0131m, ony\u0131llarca y\u00fcr\u00fct\u00fclen Ermeni kar\u015f\u0131t\u0131 politikas\u0131na tamamen uygundur. Nakhicevan\u2019daki ve Ermeni halk\u0131n\u0131n tarihi vatan\u0131n\u0131n di\u011fer b\u00f6lgelerindeki Ermeni k\u00fclt\u00fcrel miras\u0131n\u0131 tamamen yok eden Azerbaycan, \u015fuan da Artsakh\u2019a kar\u015f\u0131 ba\u015flatt\u0131\u011f\u0131 sald\u0131r\u0131lar kapsam\u0131nda Artsakh Ermenilerini vatans\u0131zla\u015ft\u0131rmaya ve tarihsel haf\u0131zas\u0131n\u0131 silmeye \u00e7al\u0131\u015f\u0131yor.<\/p>\n<p>Bu eylemleri yaparken Azerbaycan, Yak\u0131n Do\u011fu\u2019da say\u0131s\u0131z tarihi ve k\u00fclt\u00fcrel an\u0131tlar\u0131 yok etmi\u015f olan yeni m\u00fcttefiklerinin, yani uluslararas\u0131 tan\u0131nm\u0131\u015f ter\u00f6r \u00f6rg\u00fctlerinin \u00e7al\u0131\u015fma tarz\u0131n\u0131 benimsiyor.<\/p>\n<p>T\u00fcm uygar insanl\u0131\u011fa kar\u015f\u0131 bir meydan okumas\u0131 olan Azerbaycan\u2019\u0131n bu vah\u015fi su\u00e7unu en sert \u015fekilde k\u0131n\u0131yoruz.<\/p>\n<p>Bu vesileyle Azerbaycan\u2019\u0131n askeri ve siyasi y\u00f6netimine, dini ibadethanelerin ve k\u00fclt\u00fcrel eserlerin hedef al\u0131nmas\u0131n\u0131n, uluslarars\u0131 insanc\u0131l hukuka g\u00f6re sava\u015f su\u00e7u oldu\u011funu ve bunun cezas\u0131n\u0131n uygulanmas\u0131 i\u00e7in zamana\u015f\u0131m\u0131 s\u00fcresinin bulunmad\u0131\u011f\u0131n\u0131 hat\u0131rlatmak istiyoruz\u201d ifadelerine yer verildi.&#8221;<\/p>\n<p><strong><em>https:\/\/www.ermenihaber.am\/tr\/news\/2020\/10\/09\/Ermenistan-Azerbaycan-sava%C5%9F-su%C3%A7u\/195122\u00a0<\/em><\/strong><\/p>\n","protected":false},"excerpt":{"rendered":"<p>Ermenistan D\u0131\u015fi\u015fleri Bakanl\u0131\u011f\u0131, \u015eu\u015fi\u2019deki ibadethanelerin ve k\u00fclt\u00fcrel an\u0131tlar\u0131n hedef al\u0131nmas\u0131na dair bir a\u00e7\u0131klama yaparak, Azerbaycan\u2019\u0131n askeri ve siyasi y\u00f6netimini uyard\u0131. A\u00e7\u0131klamada, \u201c8 Ekim\u2019de Azerbaycan silahl\u0131 kuvvetleri, Ermeni mimarisinin ba\u015fyap\u0131tlar\u0131ndan biri olan ve Artsakh k\u00fclt\u00fcrel ba\u015fkenti \u015eu\u015fi\u2019nin merkezinde bulunan \u011eazan\u00e7etsots Katedrali\u2019ne hava sald\u0131r\u0131s\u0131 d\u00fczenleyerek, yap\u0131ya b\u00fcy\u00fck zarar verdi. Bu ad\u0131m, Azerbaycan\u2019\u0131n siyasi ve askeri y\u00f6netiminin i\u015fledi\u011fi [&hellip;]<\/p>\n","protected":false},"author":7,"featured_media":59479,"comment_status":"open","ping_status":"open","sticky":false,"template":"","format":"standard","meta":{"footnotes":""},"categories":[1],"tags":[],"class_list":["post-59478","post","type-post","status-publish","format-standard","has-post-thumbnail","hentry","category-haberler"],"yoast_head":"<!-- This site is optimized with the Yoast SEO plugin v27.4 - https:\/\/yoast.com\/product\/yoast-seo-wordpress\/ -->\n<title>Ermenistan&#039;dan Azerbaycan&#039;a uyar\u0131: &quot;\u0130badethanelerin hedef al\u0131nmas\u0131 sava\u015f su\u00e7udur&quot; - Bati Ermenistan Ve Bati Ermenileri Sorunlari Ara\u015ftirmalar Merkezi<\/title>\n<meta name=\"robots\" content=\"index, follow, max-snippet:-1, max-image-preview:large, max-video-preview:-1\" \/>\n<link rel=\"canonical\" href=\"https:\/\/akunq.net\/tr\/?p=59478\" \/>\n<meta property=\"og:locale\" content=\"en_US\" \/>\n<meta property=\"og:type\" content=\"article\" \/>\n<meta property=\"og:title\" content=\"Ermenistan&#039;dan Azerbaycan&#039;a uyar\u0131: &quot;\u0130badethanelerin hedef al\u0131nmas\u0131 sava\u015f su\u00e7udur&quot; - Bati Ermenistan Ve Bati Ermenileri Sorunlari Ara\u015ftirmalar Merkezi\" \/>\n<meta property=\"og:description\" content=\"Ermenistan D\u0131\u015fi\u015fleri Bakanl\u0131\u011f\u0131, \u015eu\u015fi\u2019deki ibadethanelerin ve k\u00fclt\u00fcrel an\u0131tlar\u0131n hedef al\u0131nmas\u0131na dair bir a\u00e7\u0131klama yaparak, Azerbaycan\u2019\u0131n askeri ve siyasi y\u00f6netimini uyard\u0131. A\u00e7\u0131klamada, \u201c8 Ekim\u2019de Azerbaycan silahl\u0131 kuvvetleri, Ermeni mimarisinin ba\u015fyap\u0131tlar\u0131ndan biri olan ve Artsakh k\u00fclt\u00fcrel ba\u015fkenti \u015eu\u015fi\u2019nin merkezinde bulunan \u011eazan\u00e7etsots Katedrali\u2019ne hava sald\u0131r\u0131s\u0131 d\u00fczenleyerek, yap\u0131ya b\u00fcy\u00fck zarar verdi. Bu ad\u0131m, Azerbaycan\u2019\u0131n siyasi ve askeri y\u00f6netiminin i\u015fledi\u011fi [&hellip;]\" \/>\n<meta property=\"og:url\" content=\"https:\/\/akunq.net\/tr\/?p=59478\" \/>\n<meta property=\"og:site_name\" content=\"Bati Ermenistan Ve Bati Ermenileri Sorunlari Ara\u015ftirmalar Merkezi\" \/>\n<meta property=\"article:published_time\" content=\"2020-10-09T08:27:02+00:00\" \/>\n<meta property=\"og:image\" content=\"https:\/\/akunq.net\/tr\/wp-content\/uploads\/sites\/6\/2020\/10\/\u0540\u0540-\u0531\u0533\u0546.jpg\" \/>\n\t<meta property=\"og:image:width\" content=\"670\" \/>\n\t<meta property=\"og:image:height\" content=\"450\" \/>\n\t<meta property=\"og:image:type\" content=\"image\/jpeg\" \/>\n<meta name=\"author\" content=\"admin\" \/>\n<meta name=\"twitter:card\" content=\"summary_large_image\" \/>\n<meta name=\"twitter:label1\" content=\"Written by\" \/>\n\t<meta name=\"twitter:data1\" content=\"admin\" \/>\n\t<meta name=\"twitter:label2\" content=\"Est. reading time\" \/>\n\t<meta name=\"twitter:data2\" content=\"2 minutes\" \/>\n<script type=\"application\/ld+json\" class=\"yoast-schema-graph\">{\"@context\":\"https:\\\/\\\/schema.org\",\"@graph\":[{\"@type\":\"Article\",\"@id\":\"https:\\\/\\\/akunq.net\\\/tr\\\/?p=59478#article\",\"isPartOf\":{\"@id\":\"https:\\\/\\\/akunq.net\\\/tr\\\/?p=59478\"},\"author\":{\"name\":\"admin\",\"@id\":\"https:\\\/\\\/akunq.net\\\/tr\\\/#\\\/schema\\\/person\\\/096f1d38a12cce57fb855b485ed24c9e\"},\"headline\":\"Ermenistan&#8217;dan Azerbaycan&#8217;a uyar\u0131: &#8220;\u0130badethanelerin hedef al\u0131nmas\u0131 sava\u015f su\u00e7udur&#8221;\",\"datePublished\":\"2020-10-09T08:27:02+00:00\",\"mainEntityOfPage\":{\"@id\":\"https:\\\/\\\/akunq.net\\\/tr\\\/?p=59478\"},\"wordCount\":310,\"commentCount\":0,\"image\":{\"@id\":\"https:\\\/\\\/akunq.net\\\/tr\\\/?p=59478#primaryimage\"},\"thumbnailUrl\":\"https:\\\/\\\/akunq.net\\\/tr\\\/wp-content\\\/uploads\\\/sites\\\/6\\\/2020\\\/10\\\/\u0540\u0540-\u0531\u0533\u0546.jpg\",\"articleSection\":[\"Haberler\"],\"inLanguage\":\"en-US\",\"potentialAction\":[{\"@type\":\"CommentAction\",\"name\":\"Comment\",\"target\":[\"https:\\\/\\\/akunq.net\\\/tr\\\/?p=59478#respond\"]}]},{\"@type\":\"WebPage\",\"@id\":\"https:\\\/\\\/akunq.net\\\/tr\\\/?p=59478\",\"url\":\"https:\\\/\\\/akunq.net\\\/tr\\\/?p=59478\",\"name\":\"Ermenistan'dan Azerbaycan'a uyar\u0131: \\\"\u0130badethanelerin hedef al\u0131nmas\u0131 sava\u015f su\u00e7udur\\\" - Bati Ermenistan Ve Bati Ermenileri Sorunlari Ara\u015ftirmalar Merkezi\",\"isPartOf\":{\"@id\":\"https:\\\/\\\/akunq.net\\\/tr\\\/#website\"},\"primaryImageOfPage\":{\"@id\":\"https:\\\/\\\/akunq.net\\\/tr\\\/?p=59478#primaryimage\"},\"image\":{\"@id\":\"https:\\\/\\\/akunq.net\\\/tr\\\/?p=59478#primaryimage\"},\"thumbnailUrl\":\"https:\\\/\\\/akunq.net\\\/tr\\\/wp-content\\\/uploads\\\/sites\\\/6\\\/2020\\\/10\\\/\u0540\u0540-\u0531\u0533\u0546.jpg\",\"datePublished\":\"2020-10-09T08:27:02+00:00\",\"author\":{\"@id\":\"https:\\\/\\\/akunq.net\\\/tr\\\/#\\\/schema\\\/person\\\/096f1d38a12cce57fb855b485ed24c9e\"},\"breadcrumb\":{\"@id\":\"https:\\\/\\\/akunq.net\\\/tr\\\/?p=59478#breadcrumb\"},\"inLanguage\":\"en-US\",\"potentialAction\":[{\"@type\":\"ReadAction\",\"target\":[\"https:\\\/\\\/akunq.net\\\/tr\\\/?p=59478\"]}]},{\"@type\":\"ImageObject\",\"inLanguage\":\"en-US\",\"@id\":\"https:\\\/\\\/akunq.net\\\/tr\\\/?p=59478#primaryimage\",\"url\":\"https:\\\/\\\/akunq.net\\\/tr\\\/wp-content\\\/uploads\\\/sites\\\/6\\\/2020\\\/10\\\/\u0540\u0540-\u0531\u0533\u0546.jpg\",\"contentUrl\":\"https:\\\/\\\/akunq.net\\\/tr\\\/wp-content\\\/uploads\\\/sites\\\/6\\\/2020\\\/10\\\/\u0540\u0540-\u0531\u0533\u0546.jpg\",\"width\":670,\"height\":450},{\"@type\":\"BreadcrumbList\",\"@id\":\"https:\\\/\\\/akunq.net\\\/tr\\\/?p=59478#breadcrumb\",\"itemListElement\":[{\"@type\":\"ListItem\",\"position\":1,\"name\":\"Home\",\"item\":\"https:\\\/\\\/akunq.net\\\/tr\"},{\"@type\":\"ListItem\",\"position\":2,\"name\":\"Ermenistan&#8217;dan Azerbaycan&#8217;a uyar\u0131: &#8220;\u0130badethanelerin hedef al\u0131nmas\u0131 sava\u015f su\u00e7udur&#8221;\"}]},{\"@type\":\"WebSite\",\"@id\":\"https:\\\/\\\/akunq.net\\\/tr\\\/#website\",\"url\":\"https:\\\/\\\/akunq.net\\\/tr\\\/\",\"name\":\"Bati Ermenistan Ve Bati Ermenileri Sorunlari Ara\u015ftirmalar Merkezi\",\"description\":\"\",\"potentialAction\":[{\"@type\":\"SearchAction\",\"target\":{\"@type\":\"EntryPoint\",\"urlTemplate\":\"https:\\\/\\\/akunq.net\\\/tr\\\/?s={search_term_string}\"},\"query-input\":{\"@type\":\"PropertyValueSpecification\",\"valueRequired\":true,\"valueName\":\"search_term_string\"}}],\"inLanguage\":\"en-US\"},{\"@type\":\"Person\",\"@id\":\"https:\\\/\\\/akunq.net\\\/tr\\\/#\\\/schema\\\/person\\\/096f1d38a12cce57fb855b485ed24c9e\",\"name\":\"admin\",\"url\":\"https:\\\/\\\/akunq.net\\\/tr\\\/?author=7\"}]}<\/script>\n<!-- \/ Yoast SEO plugin. -->","yoast_head_json":{"title":"Ermenistan'dan Azerbaycan'a uyar\u0131: \"\u0130badethanelerin hedef al\u0131nmas\u0131 sava\u015f su\u00e7udur\" - Bati Ermenistan Ve Bati Ermenileri Sorunlari Ara\u015ftirmalar Merkezi","robots":{"index":"index","follow":"follow","max-snippet":"max-snippet:-1","max-image-preview":"max-image-preview:large","max-video-preview":"max-video-preview:-1"},"canonical":"https:\/\/akunq.net\/tr\/?p=59478","og_locale":"en_US","og_type":"article","og_title":"Ermenistan'dan Azerbaycan'a uyar\u0131: \"\u0130badethanelerin hedef al\u0131nmas\u0131 sava\u015f su\u00e7udur\" - Bati Ermenistan Ve Bati Ermenileri Sorunlari Ara\u015ftirmalar Merkezi","og_description":"Ermenistan D\u0131\u015fi\u015fleri Bakanl\u0131\u011f\u0131, \u015eu\u015fi\u2019deki ibadethanelerin ve k\u00fclt\u00fcrel an\u0131tlar\u0131n hedef al\u0131nmas\u0131na dair bir a\u00e7\u0131klama yaparak, Azerbaycan\u2019\u0131n askeri ve siyasi y\u00f6netimini uyard\u0131. A\u00e7\u0131klamada, \u201c8 Ekim\u2019de Azerbaycan silahl\u0131 kuvvetleri, Ermeni mimarisinin ba\u015fyap\u0131tlar\u0131ndan biri olan ve Artsakh k\u00fclt\u00fcrel ba\u015fkenti \u015eu\u015fi\u2019nin merkezinde bulunan \u011eazan\u00e7etsots Katedrali\u2019ne hava sald\u0131r\u0131s\u0131 d\u00fczenleyerek, yap\u0131ya b\u00fcy\u00fck zarar verdi. Bu ad\u0131m, Azerbaycan\u2019\u0131n siyasi ve askeri y\u00f6netiminin i\u015fledi\u011fi [&hellip;]","og_url":"https:\/\/akunq.net\/tr\/?p=59478","og_site_name":"Bati Ermenistan Ve Bati Ermenileri Sorunlari Ara\u015ftirmalar Merkezi","article_published_time":"2020-10-09T08:27:02+00:00","og_image":[{"width":670,"height":450,"url":"https:\/\/akunq.net\/tr\/wp-content\/uploads\/sites\/6\/2020\/10\/\u0540\u0540-\u0531\u0533\u0546.jpg","type":"image\/jpeg"}],"author":"admin","twitter_card":"summary_large_image","twitter_misc":{"Written by":"admin","Est. reading time":"2 minutes"},"schema":{"@context":"https:\/\/schema.org","@graph":[{"@type":"Article","@id":"https:\/\/akunq.net\/tr\/?p=59478#article","isPartOf":{"@id":"https:\/\/akunq.net\/tr\/?p=59478"},"author":{"name":"admin","@id":"https:\/\/akunq.net\/tr\/#\/schema\/person\/096f1d38a12cce57fb855b485ed24c9e"},"headline":"Ermenistan&#8217;dan Azerbaycan&#8217;a uyar\u0131: &#8220;\u0130badethanelerin hedef al\u0131nmas\u0131 sava\u015f su\u00e7udur&#8221;","datePublished":"2020-10-09T08:27:02+00:00","mainEntityOfPage":{"@id":"https:\/\/akunq.net\/tr\/?p=59478"},"wordCount":310,"commentCount":0,"image":{"@id":"https:\/\/akunq.net\/tr\/?p=59478#primaryimage"},"thumbnailUrl":"https:\/\/akunq.net\/tr\/wp-content\/uploads\/sites\/6\/2020\/10\/\u0540\u0540-\u0531\u0533\u0546.jpg","articleSection":["Haberler"],"inLanguage":"en-US","potentialAction":[{"@type":"CommentAction","name":"Comment","target":["https:\/\/akunq.net\/tr\/?p=59478#respond"]}]},{"@type":"WebPage","@id":"https:\/\/akunq.net\/tr\/?p=59478","url":"https:\/\/akunq.net\/tr\/?p=59478","name":"Ermenistan'dan Azerbaycan'a uyar\u0131: \"\u0130badethanelerin hedef al\u0131nmas\u0131 sava\u015f su\u00e7udur\" - Bati Ermenistan Ve Bati Ermenileri Sorunlari Ara\u015ftirmalar Merkezi","isPartOf":{"@id":"https:\/\/akunq.net\/tr\/#website"},"primaryImageOfPage":{"@id":"https:\/\/akunq.net\/tr\/?p=59478#primaryimage"},"image":{"@id":"https:\/\/akunq.net\/tr\/?p=59478#primaryimage"},"thumbnailUrl":"https:\/\/akunq.net\/tr\/wp-content\/uploads\/sites\/6\/2020\/10\/\u0540\u0540-\u0531\u0533\u0546.jpg","datePublished":"2020-10-09T08:27:02+00:00","author":{"@id":"https:\/\/akunq.net\/tr\/#\/schema\/person\/096f1d38a12cce57fb855b485ed24c9e"},"breadcrumb":{"@id":"https:\/\/akunq.net\/tr\/?p=59478#breadcrumb"},"inLanguage":"en-US","potentialAction":[{"@type":"ReadAction","target":["https:\/\/akunq.net\/tr\/?p=59478"]}]},{"@type":"ImageObject","inLanguage":"en-US","@id":"https:\/\/akunq.net\/tr\/?p=59478#primaryimage","url":"https:\/\/akunq.net\/tr\/wp-content\/uploads\/sites\/6\/2020\/10\/\u0540\u0540-\u0531\u0533\u0546.jpg","contentUrl":"https:\/\/akunq.net\/tr\/wp-content\/uploads\/sites\/6\/2020\/10\/\u0540\u0540-\u0531\u0533\u0546.jpg","width":670,"height":450},{"@type":"BreadcrumbList","@id":"https:\/\/akunq.net\/tr\/?p=59478#breadcrumb","itemListElement":[{"@type":"ListItem","position":1,"name":"Home","item":"https:\/\/akunq.net\/tr"},{"@type":"ListItem","position":2,"name":"Ermenistan&#8217;dan Azerbaycan&#8217;a uyar\u0131: &#8220;\u0130badethanelerin hedef al\u0131nmas\u0131 sava\u015f su\u00e7udur&#8221;"}]},{"@type":"WebSite","@id":"https:\/\/akunq.net\/tr\/#website","url":"https:\/\/akunq.net\/tr\/","name":"Bati Ermenistan Ve Bati Ermenileri Sorunlari Ara\u015ftirmalar Merkezi","description":"","potentialAction":[{"@type":"SearchAction","target":{"@type":"EntryPoint","urlTemplate":"https:\/\/akunq.net\/tr\/?s={search_term_string}"},"query-input":{"@type":"PropertyValueSpecification","valueRequired":true,"valueName":"search_term_string"}}],"inLanguage":"en-US"},{"@type":"Person","@id":"https:\/\/akunq.net\/tr\/#\/schema\/person\/096f1d38a12cce57fb855b485ed24c9e","name":"admin","url":"https:\/\/akunq.net\/tr\/?author=7"}]}},"_links":{"self":[{"href":"https:\/\/akunq.net\/tr\/index.php?rest_route=\/wp\/v2\/posts\/59478","targetHints":{"allow":["GET"]}}],"collection":[{"href":"https:\/\/akunq.net\/tr\/index.php?rest_route=\/wp\/v2\/posts"}],"about":[{"href":"https:\/\/akunq.net\/tr\/index.php?rest_route=\/wp\/v2\/types\/post"}],"author":[{"embeddable":true,"href":"https:\/\/akunq.net\/tr\/index.php?rest_route=\/wp\/v2\/users\/7"}],"replies":[{"embeddable":true,"href":"https:\/\/akunq.net\/tr\/index.php?rest_route=%2Fwp%2Fv2%2Fcomments&post=59478"}],"version-history":[{"count":1,"href":"https:\/\/akunq.net\/tr\/index.php?rest_route=\/wp\/v2\/posts\/59478\/revisions"}],"predecessor-version":[{"id":59480,"href":"https:\/\/akunq.net\/tr\/index.php?rest_route=\/wp\/v2\/posts\/59478\/revisions\/59480"}],"wp:featuredmedia":[{"embeddable":true,"href":"https:\/\/akunq.net\/tr\/index.php?rest_route=\/wp\/v2\/media\/59479"}],"wp:attachment":[{"href":"https:\/\/akunq.net\/tr\/index.php?rest_route=%2Fwp%2Fv2%2Fmedia&parent=59478"}],"wp:term":[{"taxonomy":"category","embeddable":true,"href":"https:\/\/akunq.net\/tr\/index.php?rest_route=%2Fwp%2Fv2%2Fcategories&post=59478"},{"taxonomy":"post_tag","embeddable":true,"href":"https:\/\/akunq.net\/tr\/index.php?rest_route=%2Fwp%2Fv2%2Ftags&post=59478"}],"curies":[{"name":"wp","href":"https:\/\/api.w.org\/{rel}","templated":true}]}}