{"id":59472,"date":"2020-10-09T02:36:41","date_gmt":"2020-10-09T07:36:41","guid":{"rendered":"https:\/\/akunq.net\/tr\/?p=59472"},"modified":"2020-10-09T02:36:41","modified_gmt":"2020-10-09T07:36:41","slug":"fransanin-alfortville-sehri-artsakh-cumhuriyetini-tanidi","status":"publish","type":"post","link":"https:\/\/akunq.net\/tr\/?p=59472","title":{"rendered":"Fransa&#8217;n\u0131n Alfortville \u015fehri Artsakh Cumhuriyeti&#8217;ni tan\u0131d\u0131"},"content":{"rendered":"<div class=\"html-content\">\n<p><img loading=\"lazy\" decoding=\"async\" class=\"alignleft size-medium wp-image-59473\" src=\"https:\/\/akunq.net\/tr\/wp-content\/uploads\/2020\/10\/Alfortville-360x240.jpg\" alt=\"\" width=\"360\" height=\"240\" srcset=\"https:\/\/akunq.net\/tr\/wp-content\/uploads\/sites\/6\/2020\/10\/Alfortville-360x240.jpg 360w, https:\/\/akunq.net\/tr\/wp-content\/uploads\/sites\/6\/2020\/10\/Alfortville-768x511.jpg 768w, https:\/\/akunq.net\/tr\/wp-content\/uploads\/sites\/6\/2020\/10\/Alfortville-560x373.jpg 560w, https:\/\/akunq.net\/tr\/wp-content\/uploads\/sites\/6\/2020\/10\/Alfortville-260x173.jpg 260w, https:\/\/akunq.net\/tr\/wp-content\/uploads\/sites\/6\/2020\/10\/Alfortville-160x107.jpg 160w, https:\/\/akunq.net\/tr\/wp-content\/uploads\/sites\/6\/2020\/10\/Alfortville.jpg 910w\" sizes=\"auto, (max-width: 360px) 100vw, 360px\" \/><\/p>\n<p><em><strong>Fransa&#8217;n\u0131n Alfortville \u015fehri Belediye Ba\u015fkan Yard\u0131mc\u0131s\u0131 Ermeni Garo Kha\u00e7ikyan&#8217;a g<\/strong><\/em><strong><em>\u00f6<\/em><\/strong><em><strong>re Belediye Meclisi, Fransa taraf\u0131ndan Artsakh Cumhuriyetinin tan\u0131nmas\u0131 lehine oy kulland\u0131. Belediye Meclisi&#8217;nde bu karar oy birli\u011fi ile kabul edildi.<\/strong><\/em><\/p>\n<p>Belediye Meclisi Alfortville taraf\u0131ndan Artsakh halk\u0131na maddi destek sa\u011flamak i\u00e7in de karar ald\u0131.<\/p>\n<p>Paris&#8217;in yak\u0131nlar\u0131ndaki Alfortville \u015fehri Fransa&#8217;n\u0131n, Artsakh Cumhuriyeti&#8217;ni tan\u0131yan ilk \u015fehri oldu.<\/p>\n<\/div>\n<div class=\"current-author fl cb\"><em><strong>\u00a0Kaynak:\u00a0\u00a0\u00a0<a class=\"a-none\" href=\"https:\/\/www.ermenihaber.am\/tr\/news\/2020\/10\/09\/Franasa-Karaba%C4%9F-Alfortville\/195113\">Ermenihaber.am<\/a><\/strong><\/em><\/div>\n<div class=\"cb\"><\/div>\n<p>&nbsp;<\/p>\n","protected":false},"excerpt":{"rendered":"<p>Fransa&#8217;n\u0131n Alfortville \u015fehri Belediye Ba\u015fkan Yard\u0131mc\u0131s\u0131 Ermeni Garo Kha\u00e7ikyan&#8217;a g\u00f6re Belediye Meclisi, Fransa taraf\u0131ndan Artsakh Cumhuriyetinin tan\u0131nmas\u0131 lehine oy kulland\u0131. Belediye Meclisi&#8217;nde bu karar oy birli\u011fi ile kabul edildi. Belediye Meclisi Alfortville taraf\u0131ndan Artsakh halk\u0131na maddi destek sa\u011flamak i\u00e7in de karar ald\u0131. Paris&#8217;in yak\u0131nlar\u0131ndaki Alfortville \u015fehri Fransa&#8217;n\u0131n, Artsakh Cumhuriyeti&#8217;ni tan\u0131yan ilk \u015fehri oldu. \u00a0Kaynak:\u00a0\u00a0\u00a0Ermenihaber.am &nbsp;<\/p>\n","protected":false},"author":7,"featured_media":59473,"comment_status":"open","ping_status":"open","sticky":false,"template":"","format":"standard","meta":{"footnotes":""},"categories":[1],"tags":[],"class_list":["post-59472","post","type-post","status-publish","format-standard","has-post-thumbnail","hentry","category-haberler"],"yoast_head":"<!-- This site is optimized with the Yoast SEO plugin v27.4 - https:\/\/yoast.com\/product\/yoast-seo-wordpress\/ -->\n<title>Fransa&#039;n\u0131n Alfortville \u015fehri Artsakh Cumhuriyeti&#039;ni tan\u0131d\u0131 - Bati Ermenistan Ve Bati Ermenileri Sorunlari Ara\u015ftirmalar Merkezi<\/title>\n<meta name=\"robots\" content=\"index, follow, max-snippet:-1, max-image-preview:large, max-video-preview:-1\" \/>\n<link rel=\"canonical\" href=\"https:\/\/akunq.net\/tr\/?p=59472\" \/>\n<meta property=\"og:locale\" content=\"en_US\" \/>\n<meta property=\"og:type\" content=\"article\" \/>\n<meta property=\"og:title\" content=\"Fransa&#039;n\u0131n Alfortville \u015fehri Artsakh Cumhuriyeti&#039;ni tan\u0131d\u0131 - Bati Ermenistan Ve Bati Ermenileri Sorunlari Ara\u015ftirmalar Merkezi\" \/>\n<meta property=\"og:description\" content=\"Fransa&#8217;n\u0131n Alfortville \u015fehri Belediye Ba\u015fkan Yard\u0131mc\u0131s\u0131 Ermeni Garo Kha\u00e7ikyan&#8217;a g\u00f6re Belediye Meclisi, Fransa taraf\u0131ndan Artsakh Cumhuriyetinin tan\u0131nmas\u0131 lehine oy kulland\u0131. Belediye Meclisi&#8217;nde bu karar oy birli\u011fi ile kabul edildi. Belediye Meclisi Alfortville taraf\u0131ndan Artsakh halk\u0131na maddi destek sa\u011flamak i\u00e7in de karar ald\u0131. Paris&#8217;in yak\u0131nlar\u0131ndaki Alfortville \u015fehri Fransa&#8217;n\u0131n, Artsakh Cumhuriyeti&#8217;ni tan\u0131yan ilk \u015fehri oldu. \u00a0Kaynak:\u00a0\u00a0\u00a0Ermenihaber.am &nbsp;\" \/>\n<meta property=\"og:url\" content=\"https:\/\/akunq.net\/tr\/?p=59472\" \/>\n<meta property=\"og:site_name\" content=\"Bati Ermenistan Ve Bati Ermenileri Sorunlari Ara\u015ftirmalar Merkezi\" \/>\n<meta property=\"article:published_time\" content=\"2020-10-09T07:36:41+00:00\" \/>\n<meta property=\"og:image\" content=\"https:\/\/akunq.net\/tr\/wp-content\/uploads\/sites\/6\/2020\/10\/Alfortville.jpg\" \/>\n\t<meta property=\"og:image:width\" content=\"910\" \/>\n\t<meta property=\"og:image:height\" content=\"606\" \/>\n\t<meta property=\"og:image:type\" content=\"image\/jpeg\" \/>\n<meta name=\"author\" content=\"admin\" \/>\n<meta name=\"twitter:card\" content=\"summary_large_image\" \/>\n<meta name=\"twitter:label1\" content=\"Written by\" \/>\n\t<meta name=\"twitter:data1\" content=\"admin\" \/>\n<script type=\"application\/ld+json\" class=\"yoast-schema-graph\">{\"@context\":\"https:\\\/\\\/schema.org\",\"@graph\":[{\"@type\":\"Article\",\"@id\":\"https:\\\/\\\/akunq.net\\\/tr\\\/?p=59472#article\",\"isPartOf\":{\"@id\":\"https:\\\/\\\/akunq.net\\\/tr\\\/?p=59472\"},\"author\":{\"name\":\"admin\",\"@id\":\"https:\\\/\\\/akunq.net\\\/tr\\\/#\\\/schema\\\/person\\\/096f1d38a12cce57fb855b485ed24c9e\"},\"headline\":\"Fransa&#8217;n\u0131n Alfortville \u015fehri Artsakh Cumhuriyeti&#8217;ni tan\u0131d\u0131\",\"datePublished\":\"2020-10-09T07:36:41+00:00\",\"mainEntityOfPage\":{\"@id\":\"https:\\\/\\\/akunq.net\\\/tr\\\/?p=59472\"},\"wordCount\":82,\"commentCount\":0,\"image\":{\"@id\":\"https:\\\/\\\/akunq.net\\\/tr\\\/?p=59472#primaryimage\"},\"thumbnailUrl\":\"https:\\\/\\\/akunq.net\\\/tr\\\/wp-content\\\/uploads\\\/sites\\\/6\\\/2020\\\/10\\\/Alfortville.jpg\",\"articleSection\":[\"Haberler\"],\"inLanguage\":\"en-US\",\"potentialAction\":[{\"@type\":\"CommentAction\",\"name\":\"Comment\",\"target\":[\"https:\\\/\\\/akunq.net\\\/tr\\\/?p=59472#respond\"]}]},{\"@type\":\"WebPage\",\"@id\":\"https:\\\/\\\/akunq.net\\\/tr\\\/?p=59472\",\"url\":\"https:\\\/\\\/akunq.net\\\/tr\\\/?p=59472\",\"name\":\"Fransa'n\u0131n Alfortville \u015fehri Artsakh Cumhuriyeti'ni tan\u0131d\u0131 - Bati Ermenistan Ve Bati Ermenileri Sorunlari Ara\u015ftirmalar Merkezi\",\"isPartOf\":{\"@id\":\"https:\\\/\\\/akunq.net\\\/tr\\\/#website\"},\"primaryImageOfPage\":{\"@id\":\"https:\\\/\\\/akunq.net\\\/tr\\\/?p=59472#primaryimage\"},\"image\":{\"@id\":\"https:\\\/\\\/akunq.net\\\/tr\\\/?p=59472#primaryimage\"},\"thumbnailUrl\":\"https:\\\/\\\/akunq.net\\\/tr\\\/wp-content\\\/uploads\\\/sites\\\/6\\\/2020\\\/10\\\/Alfortville.jpg\",\"datePublished\":\"2020-10-09T07:36:41+00:00\",\"author\":{\"@id\":\"https:\\\/\\\/akunq.net\\\/tr\\\/#\\\/schema\\\/person\\\/096f1d38a12cce57fb855b485ed24c9e\"},\"breadcrumb\":{\"@id\":\"https:\\\/\\\/akunq.net\\\/tr\\\/?p=59472#breadcrumb\"},\"inLanguage\":\"en-US\",\"potentialAction\":[{\"@type\":\"ReadAction\",\"target\":[\"https:\\\/\\\/akunq.net\\\/tr\\\/?p=59472\"]}]},{\"@type\":\"ImageObject\",\"inLanguage\":\"en-US\",\"@id\":\"https:\\\/\\\/akunq.net\\\/tr\\\/?p=59472#primaryimage\",\"url\":\"https:\\\/\\\/akunq.net\\\/tr\\\/wp-content\\\/uploads\\\/sites\\\/6\\\/2020\\\/10\\\/Alfortville.jpg\",\"contentUrl\":\"https:\\\/\\\/akunq.net\\\/tr\\\/wp-content\\\/uploads\\\/sites\\\/6\\\/2020\\\/10\\\/Alfortville.jpg\",\"width\":910,\"height\":606},{\"@type\":\"BreadcrumbList\",\"@id\":\"https:\\\/\\\/akunq.net\\\/tr\\\/?p=59472#breadcrumb\",\"itemListElement\":[{\"@type\":\"ListItem\",\"position\":1,\"name\":\"Home\",\"item\":\"https:\\\/\\\/akunq.net\\\/tr\"},{\"@type\":\"ListItem\",\"position\":2,\"name\":\"Fransa&#8217;n\u0131n Alfortville \u015fehri Artsakh Cumhuriyeti&#8217;ni tan\u0131d\u0131\"}]},{\"@type\":\"WebSite\",\"@id\":\"https:\\\/\\\/akunq.net\\\/tr\\\/#website\",\"url\":\"https:\\\/\\\/akunq.net\\\/tr\\\/\",\"name\":\"Bati Ermenistan Ve Bati Ermenileri Sorunlari Ara\u015ftirmalar Merkezi\",\"description\":\"\",\"potentialAction\":[{\"@type\":\"SearchAction\",\"target\":{\"@type\":\"EntryPoint\",\"urlTemplate\":\"https:\\\/\\\/akunq.net\\\/tr\\\/?s={search_term_string}\"},\"query-input\":{\"@type\":\"PropertyValueSpecification\",\"valueRequired\":true,\"valueName\":\"search_term_string\"}}],\"inLanguage\":\"en-US\"},{\"@type\":\"Person\",\"@id\":\"https:\\\/\\\/akunq.net\\\/tr\\\/#\\\/schema\\\/person\\\/096f1d38a12cce57fb855b485ed24c9e\",\"name\":\"admin\",\"url\":\"https:\\\/\\\/akunq.net\\\/tr\\\/?author=7\"}]}<\/script>\n<!-- \/ Yoast SEO plugin. -->","yoast_head_json":{"title":"Fransa'n\u0131n Alfortville \u015fehri Artsakh Cumhuriyeti'ni tan\u0131d\u0131 - Bati Ermenistan Ve Bati Ermenileri Sorunlari Ara\u015ftirmalar Merkezi","robots":{"index":"index","follow":"follow","max-snippet":"max-snippet:-1","max-image-preview":"max-image-preview:large","max-video-preview":"max-video-preview:-1"},"canonical":"https:\/\/akunq.net\/tr\/?p=59472","og_locale":"en_US","og_type":"article","og_title":"Fransa'n\u0131n Alfortville \u015fehri Artsakh Cumhuriyeti'ni tan\u0131d\u0131 - Bati Ermenistan Ve Bati Ermenileri Sorunlari Ara\u015ftirmalar Merkezi","og_description":"Fransa&#8217;n\u0131n Alfortville \u015fehri Belediye Ba\u015fkan Yard\u0131mc\u0131s\u0131 Ermeni Garo Kha\u00e7ikyan&#8217;a g\u00f6re Belediye Meclisi, Fransa taraf\u0131ndan Artsakh Cumhuriyetinin tan\u0131nmas\u0131 lehine oy kulland\u0131. Belediye Meclisi&#8217;nde bu karar oy birli\u011fi ile kabul edildi. Belediye Meclisi Alfortville taraf\u0131ndan Artsakh halk\u0131na maddi destek sa\u011flamak i\u00e7in de karar ald\u0131. Paris&#8217;in yak\u0131nlar\u0131ndaki Alfortville \u015fehri Fransa&#8217;n\u0131n, Artsakh Cumhuriyeti&#8217;ni tan\u0131yan ilk \u015fehri oldu. \u00a0Kaynak:\u00a0\u00a0\u00a0Ermenihaber.am &nbsp;","og_url":"https:\/\/akunq.net\/tr\/?p=59472","og_site_name":"Bati Ermenistan Ve Bati Ermenileri Sorunlari Ara\u015ftirmalar Merkezi","article_published_time":"2020-10-09T07:36:41+00:00","og_image":[{"width":910,"height":606,"url":"https:\/\/akunq.net\/tr\/wp-content\/uploads\/sites\/6\/2020\/10\/Alfortville.jpg","type":"image\/jpeg"}],"author":"admin","twitter_card":"summary_large_image","twitter_misc":{"Written by":"admin"},"schema":{"@context":"https:\/\/schema.org","@graph":[{"@type":"Article","@id":"https:\/\/akunq.net\/tr\/?p=59472#article","isPartOf":{"@id":"https:\/\/akunq.net\/tr\/?p=59472"},"author":{"name":"admin","@id":"https:\/\/akunq.net\/tr\/#\/schema\/person\/096f1d38a12cce57fb855b485ed24c9e"},"headline":"Fransa&#8217;n\u0131n Alfortville \u015fehri Artsakh Cumhuriyeti&#8217;ni tan\u0131d\u0131","datePublished":"2020-10-09T07:36:41+00:00","mainEntityOfPage":{"@id":"https:\/\/akunq.net\/tr\/?p=59472"},"wordCount":82,"commentCount":0,"image":{"@id":"https:\/\/akunq.net\/tr\/?p=59472#primaryimage"},"thumbnailUrl":"https:\/\/akunq.net\/tr\/wp-content\/uploads\/sites\/6\/2020\/10\/Alfortville.jpg","articleSection":["Haberler"],"inLanguage":"en-US","potentialAction":[{"@type":"CommentAction","name":"Comment","target":["https:\/\/akunq.net\/tr\/?p=59472#respond"]}]},{"@type":"WebPage","@id":"https:\/\/akunq.net\/tr\/?p=59472","url":"https:\/\/akunq.net\/tr\/?p=59472","name":"Fransa'n\u0131n Alfortville \u015fehri Artsakh Cumhuriyeti'ni tan\u0131d\u0131 - Bati Ermenistan Ve Bati Ermenileri Sorunlari Ara\u015ftirmalar Merkezi","isPartOf":{"@id":"https:\/\/akunq.net\/tr\/#website"},"primaryImageOfPage":{"@id":"https:\/\/akunq.net\/tr\/?p=59472#primaryimage"},"image":{"@id":"https:\/\/akunq.net\/tr\/?p=59472#primaryimage"},"thumbnailUrl":"https:\/\/akunq.net\/tr\/wp-content\/uploads\/sites\/6\/2020\/10\/Alfortville.jpg","datePublished":"2020-10-09T07:36:41+00:00","author":{"@id":"https:\/\/akunq.net\/tr\/#\/schema\/person\/096f1d38a12cce57fb855b485ed24c9e"},"breadcrumb":{"@id":"https:\/\/akunq.net\/tr\/?p=59472#breadcrumb"},"inLanguage":"en-US","potentialAction":[{"@type":"ReadAction","target":["https:\/\/akunq.net\/tr\/?p=59472"]}]},{"@type":"ImageObject","inLanguage":"en-US","@id":"https:\/\/akunq.net\/tr\/?p=59472#primaryimage","url":"https:\/\/akunq.net\/tr\/wp-content\/uploads\/sites\/6\/2020\/10\/Alfortville.jpg","contentUrl":"https:\/\/akunq.net\/tr\/wp-content\/uploads\/sites\/6\/2020\/10\/Alfortville.jpg","width":910,"height":606},{"@type":"BreadcrumbList","@id":"https:\/\/akunq.net\/tr\/?p=59472#breadcrumb","itemListElement":[{"@type":"ListItem","position":1,"name":"Home","item":"https:\/\/akunq.net\/tr"},{"@type":"ListItem","position":2,"name":"Fransa&#8217;n\u0131n Alfortville \u015fehri Artsakh Cumhuriyeti&#8217;ni tan\u0131d\u0131"}]},{"@type":"WebSite","@id":"https:\/\/akunq.net\/tr\/#website","url":"https:\/\/akunq.net\/tr\/","name":"Bati Ermenistan Ve Bati Ermenileri Sorunlari Ara\u015ftirmalar Merkezi","description":"","potentialAction":[{"@type":"SearchAction","target":{"@type":"EntryPoint","urlTemplate":"https:\/\/akunq.net\/tr\/?s={search_term_string}"},"query-input":{"@type":"PropertyValueSpecification","valueRequired":true,"valueName":"search_term_string"}}],"inLanguage":"en-US"},{"@type":"Person","@id":"https:\/\/akunq.net\/tr\/#\/schema\/person\/096f1d38a12cce57fb855b485ed24c9e","name":"admin","url":"https:\/\/akunq.net\/tr\/?author=7"}]}},"_links":{"self":[{"href":"https:\/\/akunq.net\/tr\/index.php?rest_route=\/wp\/v2\/posts\/59472","targetHints":{"allow":["GET"]}}],"collection":[{"href":"https:\/\/akunq.net\/tr\/index.php?rest_route=\/wp\/v2\/posts"}],"about":[{"href":"https:\/\/akunq.net\/tr\/index.php?rest_route=\/wp\/v2\/types\/post"}],"author":[{"embeddable":true,"href":"https:\/\/akunq.net\/tr\/index.php?rest_route=\/wp\/v2\/users\/7"}],"replies":[{"embeddable":true,"href":"https:\/\/akunq.net\/tr\/index.php?rest_route=%2Fwp%2Fv2%2Fcomments&post=59472"}],"version-history":[{"count":1,"href":"https:\/\/akunq.net\/tr\/index.php?rest_route=\/wp\/v2\/posts\/59472\/revisions"}],"predecessor-version":[{"id":59474,"href":"https:\/\/akunq.net\/tr\/index.php?rest_route=\/wp\/v2\/posts\/59472\/revisions\/59474"}],"wp:featuredmedia":[{"embeddable":true,"href":"https:\/\/akunq.net\/tr\/index.php?rest_route=\/wp\/v2\/media\/59473"}],"wp:attachment":[{"href":"https:\/\/akunq.net\/tr\/index.php?rest_route=%2Fwp%2Fv2%2Fmedia&parent=59472"}],"wp:term":[{"taxonomy":"category","embeddable":true,"href":"https:\/\/akunq.net\/tr\/index.php?rest_route=%2Fwp%2Fv2%2Fcategories&post=59472"},{"taxonomy":"post_tag","embeddable":true,"href":"https:\/\/akunq.net\/tr\/index.php?rest_route=%2Fwp%2Fv2%2Ftags&post=59472"}],"curies":[{"name":"wp","href":"https:\/\/api.w.org\/{rel}","templated":true}]}}