{"id":59466,"date":"2020-10-09T02:10:53","date_gmt":"2020-10-09T07:10:53","guid":{"rendered":"https:\/\/akunq.net\/tr\/?p=59466"},"modified":"2020-10-09T02:10:53","modified_gmt":"2020-10-09T07:10:53","slug":"kavala-hakkinda-yeni-iddianame-3-kez-agirlastirilmis-muebbet-isteniyor","status":"publish","type":"post","link":"https:\/\/akunq.net\/tr\/?p=59466","title":{"rendered":"Kavala hakk\u0131nda yeni iddianame: 3 kez a\u011f\u0131rla\u015ft\u0131r\u0131lm\u0131\u015f m\u00fcebbet isteniyor"},"content":{"rendered":"<h4><img loading=\"lazy\" decoding=\"async\" class=\"alignleft size-medium wp-image-59467\" src=\"https:\/\/akunq.net\/tr\/wp-content\/uploads\/2020\/10\/Kavala-360x203.jpg\" alt=\"\" width=\"360\" height=\"203\" srcset=\"https:\/\/akunq.net\/tr\/wp-content\/uploads\/sites\/6\/2020\/10\/Kavala-360x203.jpg 360w, https:\/\/akunq.net\/tr\/wp-content\/uploads\/sites\/6\/2020\/10\/Kavala-560x315.jpg 560w, https:\/\/akunq.net\/tr\/wp-content\/uploads\/sites\/6\/2020\/10\/Kavala-260x146.jpg 260w, https:\/\/akunq.net\/tr\/wp-content\/uploads\/sites\/6\/2020\/10\/Kavala-160x90.jpg 160w, https:\/\/akunq.net\/tr\/wp-content\/uploads\/sites\/6\/2020\/10\/Kavala.jpg 736w\" sizes=\"auto, (max-width: 360px) 100vw, 360px\" \/><\/h4>\n<h4><em>\u0130stanbul Cumhuriyet Ba\u015fsavc\u0131l\u0131\u011f\u0131, Gezi Davas\u0131&#8217;nda beraat etmesinin ard\u0131ndan bu kez de &#8220;casusluk&#8221; su\u00e7lamas\u0131yla tutuklu bulunan sivil toplum \u00e7al\u0131\u015fan\u0131 Osman Kavala hakk\u0131nda haz\u0131rlad\u0131\u011f\u0131 iddianameyi \u0130stanbul 36. A\u011f\u0131r Ceza Mahkemesi&#8217;ne g\u00f6nderdi. \u0130ddianamede , Kavala ve akademisyen Henri Barkey hakk\u0131nda, 3 kez a\u011f\u0131rla\u015ft\u0131r\u0131lm\u0131\u015f m\u00fcebbet ve 20 y\u0131la kadar hapis cezas\u0131 isteniyor.<\/em><\/h4>\n<p>\u0130ddianamede Osman Kavala, &#8220;T\u00fcrkiye Cumhuriyeti Anayasas\u0131&#8217;n\u0131n \u00f6ng\u00f6rd\u00fc\u011f\u00fc d\u00fczeni ortadan kald\u0131rma veya bu d\u00fczen yerine ba\u015fka bir d\u00fczen getirme veya bu d\u00fczenin fiilen uygulanmas\u0131n\u0131 \u00f6nlemek&#8221;le, &#8220;T\u00fcrkiye B\u00fcy\u00fck Millet Meclisi&#8217;nin g\u00f6revlerini k\u0131smen veya tamamen yapmas\u0131n\u0131 engellemek&#8221;le ve &#8220;T\u00fcrkiye Cumhuriyeti H\u00fck\u00fcmetini ortadan kald\u0131rma veya g\u00f6revlerini yapmas\u0131n\u0131 tamamen engellemek&#8221;le su\u00e7lan\u0131yor.<\/p>\n<p>\u0130ddianamede, &#8220;ter\u00f6r \u00f6rg\u00fctleri ile derin irtibatl\u0131 oldu\u011fu&#8221; \u00f6ne s\u00fcr\u00fclen uluslararas\u0131 ili\u015fkiler uzman\u0131, eski ABD D\u0131\u015fi\u015fleri Bakanl\u0131\u011f\u0131 \u00e7al\u0131\u015fan\u0131 ve akademisyen Henri Jak Barkey&#8217;nin Osman Kavala ile birlikte yapt\u0131klar\u0131 toplant\u0131lar\u0131n, &#8220;T\u00fcrkiye Cumhuriyeti devletinin ulusal menfaatleri aleyhine yap\u0131lm\u0131\u015f faaliyetler oldu\u011fu&#8221;\u00a0 \u00f6ne s\u00fcr\u00fcl\u00fcyor.<\/p>\n<p>\u0130ddianamede ayr\u0131ca \u015fu ifadeler yer al\u0131yor:<\/p>\n<p>&#8220;Her ne kadar Cumhuriyet Ba\u015fsavc\u0131l\u0131\u011f\u0131m\u0131zca Gezi Kalk\u0131\u015fmas\u0131na ili\u015fkin y\u00fcr\u00fct\u00fclen soru\u015fturma s\u00fcrecinde \u015f\u00fcpheli Henri Jak Barkey hakk\u0131nda yeterli bilgi ve bulgulara ula\u015f\u0131lamam\u0131\u015f ise de, (\u2026) Barkey&#8217;in Gezi Kalk\u0131\u015fmas\u0131 s\u00fcrecindeki tespit edilebilen eylem ve faaliyetlerinin normalin \u00f6tesinde dikkat \u00e7ekici oldu\u011fu gibi Gezi Kalk\u0131\u015fmas\u0131n\u0131n yasal me\u015fru h\u00fck\u00fcmet taraf\u0131ndan al\u0131nan \u00f6nlemlerle durdurulmas\u0131 sonras\u0131nda 15 Temmuz darbe giri\u015fimine kadar devam eden s\u00fcre\u00e7te \u015f\u00fcpheli Mehmet Osman Kavala ile ayn\u0131 amaca y\u00f6nelik olarak birbiriyle uyumlu oldu\u011fu g\u00f6r\u00fclm\u00fc\u015ft\u00fcr.&#8221;<\/p>\n<p>\u0130ddianamede Barkey ve Kavala&#8217;n\u0131n cep telefonlar\u0131n\u0131n \u00e7e\u015fitli tarihlerde \u0130stanbul&#8217;un \u015ei\u015fli il\u00e7esinde ayn\u0131 baz istasyonundan birka\u00e7 dakika arayla sinyal ald\u0131\u011f\u0131 \u00f6ne s\u00fcr\u00fcl\u00fcyor. Kavala ve Barkey&#8217;in darbe giri\u015fiminden \u00fc\u00e7 g\u00fcn sonra da Karak\u00f6y&#8217;de bir restoranda yemek yedikleri iddia ediliyor. Kavala\u00a0 bu iddiay\u0131 yalanlam\u0131\u015f, Barkey ile yemek yemedi\u011fini, bir restoranda kar\u015f\u0131la\u015ft\u0131klar\u0131nda selam verdi\u011fini s\u00f6ylemi\u015fti.<\/p>\n<p>Barkey\u00a0 15-17 Temmuz 2016&#8217;da \u0130stanbul B\u00fcy\u00fckada&#8217;da bir toplant\u0131 d\u00fczenlemek ve bu vesileyle &#8220;darbe giri\u015fiminde rol almakla&#8221; su\u00e7lan\u0131yor:<\/p>\n<p>Gezi Park\u0131 Davas\u0131&#8217;nda tutuklu yarg\u0131lanan Kavala, 18 \u015eubat&#8217;ta beraat etmi\u015f fakat ayn\u0131 g\u00fcn, ba\u015fka bir soru\u015fturmadan\u00a0 tutuklanm\u0131\u015ft\u0131.<\/p>\n<p>1064 g\u00fcnd\u00fcr tutuklu olan Kavala, Anayasa Mahkemesi&#8217;ne (AYM) ba\u015fvurmu\u015ftu.<\/p>\n<p>AYM&#8217;nin bug\u00fcn konuyla ilgili karar\u0131n\u0131 a\u00e7\u0131klamas\u0131 bekleniyordu.<\/p>\n<p>Fakat AYM, iddianamenin tamamlanma a\u015famas\u0131na geldi\u011fini gerek\u00e7e g\u00f6stererek konuyla ilgili oturumunu erteledi.<\/p>\n<p>Avrupa \u0130nsan Haklar\u0131 Mahkemesi (A\u0130HM) de Aral\u0131k 2019&#8217;da Kavala&#8217;n\u0131n tutuksuz yarg\u0131lanmas\u0131 y\u00f6n\u00fcnde bir karar vermi\u015f, bu karar T\u00fcrkiye taraf\u0131ndan uygulanmam\u0131\u015ft\u0131.<\/p>\n<p>Son olarak Avrupa Konseyi Bakanlar Komitesi, T\u00fcrkiye&#8217;nin bu karara uymamas\u0131 nedeniyle d\u00fczenledi\u011fi denetim toplant\u0131s\u0131nda Kavala&#8217;n\u0131n serbest b\u0131rak\u0131lmas\u0131 \u00e7a\u011fr\u0131s\u0131 yapm\u0131\u015ft\u0131.<\/p>\n<p>25 Temmuz 2020 tarihinde Kavala&#8217;n\u0131n tutuklulu\u011funun 1000. g\u00fcn\u00fcnde bir bas\u0131n toplant\u0131s\u0131 d\u00fczenleyen Kavala&#8217;n\u0131n avukatlar\u0131ndan \u0130lkan Koyuncu,\u00a0 casusluk ile ilgili y\u00f6neltilen su\u00e7lamalar\u0131n 7 y\u0131l \u00f6ncesine dayand\u0131\u011f\u0131n\u0131 ve 7 y\u0131lda ni\u00e7in hi\u00e7bir soru\u015fturma a\u00e7\u0131lmad\u0131\u011f\u0131n\u0131 sormu\u015ftu.<\/p>\n<p>Koyuncu &#8220;Casusluk yapmak i\u00e7in kamu\u00a0 g\u00f6revlisi olmak gerekir. Kamu g\u00f6revlisi olmayan Kavala hangi dosyalara eri\u015febilecek konumdayd\u0131, bunlar\u0131 hangi devlete verdi, bu sorular\u0131n yan\u0131t\u0131n\u0131 iddia makamlar\u0131ndan alam\u0131yoruz&#8221; demi\u015fti.<\/p>\n<p>Kavala aleyhinde hi\u00e7bir delil olmad\u0131\u011f\u0131n\u0131 s\u00f6yleyen Koyuncu &#8220;Bir soru\u015fturma dosyas\u0131 var, onun i\u00e7ine b\u00fct\u00fcn su\u00e7lamalar sokuluyor&#8221; demi\u015fti.<\/p>\n<p><em><strong>(Ajanslar, BBC T\u00fcrk\u00e7e)<\/strong><\/em><\/p>\n<p><em><strong>http:\/\/www.agos.com.tr\/tr\/yazi\/24674\/kavala-hakkinda-yeni-iddianame-3-kez-agirlastirilmis-muebbet-isteniyor<\/strong><\/em><\/p>\n","protected":false},"excerpt":{"rendered":"<p>\u0130stanbul Cumhuriyet Ba\u015fsavc\u0131l\u0131\u011f\u0131, Gezi Davas\u0131&#8217;nda beraat etmesinin ard\u0131ndan bu kez de &#8220;casusluk&#8221; su\u00e7lamas\u0131yla tutuklu bulunan sivil toplum \u00e7al\u0131\u015fan\u0131 Osman Kavala hakk\u0131nda haz\u0131rlad\u0131\u011f\u0131 iddianameyi \u0130stanbul 36. A\u011f\u0131r Ceza Mahkemesi&#8217;ne g\u00f6nderdi. \u0130ddianamede , Kavala ve akademisyen Henri Barkey hakk\u0131nda, 3 kez a\u011f\u0131rla\u015ft\u0131r\u0131lm\u0131\u015f m\u00fcebbet ve 20 y\u0131la kadar hapis cezas\u0131 isteniyor. \u0130ddianamede Osman Kavala, &#8220;T\u00fcrkiye Cumhuriyeti Anayasas\u0131&#8217;n\u0131n \u00f6ng\u00f6rd\u00fc\u011f\u00fc [&hellip;]<\/p>\n","protected":false},"author":7,"featured_media":59467,"comment_status":"open","ping_status":"open","sticky":false,"template":"","format":"standard","meta":{"footnotes":""},"categories":[1],"tags":[],"class_list":["post-59466","post","type-post","status-publish","format-standard","has-post-thumbnail","hentry","category-haberler"],"yoast_head":"<!-- This site is optimized with the Yoast SEO plugin v27.4 - https:\/\/yoast.com\/product\/yoast-seo-wordpress\/ -->\n<title>Kavala hakk\u0131nda yeni iddianame: 3 kez a\u011f\u0131rla\u015ft\u0131r\u0131lm\u0131\u015f m\u00fcebbet isteniyor - Bati Ermenistan Ve Bati Ermenileri Sorunlari Ara\u015ftirmalar Merkezi<\/title>\n<meta name=\"robots\" content=\"index, follow, max-snippet:-1, max-image-preview:large, max-video-preview:-1\" \/>\n<link rel=\"canonical\" href=\"https:\/\/akunq.net\/tr\/?p=59466\" \/>\n<meta property=\"og:locale\" content=\"en_US\" \/>\n<meta property=\"og:type\" content=\"article\" \/>\n<meta property=\"og:title\" content=\"Kavala hakk\u0131nda yeni iddianame: 3 kez a\u011f\u0131rla\u015ft\u0131r\u0131lm\u0131\u015f m\u00fcebbet isteniyor - Bati Ermenistan Ve Bati Ermenileri Sorunlari Ara\u015ftirmalar Merkezi\" \/>\n<meta property=\"og:description\" content=\"\u0130stanbul Cumhuriyet Ba\u015fsavc\u0131l\u0131\u011f\u0131, Gezi Davas\u0131&#8217;nda beraat etmesinin ard\u0131ndan bu kez de &#8220;casusluk&#8221; su\u00e7lamas\u0131yla tutuklu bulunan sivil toplum \u00e7al\u0131\u015fan\u0131 Osman Kavala hakk\u0131nda haz\u0131rlad\u0131\u011f\u0131 iddianameyi \u0130stanbul 36. A\u011f\u0131r Ceza Mahkemesi&#8217;ne g\u00f6nderdi. \u0130ddianamede , Kavala ve akademisyen Henri Barkey hakk\u0131nda, 3 kez a\u011f\u0131rla\u015ft\u0131r\u0131lm\u0131\u015f m\u00fcebbet ve 20 y\u0131la kadar hapis cezas\u0131 isteniyor. \u0130ddianamede Osman Kavala, &#8220;T\u00fcrkiye Cumhuriyeti Anayasas\u0131&#8217;n\u0131n \u00f6ng\u00f6rd\u00fc\u011f\u00fc [&hellip;]\" \/>\n<meta property=\"og:url\" content=\"https:\/\/akunq.net\/tr\/?p=59466\" \/>\n<meta property=\"og:site_name\" content=\"Bati Ermenistan Ve Bati Ermenileri Sorunlari Ara\u015ftirmalar Merkezi\" \/>\n<meta property=\"article:published_time\" content=\"2020-10-09T07:10:53+00:00\" \/>\n<meta property=\"og:image\" content=\"https:\/\/akunq.net\/tr\/wp-content\/uploads\/sites\/6\/2020\/10\/Kavala.jpg\" \/>\n\t<meta property=\"og:image:width\" content=\"736\" \/>\n\t<meta property=\"og:image:height\" content=\"414\" \/>\n\t<meta property=\"og:image:type\" content=\"image\/jpeg\" \/>\n<meta name=\"author\" content=\"admin\" \/>\n<meta name=\"twitter:card\" content=\"summary_large_image\" \/>\n<meta name=\"twitter:label1\" content=\"Written by\" \/>\n\t<meta name=\"twitter:data1\" content=\"admin\" \/>\n\t<meta name=\"twitter:label2\" content=\"Est. reading time\" \/>\n\t<meta name=\"twitter:data2\" content=\"3 minutes\" \/>\n<script type=\"application\/ld+json\" class=\"yoast-schema-graph\">{\"@context\":\"https:\\\/\\\/schema.org\",\"@graph\":[{\"@type\":\"Article\",\"@id\":\"https:\\\/\\\/akunq.net\\\/tr\\\/?p=59466#article\",\"isPartOf\":{\"@id\":\"https:\\\/\\\/akunq.net\\\/tr\\\/?p=59466\"},\"author\":{\"name\":\"admin\",\"@id\":\"https:\\\/\\\/akunq.net\\\/tr\\\/#\\\/schema\\\/person\\\/096f1d38a12cce57fb855b485ed24c9e\"},\"headline\":\"Kavala hakk\u0131nda yeni iddianame: 3 kez a\u011f\u0131rla\u015ft\u0131r\u0131lm\u0131\u015f m\u00fcebbet isteniyor\",\"datePublished\":\"2020-10-09T07:10:53+00:00\",\"mainEntityOfPage\":{\"@id\":\"https:\\\/\\\/akunq.net\\\/tr\\\/?p=59466\"},\"wordCount\":657,\"commentCount\":0,\"image\":{\"@id\":\"https:\\\/\\\/akunq.net\\\/tr\\\/?p=59466#primaryimage\"},\"thumbnailUrl\":\"https:\\\/\\\/akunq.net\\\/tr\\\/wp-content\\\/uploads\\\/sites\\\/6\\\/2020\\\/10\\\/Kavala.jpg\",\"articleSection\":[\"Haberler\"],\"inLanguage\":\"en-US\",\"potentialAction\":[{\"@type\":\"CommentAction\",\"name\":\"Comment\",\"target\":[\"https:\\\/\\\/akunq.net\\\/tr\\\/?p=59466#respond\"]}]},{\"@type\":\"WebPage\",\"@id\":\"https:\\\/\\\/akunq.net\\\/tr\\\/?p=59466\",\"url\":\"https:\\\/\\\/akunq.net\\\/tr\\\/?p=59466\",\"name\":\"Kavala hakk\u0131nda yeni iddianame: 3 kez a\u011f\u0131rla\u015ft\u0131r\u0131lm\u0131\u015f m\u00fcebbet isteniyor - Bati Ermenistan Ve Bati Ermenileri Sorunlari Ara\u015ftirmalar Merkezi\",\"isPartOf\":{\"@id\":\"https:\\\/\\\/akunq.net\\\/tr\\\/#website\"},\"primaryImageOfPage\":{\"@id\":\"https:\\\/\\\/akunq.net\\\/tr\\\/?p=59466#primaryimage\"},\"image\":{\"@id\":\"https:\\\/\\\/akunq.net\\\/tr\\\/?p=59466#primaryimage\"},\"thumbnailUrl\":\"https:\\\/\\\/akunq.net\\\/tr\\\/wp-content\\\/uploads\\\/sites\\\/6\\\/2020\\\/10\\\/Kavala.jpg\",\"datePublished\":\"2020-10-09T07:10:53+00:00\",\"author\":{\"@id\":\"https:\\\/\\\/akunq.net\\\/tr\\\/#\\\/schema\\\/person\\\/096f1d38a12cce57fb855b485ed24c9e\"},\"breadcrumb\":{\"@id\":\"https:\\\/\\\/akunq.net\\\/tr\\\/?p=59466#breadcrumb\"},\"inLanguage\":\"en-US\",\"potentialAction\":[{\"@type\":\"ReadAction\",\"target\":[\"https:\\\/\\\/akunq.net\\\/tr\\\/?p=59466\"]}]},{\"@type\":\"ImageObject\",\"inLanguage\":\"en-US\",\"@id\":\"https:\\\/\\\/akunq.net\\\/tr\\\/?p=59466#primaryimage\",\"url\":\"https:\\\/\\\/akunq.net\\\/tr\\\/wp-content\\\/uploads\\\/sites\\\/6\\\/2020\\\/10\\\/Kavala.jpg\",\"contentUrl\":\"https:\\\/\\\/akunq.net\\\/tr\\\/wp-content\\\/uploads\\\/sites\\\/6\\\/2020\\\/10\\\/Kavala.jpg\",\"width\":736,\"height\":414},{\"@type\":\"BreadcrumbList\",\"@id\":\"https:\\\/\\\/akunq.net\\\/tr\\\/?p=59466#breadcrumb\",\"itemListElement\":[{\"@type\":\"ListItem\",\"position\":1,\"name\":\"Home\",\"item\":\"https:\\\/\\\/akunq.net\\\/tr\"},{\"@type\":\"ListItem\",\"position\":2,\"name\":\"Kavala hakk\u0131nda yeni iddianame: 3 kez a\u011f\u0131rla\u015ft\u0131r\u0131lm\u0131\u015f m\u00fcebbet isteniyor\"}]},{\"@type\":\"WebSite\",\"@id\":\"https:\\\/\\\/akunq.net\\\/tr\\\/#website\",\"url\":\"https:\\\/\\\/akunq.net\\\/tr\\\/\",\"name\":\"Bati Ermenistan Ve Bati Ermenileri Sorunlari Ara\u015ftirmalar Merkezi\",\"description\":\"\",\"potentialAction\":[{\"@type\":\"SearchAction\",\"target\":{\"@type\":\"EntryPoint\",\"urlTemplate\":\"https:\\\/\\\/akunq.net\\\/tr\\\/?s={search_term_string}\"},\"query-input\":{\"@type\":\"PropertyValueSpecification\",\"valueRequired\":true,\"valueName\":\"search_term_string\"}}],\"inLanguage\":\"en-US\"},{\"@type\":\"Person\",\"@id\":\"https:\\\/\\\/akunq.net\\\/tr\\\/#\\\/schema\\\/person\\\/096f1d38a12cce57fb855b485ed24c9e\",\"name\":\"admin\",\"url\":\"https:\\\/\\\/akunq.net\\\/tr\\\/?author=7\"}]}<\/script>\n<!-- \/ Yoast SEO plugin. -->","yoast_head_json":{"title":"Kavala hakk\u0131nda yeni iddianame: 3 kez a\u011f\u0131rla\u015ft\u0131r\u0131lm\u0131\u015f m\u00fcebbet isteniyor - Bati Ermenistan Ve Bati Ermenileri Sorunlari Ara\u015ftirmalar Merkezi","robots":{"index":"index","follow":"follow","max-snippet":"max-snippet:-1","max-image-preview":"max-image-preview:large","max-video-preview":"max-video-preview:-1"},"canonical":"https:\/\/akunq.net\/tr\/?p=59466","og_locale":"en_US","og_type":"article","og_title":"Kavala hakk\u0131nda yeni iddianame: 3 kez a\u011f\u0131rla\u015ft\u0131r\u0131lm\u0131\u015f m\u00fcebbet isteniyor - Bati Ermenistan Ve Bati Ermenileri Sorunlari Ara\u015ftirmalar Merkezi","og_description":"\u0130stanbul Cumhuriyet Ba\u015fsavc\u0131l\u0131\u011f\u0131, Gezi Davas\u0131&#8217;nda beraat etmesinin ard\u0131ndan bu kez de &#8220;casusluk&#8221; su\u00e7lamas\u0131yla tutuklu bulunan sivil toplum \u00e7al\u0131\u015fan\u0131 Osman Kavala hakk\u0131nda haz\u0131rlad\u0131\u011f\u0131 iddianameyi \u0130stanbul 36. A\u011f\u0131r Ceza Mahkemesi&#8217;ne g\u00f6nderdi. \u0130ddianamede , Kavala ve akademisyen Henri Barkey hakk\u0131nda, 3 kez a\u011f\u0131rla\u015ft\u0131r\u0131lm\u0131\u015f m\u00fcebbet ve 20 y\u0131la kadar hapis cezas\u0131 isteniyor. \u0130ddianamede Osman Kavala, &#8220;T\u00fcrkiye Cumhuriyeti Anayasas\u0131&#8217;n\u0131n \u00f6ng\u00f6rd\u00fc\u011f\u00fc [&hellip;]","og_url":"https:\/\/akunq.net\/tr\/?p=59466","og_site_name":"Bati Ermenistan Ve Bati Ermenileri Sorunlari Ara\u015ftirmalar Merkezi","article_published_time":"2020-10-09T07:10:53+00:00","og_image":[{"width":736,"height":414,"url":"https:\/\/akunq.net\/tr\/wp-content\/uploads\/sites\/6\/2020\/10\/Kavala.jpg","type":"image\/jpeg"}],"author":"admin","twitter_card":"summary_large_image","twitter_misc":{"Written by":"admin","Est. reading time":"3 minutes"},"schema":{"@context":"https:\/\/schema.org","@graph":[{"@type":"Article","@id":"https:\/\/akunq.net\/tr\/?p=59466#article","isPartOf":{"@id":"https:\/\/akunq.net\/tr\/?p=59466"},"author":{"name":"admin","@id":"https:\/\/akunq.net\/tr\/#\/schema\/person\/096f1d38a12cce57fb855b485ed24c9e"},"headline":"Kavala hakk\u0131nda yeni iddianame: 3 kez a\u011f\u0131rla\u015ft\u0131r\u0131lm\u0131\u015f m\u00fcebbet isteniyor","datePublished":"2020-10-09T07:10:53+00:00","mainEntityOfPage":{"@id":"https:\/\/akunq.net\/tr\/?p=59466"},"wordCount":657,"commentCount":0,"image":{"@id":"https:\/\/akunq.net\/tr\/?p=59466#primaryimage"},"thumbnailUrl":"https:\/\/akunq.net\/tr\/wp-content\/uploads\/sites\/6\/2020\/10\/Kavala.jpg","articleSection":["Haberler"],"inLanguage":"en-US","potentialAction":[{"@type":"CommentAction","name":"Comment","target":["https:\/\/akunq.net\/tr\/?p=59466#respond"]}]},{"@type":"WebPage","@id":"https:\/\/akunq.net\/tr\/?p=59466","url":"https:\/\/akunq.net\/tr\/?p=59466","name":"Kavala hakk\u0131nda yeni iddianame: 3 kez a\u011f\u0131rla\u015ft\u0131r\u0131lm\u0131\u015f m\u00fcebbet isteniyor - Bati Ermenistan Ve Bati Ermenileri Sorunlari Ara\u015ftirmalar Merkezi","isPartOf":{"@id":"https:\/\/akunq.net\/tr\/#website"},"primaryImageOfPage":{"@id":"https:\/\/akunq.net\/tr\/?p=59466#primaryimage"},"image":{"@id":"https:\/\/akunq.net\/tr\/?p=59466#primaryimage"},"thumbnailUrl":"https:\/\/akunq.net\/tr\/wp-content\/uploads\/sites\/6\/2020\/10\/Kavala.jpg","datePublished":"2020-10-09T07:10:53+00:00","author":{"@id":"https:\/\/akunq.net\/tr\/#\/schema\/person\/096f1d38a12cce57fb855b485ed24c9e"},"breadcrumb":{"@id":"https:\/\/akunq.net\/tr\/?p=59466#breadcrumb"},"inLanguage":"en-US","potentialAction":[{"@type":"ReadAction","target":["https:\/\/akunq.net\/tr\/?p=59466"]}]},{"@type":"ImageObject","inLanguage":"en-US","@id":"https:\/\/akunq.net\/tr\/?p=59466#primaryimage","url":"https:\/\/akunq.net\/tr\/wp-content\/uploads\/sites\/6\/2020\/10\/Kavala.jpg","contentUrl":"https:\/\/akunq.net\/tr\/wp-content\/uploads\/sites\/6\/2020\/10\/Kavala.jpg","width":736,"height":414},{"@type":"BreadcrumbList","@id":"https:\/\/akunq.net\/tr\/?p=59466#breadcrumb","itemListElement":[{"@type":"ListItem","position":1,"name":"Home","item":"https:\/\/akunq.net\/tr"},{"@type":"ListItem","position":2,"name":"Kavala hakk\u0131nda yeni iddianame: 3 kez a\u011f\u0131rla\u015ft\u0131r\u0131lm\u0131\u015f m\u00fcebbet isteniyor"}]},{"@type":"WebSite","@id":"https:\/\/akunq.net\/tr\/#website","url":"https:\/\/akunq.net\/tr\/","name":"Bati Ermenistan Ve Bati Ermenileri Sorunlari Ara\u015ftirmalar Merkezi","description":"","potentialAction":[{"@type":"SearchAction","target":{"@type":"EntryPoint","urlTemplate":"https:\/\/akunq.net\/tr\/?s={search_term_string}"},"query-input":{"@type":"PropertyValueSpecification","valueRequired":true,"valueName":"search_term_string"}}],"inLanguage":"en-US"},{"@type":"Person","@id":"https:\/\/akunq.net\/tr\/#\/schema\/person\/096f1d38a12cce57fb855b485ed24c9e","name":"admin","url":"https:\/\/akunq.net\/tr\/?author=7"}]}},"_links":{"self":[{"href":"https:\/\/akunq.net\/tr\/index.php?rest_route=\/wp\/v2\/posts\/59466","targetHints":{"allow":["GET"]}}],"collection":[{"href":"https:\/\/akunq.net\/tr\/index.php?rest_route=\/wp\/v2\/posts"}],"about":[{"href":"https:\/\/akunq.net\/tr\/index.php?rest_route=\/wp\/v2\/types\/post"}],"author":[{"embeddable":true,"href":"https:\/\/akunq.net\/tr\/index.php?rest_route=\/wp\/v2\/users\/7"}],"replies":[{"embeddable":true,"href":"https:\/\/akunq.net\/tr\/index.php?rest_route=%2Fwp%2Fv2%2Fcomments&post=59466"}],"version-history":[{"count":1,"href":"https:\/\/akunq.net\/tr\/index.php?rest_route=\/wp\/v2\/posts\/59466\/revisions"}],"predecessor-version":[{"id":59468,"href":"https:\/\/akunq.net\/tr\/index.php?rest_route=\/wp\/v2\/posts\/59466\/revisions\/59468"}],"wp:featuredmedia":[{"embeddable":true,"href":"https:\/\/akunq.net\/tr\/index.php?rest_route=\/wp\/v2\/media\/59467"}],"wp:attachment":[{"href":"https:\/\/akunq.net\/tr\/index.php?rest_route=%2Fwp%2Fv2%2Fmedia&parent=59466"}],"wp:term":[{"taxonomy":"category","embeddable":true,"href":"https:\/\/akunq.net\/tr\/index.php?rest_route=%2Fwp%2Fv2%2Fcategories&post=59466"},{"taxonomy":"post_tag","embeddable":true,"href":"https:\/\/akunq.net\/tr\/index.php?rest_route=%2Fwp%2Fv2%2Ftags&post=59466"}],"curies":[{"name":"wp","href":"https:\/\/api.w.org\/{rel}","templated":true}]}}