{"id":59461,"date":"2020-10-09T01:57:29","date_gmt":"2020-10-09T06:57:29","guid":{"rendered":"https:\/\/akunq.net\/tr\/?p=59461"},"modified":"2020-10-09T01:57:29","modified_gmt":"2020-10-09T06:57:29","slug":"putinden-insani-nedenlerle-daglik-karabagdaki-catismalarin-durdurulmasi-cagrisi","status":"publish","type":"post","link":"https:\/\/akunq.net\/tr\/?p=59461","title":{"rendered":"Putin\u2019den insani nedenlerle Da\u011fl\u0131k Karaba\u011f\u2019daki \u00e7at\u0131\u015fmalar\u0131n durdurulmas\u0131 \u00e7a\u011fr\u0131s\u0131"},"content":{"rendered":"<p><img loading=\"lazy\" decoding=\"async\" class=\"alignleft size-medium wp-image-59462\" src=\"https:\/\/akunq.net\/tr\/wp-content\/uploads\/2020\/10\/Putin-1-360x240.jpeg\" alt=\"\" width=\"360\" height=\"240\" srcset=\"https:\/\/akunq.net\/tr\/wp-content\/uploads\/sites\/6\/2020\/10\/Putin-1-360x240.jpeg 360w, https:\/\/akunq.net\/tr\/wp-content\/uploads\/sites\/6\/2020\/10\/Putin-1-768x511.jpeg 768w, https:\/\/akunq.net\/tr\/wp-content\/uploads\/sites\/6\/2020\/10\/Putin-1-560x373.jpeg 560w, https:\/\/akunq.net\/tr\/wp-content\/uploads\/sites\/6\/2020\/10\/Putin-1-260x173.jpeg 260w, https:\/\/akunq.net\/tr\/wp-content\/uploads\/sites\/6\/2020\/10\/Putin-1-160x107.jpeg 160w, https:\/\/akunq.net\/tr\/wp-content\/uploads\/sites\/6\/2020\/10\/Putin-1.jpeg 1368w\" sizes=\"auto, (max-width: 360px) 100vw, 360px\" \/><\/p>\n<p><em><strong>Rusya Devlet Ba\u015fkan\u0131 Vladimir Putin, Karaba\u011f\u2019daki taraflar\u0131, esir ve \u00f6l\u00fc takas\u0131 amac\u0131yla \u00e7at\u0131\u015fmalara son vermeye \u00e7a\u011f\u0131rd\u0131.<\/strong><\/em><\/p>\n<p>Putin ayr\u0131ca Da\u011fl\u0131k Karaba\u011f\u2019daki \u00e7at\u0131\u015fmalarla ilgili, Azerbaycan ve Ermenistan D\u0131\u015fi\u015fleri Bakanlar\u0131n\u0131 Moskova\u2019ya davet etti.<\/p>\n<p>Kremlin\u2019den yap\u0131lan yaz\u0131l\u0131 a\u00e7\u0131klamada, Azerbaycan Cumhurba\u015fkan\u0131 \u0130lham Aliyev ve Ermenistan Ba\u015fbakan\u0131 Nikol Pa\u015finyan ile Putin\u2019in bir dizi telefon g\u00f6r\u00fc\u015fmesi yapt\u0131\u011f\u0131 hat\u0131rlat\u0131larak cenazelerin\u00a0ve esirlerin de\u011fi\u015fimi i\u00e7in insani nedenlerle Da\u011fl\u0131k Karaba\u011f\u2019daki \u00e7at\u0131\u015fmalar\u0131n durdurulmas\u0131 \u00e7a\u011fr\u0131s\u0131nda bulundu\u011fu kaydedildi.<\/p>\n<p><strong>Davet\u00a0tarihi 9 Ekim\u00a0<\/strong><\/p>\n<p>A\u00e7\u0131klamada, \u201cAzerbaycan ve Ermenistan D\u0131\u015fi\u015fleri Bakanlar\u0131, Rusya D\u0131\u015fi\u015fleri Bakan\u0131n\u0131n ara buluculu\u011funda bu konularda isti\u015farelerde bulunmak \u00fczere 9 Ekim\u2019de Moskova\u2019ya davet ediliyor\u201d ifadeleri kullan\u0131ld\u0131.<\/p>\n<p>Da\u011fl\u0131k Karaba\u011f&#8217;daki \u00e7at\u0131\u015fmalar 27 Eyl\u00fcl Pazar g\u00fcn\u00fc sabah saatlerinde Ermenistan&#8217;\u0131n ate\u015fkes ihlaliyle ba\u015flad\u0131.<\/p>\n<p>\u0130hlal \u00e7at\u0131\u015fmaya d\u00f6n\u00fc\u015ft\u00fc ve iki taraf \u00e7ok say\u0131da kay\u0131p verdi.<\/p>\n<p>G\u00fcney Kafkasya\u2019da 4 bin 400 kilometrekarelik bir alan\u0131 kapsayan Da\u011fl\u0131k Karaba\u011f, Azerbaycan ile Ermenistan aras\u0131ndaki en b\u00fcy\u00fck sorun olarak y\u0131llard\u0131r \u00e7\u00f6z\u00fcm bekliyor.<\/p>\n<p><em><strong>Foto\u011fraf: Reuters<\/strong><\/em><\/p>\n<p><strong><em>Independent T\u00fcrk\u00e7e, Sputnik\u00a0<\/em><\/strong><\/p>\n","protected":false},"excerpt":{"rendered":"<p>Rusya Devlet Ba\u015fkan\u0131 Vladimir Putin, Karaba\u011f\u2019daki taraflar\u0131, esir ve \u00f6l\u00fc takas\u0131 amac\u0131yla \u00e7at\u0131\u015fmalara son vermeye \u00e7a\u011f\u0131rd\u0131. Putin ayr\u0131ca Da\u011fl\u0131k Karaba\u011f\u2019daki \u00e7at\u0131\u015fmalarla ilgili, Azerbaycan ve Ermenistan D\u0131\u015fi\u015fleri Bakanlar\u0131n\u0131 Moskova\u2019ya davet etti. Kremlin\u2019den yap\u0131lan yaz\u0131l\u0131 a\u00e7\u0131klamada, Azerbaycan Cumhurba\u015fkan\u0131 \u0130lham Aliyev ve Ermenistan Ba\u015fbakan\u0131 Nikol Pa\u015finyan ile Putin\u2019in bir dizi telefon g\u00f6r\u00fc\u015fmesi yapt\u0131\u011f\u0131 hat\u0131rlat\u0131larak cenazelerin\u00a0ve esirlerin de\u011fi\u015fimi i\u00e7in [&hellip;]<\/p>\n","protected":false},"author":7,"featured_media":59462,"comment_status":"open","ping_status":"open","sticky":false,"template":"","format":"standard","meta":{"footnotes":""},"categories":[1],"tags":[],"class_list":["post-59461","post","type-post","status-publish","format-standard","has-post-thumbnail","hentry","category-haberler"],"yoast_head":"<!-- This site is optimized with the Yoast SEO plugin v27.4 - https:\/\/yoast.com\/product\/yoast-seo-wordpress\/ -->\n<title>Putin\u2019den insani nedenlerle Da\u011fl\u0131k Karaba\u011f\u2019daki \u00e7at\u0131\u015fmalar\u0131n durdurulmas\u0131 \u00e7a\u011fr\u0131s\u0131 - Bati Ermenistan Ve Bati Ermenileri Sorunlari Ara\u015ftirmalar Merkezi<\/title>\n<meta name=\"robots\" content=\"index, follow, max-snippet:-1, max-image-preview:large, max-video-preview:-1\" \/>\n<link rel=\"canonical\" href=\"https:\/\/akunq.net\/tr\/?p=59461\" \/>\n<meta property=\"og:locale\" content=\"en_US\" \/>\n<meta property=\"og:type\" content=\"article\" \/>\n<meta property=\"og:title\" content=\"Putin\u2019den insani nedenlerle Da\u011fl\u0131k Karaba\u011f\u2019daki \u00e7at\u0131\u015fmalar\u0131n durdurulmas\u0131 \u00e7a\u011fr\u0131s\u0131 - Bati Ermenistan Ve Bati Ermenileri Sorunlari Ara\u015ftirmalar Merkezi\" \/>\n<meta property=\"og:description\" content=\"Rusya Devlet Ba\u015fkan\u0131 Vladimir Putin, Karaba\u011f\u2019daki taraflar\u0131, esir ve \u00f6l\u00fc takas\u0131 amac\u0131yla \u00e7at\u0131\u015fmalara son vermeye \u00e7a\u011f\u0131rd\u0131. Putin ayr\u0131ca Da\u011fl\u0131k Karaba\u011f\u2019daki \u00e7at\u0131\u015fmalarla ilgili, Azerbaycan ve Ermenistan D\u0131\u015fi\u015fleri Bakanlar\u0131n\u0131 Moskova\u2019ya davet etti. Kremlin\u2019den yap\u0131lan yaz\u0131l\u0131 a\u00e7\u0131klamada, Azerbaycan Cumhurba\u015fkan\u0131 \u0130lham Aliyev ve Ermenistan Ba\u015fbakan\u0131 Nikol Pa\u015finyan ile Putin\u2019in bir dizi telefon g\u00f6r\u00fc\u015fmesi yapt\u0131\u011f\u0131 hat\u0131rlat\u0131larak cenazelerin\u00a0ve esirlerin de\u011fi\u015fimi i\u00e7in [&hellip;]\" \/>\n<meta property=\"og:url\" content=\"https:\/\/akunq.net\/tr\/?p=59461\" \/>\n<meta property=\"og:site_name\" content=\"Bati Ermenistan Ve Bati Ermenileri Sorunlari Ara\u015ftirmalar Merkezi\" \/>\n<meta property=\"article:published_time\" content=\"2020-10-09T06:57:29+00:00\" \/>\n<meta property=\"og:image\" content=\"https:\/\/akunq.net\/tr\/wp-content\/uploads\/sites\/6\/2020\/10\/Putin-1.jpeg\" \/>\n\t<meta property=\"og:image:width\" content=\"1368\" \/>\n\t<meta property=\"og:image:height\" content=\"911\" \/>\n\t<meta property=\"og:image:type\" content=\"image\/jpeg\" \/>\n<meta name=\"author\" content=\"admin\" \/>\n<meta name=\"twitter:card\" content=\"summary_large_image\" \/>\n<meta name=\"twitter:label1\" content=\"Written by\" \/>\n\t<meta name=\"twitter:data1\" content=\"admin\" \/>\n\t<meta name=\"twitter:label2\" content=\"Est. reading time\" \/>\n\t<meta name=\"twitter:data2\" content=\"1 minute\" \/>\n<script type=\"application\/ld+json\" class=\"yoast-schema-graph\">{\"@context\":\"https:\\\/\\\/schema.org\",\"@graph\":[{\"@type\":\"Article\",\"@id\":\"https:\\\/\\\/akunq.net\\\/tr\\\/?p=59461#article\",\"isPartOf\":{\"@id\":\"https:\\\/\\\/akunq.net\\\/tr\\\/?p=59461\"},\"author\":{\"name\":\"admin\",\"@id\":\"https:\\\/\\\/akunq.net\\\/tr\\\/#\\\/schema\\\/person\\\/096f1d38a12cce57fb855b485ed24c9e\"},\"headline\":\"Putin\u2019den insani nedenlerle Da\u011fl\u0131k Karaba\u011f\u2019daki \u00e7at\u0131\u015fmalar\u0131n durdurulmas\u0131 \u00e7a\u011fr\u0131s\u0131\",\"datePublished\":\"2020-10-09T06:57:29+00:00\",\"mainEntityOfPage\":{\"@id\":\"https:\\\/\\\/akunq.net\\\/tr\\\/?p=59461\"},\"wordCount\":230,\"commentCount\":0,\"image\":{\"@id\":\"https:\\\/\\\/akunq.net\\\/tr\\\/?p=59461#primaryimage\"},\"thumbnailUrl\":\"https:\\\/\\\/akunq.net\\\/tr\\\/wp-content\\\/uploads\\\/sites\\\/6\\\/2020\\\/10\\\/Putin-1.jpeg\",\"articleSection\":[\"Haberler\"],\"inLanguage\":\"en-US\",\"potentialAction\":[{\"@type\":\"CommentAction\",\"name\":\"Comment\",\"target\":[\"https:\\\/\\\/akunq.net\\\/tr\\\/?p=59461#respond\"]}]},{\"@type\":\"WebPage\",\"@id\":\"https:\\\/\\\/akunq.net\\\/tr\\\/?p=59461\",\"url\":\"https:\\\/\\\/akunq.net\\\/tr\\\/?p=59461\",\"name\":\"Putin\u2019den insani nedenlerle Da\u011fl\u0131k Karaba\u011f\u2019daki \u00e7at\u0131\u015fmalar\u0131n durdurulmas\u0131 \u00e7a\u011fr\u0131s\u0131 - Bati Ermenistan Ve Bati Ermenileri Sorunlari Ara\u015ftirmalar Merkezi\",\"isPartOf\":{\"@id\":\"https:\\\/\\\/akunq.net\\\/tr\\\/#website\"},\"primaryImageOfPage\":{\"@id\":\"https:\\\/\\\/akunq.net\\\/tr\\\/?p=59461#primaryimage\"},\"image\":{\"@id\":\"https:\\\/\\\/akunq.net\\\/tr\\\/?p=59461#primaryimage\"},\"thumbnailUrl\":\"https:\\\/\\\/akunq.net\\\/tr\\\/wp-content\\\/uploads\\\/sites\\\/6\\\/2020\\\/10\\\/Putin-1.jpeg\",\"datePublished\":\"2020-10-09T06:57:29+00:00\",\"author\":{\"@id\":\"https:\\\/\\\/akunq.net\\\/tr\\\/#\\\/schema\\\/person\\\/096f1d38a12cce57fb855b485ed24c9e\"},\"breadcrumb\":{\"@id\":\"https:\\\/\\\/akunq.net\\\/tr\\\/?p=59461#breadcrumb\"},\"inLanguage\":\"en-US\",\"potentialAction\":[{\"@type\":\"ReadAction\",\"target\":[\"https:\\\/\\\/akunq.net\\\/tr\\\/?p=59461\"]}]},{\"@type\":\"ImageObject\",\"inLanguage\":\"en-US\",\"@id\":\"https:\\\/\\\/akunq.net\\\/tr\\\/?p=59461#primaryimage\",\"url\":\"https:\\\/\\\/akunq.net\\\/tr\\\/wp-content\\\/uploads\\\/sites\\\/6\\\/2020\\\/10\\\/Putin-1.jpeg\",\"contentUrl\":\"https:\\\/\\\/akunq.net\\\/tr\\\/wp-content\\\/uploads\\\/sites\\\/6\\\/2020\\\/10\\\/Putin-1.jpeg\",\"width\":1368,\"height\":911},{\"@type\":\"BreadcrumbList\",\"@id\":\"https:\\\/\\\/akunq.net\\\/tr\\\/?p=59461#breadcrumb\",\"itemListElement\":[{\"@type\":\"ListItem\",\"position\":1,\"name\":\"Home\",\"item\":\"https:\\\/\\\/akunq.net\\\/tr\"},{\"@type\":\"ListItem\",\"position\":2,\"name\":\"Putin\u2019den insani nedenlerle Da\u011fl\u0131k Karaba\u011f\u2019daki \u00e7at\u0131\u015fmalar\u0131n durdurulmas\u0131 \u00e7a\u011fr\u0131s\u0131\"}]},{\"@type\":\"WebSite\",\"@id\":\"https:\\\/\\\/akunq.net\\\/tr\\\/#website\",\"url\":\"https:\\\/\\\/akunq.net\\\/tr\\\/\",\"name\":\"Bati Ermenistan Ve Bati Ermenileri Sorunlari Ara\u015ftirmalar Merkezi\",\"description\":\"\",\"potentialAction\":[{\"@type\":\"SearchAction\",\"target\":{\"@type\":\"EntryPoint\",\"urlTemplate\":\"https:\\\/\\\/akunq.net\\\/tr\\\/?s={search_term_string}\"},\"query-input\":{\"@type\":\"PropertyValueSpecification\",\"valueRequired\":true,\"valueName\":\"search_term_string\"}}],\"inLanguage\":\"en-US\"},{\"@type\":\"Person\",\"@id\":\"https:\\\/\\\/akunq.net\\\/tr\\\/#\\\/schema\\\/person\\\/096f1d38a12cce57fb855b485ed24c9e\",\"name\":\"admin\",\"url\":\"https:\\\/\\\/akunq.net\\\/tr\\\/?author=7\"}]}<\/script>\n<!-- \/ Yoast SEO plugin. -->","yoast_head_json":{"title":"Putin\u2019den insani nedenlerle Da\u011fl\u0131k Karaba\u011f\u2019daki \u00e7at\u0131\u015fmalar\u0131n durdurulmas\u0131 \u00e7a\u011fr\u0131s\u0131 - Bati Ermenistan Ve Bati Ermenileri Sorunlari Ara\u015ftirmalar Merkezi","robots":{"index":"index","follow":"follow","max-snippet":"max-snippet:-1","max-image-preview":"max-image-preview:large","max-video-preview":"max-video-preview:-1"},"canonical":"https:\/\/akunq.net\/tr\/?p=59461","og_locale":"en_US","og_type":"article","og_title":"Putin\u2019den insani nedenlerle Da\u011fl\u0131k Karaba\u011f\u2019daki \u00e7at\u0131\u015fmalar\u0131n durdurulmas\u0131 \u00e7a\u011fr\u0131s\u0131 - Bati Ermenistan Ve Bati Ermenileri Sorunlari Ara\u015ftirmalar Merkezi","og_description":"Rusya Devlet Ba\u015fkan\u0131 Vladimir Putin, Karaba\u011f\u2019daki taraflar\u0131, esir ve \u00f6l\u00fc takas\u0131 amac\u0131yla \u00e7at\u0131\u015fmalara son vermeye \u00e7a\u011f\u0131rd\u0131. Putin ayr\u0131ca Da\u011fl\u0131k Karaba\u011f\u2019daki \u00e7at\u0131\u015fmalarla ilgili, Azerbaycan ve Ermenistan D\u0131\u015fi\u015fleri Bakanlar\u0131n\u0131 Moskova\u2019ya davet etti. Kremlin\u2019den yap\u0131lan yaz\u0131l\u0131 a\u00e7\u0131klamada, Azerbaycan Cumhurba\u015fkan\u0131 \u0130lham Aliyev ve Ermenistan Ba\u015fbakan\u0131 Nikol Pa\u015finyan ile Putin\u2019in bir dizi telefon g\u00f6r\u00fc\u015fmesi yapt\u0131\u011f\u0131 hat\u0131rlat\u0131larak cenazelerin\u00a0ve esirlerin de\u011fi\u015fimi i\u00e7in [&hellip;]","og_url":"https:\/\/akunq.net\/tr\/?p=59461","og_site_name":"Bati Ermenistan Ve Bati Ermenileri Sorunlari Ara\u015ftirmalar Merkezi","article_published_time":"2020-10-09T06:57:29+00:00","og_image":[{"width":1368,"height":911,"url":"https:\/\/akunq.net\/tr\/wp-content\/uploads\/sites\/6\/2020\/10\/Putin-1.jpeg","type":"image\/jpeg"}],"author":"admin","twitter_card":"summary_large_image","twitter_misc":{"Written by":"admin","Est. reading time":"1 minute"},"schema":{"@context":"https:\/\/schema.org","@graph":[{"@type":"Article","@id":"https:\/\/akunq.net\/tr\/?p=59461#article","isPartOf":{"@id":"https:\/\/akunq.net\/tr\/?p=59461"},"author":{"name":"admin","@id":"https:\/\/akunq.net\/tr\/#\/schema\/person\/096f1d38a12cce57fb855b485ed24c9e"},"headline":"Putin\u2019den insani nedenlerle Da\u011fl\u0131k Karaba\u011f\u2019daki \u00e7at\u0131\u015fmalar\u0131n durdurulmas\u0131 \u00e7a\u011fr\u0131s\u0131","datePublished":"2020-10-09T06:57:29+00:00","mainEntityOfPage":{"@id":"https:\/\/akunq.net\/tr\/?p=59461"},"wordCount":230,"commentCount":0,"image":{"@id":"https:\/\/akunq.net\/tr\/?p=59461#primaryimage"},"thumbnailUrl":"https:\/\/akunq.net\/tr\/wp-content\/uploads\/sites\/6\/2020\/10\/Putin-1.jpeg","articleSection":["Haberler"],"inLanguage":"en-US","potentialAction":[{"@type":"CommentAction","name":"Comment","target":["https:\/\/akunq.net\/tr\/?p=59461#respond"]}]},{"@type":"WebPage","@id":"https:\/\/akunq.net\/tr\/?p=59461","url":"https:\/\/akunq.net\/tr\/?p=59461","name":"Putin\u2019den insani nedenlerle Da\u011fl\u0131k Karaba\u011f\u2019daki \u00e7at\u0131\u015fmalar\u0131n durdurulmas\u0131 \u00e7a\u011fr\u0131s\u0131 - Bati Ermenistan Ve Bati Ermenileri Sorunlari Ara\u015ftirmalar Merkezi","isPartOf":{"@id":"https:\/\/akunq.net\/tr\/#website"},"primaryImageOfPage":{"@id":"https:\/\/akunq.net\/tr\/?p=59461#primaryimage"},"image":{"@id":"https:\/\/akunq.net\/tr\/?p=59461#primaryimage"},"thumbnailUrl":"https:\/\/akunq.net\/tr\/wp-content\/uploads\/sites\/6\/2020\/10\/Putin-1.jpeg","datePublished":"2020-10-09T06:57:29+00:00","author":{"@id":"https:\/\/akunq.net\/tr\/#\/schema\/person\/096f1d38a12cce57fb855b485ed24c9e"},"breadcrumb":{"@id":"https:\/\/akunq.net\/tr\/?p=59461#breadcrumb"},"inLanguage":"en-US","potentialAction":[{"@type":"ReadAction","target":["https:\/\/akunq.net\/tr\/?p=59461"]}]},{"@type":"ImageObject","inLanguage":"en-US","@id":"https:\/\/akunq.net\/tr\/?p=59461#primaryimage","url":"https:\/\/akunq.net\/tr\/wp-content\/uploads\/sites\/6\/2020\/10\/Putin-1.jpeg","contentUrl":"https:\/\/akunq.net\/tr\/wp-content\/uploads\/sites\/6\/2020\/10\/Putin-1.jpeg","width":1368,"height":911},{"@type":"BreadcrumbList","@id":"https:\/\/akunq.net\/tr\/?p=59461#breadcrumb","itemListElement":[{"@type":"ListItem","position":1,"name":"Home","item":"https:\/\/akunq.net\/tr"},{"@type":"ListItem","position":2,"name":"Putin\u2019den insani nedenlerle Da\u011fl\u0131k Karaba\u011f\u2019daki \u00e7at\u0131\u015fmalar\u0131n durdurulmas\u0131 \u00e7a\u011fr\u0131s\u0131"}]},{"@type":"WebSite","@id":"https:\/\/akunq.net\/tr\/#website","url":"https:\/\/akunq.net\/tr\/","name":"Bati Ermenistan Ve Bati Ermenileri Sorunlari Ara\u015ftirmalar Merkezi","description":"","potentialAction":[{"@type":"SearchAction","target":{"@type":"EntryPoint","urlTemplate":"https:\/\/akunq.net\/tr\/?s={search_term_string}"},"query-input":{"@type":"PropertyValueSpecification","valueRequired":true,"valueName":"search_term_string"}}],"inLanguage":"en-US"},{"@type":"Person","@id":"https:\/\/akunq.net\/tr\/#\/schema\/person\/096f1d38a12cce57fb855b485ed24c9e","name":"admin","url":"https:\/\/akunq.net\/tr\/?author=7"}]}},"_links":{"self":[{"href":"https:\/\/akunq.net\/tr\/index.php?rest_route=\/wp\/v2\/posts\/59461","targetHints":{"allow":["GET"]}}],"collection":[{"href":"https:\/\/akunq.net\/tr\/index.php?rest_route=\/wp\/v2\/posts"}],"about":[{"href":"https:\/\/akunq.net\/tr\/index.php?rest_route=\/wp\/v2\/types\/post"}],"author":[{"embeddable":true,"href":"https:\/\/akunq.net\/tr\/index.php?rest_route=\/wp\/v2\/users\/7"}],"replies":[{"embeddable":true,"href":"https:\/\/akunq.net\/tr\/index.php?rest_route=%2Fwp%2Fv2%2Fcomments&post=59461"}],"version-history":[{"count":1,"href":"https:\/\/akunq.net\/tr\/index.php?rest_route=\/wp\/v2\/posts\/59461\/revisions"}],"predecessor-version":[{"id":59463,"href":"https:\/\/akunq.net\/tr\/index.php?rest_route=\/wp\/v2\/posts\/59461\/revisions\/59463"}],"wp:featuredmedia":[{"embeddable":true,"href":"https:\/\/akunq.net\/tr\/index.php?rest_route=\/wp\/v2\/media\/59462"}],"wp:attachment":[{"href":"https:\/\/akunq.net\/tr\/index.php?rest_route=%2Fwp%2Fv2%2Fmedia&parent=59461"}],"wp:term":[{"taxonomy":"category","embeddable":true,"href":"https:\/\/akunq.net\/tr\/index.php?rest_route=%2Fwp%2Fv2%2Fcategories&post=59461"},{"taxonomy":"post_tag","embeddable":true,"href":"https:\/\/akunq.net\/tr\/index.php?rest_route=%2Fwp%2Fv2%2Ftags&post=59461"}],"curies":[{"name":"wp","href":"https:\/\/api.w.org\/{rel}","templated":true}]}}