{"id":59454,"date":"2020-10-09T01:40:00","date_gmt":"2020-10-09T06:40:00","guid":{"rendered":"https:\/\/akunq.net\/tr\/?p=59454"},"modified":"2020-10-09T01:40:28","modified_gmt":"2020-10-09T06:40:28","slug":"peskov-karabag-diyalogu-en-ust-duzeyde-devam-ediyor","status":"publish","type":"post","link":"https:\/\/akunq.net\/tr\/?p=59454","title":{"rendered":"Peskov: Karaba\u011f diyalo\u011fu en \u00fcst d\u00fczeyde devam ediyor"},"content":{"rendered":"<div class=\"b-article__lead\">\n<p><img loading=\"lazy\" decoding=\"async\" class=\"size-medium wp-image-59455\" src=\"https:\/\/akunq.net\/tr\/wp-content\/uploads\/2020\/10\/Peskov-360x229.jpg\" alt=\"\" width=\"360\" height=\"229\" srcset=\"https:\/\/akunq.net\/tr\/wp-content\/uploads\/sites\/6\/2020\/10\/Peskov-360x229.jpg 360w, https:\/\/akunq.net\/tr\/wp-content\/uploads\/sites\/6\/2020\/10\/Peskov-768x489.jpg 768w, https:\/\/akunq.net\/tr\/wp-content\/uploads\/sites\/6\/2020\/10\/Peskov-560x357.jpg 560w, https:\/\/akunq.net\/tr\/wp-content\/uploads\/sites\/6\/2020\/10\/Peskov-260x166.jpg 260w, https:\/\/akunq.net\/tr\/wp-content\/uploads\/sites\/6\/2020\/10\/Peskov-160x102.jpg 160w, https:\/\/akunq.net\/tr\/wp-content\/uploads\/sites\/6\/2020\/10\/Peskov.jpg 1020w\" sizes=\"auto, (max-width: 360px) 100vw, 360px\" \/><\/p>\n<p><em><strong>Kremlin S\u00f6zc\u00fcs\u00fc Dmitriy Peskov, \u00fclkesinin Da\u011fl\u0131k Karaba\u011f (Artsakh-&#8216;Akunq&#8217; web sitesi) krizini \u00e7\u00f6z\u00fcme kavu\u015fturma amac\u0131yla \u00e7e\u015fitli d\u00fczeylerde diyaloga devam etti\u011fini belirtti.<\/strong><\/em><\/p>\n<\/div>\n<div class=\"b-article__text\">\n<p>Peskov, \u201c<em>En \u00fcst dahil \u00e7e\u015fitli d\u00fczeylerde diyalog devam ediyor<\/em>\u201d ifadesini kulland\u0131.<\/p>\n<p>Peskov, Pazartesi g\u00fcn\u00fc Moskova\u2019da yap\u0131lmas\u0131 planlanan Karaba\u011f g\u00f6r\u00fc\u015fmelerinin,\u00a0Rusya Devlet Ba\u015fkan\u0131 Vladimir Putin\u2019in Azeri ve Ermeni mevkida\u015flar\u0131yla ger\u00e7ekle\u015ftirdi\u011fi telefon g\u00f6r\u00fc\u015fmesinin sonucu olup olmad\u0131\u011f\u0131 sorusuna, \u201c<em>\u015eu an daha fazlas\u0131n\u0131 s\u00f6yleyemem<\/em>\u201d dedi.<\/p>\n<p><em><strong>https:\/\/tr.sputniknews.com\/rusya\/202010081042995493-peskov-karabag-diyalogu-en-ust-duzeyde-devam-ediyor\/\u00a0<\/strong><\/em><\/p>\n<\/div>\n","protected":false},"excerpt":{"rendered":"<p>Kremlin S\u00f6zc\u00fcs\u00fc Dmitriy Peskov, \u00fclkesinin Da\u011fl\u0131k Karaba\u011f (Artsakh-&#8216;Akunq&#8217; web sitesi) krizini \u00e7\u00f6z\u00fcme kavu\u015fturma amac\u0131yla \u00e7e\u015fitli d\u00fczeylerde diyaloga devam etti\u011fini belirtti. Peskov, \u201cEn \u00fcst dahil \u00e7e\u015fitli d\u00fczeylerde diyalog devam ediyor\u201d ifadesini kulland\u0131. Peskov, Pazartesi g\u00fcn\u00fc Moskova\u2019da yap\u0131lmas\u0131 planlanan Karaba\u011f g\u00f6r\u00fc\u015fmelerinin,\u00a0Rusya Devlet Ba\u015fkan\u0131 Vladimir Putin\u2019in Azeri ve Ermeni mevkida\u015flar\u0131yla ger\u00e7ekle\u015ftirdi\u011fi telefon g\u00f6r\u00fc\u015fmesinin sonucu olup olmad\u0131\u011f\u0131 sorusuna, \u201c\u015eu [&hellip;]<\/p>\n","protected":false},"author":7,"featured_media":59455,"comment_status":"open","ping_status":"open","sticky":false,"template":"","format":"standard","meta":{"footnotes":""},"categories":[1],"tags":[],"class_list":["post-59454","post","type-post","status-publish","format-standard","has-post-thumbnail","hentry","category-haberler"],"yoast_head":"<!-- This site is optimized with the Yoast SEO plugin v27.4 - https:\/\/yoast.com\/product\/yoast-seo-wordpress\/ -->\n<title>Peskov: Karaba\u011f diyalo\u011fu en \u00fcst d\u00fczeyde devam ediyor - Bati Ermenistan Ve Bati Ermenileri Sorunlari Ara\u015ftirmalar Merkezi<\/title>\n<meta name=\"robots\" content=\"index, follow, max-snippet:-1, max-image-preview:large, max-video-preview:-1\" \/>\n<link rel=\"canonical\" href=\"https:\/\/akunq.net\/tr\/?p=59454\" \/>\n<meta property=\"og:locale\" content=\"en_US\" \/>\n<meta property=\"og:type\" content=\"article\" \/>\n<meta property=\"og:title\" content=\"Peskov: Karaba\u011f diyalo\u011fu en \u00fcst d\u00fczeyde devam ediyor - Bati Ermenistan Ve Bati Ermenileri Sorunlari Ara\u015ftirmalar Merkezi\" \/>\n<meta property=\"og:description\" content=\"Kremlin S\u00f6zc\u00fcs\u00fc Dmitriy Peskov, \u00fclkesinin Da\u011fl\u0131k Karaba\u011f (Artsakh-&#8216;Akunq&#8217; web sitesi) krizini \u00e7\u00f6z\u00fcme kavu\u015fturma amac\u0131yla \u00e7e\u015fitli d\u00fczeylerde diyaloga devam etti\u011fini belirtti. Peskov, \u201cEn \u00fcst dahil \u00e7e\u015fitli d\u00fczeylerde diyalog devam ediyor\u201d ifadesini kulland\u0131. Peskov, Pazartesi g\u00fcn\u00fc Moskova\u2019da yap\u0131lmas\u0131 planlanan Karaba\u011f g\u00f6r\u00fc\u015fmelerinin,\u00a0Rusya Devlet Ba\u015fkan\u0131 Vladimir Putin\u2019in Azeri ve Ermeni mevkida\u015flar\u0131yla ger\u00e7ekle\u015ftirdi\u011fi telefon g\u00f6r\u00fc\u015fmesinin sonucu olup olmad\u0131\u011f\u0131 sorusuna, \u201c\u015eu [&hellip;]\" \/>\n<meta property=\"og:url\" content=\"https:\/\/akunq.net\/tr\/?p=59454\" \/>\n<meta property=\"og:site_name\" content=\"Bati Ermenistan Ve Bati Ermenileri Sorunlari Ara\u015ftirmalar Merkezi\" \/>\n<meta property=\"article:published_time\" content=\"2020-10-09T06:40:00+00:00\" \/>\n<meta property=\"article:modified_time\" content=\"2020-10-09T06:40:28+00:00\" \/>\n<meta property=\"og:image\" content=\"https:\/\/akunq.net\/tr\/wp-content\/uploads\/sites\/6\/2020\/10\/Peskov.jpg\" \/>\n\t<meta property=\"og:image:width\" content=\"1020\" \/>\n\t<meta property=\"og:image:height\" content=\"650\" \/>\n\t<meta property=\"og:image:type\" content=\"image\/jpeg\" \/>\n<meta name=\"author\" content=\"admin\" \/>\n<meta name=\"twitter:card\" content=\"summary_large_image\" \/>\n<meta name=\"twitter:label1\" content=\"Written by\" \/>\n\t<meta name=\"twitter:data1\" content=\"admin\" \/>\n<script type=\"application\/ld+json\" class=\"yoast-schema-graph\">{\"@context\":\"https:\\\/\\\/schema.org\",\"@graph\":[{\"@type\":\"Article\",\"@id\":\"https:\\\/\\\/akunq.net\\\/tr\\\/?p=59454#article\",\"isPartOf\":{\"@id\":\"https:\\\/\\\/akunq.net\\\/tr\\\/?p=59454\"},\"author\":{\"name\":\"admin\",\"@id\":\"https:\\\/\\\/akunq.net\\\/tr\\\/#\\\/schema\\\/person\\\/096f1d38a12cce57fb855b485ed24c9e\"},\"headline\":\"Peskov: Karaba\u011f diyalo\u011fu en \u00fcst d\u00fczeyde devam ediyor\",\"datePublished\":\"2020-10-09T06:40:00+00:00\",\"dateModified\":\"2020-10-09T06:40:28+00:00\",\"mainEntityOfPage\":{\"@id\":\"https:\\\/\\\/akunq.net\\\/tr\\\/?p=59454\"},\"wordCount\":105,\"commentCount\":0,\"image\":{\"@id\":\"https:\\\/\\\/akunq.net\\\/tr\\\/?p=59454#primaryimage\"},\"thumbnailUrl\":\"https:\\\/\\\/akunq.net\\\/tr\\\/wp-content\\\/uploads\\\/sites\\\/6\\\/2020\\\/10\\\/Peskov.jpg\",\"articleSection\":[\"Haberler\"],\"inLanguage\":\"en-US\",\"potentialAction\":[{\"@type\":\"CommentAction\",\"name\":\"Comment\",\"target\":[\"https:\\\/\\\/akunq.net\\\/tr\\\/?p=59454#respond\"]}]},{\"@type\":\"WebPage\",\"@id\":\"https:\\\/\\\/akunq.net\\\/tr\\\/?p=59454\",\"url\":\"https:\\\/\\\/akunq.net\\\/tr\\\/?p=59454\",\"name\":\"Peskov: Karaba\u011f diyalo\u011fu en \u00fcst d\u00fczeyde devam ediyor - Bati Ermenistan Ve Bati Ermenileri Sorunlari Ara\u015ftirmalar Merkezi\",\"isPartOf\":{\"@id\":\"https:\\\/\\\/akunq.net\\\/tr\\\/#website\"},\"primaryImageOfPage\":{\"@id\":\"https:\\\/\\\/akunq.net\\\/tr\\\/?p=59454#primaryimage\"},\"image\":{\"@id\":\"https:\\\/\\\/akunq.net\\\/tr\\\/?p=59454#primaryimage\"},\"thumbnailUrl\":\"https:\\\/\\\/akunq.net\\\/tr\\\/wp-content\\\/uploads\\\/sites\\\/6\\\/2020\\\/10\\\/Peskov.jpg\",\"datePublished\":\"2020-10-09T06:40:00+00:00\",\"dateModified\":\"2020-10-09T06:40:28+00:00\",\"author\":{\"@id\":\"https:\\\/\\\/akunq.net\\\/tr\\\/#\\\/schema\\\/person\\\/096f1d38a12cce57fb855b485ed24c9e\"},\"breadcrumb\":{\"@id\":\"https:\\\/\\\/akunq.net\\\/tr\\\/?p=59454#breadcrumb\"},\"inLanguage\":\"en-US\",\"potentialAction\":[{\"@type\":\"ReadAction\",\"target\":[\"https:\\\/\\\/akunq.net\\\/tr\\\/?p=59454\"]}]},{\"@type\":\"ImageObject\",\"inLanguage\":\"en-US\",\"@id\":\"https:\\\/\\\/akunq.net\\\/tr\\\/?p=59454#primaryimage\",\"url\":\"https:\\\/\\\/akunq.net\\\/tr\\\/wp-content\\\/uploads\\\/sites\\\/6\\\/2020\\\/10\\\/Peskov.jpg\",\"contentUrl\":\"https:\\\/\\\/akunq.net\\\/tr\\\/wp-content\\\/uploads\\\/sites\\\/6\\\/2020\\\/10\\\/Peskov.jpg\",\"width\":1020,\"height\":650,\"caption\":\"OMSK, RUSSIA - NOVEMBER 7, 2019: Russian Presidential Spokesman Dmitry Peskov attends a plenary session as part of the 16th Russia-Kazakhstan Interregional Cooperation Forum at the Congress Hall. Mikhail Metzel\\\/TASS \u00d0\u00ee\u00f1\u00f1\u00e8\u00ff. \u00ce\u00ec\u00f1\u00ea. \u00cf\u00f0\u00e5\u00f1\u00f1-\u00f1\u00e5\u00ea\u00f0\u00e5\u00f2\u00e0\u00f0\u00fc \u00ef\u00f0\u00e5\u00e7\u00e8\u00e4\u00e5\u00ed\u00f2\u00e0 \u00d0\u00d4 \u00c4\u00ec\u00e8\u00f2\u00f0\u00e8\u00e9 \u00cf\u00e5\u00f1\u00ea\u00ee\u00e2 \u00ed\u00e0 \u00ef\u00eb\u00e5\u00ed\u00e0\u00f0\u00ed\u00ee\u00ec \u00e7\u00e0\u00f1\u00e5\u00e4\u00e0\u00ed\u00e8\u00e8 XVI \u00d4\u00ee\u00f0\u00f3\u00ec\u00e0 \u00ec\u00e5\u00e6\u00f0\u00e5\u00e3\u00e8\u00ee\u00ed\u00e0\u00eb\u00fc\u00ed\u00ee\u00e3\u00ee \u00f1\u00ee\u00f2\u00f0\u00f3\u00e4\u00ed\u00e8\u00f7\u00e5\u00f1\u00f2\u00e2\u00e0 \u00d0\u00ee\u00f1\u00f1\u00e8\u00e9\u00f1\u00ea\u00ee\u00e9 \u00d4\u00e5\u00e4\u00e5\u00f0\u00e0\u00f6\u00e8\u00e8 \u00e8 \u00d0\u00e5\u00f1\u00ef\u00f3\u00e1\u00eb\u00e8\u00ea\u00e8 \u00ca\u00e0\u00e7\u00e0\u00f5\u00f1\u00f2\u00e0\u00ed \u00e2 \u00ca\u00ee\u00ed\u00e3\u00f0\u00e5\u00f1\u00f1-\u00f5\u00ee\u00eb\u00eb\u00e5. \u00cc\u00e8\u00f5\u00e0\u00e8\u00eb \u00cc\u00e5\u00f2\u00f6\u00e5\u00eb\u00fc\\\/\u00d2\u00c0\u00d1\u00d1\"},{\"@type\":\"BreadcrumbList\",\"@id\":\"https:\\\/\\\/akunq.net\\\/tr\\\/?p=59454#breadcrumb\",\"itemListElement\":[{\"@type\":\"ListItem\",\"position\":1,\"name\":\"Home\",\"item\":\"https:\\\/\\\/akunq.net\\\/tr\"},{\"@type\":\"ListItem\",\"position\":2,\"name\":\"Peskov: Karaba\u011f diyalo\u011fu en \u00fcst d\u00fczeyde devam ediyor\"}]},{\"@type\":\"WebSite\",\"@id\":\"https:\\\/\\\/akunq.net\\\/tr\\\/#website\",\"url\":\"https:\\\/\\\/akunq.net\\\/tr\\\/\",\"name\":\"Bati Ermenistan Ve Bati Ermenileri Sorunlari Ara\u015ftirmalar Merkezi\",\"description\":\"\",\"potentialAction\":[{\"@type\":\"SearchAction\",\"target\":{\"@type\":\"EntryPoint\",\"urlTemplate\":\"https:\\\/\\\/akunq.net\\\/tr\\\/?s={search_term_string}\"},\"query-input\":{\"@type\":\"PropertyValueSpecification\",\"valueRequired\":true,\"valueName\":\"search_term_string\"}}],\"inLanguage\":\"en-US\"},{\"@type\":\"Person\",\"@id\":\"https:\\\/\\\/akunq.net\\\/tr\\\/#\\\/schema\\\/person\\\/096f1d38a12cce57fb855b485ed24c9e\",\"name\":\"admin\",\"url\":\"https:\\\/\\\/akunq.net\\\/tr\\\/?author=7\"}]}<\/script>\n<!-- \/ Yoast SEO plugin. -->","yoast_head_json":{"title":"Peskov: Karaba\u011f diyalo\u011fu en \u00fcst d\u00fczeyde devam ediyor - Bati Ermenistan Ve Bati Ermenileri Sorunlari Ara\u015ftirmalar Merkezi","robots":{"index":"index","follow":"follow","max-snippet":"max-snippet:-1","max-image-preview":"max-image-preview:large","max-video-preview":"max-video-preview:-1"},"canonical":"https:\/\/akunq.net\/tr\/?p=59454","og_locale":"en_US","og_type":"article","og_title":"Peskov: Karaba\u011f diyalo\u011fu en \u00fcst d\u00fczeyde devam ediyor - Bati Ermenistan Ve Bati Ermenileri Sorunlari Ara\u015ftirmalar Merkezi","og_description":"Kremlin S\u00f6zc\u00fcs\u00fc Dmitriy Peskov, \u00fclkesinin Da\u011fl\u0131k Karaba\u011f (Artsakh-&#8216;Akunq&#8217; web sitesi) krizini \u00e7\u00f6z\u00fcme kavu\u015fturma amac\u0131yla \u00e7e\u015fitli d\u00fczeylerde diyaloga devam etti\u011fini belirtti. Peskov, \u201cEn \u00fcst dahil \u00e7e\u015fitli d\u00fczeylerde diyalog devam ediyor\u201d ifadesini kulland\u0131. Peskov, Pazartesi g\u00fcn\u00fc Moskova\u2019da yap\u0131lmas\u0131 planlanan Karaba\u011f g\u00f6r\u00fc\u015fmelerinin,\u00a0Rusya Devlet Ba\u015fkan\u0131 Vladimir Putin\u2019in Azeri ve Ermeni mevkida\u015flar\u0131yla ger\u00e7ekle\u015ftirdi\u011fi telefon g\u00f6r\u00fc\u015fmesinin sonucu olup olmad\u0131\u011f\u0131 sorusuna, \u201c\u015eu [&hellip;]","og_url":"https:\/\/akunq.net\/tr\/?p=59454","og_site_name":"Bati Ermenistan Ve Bati Ermenileri Sorunlari Ara\u015ftirmalar Merkezi","article_published_time":"2020-10-09T06:40:00+00:00","article_modified_time":"2020-10-09T06:40:28+00:00","og_image":[{"width":1020,"height":650,"url":"https:\/\/akunq.net\/tr\/wp-content\/uploads\/sites\/6\/2020\/10\/Peskov.jpg","type":"image\/jpeg"}],"author":"admin","twitter_card":"summary_large_image","twitter_misc":{"Written by":"admin"},"schema":{"@context":"https:\/\/schema.org","@graph":[{"@type":"Article","@id":"https:\/\/akunq.net\/tr\/?p=59454#article","isPartOf":{"@id":"https:\/\/akunq.net\/tr\/?p=59454"},"author":{"name":"admin","@id":"https:\/\/akunq.net\/tr\/#\/schema\/person\/096f1d38a12cce57fb855b485ed24c9e"},"headline":"Peskov: Karaba\u011f diyalo\u011fu en \u00fcst d\u00fczeyde devam ediyor","datePublished":"2020-10-09T06:40:00+00:00","dateModified":"2020-10-09T06:40:28+00:00","mainEntityOfPage":{"@id":"https:\/\/akunq.net\/tr\/?p=59454"},"wordCount":105,"commentCount":0,"image":{"@id":"https:\/\/akunq.net\/tr\/?p=59454#primaryimage"},"thumbnailUrl":"https:\/\/akunq.net\/tr\/wp-content\/uploads\/sites\/6\/2020\/10\/Peskov.jpg","articleSection":["Haberler"],"inLanguage":"en-US","potentialAction":[{"@type":"CommentAction","name":"Comment","target":["https:\/\/akunq.net\/tr\/?p=59454#respond"]}]},{"@type":"WebPage","@id":"https:\/\/akunq.net\/tr\/?p=59454","url":"https:\/\/akunq.net\/tr\/?p=59454","name":"Peskov: Karaba\u011f diyalo\u011fu en \u00fcst d\u00fczeyde devam ediyor - Bati Ermenistan Ve Bati Ermenileri Sorunlari Ara\u015ftirmalar Merkezi","isPartOf":{"@id":"https:\/\/akunq.net\/tr\/#website"},"primaryImageOfPage":{"@id":"https:\/\/akunq.net\/tr\/?p=59454#primaryimage"},"image":{"@id":"https:\/\/akunq.net\/tr\/?p=59454#primaryimage"},"thumbnailUrl":"https:\/\/akunq.net\/tr\/wp-content\/uploads\/sites\/6\/2020\/10\/Peskov.jpg","datePublished":"2020-10-09T06:40:00+00:00","dateModified":"2020-10-09T06:40:28+00:00","author":{"@id":"https:\/\/akunq.net\/tr\/#\/schema\/person\/096f1d38a12cce57fb855b485ed24c9e"},"breadcrumb":{"@id":"https:\/\/akunq.net\/tr\/?p=59454#breadcrumb"},"inLanguage":"en-US","potentialAction":[{"@type":"ReadAction","target":["https:\/\/akunq.net\/tr\/?p=59454"]}]},{"@type":"ImageObject","inLanguage":"en-US","@id":"https:\/\/akunq.net\/tr\/?p=59454#primaryimage","url":"https:\/\/akunq.net\/tr\/wp-content\/uploads\/sites\/6\/2020\/10\/Peskov.jpg","contentUrl":"https:\/\/akunq.net\/tr\/wp-content\/uploads\/sites\/6\/2020\/10\/Peskov.jpg","width":1020,"height":650,"caption":"OMSK, RUSSIA - NOVEMBER 7, 2019: Russian Presidential Spokesman Dmitry Peskov attends a plenary session as part of the 16th Russia-Kazakhstan Interregional Cooperation Forum at the Congress Hall. Mikhail Metzel\/TASS \u00d0\u00ee\u00f1\u00f1\u00e8\u00ff. \u00ce\u00ec\u00f1\u00ea. \u00cf\u00f0\u00e5\u00f1\u00f1-\u00f1\u00e5\u00ea\u00f0\u00e5\u00f2\u00e0\u00f0\u00fc \u00ef\u00f0\u00e5\u00e7\u00e8\u00e4\u00e5\u00ed\u00f2\u00e0 \u00d0\u00d4 \u00c4\u00ec\u00e8\u00f2\u00f0\u00e8\u00e9 \u00cf\u00e5\u00f1\u00ea\u00ee\u00e2 \u00ed\u00e0 \u00ef\u00eb\u00e5\u00ed\u00e0\u00f0\u00ed\u00ee\u00ec \u00e7\u00e0\u00f1\u00e5\u00e4\u00e0\u00ed\u00e8\u00e8 XVI \u00d4\u00ee\u00f0\u00f3\u00ec\u00e0 \u00ec\u00e5\u00e6\u00f0\u00e5\u00e3\u00e8\u00ee\u00ed\u00e0\u00eb\u00fc\u00ed\u00ee\u00e3\u00ee \u00f1\u00ee\u00f2\u00f0\u00f3\u00e4\u00ed\u00e8\u00f7\u00e5\u00f1\u00f2\u00e2\u00e0 \u00d0\u00ee\u00f1\u00f1\u00e8\u00e9\u00f1\u00ea\u00ee\u00e9 \u00d4\u00e5\u00e4\u00e5\u00f0\u00e0\u00f6\u00e8\u00e8 \u00e8 \u00d0\u00e5\u00f1\u00ef\u00f3\u00e1\u00eb\u00e8\u00ea\u00e8 \u00ca\u00e0\u00e7\u00e0\u00f5\u00f1\u00f2\u00e0\u00ed \u00e2 \u00ca\u00ee\u00ed\u00e3\u00f0\u00e5\u00f1\u00f1-\u00f5\u00ee\u00eb\u00eb\u00e5. \u00cc\u00e8\u00f5\u00e0\u00e8\u00eb \u00cc\u00e5\u00f2\u00f6\u00e5\u00eb\u00fc\/\u00d2\u00c0\u00d1\u00d1"},{"@type":"BreadcrumbList","@id":"https:\/\/akunq.net\/tr\/?p=59454#breadcrumb","itemListElement":[{"@type":"ListItem","position":1,"name":"Home","item":"https:\/\/akunq.net\/tr"},{"@type":"ListItem","position":2,"name":"Peskov: Karaba\u011f diyalo\u011fu en \u00fcst d\u00fczeyde devam ediyor"}]},{"@type":"WebSite","@id":"https:\/\/akunq.net\/tr\/#website","url":"https:\/\/akunq.net\/tr\/","name":"Bati Ermenistan Ve Bati Ermenileri Sorunlari Ara\u015ftirmalar Merkezi","description":"","potentialAction":[{"@type":"SearchAction","target":{"@type":"EntryPoint","urlTemplate":"https:\/\/akunq.net\/tr\/?s={search_term_string}"},"query-input":{"@type":"PropertyValueSpecification","valueRequired":true,"valueName":"search_term_string"}}],"inLanguage":"en-US"},{"@type":"Person","@id":"https:\/\/akunq.net\/tr\/#\/schema\/person\/096f1d38a12cce57fb855b485ed24c9e","name":"admin","url":"https:\/\/akunq.net\/tr\/?author=7"}]}},"_links":{"self":[{"href":"https:\/\/akunq.net\/tr\/index.php?rest_route=\/wp\/v2\/posts\/59454","targetHints":{"allow":["GET"]}}],"collection":[{"href":"https:\/\/akunq.net\/tr\/index.php?rest_route=\/wp\/v2\/posts"}],"about":[{"href":"https:\/\/akunq.net\/tr\/index.php?rest_route=\/wp\/v2\/types\/post"}],"author":[{"embeddable":true,"href":"https:\/\/akunq.net\/tr\/index.php?rest_route=\/wp\/v2\/users\/7"}],"replies":[{"embeddable":true,"href":"https:\/\/akunq.net\/tr\/index.php?rest_route=%2Fwp%2Fv2%2Fcomments&post=59454"}],"version-history":[{"count":2,"href":"https:\/\/akunq.net\/tr\/index.php?rest_route=\/wp\/v2\/posts\/59454\/revisions"}],"predecessor-version":[{"id":59457,"href":"https:\/\/akunq.net\/tr\/index.php?rest_route=\/wp\/v2\/posts\/59454\/revisions\/59457"}],"wp:featuredmedia":[{"embeddable":true,"href":"https:\/\/akunq.net\/tr\/index.php?rest_route=\/wp\/v2\/media\/59455"}],"wp:attachment":[{"href":"https:\/\/akunq.net\/tr\/index.php?rest_route=%2Fwp%2Fv2%2Fmedia&parent=59454"}],"wp:term":[{"taxonomy":"category","embeddable":true,"href":"https:\/\/akunq.net\/tr\/index.php?rest_route=%2Fwp%2Fv2%2Fcategories&post=59454"},{"taxonomy":"post_tag","embeddable":true,"href":"https:\/\/akunq.net\/tr\/index.php?rest_route=%2Fwp%2Fv2%2Ftags&post=59454"}],"curies":[{"name":"wp","href":"https:\/\/api.w.org\/{rel}","templated":true}]}}