{"id":59428,"date":"2020-10-08T02:01:16","date_gmt":"2020-10-08T07:01:16","guid":{"rendered":"https:\/\/akunq.net\/tr\/?p=59428"},"modified":"2020-10-08T02:01:16","modified_gmt":"2020-10-08T07:01:16","slug":"anadolu-ajansinin-nefret-soylemi-iceren-ermeni-basligina-buyuk-tepki","status":"publish","type":"post","link":"https:\/\/akunq.net\/tr\/?p=59428","title":{"rendered":"Anadolu Ajans\u0131n\u0131n nefret s\u00f6ylemi i\u00e7eren Ermeni ba\u015fl\u0131\u011f\u0131na b\u00fcy\u00fck tepki"},"content":{"rendered":"<h4><img loading=\"lazy\" decoding=\"async\" class=\"alignleft size-medium wp-image-59429\" src=\"https:\/\/akunq.net\/tr\/wp-content\/uploads\/2020\/10\/Anadolu-Ajans\u0131-360x134.jpg\" alt=\"\" width=\"360\" height=\"134\" srcset=\"https:\/\/akunq.net\/tr\/wp-content\/uploads\/sites\/6\/2020\/10\/Anadolu-Ajans\u0131-360x134.jpg 360w, https:\/\/akunq.net\/tr\/wp-content\/uploads\/sites\/6\/2020\/10\/Anadolu-Ajans\u0131-768x286.jpg 768w, https:\/\/akunq.net\/tr\/wp-content\/uploads\/sites\/6\/2020\/10\/Anadolu-Ajans\u0131-560x209.jpg 560w, https:\/\/akunq.net\/tr\/wp-content\/uploads\/sites\/6\/2020\/10\/Anadolu-Ajans\u0131-260x97.jpg 260w, https:\/\/akunq.net\/tr\/wp-content\/uploads\/sites\/6\/2020\/10\/Anadolu-Ajans\u0131-160x60.jpg 160w, https:\/\/akunq.net\/tr\/wp-content\/uploads\/sites\/6\/2020\/10\/Anadolu-Ajans\u0131.jpg 940w\" sizes=\"auto, (max-width: 360px) 100vw, 360px\" \/><\/h4>\n<h4><em>Anadolu Ajans\u0131n\u0131n Ermenilerle ilgili servis etti\u011fi bir haberde kulland\u0131\u011f\u0131 \u201cErmeniler tarih boyunca katliam yapt\u0131\u201d ba\u015fl\u0131\u011f\u0131 toplumun \u00e7e\u015fitli kesimlerinden tepki \u00e7ekti.<\/em><\/h4>\n<p><strong>BOLD-<\/strong>\u00a0Azerbaycan ile Da\u011fl\u0131k Karaba\u011f\u2019da \u00e7at\u0131\u015fma halinde olan Ermenistan ve Ermenilerle ilgili haberler T\u00fcrk bas\u0131n\u0131nda s\u0131k\u00e7a yer almaya ba\u015flad\u0131. Anadolu Ajans\u0131n\u0131n (AA) Ermenilerle ilgili yapt\u0131\u011f\u0131 bir haber, ba\u015fta T\u00fcrkiye\u2019deki Ermeni k\u00f6kenli\u00a0 vatanda\u015flar olmak \u00fczere bir\u00e7ok kesimden tepki ald\u0131.<\/p>\n<p>AA haberinde \u201cErmeniler tarih boyunca katliam yapt\u0131\u201d ba\u015fl\u0131\u011f\u0131n\u0131 kullan\u0131rken, haberin i\u00e7eri\u011finde de Atat\u00fcrk \u00dcniversitesi T\u00fcrk-Ermeni \u0130li\u015fkileri Ara\u015ft\u0131rma Merkezi M\u00fcd\u00fcr\u00fc Prof. Dr. K\u00fcrk\u00e7\u00fco\u011flu\u2019nun, \u201cT\u00fcrkler tarihinde \u015fehidi \u00e7ok olan bir millettir. Emperyalist devletlerin oyununa gelen Ermeniler, tarih boyunca katliamlar yapm\u0131\u015ft\u0131r\u201d ifadeleri yer ald\u0131.<\/p>\n<h5>YUH OLSUN!<\/h5>\n<p>HDP\u2019nin Ermeni k\u00f6kenli Milletvekili Garo Paylan AA haberini payla\u015farak, \u201cDevletin resmi ajans\u0131 b\u00f6yle bir nefret dili kullan\u0131yor. Yuh olsun! Ermeni halk\u0131na kar\u015f\u0131 kulland\u0131\u011f\u0131n\u0131z nefret diliyle toplumu zehirliyorsunuz. Nefret s\u00f6ylemlerine son verin!\u201d ifadeleriyle tepkisini dile getirdi.<\/p>\n<p>Ermeni k\u00f6kenli gazeteci Rober Kopta\u015f da, \u201c\u00c7ok yorgun, \u00fczg\u00fcn, k\u0131rg\u0131n ve k\u0131zg\u0131n\u0131m. bu \u00fclkede bir ermeni olarak d\u00fcnyaya gelmi\u015f olmak ger\u00e7ekten korkun\u00e7 bir deneyim. o deneyimin i\u00e7inden kahrola ola ge\u00e7iyoruz ve buna da hayat diyoruz. Peh\u201d dedi. Agos\u2019un Genel Yay\u0131n Y\u00f6netmeni Yetvart Danzikyan da AA\u2019ya tepki g\u00f6stererek, \u201cNas\u0131l bir nefret dili bu, kamu ajans\u0131 arac\u0131l\u0131\u011f\u0131yla. Nereye kadar vard\u0131racaks\u0131n\u0131z bunu\u201d ifadelerini kulland\u0131.<\/p>\n<p>AA\u2019n\u0131n nefret s\u00f6ylemi i\u00e7eren ba\u015fl\u0131k kulland\u0131\u011f\u0131 haber sosyal medya kullan\u0131c\u0131lar\u0131n\u0131n da tepkisini \u00e7ekti.<\/p>\n<figure class=\"wp-block-embed-twitter wp-block-embed is-type-rich is-provider-twitter\">\n<div class=\"wp-block-embed__wrapper\">\n<div class=\"twitter-tweet twitter-tweet-rendered\"><iframe id=\"twitter-widget-0\" class=\"\" title=\"Twitter Tweet\" src=\"https:\/\/platform.twitter.com\/embed\/index.html?creatorScreenName=HyeTert&amp;dnt=true&amp;embedId=twitter-widget-0&amp;frame=false&amp;hideCard=false&amp;hideThread=false&amp;id=1313820224966348800&amp;lang=tr&amp;origin=https%3A%2F%2Fhyetert.org%2F2020%2F10%2F07%2Fanadolu-ajansinin-nefret-soylemi-iceren-ermeni-basligina-buyuk-tepki%2F&amp;siteScreenName=HyeTert&amp;theme=light&amp;widgetsVersion=ed20a2b%3A1601588405575&amp;width=500px\" frameborder=\"0\" scrolling=\"no\" allowfullscreen=\"allowfullscreen\" data-tweet-id=\"1313820224966348800\" data-mce-fragment=\"1\"><\/iframe><\/div>\n<\/div>\n<\/figure>\n<p>Hyetert\u2019in notu: Anadolu Ajans\u0131\u2019n\u0131n tepkiler \u00fczerine sildi\u011fi tweet \u015f\u00f6yle idi<\/p>\n<figure class=\"wp-block-image size-large is-resized\"><img loading=\"lazy\" decoding=\"async\" class=\"wp-image-346001\" src=\"https:\/\/i1.wp.com\/hyetert.org\/wp-content\/uploads\/2020\/10\/IMG_4619.jpg?resize=286%2C498&amp;ssl=1\" sizes=\"auto, (max-width: 286px) 100vw, 286px\" srcset=\"https:\/\/i1.wp.com\/hyetert.org\/wp-content\/uploads\/2020\/10\/IMG_4619.jpg?resize=587%2C1024&amp;ssl=1 587w, https:\/\/i1.wp.com\/hyetert.org\/wp-content\/uploads\/2020\/10\/IMG_4619.jpg?resize=172%2C300&amp;ssl=1 172w, https:\/\/i1.wp.com\/hyetert.org\/wp-content\/uploads\/2020\/10\/IMG_4619.jpg?resize=768%2C1339&amp;ssl=1 768w, https:\/\/i1.wp.com\/hyetert.org\/wp-content\/uploads\/2020\/10\/IMG_4619.jpg?resize=881%2C1536&amp;ssl=1 881w, https:\/\/i1.wp.com\/hyetert.org\/wp-content\/uploads\/2020\/10\/IMG_4619.jpg?resize=1175%2C2048&amp;ssl=1 1175w, https:\/\/i1.wp.com\/hyetert.org\/wp-content\/uploads\/2020\/10\/IMG_4619.jpg?w=1242&amp;ssl=1 1242w\" alt=\"\" width=\"286\" height=\"498\" data-recalc-dims=\"1\" \/><\/figure>\n<hr class=\"wp-block-separator\" \/>\n<p><em><strong><a href=\"https:\/\/www.boldmedya.com\/2020\/10\/07\/anadolu-ajansinin-nefret-soylemi-iceren-ermeni-basligina-buyuk-tepki\/amp\/\">https:\/\/www.boldmedya.com\/2020\/10\/07\/anadolu-ajansinin-nefret-soylemi-iceren-ermeni-basligina-buyuk-tepki\/amp\/<\/a><\/strong><\/em><\/p>\n","protected":false},"excerpt":{"rendered":"<p>Anadolu Ajans\u0131n\u0131n Ermenilerle ilgili servis etti\u011fi bir haberde kulland\u0131\u011f\u0131 \u201cErmeniler tarih boyunca katliam yapt\u0131\u201d ba\u015fl\u0131\u011f\u0131 toplumun \u00e7e\u015fitli kesimlerinden tepki \u00e7ekti. BOLD-\u00a0Azerbaycan ile Da\u011fl\u0131k Karaba\u011f\u2019da \u00e7at\u0131\u015fma halinde olan Ermenistan ve Ermenilerle ilgili haberler T\u00fcrk bas\u0131n\u0131nda s\u0131k\u00e7a yer almaya ba\u015flad\u0131. Anadolu Ajans\u0131n\u0131n (AA) Ermenilerle ilgili yapt\u0131\u011f\u0131 bir haber, ba\u015fta T\u00fcrkiye\u2019deki Ermeni k\u00f6kenli\u00a0 vatanda\u015flar olmak \u00fczere bir\u00e7ok kesimden [&hellip;]<\/p>\n","protected":false},"author":7,"featured_media":59429,"comment_status":"open","ping_status":"open","sticky":false,"template":"","format":"standard","meta":{"footnotes":""},"categories":[1],"tags":[],"class_list":["post-59428","post","type-post","status-publish","format-standard","has-post-thumbnail","hentry","category-haberler"],"yoast_head":"<!-- This site is optimized with the Yoast SEO plugin v27.4 - https:\/\/yoast.com\/product\/yoast-seo-wordpress\/ -->\n<title>Anadolu Ajans\u0131n\u0131n nefret s\u00f6ylemi i\u00e7eren Ermeni ba\u015fl\u0131\u011f\u0131na b\u00fcy\u00fck tepki - Bati Ermenistan Ve Bati Ermenileri Sorunlari Ara\u015ftirmalar Merkezi<\/title>\n<meta name=\"robots\" content=\"index, follow, max-snippet:-1, max-image-preview:large, max-video-preview:-1\" \/>\n<link rel=\"canonical\" href=\"https:\/\/akunq.net\/tr\/?p=59428\" \/>\n<meta property=\"og:locale\" content=\"en_US\" \/>\n<meta property=\"og:type\" content=\"article\" \/>\n<meta property=\"og:title\" content=\"Anadolu Ajans\u0131n\u0131n nefret s\u00f6ylemi i\u00e7eren Ermeni ba\u015fl\u0131\u011f\u0131na b\u00fcy\u00fck tepki - Bati Ermenistan Ve Bati Ermenileri Sorunlari Ara\u015ftirmalar Merkezi\" \/>\n<meta property=\"og:description\" content=\"Anadolu Ajans\u0131n\u0131n Ermenilerle ilgili servis etti\u011fi bir haberde kulland\u0131\u011f\u0131 \u201cErmeniler tarih boyunca katliam yapt\u0131\u201d ba\u015fl\u0131\u011f\u0131 toplumun \u00e7e\u015fitli kesimlerinden tepki \u00e7ekti. BOLD-\u00a0Azerbaycan ile Da\u011fl\u0131k Karaba\u011f\u2019da \u00e7at\u0131\u015fma halinde olan Ermenistan ve Ermenilerle ilgili haberler T\u00fcrk bas\u0131n\u0131nda s\u0131k\u00e7a yer almaya ba\u015flad\u0131. Anadolu Ajans\u0131n\u0131n (AA) Ermenilerle ilgili yapt\u0131\u011f\u0131 bir haber, ba\u015fta T\u00fcrkiye\u2019deki Ermeni k\u00f6kenli\u00a0 vatanda\u015flar olmak \u00fczere bir\u00e7ok kesimden [&hellip;]\" \/>\n<meta property=\"og:url\" content=\"https:\/\/akunq.net\/tr\/?p=59428\" \/>\n<meta property=\"og:site_name\" content=\"Bati Ermenistan Ve Bati Ermenileri Sorunlari Ara\u015ftirmalar Merkezi\" \/>\n<meta property=\"article:published_time\" content=\"2020-10-08T07:01:16+00:00\" \/>\n<meta property=\"og:image\" content=\"https:\/\/akunq.net\/tr\/wp-content\/uploads\/sites\/6\/2020\/10\/Anadolu-Ajans\u0131.jpg\" \/>\n\t<meta property=\"og:image:width\" content=\"940\" \/>\n\t<meta property=\"og:image:height\" content=\"350\" \/>\n\t<meta property=\"og:image:type\" content=\"image\/jpeg\" \/>\n<meta name=\"author\" content=\"admin\" \/>\n<meta name=\"twitter:card\" content=\"summary_large_image\" \/>\n<meta name=\"twitter:label1\" content=\"Written by\" \/>\n\t<meta name=\"twitter:data1\" content=\"admin\" \/>\n\t<meta name=\"twitter:label2\" content=\"Est. reading time\" \/>\n\t<meta name=\"twitter:data2\" content=\"2 minutes\" \/>\n<script type=\"application\/ld+json\" class=\"yoast-schema-graph\">{\"@context\":\"https:\\\/\\\/schema.org\",\"@graph\":[{\"@type\":\"Article\",\"@id\":\"https:\\\/\\\/akunq.net\\\/tr\\\/?p=59428#article\",\"isPartOf\":{\"@id\":\"https:\\\/\\\/akunq.net\\\/tr\\\/?p=59428\"},\"author\":{\"name\":\"admin\",\"@id\":\"https:\\\/\\\/akunq.net\\\/tr\\\/#\\\/schema\\\/person\\\/096f1d38a12cce57fb855b485ed24c9e\"},\"headline\":\"Anadolu Ajans\u0131n\u0131n nefret s\u00f6ylemi i\u00e7eren Ermeni ba\u015fl\u0131\u011f\u0131na b\u00fcy\u00fck tepki\",\"datePublished\":\"2020-10-08T07:01:16+00:00\",\"mainEntityOfPage\":{\"@id\":\"https:\\\/\\\/akunq.net\\\/tr\\\/?p=59428\"},\"wordCount\":330,\"commentCount\":0,\"image\":{\"@id\":\"https:\\\/\\\/akunq.net\\\/tr\\\/?p=59428#primaryimage\"},\"thumbnailUrl\":\"https:\\\/\\\/akunq.net\\\/tr\\\/wp-content\\\/uploads\\\/sites\\\/6\\\/2020\\\/10\\\/Anadolu-Ajans\u0131.jpg\",\"articleSection\":[\"Haberler\"],\"inLanguage\":\"en-US\",\"potentialAction\":[{\"@type\":\"CommentAction\",\"name\":\"Comment\",\"target\":[\"https:\\\/\\\/akunq.net\\\/tr\\\/?p=59428#respond\"]}]},{\"@type\":\"WebPage\",\"@id\":\"https:\\\/\\\/akunq.net\\\/tr\\\/?p=59428\",\"url\":\"https:\\\/\\\/akunq.net\\\/tr\\\/?p=59428\",\"name\":\"Anadolu Ajans\u0131n\u0131n nefret s\u00f6ylemi i\u00e7eren Ermeni ba\u015fl\u0131\u011f\u0131na b\u00fcy\u00fck tepki - Bati Ermenistan Ve Bati Ermenileri Sorunlari Ara\u015ftirmalar Merkezi\",\"isPartOf\":{\"@id\":\"https:\\\/\\\/akunq.net\\\/tr\\\/#website\"},\"primaryImageOfPage\":{\"@id\":\"https:\\\/\\\/akunq.net\\\/tr\\\/?p=59428#primaryimage\"},\"image\":{\"@id\":\"https:\\\/\\\/akunq.net\\\/tr\\\/?p=59428#primaryimage\"},\"thumbnailUrl\":\"https:\\\/\\\/akunq.net\\\/tr\\\/wp-content\\\/uploads\\\/sites\\\/6\\\/2020\\\/10\\\/Anadolu-Ajans\u0131.jpg\",\"datePublished\":\"2020-10-08T07:01:16+00:00\",\"author\":{\"@id\":\"https:\\\/\\\/akunq.net\\\/tr\\\/#\\\/schema\\\/person\\\/096f1d38a12cce57fb855b485ed24c9e\"},\"breadcrumb\":{\"@id\":\"https:\\\/\\\/akunq.net\\\/tr\\\/?p=59428#breadcrumb\"},\"inLanguage\":\"en-US\",\"potentialAction\":[{\"@type\":\"ReadAction\",\"target\":[\"https:\\\/\\\/akunq.net\\\/tr\\\/?p=59428\"]}]},{\"@type\":\"ImageObject\",\"inLanguage\":\"en-US\",\"@id\":\"https:\\\/\\\/akunq.net\\\/tr\\\/?p=59428#primaryimage\",\"url\":\"https:\\\/\\\/akunq.net\\\/tr\\\/wp-content\\\/uploads\\\/sites\\\/6\\\/2020\\\/10\\\/Anadolu-Ajans\u0131.jpg\",\"contentUrl\":\"https:\\\/\\\/akunq.net\\\/tr\\\/wp-content\\\/uploads\\\/sites\\\/6\\\/2020\\\/10\\\/Anadolu-Ajans\u0131.jpg\",\"width\":940,\"height\":350},{\"@type\":\"BreadcrumbList\",\"@id\":\"https:\\\/\\\/akunq.net\\\/tr\\\/?p=59428#breadcrumb\",\"itemListElement\":[{\"@type\":\"ListItem\",\"position\":1,\"name\":\"Home\",\"item\":\"https:\\\/\\\/akunq.net\\\/tr\"},{\"@type\":\"ListItem\",\"position\":2,\"name\":\"Anadolu Ajans\u0131n\u0131n nefret s\u00f6ylemi i\u00e7eren Ermeni ba\u015fl\u0131\u011f\u0131na b\u00fcy\u00fck tepki\"}]},{\"@type\":\"WebSite\",\"@id\":\"https:\\\/\\\/akunq.net\\\/tr\\\/#website\",\"url\":\"https:\\\/\\\/akunq.net\\\/tr\\\/\",\"name\":\"Bati Ermenistan Ve Bati Ermenileri Sorunlari Ara\u015ftirmalar Merkezi\",\"description\":\"\",\"potentialAction\":[{\"@type\":\"SearchAction\",\"target\":{\"@type\":\"EntryPoint\",\"urlTemplate\":\"https:\\\/\\\/akunq.net\\\/tr\\\/?s={search_term_string}\"},\"query-input\":{\"@type\":\"PropertyValueSpecification\",\"valueRequired\":true,\"valueName\":\"search_term_string\"}}],\"inLanguage\":\"en-US\"},{\"@type\":\"Person\",\"@id\":\"https:\\\/\\\/akunq.net\\\/tr\\\/#\\\/schema\\\/person\\\/096f1d38a12cce57fb855b485ed24c9e\",\"name\":\"admin\",\"url\":\"https:\\\/\\\/akunq.net\\\/tr\\\/?author=7\"}]}<\/script>\n<!-- \/ Yoast SEO plugin. -->","yoast_head_json":{"title":"Anadolu Ajans\u0131n\u0131n nefret s\u00f6ylemi i\u00e7eren Ermeni ba\u015fl\u0131\u011f\u0131na b\u00fcy\u00fck tepki - Bati Ermenistan Ve Bati Ermenileri Sorunlari Ara\u015ftirmalar Merkezi","robots":{"index":"index","follow":"follow","max-snippet":"max-snippet:-1","max-image-preview":"max-image-preview:large","max-video-preview":"max-video-preview:-1"},"canonical":"https:\/\/akunq.net\/tr\/?p=59428","og_locale":"en_US","og_type":"article","og_title":"Anadolu Ajans\u0131n\u0131n nefret s\u00f6ylemi i\u00e7eren Ermeni ba\u015fl\u0131\u011f\u0131na b\u00fcy\u00fck tepki - Bati Ermenistan Ve Bati Ermenileri Sorunlari Ara\u015ftirmalar Merkezi","og_description":"Anadolu Ajans\u0131n\u0131n Ermenilerle ilgili servis etti\u011fi bir haberde kulland\u0131\u011f\u0131 \u201cErmeniler tarih boyunca katliam yapt\u0131\u201d ba\u015fl\u0131\u011f\u0131 toplumun \u00e7e\u015fitli kesimlerinden tepki \u00e7ekti. BOLD-\u00a0Azerbaycan ile Da\u011fl\u0131k Karaba\u011f\u2019da \u00e7at\u0131\u015fma halinde olan Ermenistan ve Ermenilerle ilgili haberler T\u00fcrk bas\u0131n\u0131nda s\u0131k\u00e7a yer almaya ba\u015flad\u0131. Anadolu Ajans\u0131n\u0131n (AA) Ermenilerle ilgili yapt\u0131\u011f\u0131 bir haber, ba\u015fta T\u00fcrkiye\u2019deki Ermeni k\u00f6kenli\u00a0 vatanda\u015flar olmak \u00fczere bir\u00e7ok kesimden [&hellip;]","og_url":"https:\/\/akunq.net\/tr\/?p=59428","og_site_name":"Bati Ermenistan Ve Bati Ermenileri Sorunlari Ara\u015ftirmalar Merkezi","article_published_time":"2020-10-08T07:01:16+00:00","og_image":[{"width":940,"height":350,"url":"https:\/\/akunq.net\/tr\/wp-content\/uploads\/sites\/6\/2020\/10\/Anadolu-Ajans\u0131.jpg","type":"image\/jpeg"}],"author":"admin","twitter_card":"summary_large_image","twitter_misc":{"Written by":"admin","Est. reading time":"2 minutes"},"schema":{"@context":"https:\/\/schema.org","@graph":[{"@type":"Article","@id":"https:\/\/akunq.net\/tr\/?p=59428#article","isPartOf":{"@id":"https:\/\/akunq.net\/tr\/?p=59428"},"author":{"name":"admin","@id":"https:\/\/akunq.net\/tr\/#\/schema\/person\/096f1d38a12cce57fb855b485ed24c9e"},"headline":"Anadolu Ajans\u0131n\u0131n nefret s\u00f6ylemi i\u00e7eren Ermeni ba\u015fl\u0131\u011f\u0131na b\u00fcy\u00fck tepki","datePublished":"2020-10-08T07:01:16+00:00","mainEntityOfPage":{"@id":"https:\/\/akunq.net\/tr\/?p=59428"},"wordCount":330,"commentCount":0,"image":{"@id":"https:\/\/akunq.net\/tr\/?p=59428#primaryimage"},"thumbnailUrl":"https:\/\/akunq.net\/tr\/wp-content\/uploads\/sites\/6\/2020\/10\/Anadolu-Ajans\u0131.jpg","articleSection":["Haberler"],"inLanguage":"en-US","potentialAction":[{"@type":"CommentAction","name":"Comment","target":["https:\/\/akunq.net\/tr\/?p=59428#respond"]}]},{"@type":"WebPage","@id":"https:\/\/akunq.net\/tr\/?p=59428","url":"https:\/\/akunq.net\/tr\/?p=59428","name":"Anadolu Ajans\u0131n\u0131n nefret s\u00f6ylemi i\u00e7eren Ermeni ba\u015fl\u0131\u011f\u0131na b\u00fcy\u00fck tepki - Bati Ermenistan Ve Bati Ermenileri Sorunlari Ara\u015ftirmalar Merkezi","isPartOf":{"@id":"https:\/\/akunq.net\/tr\/#website"},"primaryImageOfPage":{"@id":"https:\/\/akunq.net\/tr\/?p=59428#primaryimage"},"image":{"@id":"https:\/\/akunq.net\/tr\/?p=59428#primaryimage"},"thumbnailUrl":"https:\/\/akunq.net\/tr\/wp-content\/uploads\/sites\/6\/2020\/10\/Anadolu-Ajans\u0131.jpg","datePublished":"2020-10-08T07:01:16+00:00","author":{"@id":"https:\/\/akunq.net\/tr\/#\/schema\/person\/096f1d38a12cce57fb855b485ed24c9e"},"breadcrumb":{"@id":"https:\/\/akunq.net\/tr\/?p=59428#breadcrumb"},"inLanguage":"en-US","potentialAction":[{"@type":"ReadAction","target":["https:\/\/akunq.net\/tr\/?p=59428"]}]},{"@type":"ImageObject","inLanguage":"en-US","@id":"https:\/\/akunq.net\/tr\/?p=59428#primaryimage","url":"https:\/\/akunq.net\/tr\/wp-content\/uploads\/sites\/6\/2020\/10\/Anadolu-Ajans\u0131.jpg","contentUrl":"https:\/\/akunq.net\/tr\/wp-content\/uploads\/sites\/6\/2020\/10\/Anadolu-Ajans\u0131.jpg","width":940,"height":350},{"@type":"BreadcrumbList","@id":"https:\/\/akunq.net\/tr\/?p=59428#breadcrumb","itemListElement":[{"@type":"ListItem","position":1,"name":"Home","item":"https:\/\/akunq.net\/tr"},{"@type":"ListItem","position":2,"name":"Anadolu Ajans\u0131n\u0131n nefret s\u00f6ylemi i\u00e7eren Ermeni ba\u015fl\u0131\u011f\u0131na b\u00fcy\u00fck tepki"}]},{"@type":"WebSite","@id":"https:\/\/akunq.net\/tr\/#website","url":"https:\/\/akunq.net\/tr\/","name":"Bati Ermenistan Ve Bati Ermenileri Sorunlari Ara\u015ftirmalar Merkezi","description":"","potentialAction":[{"@type":"SearchAction","target":{"@type":"EntryPoint","urlTemplate":"https:\/\/akunq.net\/tr\/?s={search_term_string}"},"query-input":{"@type":"PropertyValueSpecification","valueRequired":true,"valueName":"search_term_string"}}],"inLanguage":"en-US"},{"@type":"Person","@id":"https:\/\/akunq.net\/tr\/#\/schema\/person\/096f1d38a12cce57fb855b485ed24c9e","name":"admin","url":"https:\/\/akunq.net\/tr\/?author=7"}]}},"_links":{"self":[{"href":"https:\/\/akunq.net\/tr\/index.php?rest_route=\/wp\/v2\/posts\/59428","targetHints":{"allow":["GET"]}}],"collection":[{"href":"https:\/\/akunq.net\/tr\/index.php?rest_route=\/wp\/v2\/posts"}],"about":[{"href":"https:\/\/akunq.net\/tr\/index.php?rest_route=\/wp\/v2\/types\/post"}],"author":[{"embeddable":true,"href":"https:\/\/akunq.net\/tr\/index.php?rest_route=\/wp\/v2\/users\/7"}],"replies":[{"embeddable":true,"href":"https:\/\/akunq.net\/tr\/index.php?rest_route=%2Fwp%2Fv2%2Fcomments&post=59428"}],"version-history":[{"count":1,"href":"https:\/\/akunq.net\/tr\/index.php?rest_route=\/wp\/v2\/posts\/59428\/revisions"}],"predecessor-version":[{"id":59430,"href":"https:\/\/akunq.net\/tr\/index.php?rest_route=\/wp\/v2\/posts\/59428\/revisions\/59430"}],"wp:featuredmedia":[{"embeddable":true,"href":"https:\/\/akunq.net\/tr\/index.php?rest_route=\/wp\/v2\/media\/59429"}],"wp:attachment":[{"href":"https:\/\/akunq.net\/tr\/index.php?rest_route=%2Fwp%2Fv2%2Fmedia&parent=59428"}],"wp:term":[{"taxonomy":"category","embeddable":true,"href":"https:\/\/akunq.net\/tr\/index.php?rest_route=%2Fwp%2Fv2%2Fcategories&post=59428"},{"taxonomy":"post_tag","embeddable":true,"href":"https:\/\/akunq.net\/tr\/index.php?rest_route=%2Fwp%2Fv2%2Ftags&post=59428"}],"curies":[{"name":"wp","href":"https:\/\/api.w.org\/{rel}","templated":true}]}}