{"id":59217,"date":"2020-09-30T05:12:02","date_gmt":"2020-09-30T10:12:02","guid":{"rendered":"https:\/\/akunq.net\/tr\/?p=59217"},"modified":"2020-09-30T05:12:02","modified_gmt":"2020-09-30T10:12:02","slug":"charles-aznavourun-kizindan-karabag-paylasimi","status":"publish","type":"post","link":"https:\/\/akunq.net\/tr\/?p=59217","title":{"rendered":"Charles Aznavour\u2019un k\u0131z\u0131ndan Karaba\u011f payla\u015f\u0131m\u0131"},"content":{"rendered":"<p><img loading=\"lazy\" decoding=\"async\" class=\"alignleft size-medium wp-image-59219\" src=\"https:\/\/akunq.net\/tr\/wp-content\/uploads\/2020\/09\/Seda-Aznavour-360x270.jpg\" alt=\"\" width=\"360\" height=\"270\" srcset=\"https:\/\/akunq.net\/tr\/wp-content\/uploads\/sites\/6\/2020\/09\/Seda-Aznavour-360x270.jpg 360w, https:\/\/akunq.net\/tr\/wp-content\/uploads\/sites\/6\/2020\/09\/Seda-Aznavour-768x576.jpg 768w, https:\/\/akunq.net\/tr\/wp-content\/uploads\/sites\/6\/2020\/09\/Seda-Aznavour-1536x1152.jpg 1536w, https:\/\/akunq.net\/tr\/wp-content\/uploads\/sites\/6\/2020\/09\/Seda-Aznavour-560x420.jpg 560w, https:\/\/akunq.net\/tr\/wp-content\/uploads\/sites\/6\/2020\/09\/Seda-Aznavour-260x195.jpg 260w, https:\/\/akunq.net\/tr\/wp-content\/uploads\/sites\/6\/2020\/09\/Seda-Aznavour-160x120.jpg 160w, https:\/\/akunq.net\/tr\/wp-content\/uploads\/sites\/6\/2020\/09\/Seda-Aznavour.jpg 2048w\" sizes=\"auto, (max-width: 360px) 100vw, 360px\" \/><\/p>\n<p><em><strong>D\u00fcnyaca \u00fcnl\u00fc Frans\u0131z Ermeni \u015fark\u0131c\u0131 Charles Aznavour\u2019un k\u0131z\u0131, \u015fark\u0131c\u0131 Seda Aznavour, kendi Facebook sayfas\u0131 \u00fczerinden cephe hatt\u0131nda do\u011fru yola \u00e7\u0131kan Ermenileri y\u00fcreklendiren bir payla\u015f\u0131mda bulundu.<\/strong><\/em><\/p>\n<p>Seda Aznavur yapt\u0131\u011f\u0131 payla\u015f\u0131mda \u015fu ifadelerini kulland\u0131:<\/p>\n<p>\u201dErmenistan polisi ve askerleri de kat\u0131l\u0131yor. Moralleri y\u00fcksek. Hepimizin kalbi onlarla. Allah onlar\u0131 korusun, yar ve yard\u0131mc\u0131s\u0131 olsun.\u201d<\/p>\n<p>Hat\u0131rlanaca\u011f\u0131 \u00fczere\u00a027 Eyl\u00fcl tarihinde sabah 07:10 sular\u0131nda Azerbaycan silahl\u0131 kuvvetleri, Artsakh (Da\u011fl\u0131k Karaba\u011f) ile t\u00fcm cephe hatt\u0131 boyunca sald\u0131r\u0131ya ge\u00e7ti. Artsakh\u2019a kar\u015f\u0131 hava ve f\u00fcze sald\u0131r\u0131lar\u0131 ba\u015flat\u0131ld\u0131.<\/p>\n<p>Da\u011fl\u0131k Karaba\u011f\u2019a ve \u00e7evresine sald\u0131r\u0131lar d\u00fczenleyen Azerbaycan ordusu, ba\u015fta ba\u015fkent Stepanakert olmak \u00fczere sivil yerle\u015fim yerlerini, okullar\u0131n\u0131 hedef ald\u0131. \u00c7ok say\u0131da konutta hasar olu\u015ftu ve \u00e7ok say\u0131da eve mermi isabet etti. Ermenistan\u2019da ve Artsakh\u2019ta s\u0131k\u0131y\u00f6netim ve seferberlik ilan edildi.<\/p>\n<p>Azerbaycan\u2019\u0131n sald\u0131r\u0131s\u0131 sonucu Artsakh Ermeni sivil halk aras\u0131nda 3 g\u00fcnde aralar\u0131nda kad\u0131n ve \u00e7ocuklar\u0131n da bulundu\u011fu 4 sivil ya\u015fam\u0131n\u0131 yitirmi\u015f. 1 sivil de\u00a0 29 Eyl\u00fcl\u2019de Ermenistan\u2019da ya\u015fam\u0131n\u0131 yitirdi. Ermeni taraf\u0131, 80 \u015fehit ve 120 kadar yaral\u0131 oldu\u011funu da a\u00e7\u0131klad\u0131.<\/p>\n<p>Artsakh Savunma Ordusu\u2019ndan edinen bilgilere g\u00f6re Azerbaycan, \u015fu ana dek yakla\u015f\u0131k 790 can kayb\u0131 verdi. Azerbaycan\u2019\u0131n 1900 kadar yaral\u0131 oldu\u011fu da a\u00e7\u0131kland\u0131. Azerbaycan ordusuna ait toplam 7 helikopter, 72 \u0130HA, 137 z\u0131rhl\u0131 ara\u00e7 ve 1 u\u00e7ak imha edildi. \u00c7at\u0131\u015fmalar devam ediyor.<\/p>\n<p><em><strong><a href=\"https:\/\/www.ermenihaber.am\/tr\/news\/2020\/09\/30\/Charles-Aznavour-Seda-Karaba%C4%9F\/193976\">https:\/\/www.ermenihaber.am\/tr\/news\/2020\/09\/30\/Charles-Aznavour-Seda-Karaba\u011f\/193976<\/a><\/strong><\/em><\/p>\n","protected":false},"excerpt":{"rendered":"<p>D\u00fcnyaca \u00fcnl\u00fc Frans\u0131z Ermeni \u015fark\u0131c\u0131 Charles Aznavour\u2019un k\u0131z\u0131, \u015fark\u0131c\u0131 Seda Aznavour, kendi Facebook sayfas\u0131 \u00fczerinden cephe hatt\u0131nda do\u011fru yola \u00e7\u0131kan Ermenileri y\u00fcreklendiren bir payla\u015f\u0131mda bulundu. Seda Aznavur yapt\u0131\u011f\u0131 payla\u015f\u0131mda \u015fu ifadelerini kulland\u0131: \u201dErmenistan polisi ve askerleri de kat\u0131l\u0131yor. Moralleri y\u00fcksek. Hepimizin kalbi onlarla. Allah onlar\u0131 korusun, yar ve yard\u0131mc\u0131s\u0131 olsun.\u201d Hat\u0131rlanaca\u011f\u0131 \u00fczere\u00a027 Eyl\u00fcl tarihinde sabah [&hellip;]<\/p>\n","protected":false},"author":7,"featured_media":59219,"comment_status":"open","ping_status":"open","sticky":false,"template":"","format":"standard","meta":{"footnotes":""},"categories":[1],"tags":[],"class_list":["post-59217","post","type-post","status-publish","format-standard","has-post-thumbnail","hentry","category-haberler"],"yoast_head":"<!-- This site is optimized with the Yoast SEO plugin v27.4 - https:\/\/yoast.com\/product\/yoast-seo-wordpress\/ -->\n<title>Charles Aznavour\u2019un k\u0131z\u0131ndan Karaba\u011f payla\u015f\u0131m\u0131 - Bati Ermenistan Ve Bati Ermenileri Sorunlari Ara\u015ftirmalar Merkezi<\/title>\n<meta name=\"robots\" content=\"index, follow, max-snippet:-1, max-image-preview:large, max-video-preview:-1\" \/>\n<link rel=\"canonical\" href=\"https:\/\/akunq.net\/tr\/?p=59217\" \/>\n<meta property=\"og:locale\" content=\"en_US\" \/>\n<meta property=\"og:type\" content=\"article\" \/>\n<meta property=\"og:title\" content=\"Charles Aznavour\u2019un k\u0131z\u0131ndan Karaba\u011f payla\u015f\u0131m\u0131 - Bati Ermenistan Ve Bati Ermenileri Sorunlari Ara\u015ftirmalar Merkezi\" \/>\n<meta property=\"og:description\" content=\"D\u00fcnyaca \u00fcnl\u00fc Frans\u0131z Ermeni \u015fark\u0131c\u0131 Charles Aznavour\u2019un k\u0131z\u0131, \u015fark\u0131c\u0131 Seda Aznavour, kendi Facebook sayfas\u0131 \u00fczerinden cephe hatt\u0131nda do\u011fru yola \u00e7\u0131kan Ermenileri y\u00fcreklendiren bir payla\u015f\u0131mda bulundu. Seda Aznavur yapt\u0131\u011f\u0131 payla\u015f\u0131mda \u015fu ifadelerini kulland\u0131: \u201dErmenistan polisi ve askerleri de kat\u0131l\u0131yor. Moralleri y\u00fcksek. Hepimizin kalbi onlarla. Allah onlar\u0131 korusun, yar ve yard\u0131mc\u0131s\u0131 olsun.\u201d Hat\u0131rlanaca\u011f\u0131 \u00fczere\u00a027 Eyl\u00fcl tarihinde sabah [&hellip;]\" \/>\n<meta property=\"og:url\" content=\"https:\/\/akunq.net\/tr\/?p=59217\" \/>\n<meta property=\"og:site_name\" content=\"Bati Ermenistan Ve Bati Ermenileri Sorunlari Ara\u015ftirmalar Merkezi\" \/>\n<meta property=\"article:published_time\" content=\"2020-09-30T10:12:02+00:00\" \/>\n<meta property=\"og:image\" content=\"https:\/\/akunq.net\/tr\/wp-content\/uploads\/sites\/6\/2020\/09\/Seda-Aznavour.jpg\" \/>\n\t<meta property=\"og:image:width\" content=\"2048\" \/>\n\t<meta property=\"og:image:height\" content=\"1536\" \/>\n\t<meta property=\"og:image:type\" content=\"image\/jpeg\" \/>\n<meta name=\"author\" content=\"admin\" \/>\n<meta name=\"twitter:card\" content=\"summary_large_image\" \/>\n<meta name=\"twitter:label1\" content=\"Written by\" \/>\n\t<meta name=\"twitter:data1\" content=\"admin\" \/>\n\t<meta name=\"twitter:label2\" content=\"Est. reading time\" \/>\n\t<meta name=\"twitter:data2\" content=\"1 minute\" \/>\n<script type=\"application\/ld+json\" class=\"yoast-schema-graph\">{\"@context\":\"https:\\\/\\\/schema.org\",\"@graph\":[{\"@type\":\"Article\",\"@id\":\"https:\\\/\\\/akunq.net\\\/tr\\\/?p=59217#article\",\"isPartOf\":{\"@id\":\"https:\\\/\\\/akunq.net\\\/tr\\\/?p=59217\"},\"author\":{\"name\":\"admin\",\"@id\":\"https:\\\/\\\/akunq.net\\\/tr\\\/#\\\/schema\\\/person\\\/096f1d38a12cce57fb855b485ed24c9e\"},\"headline\":\"Charles Aznavour\u2019un k\u0131z\u0131ndan Karaba\u011f payla\u015f\u0131m\u0131\",\"datePublished\":\"2020-09-30T10:12:02+00:00\",\"mainEntityOfPage\":{\"@id\":\"https:\\\/\\\/akunq.net\\\/tr\\\/?p=59217\"},\"wordCount\":275,\"commentCount\":0,\"image\":{\"@id\":\"https:\\\/\\\/akunq.net\\\/tr\\\/?p=59217#primaryimage\"},\"thumbnailUrl\":\"https:\\\/\\\/akunq.net\\\/tr\\\/wp-content\\\/uploads\\\/sites\\\/6\\\/2020\\\/09\\\/Seda-Aznavour.jpg\",\"articleSection\":[\"Haberler\"],\"inLanguage\":\"en-US\",\"potentialAction\":[{\"@type\":\"CommentAction\",\"name\":\"Comment\",\"target\":[\"https:\\\/\\\/akunq.net\\\/tr\\\/?p=59217#respond\"]}]},{\"@type\":\"WebPage\",\"@id\":\"https:\\\/\\\/akunq.net\\\/tr\\\/?p=59217\",\"url\":\"https:\\\/\\\/akunq.net\\\/tr\\\/?p=59217\",\"name\":\"Charles Aznavour\u2019un k\u0131z\u0131ndan Karaba\u011f payla\u015f\u0131m\u0131 - Bati Ermenistan Ve Bati Ermenileri Sorunlari Ara\u015ftirmalar Merkezi\",\"isPartOf\":{\"@id\":\"https:\\\/\\\/akunq.net\\\/tr\\\/#website\"},\"primaryImageOfPage\":{\"@id\":\"https:\\\/\\\/akunq.net\\\/tr\\\/?p=59217#primaryimage\"},\"image\":{\"@id\":\"https:\\\/\\\/akunq.net\\\/tr\\\/?p=59217#primaryimage\"},\"thumbnailUrl\":\"https:\\\/\\\/akunq.net\\\/tr\\\/wp-content\\\/uploads\\\/sites\\\/6\\\/2020\\\/09\\\/Seda-Aznavour.jpg\",\"datePublished\":\"2020-09-30T10:12:02+00:00\",\"author\":{\"@id\":\"https:\\\/\\\/akunq.net\\\/tr\\\/#\\\/schema\\\/person\\\/096f1d38a12cce57fb855b485ed24c9e\"},\"breadcrumb\":{\"@id\":\"https:\\\/\\\/akunq.net\\\/tr\\\/?p=59217#breadcrumb\"},\"inLanguage\":\"en-US\",\"potentialAction\":[{\"@type\":\"ReadAction\",\"target\":[\"https:\\\/\\\/akunq.net\\\/tr\\\/?p=59217\"]}]},{\"@type\":\"ImageObject\",\"inLanguage\":\"en-US\",\"@id\":\"https:\\\/\\\/akunq.net\\\/tr\\\/?p=59217#primaryimage\",\"url\":\"https:\\\/\\\/akunq.net\\\/tr\\\/wp-content\\\/uploads\\\/sites\\\/6\\\/2020\\\/09\\\/Seda-Aznavour.jpg\",\"contentUrl\":\"https:\\\/\\\/akunq.net\\\/tr\\\/wp-content\\\/uploads\\\/sites\\\/6\\\/2020\\\/09\\\/Seda-Aznavour.jpg\",\"width\":2048,\"height\":1536},{\"@type\":\"BreadcrumbList\",\"@id\":\"https:\\\/\\\/akunq.net\\\/tr\\\/?p=59217#breadcrumb\",\"itemListElement\":[{\"@type\":\"ListItem\",\"position\":1,\"name\":\"Home\",\"item\":\"https:\\\/\\\/akunq.net\\\/tr\"},{\"@type\":\"ListItem\",\"position\":2,\"name\":\"Charles Aznavour\u2019un k\u0131z\u0131ndan Karaba\u011f payla\u015f\u0131m\u0131\"}]},{\"@type\":\"WebSite\",\"@id\":\"https:\\\/\\\/akunq.net\\\/tr\\\/#website\",\"url\":\"https:\\\/\\\/akunq.net\\\/tr\\\/\",\"name\":\"Bati Ermenistan Ve Bati Ermenileri Sorunlari Ara\u015ftirmalar Merkezi\",\"description\":\"\",\"potentialAction\":[{\"@type\":\"SearchAction\",\"target\":{\"@type\":\"EntryPoint\",\"urlTemplate\":\"https:\\\/\\\/akunq.net\\\/tr\\\/?s={search_term_string}\"},\"query-input\":{\"@type\":\"PropertyValueSpecification\",\"valueRequired\":true,\"valueName\":\"search_term_string\"}}],\"inLanguage\":\"en-US\"},{\"@type\":\"Person\",\"@id\":\"https:\\\/\\\/akunq.net\\\/tr\\\/#\\\/schema\\\/person\\\/096f1d38a12cce57fb855b485ed24c9e\",\"name\":\"admin\",\"url\":\"https:\\\/\\\/akunq.net\\\/tr\\\/?author=7\"}]}<\/script>\n<!-- \/ Yoast SEO plugin. -->","yoast_head_json":{"title":"Charles Aznavour\u2019un k\u0131z\u0131ndan Karaba\u011f payla\u015f\u0131m\u0131 - Bati Ermenistan Ve Bati Ermenileri Sorunlari Ara\u015ftirmalar Merkezi","robots":{"index":"index","follow":"follow","max-snippet":"max-snippet:-1","max-image-preview":"max-image-preview:large","max-video-preview":"max-video-preview:-1"},"canonical":"https:\/\/akunq.net\/tr\/?p=59217","og_locale":"en_US","og_type":"article","og_title":"Charles Aznavour\u2019un k\u0131z\u0131ndan Karaba\u011f payla\u015f\u0131m\u0131 - Bati Ermenistan Ve Bati Ermenileri Sorunlari Ara\u015ftirmalar Merkezi","og_description":"D\u00fcnyaca \u00fcnl\u00fc Frans\u0131z Ermeni \u015fark\u0131c\u0131 Charles Aznavour\u2019un k\u0131z\u0131, \u015fark\u0131c\u0131 Seda Aznavour, kendi Facebook sayfas\u0131 \u00fczerinden cephe hatt\u0131nda do\u011fru yola \u00e7\u0131kan Ermenileri y\u00fcreklendiren bir payla\u015f\u0131mda bulundu. Seda Aznavur yapt\u0131\u011f\u0131 payla\u015f\u0131mda \u015fu ifadelerini kulland\u0131: \u201dErmenistan polisi ve askerleri de kat\u0131l\u0131yor. Moralleri y\u00fcksek. Hepimizin kalbi onlarla. Allah onlar\u0131 korusun, yar ve yard\u0131mc\u0131s\u0131 olsun.\u201d Hat\u0131rlanaca\u011f\u0131 \u00fczere\u00a027 Eyl\u00fcl tarihinde sabah [&hellip;]","og_url":"https:\/\/akunq.net\/tr\/?p=59217","og_site_name":"Bati Ermenistan Ve Bati Ermenileri Sorunlari Ara\u015ftirmalar Merkezi","article_published_time":"2020-09-30T10:12:02+00:00","og_image":[{"width":2048,"height":1536,"url":"https:\/\/akunq.net\/tr\/wp-content\/uploads\/sites\/6\/2020\/09\/Seda-Aznavour.jpg","type":"image\/jpeg"}],"author":"admin","twitter_card":"summary_large_image","twitter_misc":{"Written by":"admin","Est. reading time":"1 minute"},"schema":{"@context":"https:\/\/schema.org","@graph":[{"@type":"Article","@id":"https:\/\/akunq.net\/tr\/?p=59217#article","isPartOf":{"@id":"https:\/\/akunq.net\/tr\/?p=59217"},"author":{"name":"admin","@id":"https:\/\/akunq.net\/tr\/#\/schema\/person\/096f1d38a12cce57fb855b485ed24c9e"},"headline":"Charles Aznavour\u2019un k\u0131z\u0131ndan Karaba\u011f payla\u015f\u0131m\u0131","datePublished":"2020-09-30T10:12:02+00:00","mainEntityOfPage":{"@id":"https:\/\/akunq.net\/tr\/?p=59217"},"wordCount":275,"commentCount":0,"image":{"@id":"https:\/\/akunq.net\/tr\/?p=59217#primaryimage"},"thumbnailUrl":"https:\/\/akunq.net\/tr\/wp-content\/uploads\/sites\/6\/2020\/09\/Seda-Aznavour.jpg","articleSection":["Haberler"],"inLanguage":"en-US","potentialAction":[{"@type":"CommentAction","name":"Comment","target":["https:\/\/akunq.net\/tr\/?p=59217#respond"]}]},{"@type":"WebPage","@id":"https:\/\/akunq.net\/tr\/?p=59217","url":"https:\/\/akunq.net\/tr\/?p=59217","name":"Charles Aznavour\u2019un k\u0131z\u0131ndan Karaba\u011f payla\u015f\u0131m\u0131 - Bati Ermenistan Ve Bati Ermenileri Sorunlari Ara\u015ftirmalar Merkezi","isPartOf":{"@id":"https:\/\/akunq.net\/tr\/#website"},"primaryImageOfPage":{"@id":"https:\/\/akunq.net\/tr\/?p=59217#primaryimage"},"image":{"@id":"https:\/\/akunq.net\/tr\/?p=59217#primaryimage"},"thumbnailUrl":"https:\/\/akunq.net\/tr\/wp-content\/uploads\/sites\/6\/2020\/09\/Seda-Aznavour.jpg","datePublished":"2020-09-30T10:12:02+00:00","author":{"@id":"https:\/\/akunq.net\/tr\/#\/schema\/person\/096f1d38a12cce57fb855b485ed24c9e"},"breadcrumb":{"@id":"https:\/\/akunq.net\/tr\/?p=59217#breadcrumb"},"inLanguage":"en-US","potentialAction":[{"@type":"ReadAction","target":["https:\/\/akunq.net\/tr\/?p=59217"]}]},{"@type":"ImageObject","inLanguage":"en-US","@id":"https:\/\/akunq.net\/tr\/?p=59217#primaryimage","url":"https:\/\/akunq.net\/tr\/wp-content\/uploads\/sites\/6\/2020\/09\/Seda-Aznavour.jpg","contentUrl":"https:\/\/akunq.net\/tr\/wp-content\/uploads\/sites\/6\/2020\/09\/Seda-Aznavour.jpg","width":2048,"height":1536},{"@type":"BreadcrumbList","@id":"https:\/\/akunq.net\/tr\/?p=59217#breadcrumb","itemListElement":[{"@type":"ListItem","position":1,"name":"Home","item":"https:\/\/akunq.net\/tr"},{"@type":"ListItem","position":2,"name":"Charles Aznavour\u2019un k\u0131z\u0131ndan Karaba\u011f payla\u015f\u0131m\u0131"}]},{"@type":"WebSite","@id":"https:\/\/akunq.net\/tr\/#website","url":"https:\/\/akunq.net\/tr\/","name":"Bati Ermenistan Ve Bati Ermenileri Sorunlari Ara\u015ftirmalar Merkezi","description":"","potentialAction":[{"@type":"SearchAction","target":{"@type":"EntryPoint","urlTemplate":"https:\/\/akunq.net\/tr\/?s={search_term_string}"},"query-input":{"@type":"PropertyValueSpecification","valueRequired":true,"valueName":"search_term_string"}}],"inLanguage":"en-US"},{"@type":"Person","@id":"https:\/\/akunq.net\/tr\/#\/schema\/person\/096f1d38a12cce57fb855b485ed24c9e","name":"admin","url":"https:\/\/akunq.net\/tr\/?author=7"}]}},"_links":{"self":[{"href":"https:\/\/akunq.net\/tr\/index.php?rest_route=\/wp\/v2\/posts\/59217","targetHints":{"allow":["GET"]}}],"collection":[{"href":"https:\/\/akunq.net\/tr\/index.php?rest_route=\/wp\/v2\/posts"}],"about":[{"href":"https:\/\/akunq.net\/tr\/index.php?rest_route=\/wp\/v2\/types\/post"}],"author":[{"embeddable":true,"href":"https:\/\/akunq.net\/tr\/index.php?rest_route=\/wp\/v2\/users\/7"}],"replies":[{"embeddable":true,"href":"https:\/\/akunq.net\/tr\/index.php?rest_route=%2Fwp%2Fv2%2Fcomments&post=59217"}],"version-history":[{"count":1,"href":"https:\/\/akunq.net\/tr\/index.php?rest_route=\/wp\/v2\/posts\/59217\/revisions"}],"predecessor-version":[{"id":59220,"href":"https:\/\/akunq.net\/tr\/index.php?rest_route=\/wp\/v2\/posts\/59217\/revisions\/59220"}],"wp:featuredmedia":[{"embeddable":true,"href":"https:\/\/akunq.net\/tr\/index.php?rest_route=\/wp\/v2\/media\/59219"}],"wp:attachment":[{"href":"https:\/\/akunq.net\/tr\/index.php?rest_route=%2Fwp%2Fv2%2Fmedia&parent=59217"}],"wp:term":[{"taxonomy":"category","embeddable":true,"href":"https:\/\/akunq.net\/tr\/index.php?rest_route=%2Fwp%2Fv2%2Fcategories&post=59217"},{"taxonomy":"post_tag","embeddable":true,"href":"https:\/\/akunq.net\/tr\/index.php?rest_route=%2Fwp%2Fv2%2Ftags&post=59217"}],"curies":[{"name":"wp","href":"https:\/\/api.w.org\/{rel}","templated":true}]}}