{"id":59190,"date":"2020-09-29T04:19:26","date_gmt":"2020-09-29T09:19:26","guid":{"rendered":"https:\/\/akunq.net\/tr\/?p=59190"},"modified":"2020-09-29T04:20:39","modified_gmt":"2020-09-29T09:20:39","slug":"ermenistan-yasanan-catismalar-nedeniyle-azerbaycani-aihme-sikayet-etti","status":"publish","type":"post","link":"https:\/\/akunq.net\/tr\/?p=59190","title":{"rendered":"Ermenistan ya\u015fanan \u00e7at\u0131\u015fmalar (Azerbaycan\u2019\u0131n ba\u015flatt\u0131\u011f\u0131 sava\u015f-\u2018Akunq\u2019 web sitesi) nedeniyle Azerbaycan&#8217;\u0131 AIHM&#8217;e \u015fikayet etti"},"content":{"rendered":"<section class=\"row collapse jsBottomArticle u-overflow-visible u-margin-top-medium-down-2 u-margin-top-large-only-3 u-margin-top-xlarge-4\" data-nid=\"1243408\" data-cid=\"5013548\" data-related=\"2\">\n<div class=\"column u-show-for-medium medium-2 xlarge-1 u-overflow-visible c-aside__social\">\n<div class=\"u-margin-bottom-medium-3 u-position-sticky-80 u-zindex--10\">\n<div class=\"row collapse c-social-share t-social-share--blue js-social-share\">\n<div class=\"column small-12 c-social-share__more js-more-list\">\n<p><img loading=\"lazy\" decoding=\"async\" class=\"alignleft size-medium wp-image-59191\" src=\"https:\/\/akunq.net\/tr\/wp-content\/uploads\/2020\/09\/AIHM-360x203.jpg\" alt=\"\" width=\"360\" height=\"203\" srcset=\"https:\/\/akunq.net\/tr\/wp-content\/uploads\/sites\/6\/2020\/09\/AIHM-360x203.jpg 360w, https:\/\/akunq.net\/tr\/wp-content\/uploads\/sites\/6\/2020\/09\/AIHM-768x432.jpg 768w, https:\/\/akunq.net\/tr\/wp-content\/uploads\/sites\/6\/2020\/09\/AIHM-560x315.jpg 560w, https:\/\/akunq.net\/tr\/wp-content\/uploads\/sites\/6\/2020\/09\/AIHM-260x146.jpg 260w, https:\/\/akunq.net\/tr\/wp-content\/uploads\/sites\/6\/2020\/09\/AIHM-160x90.jpg 160w, https:\/\/akunq.net\/tr\/wp-content\/uploads\/sites\/6\/2020\/09\/AIHM.jpg 773w\" sizes=\"auto, (max-width: 360px) 100vw, 360px\" \/><\/p>\n<p><em><strong><span style=\"letter-spacing: 0.05em;\">Ermenistan, Da\u011fl\u0131k Karaba\u011f (Artsakh-&#8216;Akunq&#8217; web sitesi) s\u0131n\u0131r\u0131 boyunca ya\u015fanan \u00e7at\u0131\u015fmalarla <\/span><\/strong><\/em><em><strong>(Azerbaycan\u2019\u0131n ba\u015flatt\u0131\u011f\u0131 sava\u015f nedeniyle-\u2018Akunq\u2019 web sitesi)<\/strong> <\/em><em><strong><span style=\"letter-spacing: 0.05em;\">ilgili olarak Azerbaycan&#8217;\u0131 Avrupa \u0130nsan Haklar\u0131 Mahkemesi\u2019ne (A\u0130HM) \u015fikayet etti.<\/span><\/strong><\/em><\/p>\n<\/div>\n<\/div>\n<\/div>\n<\/div>\n<div class=\"column small-12 medium-10 xlarge-11 js-responsive-iframes-container\">\n<div class=\"c-article-content js-article-content article__content\">\n<p>A\u0130HM&#8217;den yap\u0131lan yaz\u0131l\u0131 bas\u0131n a\u00e7\u0131klamas\u0131nda, Erivan&#8217;\u0131n <em>(Yerevan-&#8216;Akunq&#8217; web sitesi)<\/em> A\u0130HM&#8217;den Bak\u00fc&#8217;ye kar\u015f\u0131 ge\u00e7ici tedbirlerin uygulanmas\u0131n\u0131 talep etti\u011fi kaydedildi.<\/p>\n<p>Ermenistan A\u0130HM&#8217;in \u0130\u00e7t\u00fcz\u00fc\u011f\u00fc&#8217;ndeki ge\u00e7ici tedbirlerle ilgili 39. Madde&#8217;ye at\u0131fta bulunarak mahkemenin Azerbaycan&#8217;\u0131 Ermenistan ve Artsakh ile ba\u011flant\u0131l\u0131 t\u00fcm hat boyunca bulunan sivil yerle\u015fkelere askeri sald\u0131rlar\u0131 durdurmaya, sivil veya asker ay\u0131rt etmeksizin ger\u00e7ekle\u015ftirdi\u011fi sald\u0131r\u0131lar\u0131na son vermeye ve vatanda\u015flar\u0131, sivil tesisleri ve yerle\u015fimleri hedef olarak kullanmay\u0131 durdurmaya mecbur\u00a0<a href=\"\/Users\/ademoglu.EURONEWS\/Downloads\/Request%20for%20interim%20measures%20lodged%20by%20Armenia%20against%20Azerbaijan.pdf\" target=\"_blank\" rel=\"noopener noreferrer\">etmesini talep etti.<\/a><\/p>\n<p>Ermenistan&#8217;\u0131n\u00a0<a href=\"\/Users\/ademoglu.EURONEWS\/Downloads\/Request%20for%20interim%20measures%20lodged%20by%20Armenia%20against%20Azerbaijan.pdf\" target=\"_blank\" rel=\"noopener noreferrer\">ba\u015fvurusunun<\/a>\u00a0\u015fu anda incelendi\u011fini belirten A\u0130HM, \u0130\u00e7t\u00fcz\u00fc\u011f\u00fcn 39. maddesi uyar\u0131nca \u0130nsan Haklar\u0131 S\u00f6zle\u015fmesine taraf herhangi bir devlete ge\u00e7ici tedbirlerin uygulanabilece\u011fini belirtti. Ola\u011fan\u00fcst\u00fc bir karaktere sahip tedbirlerin al\u0131nabilmesi i\u00e7inse telafisi m\u00fcmk\u00fcn olmayan acil bir riskin bulunmas\u0131 \u015fart\u0131n\u0131n gerekti\u011finin alt\u0131n\u0131 \u00e7izdi.<\/p>\n<p><em><strong>Tr.euronews.com\u00a0<\/strong><\/em><\/p>\n<p>&nbsp;<\/p>\n<\/div>\n<\/div>\n<\/section>\n<footer>\n<section class=\"c-article-footer__section\">\n<div class=\"enw-widget c-article-widget__related\" data-event=\"related\"><\/div>\n<\/section>\n<\/footer>\n","protected":false},"excerpt":{"rendered":"<p>Ermenistan, Da\u011fl\u0131k Karaba\u011f (Artsakh-&#8216;Akunq&#8217; web sitesi) s\u0131n\u0131r\u0131 boyunca ya\u015fanan \u00e7at\u0131\u015fmalarla (Azerbaycan\u2019\u0131n ba\u015flatt\u0131\u011f\u0131 sava\u015f nedeniyle-\u2018Akunq\u2019 web sitesi) ilgili olarak Azerbaycan&#8217;\u0131 Avrupa \u0130nsan Haklar\u0131 Mahkemesi\u2019ne (A\u0130HM) \u015fikayet etti. A\u0130HM&#8217;den yap\u0131lan yaz\u0131l\u0131 bas\u0131n a\u00e7\u0131klamas\u0131nda, Erivan&#8217;\u0131n (Yerevan-&#8216;Akunq&#8217; web sitesi) A\u0130HM&#8217;den Bak\u00fc&#8217;ye kar\u015f\u0131 ge\u00e7ici tedbirlerin uygulanmas\u0131n\u0131 talep etti\u011fi kaydedildi. Ermenistan A\u0130HM&#8217;in \u0130\u00e7t\u00fcz\u00fc\u011f\u00fc&#8217;ndeki ge\u00e7ici tedbirlerle ilgili 39. Madde&#8217;ye at\u0131fta bulunarak mahkemenin [&hellip;]<\/p>\n","protected":false},"author":7,"featured_media":59191,"comment_status":"open","ping_status":"open","sticky":false,"template":"","format":"standard","meta":{"footnotes":""},"categories":[1],"tags":[],"class_list":["post-59190","post","type-post","status-publish","format-standard","has-post-thumbnail","hentry","category-haberler"],"yoast_head":"<!-- This site is optimized with the Yoast SEO plugin v27.4 - https:\/\/yoast.com\/product\/yoast-seo-wordpress\/ -->\n<title>Ermenistan ya\u015fanan \u00e7at\u0131\u015fmalar (Azerbaycan\u2019\u0131n ba\u015flatt\u0131\u011f\u0131 sava\u015f-\u2018Akunq\u2019 web sitesi) nedeniyle Azerbaycan&#039;\u0131 AIHM&#039;e \u015fikayet etti - Bati Ermenistan Ve Bati Ermenileri Sorunlari Ara\u015ftirmalar Merkezi<\/title>\n<meta name=\"robots\" content=\"index, follow, max-snippet:-1, max-image-preview:large, max-video-preview:-1\" \/>\n<link rel=\"canonical\" href=\"https:\/\/akunq.net\/tr\/?p=59190\" \/>\n<meta property=\"og:locale\" content=\"en_US\" \/>\n<meta property=\"og:type\" content=\"article\" \/>\n<meta property=\"og:title\" content=\"Ermenistan ya\u015fanan \u00e7at\u0131\u015fmalar (Azerbaycan\u2019\u0131n ba\u015flatt\u0131\u011f\u0131 sava\u015f-\u2018Akunq\u2019 web sitesi) nedeniyle Azerbaycan&#039;\u0131 AIHM&#039;e \u015fikayet etti - Bati Ermenistan Ve Bati Ermenileri Sorunlari Ara\u015ftirmalar Merkezi\" \/>\n<meta property=\"og:description\" content=\"Ermenistan, Da\u011fl\u0131k Karaba\u011f (Artsakh-&#8216;Akunq&#8217; web sitesi) s\u0131n\u0131r\u0131 boyunca ya\u015fanan \u00e7at\u0131\u015fmalarla (Azerbaycan\u2019\u0131n ba\u015flatt\u0131\u011f\u0131 sava\u015f nedeniyle-\u2018Akunq\u2019 web sitesi) ilgili olarak Azerbaycan&#8217;\u0131 Avrupa \u0130nsan Haklar\u0131 Mahkemesi\u2019ne (A\u0130HM) \u015fikayet etti. A\u0130HM&#8217;den yap\u0131lan yaz\u0131l\u0131 bas\u0131n a\u00e7\u0131klamas\u0131nda, Erivan&#8217;\u0131n (Yerevan-&#8216;Akunq&#8217; web sitesi) A\u0130HM&#8217;den Bak\u00fc&#8217;ye kar\u015f\u0131 ge\u00e7ici tedbirlerin uygulanmas\u0131n\u0131 talep etti\u011fi kaydedildi. Ermenistan A\u0130HM&#8217;in \u0130\u00e7t\u00fcz\u00fc\u011f\u00fc&#8217;ndeki ge\u00e7ici tedbirlerle ilgili 39. Madde&#8217;ye at\u0131fta bulunarak mahkemenin [&hellip;]\" \/>\n<meta property=\"og:url\" content=\"https:\/\/akunq.net\/tr\/?p=59190\" \/>\n<meta property=\"og:site_name\" content=\"Bati Ermenistan Ve Bati Ermenileri Sorunlari Ara\u015ftirmalar Merkezi\" \/>\n<meta property=\"article:published_time\" content=\"2020-09-29T09:19:26+00:00\" \/>\n<meta property=\"article:modified_time\" content=\"2020-09-29T09:20:39+00:00\" \/>\n<meta property=\"og:image\" content=\"https:\/\/akunq.net\/tr\/wp-content\/uploads\/sites\/6\/2020\/09\/AIHM.jpg\" \/>\n\t<meta property=\"og:image:width\" content=\"773\" \/>\n\t<meta property=\"og:image:height\" content=\"435\" \/>\n\t<meta property=\"og:image:type\" content=\"image\/jpeg\" \/>\n<meta name=\"author\" content=\"admin\" \/>\n<meta name=\"twitter:card\" content=\"summary_large_image\" \/>\n<meta name=\"twitter:label1\" content=\"Written by\" \/>\n\t<meta name=\"twitter:data1\" content=\"admin\" \/>\n\t<meta name=\"twitter:label2\" content=\"Est. reading time\" \/>\n\t<meta name=\"twitter:data2\" content=\"1 minute\" \/>\n<script type=\"application\/ld+json\" class=\"yoast-schema-graph\">{\"@context\":\"https:\\\/\\\/schema.org\",\"@graph\":[{\"@type\":\"Article\",\"@id\":\"https:\\\/\\\/akunq.net\\\/tr\\\/?p=59190#article\",\"isPartOf\":{\"@id\":\"https:\\\/\\\/akunq.net\\\/tr\\\/?p=59190\"},\"author\":{\"name\":\"admin\",\"@id\":\"https:\\\/\\\/akunq.net\\\/tr\\\/#\\\/schema\\\/person\\\/096f1d38a12cce57fb855b485ed24c9e\"},\"headline\":\"Ermenistan ya\u015fanan \u00e7at\u0131\u015fmalar (Azerbaycan\u2019\u0131n ba\u015flatt\u0131\u011f\u0131 sava\u015f-\u2018Akunq\u2019 web sitesi) nedeniyle Azerbaycan&#8217;\u0131 AIHM&#8217;e \u015fikayet etti\",\"datePublished\":\"2020-09-29T09:19:26+00:00\",\"dateModified\":\"2020-09-29T09:20:39+00:00\",\"mainEntityOfPage\":{\"@id\":\"https:\\\/\\\/akunq.net\\\/tr\\\/?p=59190\"},\"wordCount\":217,\"commentCount\":0,\"image\":{\"@id\":\"https:\\\/\\\/akunq.net\\\/tr\\\/?p=59190#primaryimage\"},\"thumbnailUrl\":\"https:\\\/\\\/akunq.net\\\/tr\\\/wp-content\\\/uploads\\\/sites\\\/6\\\/2020\\\/09\\\/AIHM.jpg\",\"articleSection\":[\"Haberler\"],\"inLanguage\":\"en-US\",\"potentialAction\":[{\"@type\":\"CommentAction\",\"name\":\"Comment\",\"target\":[\"https:\\\/\\\/akunq.net\\\/tr\\\/?p=59190#respond\"]}]},{\"@type\":\"WebPage\",\"@id\":\"https:\\\/\\\/akunq.net\\\/tr\\\/?p=59190\",\"url\":\"https:\\\/\\\/akunq.net\\\/tr\\\/?p=59190\",\"name\":\"Ermenistan ya\u015fanan \u00e7at\u0131\u015fmalar (Azerbaycan\u2019\u0131n ba\u015flatt\u0131\u011f\u0131 sava\u015f-\u2018Akunq\u2019 web sitesi) nedeniyle Azerbaycan'\u0131 AIHM'e \u015fikayet etti - Bati Ermenistan Ve Bati Ermenileri Sorunlari Ara\u015ftirmalar Merkezi\",\"isPartOf\":{\"@id\":\"https:\\\/\\\/akunq.net\\\/tr\\\/#website\"},\"primaryImageOfPage\":{\"@id\":\"https:\\\/\\\/akunq.net\\\/tr\\\/?p=59190#primaryimage\"},\"image\":{\"@id\":\"https:\\\/\\\/akunq.net\\\/tr\\\/?p=59190#primaryimage\"},\"thumbnailUrl\":\"https:\\\/\\\/akunq.net\\\/tr\\\/wp-content\\\/uploads\\\/sites\\\/6\\\/2020\\\/09\\\/AIHM.jpg\",\"datePublished\":\"2020-09-29T09:19:26+00:00\",\"dateModified\":\"2020-09-29T09:20:39+00:00\",\"author\":{\"@id\":\"https:\\\/\\\/akunq.net\\\/tr\\\/#\\\/schema\\\/person\\\/096f1d38a12cce57fb855b485ed24c9e\"},\"breadcrumb\":{\"@id\":\"https:\\\/\\\/akunq.net\\\/tr\\\/?p=59190#breadcrumb\"},\"inLanguage\":\"en-US\",\"potentialAction\":[{\"@type\":\"ReadAction\",\"target\":[\"https:\\\/\\\/akunq.net\\\/tr\\\/?p=59190\"]}]},{\"@type\":\"ImageObject\",\"inLanguage\":\"en-US\",\"@id\":\"https:\\\/\\\/akunq.net\\\/tr\\\/?p=59190#primaryimage\",\"url\":\"https:\\\/\\\/akunq.net\\\/tr\\\/wp-content\\\/uploads\\\/sites\\\/6\\\/2020\\\/09\\\/AIHM.jpg\",\"contentUrl\":\"https:\\\/\\\/akunq.net\\\/tr\\\/wp-content\\\/uploads\\\/sites\\\/6\\\/2020\\\/09\\\/AIHM.jpg\",\"width\":773,\"height\":435},{\"@type\":\"BreadcrumbList\",\"@id\":\"https:\\\/\\\/akunq.net\\\/tr\\\/?p=59190#breadcrumb\",\"itemListElement\":[{\"@type\":\"ListItem\",\"position\":1,\"name\":\"Home\",\"item\":\"https:\\\/\\\/akunq.net\\\/tr\"},{\"@type\":\"ListItem\",\"position\":2,\"name\":\"Ermenistan ya\u015fanan \u00e7at\u0131\u015fmalar (Azerbaycan\u2019\u0131n ba\u015flatt\u0131\u011f\u0131 sava\u015f-\u2018Akunq\u2019 web sitesi) nedeniyle Azerbaycan&#8217;\u0131 AIHM&#8217;e \u015fikayet etti\"}]},{\"@type\":\"WebSite\",\"@id\":\"https:\\\/\\\/akunq.net\\\/tr\\\/#website\",\"url\":\"https:\\\/\\\/akunq.net\\\/tr\\\/\",\"name\":\"Bati Ermenistan Ve Bati Ermenileri Sorunlari Ara\u015ftirmalar Merkezi\",\"description\":\"\",\"potentialAction\":[{\"@type\":\"SearchAction\",\"target\":{\"@type\":\"EntryPoint\",\"urlTemplate\":\"https:\\\/\\\/akunq.net\\\/tr\\\/?s={search_term_string}\"},\"query-input\":{\"@type\":\"PropertyValueSpecification\",\"valueRequired\":true,\"valueName\":\"search_term_string\"}}],\"inLanguage\":\"en-US\"},{\"@type\":\"Person\",\"@id\":\"https:\\\/\\\/akunq.net\\\/tr\\\/#\\\/schema\\\/person\\\/096f1d38a12cce57fb855b485ed24c9e\",\"name\":\"admin\",\"url\":\"https:\\\/\\\/akunq.net\\\/tr\\\/?author=7\"}]}<\/script>\n<!-- \/ Yoast SEO plugin. -->","yoast_head_json":{"title":"Ermenistan ya\u015fanan \u00e7at\u0131\u015fmalar (Azerbaycan\u2019\u0131n ba\u015flatt\u0131\u011f\u0131 sava\u015f-\u2018Akunq\u2019 web sitesi) nedeniyle Azerbaycan'\u0131 AIHM'e \u015fikayet etti - Bati Ermenistan Ve Bati Ermenileri Sorunlari Ara\u015ftirmalar Merkezi","robots":{"index":"index","follow":"follow","max-snippet":"max-snippet:-1","max-image-preview":"max-image-preview:large","max-video-preview":"max-video-preview:-1"},"canonical":"https:\/\/akunq.net\/tr\/?p=59190","og_locale":"en_US","og_type":"article","og_title":"Ermenistan ya\u015fanan \u00e7at\u0131\u015fmalar (Azerbaycan\u2019\u0131n ba\u015flatt\u0131\u011f\u0131 sava\u015f-\u2018Akunq\u2019 web sitesi) nedeniyle Azerbaycan'\u0131 AIHM'e \u015fikayet etti - Bati Ermenistan Ve Bati Ermenileri Sorunlari Ara\u015ftirmalar Merkezi","og_description":"Ermenistan, Da\u011fl\u0131k Karaba\u011f (Artsakh-&#8216;Akunq&#8217; web sitesi) s\u0131n\u0131r\u0131 boyunca ya\u015fanan \u00e7at\u0131\u015fmalarla (Azerbaycan\u2019\u0131n ba\u015flatt\u0131\u011f\u0131 sava\u015f nedeniyle-\u2018Akunq\u2019 web sitesi) ilgili olarak Azerbaycan&#8217;\u0131 Avrupa \u0130nsan Haklar\u0131 Mahkemesi\u2019ne (A\u0130HM) \u015fikayet etti. A\u0130HM&#8217;den yap\u0131lan yaz\u0131l\u0131 bas\u0131n a\u00e7\u0131klamas\u0131nda, Erivan&#8217;\u0131n (Yerevan-&#8216;Akunq&#8217; web sitesi) A\u0130HM&#8217;den Bak\u00fc&#8217;ye kar\u015f\u0131 ge\u00e7ici tedbirlerin uygulanmas\u0131n\u0131 talep etti\u011fi kaydedildi. Ermenistan A\u0130HM&#8217;in \u0130\u00e7t\u00fcz\u00fc\u011f\u00fc&#8217;ndeki ge\u00e7ici tedbirlerle ilgili 39. Madde&#8217;ye at\u0131fta bulunarak mahkemenin [&hellip;]","og_url":"https:\/\/akunq.net\/tr\/?p=59190","og_site_name":"Bati Ermenistan Ve Bati Ermenileri Sorunlari Ara\u015ftirmalar Merkezi","article_published_time":"2020-09-29T09:19:26+00:00","article_modified_time":"2020-09-29T09:20:39+00:00","og_image":[{"width":773,"height":435,"url":"https:\/\/akunq.net\/tr\/wp-content\/uploads\/sites\/6\/2020\/09\/AIHM.jpg","type":"image\/jpeg"}],"author":"admin","twitter_card":"summary_large_image","twitter_misc":{"Written by":"admin","Est. reading time":"1 minute"},"schema":{"@context":"https:\/\/schema.org","@graph":[{"@type":"Article","@id":"https:\/\/akunq.net\/tr\/?p=59190#article","isPartOf":{"@id":"https:\/\/akunq.net\/tr\/?p=59190"},"author":{"name":"admin","@id":"https:\/\/akunq.net\/tr\/#\/schema\/person\/096f1d38a12cce57fb855b485ed24c9e"},"headline":"Ermenistan ya\u015fanan \u00e7at\u0131\u015fmalar (Azerbaycan\u2019\u0131n ba\u015flatt\u0131\u011f\u0131 sava\u015f-\u2018Akunq\u2019 web sitesi) nedeniyle Azerbaycan&#8217;\u0131 AIHM&#8217;e \u015fikayet etti","datePublished":"2020-09-29T09:19:26+00:00","dateModified":"2020-09-29T09:20:39+00:00","mainEntityOfPage":{"@id":"https:\/\/akunq.net\/tr\/?p=59190"},"wordCount":217,"commentCount":0,"image":{"@id":"https:\/\/akunq.net\/tr\/?p=59190#primaryimage"},"thumbnailUrl":"https:\/\/akunq.net\/tr\/wp-content\/uploads\/sites\/6\/2020\/09\/AIHM.jpg","articleSection":["Haberler"],"inLanguage":"en-US","potentialAction":[{"@type":"CommentAction","name":"Comment","target":["https:\/\/akunq.net\/tr\/?p=59190#respond"]}]},{"@type":"WebPage","@id":"https:\/\/akunq.net\/tr\/?p=59190","url":"https:\/\/akunq.net\/tr\/?p=59190","name":"Ermenistan ya\u015fanan \u00e7at\u0131\u015fmalar (Azerbaycan\u2019\u0131n ba\u015flatt\u0131\u011f\u0131 sava\u015f-\u2018Akunq\u2019 web sitesi) nedeniyle Azerbaycan'\u0131 AIHM'e \u015fikayet etti - Bati Ermenistan Ve Bati Ermenileri Sorunlari Ara\u015ftirmalar Merkezi","isPartOf":{"@id":"https:\/\/akunq.net\/tr\/#website"},"primaryImageOfPage":{"@id":"https:\/\/akunq.net\/tr\/?p=59190#primaryimage"},"image":{"@id":"https:\/\/akunq.net\/tr\/?p=59190#primaryimage"},"thumbnailUrl":"https:\/\/akunq.net\/tr\/wp-content\/uploads\/sites\/6\/2020\/09\/AIHM.jpg","datePublished":"2020-09-29T09:19:26+00:00","dateModified":"2020-09-29T09:20:39+00:00","author":{"@id":"https:\/\/akunq.net\/tr\/#\/schema\/person\/096f1d38a12cce57fb855b485ed24c9e"},"breadcrumb":{"@id":"https:\/\/akunq.net\/tr\/?p=59190#breadcrumb"},"inLanguage":"en-US","potentialAction":[{"@type":"ReadAction","target":["https:\/\/akunq.net\/tr\/?p=59190"]}]},{"@type":"ImageObject","inLanguage":"en-US","@id":"https:\/\/akunq.net\/tr\/?p=59190#primaryimage","url":"https:\/\/akunq.net\/tr\/wp-content\/uploads\/sites\/6\/2020\/09\/AIHM.jpg","contentUrl":"https:\/\/akunq.net\/tr\/wp-content\/uploads\/sites\/6\/2020\/09\/AIHM.jpg","width":773,"height":435},{"@type":"BreadcrumbList","@id":"https:\/\/akunq.net\/tr\/?p=59190#breadcrumb","itemListElement":[{"@type":"ListItem","position":1,"name":"Home","item":"https:\/\/akunq.net\/tr"},{"@type":"ListItem","position":2,"name":"Ermenistan ya\u015fanan \u00e7at\u0131\u015fmalar (Azerbaycan\u2019\u0131n ba\u015flatt\u0131\u011f\u0131 sava\u015f-\u2018Akunq\u2019 web sitesi) nedeniyle Azerbaycan&#8217;\u0131 AIHM&#8217;e \u015fikayet etti"}]},{"@type":"WebSite","@id":"https:\/\/akunq.net\/tr\/#website","url":"https:\/\/akunq.net\/tr\/","name":"Bati Ermenistan Ve Bati Ermenileri Sorunlari Ara\u015ftirmalar Merkezi","description":"","potentialAction":[{"@type":"SearchAction","target":{"@type":"EntryPoint","urlTemplate":"https:\/\/akunq.net\/tr\/?s={search_term_string}"},"query-input":{"@type":"PropertyValueSpecification","valueRequired":true,"valueName":"search_term_string"}}],"inLanguage":"en-US"},{"@type":"Person","@id":"https:\/\/akunq.net\/tr\/#\/schema\/person\/096f1d38a12cce57fb855b485ed24c9e","name":"admin","url":"https:\/\/akunq.net\/tr\/?author=7"}]}},"_links":{"self":[{"href":"https:\/\/akunq.net\/tr\/index.php?rest_route=\/wp\/v2\/posts\/59190","targetHints":{"allow":["GET"]}}],"collection":[{"href":"https:\/\/akunq.net\/tr\/index.php?rest_route=\/wp\/v2\/posts"}],"about":[{"href":"https:\/\/akunq.net\/tr\/index.php?rest_route=\/wp\/v2\/types\/post"}],"author":[{"embeddable":true,"href":"https:\/\/akunq.net\/tr\/index.php?rest_route=\/wp\/v2\/users\/7"}],"replies":[{"embeddable":true,"href":"https:\/\/akunq.net\/tr\/index.php?rest_route=%2Fwp%2Fv2%2Fcomments&post=59190"}],"version-history":[{"count":2,"href":"https:\/\/akunq.net\/tr\/index.php?rest_route=\/wp\/v2\/posts\/59190\/revisions"}],"predecessor-version":[{"id":59194,"href":"https:\/\/akunq.net\/tr\/index.php?rest_route=\/wp\/v2\/posts\/59190\/revisions\/59194"}],"wp:featuredmedia":[{"embeddable":true,"href":"https:\/\/akunq.net\/tr\/index.php?rest_route=\/wp\/v2\/media\/59191"}],"wp:attachment":[{"href":"https:\/\/akunq.net\/tr\/index.php?rest_route=%2Fwp%2Fv2%2Fmedia&parent=59190"}],"wp:term":[{"taxonomy":"category","embeddable":true,"href":"https:\/\/akunq.net\/tr\/index.php?rest_route=%2Fwp%2Fv2%2Fcategories&post=59190"},{"taxonomy":"post_tag","embeddable":true,"href":"https:\/\/akunq.net\/tr\/index.php?rest_route=%2Fwp%2Fv2%2Ftags&post=59190"}],"curies":[{"name":"wp","href":"https:\/\/api.w.org\/{rel}","templated":true}]}}