{"id":59178,"date":"2020-09-29T02:59:28","date_gmt":"2020-09-29T07:59:28","guid":{"rendered":"https:\/\/akunq.net\/tr\/?p=59178"},"modified":"2020-09-29T02:59:28","modified_gmt":"2020-09-29T07:59:28","slug":"ermenistan-savunma-bakanligi-ermeni-silahli-kuvvetleri-daha-buyuk-capli-silahlar-kullanmaya-mecbur-olacak","status":"publish","type":"post","link":"https:\/\/akunq.net\/tr\/?p=59178","title":{"rendered":"Ermenistan Savunma Bakanl\u0131\u011f\u0131: Ermeni silahl\u0131 kuvvetleri, daha b\u00fcy\u00fck \u00e7apl\u0131 silahlar kullanmaya mecbur olacak"},"content":{"rendered":"<p><img loading=\"lazy\" decoding=\"async\" class=\"alignleft size-medium wp-image-59179\" src=\"https:\/\/akunq.net\/tr\/wp-content\/uploads\/2020\/09\/shushan-stepanyan-360x206.jpg\" alt=\"\" width=\"360\" height=\"206\" srcset=\"https:\/\/akunq.net\/tr\/wp-content\/uploads\/sites\/6\/2020\/09\/shushan-stepanyan-360x206.jpg 360w, https:\/\/akunq.net\/tr\/wp-content\/uploads\/sites\/6\/2020\/09\/shushan-stepanyan-560x320.jpg 560w, https:\/\/akunq.net\/tr\/wp-content\/uploads\/sites\/6\/2020\/09\/shushan-stepanyan-260x149.jpg 260w, https:\/\/akunq.net\/tr\/wp-content\/uploads\/sites\/6\/2020\/09\/shushan-stepanyan-160x92.jpg 160w, https:\/\/akunq.net\/tr\/wp-content\/uploads\/sites\/6\/2020\/09\/shushan-stepanyan.jpg 722w\" sizes=\"auto, (max-width: 360px) 100vw, 360px\" \/><\/p>\n<p><strong><em>Ermenistan Savunma Bakanl\u0131\u011f\u0131 S\u00f6zc\u00fcs\u00fc Shushan Stepanyan\u2019\u0131n Facebook \u00fczerinden yapt\u0131\u011f\u0131 a\u00e7\u0131klamada \u015fu ifadelere yer verildi: <\/em><\/strong><\/p>\n<p>\u201cAzerbaycan taraf\u0131, bu sabah\u0131n erken saatlerinde Artsakh (Da\u011fl\u0131k Karaba\u011f) Ordusu\u2019nun savunma hatt\u0131 boyunca geni\u015f \u00e7apl\u0131 sald\u0131r\u0131lar\u0131n\u0131 yeniden ba\u015flatt\u0131. Azerbaycan baz\u0131 y\u00f6nlerde \u2018TOS-1 A\u2019 \u00e7ok namlulu roketatar sistemleri de kulland\u0131. \u2018TOS\u2019 ve \u2018Smertch\u2019 gibi silahlar\u0131n kullan\u0131m\u0131, sava\u015f\u0131n mant\u0131\u011f\u0131n\u0131 de\u011fi\u015ftirerek yeni bir d\u00fczeye y\u00fckseltiyor.<\/p>\n<p>Bu ba\u011flamda, Ermenistan Savunma Bakanl\u0131\u011f\u0131 \u015fu uyar\u0131da bulunuyor: Ermeni silahl\u0131 kuvvetleri, daha b\u00fcy\u00fck \u00e7apl\u0131 silahlar kullanmaya mecbur olacak. Artsakh Ordusu birlikleri, \u015fuan d\u00fc\u015fman\u0131n sald\u0131r\u0131lar\u0131n\u0131 geri p\u00fcsk\u00fcrterek d\u00fc\u015fman\u0131n teknik ve insani a\u011f\u0131r kay\u0131plar vermesini sa\u011fl\u0131yor.<\/p>\n<p><strong><em>T\u00fcrk\u00e7eye \u00e7eviren: Meline Anumyan<\/em><\/strong><\/p>\n<p><strong><em>Akunq.net <\/em><\/strong><\/p>\n","protected":false},"excerpt":{"rendered":"<p>Ermenistan Savunma Bakanl\u0131\u011f\u0131 S\u00f6zc\u00fcs\u00fc Shushan Stepanyan\u2019\u0131n Facebook \u00fczerinden yapt\u0131\u011f\u0131 a\u00e7\u0131klamada \u015fu ifadelere yer verildi: \u201cAzerbaycan taraf\u0131, bu sabah\u0131n erken saatlerinde Artsakh (Da\u011fl\u0131k Karaba\u011f) Ordusu\u2019nun savunma hatt\u0131 boyunca geni\u015f \u00e7apl\u0131 sald\u0131r\u0131lar\u0131n\u0131 yeniden ba\u015flatt\u0131. Azerbaycan baz\u0131 y\u00f6nlerde \u2018TOS-1 A\u2019 \u00e7ok namlulu roketatar sistemleri de kulland\u0131. \u2018TOS\u2019 ve \u2018Smertch\u2019 gibi silahlar\u0131n kullan\u0131m\u0131, sava\u015f\u0131n mant\u0131\u011f\u0131n\u0131 de\u011fi\u015ftirerek yeni bir d\u00fczeye [&hellip;]<\/p>\n","protected":false},"author":7,"featured_media":59179,"comment_status":"open","ping_status":"open","sticky":false,"template":"","format":"standard","meta":{"footnotes":""},"categories":[1],"tags":[],"class_list":["post-59178","post","type-post","status-publish","format-standard","has-post-thumbnail","hentry","category-haberler"],"yoast_head":"<!-- This site is optimized with the Yoast SEO plugin v27.4 - https:\/\/yoast.com\/product\/yoast-seo-wordpress\/ -->\n<title>Ermenistan Savunma Bakanl\u0131\u011f\u0131: Ermeni silahl\u0131 kuvvetleri, daha b\u00fcy\u00fck \u00e7apl\u0131 silahlar kullanmaya mecbur olacak - Bati Ermenistan Ve Bati Ermenileri Sorunlari Ara\u015ftirmalar Merkezi<\/title>\n<meta name=\"robots\" content=\"index, follow, max-snippet:-1, max-image-preview:large, max-video-preview:-1\" \/>\n<link rel=\"canonical\" href=\"https:\/\/akunq.net\/tr\/?p=59178\" \/>\n<meta property=\"og:locale\" content=\"en_US\" \/>\n<meta property=\"og:type\" content=\"article\" \/>\n<meta property=\"og:title\" content=\"Ermenistan Savunma Bakanl\u0131\u011f\u0131: Ermeni silahl\u0131 kuvvetleri, daha b\u00fcy\u00fck \u00e7apl\u0131 silahlar kullanmaya mecbur olacak - Bati Ermenistan Ve Bati Ermenileri Sorunlari Ara\u015ftirmalar Merkezi\" \/>\n<meta property=\"og:description\" content=\"Ermenistan Savunma Bakanl\u0131\u011f\u0131 S\u00f6zc\u00fcs\u00fc Shushan Stepanyan\u2019\u0131n Facebook \u00fczerinden yapt\u0131\u011f\u0131 a\u00e7\u0131klamada \u015fu ifadelere yer verildi: \u201cAzerbaycan taraf\u0131, bu sabah\u0131n erken saatlerinde Artsakh (Da\u011fl\u0131k Karaba\u011f) Ordusu\u2019nun savunma hatt\u0131 boyunca geni\u015f \u00e7apl\u0131 sald\u0131r\u0131lar\u0131n\u0131 yeniden ba\u015flatt\u0131. Azerbaycan baz\u0131 y\u00f6nlerde \u2018TOS-1 A\u2019 \u00e7ok namlulu roketatar sistemleri de kulland\u0131. \u2018TOS\u2019 ve \u2018Smertch\u2019 gibi silahlar\u0131n kullan\u0131m\u0131, sava\u015f\u0131n mant\u0131\u011f\u0131n\u0131 de\u011fi\u015ftirerek yeni bir d\u00fczeye [&hellip;]\" \/>\n<meta property=\"og:url\" content=\"https:\/\/akunq.net\/tr\/?p=59178\" \/>\n<meta property=\"og:site_name\" content=\"Bati Ermenistan Ve Bati Ermenileri Sorunlari Ara\u015ftirmalar Merkezi\" \/>\n<meta property=\"article:published_time\" content=\"2020-09-29T07:59:28+00:00\" \/>\n<meta property=\"og:image\" content=\"https:\/\/akunq.net\/tr\/wp-content\/uploads\/sites\/6\/2020\/09\/shushan-stepanyan.jpg\" \/>\n\t<meta property=\"og:image:width\" content=\"722\" \/>\n\t<meta property=\"og:image:height\" content=\"413\" \/>\n\t<meta property=\"og:image:type\" content=\"image\/jpeg\" \/>\n<meta name=\"author\" content=\"admin\" \/>\n<meta name=\"twitter:card\" content=\"summary_large_image\" \/>\n<meta name=\"twitter:label1\" content=\"Written by\" \/>\n\t<meta name=\"twitter:data1\" content=\"admin\" \/>\n\t<meta name=\"twitter:label2\" content=\"Est. reading time\" \/>\n\t<meta name=\"twitter:data2\" content=\"1 minute\" \/>\n<script type=\"application\/ld+json\" class=\"yoast-schema-graph\">{\"@context\":\"https:\\\/\\\/schema.org\",\"@graph\":[{\"@type\":\"Article\",\"@id\":\"https:\\\/\\\/akunq.net\\\/tr\\\/?p=59178#article\",\"isPartOf\":{\"@id\":\"https:\\\/\\\/akunq.net\\\/tr\\\/?p=59178\"},\"author\":{\"name\":\"admin\",\"@id\":\"https:\\\/\\\/akunq.net\\\/tr\\\/#\\\/schema\\\/person\\\/096f1d38a12cce57fb855b485ed24c9e\"},\"headline\":\"Ermenistan Savunma Bakanl\u0131\u011f\u0131: Ermeni silahl\u0131 kuvvetleri, daha b\u00fcy\u00fck \u00e7apl\u0131 silahlar kullanmaya mecbur olacak\",\"datePublished\":\"2020-09-29T07:59:28+00:00\",\"mainEntityOfPage\":{\"@id\":\"https:\\\/\\\/akunq.net\\\/tr\\\/?p=59178\"},\"wordCount\":151,\"commentCount\":0,\"image\":{\"@id\":\"https:\\\/\\\/akunq.net\\\/tr\\\/?p=59178#primaryimage\"},\"thumbnailUrl\":\"https:\\\/\\\/akunq.net\\\/tr\\\/wp-content\\\/uploads\\\/sites\\\/6\\\/2020\\\/09\\\/shushan-stepanyan.jpg\",\"articleSection\":[\"Haberler\"],\"inLanguage\":\"en-US\",\"potentialAction\":[{\"@type\":\"CommentAction\",\"name\":\"Comment\",\"target\":[\"https:\\\/\\\/akunq.net\\\/tr\\\/?p=59178#respond\"]}]},{\"@type\":\"WebPage\",\"@id\":\"https:\\\/\\\/akunq.net\\\/tr\\\/?p=59178\",\"url\":\"https:\\\/\\\/akunq.net\\\/tr\\\/?p=59178\",\"name\":\"Ermenistan Savunma Bakanl\u0131\u011f\u0131: Ermeni silahl\u0131 kuvvetleri, daha b\u00fcy\u00fck \u00e7apl\u0131 silahlar kullanmaya mecbur olacak - Bati Ermenistan Ve Bati Ermenileri Sorunlari Ara\u015ftirmalar Merkezi\",\"isPartOf\":{\"@id\":\"https:\\\/\\\/akunq.net\\\/tr\\\/#website\"},\"primaryImageOfPage\":{\"@id\":\"https:\\\/\\\/akunq.net\\\/tr\\\/?p=59178#primaryimage\"},\"image\":{\"@id\":\"https:\\\/\\\/akunq.net\\\/tr\\\/?p=59178#primaryimage\"},\"thumbnailUrl\":\"https:\\\/\\\/akunq.net\\\/tr\\\/wp-content\\\/uploads\\\/sites\\\/6\\\/2020\\\/09\\\/shushan-stepanyan.jpg\",\"datePublished\":\"2020-09-29T07:59:28+00:00\",\"author\":{\"@id\":\"https:\\\/\\\/akunq.net\\\/tr\\\/#\\\/schema\\\/person\\\/096f1d38a12cce57fb855b485ed24c9e\"},\"breadcrumb\":{\"@id\":\"https:\\\/\\\/akunq.net\\\/tr\\\/?p=59178#breadcrumb\"},\"inLanguage\":\"en-US\",\"potentialAction\":[{\"@type\":\"ReadAction\",\"target\":[\"https:\\\/\\\/akunq.net\\\/tr\\\/?p=59178\"]}]},{\"@type\":\"ImageObject\",\"inLanguage\":\"en-US\",\"@id\":\"https:\\\/\\\/akunq.net\\\/tr\\\/?p=59178#primaryimage\",\"url\":\"https:\\\/\\\/akunq.net\\\/tr\\\/wp-content\\\/uploads\\\/sites\\\/6\\\/2020\\\/09\\\/shushan-stepanyan.jpg\",\"contentUrl\":\"https:\\\/\\\/akunq.net\\\/tr\\\/wp-content\\\/uploads\\\/sites\\\/6\\\/2020\\\/09\\\/shushan-stepanyan.jpg\",\"width\":722,\"height\":413},{\"@type\":\"BreadcrumbList\",\"@id\":\"https:\\\/\\\/akunq.net\\\/tr\\\/?p=59178#breadcrumb\",\"itemListElement\":[{\"@type\":\"ListItem\",\"position\":1,\"name\":\"Home\",\"item\":\"https:\\\/\\\/akunq.net\\\/tr\"},{\"@type\":\"ListItem\",\"position\":2,\"name\":\"Ermenistan Savunma Bakanl\u0131\u011f\u0131: Ermeni silahl\u0131 kuvvetleri, daha b\u00fcy\u00fck \u00e7apl\u0131 silahlar kullanmaya mecbur olacak\"}]},{\"@type\":\"WebSite\",\"@id\":\"https:\\\/\\\/akunq.net\\\/tr\\\/#website\",\"url\":\"https:\\\/\\\/akunq.net\\\/tr\\\/\",\"name\":\"Bati Ermenistan Ve Bati Ermenileri Sorunlari Ara\u015ftirmalar Merkezi\",\"description\":\"\",\"potentialAction\":[{\"@type\":\"SearchAction\",\"target\":{\"@type\":\"EntryPoint\",\"urlTemplate\":\"https:\\\/\\\/akunq.net\\\/tr\\\/?s={search_term_string}\"},\"query-input\":{\"@type\":\"PropertyValueSpecification\",\"valueRequired\":true,\"valueName\":\"search_term_string\"}}],\"inLanguage\":\"en-US\"},{\"@type\":\"Person\",\"@id\":\"https:\\\/\\\/akunq.net\\\/tr\\\/#\\\/schema\\\/person\\\/096f1d38a12cce57fb855b485ed24c9e\",\"name\":\"admin\",\"url\":\"https:\\\/\\\/akunq.net\\\/tr\\\/?author=7\"}]}<\/script>\n<!-- \/ Yoast SEO plugin. -->","yoast_head_json":{"title":"Ermenistan Savunma Bakanl\u0131\u011f\u0131: Ermeni silahl\u0131 kuvvetleri, daha b\u00fcy\u00fck \u00e7apl\u0131 silahlar kullanmaya mecbur olacak - Bati Ermenistan Ve Bati Ermenileri Sorunlari Ara\u015ftirmalar Merkezi","robots":{"index":"index","follow":"follow","max-snippet":"max-snippet:-1","max-image-preview":"max-image-preview:large","max-video-preview":"max-video-preview:-1"},"canonical":"https:\/\/akunq.net\/tr\/?p=59178","og_locale":"en_US","og_type":"article","og_title":"Ermenistan Savunma Bakanl\u0131\u011f\u0131: Ermeni silahl\u0131 kuvvetleri, daha b\u00fcy\u00fck \u00e7apl\u0131 silahlar kullanmaya mecbur olacak - Bati Ermenistan Ve Bati Ermenileri Sorunlari Ara\u015ftirmalar Merkezi","og_description":"Ermenistan Savunma Bakanl\u0131\u011f\u0131 S\u00f6zc\u00fcs\u00fc Shushan Stepanyan\u2019\u0131n Facebook \u00fczerinden yapt\u0131\u011f\u0131 a\u00e7\u0131klamada \u015fu ifadelere yer verildi: \u201cAzerbaycan taraf\u0131, bu sabah\u0131n erken saatlerinde Artsakh (Da\u011fl\u0131k Karaba\u011f) Ordusu\u2019nun savunma hatt\u0131 boyunca geni\u015f \u00e7apl\u0131 sald\u0131r\u0131lar\u0131n\u0131 yeniden ba\u015flatt\u0131. Azerbaycan baz\u0131 y\u00f6nlerde \u2018TOS-1 A\u2019 \u00e7ok namlulu roketatar sistemleri de kulland\u0131. \u2018TOS\u2019 ve \u2018Smertch\u2019 gibi silahlar\u0131n kullan\u0131m\u0131, sava\u015f\u0131n mant\u0131\u011f\u0131n\u0131 de\u011fi\u015ftirerek yeni bir d\u00fczeye [&hellip;]","og_url":"https:\/\/akunq.net\/tr\/?p=59178","og_site_name":"Bati Ermenistan Ve Bati Ermenileri Sorunlari Ara\u015ftirmalar Merkezi","article_published_time":"2020-09-29T07:59:28+00:00","og_image":[{"width":722,"height":413,"url":"https:\/\/akunq.net\/tr\/wp-content\/uploads\/sites\/6\/2020\/09\/shushan-stepanyan.jpg","type":"image\/jpeg"}],"author":"admin","twitter_card":"summary_large_image","twitter_misc":{"Written by":"admin","Est. reading time":"1 minute"},"schema":{"@context":"https:\/\/schema.org","@graph":[{"@type":"Article","@id":"https:\/\/akunq.net\/tr\/?p=59178#article","isPartOf":{"@id":"https:\/\/akunq.net\/tr\/?p=59178"},"author":{"name":"admin","@id":"https:\/\/akunq.net\/tr\/#\/schema\/person\/096f1d38a12cce57fb855b485ed24c9e"},"headline":"Ermenistan Savunma Bakanl\u0131\u011f\u0131: Ermeni silahl\u0131 kuvvetleri, daha b\u00fcy\u00fck \u00e7apl\u0131 silahlar kullanmaya mecbur olacak","datePublished":"2020-09-29T07:59:28+00:00","mainEntityOfPage":{"@id":"https:\/\/akunq.net\/tr\/?p=59178"},"wordCount":151,"commentCount":0,"image":{"@id":"https:\/\/akunq.net\/tr\/?p=59178#primaryimage"},"thumbnailUrl":"https:\/\/akunq.net\/tr\/wp-content\/uploads\/sites\/6\/2020\/09\/shushan-stepanyan.jpg","articleSection":["Haberler"],"inLanguage":"en-US","potentialAction":[{"@type":"CommentAction","name":"Comment","target":["https:\/\/akunq.net\/tr\/?p=59178#respond"]}]},{"@type":"WebPage","@id":"https:\/\/akunq.net\/tr\/?p=59178","url":"https:\/\/akunq.net\/tr\/?p=59178","name":"Ermenistan Savunma Bakanl\u0131\u011f\u0131: Ermeni silahl\u0131 kuvvetleri, daha b\u00fcy\u00fck \u00e7apl\u0131 silahlar kullanmaya mecbur olacak - Bati Ermenistan Ve Bati Ermenileri Sorunlari Ara\u015ftirmalar Merkezi","isPartOf":{"@id":"https:\/\/akunq.net\/tr\/#website"},"primaryImageOfPage":{"@id":"https:\/\/akunq.net\/tr\/?p=59178#primaryimage"},"image":{"@id":"https:\/\/akunq.net\/tr\/?p=59178#primaryimage"},"thumbnailUrl":"https:\/\/akunq.net\/tr\/wp-content\/uploads\/sites\/6\/2020\/09\/shushan-stepanyan.jpg","datePublished":"2020-09-29T07:59:28+00:00","author":{"@id":"https:\/\/akunq.net\/tr\/#\/schema\/person\/096f1d38a12cce57fb855b485ed24c9e"},"breadcrumb":{"@id":"https:\/\/akunq.net\/tr\/?p=59178#breadcrumb"},"inLanguage":"en-US","potentialAction":[{"@type":"ReadAction","target":["https:\/\/akunq.net\/tr\/?p=59178"]}]},{"@type":"ImageObject","inLanguage":"en-US","@id":"https:\/\/akunq.net\/tr\/?p=59178#primaryimage","url":"https:\/\/akunq.net\/tr\/wp-content\/uploads\/sites\/6\/2020\/09\/shushan-stepanyan.jpg","contentUrl":"https:\/\/akunq.net\/tr\/wp-content\/uploads\/sites\/6\/2020\/09\/shushan-stepanyan.jpg","width":722,"height":413},{"@type":"BreadcrumbList","@id":"https:\/\/akunq.net\/tr\/?p=59178#breadcrumb","itemListElement":[{"@type":"ListItem","position":1,"name":"Home","item":"https:\/\/akunq.net\/tr"},{"@type":"ListItem","position":2,"name":"Ermenistan Savunma Bakanl\u0131\u011f\u0131: Ermeni silahl\u0131 kuvvetleri, daha b\u00fcy\u00fck \u00e7apl\u0131 silahlar kullanmaya mecbur olacak"}]},{"@type":"WebSite","@id":"https:\/\/akunq.net\/tr\/#website","url":"https:\/\/akunq.net\/tr\/","name":"Bati Ermenistan Ve Bati Ermenileri Sorunlari Ara\u015ftirmalar Merkezi","description":"","potentialAction":[{"@type":"SearchAction","target":{"@type":"EntryPoint","urlTemplate":"https:\/\/akunq.net\/tr\/?s={search_term_string}"},"query-input":{"@type":"PropertyValueSpecification","valueRequired":true,"valueName":"search_term_string"}}],"inLanguage":"en-US"},{"@type":"Person","@id":"https:\/\/akunq.net\/tr\/#\/schema\/person\/096f1d38a12cce57fb855b485ed24c9e","name":"admin","url":"https:\/\/akunq.net\/tr\/?author=7"}]}},"_links":{"self":[{"href":"https:\/\/akunq.net\/tr\/index.php?rest_route=\/wp\/v2\/posts\/59178","targetHints":{"allow":["GET"]}}],"collection":[{"href":"https:\/\/akunq.net\/tr\/index.php?rest_route=\/wp\/v2\/posts"}],"about":[{"href":"https:\/\/akunq.net\/tr\/index.php?rest_route=\/wp\/v2\/types\/post"}],"author":[{"embeddable":true,"href":"https:\/\/akunq.net\/tr\/index.php?rest_route=\/wp\/v2\/users\/7"}],"replies":[{"embeddable":true,"href":"https:\/\/akunq.net\/tr\/index.php?rest_route=%2Fwp%2Fv2%2Fcomments&post=59178"}],"version-history":[{"count":1,"href":"https:\/\/akunq.net\/tr\/index.php?rest_route=\/wp\/v2\/posts\/59178\/revisions"}],"predecessor-version":[{"id":59180,"href":"https:\/\/akunq.net\/tr\/index.php?rest_route=\/wp\/v2\/posts\/59178\/revisions\/59180"}],"wp:featuredmedia":[{"embeddable":true,"href":"https:\/\/akunq.net\/tr\/index.php?rest_route=\/wp\/v2\/media\/59179"}],"wp:attachment":[{"href":"https:\/\/akunq.net\/tr\/index.php?rest_route=%2Fwp%2Fv2%2Fmedia&parent=59178"}],"wp:term":[{"taxonomy":"category","embeddable":true,"href":"https:\/\/akunq.net\/tr\/index.php?rest_route=%2Fwp%2Fv2%2Fcategories&post=59178"},{"taxonomy":"post_tag","embeddable":true,"href":"https:\/\/akunq.net\/tr\/index.php?rest_route=%2Fwp%2Fv2%2Ftags&post=59178"}],"curies":[{"name":"wp","href":"https:\/\/api.w.org\/{rel}","templated":true}]}}