{"id":59171,"date":"2020-09-29T02:00:16","date_gmt":"2020-09-29T07:00:16","guid":{"rendered":"https:\/\/akunq.net\/tr\/?p=59171"},"modified":"2020-09-29T02:00:16","modified_gmt":"2020-09-29T07:00:16","slug":"azerbaycanin-baslattigi-savasa-ragmen-karabagda-dugun","status":"publish","type":"post","link":"https:\/\/akunq.net\/tr\/?p=59171","title":{"rendered":"Azerbaycan\u2019\u0131n ba\u015flatt\u0131\u011f\u0131 sava\u015fa ra\u011fmen Karaba\u011f\u2019da d\u00fc\u011f\u00fcn"},"content":{"rendered":"<p><img loading=\"lazy\" decoding=\"async\" class=\"alignleft size-medium wp-image-59172\" src=\"https:\/\/akunq.net\/tr\/wp-content\/uploads\/2020\/09\/Karaba\u011f\u2019da-d\u00fc\u011f\u00fcn-360x203.jpeg\" alt=\"\" width=\"360\" height=\"203\" srcset=\"https:\/\/akunq.net\/tr\/wp-content\/uploads\/sites\/6\/2020\/09\/Karaba\u011f\u2019da-d\u00fc\u011f\u00fcn-360x203.jpeg 360w, https:\/\/akunq.net\/tr\/wp-content\/uploads\/sites\/6\/2020\/09\/Karaba\u011f\u2019da-d\u00fc\u011f\u00fcn-560x315.jpeg 560w, https:\/\/akunq.net\/tr\/wp-content\/uploads\/sites\/6\/2020\/09\/Karaba\u011f\u2019da-d\u00fc\u011f\u00fcn-260x146.jpeg 260w, https:\/\/akunq.net\/tr\/wp-content\/uploads\/sites\/6\/2020\/09\/Karaba\u011f\u2019da-d\u00fc\u011f\u00fcn-160x90.jpeg 160w, https:\/\/akunq.net\/tr\/wp-content\/uploads\/sites\/6\/2020\/09\/Karaba\u011f\u2019da-d\u00fc\u011f\u00fcn.jpeg 600w\" sizes=\"auto, (max-width: 360px) 100vw, 360px\" \/><\/p>\n<p><em><strong>Azerbaycan\u2019\u0131n\u00a0Artsakh\u2019a (Da\u011fl\u0131k Karaba\u011f) kar\u015f\u0131 ba\u015flatt\u0131\u011f\u0131\u00a0sald\u0131r\u0131lara ra\u011fmen ba\u015fkent Stepanakert\u2019te Ermeni bir \u00e7iftin d\u00fc\u011f\u00fcn t\u00f6reni yap\u0131ld\u0131.<\/strong><\/em><\/p>\n<p>Artsakh\u2019l\u0131 gazeteci Tsovinar Barkhudaryan sosyal medyada d\u00fc\u011f\u00fcn foto\u011fraflar\u0131 yay\u0131nlad\u0131. Gazeteci payla\u015f\u0131m\u0131nda \u015fu ifadelere yer verdi:<\/p>\n<p>\u201dArtsakh\u2019ta d\u00fc\u011f\u00fcn. Bu milleti yenmek imkans\u0131z.\u201d<\/p>\n<p>Hat\u0131rlanaca\u011f\u0131 \u00fczere\u00a027 Eyl\u00fcl tarihinde sabah 07:10 sular\u0131nda Azerbaycan silahl\u0131 kuvvetleri, Artsakh (Da\u011fl\u0131k Karaba\u011f) ile t\u00fcm cephe hatt\u0131 boyunca sald\u0131r\u0131ya ge\u00e7ti. Artsakh\u2019a kar\u015f\u0131 hava ve f\u00fcze sald\u0131r\u0131lar\u0131 ba\u015flat\u0131ld\u0131.<\/p>\n<p>Da\u011fl\u0131k Karaba\u011f\u2019a ve \u00e7evresine sald\u0131r\u0131lar d\u00fczenleyen Azerbaycan ordusu, ba\u015fta ba\u015fkent Stepanakert olmak \u00fczere sivil yerle\u015fim yerlerini, okullar\u0131n\u0131 hedef ald\u0131. \u00c7ok say\u0131da konutta hasar olu\u015ftu ve \u00e7ok say\u0131da eve mermi isabet etti.\u00a0Ermenistan\u2019da ve Artsakh\u2019ta s\u0131k\u0131y\u00f6netim ve seferberlik ilan edildi.<\/p>\n<p><em><strong><a href=\"https:\/\/www.ermenihaber.am\/tr\/news\/2020\/09\/28\/Ermenistan-Karaba%C4%9F-Azerbaycan\/193785\">https:\/\/www.ermenihaber.am\/tr\/news\/2020\/09\/28\/Ermenistan-Karaba\u011f-Azerbaycan\/193785<\/a><\/strong><\/em><\/p>\n","protected":false},"excerpt":{"rendered":"<p>Azerbaycan\u2019\u0131n\u00a0Artsakh\u2019a (Da\u011fl\u0131k Karaba\u011f) kar\u015f\u0131 ba\u015flatt\u0131\u011f\u0131\u00a0sald\u0131r\u0131lara ra\u011fmen ba\u015fkent Stepanakert\u2019te Ermeni bir \u00e7iftin d\u00fc\u011f\u00fcn t\u00f6reni yap\u0131ld\u0131. Artsakh\u2019l\u0131 gazeteci Tsovinar Barkhudaryan sosyal medyada d\u00fc\u011f\u00fcn foto\u011fraflar\u0131 yay\u0131nlad\u0131. Gazeteci payla\u015f\u0131m\u0131nda \u015fu ifadelere yer verdi: \u201dArtsakh\u2019ta d\u00fc\u011f\u00fcn. Bu milleti yenmek imkans\u0131z.\u201d Hat\u0131rlanaca\u011f\u0131 \u00fczere\u00a027 Eyl\u00fcl tarihinde sabah 07:10 sular\u0131nda Azerbaycan silahl\u0131 kuvvetleri, Artsakh (Da\u011fl\u0131k Karaba\u011f) ile t\u00fcm cephe hatt\u0131 boyunca sald\u0131r\u0131ya ge\u00e7ti. [&hellip;]<\/p>\n","protected":false},"author":7,"featured_media":59172,"comment_status":"open","ping_status":"open","sticky":false,"template":"","format":"standard","meta":{"footnotes":""},"categories":[1],"tags":[],"class_list":["post-59171","post","type-post","status-publish","format-standard","has-post-thumbnail","hentry","category-haberler"],"yoast_head":"<!-- This site is optimized with the Yoast SEO plugin v27.4 - https:\/\/yoast.com\/product\/yoast-seo-wordpress\/ -->\n<title>Azerbaycan\u2019\u0131n ba\u015flatt\u0131\u011f\u0131 sava\u015fa ra\u011fmen Karaba\u011f\u2019da d\u00fc\u011f\u00fcn - Bati Ermenistan Ve Bati Ermenileri Sorunlari Ara\u015ftirmalar Merkezi<\/title>\n<meta name=\"robots\" content=\"index, follow, max-snippet:-1, max-image-preview:large, max-video-preview:-1\" \/>\n<link rel=\"canonical\" href=\"https:\/\/akunq.net\/tr\/?p=59171\" \/>\n<meta property=\"og:locale\" content=\"en_US\" \/>\n<meta property=\"og:type\" content=\"article\" \/>\n<meta property=\"og:title\" content=\"Azerbaycan\u2019\u0131n ba\u015flatt\u0131\u011f\u0131 sava\u015fa ra\u011fmen Karaba\u011f\u2019da d\u00fc\u011f\u00fcn - Bati Ermenistan Ve Bati Ermenileri Sorunlari Ara\u015ftirmalar Merkezi\" \/>\n<meta property=\"og:description\" content=\"Azerbaycan\u2019\u0131n\u00a0Artsakh\u2019a (Da\u011fl\u0131k Karaba\u011f) kar\u015f\u0131 ba\u015flatt\u0131\u011f\u0131\u00a0sald\u0131r\u0131lara ra\u011fmen ba\u015fkent Stepanakert\u2019te Ermeni bir \u00e7iftin d\u00fc\u011f\u00fcn t\u00f6reni yap\u0131ld\u0131. Artsakh\u2019l\u0131 gazeteci Tsovinar Barkhudaryan sosyal medyada d\u00fc\u011f\u00fcn foto\u011fraflar\u0131 yay\u0131nlad\u0131. Gazeteci payla\u015f\u0131m\u0131nda \u015fu ifadelere yer verdi: \u201dArtsakh\u2019ta d\u00fc\u011f\u00fcn. Bu milleti yenmek imkans\u0131z.\u201d Hat\u0131rlanaca\u011f\u0131 \u00fczere\u00a027 Eyl\u00fcl tarihinde sabah 07:10 sular\u0131nda Azerbaycan silahl\u0131 kuvvetleri, Artsakh (Da\u011fl\u0131k Karaba\u011f) ile t\u00fcm cephe hatt\u0131 boyunca sald\u0131r\u0131ya ge\u00e7ti. [&hellip;]\" \/>\n<meta property=\"og:url\" content=\"https:\/\/akunq.net\/tr\/?p=59171\" \/>\n<meta property=\"og:site_name\" content=\"Bati Ermenistan Ve Bati Ermenileri Sorunlari Ara\u015ftirmalar Merkezi\" \/>\n<meta property=\"article:published_time\" content=\"2020-09-29T07:00:16+00:00\" \/>\n<meta property=\"og:image\" content=\"https:\/\/akunq.net\/tr\/wp-content\/uploads\/sites\/6\/2020\/09\/Karaba\u011f\u2019da-d\u00fc\u011f\u00fcn.jpeg\" \/>\n\t<meta property=\"og:image:width\" content=\"600\" \/>\n\t<meta property=\"og:image:height\" content=\"338\" \/>\n\t<meta property=\"og:image:type\" content=\"image\/jpeg\" \/>\n<meta name=\"author\" content=\"admin\" \/>\n<meta name=\"twitter:card\" content=\"summary_large_image\" \/>\n<meta name=\"twitter:label1\" content=\"Written by\" \/>\n\t<meta name=\"twitter:data1\" content=\"admin\" \/>\n\t<meta name=\"twitter:label2\" content=\"Est. reading time\" \/>\n\t<meta name=\"twitter:data2\" content=\"1 minute\" \/>\n<script type=\"application\/ld+json\" class=\"yoast-schema-graph\">{\"@context\":\"https:\\\/\\\/schema.org\",\"@graph\":[{\"@type\":\"Article\",\"@id\":\"https:\\\/\\\/akunq.net\\\/tr\\\/?p=59171#article\",\"isPartOf\":{\"@id\":\"https:\\\/\\\/akunq.net\\\/tr\\\/?p=59171\"},\"author\":{\"name\":\"admin\",\"@id\":\"https:\\\/\\\/akunq.net\\\/tr\\\/#\\\/schema\\\/person\\\/096f1d38a12cce57fb855b485ed24c9e\"},\"headline\":\"Azerbaycan\u2019\u0131n ba\u015flatt\u0131\u011f\u0131 sava\u015fa ra\u011fmen Karaba\u011f\u2019da d\u00fc\u011f\u00fcn\",\"datePublished\":\"2020-09-29T07:00:16+00:00\",\"mainEntityOfPage\":{\"@id\":\"https:\\\/\\\/akunq.net\\\/tr\\\/?p=59171\"},\"wordCount\":177,\"commentCount\":0,\"image\":{\"@id\":\"https:\\\/\\\/akunq.net\\\/tr\\\/?p=59171#primaryimage\"},\"thumbnailUrl\":\"https:\\\/\\\/akunq.net\\\/tr\\\/wp-content\\\/uploads\\\/sites\\\/6\\\/2020\\\/09\\\/Karaba\u011f\u2019da-d\u00fc\u011f\u00fcn.jpeg\",\"articleSection\":[\"Haberler\"],\"inLanguage\":\"en-US\",\"potentialAction\":[{\"@type\":\"CommentAction\",\"name\":\"Comment\",\"target\":[\"https:\\\/\\\/akunq.net\\\/tr\\\/?p=59171#respond\"]}]},{\"@type\":\"WebPage\",\"@id\":\"https:\\\/\\\/akunq.net\\\/tr\\\/?p=59171\",\"url\":\"https:\\\/\\\/akunq.net\\\/tr\\\/?p=59171\",\"name\":\"Azerbaycan\u2019\u0131n ba\u015flatt\u0131\u011f\u0131 sava\u015fa ra\u011fmen Karaba\u011f\u2019da d\u00fc\u011f\u00fcn - Bati Ermenistan Ve Bati Ermenileri Sorunlari Ara\u015ftirmalar Merkezi\",\"isPartOf\":{\"@id\":\"https:\\\/\\\/akunq.net\\\/tr\\\/#website\"},\"primaryImageOfPage\":{\"@id\":\"https:\\\/\\\/akunq.net\\\/tr\\\/?p=59171#primaryimage\"},\"image\":{\"@id\":\"https:\\\/\\\/akunq.net\\\/tr\\\/?p=59171#primaryimage\"},\"thumbnailUrl\":\"https:\\\/\\\/akunq.net\\\/tr\\\/wp-content\\\/uploads\\\/sites\\\/6\\\/2020\\\/09\\\/Karaba\u011f\u2019da-d\u00fc\u011f\u00fcn.jpeg\",\"datePublished\":\"2020-09-29T07:00:16+00:00\",\"author\":{\"@id\":\"https:\\\/\\\/akunq.net\\\/tr\\\/#\\\/schema\\\/person\\\/096f1d38a12cce57fb855b485ed24c9e\"},\"breadcrumb\":{\"@id\":\"https:\\\/\\\/akunq.net\\\/tr\\\/?p=59171#breadcrumb\"},\"inLanguage\":\"en-US\",\"potentialAction\":[{\"@type\":\"ReadAction\",\"target\":[\"https:\\\/\\\/akunq.net\\\/tr\\\/?p=59171\"]}]},{\"@type\":\"ImageObject\",\"inLanguage\":\"en-US\",\"@id\":\"https:\\\/\\\/akunq.net\\\/tr\\\/?p=59171#primaryimage\",\"url\":\"https:\\\/\\\/akunq.net\\\/tr\\\/wp-content\\\/uploads\\\/sites\\\/6\\\/2020\\\/09\\\/Karaba\u011f\u2019da-d\u00fc\u011f\u00fcn.jpeg\",\"contentUrl\":\"https:\\\/\\\/akunq.net\\\/tr\\\/wp-content\\\/uploads\\\/sites\\\/6\\\/2020\\\/09\\\/Karaba\u011f\u2019da-d\u00fc\u011f\u00fcn.jpeg\",\"width\":600,\"height\":338},{\"@type\":\"BreadcrumbList\",\"@id\":\"https:\\\/\\\/akunq.net\\\/tr\\\/?p=59171#breadcrumb\",\"itemListElement\":[{\"@type\":\"ListItem\",\"position\":1,\"name\":\"Home\",\"item\":\"https:\\\/\\\/akunq.net\\\/tr\"},{\"@type\":\"ListItem\",\"position\":2,\"name\":\"Azerbaycan\u2019\u0131n ba\u015flatt\u0131\u011f\u0131 sava\u015fa ra\u011fmen Karaba\u011f\u2019da d\u00fc\u011f\u00fcn\"}]},{\"@type\":\"WebSite\",\"@id\":\"https:\\\/\\\/akunq.net\\\/tr\\\/#website\",\"url\":\"https:\\\/\\\/akunq.net\\\/tr\\\/\",\"name\":\"Bati Ermenistan Ve Bati Ermenileri Sorunlari Ara\u015ftirmalar Merkezi\",\"description\":\"\",\"potentialAction\":[{\"@type\":\"SearchAction\",\"target\":{\"@type\":\"EntryPoint\",\"urlTemplate\":\"https:\\\/\\\/akunq.net\\\/tr\\\/?s={search_term_string}\"},\"query-input\":{\"@type\":\"PropertyValueSpecification\",\"valueRequired\":true,\"valueName\":\"search_term_string\"}}],\"inLanguage\":\"en-US\"},{\"@type\":\"Person\",\"@id\":\"https:\\\/\\\/akunq.net\\\/tr\\\/#\\\/schema\\\/person\\\/096f1d38a12cce57fb855b485ed24c9e\",\"name\":\"admin\",\"url\":\"https:\\\/\\\/akunq.net\\\/tr\\\/?author=7\"}]}<\/script>\n<!-- \/ Yoast SEO plugin. -->","yoast_head_json":{"title":"Azerbaycan\u2019\u0131n ba\u015flatt\u0131\u011f\u0131 sava\u015fa ra\u011fmen Karaba\u011f\u2019da d\u00fc\u011f\u00fcn - Bati Ermenistan Ve Bati Ermenileri Sorunlari Ara\u015ftirmalar Merkezi","robots":{"index":"index","follow":"follow","max-snippet":"max-snippet:-1","max-image-preview":"max-image-preview:large","max-video-preview":"max-video-preview:-1"},"canonical":"https:\/\/akunq.net\/tr\/?p=59171","og_locale":"en_US","og_type":"article","og_title":"Azerbaycan\u2019\u0131n ba\u015flatt\u0131\u011f\u0131 sava\u015fa ra\u011fmen Karaba\u011f\u2019da d\u00fc\u011f\u00fcn - Bati Ermenistan Ve Bati Ermenileri Sorunlari Ara\u015ftirmalar Merkezi","og_description":"Azerbaycan\u2019\u0131n\u00a0Artsakh\u2019a (Da\u011fl\u0131k Karaba\u011f) kar\u015f\u0131 ba\u015flatt\u0131\u011f\u0131\u00a0sald\u0131r\u0131lara ra\u011fmen ba\u015fkent Stepanakert\u2019te Ermeni bir \u00e7iftin d\u00fc\u011f\u00fcn t\u00f6reni yap\u0131ld\u0131. Artsakh\u2019l\u0131 gazeteci Tsovinar Barkhudaryan sosyal medyada d\u00fc\u011f\u00fcn foto\u011fraflar\u0131 yay\u0131nlad\u0131. Gazeteci payla\u015f\u0131m\u0131nda \u015fu ifadelere yer verdi: \u201dArtsakh\u2019ta d\u00fc\u011f\u00fcn. Bu milleti yenmek imkans\u0131z.\u201d Hat\u0131rlanaca\u011f\u0131 \u00fczere\u00a027 Eyl\u00fcl tarihinde sabah 07:10 sular\u0131nda Azerbaycan silahl\u0131 kuvvetleri, Artsakh (Da\u011fl\u0131k Karaba\u011f) ile t\u00fcm cephe hatt\u0131 boyunca sald\u0131r\u0131ya ge\u00e7ti. [&hellip;]","og_url":"https:\/\/akunq.net\/tr\/?p=59171","og_site_name":"Bati Ermenistan Ve Bati Ermenileri Sorunlari Ara\u015ftirmalar Merkezi","article_published_time":"2020-09-29T07:00:16+00:00","og_image":[{"width":600,"height":338,"url":"https:\/\/akunq.net\/tr\/wp-content\/uploads\/sites\/6\/2020\/09\/Karaba\u011f\u2019da-d\u00fc\u011f\u00fcn.jpeg","type":"image\/jpeg"}],"author":"admin","twitter_card":"summary_large_image","twitter_misc":{"Written by":"admin","Est. reading time":"1 minute"},"schema":{"@context":"https:\/\/schema.org","@graph":[{"@type":"Article","@id":"https:\/\/akunq.net\/tr\/?p=59171#article","isPartOf":{"@id":"https:\/\/akunq.net\/tr\/?p=59171"},"author":{"name":"admin","@id":"https:\/\/akunq.net\/tr\/#\/schema\/person\/096f1d38a12cce57fb855b485ed24c9e"},"headline":"Azerbaycan\u2019\u0131n ba\u015flatt\u0131\u011f\u0131 sava\u015fa ra\u011fmen Karaba\u011f\u2019da d\u00fc\u011f\u00fcn","datePublished":"2020-09-29T07:00:16+00:00","mainEntityOfPage":{"@id":"https:\/\/akunq.net\/tr\/?p=59171"},"wordCount":177,"commentCount":0,"image":{"@id":"https:\/\/akunq.net\/tr\/?p=59171#primaryimage"},"thumbnailUrl":"https:\/\/akunq.net\/tr\/wp-content\/uploads\/sites\/6\/2020\/09\/Karaba\u011f\u2019da-d\u00fc\u011f\u00fcn.jpeg","articleSection":["Haberler"],"inLanguage":"en-US","potentialAction":[{"@type":"CommentAction","name":"Comment","target":["https:\/\/akunq.net\/tr\/?p=59171#respond"]}]},{"@type":"WebPage","@id":"https:\/\/akunq.net\/tr\/?p=59171","url":"https:\/\/akunq.net\/tr\/?p=59171","name":"Azerbaycan\u2019\u0131n ba\u015flatt\u0131\u011f\u0131 sava\u015fa ra\u011fmen Karaba\u011f\u2019da d\u00fc\u011f\u00fcn - Bati Ermenistan Ve Bati Ermenileri Sorunlari Ara\u015ftirmalar Merkezi","isPartOf":{"@id":"https:\/\/akunq.net\/tr\/#website"},"primaryImageOfPage":{"@id":"https:\/\/akunq.net\/tr\/?p=59171#primaryimage"},"image":{"@id":"https:\/\/akunq.net\/tr\/?p=59171#primaryimage"},"thumbnailUrl":"https:\/\/akunq.net\/tr\/wp-content\/uploads\/sites\/6\/2020\/09\/Karaba\u011f\u2019da-d\u00fc\u011f\u00fcn.jpeg","datePublished":"2020-09-29T07:00:16+00:00","author":{"@id":"https:\/\/akunq.net\/tr\/#\/schema\/person\/096f1d38a12cce57fb855b485ed24c9e"},"breadcrumb":{"@id":"https:\/\/akunq.net\/tr\/?p=59171#breadcrumb"},"inLanguage":"en-US","potentialAction":[{"@type":"ReadAction","target":["https:\/\/akunq.net\/tr\/?p=59171"]}]},{"@type":"ImageObject","inLanguage":"en-US","@id":"https:\/\/akunq.net\/tr\/?p=59171#primaryimage","url":"https:\/\/akunq.net\/tr\/wp-content\/uploads\/sites\/6\/2020\/09\/Karaba\u011f\u2019da-d\u00fc\u011f\u00fcn.jpeg","contentUrl":"https:\/\/akunq.net\/tr\/wp-content\/uploads\/sites\/6\/2020\/09\/Karaba\u011f\u2019da-d\u00fc\u011f\u00fcn.jpeg","width":600,"height":338},{"@type":"BreadcrumbList","@id":"https:\/\/akunq.net\/tr\/?p=59171#breadcrumb","itemListElement":[{"@type":"ListItem","position":1,"name":"Home","item":"https:\/\/akunq.net\/tr"},{"@type":"ListItem","position":2,"name":"Azerbaycan\u2019\u0131n ba\u015flatt\u0131\u011f\u0131 sava\u015fa ra\u011fmen Karaba\u011f\u2019da d\u00fc\u011f\u00fcn"}]},{"@type":"WebSite","@id":"https:\/\/akunq.net\/tr\/#website","url":"https:\/\/akunq.net\/tr\/","name":"Bati Ermenistan Ve Bati Ermenileri Sorunlari Ara\u015ftirmalar Merkezi","description":"","potentialAction":[{"@type":"SearchAction","target":{"@type":"EntryPoint","urlTemplate":"https:\/\/akunq.net\/tr\/?s={search_term_string}"},"query-input":{"@type":"PropertyValueSpecification","valueRequired":true,"valueName":"search_term_string"}}],"inLanguage":"en-US"},{"@type":"Person","@id":"https:\/\/akunq.net\/tr\/#\/schema\/person\/096f1d38a12cce57fb855b485ed24c9e","name":"admin","url":"https:\/\/akunq.net\/tr\/?author=7"}]}},"_links":{"self":[{"href":"https:\/\/akunq.net\/tr\/index.php?rest_route=\/wp\/v2\/posts\/59171","targetHints":{"allow":["GET"]}}],"collection":[{"href":"https:\/\/akunq.net\/tr\/index.php?rest_route=\/wp\/v2\/posts"}],"about":[{"href":"https:\/\/akunq.net\/tr\/index.php?rest_route=\/wp\/v2\/types\/post"}],"author":[{"embeddable":true,"href":"https:\/\/akunq.net\/tr\/index.php?rest_route=\/wp\/v2\/users\/7"}],"replies":[{"embeddable":true,"href":"https:\/\/akunq.net\/tr\/index.php?rest_route=%2Fwp%2Fv2%2Fcomments&post=59171"}],"version-history":[{"count":1,"href":"https:\/\/akunq.net\/tr\/index.php?rest_route=\/wp\/v2\/posts\/59171\/revisions"}],"predecessor-version":[{"id":59173,"href":"https:\/\/akunq.net\/tr\/index.php?rest_route=\/wp\/v2\/posts\/59171\/revisions\/59173"}],"wp:featuredmedia":[{"embeddable":true,"href":"https:\/\/akunq.net\/tr\/index.php?rest_route=\/wp\/v2\/media\/59172"}],"wp:attachment":[{"href":"https:\/\/akunq.net\/tr\/index.php?rest_route=%2Fwp%2Fv2%2Fmedia&parent=59171"}],"wp:term":[{"taxonomy":"category","embeddable":true,"href":"https:\/\/akunq.net\/tr\/index.php?rest_route=%2Fwp%2Fv2%2Fcategories&post=59171"},{"taxonomy":"post_tag","embeddable":true,"href":"https:\/\/akunq.net\/tr\/index.php?rest_route=%2Fwp%2Fv2%2Ftags&post=59171"}],"curies":[{"name":"wp","href":"https:\/\/api.w.org\/{rel}","templated":true}]}}